{"id":135531,"date":"2022-08-03T18:31:24","date_gmt":"2022-08-03T16:31:24","guid":{"rendered":"https:\/\/www.bellunopress.it\/?p=135531"},"modified":"2022-08-03T18:31:24","modified_gmt":"2022-08-03T16:31:24","slug":"dolomiti-bellunesi-terzo-giorno-di-ritiro-a-san-vito-di-cadore-luca-piazzi-mentalita-vincente-e-intensita-ma-non-chiediamo-alla-squadra-di-vincere-il-campionato","status":"publish","type":"post","link":"https:\/\/www.bellunopress.it\/fr\/2022\/08\/03\/dolomiti-bellunesi-terzo-giorno-di-ritiro-a-san-vito-di-cadore-luca-piazzi-mentalita-vincente-e-intensita-ma-non-chiediamo-alla-squadra-di-vincere-il-campionato\/","title":{"rendered":"Dolomiti Bellunesi, terzo giorno di ritiro a San Vito di Cadore. Luca Piazzi: \u00abMentalit\u00e0 vincente e intensit\u00e0, ma non chiediamo alla squadra di vincere il campionato\u00bb"},"content":{"rendered":"<figure id=\"attachment_135532\" aria-describedby=\"caption-attachment-135532\" style=\"width: 1000px\" class=\"wp-caption alignleft\"><img loading=\"lazy\" decoding=\"async\" class=\"size-full wp-image-135532\" src=\"https:\/\/www.bellunopress.it\/wp-content\/uploads\/2022\/08\/I_vertici-SSD-Dolomiti-calcio-con-sindaco-S-Vito-Caruzzo_edited.jpg\" alt=\"\" width=\"1000\" height=\"564\" srcset=\"https:\/\/www.bellunopress.it\/wp-content\/uploads\/2022\/08\/I_vertici-SSD-Dolomiti-calcio-con-sindaco-S-Vito-Caruzzo_edited.jpg 1000w, https:\/\/www.bellunopress.it\/wp-content\/uploads\/2022\/08\/I_vertici-SSD-Dolomiti-calcio-con-sindaco-S-Vito-Caruzzo_edited-500x282.jpg 500w, https:\/\/www.bellunopress.it\/wp-content\/uploads\/2022\/08\/I_vertici-SSD-Dolomiti-calcio-con-sindaco-S-Vito-Caruzzo_edited-696x393.jpg 696w, https:\/\/www.bellunopress.it\/wp-content\/uploads\/2022\/08\/I_vertici-SSD-Dolomiti-calcio-con-sindaco-S-Vito-Caruzzo_edited-745x420.jpg 745w\" sizes=\"auto, (max-width: 1000px) 100vw, 1000px\" \/><figcaption id=\"caption-attachment-135532\" class=\"wp-caption-text\">I vertici SSD Dolomiti con il sindaco Caruzzo<\/figcaption><\/figure>\n<p>Prosegue con profitto, serenit\u00e0 ed entusiasmo il ritiro della SSD Dolomiti Bellunesi, a San Vito di Cadore. Alla seduta pomeridiana ha assistito pure il sindaco Emanuele Caruzzo: \u00abSiamo felici di ospitare la squadra della provincia. Spero che questa esperienza possa proseguire anche in futuro\u00bb. Nel frattempo, il gruppo affina la condizione, oltre che le conoscenze a livello tecnico-tattico, all&#8217;interno dello spogliatoio e al di fuori del rettangolo verde: \u00ab\u00c8 un buon periodo &#8211; afferma il direttore generale, Luca Piazzi -. I ragazzi stanno bene assieme e interpretano il lavoro quotidiano con lo spirito giusto\u00bb.<\/p>\n<p>BUDGET &#8211; Nell&#8217;allestire la rosa, il direttore ha seguito delle linee guida ben precise: \u00abAbbiamo prestato una particolare attenzione al rapporto qualit\u00e0-prezzo, cercando giocatori magari meno affermati, ma con un&#8217;et\u00e0 che permetta loro di avere ampi margini di crescita. Non giudico le societ\u00e0 che hanno impostato un determinato mercato, allestendo formazioni sulla carta pi\u00f9 forti della nostra, ma noi abbiamo deciso di investire buona parte del budget per creare una struttura societaria che, col tempo, dia la possibilit\u00e0 al club di rimanere in una categoria professionistica. E in modo sostenibile\u00bb. Il progetto, quindi, \u00e8 agli albori: \u00abL&#8217;obiettivo non \u00e8 quello di vincere subito il campionato, ma di iniziare un percorso orientato a salire di categoria, creando i presupposti organizzativi e infrastrutturali: come lo sviluppo dello stadio e dei centri sportivi. Ora siamo concentrati su questi aspetti e a migliorare la professionalit\u00e0\u00bb.<\/p>\n<p>MENTALIT\u00c0 &#8211; Nessun dubbio, la SSD Dolomiti Bellunesi scender\u00e0 in campo ogni domenica col coltello fra i denti: \u00abVogliamo creare una mentalit\u00e0 vincente &#8211; prosegue Piazzi -. L&#8217;ho gi\u00e0 dichiarato: proveremo a vincere qualsiasi partita. Questo non significa che poi le vinceremo tutte, ma che avremo il coraggio di provarci. E, per farlo, cercheremo di proporre un tipo di calcio che dia poco tempo e spazio agli avversari, ricercando un modello di gioco intenso e dominante\u00bb. E qui si intreccia la decisione di affidarsi a Lucio Brando: \u00abIl mister ha le caratteristiche che cercavamo. Siamo convinti che le sue idee siano aderenti alla nostra filosofia\u00bb.<\/p>\n<p>LAVORO &#8211; Tutto comunque parte dal lavoro: \u00abAllenarsi tanto non basta. Bisogna allenarsi bene. Solo cos\u00ec \u00e8 possibile formare atleti che saranno pronti, pi\u00f9 avanti, per il salto fra i grandi. In questo senso, vogliamo che le selezioni del settore giovanile abbiano un&#8217;impronta comune in termini di gioco. E, un domani, la portino in prima squadra\u00bb. La strada \u00e8 tracciata: \u00abSiamo dilettanti &#8211; conclude il direttore generale &#8211; ma vogliamo attuare un&#8217;idea di stampo professionistico. E far s\u00ec che il territorio si identifichi nella squadra: non necessariamente puntando sul concetto di &#8220;bellunesit\u00e0&#8221;. L&#8217;importante \u00e8 che i calciatori abbiano lo stesso pensiero, la stessa filosofia e lo stesso modo di intendere il calcio. E che a loro volta si identifichino nel club\u00bb.<\/p>","protected":false},"excerpt":{"rendered":"<p>Prosegue con profitto, serenit\u00e0 ed entusiasmo il ritiro della SSD Dolomiti Bellunesi, a San Vito di Cadore. Alla seduta pomeridiana ha assistito pure il sindaco Emanuele Caruzzo: \u00abSiamo felici di ospitare la squadra della provincia. Spero che questa esperienza possa proseguire anche in futuro\u00bb. Nel frattempo, il gruppo affina la condizione, oltre che le conoscenze [&hellip;]<\/p>\n","protected":false},"author":2,"featured_media":135532,"comment_status":"closed","ping_status":"open","sticky":false,"template":"","format":"standard","meta":{"footnotes":""},"categories":[4],"tags":[],"class_list":["post-135531","post","type-post","status-publish","format-standard","has-post-thumbnail","category-sport"],"yoast_head":"<!-- This site is optimized with the Yoast SEO plugin v28.4 - https:\/\/yoast.com\/product\/yoast-seo-wordpress\/ -->\n<title>Dolomiti Bellunesi, terzo giorno di ritiro a San Vito di Cadore. Luca Piazzi: \u00abMentalit\u00e0 vincente e intensit\u00e0, ma non chiediamo alla squadra di vincere il campionato\u00bb - Bellunopress - Dolomiti<\/title>\n<meta name=\"robots\" content=\"index, follow, max-snippet:-1, max-image-preview:large, max-video-preview:-1\" \/>\n<link rel=\"canonical\" href=\"https:\/\/www.bellunopress.it\/fr\/2022\/08\/03\/dolomiti-bellunesi-terzo-giorno-di-ritiro-a-san-vito-di-cadore-luca-piazzi-mentalita-vincente-e-intensita-ma-non-chiediamo-alla-squadra-di-vincere-il-campionato\/\" \/>\n<meta property=\"og:locale\" content=\"fr_FR\" \/>\n<meta property=\"og:type\" content=\"article\" \/>\n<meta property=\"og:title\" content=\"Dolomiti Bellunesi, terzo giorno di ritiro a San Vito di Cadore. Luca Piazzi: \u00abMentalit\u00e0 vincente e intensit\u00e0, ma non chiediamo alla squadra di vincere il campionato\u00bb - Bellunopress - Dolomiti\" \/>\n<meta property=\"og:description\" content=\"Prosegue con profitto, serenit\u00e0 ed entusiasmo il ritiro della SSD Dolomiti Bellunesi, a San Vito di Cadore. Alla seduta pomeridiana ha assistito pure il sindaco Emanuele Caruzzo: \u00abSiamo felici di ospitare la squadra della provincia. Spero che questa esperienza possa proseguire anche in futuro\u00bb. Nel frattempo, il gruppo affina la condizione, oltre che le conoscenze [&hellip;]\" \/>\n<meta property=\"og:url\" content=\"https:\/\/www.bellunopress.it\/fr\/2022\/08\/03\/dolomiti-bellunesi-terzo-giorno-di-ritiro-a-san-vito-di-cadore-luca-piazzi-mentalita-vincente-e-intensita-ma-non-chiediamo-alla-squadra-di-vincere-il-campionato\/\" \/>\n<meta property=\"og:site_name\" content=\"Bellunopress - Dolomiti\" \/>\n<meta property=\"article:publisher\" content=\"https:\/\/www.facebook.com\/profile.php?id=100008943462799\" \/>\n<meta property=\"article:published_time\" content=\"2022-08-03T16:31:24+00:00\" \/>\n<meta property=\"og:image\" content=\"https:\/\/www.bellunopress.it\/wp-content\/uploads\/2022\/08\/I_vertici-SSD-Dolomiti-calcio-con-sindaco-S-Vito-Caruzzo_edited.jpg\" \/>\n\t<meta property=\"og:image:width\" content=\"1000\" \/>\n\t<meta property=\"og:image:height\" content=\"564\" \/>\n\t<meta property=\"og:image:type\" content=\"image\/jpeg\" \/>\n<meta name=\"author\" content=\"redazione\" \/>\n<meta name=\"twitter:card\" content=\"summary_large_image\" \/>\n<meta name=\"twitter:creator\" content=\"@bellunopress\" \/>\n<meta name=\"twitter:site\" content=\"@bellunopress\" \/>\n<meta name=\"twitter:label1\" content=\"\u00c9crit par\" \/>\n\t<meta name=\"twitter:data1\" content=\"redazione\" \/>\n\t<meta name=\"twitter:label2\" content=\"Dur\u00e9e de lecture estim\u00e9e\" \/>\n\t<meta name=\"twitter:data2\" content=\"3 minutes\" \/>\n<script type=\"application\/ld+json\" class=\"yoast-schema-graph\">{\"@context\":\"https:\\\/\\\/schema.org\",\"@graph\":[{\"@type\":\"Article\",\"@id\":\"https:\\\/\\\/www.bellunopress.it\\\/2022\\\/08\\\/03\\\/dolomiti-bellunesi-terzo-giorno-di-ritiro-a-san-vito-di-cadore-luca-piazzi-mentalita-vincente-e-intensita-ma-non-chiediamo-alla-squadra-di-vincere-il-campionato\\\/#article\",\"isPartOf\":{\"@id\":\"https:\\\/\\\/www.bellunopress.it\\\/2022\\\/08\\\/03\\\/dolomiti-bellunesi-terzo-giorno-di-ritiro-a-san-vito-di-cadore-luca-piazzi-mentalita-vincente-e-intensita-ma-non-chiediamo-alla-squadra-di-vincere-il-campionato\\\/\"},\"author\":{\"name\":\"redazione\",\"@id\":\"https:\\\/\\\/www.bellunopress.it\\\/#\\\/schema\\\/person\\\/79bb06722b37ece1c03d3e94beb30d73\"},\"headline\":\"Dolomiti Bellunesi, terzo giorno di ritiro a San Vito di Cadore. Luca Piazzi: \u00abMentalit\u00e0 vincente e intensit\u00e0, ma non chiediamo alla squadra di vincere il campionato\u00bb\",\"datePublished\":\"2022-08-03T16:31:24+00:00\",\"mainEntityOfPage\":{\"@id\":\"https:\\\/\\\/www.bellunopress.it\\\/2022\\\/08\\\/03\\\/dolomiti-bellunesi-terzo-giorno-di-ritiro-a-san-vito-di-cadore-luca-piazzi-mentalita-vincente-e-intensita-ma-non-chiediamo-alla-squadra-di-vincere-il-campionato\\\/\"},\"wordCount\":505,\"publisher\":{\"@id\":\"https:\\\/\\\/www.bellunopress.it\\\/#organization\"},\"image\":{\"@id\":\"https:\\\/\\\/www.bellunopress.it\\\/2022\\\/08\\\/03\\\/dolomiti-bellunesi-terzo-giorno-di-ritiro-a-san-vito-di-cadore-luca-piazzi-mentalita-vincente-e-intensita-ma-non-chiediamo-alla-squadra-di-vincere-il-campionato\\\/#primaryimage\"},\"thumbnailUrl\":\"https:\\\/\\\/www.bellunopress.it\\\/wp-content\\\/uploads\\\/2022\\\/08\\\/I_vertici-SSD-Dolomiti-calcio-con-sindaco-S-Vito-Caruzzo_edited.jpg\",\"articleSection\":[\"Sport, tempo libero\"],\"inLanguage\":\"fr-FR\"},{\"@type\":\"WebPage\",\"@id\":\"https:\\\/\\\/www.bellunopress.it\\\/2022\\\/08\\\/03\\\/dolomiti-bellunesi-terzo-giorno-di-ritiro-a-san-vito-di-cadore-luca-piazzi-mentalita-vincente-e-intensita-ma-non-chiediamo-alla-squadra-di-vincere-il-campionato\\\/\",\"url\":\"https:\\\/\\\/www.bellunopress.it\\\/2022\\\/08\\\/03\\\/dolomiti-bellunesi-terzo-giorno-di-ritiro-a-san-vito-di-cadore-luca-piazzi-mentalita-vincente-e-intensita-ma-non-chiediamo-alla-squadra-di-vincere-il-campionato\\\/\",\"name\":\"Dolomiti Bellunesi, terzo giorno di ritiro a San Vito di Cadore. Luca Piazzi: \u00abMentalit\u00e0 vincente e intensit\u00e0, ma non chiediamo alla squadra di vincere il campionato\u00bb - Bellunopress - Dolomiti\",\"isPartOf\":{\"@id\":\"https:\\\/\\\/www.bellunopress.it\\\/#website\"},\"primaryImageOfPage\":{\"@id\":\"https:\\\/\\\/www.bellunopress.it\\\/2022\\\/08\\\/03\\\/dolomiti-bellunesi-terzo-giorno-di-ritiro-a-san-vito-di-cadore-luca-piazzi-mentalita-vincente-e-intensita-ma-non-chiediamo-alla-squadra-di-vincere-il-campionato\\\/#primaryimage\"},\"image\":{\"@id\":\"https:\\\/\\\/www.bellunopress.it\\\/2022\\\/08\\\/03\\\/dolomiti-bellunesi-terzo-giorno-di-ritiro-a-san-vito-di-cadore-luca-piazzi-mentalita-vincente-e-intensita-ma-non-chiediamo-alla-squadra-di-vincere-il-campionato\\\/#primaryimage\"},\"thumbnailUrl\":\"https:\\\/\\\/www.bellunopress.it\\\/wp-content\\\/uploads\\\/2022\\\/08\\\/I_vertici-SSD-Dolomiti-calcio-con-sindaco-S-Vito-Caruzzo_edited.jpg\",\"datePublished\":\"2022-08-03T16:31:24+00:00\",\"breadcrumb\":{\"@id\":\"https:\\\/\\\/www.bellunopress.it\\\/2022\\\/08\\\/03\\\/dolomiti-bellunesi-terzo-giorno-di-ritiro-a-san-vito-di-cadore-luca-piazzi-mentalita-vincente-e-intensita-ma-non-chiediamo-alla-squadra-di-vincere-il-campionato\\\/#breadcrumb\"},\"inLanguage\":\"fr-FR\",\"potentialAction\":[{\"@type\":\"ReadAction\",\"target\":[\"https:\\\/\\\/www.bellunopress.it\\\/2022\\\/08\\\/03\\\/dolomiti-bellunesi-terzo-giorno-di-ritiro-a-san-vito-di-cadore-luca-piazzi-mentalita-vincente-e-intensita-ma-non-chiediamo-alla-squadra-di-vincere-il-campionato\\\/\"]}]},{\"@type\":\"ImageObject\",\"inLanguage\":\"fr-FR\",\"@id\":\"https:\\\/\\\/www.bellunopress.it\\\/2022\\\/08\\\/03\\\/dolomiti-bellunesi-terzo-giorno-di-ritiro-a-san-vito-di-cadore-luca-piazzi-mentalita-vincente-e-intensita-ma-non-chiediamo-alla-squadra-di-vincere-il-campionato\\\/#primaryimage\",\"url\":\"https:\\\/\\\/www.bellunopress.it\\\/wp-content\\\/uploads\\\/2022\\\/08\\\/I_vertici-SSD-Dolomiti-calcio-con-sindaco-S-Vito-Caruzzo_edited.jpg\",\"contentUrl\":\"https:\\\/\\\/www.bellunopress.it\\\/wp-content\\\/uploads\\\/2022\\\/08\\\/I_vertici-SSD-Dolomiti-calcio-con-sindaco-S-Vito-Caruzzo_edited.jpg\",\"width\":1000,\"height\":564,\"caption\":\"I vertici SSD Dolomiti con il sindaco Caruzzo\"},{\"@type\":\"BreadcrumbList\",\"@id\":\"https:\\\/\\\/www.bellunopress.it\\\/2022\\\/08\\\/03\\\/dolomiti-bellunesi-terzo-giorno-di-ritiro-a-san-vito-di-cadore-luca-piazzi-mentalita-vincente-e-intensita-ma-non-chiediamo-alla-squadra-di-vincere-il-campionato\\\/#breadcrumb\",\"itemListElement\":[{\"@type\":\"ListItem\",\"position\":1,\"name\":\"Home\",\"item\":\"https:\\\/\\\/www.bellunopress.it\\\/\"},{\"@type\":\"ListItem\",\"position\":2,\"name\":\"Dolomiti Bellunesi, terzo giorno di ritiro a San Vito di Cadore. Luca Piazzi: \u00abMentalit\u00e0 vincente e intensit\u00e0, ma non chiediamo alla squadra di vincere il campionato\u00bb\"}]},{\"@type\":\"WebSite\",\"@id\":\"https:\\\/\\\/www.bellunopress.it\\\/#website\",\"url\":\"https:\\\/\\\/www.bellunopress.it\\\/\",\"name\":\"Bellunopress - Dolomiti\",\"description\":\"e-mail: redazione@bellunopress.it\",\"publisher\":{\"@id\":\"https:\\\/\\\/www.bellunopress.it\\\/#organization\"},\"potentialAction\":[{\"@type\":\"SearchAction\",\"target\":{\"@type\":\"EntryPoint\",\"urlTemplate\":\"https:\\\/\\\/www.bellunopress.it\\\/?s={search_term_string}\"},\"query-input\":{\"@type\":\"PropertyValueSpecification\",\"valueRequired\":true,\"valueName\":\"search_term_string\"}}],\"inLanguage\":\"fr-FR\"},{\"@type\":\"Organization\",\"@id\":\"https:\\\/\\\/www.bellunopress.it\\\/#organization\",\"name\":\"Bellunopress\",\"url\":\"https:\\\/\\\/www.bellunopress.it\\\/\",\"logo\":{\"@type\":\"ImageObject\",\"inLanguage\":\"fr-FR\",\"@id\":\"https:\\\/\\\/www.bellunopress.it\\\/#\\\/schema\\\/logo\\\/image\\\/\",\"url\":\"https:\\\/\\\/www.bellunopress.it\\\/wp-content\\\/uploads\\\/2011\\\/05\\\/cropped-logo-bellunopress-.jpg\",\"contentUrl\":\"https:\\\/\\\/www.bellunopress.it\\\/wp-content\\\/uploads\\\/2011\\\/05\\\/cropped-logo-bellunopress-.jpg\",\"width\":512,\"height\":512,\"caption\":\"Bellunopress\"},\"image\":{\"@id\":\"https:\\\/\\\/www.bellunopress.it\\\/#\\\/schema\\\/logo\\\/image\\\/\"},\"sameAs\":[\"https:\\\/\\\/www.facebook.com\\\/profile.php?id=100008943462799\",\"https:\\\/\\\/x.com\\\/bellunopress\",\"https:\\\/\\\/www.linkedin.com\\\/hp\\\/?dnr=JBzUWaJfMUw8vbXJJ2tVW5-I3jZKvC4wsoxE&amp;amp;amp;amp;amp;amp;trk=nav_responsive_tab_home\",\"https:\\\/\\\/www.youtube.com\\\/channel\\\/UCxL0wu1uN0_3_7hGG0306cw\"]},{\"@type\":\"Person\",\"@id\":\"https:\\\/\\\/www.bellunopress.it\\\/#\\\/schema\\\/person\\\/79bb06722b37ece1c03d3e94beb30d73\",\"name\":\"redazione\",\"image\":{\"@type\":\"ImageObject\",\"inLanguage\":\"fr-FR\",\"@id\":\"https:\\\/\\\/secure.gravatar.com\\\/avatar\\\/37d968a2e67a6fd04c169c4bdef102d0bc5d31b2546345219e348575eb80e9a0?s=96&d=mm&r=g\",\"url\":\"https:\\\/\\\/secure.gravatar.com\\\/avatar\\\/37d968a2e67a6fd04c169c4bdef102d0bc5d31b2546345219e348575eb80e9a0?s=96&d=mm&r=g\",\"contentUrl\":\"https:\\\/\\\/secure.gravatar.com\\\/avatar\\\/37d968a2e67a6fd04c169c4bdef102d0bc5d31b2546345219e348575eb80e9a0?s=96&d=mm&r=g\",\"caption\":\"redazione\"},\"sameAs\":[\"http:\\\/\\\/www.bellunopress.it\",\"https:\\\/\\\/x.com\\\/bellunopress\"],\"url\":\"https:\\\/\\\/www.bellunopress.it\\\/fr\\\/author\\\/redazione\\\/\"}]}<\/script>\n<!-- \/ Yoast SEO plugin. -->","yoast_head_json":{"title":"Dolomiti Bellunesi, terzo giorno di ritiro a San Vito di Cadore. Luca Piazzi: \u00abMentalit\u00e0 vincente e intensit\u00e0, ma non chiediamo alla squadra di vincere il campionato\u00bb - Bellunopress - Dolomiti","robots":{"index":"index","follow":"follow","max-snippet":"max-snippet:-1","max-image-preview":"max-image-preview:large","max-video-preview":"max-video-preview:-1"},"canonical":"https:\/\/www.bellunopress.it\/fr\/2022\/08\/03\/dolomiti-bellunesi-terzo-giorno-di-ritiro-a-san-vito-di-cadore-luca-piazzi-mentalita-vincente-e-intensita-ma-non-chiediamo-alla-squadra-di-vincere-il-campionato\/","og_locale":"fr_FR","og_type":"article","og_title":"Dolomiti Bellunesi, terzo giorno di ritiro a San Vito di Cadore. Luca Piazzi: \u00abMentalit\u00e0 vincente e intensit\u00e0, ma non chiediamo alla squadra di vincere il campionato\u00bb - Bellunopress - Dolomiti","og_description":"Prosegue con profitto, serenit\u00e0 ed entusiasmo il ritiro della SSD Dolomiti Bellunesi, a San Vito di Cadore. Alla seduta pomeridiana ha assistito pure il sindaco Emanuele Caruzzo: \u00abSiamo felici di ospitare la squadra della provincia. Spero che questa esperienza possa proseguire anche in futuro\u00bb. Nel frattempo, il gruppo affina la condizione, oltre che le conoscenze [&hellip;]","og_url":"https:\/\/www.bellunopress.it\/fr\/2022\/08\/03\/dolomiti-bellunesi-terzo-giorno-di-ritiro-a-san-vito-di-cadore-luca-piazzi-mentalita-vincente-e-intensita-ma-non-chiediamo-alla-squadra-di-vincere-il-campionato\/","og_site_name":"Bellunopress - Dolomiti","article_publisher":"https:\/\/www.facebook.com\/profile.php?id=100008943462799","article_published_time":"2022-08-03T16:31:24+00:00","og_image":[{"width":1000,"height":564,"url":"https:\/\/www.bellunopress.it\/wp-content\/uploads\/2022\/08\/I_vertici-SSD-Dolomiti-calcio-con-sindaco-S-Vito-Caruzzo_edited.jpg","type":"image\/jpeg"}],"author":"redazione","twitter_card":"summary_large_image","twitter_creator":"@bellunopress","twitter_site":"@bellunopress","twitter_misc":{"\u00c9crit par":"redazione","Dur\u00e9e de lecture estim\u00e9e":"3 minutes"},"schema":{"@context":"https:\/\/schema.org","@graph":[{"@type":"Article","@id":"https:\/\/www.bellunopress.it\/2022\/08\/03\/dolomiti-bellunesi-terzo-giorno-di-ritiro-a-san-vito-di-cadore-luca-piazzi-mentalita-vincente-e-intensita-ma-non-chiediamo-alla-squadra-di-vincere-il-campionato\/#article","isPartOf":{"@id":"https:\/\/www.bellunopress.it\/2022\/08\/03\/dolomiti-bellunesi-terzo-giorno-di-ritiro-a-san-vito-di-cadore-luca-piazzi-mentalita-vincente-e-intensita-ma-non-chiediamo-alla-squadra-di-vincere-il-campionato\/"},"author":{"name":"redazione","@id":"https:\/\/www.bellunopress.it\/#\/schema\/person\/79bb06722b37ece1c03d3e94beb30d73"},"headline":"Dolomiti Bellunesi, terzo giorno di ritiro a San Vito di Cadore. Luca Piazzi: \u00abMentalit\u00e0 vincente e intensit\u00e0, ma non chiediamo alla squadra di vincere il campionato\u00bb","datePublished":"2022-08-03T16:31:24+00:00","mainEntityOfPage":{"@id":"https:\/\/www.bellunopress.it\/2022\/08\/03\/dolomiti-bellunesi-terzo-giorno-di-ritiro-a-san-vito-di-cadore-luca-piazzi-mentalita-vincente-e-intensita-ma-non-chiediamo-alla-squadra-di-vincere-il-campionato\/"},"wordCount":505,"publisher":{"@id":"https:\/\/www.bellunopress.it\/#organization"},"image":{"@id":"https:\/\/www.bellunopress.it\/2022\/08\/03\/dolomiti-bellunesi-terzo-giorno-di-ritiro-a-san-vito-di-cadore-luca-piazzi-mentalita-vincente-e-intensita-ma-non-chiediamo-alla-squadra-di-vincere-il-campionato\/#primaryimage"},"thumbnailUrl":"https:\/\/www.bellunopress.it\/wp-content\/uploads\/2022\/08\/I_vertici-SSD-Dolomiti-calcio-con-sindaco-S-Vito-Caruzzo_edited.jpg","articleSection":["Sport, tempo libero"],"inLanguage":"fr-FR"},{"@type":"WebPage","@id":"https:\/\/www.bellunopress.it\/2022\/08\/03\/dolomiti-bellunesi-terzo-giorno-di-ritiro-a-san-vito-di-cadore-luca-piazzi-mentalita-vincente-e-intensita-ma-non-chiediamo-alla-squadra-di-vincere-il-campionato\/","url":"https:\/\/www.bellunopress.it\/2022\/08\/03\/dolomiti-bellunesi-terzo-giorno-di-ritiro-a-san-vito-di-cadore-luca-piazzi-mentalita-vincente-e-intensita-ma-non-chiediamo-alla-squadra-di-vincere-il-campionato\/","name":"Dolomiti Bellunesi, terzo giorno di ritiro a San Vito di Cadore. Luca Piazzi: \u00abMentalit\u00e0 vincente e intensit\u00e0, ma non chiediamo alla squadra di vincere il campionato\u00bb - Bellunopress - Dolomiti","isPartOf":{"@id":"https:\/\/www.bellunopress.it\/#website"},"primaryImageOfPage":{"@id":"https:\/\/www.bellunopress.it\/2022\/08\/03\/dolomiti-bellunesi-terzo-giorno-di-ritiro-a-san-vito-di-cadore-luca-piazzi-mentalita-vincente-e-intensita-ma-non-chiediamo-alla-squadra-di-vincere-il-campionato\/#primaryimage"},"image":{"@id":"https:\/\/www.bellunopress.it\/2022\/08\/03\/dolomiti-bellunesi-terzo-giorno-di-ritiro-a-san-vito-di-cadore-luca-piazzi-mentalita-vincente-e-intensita-ma-non-chiediamo-alla-squadra-di-vincere-il-campionato\/#primaryimage"},"thumbnailUrl":"https:\/\/www.bellunopress.it\/wp-content\/uploads\/2022\/08\/I_vertici-SSD-Dolomiti-calcio-con-sindaco-S-Vito-Caruzzo_edited.jpg","datePublished":"2022-08-03T16:31:24+00:00","breadcrumb":{"@id":"https:\/\/www.bellunopress.it\/2022\/08\/03\/dolomiti-bellunesi-terzo-giorno-di-ritiro-a-san-vito-di-cadore-luca-piazzi-mentalita-vincente-e-intensita-ma-non-chiediamo-alla-squadra-di-vincere-il-campionato\/#breadcrumb"},"inLanguage":"fr-FR","potentialAction":[{"@type":"ReadAction","target":["https:\/\/www.bellunopress.it\/2022\/08\/03\/dolomiti-bellunesi-terzo-giorno-di-ritiro-a-san-vito-di-cadore-luca-piazzi-mentalita-vincente-e-intensita-ma-non-chiediamo-alla-squadra-di-vincere-il-campionato\/"]}]},{"@type":"ImageObject","inLanguage":"fr-FR","@id":"https:\/\/www.bellunopress.it\/2022\/08\/03\/dolomiti-bellunesi-terzo-giorno-di-ritiro-a-san-vito-di-cadore-luca-piazzi-mentalita-vincente-e-intensita-ma-non-chiediamo-alla-squadra-di-vincere-il-campionato\/#primaryimage","url":"https:\/\/www.bellunopress.it\/wp-content\/uploads\/2022\/08\/I_vertici-SSD-Dolomiti-calcio-con-sindaco-S-Vito-Caruzzo_edited.jpg","contentUrl":"https:\/\/www.bellunopress.it\/wp-content\/uploads\/2022\/08\/I_vertici-SSD-Dolomiti-calcio-con-sindaco-S-Vito-Caruzzo_edited.jpg","width":1000,"height":564,"caption":"I vertici SSD Dolomiti con il sindaco Caruzzo"},{"@type":"BreadcrumbList","@id":"https:\/\/www.bellunopress.it\/2022\/08\/03\/dolomiti-bellunesi-terzo-giorno-di-ritiro-a-san-vito-di-cadore-luca-piazzi-mentalita-vincente-e-intensita-ma-non-chiediamo-alla-squadra-di-vincere-il-campionato\/#breadcrumb","itemListElement":[{"@type":"ListItem","position":1,"name":"Home","item":"https:\/\/www.bellunopress.it\/"},{"@type":"ListItem","position":2,"name":"Dolomiti Bellunesi, terzo giorno di ritiro a San Vito di Cadore. Luca Piazzi: \u00abMentalit\u00e0 vincente e intensit\u00e0, ma non chiediamo alla squadra di vincere il campionato\u00bb"}]},{"@type":"WebSite","@id":"https:\/\/www.bellunopress.it\/#website","url":"https:\/\/www.bellunopress.it\/","name":"Bellunopress - Dolomiti","description":"e-mail: redazione@bellunopress.it","publisher":{"@id":"https:\/\/www.bellunopress.it\/#organization"},"potentialAction":[{"@type":"SearchAction","target":{"@type":"EntryPoint","urlTemplate":"https:\/\/www.bellunopress.it\/?s={search_term_string}"},"query-input":{"@type":"PropertyValueSpecification","valueRequired":true,"valueName":"search_term_string"}}],"inLanguage":"fr-FR"},{"@type":"Organization","@id":"https:\/\/www.bellunopress.it\/#organization","name":"Bellunopress","url":"https:\/\/www.bellunopress.it\/","logo":{"@type":"ImageObject","inLanguage":"fr-FR","@id":"https:\/\/www.bellunopress.it\/#\/schema\/logo\/image\/","url":"https:\/\/www.bellunopress.it\/wp-content\/uploads\/2011\/05\/cropped-logo-bellunopress-.jpg","contentUrl":"https:\/\/www.bellunopress.it\/wp-content\/uploads\/2011\/05\/cropped-logo-bellunopress-.jpg","width":512,"height":512,"caption":"Bellunopress"},"image":{"@id":"https:\/\/www.bellunopress.it\/#\/schema\/logo\/image\/"},"sameAs":["https:\/\/www.facebook.com\/profile.php?id=100008943462799","https:\/\/x.com\/bellunopress","https:\/\/www.linkedin.com\/hp\/?dnr=JBzUWaJfMUw8vbXJJ2tVW5-I3jZKvC4wsoxE&amp;amp;amp;amp;amp;amp;trk=nav_responsive_tab_home","https:\/\/www.youtube.com\/channel\/UCxL0wu1uN0_3_7hGG0306cw"]},{"@type":"Person","@id":"https:\/\/www.bellunopress.it\/#\/schema\/person\/79bb06722b37ece1c03d3e94beb30d73","name":"r\u00e9daction","image":{"@type":"ImageObject","inLanguage":"fr-FR","@id":"https:\/\/secure.gravatar.com\/avatar\/37d968a2e67a6fd04c169c4bdef102d0bc5d31b2546345219e348575eb80e9a0?s=96&d=mm&r=g","url":"https:\/\/secure.gravatar.com\/avatar\/37d968a2e67a6fd04c169c4bdef102d0bc5d31b2546345219e348575eb80e9a0?s=96&d=mm&r=g","contentUrl":"https:\/\/secure.gravatar.com\/avatar\/37d968a2e67a6fd04c169c4bdef102d0bc5d31b2546345219e348575eb80e9a0?s=96&d=mm&r=g","caption":"redazione"},"sameAs":["http:\/\/www.bellunopress.it","https:\/\/x.com\/bellunopress"],"url":"https:\/\/www.bellunopress.it\/fr\/author\/redazione\/"}]}},"_links":{"self":[{"href":"https:\/\/www.bellunopress.it\/fr\/wp-json\/wp\/v2\/posts\/135531","targetHints":{"allow":["GET"]}}],"collection":[{"href":"https:\/\/www.bellunopress.it\/fr\/wp-json\/wp\/v2\/posts"}],"about":[{"href":"https:\/\/www.bellunopress.it\/fr\/wp-json\/wp\/v2\/types\/post"}],"author":[{"embeddable":true,"href":"https:\/\/www.bellunopress.it\/fr\/wp-json\/wp\/v2\/users\/2"}],"replies":[{"embeddable":true,"href":"https:\/\/www.bellunopress.it\/fr\/wp-json\/wp\/v2\/comments?post=135531"}],"version-history":[{"count":1,"href":"https:\/\/www.bellunopress.it\/fr\/wp-json\/wp\/v2\/posts\/135531\/revisions"}],"predecessor-version":[{"id":135533,"href":"https:\/\/www.bellunopress.it\/fr\/wp-json\/wp\/v2\/posts\/135531\/revisions\/135533"}],"wp:featuredmedia":[{"embeddable":true,"href":"https:\/\/www.bellunopress.it\/fr\/wp-json\/wp\/v2\/media\/135532"}],"wp:attachment":[{"href":"https:\/\/www.bellunopress.it\/fr\/wp-json\/wp\/v2\/media?parent=135531"}],"wp:term":[{"taxonomy":"category","embeddable":true,"href":"https:\/\/www.bellunopress.it\/fr\/wp-json\/wp\/v2\/categories?post=135531"},{"taxonomy":"post_tag","embeddable":true,"href":"https:\/\/www.bellunopress.it\/fr\/wp-json\/wp\/v2\/tags?post=135531"}],"curies":[{"name":"wp","href":"https:\/\/api.w.org\/{rel}","templated":true}]}}