{"id":135527,"date":"2022-08-03T10:27:57","date_gmt":"2022-08-03T08:27:57","guid":{"rendered":"https:\/\/www.bellunopress.it\/?p=135527"},"modified":"2022-08-03T10:27:57","modified_gmt":"2022-08-03T08:27:57","slug":"dolomiti-bus-cerca-meccanici-conducenti-e-un-magazziniere-per-lofficina-di-belluno-prosegue-il-progetto-di-formazione-per-conducenti","status":"publish","type":"post","link":"https:\/\/www.bellunopress.it\/fr\/2022\/08\/03\/dolomiti-bus-cerca-meccanici-conducenti-e-un-magazziniere-per-lofficina-di-belluno-prosegue-il-progetto-di-formazione-per-conducenti\/","title":{"rendered":"Dolomiti Bus cerca meccanici, conducenti e un magazziniere per l&#8217;officina di Belluno. Prosegue il progetto di formazione per conducenti"},"content":{"rendered":"<p><img loading=\"lazy\" decoding=\"async\" class=\"alignleft size-full wp-image-123902\" src=\"https:\/\/www.bellunopress.it\/wp-content\/uploads\/2021\/04\/dolomitibus_edited.jpg\" alt=\"\" width=\"1000\" height=\"692\" srcset=\"https:\/\/www.bellunopress.it\/wp-content\/uploads\/2021\/04\/dolomitibus_edited.jpg 1000w, https:\/\/www.bellunopress.it\/wp-content\/uploads\/2021\/04\/dolomitibus_edited-500x346.jpg 500w, https:\/\/www.bellunopress.it\/wp-content\/uploads\/2021\/04\/dolomitibus_edited-218x150.jpg 218w, https:\/\/www.bellunopress.it\/wp-content\/uploads\/2021\/04\/dolomitibus_edited-696x482.jpg 696w, https:\/\/www.bellunopress.it\/wp-content\/uploads\/2021\/04\/dolomitibus_edited-607x420.jpg 607w, https:\/\/www.bellunopress.it\/wp-content\/uploads\/2021\/04\/dolomitibus_edited-100x70.jpg 100w\" sizes=\"auto, (max-width: 1000px) 100vw, 1000px\" \/>Dolomiti Bus, azienda di trasporto pubblico locale del Bellunese, offre nuove opportunit\u00e0 di lavoro. Oltre all&#8217;Academy per formare nuovi conducenti di linea, ha aperto nuove posizioni. E cerca meccanici per operare nell&#8217;officina di Belluno.<\/p>\n<p>I requisiti minimi richiesti sono: licenza media ed esperienza da meccanico di almeno un anno. Sono richieste anche competenze informatiche nell&#8217;utilizzo di software di diagnostica e conoscenza di strumenti informatici come tablet e altri terminali. Le posizioni aperte sono per un impiego full-time su turno a giornata da luned\u00ec a venerd\u00ec, pi\u00f9 sabato mattina a rotazione.<\/p>\n<p>Inoltre, \u00e8 attiva anche la selezione per un posto da magazziniere per officina meccanica. In questo caso, \u00e8 richiesta l&#8217;esperienza di almeno un anno nell&#8217;ambito di acquisti, di ricezione\/stoccaggio, di inventario e di magazzino. I candidati ambosessi possono inviare il loro curriculum vitae, con inclusa l&#8217;autorizzazione al trattamento dei dati personali via e-mail a: cv@dolomitibus.it inserendo nell&#8217;oggetto &#8220;magazziniere&#8221; oppure &#8220;meccanici&#8221;.<\/p>\n<p>Continua nel frattempo anche il progetto Academy, finalizzato all&#8217;assunzione di giovani autisti bellunesi attraverso un patto con il territorio. Dolomiti Bus si fa carico delle spese per il percorso formativo presso le autoscuole convenzionate, per il conseguimento dei titoli necessari allo svolgimento della mansione di autista (patente D e CQC). Nel frattempo, i nuovi giovani assunti saranno inseriti con mansioni differenti all&#8217;interno dell&#8217;azienda.<\/p>\n<p>\u00abIn questo modo \u00e8 possibile far crescere parallelamente giovani motivati a lavorare sul territorio, a servizio del trasporto pubblico, e anche l&#8217;azienda\u00bb spiega l&#8217;amministratore delegato di Dolomiti Bus Stefano Rossi. \u00abSiamo un&#8217;azienda del territorio e siamo sempre ben lieti non solo di garantire un servizio in termini di mobilit\u00e0 e trasporto, ma anche di dare un&#8217;opportunit\u00e0 di lavoro\u00bb.<\/p>\n<p>Parallelamente all&#8217;Academy, restano aperte posizioni per autisti gi\u00e0 in possesso dei titoli.<\/p>\n<p>&nbsp;<\/p>","protected":false},"excerpt":{"rendered":"<p>Dolomiti Bus, azienda di trasporto pubblico locale del Bellunese, offre nuove opportunit\u00e0 di lavoro. Oltre all&#8217;Academy per formare nuovi conducenti di linea, ha aperto nuove posizioni. E cerca meccanici per operare nell&#8217;officina di Belluno. I requisiti minimi richiesti sono: licenza media ed esperienza da meccanico di almeno un anno. Sono richieste anche competenze informatiche nell&#8217;utilizzo [&hellip;]<\/p>\n","protected":false},"author":2,"featured_media":118324,"comment_status":"closed","ping_status":"open","sticky":false,"template":"","format":"standard","meta":{"footnotes":""},"categories":[36],"tags":[],"class_list":["post-135527","post","type-post","status-publish","format-standard","has-post-thumbnail","category-lavoro-economia"],"yoast_head":"<!-- This site is optimized with the Yoast SEO plugin v28.4 - https:\/\/yoast.com\/product\/yoast-seo-wordpress\/ -->\n<title>Dolomiti Bus cerca meccanici, conducenti e un magazziniere per l&#039;officina di Belluno. Prosegue il progetto di formazione per conducenti - Bellunopress - Dolomiti<\/title>\n<meta name=\"robots\" content=\"index, follow, max-snippet:-1, max-image-preview:large, max-video-preview:-1\" \/>\n<link rel=\"canonical\" href=\"https:\/\/www.bellunopress.it\/fr\/2022\/08\/03\/dolomiti-bus-cerca-meccanici-conducenti-e-un-magazziniere-per-lofficina-di-belluno-prosegue-il-progetto-di-formazione-per-conducenti\/\" \/>\n<meta property=\"og:locale\" content=\"fr_FR\" \/>\n<meta property=\"og:type\" content=\"article\" \/>\n<meta property=\"og:title\" content=\"Dolomiti Bus cerca meccanici, conducenti e un magazziniere per l&#039;officina di Belluno. Prosegue il progetto di formazione per conducenti - Bellunopress - Dolomiti\" \/>\n<meta property=\"og:description\" content=\"Dolomiti Bus, azienda di trasporto pubblico locale del Bellunese, offre nuove opportunit\u00e0 di lavoro. Oltre all&#8217;Academy per formare nuovi conducenti di linea, ha aperto nuove posizioni. E cerca meccanici per operare nell&#8217;officina di Belluno. I requisiti minimi richiesti sono: licenza media ed esperienza da meccanico di almeno un anno. Sono richieste anche competenze informatiche nell&#8217;utilizzo [&hellip;]\" \/>\n<meta property=\"og:url\" content=\"https:\/\/www.bellunopress.it\/fr\/2022\/08\/03\/dolomiti-bus-cerca-meccanici-conducenti-e-un-magazziniere-per-lofficina-di-belluno-prosegue-il-progetto-di-formazione-per-conducenti\/\" \/>\n<meta property=\"og:site_name\" content=\"Bellunopress - Dolomiti\" \/>\n<meta property=\"article:publisher\" content=\"https:\/\/www.facebook.com\/profile.php?id=100008943462799\" \/>\n<meta property=\"article:published_time\" content=\"2022-08-03T08:27:57+00:00\" \/>\n<meta property=\"og:image\" content=\"https:\/\/www.bellunopress.it\/wp-content\/uploads\/2020\/10\/dolomitibus_edited.jpg\" \/>\n\t<meta property=\"og:image:width\" content=\"800\" \/>\n\t<meta property=\"og:image:height\" content=\"600\" \/>\n\t<meta property=\"og:image:type\" content=\"image\/jpeg\" \/>\n<meta name=\"author\" content=\"redazione\" \/>\n<meta name=\"twitter:card\" content=\"summary_large_image\" \/>\n<meta name=\"twitter:creator\" content=\"@bellunopress\" \/>\n<meta name=\"twitter:site\" content=\"@bellunopress\" \/>\n<meta name=\"twitter:label1\" content=\"\u00c9crit par\" \/>\n\t<meta name=\"twitter:data1\" content=\"redazione\" \/>\n\t<meta name=\"twitter:label2\" content=\"Dur\u00e9e de lecture estim\u00e9e\" \/>\n\t<meta name=\"twitter:data2\" content=\"2 minutes\" \/>\n<script type=\"application\/ld+json\" class=\"yoast-schema-graph\">{\"@context\":\"https:\\\/\\\/schema.org\",\"@graph\":[{\"@type\":\"Article\",\"@id\":\"https:\\\/\\\/www.bellunopress.it\\\/2022\\\/08\\\/03\\\/dolomiti-bus-cerca-meccanici-conducenti-e-un-magazziniere-per-lofficina-di-belluno-prosegue-il-progetto-di-formazione-per-conducenti\\\/#article\",\"isPartOf\":{\"@id\":\"https:\\\/\\\/www.bellunopress.it\\\/2022\\\/08\\\/03\\\/dolomiti-bus-cerca-meccanici-conducenti-e-un-magazziniere-per-lofficina-di-belluno-prosegue-il-progetto-di-formazione-per-conducenti\\\/\"},\"author\":{\"name\":\"redazione\",\"@id\":\"https:\\\/\\\/www.bellunopress.it\\\/#\\\/schema\\\/person\\\/79bb06722b37ece1c03d3e94beb30d73\"},\"headline\":\"Dolomiti Bus cerca meccanici, conducenti e un magazziniere per l&#8217;officina di Belluno. Prosegue il progetto di formazione per conducenti\",\"datePublished\":\"2022-08-03T08:27:57+00:00\",\"mainEntityOfPage\":{\"@id\":\"https:\\\/\\\/www.bellunopress.it\\\/2022\\\/08\\\/03\\\/dolomiti-bus-cerca-meccanici-conducenti-e-un-magazziniere-per-lofficina-di-belluno-prosegue-il-progetto-di-formazione-per-conducenti\\\/\"},\"wordCount\":319,\"publisher\":{\"@id\":\"https:\\\/\\\/www.bellunopress.it\\\/#organization\"},\"image\":{\"@id\":\"https:\\\/\\\/www.bellunopress.it\\\/2022\\\/08\\\/03\\\/dolomiti-bus-cerca-meccanici-conducenti-e-un-magazziniere-per-lofficina-di-belluno-prosegue-il-progetto-di-formazione-per-conducenti\\\/#primaryimage\"},\"thumbnailUrl\":\"https:\\\/\\\/www.bellunopress.it\\\/wp-content\\\/uploads\\\/2020\\\/10\\\/dolomitibus_edited.jpg\",\"articleSection\":[\"Lavoro, Economia, Turismo\"],\"inLanguage\":\"fr-FR\"},{\"@type\":\"WebPage\",\"@id\":\"https:\\\/\\\/www.bellunopress.it\\\/2022\\\/08\\\/03\\\/dolomiti-bus-cerca-meccanici-conducenti-e-un-magazziniere-per-lofficina-di-belluno-prosegue-il-progetto-di-formazione-per-conducenti\\\/\",\"url\":\"https:\\\/\\\/www.bellunopress.it\\\/2022\\\/08\\\/03\\\/dolomiti-bus-cerca-meccanici-conducenti-e-un-magazziniere-per-lofficina-di-belluno-prosegue-il-progetto-di-formazione-per-conducenti\\\/\",\"name\":\"Dolomiti Bus cerca meccanici, conducenti e un magazziniere per l'officina di Belluno. Prosegue il progetto di formazione per conducenti - Bellunopress - Dolomiti\",\"isPartOf\":{\"@id\":\"https:\\\/\\\/www.bellunopress.it\\\/#website\"},\"primaryImageOfPage\":{\"@id\":\"https:\\\/\\\/www.bellunopress.it\\\/2022\\\/08\\\/03\\\/dolomiti-bus-cerca-meccanici-conducenti-e-un-magazziniere-per-lofficina-di-belluno-prosegue-il-progetto-di-formazione-per-conducenti\\\/#primaryimage\"},\"image\":{\"@id\":\"https:\\\/\\\/www.bellunopress.it\\\/2022\\\/08\\\/03\\\/dolomiti-bus-cerca-meccanici-conducenti-e-un-magazziniere-per-lofficina-di-belluno-prosegue-il-progetto-di-formazione-per-conducenti\\\/#primaryimage\"},\"thumbnailUrl\":\"https:\\\/\\\/www.bellunopress.it\\\/wp-content\\\/uploads\\\/2020\\\/10\\\/dolomitibus_edited.jpg\",\"datePublished\":\"2022-08-03T08:27:57+00:00\",\"breadcrumb\":{\"@id\":\"https:\\\/\\\/www.bellunopress.it\\\/2022\\\/08\\\/03\\\/dolomiti-bus-cerca-meccanici-conducenti-e-un-magazziniere-per-lofficina-di-belluno-prosegue-il-progetto-di-formazione-per-conducenti\\\/#breadcrumb\"},\"inLanguage\":\"fr-FR\",\"potentialAction\":[{\"@type\":\"ReadAction\",\"target\":[\"https:\\\/\\\/www.bellunopress.it\\\/2022\\\/08\\\/03\\\/dolomiti-bus-cerca-meccanici-conducenti-e-un-magazziniere-per-lofficina-di-belluno-prosegue-il-progetto-di-formazione-per-conducenti\\\/\"]}]},{\"@type\":\"ImageObject\",\"inLanguage\":\"fr-FR\",\"@id\":\"https:\\\/\\\/www.bellunopress.it\\\/2022\\\/08\\\/03\\\/dolomiti-bus-cerca-meccanici-conducenti-e-un-magazziniere-per-lofficina-di-belluno-prosegue-il-progetto-di-formazione-per-conducenti\\\/#primaryimage\",\"url\":\"https:\\\/\\\/www.bellunopress.it\\\/wp-content\\\/uploads\\\/2020\\\/10\\\/dolomitibus_edited.jpg\",\"contentUrl\":\"https:\\\/\\\/www.bellunopress.it\\\/wp-content\\\/uploads\\\/2020\\\/10\\\/dolomitibus_edited.jpg\",\"width\":800,\"height\":600},{\"@type\":\"BreadcrumbList\",\"@id\":\"https:\\\/\\\/www.bellunopress.it\\\/2022\\\/08\\\/03\\\/dolomiti-bus-cerca-meccanici-conducenti-e-un-magazziniere-per-lofficina-di-belluno-prosegue-il-progetto-di-formazione-per-conducenti\\\/#breadcrumb\",\"itemListElement\":[{\"@type\":\"ListItem\",\"position\":1,\"name\":\"Home\",\"item\":\"https:\\\/\\\/www.bellunopress.it\\\/\"},{\"@type\":\"ListItem\",\"position\":2,\"name\":\"Dolomiti Bus cerca meccanici, conducenti e un magazziniere per l&#8217;officina di Belluno. Prosegue il progetto di formazione per conducenti\"}]},{\"@type\":\"WebSite\",\"@id\":\"https:\\\/\\\/www.bellunopress.it\\\/#website\",\"url\":\"https:\\\/\\\/www.bellunopress.it\\\/\",\"name\":\"Bellunopress - Dolomiti\",\"description\":\"e-mail: redazione@bellunopress.it\",\"publisher\":{\"@id\":\"https:\\\/\\\/www.bellunopress.it\\\/#organization\"},\"potentialAction\":[{\"@type\":\"SearchAction\",\"target\":{\"@type\":\"EntryPoint\",\"urlTemplate\":\"https:\\\/\\\/www.bellunopress.it\\\/?s={search_term_string}\"},\"query-input\":{\"@type\":\"PropertyValueSpecification\",\"valueRequired\":true,\"valueName\":\"search_term_string\"}}],\"inLanguage\":\"fr-FR\"},{\"@type\":\"Organization\",\"@id\":\"https:\\\/\\\/www.bellunopress.it\\\/#organization\",\"name\":\"Bellunopress\",\"url\":\"https:\\\/\\\/www.bellunopress.it\\\/\",\"logo\":{\"@type\":\"ImageObject\",\"inLanguage\":\"fr-FR\",\"@id\":\"https:\\\/\\\/www.bellunopress.it\\\/#\\\/schema\\\/logo\\\/image\\\/\",\"url\":\"https:\\\/\\\/www.bellunopress.it\\\/wp-content\\\/uploads\\\/2011\\\/05\\\/cropped-logo-bellunopress-.jpg\",\"contentUrl\":\"https:\\\/\\\/www.bellunopress.it\\\/wp-content\\\/uploads\\\/2011\\\/05\\\/cropped-logo-bellunopress-.jpg\",\"width\":512,\"height\":512,\"caption\":\"Bellunopress\"},\"image\":{\"@id\":\"https:\\\/\\\/www.bellunopress.it\\\/#\\\/schema\\\/logo\\\/image\\\/\"},\"sameAs\":[\"https:\\\/\\\/www.facebook.com\\\/profile.php?id=100008943462799\",\"https:\\\/\\\/x.com\\\/bellunopress\",\"https:\\\/\\\/www.linkedin.com\\\/hp\\\/?dnr=JBzUWaJfMUw8vbXJJ2tVW5-I3jZKvC4wsoxE&amp;amp;amp;amp;amp;amp;trk=nav_responsive_tab_home\",\"https:\\\/\\\/www.youtube.com\\\/channel\\\/UCxL0wu1uN0_3_7hGG0306cw\"]},{\"@type\":\"Person\",\"@id\":\"https:\\\/\\\/www.bellunopress.it\\\/#\\\/schema\\\/person\\\/79bb06722b37ece1c03d3e94beb30d73\",\"name\":\"redazione\",\"image\":{\"@type\":\"ImageObject\",\"inLanguage\":\"fr-FR\",\"@id\":\"https:\\\/\\\/secure.gravatar.com\\\/avatar\\\/37d968a2e67a6fd04c169c4bdef102d0bc5d31b2546345219e348575eb80e9a0?s=96&d=mm&r=g\",\"url\":\"https:\\\/\\\/secure.gravatar.com\\\/avatar\\\/37d968a2e67a6fd04c169c4bdef102d0bc5d31b2546345219e348575eb80e9a0?s=96&d=mm&r=g\",\"contentUrl\":\"https:\\\/\\\/secure.gravatar.com\\\/avatar\\\/37d968a2e67a6fd04c169c4bdef102d0bc5d31b2546345219e348575eb80e9a0?s=96&d=mm&r=g\",\"caption\":\"redazione\"},\"sameAs\":[\"http:\\\/\\\/www.bellunopress.it\",\"https:\\\/\\\/x.com\\\/bellunopress\"],\"url\":\"https:\\\/\\\/www.bellunopress.it\\\/fr\\\/author\\\/redazione\\\/\"}]}<\/script>\n<!-- \/ Yoast SEO plugin. -->","yoast_head_json":{"title":"Dolomiti Bus cerca meccanici, conducenti e un magazziniere per l'officina di Belluno. Prosegue il progetto di formazione per conducenti - Bellunopress - Dolomiti","robots":{"index":"index","follow":"follow","max-snippet":"max-snippet:-1","max-image-preview":"max-image-preview:large","max-video-preview":"max-video-preview:-1"},"canonical":"https:\/\/www.bellunopress.it\/fr\/2022\/08\/03\/dolomiti-bus-cerca-meccanici-conducenti-e-un-magazziniere-per-lofficina-di-belluno-prosegue-il-progetto-di-formazione-per-conducenti\/","og_locale":"fr_FR","og_type":"article","og_title":"Dolomiti Bus cerca meccanici, conducenti e un magazziniere per l'officina di Belluno. Prosegue il progetto di formazione per conducenti - Bellunopress - Dolomiti","og_description":"Dolomiti Bus, azienda di trasporto pubblico locale del Bellunese, offre nuove opportunit\u00e0 di lavoro. Oltre all&#8217;Academy per formare nuovi conducenti di linea, ha aperto nuove posizioni. E cerca meccanici per operare nell&#8217;officina di Belluno. I requisiti minimi richiesti sono: licenza media ed esperienza da meccanico di almeno un anno. Sono richieste anche competenze informatiche nell&#8217;utilizzo [&hellip;]","og_url":"https:\/\/www.bellunopress.it\/fr\/2022\/08\/03\/dolomiti-bus-cerca-meccanici-conducenti-e-un-magazziniere-per-lofficina-di-belluno-prosegue-il-progetto-di-formazione-per-conducenti\/","og_site_name":"Bellunopress - Dolomiti","article_publisher":"https:\/\/www.facebook.com\/profile.php?id=100008943462799","article_published_time":"2022-08-03T08:27:57+00:00","og_image":[{"width":800,"height":600,"url":"https:\/\/www.bellunopress.it\/wp-content\/uploads\/2020\/10\/dolomitibus_edited.jpg","type":"image\/jpeg"}],"author":"redazione","twitter_card":"summary_large_image","twitter_creator":"@bellunopress","twitter_site":"@bellunopress","twitter_misc":{"\u00c9crit par":"redazione","Dur\u00e9e de lecture estim\u00e9e":"2 minutes"},"schema":{"@context":"https:\/\/schema.org","@graph":[{"@type":"Article","@id":"https:\/\/www.bellunopress.it\/2022\/08\/03\/dolomiti-bus-cerca-meccanici-conducenti-e-un-magazziniere-per-lofficina-di-belluno-prosegue-il-progetto-di-formazione-per-conducenti\/#article","isPartOf":{"@id":"https:\/\/www.bellunopress.it\/2022\/08\/03\/dolomiti-bus-cerca-meccanici-conducenti-e-un-magazziniere-per-lofficina-di-belluno-prosegue-il-progetto-di-formazione-per-conducenti\/"},"author":{"name":"redazione","@id":"https:\/\/www.bellunopress.it\/#\/schema\/person\/79bb06722b37ece1c03d3e94beb30d73"},"headline":"Dolomiti Bus cerca meccanici, conducenti e un magazziniere per l&#8217;officina di Belluno. Prosegue il progetto di formazione per conducenti","datePublished":"2022-08-03T08:27:57+00:00","mainEntityOfPage":{"@id":"https:\/\/www.bellunopress.it\/2022\/08\/03\/dolomiti-bus-cerca-meccanici-conducenti-e-un-magazziniere-per-lofficina-di-belluno-prosegue-il-progetto-di-formazione-per-conducenti\/"},"wordCount":319,"publisher":{"@id":"https:\/\/www.bellunopress.it\/#organization"},"image":{"@id":"https:\/\/www.bellunopress.it\/2022\/08\/03\/dolomiti-bus-cerca-meccanici-conducenti-e-un-magazziniere-per-lofficina-di-belluno-prosegue-il-progetto-di-formazione-per-conducenti\/#primaryimage"},"thumbnailUrl":"https:\/\/www.bellunopress.it\/wp-content\/uploads\/2020\/10\/dolomitibus_edited.jpg","articleSection":["Lavoro, Economia, Turismo"],"inLanguage":"fr-FR"},{"@type":"WebPage","@id":"https:\/\/www.bellunopress.it\/2022\/08\/03\/dolomiti-bus-cerca-meccanici-conducenti-e-un-magazziniere-per-lofficina-di-belluno-prosegue-il-progetto-di-formazione-per-conducenti\/","url":"https:\/\/www.bellunopress.it\/2022\/08\/03\/dolomiti-bus-cerca-meccanici-conducenti-e-un-magazziniere-per-lofficina-di-belluno-prosegue-il-progetto-di-formazione-per-conducenti\/","name":"Dolomiti Bus cerca meccanici, conducenti e un magazziniere per l'officina di Belluno. Prosegue il progetto di formazione per conducenti - Bellunopress - Dolomiti","isPartOf":{"@id":"https:\/\/www.bellunopress.it\/#website"},"primaryImageOfPage":{"@id":"https:\/\/www.bellunopress.it\/2022\/08\/03\/dolomiti-bus-cerca-meccanici-conducenti-e-un-magazziniere-per-lofficina-di-belluno-prosegue-il-progetto-di-formazione-per-conducenti\/#primaryimage"},"image":{"@id":"https:\/\/www.bellunopress.it\/2022\/08\/03\/dolomiti-bus-cerca-meccanici-conducenti-e-un-magazziniere-per-lofficina-di-belluno-prosegue-il-progetto-di-formazione-per-conducenti\/#primaryimage"},"thumbnailUrl":"https:\/\/www.bellunopress.it\/wp-content\/uploads\/2020\/10\/dolomitibus_edited.jpg","datePublished":"2022-08-03T08:27:57+00:00","breadcrumb":{"@id":"https:\/\/www.bellunopress.it\/2022\/08\/03\/dolomiti-bus-cerca-meccanici-conducenti-e-un-magazziniere-per-lofficina-di-belluno-prosegue-il-progetto-di-formazione-per-conducenti\/#breadcrumb"},"inLanguage":"fr-FR","potentialAction":[{"@type":"ReadAction","target":["https:\/\/www.bellunopress.it\/2022\/08\/03\/dolomiti-bus-cerca-meccanici-conducenti-e-un-magazziniere-per-lofficina-di-belluno-prosegue-il-progetto-di-formazione-per-conducenti\/"]}]},{"@type":"ImageObject","inLanguage":"fr-FR","@id":"https:\/\/www.bellunopress.it\/2022\/08\/03\/dolomiti-bus-cerca-meccanici-conducenti-e-un-magazziniere-per-lofficina-di-belluno-prosegue-il-progetto-di-formazione-per-conducenti\/#primaryimage","url":"https:\/\/www.bellunopress.it\/wp-content\/uploads\/2020\/10\/dolomitibus_edited.jpg","contentUrl":"https:\/\/www.bellunopress.it\/wp-content\/uploads\/2020\/10\/dolomitibus_edited.jpg","width":800,"height":600},{"@type":"BreadcrumbList","@id":"https:\/\/www.bellunopress.it\/2022\/08\/03\/dolomiti-bus-cerca-meccanici-conducenti-e-un-magazziniere-per-lofficina-di-belluno-prosegue-il-progetto-di-formazione-per-conducenti\/#breadcrumb","itemListElement":[{"@type":"ListItem","position":1,"name":"Home","item":"https:\/\/www.bellunopress.it\/"},{"@type":"ListItem","position":2,"name":"Dolomiti Bus cerca meccanici, conducenti e un magazziniere per l&#8217;officina di Belluno. Prosegue il progetto di formazione per conducenti"}]},{"@type":"WebSite","@id":"https:\/\/www.bellunopress.it\/#website","url":"https:\/\/www.bellunopress.it\/","name":"Bellunopress - Dolomiti","description":"e-mail: redazione@bellunopress.it","publisher":{"@id":"https:\/\/www.bellunopress.it\/#organization"},"potentialAction":[{"@type":"SearchAction","target":{"@type":"EntryPoint","urlTemplate":"https:\/\/www.bellunopress.it\/?s={search_term_string}"},"query-input":{"@type":"PropertyValueSpecification","valueRequired":true,"valueName":"search_term_string"}}],"inLanguage":"fr-FR"},{"@type":"Organization","@id":"https:\/\/www.bellunopress.it\/#organization","name":"Bellunopress","url":"https:\/\/www.bellunopress.it\/","logo":{"@type":"ImageObject","inLanguage":"fr-FR","@id":"https:\/\/www.bellunopress.it\/#\/schema\/logo\/image\/","url":"https:\/\/www.bellunopress.it\/wp-content\/uploads\/2011\/05\/cropped-logo-bellunopress-.jpg","contentUrl":"https:\/\/www.bellunopress.it\/wp-content\/uploads\/2011\/05\/cropped-logo-bellunopress-.jpg","width":512,"height":512,"caption":"Bellunopress"},"image":{"@id":"https:\/\/www.bellunopress.it\/#\/schema\/logo\/image\/"},"sameAs":["https:\/\/www.facebook.com\/profile.php?id=100008943462799","https:\/\/x.com\/bellunopress","https:\/\/www.linkedin.com\/hp\/?dnr=JBzUWaJfMUw8vbXJJ2tVW5-I3jZKvC4wsoxE&amp;amp;amp;amp;amp;amp;trk=nav_responsive_tab_home","https:\/\/www.youtube.com\/channel\/UCxL0wu1uN0_3_7hGG0306cw"]},{"@type":"Person","@id":"https:\/\/www.bellunopress.it\/#\/schema\/person\/79bb06722b37ece1c03d3e94beb30d73","name":"r\u00e9daction","image":{"@type":"ImageObject","inLanguage":"fr-FR","@id":"https:\/\/secure.gravatar.com\/avatar\/37d968a2e67a6fd04c169c4bdef102d0bc5d31b2546345219e348575eb80e9a0?s=96&d=mm&r=g","url":"https:\/\/secure.gravatar.com\/avatar\/37d968a2e67a6fd04c169c4bdef102d0bc5d31b2546345219e348575eb80e9a0?s=96&d=mm&r=g","contentUrl":"https:\/\/secure.gravatar.com\/avatar\/37d968a2e67a6fd04c169c4bdef102d0bc5d31b2546345219e348575eb80e9a0?s=96&d=mm&r=g","caption":"redazione"},"sameAs":["http:\/\/www.bellunopress.it","https:\/\/x.com\/bellunopress"],"url":"https:\/\/www.bellunopress.it\/fr\/author\/redazione\/"}]}},"_links":{"self":[{"href":"https:\/\/www.bellunopress.it\/fr\/wp-json\/wp\/v2\/posts\/135527","targetHints":{"allow":["GET"]}}],"collection":[{"href":"https:\/\/www.bellunopress.it\/fr\/wp-json\/wp\/v2\/posts"}],"about":[{"href":"https:\/\/www.bellunopress.it\/fr\/wp-json\/wp\/v2\/types\/post"}],"author":[{"embeddable":true,"href":"https:\/\/www.bellunopress.it\/fr\/wp-json\/wp\/v2\/users\/2"}],"replies":[{"embeddable":true,"href":"https:\/\/www.bellunopress.it\/fr\/wp-json\/wp\/v2\/comments?post=135527"}],"version-history":[{"count":1,"href":"https:\/\/www.bellunopress.it\/fr\/wp-json\/wp\/v2\/posts\/135527\/revisions"}],"predecessor-version":[{"id":135528,"href":"https:\/\/www.bellunopress.it\/fr\/wp-json\/wp\/v2\/posts\/135527\/revisions\/135528"}],"wp:featuredmedia":[{"embeddable":true,"href":"https:\/\/www.bellunopress.it\/fr\/wp-json\/wp\/v2\/media\/118324"}],"wp:attachment":[{"href":"https:\/\/www.bellunopress.it\/fr\/wp-json\/wp\/v2\/media?parent=135527"}],"wp:term":[{"taxonomy":"category","embeddable":true,"href":"https:\/\/www.bellunopress.it\/fr\/wp-json\/wp\/v2\/categories?post=135527"},{"taxonomy":"post_tag","embeddable":true,"href":"https:\/\/www.bellunopress.it\/fr\/wp-json\/wp\/v2\/tags?post=135527"}],"curies":[{"name":"wp","href":"https:\/\/api.w.org\/{rel}","templated":true}]}}