{"id":135519,"date":"2022-08-02T21:05:37","date_gmt":"2022-08-02T19:05:37","guid":{"rendered":"https:\/\/www.bellunopress.it\/?p=135519"},"modified":"2022-08-02T21:07:14","modified_gmt":"2022-08-02T19:07:14","slug":"luciano-bassi-e-paolo-luciani-alla-commemorazione-di-bologna-per-la-strage-del-2-agosto-1980","status":"publish","type":"post","link":"https:\/\/www.bellunopress.it\/fr\/2022\/08\/02\/luciano-bassi-e-paolo-luciani-alla-commemorazione-di-bologna-per-la-strage-del-2-agosto-1980\/","title":{"rendered":"Luciano Bassi e Paolo Luciani alla commemorazione di Bologna per la strage del 2 agosto 1980"},"content":{"rendered":"<figure id=\"attachment_135520\" aria-describedby=\"caption-attachment-135520\" style=\"width: 817px\" class=\"wp-caption alignleft\"><img loading=\"lazy\" decoding=\"async\" class=\"size-full wp-image-135520\" src=\"https:\/\/www.bellunopress.it\/wp-content\/uploads\/2022\/08\/Luciani-Bassi-Paolo-Luciani-a-Bologna_edited.jpg\" alt=\"\" width=\"817\" height=\"1000\" srcset=\"https:\/\/www.bellunopress.it\/wp-content\/uploads\/2022\/08\/Luciani-Bassi-Paolo-Luciani-a-Bologna_edited.jpg 817w, https:\/\/www.bellunopress.it\/wp-content\/uploads\/2022\/08\/Luciani-Bassi-Paolo-Luciani-a-Bologna_edited-409x500.jpg 409w, https:\/\/www.bellunopress.it\/wp-content\/uploads\/2022\/08\/Luciani-Bassi-Paolo-Luciani-a-Bologna_edited-696x852.jpg 696w, https:\/\/www.bellunopress.it\/wp-content\/uploads\/2022\/08\/Luciani-Bassi-Paolo-Luciani-a-Bologna_edited-343x420.jpg 343w\" sizes=\"auto, (max-width: 817px) 100vw, 817px\" \/><figcaption id=\"caption-attachment-135520\" class=\"wp-caption-text\">Luciano Bassi, presidente del consiglio comunale di Belluno e Paolo Luciani, assessore alla commemorazione per la strage di Bologna del 2 agosto 1980<\/figcaption><\/figure>\n<p>Bologna 2 agosto 2022 &#8211; Il presidente del consiglio comunale di Belluno Luciano Bassi e l&#8217;assessore Paolo Luciani, hanno presenziato oggi a Bologna alla commemorazione delle vittime per la strage del 2 agosto del 1980.\u00a0 L&#8217;attentato terroristico di Bologna di 42 anni fa, segu\u00ec ad una serie di episodi analoghi che insanguinarono l&#8217;Italia negli anni della cosiddetta &#8220;strategia della tensione&#8221;: strage di piazza Fontana il 12 dicembre 1969, strage di piazza della Loggia il 28 maggio 1974, strage del treno Italicus il 4 agosto 1974. Il 2 agosto del 1980 alle 10:25 a Bologna persero la vita 85 persone, tra cui donne, bambini, anziani, persone inermi, la pi\u00f9 piccola delle vittime, Angela Fresu, aveva solo tre anni.<br \/>\nIl portale della Regione Emilia Romagna riporta le informazioni relative a quanti caddero quel giorno (<a href=\"https:\/\/www.assemblea.emr.it\/cantiere-due-agosto\/biografia-delle-vittime\">https:\/\/www.assemblea.emr.it\/cantiere-due-agosto\/biografia-delle-vittime<\/a>).<\/p>","protected":false},"excerpt":{"rendered":"<p>Bologna 2 agosto 2022 &#8211; Il presidente del consiglio comunale di Belluno Luciano Bassi e l&#8217;assessore Paolo Luciani, hanno presenziato oggi a Bologna alla commemorazione delle vittime per la strage del 2 agosto del 1980.\u00a0 L&#8217;attentato terroristico di Bologna di 42 anni fa, segu\u00ec ad una serie di episodi analoghi che insanguinarono l&#8217;Italia negli anni [&hellip;]<\/p>\n","protected":false},"author":2,"featured_media":135520,"comment_status":"closed","ping_status":"open","sticky":false,"template":"","format":"standard","meta":{"footnotes":""},"categories":[5,26,8],"tags":[],"class_list":["post-135519","post","type-post","status-publish","format-standard","has-post-thumbnail","category-cronaca","category-prima-pagina","category-societa-istituzioni"],"yoast_head":"<!-- This site is optimized with the Yoast SEO plugin v28.4 - https:\/\/yoast.com\/product\/yoast-seo-wordpress\/ -->\n<title>Luciano Bassi e Paolo Luciani alla commemorazione di Bologna per la strage del 2 agosto 1980 - Bellunopress - Dolomiti<\/title>\n<meta name=\"robots\" content=\"index, follow, max-snippet:-1, max-image-preview:large, max-video-preview:-1\" \/>\n<link rel=\"canonical\" href=\"https:\/\/www.bellunopress.it\/fr\/2022\/08\/02\/luciano-bassi-e-paolo-luciani-alla-commemorazione-di-bologna-per-la-strage-del-2-agosto-1980\/\" \/>\n<meta property=\"og:locale\" content=\"fr_FR\" \/>\n<meta property=\"og:type\" content=\"article\" \/>\n<meta property=\"og:title\" content=\"Luciano Bassi e Paolo Luciani alla commemorazione di Bologna per la strage del 2 agosto 1980 - Bellunopress - Dolomiti\" \/>\n<meta property=\"og:description\" content=\"Bologna 2 agosto 2022 &#8211; Il presidente del consiglio comunale di Belluno Luciano Bassi e l&#8217;assessore Paolo Luciani, hanno presenziato oggi a Bologna alla commemorazione delle vittime per la strage del 2 agosto del 1980.\u00a0 L&#8217;attentato terroristico di Bologna di 42 anni fa, segu\u00ec ad una serie di episodi analoghi che insanguinarono l&#8217;Italia negli anni [&hellip;]\" \/>\n<meta property=\"og:url\" content=\"https:\/\/www.bellunopress.it\/fr\/2022\/08\/02\/luciano-bassi-e-paolo-luciani-alla-commemorazione-di-bologna-per-la-strage-del-2-agosto-1980\/\" \/>\n<meta property=\"og:site_name\" content=\"Bellunopress - Dolomiti\" \/>\n<meta property=\"article:publisher\" content=\"https:\/\/www.facebook.com\/profile.php?id=100008943462799\" \/>\n<meta property=\"article:published_time\" content=\"2022-08-02T19:05:37+00:00\" \/>\n<meta property=\"article:modified_time\" content=\"2022-08-02T19:07:14+00:00\" \/>\n<meta property=\"og:image\" content=\"https:\/\/www.bellunopress.it\/wp-content\/uploads\/2022\/08\/Luciani-Bassi-Paolo-Luciani-a-Bologna_edited.jpg\" \/>\n\t<meta property=\"og:image:width\" content=\"817\" \/>\n\t<meta property=\"og:image:height\" content=\"1000\" \/>\n\t<meta property=\"og:image:type\" content=\"image\/jpeg\" \/>\n<meta name=\"author\" content=\"redazione\" \/>\n<meta name=\"twitter:card\" content=\"summary_large_image\" \/>\n<meta name=\"twitter:creator\" content=\"@bellunopress\" \/>\n<meta name=\"twitter:site\" content=\"@bellunopress\" \/>\n<meta name=\"twitter:label1\" content=\"\u00c9crit par\" \/>\n\t<meta name=\"twitter:data1\" content=\"redazione\" \/>\n\t<meta name=\"twitter:label2\" content=\"Dur\u00e9e de lecture estim\u00e9e\" \/>\n\t<meta name=\"twitter:data2\" content=\"2 minutes\" \/>\n<script type=\"application\/ld+json\" class=\"yoast-schema-graph\">{\"@context\":\"https:\\\/\\\/schema.org\",\"@graph\":[{\"@type\":\"Article\",\"@id\":\"https:\\\/\\\/www.bellunopress.it\\\/2022\\\/08\\\/02\\\/luciano-bassi-e-paolo-luciani-alla-commemorazione-di-bologna-per-la-strage-del-2-agosto-1980\\\/#article\",\"isPartOf\":{\"@id\":\"https:\\\/\\\/www.bellunopress.it\\\/2022\\\/08\\\/02\\\/luciano-bassi-e-paolo-luciani-alla-commemorazione-di-bologna-per-la-strage-del-2-agosto-1980\\\/\"},\"author\":{\"name\":\"redazione\",\"@id\":\"https:\\\/\\\/www.bellunopress.it\\\/#\\\/schema\\\/person\\\/79bb06722b37ece1c03d3e94beb30d73\"},\"headline\":\"Luciano Bassi e Paolo Luciani alla commemorazione di Bologna per la strage del 2 agosto 1980\",\"datePublished\":\"2022-08-02T19:05:37+00:00\",\"dateModified\":\"2022-08-02T19:07:14+00:00\",\"mainEntityOfPage\":{\"@id\":\"https:\\\/\\\/www.bellunopress.it\\\/2022\\\/08\\\/02\\\/luciano-bassi-e-paolo-luciani-alla-commemorazione-di-bologna-per-la-strage-del-2-agosto-1980\\\/\"},\"wordCount\":169,\"publisher\":{\"@id\":\"https:\\\/\\\/www.bellunopress.it\\\/#organization\"},\"image\":{\"@id\":\"https:\\\/\\\/www.bellunopress.it\\\/2022\\\/08\\\/02\\\/luciano-bassi-e-paolo-luciani-alla-commemorazione-di-bologna-per-la-strage-del-2-agosto-1980\\\/#primaryimage\"},\"thumbnailUrl\":\"https:\\\/\\\/www.bellunopress.it\\\/wp-content\\\/uploads\\\/2022\\\/08\\\/Luciani-Bassi-Paolo-Luciani-a-Bologna_edited.jpg\",\"articleSection\":[\"Cronaca\\\/Politica\",\"Prima Pagina\",\"Societ\u00e0, Associazioni, Istituzioni\"],\"inLanguage\":\"fr-FR\"},{\"@type\":\"WebPage\",\"@id\":\"https:\\\/\\\/www.bellunopress.it\\\/2022\\\/08\\\/02\\\/luciano-bassi-e-paolo-luciani-alla-commemorazione-di-bologna-per-la-strage-del-2-agosto-1980\\\/\",\"url\":\"https:\\\/\\\/www.bellunopress.it\\\/2022\\\/08\\\/02\\\/luciano-bassi-e-paolo-luciani-alla-commemorazione-di-bologna-per-la-strage-del-2-agosto-1980\\\/\",\"name\":\"Luciano Bassi e Paolo Luciani alla commemorazione di Bologna per la strage del 2 agosto 1980 - Bellunopress - Dolomiti\",\"isPartOf\":{\"@id\":\"https:\\\/\\\/www.bellunopress.it\\\/#website\"},\"primaryImageOfPage\":{\"@id\":\"https:\\\/\\\/www.bellunopress.it\\\/2022\\\/08\\\/02\\\/luciano-bassi-e-paolo-luciani-alla-commemorazione-di-bologna-per-la-strage-del-2-agosto-1980\\\/#primaryimage\"},\"image\":{\"@id\":\"https:\\\/\\\/www.bellunopress.it\\\/2022\\\/08\\\/02\\\/luciano-bassi-e-paolo-luciani-alla-commemorazione-di-bologna-per-la-strage-del-2-agosto-1980\\\/#primaryimage\"},\"thumbnailUrl\":\"https:\\\/\\\/www.bellunopress.it\\\/wp-content\\\/uploads\\\/2022\\\/08\\\/Luciani-Bassi-Paolo-Luciani-a-Bologna_edited.jpg\",\"datePublished\":\"2022-08-02T19:05:37+00:00\",\"dateModified\":\"2022-08-02T19:07:14+00:00\",\"breadcrumb\":{\"@id\":\"https:\\\/\\\/www.bellunopress.it\\\/2022\\\/08\\\/02\\\/luciano-bassi-e-paolo-luciani-alla-commemorazione-di-bologna-per-la-strage-del-2-agosto-1980\\\/#breadcrumb\"},\"inLanguage\":\"fr-FR\",\"potentialAction\":[{\"@type\":\"ReadAction\",\"target\":[\"https:\\\/\\\/www.bellunopress.it\\\/2022\\\/08\\\/02\\\/luciano-bassi-e-paolo-luciani-alla-commemorazione-di-bologna-per-la-strage-del-2-agosto-1980\\\/\"]}]},{\"@type\":\"ImageObject\",\"inLanguage\":\"fr-FR\",\"@id\":\"https:\\\/\\\/www.bellunopress.it\\\/2022\\\/08\\\/02\\\/luciano-bassi-e-paolo-luciani-alla-commemorazione-di-bologna-per-la-strage-del-2-agosto-1980\\\/#primaryimage\",\"url\":\"https:\\\/\\\/www.bellunopress.it\\\/wp-content\\\/uploads\\\/2022\\\/08\\\/Luciani-Bassi-Paolo-Luciani-a-Bologna_edited.jpg\",\"contentUrl\":\"https:\\\/\\\/www.bellunopress.it\\\/wp-content\\\/uploads\\\/2022\\\/08\\\/Luciani-Bassi-Paolo-Luciani-a-Bologna_edited.jpg\",\"width\":817,\"height\":1000,\"caption\":\"Luciano Bassi, presidente del consiglio comunale di Belluno e Paolo Luciani, assessore alla commemorazione per la strage di Bologna del 2 agosto 1980\"},{\"@type\":\"BreadcrumbList\",\"@id\":\"https:\\\/\\\/www.bellunopress.it\\\/2022\\\/08\\\/02\\\/luciano-bassi-e-paolo-luciani-alla-commemorazione-di-bologna-per-la-strage-del-2-agosto-1980\\\/#breadcrumb\",\"itemListElement\":[{\"@type\":\"ListItem\",\"position\":1,\"name\":\"Home\",\"item\":\"https:\\\/\\\/www.bellunopress.it\\\/\"},{\"@type\":\"ListItem\",\"position\":2,\"name\":\"Luciano Bassi e Paolo Luciani alla commemorazione di Bologna per la strage del 2 agosto 1980\"}]},{\"@type\":\"WebSite\",\"@id\":\"https:\\\/\\\/www.bellunopress.it\\\/#website\",\"url\":\"https:\\\/\\\/www.bellunopress.it\\\/\",\"name\":\"Bellunopress - Dolomiti\",\"description\":\"e-mail: redazione@bellunopress.it\",\"publisher\":{\"@id\":\"https:\\\/\\\/www.bellunopress.it\\\/#organization\"},\"potentialAction\":[{\"@type\":\"SearchAction\",\"target\":{\"@type\":\"EntryPoint\",\"urlTemplate\":\"https:\\\/\\\/www.bellunopress.it\\\/?s={search_term_string}\"},\"query-input\":{\"@type\":\"PropertyValueSpecification\",\"valueRequired\":true,\"valueName\":\"search_term_string\"}}],\"inLanguage\":\"fr-FR\"},{\"@type\":\"Organization\",\"@id\":\"https:\\\/\\\/www.bellunopress.it\\\/#organization\",\"name\":\"Bellunopress\",\"url\":\"https:\\\/\\\/www.bellunopress.it\\\/\",\"logo\":{\"@type\":\"ImageObject\",\"inLanguage\":\"fr-FR\",\"@id\":\"https:\\\/\\\/www.bellunopress.it\\\/#\\\/schema\\\/logo\\\/image\\\/\",\"url\":\"https:\\\/\\\/www.bellunopress.it\\\/wp-content\\\/uploads\\\/2011\\\/05\\\/cropped-logo-bellunopress-.jpg\",\"contentUrl\":\"https:\\\/\\\/www.bellunopress.it\\\/wp-content\\\/uploads\\\/2011\\\/05\\\/cropped-logo-bellunopress-.jpg\",\"width\":512,\"height\":512,\"caption\":\"Bellunopress\"},\"image\":{\"@id\":\"https:\\\/\\\/www.bellunopress.it\\\/#\\\/schema\\\/logo\\\/image\\\/\"},\"sameAs\":[\"https:\\\/\\\/www.facebook.com\\\/profile.php?id=100008943462799\",\"https:\\\/\\\/x.com\\\/bellunopress\",\"https:\\\/\\\/www.linkedin.com\\\/hp\\\/?dnr=JBzUWaJfMUw8vbXJJ2tVW5-I3jZKvC4wsoxE&amp;amp;amp;amp;amp;amp;trk=nav_responsive_tab_home\",\"https:\\\/\\\/www.youtube.com\\\/channel\\\/UCxL0wu1uN0_3_7hGG0306cw\"]},{\"@type\":\"Person\",\"@id\":\"https:\\\/\\\/www.bellunopress.it\\\/#\\\/schema\\\/person\\\/79bb06722b37ece1c03d3e94beb30d73\",\"name\":\"redazione\",\"image\":{\"@type\":\"ImageObject\",\"inLanguage\":\"fr-FR\",\"@id\":\"https:\\\/\\\/secure.gravatar.com\\\/avatar\\\/37d968a2e67a6fd04c169c4bdef102d0bc5d31b2546345219e348575eb80e9a0?s=96&d=mm&r=g\",\"url\":\"https:\\\/\\\/secure.gravatar.com\\\/avatar\\\/37d968a2e67a6fd04c169c4bdef102d0bc5d31b2546345219e348575eb80e9a0?s=96&d=mm&r=g\",\"contentUrl\":\"https:\\\/\\\/secure.gravatar.com\\\/avatar\\\/37d968a2e67a6fd04c169c4bdef102d0bc5d31b2546345219e348575eb80e9a0?s=96&d=mm&r=g\",\"caption\":\"redazione\"},\"sameAs\":[\"http:\\\/\\\/www.bellunopress.it\",\"https:\\\/\\\/x.com\\\/bellunopress\"],\"url\":\"https:\\\/\\\/www.bellunopress.it\\\/fr\\\/author\\\/redazione\\\/\"}]}<\/script>\n<!-- \/ Yoast SEO plugin. -->","yoast_head_json":{"title":"Luciano Bassi e Paolo Luciani alla commemorazione di Bologna per la strage del 2 agosto 1980 - Bellunopress - Dolomiti","robots":{"index":"index","follow":"follow","max-snippet":"max-snippet:-1","max-image-preview":"max-image-preview:large","max-video-preview":"max-video-preview:-1"},"canonical":"https:\/\/www.bellunopress.it\/fr\/2022\/08\/02\/luciano-bassi-e-paolo-luciani-alla-commemorazione-di-bologna-per-la-strage-del-2-agosto-1980\/","og_locale":"fr_FR","og_type":"article","og_title":"Luciano Bassi e Paolo Luciani alla commemorazione di Bologna per la strage del 2 agosto 1980 - Bellunopress - Dolomiti","og_description":"Bologna 2 agosto 2022 &#8211; Il presidente del consiglio comunale di Belluno Luciano Bassi e l&#8217;assessore Paolo Luciani, hanno presenziato oggi a Bologna alla commemorazione delle vittime per la strage del 2 agosto del 1980.\u00a0 L&#8217;attentato terroristico di Bologna di 42 anni fa, segu\u00ec ad una serie di episodi analoghi che insanguinarono l&#8217;Italia negli anni [&hellip;]","og_url":"https:\/\/www.bellunopress.it\/fr\/2022\/08\/02\/luciano-bassi-e-paolo-luciani-alla-commemorazione-di-bologna-per-la-strage-del-2-agosto-1980\/","og_site_name":"Bellunopress - Dolomiti","article_publisher":"https:\/\/www.facebook.com\/profile.php?id=100008943462799","article_published_time":"2022-08-02T19:05:37+00:00","article_modified_time":"2022-08-02T19:07:14+00:00","og_image":[{"width":817,"height":1000,"url":"https:\/\/www.bellunopress.it\/wp-content\/uploads\/2022\/08\/Luciani-Bassi-Paolo-Luciani-a-Bologna_edited.jpg","type":"image\/jpeg"}],"author":"redazione","twitter_card":"summary_large_image","twitter_creator":"@bellunopress","twitter_site":"@bellunopress","twitter_misc":{"\u00c9crit par":"redazione","Dur\u00e9e de lecture estim\u00e9e":"2 minutes"},"schema":{"@context":"https:\/\/schema.org","@graph":[{"@type":"Article","@id":"https:\/\/www.bellunopress.it\/2022\/08\/02\/luciano-bassi-e-paolo-luciani-alla-commemorazione-di-bologna-per-la-strage-del-2-agosto-1980\/#article","isPartOf":{"@id":"https:\/\/www.bellunopress.it\/2022\/08\/02\/luciano-bassi-e-paolo-luciani-alla-commemorazione-di-bologna-per-la-strage-del-2-agosto-1980\/"},"author":{"name":"redazione","@id":"https:\/\/www.bellunopress.it\/#\/schema\/person\/79bb06722b37ece1c03d3e94beb30d73"},"headline":"Luciano Bassi e Paolo Luciani alla commemorazione di Bologna per la strage del 2 agosto 1980","datePublished":"2022-08-02T19:05:37+00:00","dateModified":"2022-08-02T19:07:14+00:00","mainEntityOfPage":{"@id":"https:\/\/www.bellunopress.it\/2022\/08\/02\/luciano-bassi-e-paolo-luciani-alla-commemorazione-di-bologna-per-la-strage-del-2-agosto-1980\/"},"wordCount":169,"publisher":{"@id":"https:\/\/www.bellunopress.it\/#organization"},"image":{"@id":"https:\/\/www.bellunopress.it\/2022\/08\/02\/luciano-bassi-e-paolo-luciani-alla-commemorazione-di-bologna-per-la-strage-del-2-agosto-1980\/#primaryimage"},"thumbnailUrl":"https:\/\/www.bellunopress.it\/wp-content\/uploads\/2022\/08\/Luciani-Bassi-Paolo-Luciani-a-Bologna_edited.jpg","articleSection":["Cronaca\/Politica","Prima Pagina","Societ\u00e0, Associazioni, Istituzioni"],"inLanguage":"fr-FR"},{"@type":"WebPage","@id":"https:\/\/www.bellunopress.it\/2022\/08\/02\/luciano-bassi-e-paolo-luciani-alla-commemorazione-di-bologna-per-la-strage-del-2-agosto-1980\/","url":"https:\/\/www.bellunopress.it\/2022\/08\/02\/luciano-bassi-e-paolo-luciani-alla-commemorazione-di-bologna-per-la-strage-del-2-agosto-1980\/","name":"Luciano Bassi e Paolo Luciani alla commemorazione di Bologna per la strage del 2 agosto 1980 - Bellunopress - Dolomiti","isPartOf":{"@id":"https:\/\/www.bellunopress.it\/#website"},"primaryImageOfPage":{"@id":"https:\/\/www.bellunopress.it\/2022\/08\/02\/luciano-bassi-e-paolo-luciani-alla-commemorazione-di-bologna-per-la-strage-del-2-agosto-1980\/#primaryimage"},"image":{"@id":"https:\/\/www.bellunopress.it\/2022\/08\/02\/luciano-bassi-e-paolo-luciani-alla-commemorazione-di-bologna-per-la-strage-del-2-agosto-1980\/#primaryimage"},"thumbnailUrl":"https:\/\/www.bellunopress.it\/wp-content\/uploads\/2022\/08\/Luciani-Bassi-Paolo-Luciani-a-Bologna_edited.jpg","datePublished":"2022-08-02T19:05:37+00:00","dateModified":"2022-08-02T19:07:14+00:00","breadcrumb":{"@id":"https:\/\/www.bellunopress.it\/2022\/08\/02\/luciano-bassi-e-paolo-luciani-alla-commemorazione-di-bologna-per-la-strage-del-2-agosto-1980\/#breadcrumb"},"inLanguage":"fr-FR","potentialAction":[{"@type":"ReadAction","target":["https:\/\/www.bellunopress.it\/2022\/08\/02\/luciano-bassi-e-paolo-luciani-alla-commemorazione-di-bologna-per-la-strage-del-2-agosto-1980\/"]}]},{"@type":"ImageObject","inLanguage":"fr-FR","@id":"https:\/\/www.bellunopress.it\/2022\/08\/02\/luciano-bassi-e-paolo-luciani-alla-commemorazione-di-bologna-per-la-strage-del-2-agosto-1980\/#primaryimage","url":"https:\/\/www.bellunopress.it\/wp-content\/uploads\/2022\/08\/Luciani-Bassi-Paolo-Luciani-a-Bologna_edited.jpg","contentUrl":"https:\/\/www.bellunopress.it\/wp-content\/uploads\/2022\/08\/Luciani-Bassi-Paolo-Luciani-a-Bologna_edited.jpg","width":817,"height":1000,"caption":"Luciano Bassi, presidente del consiglio comunale di Belluno e Paolo Luciani, assessore alla commemorazione per la strage di Bologna del 2 agosto 1980"},{"@type":"BreadcrumbList","@id":"https:\/\/www.bellunopress.it\/2022\/08\/02\/luciano-bassi-e-paolo-luciani-alla-commemorazione-di-bologna-per-la-strage-del-2-agosto-1980\/#breadcrumb","itemListElement":[{"@type":"ListItem","position":1,"name":"Home","item":"https:\/\/www.bellunopress.it\/"},{"@type":"ListItem","position":2,"name":"Luciano Bassi e Paolo Luciani alla commemorazione di Bologna per la strage del 2 agosto 1980"}]},{"@type":"WebSite","@id":"https:\/\/www.bellunopress.it\/#website","url":"https:\/\/www.bellunopress.it\/","name":"Bellunopress - Dolomiti","description":"e-mail: redazione@bellunopress.it","publisher":{"@id":"https:\/\/www.bellunopress.it\/#organization"},"potentialAction":[{"@type":"SearchAction","target":{"@type":"EntryPoint","urlTemplate":"https:\/\/www.bellunopress.it\/?s={search_term_string}"},"query-input":{"@type":"PropertyValueSpecification","valueRequired":true,"valueName":"search_term_string"}}],"inLanguage":"fr-FR"},{"@type":"Organization","@id":"https:\/\/www.bellunopress.it\/#organization","name":"Bellunopress","url":"https:\/\/www.bellunopress.it\/","logo":{"@type":"ImageObject","inLanguage":"fr-FR","@id":"https:\/\/www.bellunopress.it\/#\/schema\/logo\/image\/","url":"https:\/\/www.bellunopress.it\/wp-content\/uploads\/2011\/05\/cropped-logo-bellunopress-.jpg","contentUrl":"https:\/\/www.bellunopress.it\/wp-content\/uploads\/2011\/05\/cropped-logo-bellunopress-.jpg","width":512,"height":512,"caption":"Bellunopress"},"image":{"@id":"https:\/\/www.bellunopress.it\/#\/schema\/logo\/image\/"},"sameAs":["https:\/\/www.facebook.com\/profile.php?id=100008943462799","https:\/\/x.com\/bellunopress","https:\/\/www.linkedin.com\/hp\/?dnr=JBzUWaJfMUw8vbXJJ2tVW5-I3jZKvC4wsoxE&amp;amp;amp;amp;amp;amp;trk=nav_responsive_tab_home","https:\/\/www.youtube.com\/channel\/UCxL0wu1uN0_3_7hGG0306cw"]},{"@type":"Person","@id":"https:\/\/www.bellunopress.it\/#\/schema\/person\/79bb06722b37ece1c03d3e94beb30d73","name":"r\u00e9daction","image":{"@type":"ImageObject","inLanguage":"fr-FR","@id":"https:\/\/secure.gravatar.com\/avatar\/37d968a2e67a6fd04c169c4bdef102d0bc5d31b2546345219e348575eb80e9a0?s=96&d=mm&r=g","url":"https:\/\/secure.gravatar.com\/avatar\/37d968a2e67a6fd04c169c4bdef102d0bc5d31b2546345219e348575eb80e9a0?s=96&d=mm&r=g","contentUrl":"https:\/\/secure.gravatar.com\/avatar\/37d968a2e67a6fd04c169c4bdef102d0bc5d31b2546345219e348575eb80e9a0?s=96&d=mm&r=g","caption":"redazione"},"sameAs":["http:\/\/www.bellunopress.it","https:\/\/x.com\/bellunopress"],"url":"https:\/\/www.bellunopress.it\/fr\/author\/redazione\/"}]}},"_links":{"self":[{"href":"https:\/\/www.bellunopress.it\/fr\/wp-json\/wp\/v2\/posts\/135519","targetHints":{"allow":["GET"]}}],"collection":[{"href":"https:\/\/www.bellunopress.it\/fr\/wp-json\/wp\/v2\/posts"}],"about":[{"href":"https:\/\/www.bellunopress.it\/fr\/wp-json\/wp\/v2\/types\/post"}],"author":[{"embeddable":true,"href":"https:\/\/www.bellunopress.it\/fr\/wp-json\/wp\/v2\/users\/2"}],"replies":[{"embeddable":true,"href":"https:\/\/www.bellunopress.it\/fr\/wp-json\/wp\/v2\/comments?post=135519"}],"version-history":[{"count":2,"href":"https:\/\/www.bellunopress.it\/fr\/wp-json\/wp\/v2\/posts\/135519\/revisions"}],"predecessor-version":[{"id":135522,"href":"https:\/\/www.bellunopress.it\/fr\/wp-json\/wp\/v2\/posts\/135519\/revisions\/135522"}],"wp:featuredmedia":[{"embeddable":true,"href":"https:\/\/www.bellunopress.it\/fr\/wp-json\/wp\/v2\/media\/135520"}],"wp:attachment":[{"href":"https:\/\/www.bellunopress.it\/fr\/wp-json\/wp\/v2\/media?parent=135519"}],"wp:term":[{"taxonomy":"category","embeddable":true,"href":"https:\/\/www.bellunopress.it\/fr\/wp-json\/wp\/v2\/categories?post=135519"},{"taxonomy":"post_tag","embeddable":true,"href":"https:\/\/www.bellunopress.it\/fr\/wp-json\/wp\/v2\/tags?post=135519"}],"curies":[{"name":"wp","href":"https:\/\/api.w.org\/{rel}","templated":true}]}}