{"id":135516,"date":"2022-08-02T20:43:31","date_gmt":"2022-08-02T18:43:31","guid":{"rendered":"https:\/\/www.bellunopress.it\/?p=135516"},"modified":"2022-08-02T20:43:31","modified_gmt":"2022-08-02T18:43:31","slug":"sabrina-marconato-e-la-nuova-direttrice-della-direzione-medica-di-feltre","status":"publish","type":"post","link":"https:\/\/www.bellunopress.it\/fr\/2022\/08\/02\/sabrina-marconato-e-la-nuova-direttrice-della-direzione-medica-di-feltre\/","title":{"rendered":"Sabrina Marconato \u00e8 la nuova direttrice della Direzione Medica di Feltre"},"content":{"rendered":"<figure id=\"attachment_135517\" aria-describedby=\"caption-attachment-135517\" style=\"width: 889px\" class=\"wp-caption alignleft\"><img loading=\"lazy\" decoding=\"async\" class=\"size-full wp-image-135517\" src=\"https:\/\/www.bellunopress.it\/wp-content\/uploads\/2022\/08\/marconato_edited.jpg\" alt=\"Sabrina Marconato direttore della Direzione Medica dell\u2019Ospedale di Feltre\" width=\"889\" height=\"1000\" srcset=\"https:\/\/www.bellunopress.it\/wp-content\/uploads\/2022\/08\/marconato_edited.jpg 889w, https:\/\/www.bellunopress.it\/wp-content\/uploads\/2022\/08\/marconato_edited-445x500.jpg 445w, https:\/\/www.bellunopress.it\/wp-content\/uploads\/2022\/08\/marconato_edited-696x783.jpg 696w, https:\/\/www.bellunopress.it\/wp-content\/uploads\/2022\/08\/marconato_edited-373x420.jpg 373w\" sizes=\"auto, (max-width: 889px) 100vw, 889px\" \/><figcaption id=\"caption-attachment-135517\" class=\"wp-caption-text\">Sabrina Marconato<\/figcaption><\/figure>\n<p>Sabrina Marconato \u00e8 il nuovo direttore della Direzione Medica dell\u2019Ospedale di Feltre.<br \/>\nClasse 1974, di Padova, la dottoressa Marconato si \u00e8 laureata in Medicina e Chirurgia all\u2019Universit\u00e0 degli Studi di Padova, dove ha conseguito poi la specializzazione in Igiene e Medicina Preventiva.<br \/>\nProviene dall\u2019Istituto Oncologico Veneto IRCCS dove ricopriva un incarico di alta specializzazione all\u2019interno della direzione dell\u2019Azienda.<br \/>\nNel corso della sua carriera, ha maturato una solida esperienza in ambito igienico-sanitario e organizzativo-gestionale, ricoprendo diversi incarichi nel campo della direzione medica ospedaliera all\u2019interno dell\u2019Ulss Euganea.<br \/>\nE\u2019 esperta nella gestione e nel monitoraggio delle liste di attesa, di rischio clinico, di qualit\u00e0 e di valutazione dell\u2019attivit\u00e0 di ricovero.<br \/>\nSi \u00e8 occupata della gestione di progetti e gruppi di lavoro trasversali, valorizzando il team working e favorendo l\u2019attitudine all\u2019innovazione, anche in contesti critici e complessi. Inoltre, attraverso la formazione di facilitatore e valutatore nell\u2019ambito dell\u2019accreditamento istituzionale, ha prodotto procedure e istruzioni operative volte a favorire l\u2019innovazione e il miglioramento continuo nei processi gestionali.<\/p>\n<p>\u201cCon la nomina della dottoressa Marconato, si inserisce un altro importante tassello nei ruoli apicali dell\u2019ospedale di Feltre, dando stabilit\u00e0 alla direzione della struttura. Negli ultimi mesi sono stati nominati nei ruoli apicali: il primario di psichiatria, dr Brega; il primario di ortopedia, dr Di Fabio; il primario di Geriatria, dr.ssa Omiciuolo; il direttore del Distretto, dr.ssa Dalla Torre; il primario di Oncologia, dr. Nicodemo, e ora la dr.ssa Marconato. A breve si completeranno le nomine dopo l\u2019espletamento del concorso per Direttore di Anestesia. La struttura feltrina potr\u00e0, quindi, avvalersi di un team dirigenziale di alto spessore.\u201d commenta il direttore generale, Maria Grazia Carraro.<\/p>\n<p>&nbsp;<\/p>","protected":false},"excerpt":{"rendered":"<p>Sabrina Marconato \u00e8 il nuovo direttore della Direzione Medica dell\u2019Ospedale di Feltre. Classe 1974, di Padova, la dottoressa Marconato si \u00e8 laureata in Medicina e Chirurgia all\u2019Universit\u00e0 degli Studi di Padova, dove ha conseguito poi la specializzazione in Igiene e Medicina Preventiva. Proviene dall\u2019Istituto Oncologico Veneto IRCCS dove ricopriva un incarico di alta specializzazione all\u2019interno [&hellip;]<\/p>\n","protected":false},"author":2,"featured_media":135517,"comment_status":"closed","ping_status":"open","sticky":false,"template":"","format":"standard","meta":{"footnotes":""},"categories":[26,17],"tags":[],"class_list":["post-135516","post","type-post","status-publish","format-standard","has-post-thumbnail","category-prima-pagina","category-sanita"],"yoast_head":"<!-- This site is optimized with the Yoast SEO plugin v28.4 - https:\/\/yoast.com\/product\/yoast-seo-wordpress\/ -->\n<title>Sabrina Marconato \u00e8 la nuova direttrice della Direzione Medica di Feltre - Bellunopress - Dolomiti<\/title>\n<meta name=\"robots\" content=\"index, follow, max-snippet:-1, max-image-preview:large, max-video-preview:-1\" \/>\n<link rel=\"canonical\" href=\"https:\/\/www.bellunopress.it\/fr\/2022\/08\/02\/sabrina-marconato-e-la-nuova-direttrice-della-direzione-medica-di-feltre\/\" \/>\n<meta property=\"og:locale\" content=\"fr_FR\" \/>\n<meta property=\"og:type\" content=\"article\" \/>\n<meta property=\"og:title\" content=\"Sabrina Marconato \u00e8 la nuova direttrice della Direzione Medica di Feltre - Bellunopress - Dolomiti\" \/>\n<meta property=\"og:description\" content=\"Sabrina Marconato \u00e8 il nuovo direttore della Direzione Medica dell\u2019Ospedale di Feltre. Classe 1974, di Padova, la dottoressa Marconato si \u00e8 laureata in Medicina e Chirurgia all\u2019Universit\u00e0 degli Studi di Padova, dove ha conseguito poi la specializzazione in Igiene e Medicina Preventiva. Proviene dall\u2019Istituto Oncologico Veneto IRCCS dove ricopriva un incarico di alta specializzazione all\u2019interno [&hellip;]\" \/>\n<meta property=\"og:url\" content=\"https:\/\/www.bellunopress.it\/fr\/2022\/08\/02\/sabrina-marconato-e-la-nuova-direttrice-della-direzione-medica-di-feltre\/\" \/>\n<meta property=\"og:site_name\" content=\"Bellunopress - Dolomiti\" \/>\n<meta property=\"article:publisher\" content=\"https:\/\/www.facebook.com\/profile.php?id=100008943462799\" \/>\n<meta property=\"article:published_time\" content=\"2022-08-02T18:43:31+00:00\" \/>\n<meta property=\"og:image\" content=\"https:\/\/www.bellunopress.it\/wp-content\/uploads\/2022\/08\/marconato_edited.jpg\" \/>\n\t<meta property=\"og:image:width\" content=\"889\" \/>\n\t<meta property=\"og:image:height\" content=\"1000\" \/>\n\t<meta property=\"og:image:type\" content=\"image\/jpeg\" \/>\n<meta name=\"author\" content=\"redazione\" \/>\n<meta name=\"twitter:card\" content=\"summary_large_image\" \/>\n<meta name=\"twitter:creator\" content=\"@bellunopress\" \/>\n<meta name=\"twitter:site\" content=\"@bellunopress\" \/>\n<meta name=\"twitter:label1\" content=\"\u00c9crit par\" \/>\n\t<meta name=\"twitter:data1\" content=\"redazione\" \/>\n\t<meta name=\"twitter:label2\" content=\"Dur\u00e9e de lecture estim\u00e9e\" \/>\n\t<meta name=\"twitter:data2\" content=\"2 minutes\" \/>\n<script type=\"application\/ld+json\" class=\"yoast-schema-graph\">{\"@context\":\"https:\\\/\\\/schema.org\",\"@graph\":[{\"@type\":\"Article\",\"@id\":\"https:\\\/\\\/www.bellunopress.it\\\/2022\\\/08\\\/02\\\/sabrina-marconato-e-la-nuova-direttrice-della-direzione-medica-di-feltre\\\/#article\",\"isPartOf\":{\"@id\":\"https:\\\/\\\/www.bellunopress.it\\\/2022\\\/08\\\/02\\\/sabrina-marconato-e-la-nuova-direttrice-della-direzione-medica-di-feltre\\\/\"},\"author\":{\"name\":\"redazione\",\"@id\":\"https:\\\/\\\/www.bellunopress.it\\\/#\\\/schema\\\/person\\\/79bb06722b37ece1c03d3e94beb30d73\"},\"headline\":\"Sabrina Marconato \u00e8 la nuova direttrice della Direzione Medica di Feltre\",\"datePublished\":\"2022-08-02T18:43:31+00:00\",\"mainEntityOfPage\":{\"@id\":\"https:\\\/\\\/www.bellunopress.it\\\/2022\\\/08\\\/02\\\/sabrina-marconato-e-la-nuova-direttrice-della-direzione-medica-di-feltre\\\/\"},\"wordCount\":299,\"publisher\":{\"@id\":\"https:\\\/\\\/www.bellunopress.it\\\/#organization\"},\"image\":{\"@id\":\"https:\\\/\\\/www.bellunopress.it\\\/2022\\\/08\\\/02\\\/sabrina-marconato-e-la-nuova-direttrice-della-direzione-medica-di-feltre\\\/#primaryimage\"},\"thumbnailUrl\":\"https:\\\/\\\/www.bellunopress.it\\\/wp-content\\\/uploads\\\/2022\\\/08\\\/marconato_edited.jpg\",\"articleSection\":[\"Prima Pagina\",\"Sanit\u00e0 Medicina\"],\"inLanguage\":\"fr-FR\"},{\"@type\":\"WebPage\",\"@id\":\"https:\\\/\\\/www.bellunopress.it\\\/2022\\\/08\\\/02\\\/sabrina-marconato-e-la-nuova-direttrice-della-direzione-medica-di-feltre\\\/\",\"url\":\"https:\\\/\\\/www.bellunopress.it\\\/2022\\\/08\\\/02\\\/sabrina-marconato-e-la-nuova-direttrice-della-direzione-medica-di-feltre\\\/\",\"name\":\"Sabrina Marconato \u00e8 la nuova direttrice della Direzione Medica di Feltre - Bellunopress - Dolomiti\",\"isPartOf\":{\"@id\":\"https:\\\/\\\/www.bellunopress.it\\\/#website\"},\"primaryImageOfPage\":{\"@id\":\"https:\\\/\\\/www.bellunopress.it\\\/2022\\\/08\\\/02\\\/sabrina-marconato-e-la-nuova-direttrice-della-direzione-medica-di-feltre\\\/#primaryimage\"},\"image\":{\"@id\":\"https:\\\/\\\/www.bellunopress.it\\\/2022\\\/08\\\/02\\\/sabrina-marconato-e-la-nuova-direttrice-della-direzione-medica-di-feltre\\\/#primaryimage\"},\"thumbnailUrl\":\"https:\\\/\\\/www.bellunopress.it\\\/wp-content\\\/uploads\\\/2022\\\/08\\\/marconato_edited.jpg\",\"datePublished\":\"2022-08-02T18:43:31+00:00\",\"breadcrumb\":{\"@id\":\"https:\\\/\\\/www.bellunopress.it\\\/2022\\\/08\\\/02\\\/sabrina-marconato-e-la-nuova-direttrice-della-direzione-medica-di-feltre\\\/#breadcrumb\"},\"inLanguage\":\"fr-FR\",\"potentialAction\":[{\"@type\":\"ReadAction\",\"target\":[\"https:\\\/\\\/www.bellunopress.it\\\/2022\\\/08\\\/02\\\/sabrina-marconato-e-la-nuova-direttrice-della-direzione-medica-di-feltre\\\/\"]}]},{\"@type\":\"ImageObject\",\"inLanguage\":\"fr-FR\",\"@id\":\"https:\\\/\\\/www.bellunopress.it\\\/2022\\\/08\\\/02\\\/sabrina-marconato-e-la-nuova-direttrice-della-direzione-medica-di-feltre\\\/#primaryimage\",\"url\":\"https:\\\/\\\/www.bellunopress.it\\\/wp-content\\\/uploads\\\/2022\\\/08\\\/marconato_edited.jpg\",\"contentUrl\":\"https:\\\/\\\/www.bellunopress.it\\\/wp-content\\\/uploads\\\/2022\\\/08\\\/marconato_edited.jpg\",\"width\":889,\"height\":1000,\"caption\":\"Sabrina Marconato\"},{\"@type\":\"BreadcrumbList\",\"@id\":\"https:\\\/\\\/www.bellunopress.it\\\/2022\\\/08\\\/02\\\/sabrina-marconato-e-la-nuova-direttrice-della-direzione-medica-di-feltre\\\/#breadcrumb\",\"itemListElement\":[{\"@type\":\"ListItem\",\"position\":1,\"name\":\"Home\",\"item\":\"https:\\\/\\\/www.bellunopress.it\\\/\"},{\"@type\":\"ListItem\",\"position\":2,\"name\":\"Sabrina Marconato \u00e8 la nuova direttrice della Direzione Medica di Feltre\"}]},{\"@type\":\"WebSite\",\"@id\":\"https:\\\/\\\/www.bellunopress.it\\\/#website\",\"url\":\"https:\\\/\\\/www.bellunopress.it\\\/\",\"name\":\"Bellunopress - Dolomiti\",\"description\":\"e-mail: redazione@bellunopress.it\",\"publisher\":{\"@id\":\"https:\\\/\\\/www.bellunopress.it\\\/#organization\"},\"potentialAction\":[{\"@type\":\"SearchAction\",\"target\":{\"@type\":\"EntryPoint\",\"urlTemplate\":\"https:\\\/\\\/www.bellunopress.it\\\/?s={search_term_string}\"},\"query-input\":{\"@type\":\"PropertyValueSpecification\",\"valueRequired\":true,\"valueName\":\"search_term_string\"}}],\"inLanguage\":\"fr-FR\"},{\"@type\":\"Organization\",\"@id\":\"https:\\\/\\\/www.bellunopress.it\\\/#organization\",\"name\":\"Bellunopress\",\"url\":\"https:\\\/\\\/www.bellunopress.it\\\/\",\"logo\":{\"@type\":\"ImageObject\",\"inLanguage\":\"fr-FR\",\"@id\":\"https:\\\/\\\/www.bellunopress.it\\\/#\\\/schema\\\/logo\\\/image\\\/\",\"url\":\"https:\\\/\\\/www.bellunopress.it\\\/wp-content\\\/uploads\\\/2011\\\/05\\\/cropped-logo-bellunopress-.jpg\",\"contentUrl\":\"https:\\\/\\\/www.bellunopress.it\\\/wp-content\\\/uploads\\\/2011\\\/05\\\/cropped-logo-bellunopress-.jpg\",\"width\":512,\"height\":512,\"caption\":\"Bellunopress\"},\"image\":{\"@id\":\"https:\\\/\\\/www.bellunopress.it\\\/#\\\/schema\\\/logo\\\/image\\\/\"},\"sameAs\":[\"https:\\\/\\\/www.facebook.com\\\/profile.php?id=100008943462799\",\"https:\\\/\\\/x.com\\\/bellunopress\",\"https:\\\/\\\/www.linkedin.com\\\/hp\\\/?dnr=JBzUWaJfMUw8vbXJJ2tVW5-I3jZKvC4wsoxE&amp;amp;amp;amp;amp;amp;trk=nav_responsive_tab_home\",\"https:\\\/\\\/www.youtube.com\\\/channel\\\/UCxL0wu1uN0_3_7hGG0306cw\"]},{\"@type\":\"Person\",\"@id\":\"https:\\\/\\\/www.bellunopress.it\\\/#\\\/schema\\\/person\\\/79bb06722b37ece1c03d3e94beb30d73\",\"name\":\"redazione\",\"image\":{\"@type\":\"ImageObject\",\"inLanguage\":\"fr-FR\",\"@id\":\"https:\\\/\\\/secure.gravatar.com\\\/avatar\\\/37d968a2e67a6fd04c169c4bdef102d0bc5d31b2546345219e348575eb80e9a0?s=96&d=mm&r=g\",\"url\":\"https:\\\/\\\/secure.gravatar.com\\\/avatar\\\/37d968a2e67a6fd04c169c4bdef102d0bc5d31b2546345219e348575eb80e9a0?s=96&d=mm&r=g\",\"contentUrl\":\"https:\\\/\\\/secure.gravatar.com\\\/avatar\\\/37d968a2e67a6fd04c169c4bdef102d0bc5d31b2546345219e348575eb80e9a0?s=96&d=mm&r=g\",\"caption\":\"redazione\"},\"sameAs\":[\"http:\\\/\\\/www.bellunopress.it\",\"https:\\\/\\\/x.com\\\/bellunopress\"],\"url\":\"https:\\\/\\\/www.bellunopress.it\\\/fr\\\/author\\\/redazione\\\/\"}]}<\/script>\n<!-- \/ Yoast SEO plugin. -->","yoast_head_json":{"title":"Sabrina Marconato \u00e8 la nuova direttrice della Direzione Medica di Feltre - Bellunopress - Dolomiti","robots":{"index":"index","follow":"follow","max-snippet":"max-snippet:-1","max-image-preview":"max-image-preview:large","max-video-preview":"max-video-preview:-1"},"canonical":"https:\/\/www.bellunopress.it\/fr\/2022\/08\/02\/sabrina-marconato-e-la-nuova-direttrice-della-direzione-medica-di-feltre\/","og_locale":"fr_FR","og_type":"article","og_title":"Sabrina Marconato \u00e8 la nuova direttrice della Direzione Medica di Feltre - Bellunopress - Dolomiti","og_description":"Sabrina Marconato \u00e8 il nuovo direttore della Direzione Medica dell\u2019Ospedale di Feltre. Classe 1974, di Padova, la dottoressa Marconato si \u00e8 laureata in Medicina e Chirurgia all\u2019Universit\u00e0 degli Studi di Padova, dove ha conseguito poi la specializzazione in Igiene e Medicina Preventiva. Proviene dall\u2019Istituto Oncologico Veneto IRCCS dove ricopriva un incarico di alta specializzazione all\u2019interno [&hellip;]","og_url":"https:\/\/www.bellunopress.it\/fr\/2022\/08\/02\/sabrina-marconato-e-la-nuova-direttrice-della-direzione-medica-di-feltre\/","og_site_name":"Bellunopress - Dolomiti","article_publisher":"https:\/\/www.facebook.com\/profile.php?id=100008943462799","article_published_time":"2022-08-02T18:43:31+00:00","og_image":[{"width":889,"height":1000,"url":"https:\/\/www.bellunopress.it\/wp-content\/uploads\/2022\/08\/marconato_edited.jpg","type":"image\/jpeg"}],"author":"redazione","twitter_card":"summary_large_image","twitter_creator":"@bellunopress","twitter_site":"@bellunopress","twitter_misc":{"\u00c9crit par":"redazione","Dur\u00e9e de lecture estim\u00e9e":"2 minutes"},"schema":{"@context":"https:\/\/schema.org","@graph":[{"@type":"Article","@id":"https:\/\/www.bellunopress.it\/2022\/08\/02\/sabrina-marconato-e-la-nuova-direttrice-della-direzione-medica-di-feltre\/#article","isPartOf":{"@id":"https:\/\/www.bellunopress.it\/2022\/08\/02\/sabrina-marconato-e-la-nuova-direttrice-della-direzione-medica-di-feltre\/"},"author":{"name":"redazione","@id":"https:\/\/www.bellunopress.it\/#\/schema\/person\/79bb06722b37ece1c03d3e94beb30d73"},"headline":"Sabrina Marconato \u00e8 la nuova direttrice della Direzione Medica di Feltre","datePublished":"2022-08-02T18:43:31+00:00","mainEntityOfPage":{"@id":"https:\/\/www.bellunopress.it\/2022\/08\/02\/sabrina-marconato-e-la-nuova-direttrice-della-direzione-medica-di-feltre\/"},"wordCount":299,"publisher":{"@id":"https:\/\/www.bellunopress.it\/#organization"},"image":{"@id":"https:\/\/www.bellunopress.it\/2022\/08\/02\/sabrina-marconato-e-la-nuova-direttrice-della-direzione-medica-di-feltre\/#primaryimage"},"thumbnailUrl":"https:\/\/www.bellunopress.it\/wp-content\/uploads\/2022\/08\/marconato_edited.jpg","articleSection":["Prima Pagina","Sanit\u00e0 Medicina"],"inLanguage":"fr-FR"},{"@type":"WebPage","@id":"https:\/\/www.bellunopress.it\/2022\/08\/02\/sabrina-marconato-e-la-nuova-direttrice-della-direzione-medica-di-feltre\/","url":"https:\/\/www.bellunopress.it\/2022\/08\/02\/sabrina-marconato-e-la-nuova-direttrice-della-direzione-medica-di-feltre\/","name":"Sabrina Marconato \u00e8 la nuova direttrice della Direzione Medica di Feltre - Bellunopress - Dolomiti","isPartOf":{"@id":"https:\/\/www.bellunopress.it\/#website"},"primaryImageOfPage":{"@id":"https:\/\/www.bellunopress.it\/2022\/08\/02\/sabrina-marconato-e-la-nuova-direttrice-della-direzione-medica-di-feltre\/#primaryimage"},"image":{"@id":"https:\/\/www.bellunopress.it\/2022\/08\/02\/sabrina-marconato-e-la-nuova-direttrice-della-direzione-medica-di-feltre\/#primaryimage"},"thumbnailUrl":"https:\/\/www.bellunopress.it\/wp-content\/uploads\/2022\/08\/marconato_edited.jpg","datePublished":"2022-08-02T18:43:31+00:00","breadcrumb":{"@id":"https:\/\/www.bellunopress.it\/2022\/08\/02\/sabrina-marconato-e-la-nuova-direttrice-della-direzione-medica-di-feltre\/#breadcrumb"},"inLanguage":"fr-FR","potentialAction":[{"@type":"ReadAction","target":["https:\/\/www.bellunopress.it\/2022\/08\/02\/sabrina-marconato-e-la-nuova-direttrice-della-direzione-medica-di-feltre\/"]}]},{"@type":"ImageObject","inLanguage":"fr-FR","@id":"https:\/\/www.bellunopress.it\/2022\/08\/02\/sabrina-marconato-e-la-nuova-direttrice-della-direzione-medica-di-feltre\/#primaryimage","url":"https:\/\/www.bellunopress.it\/wp-content\/uploads\/2022\/08\/marconato_edited.jpg","contentUrl":"https:\/\/www.bellunopress.it\/wp-content\/uploads\/2022\/08\/marconato_edited.jpg","width":889,"height":1000,"caption":"Sabrina Marconato"},{"@type":"BreadcrumbList","@id":"https:\/\/www.bellunopress.it\/2022\/08\/02\/sabrina-marconato-e-la-nuova-direttrice-della-direzione-medica-di-feltre\/#breadcrumb","itemListElement":[{"@type":"ListItem","position":1,"name":"Home","item":"https:\/\/www.bellunopress.it\/"},{"@type":"ListItem","position":2,"name":"Sabrina Marconato \u00e8 la nuova direttrice della Direzione Medica di Feltre"}]},{"@type":"WebSite","@id":"https:\/\/www.bellunopress.it\/#website","url":"https:\/\/www.bellunopress.it\/","name":"Bellunopress - Dolomiti","description":"e-mail: redazione@bellunopress.it","publisher":{"@id":"https:\/\/www.bellunopress.it\/#organization"},"potentialAction":[{"@type":"SearchAction","target":{"@type":"EntryPoint","urlTemplate":"https:\/\/www.bellunopress.it\/?s={search_term_string}"},"query-input":{"@type":"PropertyValueSpecification","valueRequired":true,"valueName":"search_term_string"}}],"inLanguage":"fr-FR"},{"@type":"Organization","@id":"https:\/\/www.bellunopress.it\/#organization","name":"Bellunopress","url":"https:\/\/www.bellunopress.it\/","logo":{"@type":"ImageObject","inLanguage":"fr-FR","@id":"https:\/\/www.bellunopress.it\/#\/schema\/logo\/image\/","url":"https:\/\/www.bellunopress.it\/wp-content\/uploads\/2011\/05\/cropped-logo-bellunopress-.jpg","contentUrl":"https:\/\/www.bellunopress.it\/wp-content\/uploads\/2011\/05\/cropped-logo-bellunopress-.jpg","width":512,"height":512,"caption":"Bellunopress"},"image":{"@id":"https:\/\/www.bellunopress.it\/#\/schema\/logo\/image\/"},"sameAs":["https:\/\/www.facebook.com\/profile.php?id=100008943462799","https:\/\/x.com\/bellunopress","https:\/\/www.linkedin.com\/hp\/?dnr=JBzUWaJfMUw8vbXJJ2tVW5-I3jZKvC4wsoxE&amp;amp;amp;amp;amp;amp;trk=nav_responsive_tab_home","https:\/\/www.youtube.com\/channel\/UCxL0wu1uN0_3_7hGG0306cw"]},{"@type":"Person","@id":"https:\/\/www.bellunopress.it\/#\/schema\/person\/79bb06722b37ece1c03d3e94beb30d73","name":"r\u00e9daction","image":{"@type":"ImageObject","inLanguage":"fr-FR","@id":"https:\/\/secure.gravatar.com\/avatar\/37d968a2e67a6fd04c169c4bdef102d0bc5d31b2546345219e348575eb80e9a0?s=96&d=mm&r=g","url":"https:\/\/secure.gravatar.com\/avatar\/37d968a2e67a6fd04c169c4bdef102d0bc5d31b2546345219e348575eb80e9a0?s=96&d=mm&r=g","contentUrl":"https:\/\/secure.gravatar.com\/avatar\/37d968a2e67a6fd04c169c4bdef102d0bc5d31b2546345219e348575eb80e9a0?s=96&d=mm&r=g","caption":"redazione"},"sameAs":["http:\/\/www.bellunopress.it","https:\/\/x.com\/bellunopress"],"url":"https:\/\/www.bellunopress.it\/fr\/author\/redazione\/"}]}},"_links":{"self":[{"href":"https:\/\/www.bellunopress.it\/fr\/wp-json\/wp\/v2\/posts\/135516","targetHints":{"allow":["GET"]}}],"collection":[{"href":"https:\/\/www.bellunopress.it\/fr\/wp-json\/wp\/v2\/posts"}],"about":[{"href":"https:\/\/www.bellunopress.it\/fr\/wp-json\/wp\/v2\/types\/post"}],"author":[{"embeddable":true,"href":"https:\/\/www.bellunopress.it\/fr\/wp-json\/wp\/v2\/users\/2"}],"replies":[{"embeddable":true,"href":"https:\/\/www.bellunopress.it\/fr\/wp-json\/wp\/v2\/comments?post=135516"}],"version-history":[{"count":1,"href":"https:\/\/www.bellunopress.it\/fr\/wp-json\/wp\/v2\/posts\/135516\/revisions"}],"predecessor-version":[{"id":135518,"href":"https:\/\/www.bellunopress.it\/fr\/wp-json\/wp\/v2\/posts\/135516\/revisions\/135518"}],"wp:featuredmedia":[{"embeddable":true,"href":"https:\/\/www.bellunopress.it\/fr\/wp-json\/wp\/v2\/media\/135517"}],"wp:attachment":[{"href":"https:\/\/www.bellunopress.it\/fr\/wp-json\/wp\/v2\/media?parent=135516"}],"wp:term":[{"taxonomy":"category","embeddable":true,"href":"https:\/\/www.bellunopress.it\/fr\/wp-json\/wp\/v2\/categories?post=135516"},{"taxonomy":"post_tag","embeddable":true,"href":"https:\/\/www.bellunopress.it\/fr\/wp-json\/wp\/v2\/tags?post=135516"}],"curies":[{"name":"wp","href":"https:\/\/api.w.org\/{rel}","templated":true}]}}