{"id":135434,"date":"2022-07-29T20:17:41","date_gmt":"2022-07-29T18:17:41","guid":{"rendered":"https:\/\/www.bellunopress.it\/?p=135434"},"modified":"2022-07-29T20:17:41","modified_gmt":"2022-07-29T18:17:41","slug":"festa-campestre-al-pra-de-la-melia-a-gron-di-sospirolo-2","status":"publish","type":"post","link":"https:\/\/www.bellunopress.it\/fr\/2022\/07\/29\/festa-campestre-al-pra-de-la-melia-a-gron-di-sospirolo-2\/","title":{"rendered":"Festa campestre al Pr\u00e0 de la Melia a Gron di Sospirolo"},"content":{"rendered":"<p><em>Sabato 30 luglio ore 20.45 a Le Rosse di Sospirolo (cortivo\/arena Balzan) concerto della Valter Feltrin band per la rassegna Musica nei cortivi. Le Rosse, localit\u00e0 sopra il lago di Vedana, nei pressi della Certosa si sale verso monte per 1,3 km\u00a0<\/em><\/p>\n<p><img loading=\"lazy\" decoding=\"async\" class=\"alignleft size-full wp-image-135435\" src=\"https:\/\/www.bellunopress.it\/wp-content\/uploads\/2022\/07\/Festa-campestre-Sospirolo_edited.jpg\" alt=\"\" width=\"702\" height=\"1000\" srcset=\"https:\/\/www.bellunopress.it\/wp-content\/uploads\/2022\/07\/Festa-campestre-Sospirolo_edited.jpg 702w, https:\/\/www.bellunopress.it\/wp-content\/uploads\/2022\/07\/Festa-campestre-Sospirolo_edited-351x500.jpg 351w, https:\/\/www.bellunopress.it\/wp-content\/uploads\/2022\/07\/Festa-campestre-Sospirolo_edited-696x991.jpg 696w, https:\/\/www.bellunopress.it\/wp-content\/uploads\/2022\/07\/Festa-campestre-Sospirolo_edited-295x420.jpg 295w\" sizes=\"auto, (max-width: 702px) 100vw, 702px\" \/>Ritorna l&#8217;attesa festa campestre al Pr\u00e0 de la Melia, presso gli impianti sportivi di Gron di Sospirolo, proposta dalla Pro loco &#8220;Monti del Sole&#8221;. Dal 1\u00b0 al 7 agosto i volontari sono pronti a riproporre un fine settimana dedicato all&#8217;enogastronomia e alla danza uniti a serate a tema montagna, successi sportivi e altro.<\/p>\n<p>L&#8217;inizio \u00e8 proprio dedicato alle serate &#8220;Natura &amp; Avventura&#8221; tutte alle 20,45. S&#8217;inizia luned\u00ec 1\u00b0 agosto con &#8220;Monti del Sole, vent&#8217;anni dopo&#8221; serata di montagna con Paolo e Jagge, per la regia di Seba, aperta a chi vorr\u00e0 conoscere pi\u00f9 da vicino, attraverso filmati e immagini, i percorsi montani pi\u00f9 avventurosi che caratterizzano il Sospirolese. Cambio di registro marted\u00ec 2 quando sar\u00e0 ospite Margherita Mazzoncini, campionessa mondiale di sci d&#8217;erba, che in giovane et\u00e0 ha portato il nome di Sospirolo nel mondo grazie a brillanti successi in diverse competizioni e spiegher\u00e0 ai presenti il dietro le quinte di questo sport particolare. Mercoled\u00ec 3 c&#8217;\u00e8 la sesta edizione di &#8220;Oltre i Feruch. Sperone a fumetti&#8221;, serata di videoproiezioni dedicata alle prime escursioni di Dino Buzzati sul Monte Sperone con Marco Cassol, Paolo Colombera, Giuseppe Micheletto e tutti gli amici Fer\u00f9ch di Sospirolo; presenta Alba Barattin.<\/p>\n<p>Spazio invece al teatro gioved\u00ec 4 alle 20.45 con la prima dello spettacolo teatrale &#8220;Vendesi castello con delitto. No perditempo&#8221;, giallo grottesco brillante in 2 atti con canovaccio, regia, costumi e scenografie dei Fuori di Quinta.<\/p>\n<p><strong>Gastronomia, musica e sport per i tre giorni clou<\/strong><\/p>\n<p>Venerd\u00ec 5 agosto si balla con l&#8217;Orchestra Linda Biscaro. Sabato 6 serata Latina con Loca Combinaci\u00f3n Issam &amp; Chiara e musica latina dal vivo con il gruppo cubano Esquina Caliente. Domenica 7 tutti in pista con l&#8217;Orchestra Franco Bel. Sar\u00e0 aperto in queste serate anche lo stand gastronomico con il men\u00f9 tradizionale accanto a piatti specifici: la porchetta (5 agosto solo la sera), trote del Mis (6 agosto), spiedo (7 agosto anche a pranzo) e seppie in umido (il 7 la sera). Nell&#8217;ambito si terr\u00e0 l&#8217;ottavo Torneo del Residente e simpatizzanti di Volley. Tutti gli spettacoli sono a ingresso libero e in strutture al coperto; ci sono i giochi gonfiabili e la pista da ballo professionale.<\/p>\n<p><strong>Gli Eventi dell&#8217;Estate sospirolese<\/strong><\/p>\n<p>&#8211; sabato 30\/7 ore 20.45 a Le Rosse di Sospirolo concerto della Valter Feltrin band per la rassegna Musica nei cortivi (Pro Loco e Consorzio)<\/p>\n<p>&#8211; da luned\u00ec 1\/8 a domenica 7\/8 la Festa Campestre al Pr\u00e0 della Melia con ricco stand gastronomico il venerd\u00ec sera, sabato sera e domenica mezzogiorno e sera &#8211; giochi, musica, cultura, folclore (Pro Loco)<\/p>\n<p><strong>Serate cultura e avventura Festa campestre \u2013 ore 20.45 al Pr\u00e0 de la Melia<\/strong><\/p>\n<p>\u00b7 luned\u00ec 1\/8 \u2013 Monti del Sole, 20 anni dopo serata di montagna con Paolo e Jagge, regia di Seba<\/p>\n<p>\u00b7 marted\u00ec 2\/8 \u2013 Margherita Mazzoncini, campionessa mondiale di sci d&#8217;era si racconta &#8230;<\/p>\n<p>\u00b7 mercoled\u00ec 3\/8 \u2013 6^ ed. di &#8220;Oltre i Feruch. Sperone a fumetti&#8221; Serata di videoproiezioni dedicata alle prime escursioni di Dino Buzzati sul Monte Sperone e a una nuova via tracciata lungo una torre della parete dedicata allo scrittore. Con Marco Cassol, Paolo Colombera, Giuseppe Micheletto e tutti gli amici dei Fer\u00f9ch di Sospirolo. Presenta Alba Barattin<\/p>\n<p>\u00b7 gioved\u00ec 4\/8 La Prima dello spettacolo teatrale &#8220;VENDESI CASTELLO CON DELITTO. No perditempo&#8221;. Giallo grottesco brillante in 2 atti. Canovaccio, regia, costumi e scenografie dei Fuori di Quinta.<\/p>\n<p>&#8211; Venerd\u00ec 5\/8 Piatto del giorno: la Porchetta dalle 20.00. Si balla con l&#8217; orchestra Biscaro<\/p>\n<p>&#8211; Sabato 6\/8 Piatto del giorno: Trote de Mis in umido dalle 19.00. Serata Latina con musica dal vivo<\/p>\n<p>&#8211; Domenica 7\/8 Piatto del giorno: Spiedo dalle 12.00 e Seppie in umido dalle 19.00. Si balla con l&#8217; orchestra Franco Bel<\/p>\n<p>&#8211; domenica 7\/8 al Pr\u00e0 de la Melia VIII Torneo del Residente e Simpatizzanti di Pallavolo (Pallavolo Sospirolo)<br \/>\n&#8211; da marted\u00ec 9\/8 a luned\u00ec 15\/8 la 16^ ed. di Una Settimana senza TV (Biblioteca-Pro Loco-Ass. varie)<\/p>\n<p>&#8211; sabato 13\/8 Sognando California a Pattine e l&#8217; elezione di Miss California (Pro Loco Gosaldo Dolomiti e Monti del Sole)<\/p>\n<p>&#8211; domenica 14\/8 ore 18.45 S.Messa alla Chiesetta degli Alpini in loc. Lovatei e momento conviviale al Pr\u00e0 de la Melia (Alpini)<\/p>\n<p><strong>\u00a016^ ed. di Una Settimana senza TV<\/strong> (Biblioteca, Pro Loco, Centro Studi, Auser) Info: biblioteca@comune.sospirolo.bl.it<\/p>\n<p>&#8211; Marted\u00ec 9\/8 tra le 15.30-17.30 al Centro civico laboratorio di scrittura creativa &#8220;Le parole magiche di Buzzati&#8221; per bambini (9-11 anni)<\/p>\n<p>&#8211; Marted\u00ec 9\/8 al Centro civico ore 21.00 spettacolo teatrale de &#8220;Gli Insoliti Belatrich&#8221; di Arsie&#8217; in &#8220;Che fadiga deventar noni&#8221;;<\/p>\n<p>&#8211; Mercoled\u00ec 10\/8 ore 16.00 al Centro civico Francesca Gallo presenta il libro &#8220;Margrando&#8221;;<\/p>\n<p>&#8211; Mercoled\u00ec ore 21.00 serata di astronomia con Bepi De Don\u00e0, chiacchierata sotto le stelle della notte di San Lorenzo;<\/p>\n<p>&#8211; Gioved\u00ec 11\/8, partenza ore 19.00 dalla Piazza di Susin, passeggiata serale &#8216;Lungo il sentiero Buzzati&#8217; verso il Monte Sperone;<\/p>\n<p>&#8211; Venerd\u00ec 12\/8 Piazza Segato alle 21.00 concerto di musica tradizionale &#8216;I due golfi: Napoli e Venezia&#8217; del duo Pina Sabatini e Bepi Santuzzo;<\/p>\n<p>&#8211; Sabato 13\/8 dalle 9.30 alle 12.00 laboratorio di scrittura per ragazzi (12-16 anni) &#8220;Giochiamo nel bosco di Buzzati&#8221;;<\/p>\n<p>&#8211; Domenica 14\/8 ore 21.00 Piazza Segato spettacolo &#8216;I burattini della tradizione&#8217; di Massimiliano Venturi;<\/p>\n<p>&#8211; Luned\u00ec 15\/8, Centro civico ore 21.00 reading musicale dell&#8217;Anonima lettori srl per l&#8217;anniversario di Luigi Meneghello<\/p>\n<p><strong>\u00a0Rassegna &#8220;Cinema sotto le stelle&#8221; in Piazza Segato<\/strong> (Biblioteca) Info: biblioteca@comune.sospirolo.bl.it<\/p>\n<p>&#8211; sabato 13\/08 (ev. rinvio a mar 16\/08), La famosa invasione degli orsi in Sicilia (2019)<\/p>\n<p>&#8211; mercoled\u00ec 17\/08 (ev. rinvio a sab. 20\/8), Ithaca (2015)<\/p>\n<p>&#8211; mercoled\u00ec 24\/08 (ev. rinvio a sab. 27\/8), Dolittle (2020)<\/p>\n<p>&#8211; mercoled\u00ec 31\/8 (ev. rinvio a sab 3\/9), Il treno per Darjeeling (2007)<\/p>\n<p><strong>Mostre<\/strong><\/p>\n<p>&#8211; Fino al 15\/8 al Centro Civico-sala Biblioteca Mostra opere di Graziano Damerini P.G.R. Per Grazia Ricevuta (Biblioteca)<\/p>\n<p>&#8211; Fino al 30\/9 alle Ex Scuole di Gron Mostra &#8220;Vard\u00e8 e rid\u00e8. Il mondo fotografico di Amalia Beati&#8221; (Formiche Rosse-Auser)<\/p>\n<p>&#8211; Fino al 15\/8 al Centro Civico\u2013sala Pellizzari mostra fotografica &#8216;Visioni buzzatiane: Natura, Uomo, Mistero&#8217; del collettivo di fotografi Meraki (Biblioteca)<\/p>\n<p>&nbsp;<\/p>","protected":false},"excerpt":{"rendered":"<p>Sabato 30 luglio ore 20.45 a Le Rosse di Sospirolo (cortivo\/arena Balzan) concerto della Valter Feltrin band per la rassegna Musica nei cortivi. Le Rosse, localit\u00e0 sopra il lago di Vedana, nei pressi della Certosa si sale verso monte per 1,3 km\u00a0 Ritorna l&#8217;attesa festa campestre al Pr\u00e0 de la Melia, presso gli impianti sportivi [&hellip;]<\/p>\n","protected":false},"author":2,"featured_media":135435,"comment_status":"closed","ping_status":"open","sticky":false,"template":"","format":"standard","meta":{"footnotes":""},"categories":[27,3,25],"tags":[],"class_list":["post-135434","post","type-post","status-publish","format-standard","has-post-thumbnail","category-appuntamenti","category-arte-cultura-spettacoli-scienza-archivi","category-pausa-caffe"],"yoast_head":"<!-- This site is optimized with the Yoast SEO plugin v28.4 - https:\/\/yoast.com\/product\/yoast-seo-wordpress\/ -->\n<title>Festa campestre al Pr\u00e0 de la Melia a Gron di Sospirolo - Bellunopress - Dolomiti<\/title>\n<meta name=\"robots\" content=\"index, follow, max-snippet:-1, max-image-preview:large, max-video-preview:-1\" \/>\n<link rel=\"canonical\" href=\"https:\/\/www.bellunopress.it\/fr\/2022\/07\/29\/festa-campestre-al-pra-de-la-melia-a-gron-di-sospirolo-2\/\" \/>\n<meta property=\"og:locale\" content=\"fr_FR\" \/>\n<meta property=\"og:type\" content=\"article\" \/>\n<meta property=\"og:title\" content=\"Festa campestre al Pr\u00e0 de la Melia a Gron di Sospirolo - Bellunopress - Dolomiti\" \/>\n<meta property=\"og:description\" content=\"Sabato 30 luglio ore 20.45 a Le Rosse di Sospirolo (cortivo\/arena Balzan) concerto della Valter Feltrin band per la rassegna Musica nei cortivi. Le Rosse, localit\u00e0 sopra il lago di Vedana, nei pressi della Certosa si sale verso monte per 1,3 km\u00a0 Ritorna l&#8217;attesa festa campestre al Pr\u00e0 de la Melia, presso gli impianti sportivi [&hellip;]\" \/>\n<meta property=\"og:url\" content=\"https:\/\/www.bellunopress.it\/fr\/2022\/07\/29\/festa-campestre-al-pra-de-la-melia-a-gron-di-sospirolo-2\/\" \/>\n<meta property=\"og:site_name\" content=\"Bellunopress - Dolomiti\" \/>\n<meta property=\"article:publisher\" content=\"https:\/\/www.facebook.com\/profile.php?id=100008943462799\" \/>\n<meta property=\"article:published_time\" content=\"2022-07-29T18:17:41+00:00\" \/>\n<meta property=\"og:image\" content=\"https:\/\/www.bellunopress.it\/wp-content\/uploads\/2022\/07\/Festa-campestre-Sospirolo_edited.jpg\" \/>\n\t<meta property=\"og:image:width\" content=\"702\" \/>\n\t<meta property=\"og:image:height\" content=\"1000\" \/>\n\t<meta property=\"og:image:type\" content=\"image\/jpeg\" \/>\n<meta name=\"author\" content=\"redazione\" \/>\n<meta name=\"twitter:card\" content=\"summary_large_image\" \/>\n<meta name=\"twitter:creator\" content=\"@bellunopress\" \/>\n<meta name=\"twitter:site\" content=\"@bellunopress\" \/>\n<meta name=\"twitter:label1\" content=\"\u00c9crit par\" \/>\n\t<meta name=\"twitter:data1\" content=\"redazione\" \/>\n\t<meta name=\"twitter:label2\" content=\"Dur\u00e9e de lecture estim\u00e9e\" \/>\n\t<meta name=\"twitter:data2\" content=\"6 minutes\" \/>\n<script type=\"application\/ld+json\" class=\"yoast-schema-graph\">{\"@context\":\"https:\\\/\\\/schema.org\",\"@graph\":[{\"@type\":\"Article\",\"@id\":\"https:\\\/\\\/www.bellunopress.it\\\/2022\\\/07\\\/29\\\/festa-campestre-al-pra-de-la-melia-a-gron-di-sospirolo-2\\\/#article\",\"isPartOf\":{\"@id\":\"https:\\\/\\\/www.bellunopress.it\\\/2022\\\/07\\\/29\\\/festa-campestre-al-pra-de-la-melia-a-gron-di-sospirolo-2\\\/\"},\"author\":{\"name\":\"redazione\",\"@id\":\"https:\\\/\\\/www.bellunopress.it\\\/#\\\/schema\\\/person\\\/79bb06722b37ece1c03d3e94beb30d73\"},\"headline\":\"Festa campestre al Pr\u00e0 de la Melia a Gron di Sospirolo\",\"datePublished\":\"2022-07-29T18:17:41+00:00\",\"mainEntityOfPage\":{\"@id\":\"https:\\\/\\\/www.bellunopress.it\\\/2022\\\/07\\\/29\\\/festa-campestre-al-pra-de-la-melia-a-gron-di-sospirolo-2\\\/\"},\"wordCount\":997,\"publisher\":{\"@id\":\"https:\\\/\\\/www.bellunopress.it\\\/#organization\"},\"image\":{\"@id\":\"https:\\\/\\\/www.bellunopress.it\\\/2022\\\/07\\\/29\\\/festa-campestre-al-pra-de-la-melia-a-gron-di-sospirolo-2\\\/#primaryimage\"},\"thumbnailUrl\":\"https:\\\/\\\/www.bellunopress.it\\\/wp-content\\\/uploads\\\/2022\\\/07\\\/Festa-campestre-Sospirolo_edited.jpg\",\"articleSection\":[\"Appuntamenti, Eventi\",\"Arte, Cultura, Spettacoli, Scienza\",\"Pausa Caff\u00e8\"],\"inLanguage\":\"fr-FR\"},{\"@type\":\"WebPage\",\"@id\":\"https:\\\/\\\/www.bellunopress.it\\\/2022\\\/07\\\/29\\\/festa-campestre-al-pra-de-la-melia-a-gron-di-sospirolo-2\\\/\",\"url\":\"https:\\\/\\\/www.bellunopress.it\\\/2022\\\/07\\\/29\\\/festa-campestre-al-pra-de-la-melia-a-gron-di-sospirolo-2\\\/\",\"name\":\"Festa campestre al Pr\u00e0 de la Melia a Gron di Sospirolo - Bellunopress - Dolomiti\",\"isPartOf\":{\"@id\":\"https:\\\/\\\/www.bellunopress.it\\\/#website\"},\"primaryImageOfPage\":{\"@id\":\"https:\\\/\\\/www.bellunopress.it\\\/2022\\\/07\\\/29\\\/festa-campestre-al-pra-de-la-melia-a-gron-di-sospirolo-2\\\/#primaryimage\"},\"image\":{\"@id\":\"https:\\\/\\\/www.bellunopress.it\\\/2022\\\/07\\\/29\\\/festa-campestre-al-pra-de-la-melia-a-gron-di-sospirolo-2\\\/#primaryimage\"},\"thumbnailUrl\":\"https:\\\/\\\/www.bellunopress.it\\\/wp-content\\\/uploads\\\/2022\\\/07\\\/Festa-campestre-Sospirolo_edited.jpg\",\"datePublished\":\"2022-07-29T18:17:41+00:00\",\"breadcrumb\":{\"@id\":\"https:\\\/\\\/www.bellunopress.it\\\/2022\\\/07\\\/29\\\/festa-campestre-al-pra-de-la-melia-a-gron-di-sospirolo-2\\\/#breadcrumb\"},\"inLanguage\":\"fr-FR\",\"potentialAction\":[{\"@type\":\"ReadAction\",\"target\":[\"https:\\\/\\\/www.bellunopress.it\\\/2022\\\/07\\\/29\\\/festa-campestre-al-pra-de-la-melia-a-gron-di-sospirolo-2\\\/\"]}]},{\"@type\":\"ImageObject\",\"inLanguage\":\"fr-FR\",\"@id\":\"https:\\\/\\\/www.bellunopress.it\\\/2022\\\/07\\\/29\\\/festa-campestre-al-pra-de-la-melia-a-gron-di-sospirolo-2\\\/#primaryimage\",\"url\":\"https:\\\/\\\/www.bellunopress.it\\\/wp-content\\\/uploads\\\/2022\\\/07\\\/Festa-campestre-Sospirolo_edited.jpg\",\"contentUrl\":\"https:\\\/\\\/www.bellunopress.it\\\/wp-content\\\/uploads\\\/2022\\\/07\\\/Festa-campestre-Sospirolo_edited.jpg\",\"width\":702,\"height\":1000},{\"@type\":\"BreadcrumbList\",\"@id\":\"https:\\\/\\\/www.bellunopress.it\\\/2022\\\/07\\\/29\\\/festa-campestre-al-pra-de-la-melia-a-gron-di-sospirolo-2\\\/#breadcrumb\",\"itemListElement\":[{\"@type\":\"ListItem\",\"position\":1,\"name\":\"Home\",\"item\":\"https:\\\/\\\/www.bellunopress.it\\\/\"},{\"@type\":\"ListItem\",\"position\":2,\"name\":\"Festa campestre al Pr\u00e0 de la Melia a Gron di Sospirolo\"}]},{\"@type\":\"WebSite\",\"@id\":\"https:\\\/\\\/www.bellunopress.it\\\/#website\",\"url\":\"https:\\\/\\\/www.bellunopress.it\\\/\",\"name\":\"Bellunopress - Dolomiti\",\"description\":\"e-mail: redazione@bellunopress.it\",\"publisher\":{\"@id\":\"https:\\\/\\\/www.bellunopress.it\\\/#organization\"},\"potentialAction\":[{\"@type\":\"SearchAction\",\"target\":{\"@type\":\"EntryPoint\",\"urlTemplate\":\"https:\\\/\\\/www.bellunopress.it\\\/?s={search_term_string}\"},\"query-input\":{\"@type\":\"PropertyValueSpecification\",\"valueRequired\":true,\"valueName\":\"search_term_string\"}}],\"inLanguage\":\"fr-FR\"},{\"@type\":\"Organization\",\"@id\":\"https:\\\/\\\/www.bellunopress.it\\\/#organization\",\"name\":\"Bellunopress\",\"url\":\"https:\\\/\\\/www.bellunopress.it\\\/\",\"logo\":{\"@type\":\"ImageObject\",\"inLanguage\":\"fr-FR\",\"@id\":\"https:\\\/\\\/www.bellunopress.it\\\/#\\\/schema\\\/logo\\\/image\\\/\",\"url\":\"https:\\\/\\\/www.bellunopress.it\\\/wp-content\\\/uploads\\\/2011\\\/05\\\/cropped-logo-bellunopress-.jpg\",\"contentUrl\":\"https:\\\/\\\/www.bellunopress.it\\\/wp-content\\\/uploads\\\/2011\\\/05\\\/cropped-logo-bellunopress-.jpg\",\"width\":512,\"height\":512,\"caption\":\"Bellunopress\"},\"image\":{\"@id\":\"https:\\\/\\\/www.bellunopress.it\\\/#\\\/schema\\\/logo\\\/image\\\/\"},\"sameAs\":[\"https:\\\/\\\/www.facebook.com\\\/profile.php?id=100008943462799\",\"https:\\\/\\\/x.com\\\/bellunopress\",\"https:\\\/\\\/www.linkedin.com\\\/hp\\\/?dnr=JBzUWaJfMUw8vbXJJ2tVW5-I3jZKvC4wsoxE&amp;amp;amp;amp;amp;amp;trk=nav_responsive_tab_home\",\"https:\\\/\\\/www.youtube.com\\\/channel\\\/UCxL0wu1uN0_3_7hGG0306cw\"]},{\"@type\":\"Person\",\"@id\":\"https:\\\/\\\/www.bellunopress.it\\\/#\\\/schema\\\/person\\\/79bb06722b37ece1c03d3e94beb30d73\",\"name\":\"redazione\",\"image\":{\"@type\":\"ImageObject\",\"inLanguage\":\"fr-FR\",\"@id\":\"https:\\\/\\\/secure.gravatar.com\\\/avatar\\\/37d968a2e67a6fd04c169c4bdef102d0bc5d31b2546345219e348575eb80e9a0?s=96&d=mm&r=g\",\"url\":\"https:\\\/\\\/secure.gravatar.com\\\/avatar\\\/37d968a2e67a6fd04c169c4bdef102d0bc5d31b2546345219e348575eb80e9a0?s=96&d=mm&r=g\",\"contentUrl\":\"https:\\\/\\\/secure.gravatar.com\\\/avatar\\\/37d968a2e67a6fd04c169c4bdef102d0bc5d31b2546345219e348575eb80e9a0?s=96&d=mm&r=g\",\"caption\":\"redazione\"},\"sameAs\":[\"http:\\\/\\\/www.bellunopress.it\",\"https:\\\/\\\/x.com\\\/bellunopress\"],\"url\":\"https:\\\/\\\/www.bellunopress.it\\\/fr\\\/author\\\/redazione\\\/\"}]}<\/script>\n<!-- \/ Yoast SEO plugin. -->","yoast_head_json":{"title":"Festa campestre al Pr\u00e0 de la Melia a Gron di Sospirolo - Bellunopress - Dolomiti","robots":{"index":"index","follow":"follow","max-snippet":"max-snippet:-1","max-image-preview":"max-image-preview:large","max-video-preview":"max-video-preview:-1"},"canonical":"https:\/\/www.bellunopress.it\/fr\/2022\/07\/29\/festa-campestre-al-pra-de-la-melia-a-gron-di-sospirolo-2\/","og_locale":"fr_FR","og_type":"article","og_title":"Festa campestre al Pr\u00e0 de la Melia a Gron di Sospirolo - Bellunopress - Dolomiti","og_description":"Sabato 30 luglio ore 20.45 a Le Rosse di Sospirolo (cortivo\/arena Balzan) concerto della Valter Feltrin band per la rassegna Musica nei cortivi. Le Rosse, localit\u00e0 sopra il lago di Vedana, nei pressi della Certosa si sale verso monte per 1,3 km\u00a0 Ritorna l&#8217;attesa festa campestre al Pr\u00e0 de la Melia, presso gli impianti sportivi [&hellip;]","og_url":"https:\/\/www.bellunopress.it\/fr\/2022\/07\/29\/festa-campestre-al-pra-de-la-melia-a-gron-di-sospirolo-2\/","og_site_name":"Bellunopress - Dolomiti","article_publisher":"https:\/\/www.facebook.com\/profile.php?id=100008943462799","article_published_time":"2022-07-29T18:17:41+00:00","og_image":[{"width":702,"height":1000,"url":"https:\/\/www.bellunopress.it\/wp-content\/uploads\/2022\/07\/Festa-campestre-Sospirolo_edited.jpg","type":"image\/jpeg"}],"author":"redazione","twitter_card":"summary_large_image","twitter_creator":"@bellunopress","twitter_site":"@bellunopress","twitter_misc":{"\u00c9crit par":"redazione","Dur\u00e9e de lecture estim\u00e9e":"6 minutes"},"schema":{"@context":"https:\/\/schema.org","@graph":[{"@type":"Article","@id":"https:\/\/www.bellunopress.it\/2022\/07\/29\/festa-campestre-al-pra-de-la-melia-a-gron-di-sospirolo-2\/#article","isPartOf":{"@id":"https:\/\/www.bellunopress.it\/2022\/07\/29\/festa-campestre-al-pra-de-la-melia-a-gron-di-sospirolo-2\/"},"author":{"name":"redazione","@id":"https:\/\/www.bellunopress.it\/#\/schema\/person\/79bb06722b37ece1c03d3e94beb30d73"},"headline":"Festa campestre al Pr\u00e0 de la Melia a Gron di Sospirolo","datePublished":"2022-07-29T18:17:41+00:00","mainEntityOfPage":{"@id":"https:\/\/www.bellunopress.it\/2022\/07\/29\/festa-campestre-al-pra-de-la-melia-a-gron-di-sospirolo-2\/"},"wordCount":997,"publisher":{"@id":"https:\/\/www.bellunopress.it\/#organization"},"image":{"@id":"https:\/\/www.bellunopress.it\/2022\/07\/29\/festa-campestre-al-pra-de-la-melia-a-gron-di-sospirolo-2\/#primaryimage"},"thumbnailUrl":"https:\/\/www.bellunopress.it\/wp-content\/uploads\/2022\/07\/Festa-campestre-Sospirolo_edited.jpg","articleSection":["Appuntamenti, Eventi","Arte, Cultura, Spettacoli, Scienza","Pausa Caff\u00e8"],"inLanguage":"fr-FR"},{"@type":"WebPage","@id":"https:\/\/www.bellunopress.it\/2022\/07\/29\/festa-campestre-al-pra-de-la-melia-a-gron-di-sospirolo-2\/","url":"https:\/\/www.bellunopress.it\/2022\/07\/29\/festa-campestre-al-pra-de-la-melia-a-gron-di-sospirolo-2\/","name":"Festa campestre al Pr\u00e0 de la Melia a Gron di Sospirolo - Bellunopress - Dolomiti","isPartOf":{"@id":"https:\/\/www.bellunopress.it\/#website"},"primaryImageOfPage":{"@id":"https:\/\/www.bellunopress.it\/2022\/07\/29\/festa-campestre-al-pra-de-la-melia-a-gron-di-sospirolo-2\/#primaryimage"},"image":{"@id":"https:\/\/www.bellunopress.it\/2022\/07\/29\/festa-campestre-al-pra-de-la-melia-a-gron-di-sospirolo-2\/#primaryimage"},"thumbnailUrl":"https:\/\/www.bellunopress.it\/wp-content\/uploads\/2022\/07\/Festa-campestre-Sospirolo_edited.jpg","datePublished":"2022-07-29T18:17:41+00:00","breadcrumb":{"@id":"https:\/\/www.bellunopress.it\/2022\/07\/29\/festa-campestre-al-pra-de-la-melia-a-gron-di-sospirolo-2\/#breadcrumb"},"inLanguage":"fr-FR","potentialAction":[{"@type":"ReadAction","target":["https:\/\/www.bellunopress.it\/2022\/07\/29\/festa-campestre-al-pra-de-la-melia-a-gron-di-sospirolo-2\/"]}]},{"@type":"ImageObject","inLanguage":"fr-FR","@id":"https:\/\/www.bellunopress.it\/2022\/07\/29\/festa-campestre-al-pra-de-la-melia-a-gron-di-sospirolo-2\/#primaryimage","url":"https:\/\/www.bellunopress.it\/wp-content\/uploads\/2022\/07\/Festa-campestre-Sospirolo_edited.jpg","contentUrl":"https:\/\/www.bellunopress.it\/wp-content\/uploads\/2022\/07\/Festa-campestre-Sospirolo_edited.jpg","width":702,"height":1000},{"@type":"BreadcrumbList","@id":"https:\/\/www.bellunopress.it\/2022\/07\/29\/festa-campestre-al-pra-de-la-melia-a-gron-di-sospirolo-2\/#breadcrumb","itemListElement":[{"@type":"ListItem","position":1,"name":"Home","item":"https:\/\/www.bellunopress.it\/"},{"@type":"ListItem","position":2,"name":"Festa campestre al Pr\u00e0 de la Melia a Gron di Sospirolo"}]},{"@type":"WebSite","@id":"https:\/\/www.bellunopress.it\/#website","url":"https:\/\/www.bellunopress.it\/","name":"Bellunopress - Dolomiti","description":"e-mail: redazione@bellunopress.it","publisher":{"@id":"https:\/\/www.bellunopress.it\/#organization"},"potentialAction":[{"@type":"SearchAction","target":{"@type":"EntryPoint","urlTemplate":"https:\/\/www.bellunopress.it\/?s={search_term_string}"},"query-input":{"@type":"PropertyValueSpecification","valueRequired":true,"valueName":"search_term_string"}}],"inLanguage":"fr-FR"},{"@type":"Organization","@id":"https:\/\/www.bellunopress.it\/#organization","name":"Bellunopress","url":"https:\/\/www.bellunopress.it\/","logo":{"@type":"ImageObject","inLanguage":"fr-FR","@id":"https:\/\/www.bellunopress.it\/#\/schema\/logo\/image\/","url":"https:\/\/www.bellunopress.it\/wp-content\/uploads\/2011\/05\/cropped-logo-bellunopress-.jpg","contentUrl":"https:\/\/www.bellunopress.it\/wp-content\/uploads\/2011\/05\/cropped-logo-bellunopress-.jpg","width":512,"height":512,"caption":"Bellunopress"},"image":{"@id":"https:\/\/www.bellunopress.it\/#\/schema\/logo\/image\/"},"sameAs":["https:\/\/www.facebook.com\/profile.php?id=100008943462799","https:\/\/x.com\/bellunopress","https:\/\/www.linkedin.com\/hp\/?dnr=JBzUWaJfMUw8vbXJJ2tVW5-I3jZKvC4wsoxE&amp;amp;amp;amp;amp;amp;trk=nav_responsive_tab_home","https:\/\/www.youtube.com\/channel\/UCxL0wu1uN0_3_7hGG0306cw"]},{"@type":"Person","@id":"https:\/\/www.bellunopress.it\/#\/schema\/person\/79bb06722b37ece1c03d3e94beb30d73","name":"r\u00e9daction","image":{"@type":"ImageObject","inLanguage":"fr-FR","@id":"https:\/\/secure.gravatar.com\/avatar\/37d968a2e67a6fd04c169c4bdef102d0bc5d31b2546345219e348575eb80e9a0?s=96&d=mm&r=g","url":"https:\/\/secure.gravatar.com\/avatar\/37d968a2e67a6fd04c169c4bdef102d0bc5d31b2546345219e348575eb80e9a0?s=96&d=mm&r=g","contentUrl":"https:\/\/secure.gravatar.com\/avatar\/37d968a2e67a6fd04c169c4bdef102d0bc5d31b2546345219e348575eb80e9a0?s=96&d=mm&r=g","caption":"redazione"},"sameAs":["http:\/\/www.bellunopress.it","https:\/\/x.com\/bellunopress"],"url":"https:\/\/www.bellunopress.it\/fr\/author\/redazione\/"}]}},"_links":{"self":[{"href":"https:\/\/www.bellunopress.it\/fr\/wp-json\/wp\/v2\/posts\/135434","targetHints":{"allow":["GET"]}}],"collection":[{"href":"https:\/\/www.bellunopress.it\/fr\/wp-json\/wp\/v2\/posts"}],"about":[{"href":"https:\/\/www.bellunopress.it\/fr\/wp-json\/wp\/v2\/types\/post"}],"author":[{"embeddable":true,"href":"https:\/\/www.bellunopress.it\/fr\/wp-json\/wp\/v2\/users\/2"}],"replies":[{"embeddable":true,"href":"https:\/\/www.bellunopress.it\/fr\/wp-json\/wp\/v2\/comments?post=135434"}],"version-history":[{"count":1,"href":"https:\/\/www.bellunopress.it\/fr\/wp-json\/wp\/v2\/posts\/135434\/revisions"}],"predecessor-version":[{"id":135436,"href":"https:\/\/www.bellunopress.it\/fr\/wp-json\/wp\/v2\/posts\/135434\/revisions\/135436"}],"wp:featuredmedia":[{"embeddable":true,"href":"https:\/\/www.bellunopress.it\/fr\/wp-json\/wp\/v2\/media\/135435"}],"wp:attachment":[{"href":"https:\/\/www.bellunopress.it\/fr\/wp-json\/wp\/v2\/media?parent=135434"}],"wp:term":[{"taxonomy":"category","embeddable":true,"href":"https:\/\/www.bellunopress.it\/fr\/wp-json\/wp\/v2\/categories?post=135434"},{"taxonomy":"post_tag","embeddable":true,"href":"https:\/\/www.bellunopress.it\/fr\/wp-json\/wp\/v2\/tags?post=135434"}],"curies":[{"name":"wp","href":"https:\/\/api.w.org\/{rel}","templated":true}]}}