{"id":135432,"date":"2022-07-29T18:51:52","date_gmt":"2022-07-29T16:51:52","guid":{"rendered":"https:\/\/www.bellunopress.it\/?p=135432"},"modified":"2022-07-29T18:51:52","modified_gmt":"2022-07-29T16:51:52","slug":"48ma-alpe-del-nevegal-e-il-giorno-delle-prove-sabato-alle-730-chiusura-strade","status":"publish","type":"post","link":"https:\/\/www.bellunopress.it\/fr\/2022\/07\/29\/48ma-alpe-del-nevegal-e-il-giorno-delle-prove-sabato-alle-730-chiusura-strade\/","title":{"rendered":"48ma Alpe del Neveg\u00e0l: \u00e8 il giorno delle prove. Sabato alle 7:30 chiusura strade"},"content":{"rendered":"<figure id=\"attachment_133873\" aria-describedby=\"caption-attachment-133873\" style=\"width: 1100px\" class=\"wp-caption alignleft\"><img loading=\"lazy\" decoding=\"async\" class=\"size-full wp-image-133873\" src=\"https:\/\/www.bellunopress.it\/wp-content\/uploads\/2022\/05\/Alpe-del-Nevegal-Diego-De-Gasperi-Vincitore-2021-FotoFlavioCasoni.jpg\" alt=\"\" width=\"1100\" height=\"733\" srcset=\"https:\/\/www.bellunopress.it\/wp-content\/uploads\/2022\/05\/Alpe-del-Nevegal-Diego-De-Gasperi-Vincitore-2021-FotoFlavioCasoni.jpg 1100w, https:\/\/www.bellunopress.it\/wp-content\/uploads\/2022\/05\/Alpe-del-Nevegal-Diego-De-Gasperi-Vincitore-2021-FotoFlavioCasoni-500x333.jpg 500w, https:\/\/www.bellunopress.it\/wp-content\/uploads\/2022\/05\/Alpe-del-Nevegal-Diego-De-Gasperi-Vincitore-2021-FotoFlavioCasoni-1000x666.jpg 1000w, https:\/\/www.bellunopress.it\/wp-content\/uploads\/2022\/05\/Alpe-del-Nevegal-Diego-De-Gasperi-Vincitore-2021-FotoFlavioCasoni-696x464.jpg 696w, https:\/\/www.bellunopress.it\/wp-content\/uploads\/2022\/05\/Alpe-del-Nevegal-Diego-De-Gasperi-Vincitore-2021-FotoFlavioCasoni-1068x712.jpg 1068w, https:\/\/www.bellunopress.it\/wp-content\/uploads\/2022\/05\/Alpe-del-Nevegal-Diego-De-Gasperi-Vincitore-2021-FotoFlavioCasoni-630x420.jpg 630w\" sizes=\"auto, (max-width: 1100px) 100vw, 1100px\" \/><figcaption id=\"caption-attachment-133873\" class=\"wp-caption-text\">Diego De Gasperi Vincitore 2021- Foto Flavio Casoni<\/figcaption><\/figure>\n<p>Belluno, 29 luglio 2022 &#8211; Sono 262 i piloti che, superate le verifiche di oggi, sono stati inseriti nell\u2019elenco dei concorrenti ammessi a prendere parte alle salite di ricognizione che si svolgeranno domani, a partire dalle 8.30 (chiusura strade a partire dalle 7.30), in due turni per auto storiche, auto moderne TIVM e auto moderne CIVM. Non sar\u00e0 una giornata banale, quella cui sono attesi i protagonisti della 48^ Alpe del Neveg\u00e0l, ottavo appuntamento del Campionato Italiano Velocit\u00e0 Montagna CIVM, terzultima tappa del Trofeo Italiano Velocit\u00e0 Montagna zona Nord e quarta tappa del Campionato nazionale austriaco delle cronoscalate. Ieri, come da tempo si vociferava, l\u2019Ispettore alla sicurezza ACI Sport, Oronzo Pezzolla, ha imposto l\u2019inserimento di una seconda chicane di rallentamento, posizionata a 430 metri dalla linea di partenza. Le salite di ricognizione serviranno ai piloti anche per prendere conoscenza con questa nuova configurazione del tracciato di 5.500 metri che da Caleipo porta all\u2019Alpe in Fiore, superando un dislivello di 426 metri con una pendenza media del 9,56%.<\/p>\n<p>Nel pomeriggio, mentre erano in corso le verifiche, la 48^ Alpe del Neveg\u00e0l ha ricevuto le gradite visite di due illustri amici: Stefano Cossetti, direttore responsabile dei mensili specializzati Tuttorally + e Grace, che come concorrente raggiunger\u00e0 la sua quinta presenza nella competizione bellunese che nei primi anni \u201990 seguiva come inviato di Autosprint; Giorgio Pirolo, il designer bellunese che \u00e8 fondatore del brand Frangivento, le supercar dotate di tecnologia all\u2019avanguardia e della corsa cur\u00f2 l\u2019ufficio stampa e il libro sui cinquant\u2019anni di storia sportiva.<\/p>\n<p>Al termine delle prove, il ristorante Pian Longhi \u2013 Sport, Food e Wellness proporr\u00e0 l\u2019aperitivo con DJ set e la \u201cCena del Pilota\u201d, con possibilit\u00e0 per tutti di assaporare le pietanze tipiche delle Dolomiti Bellunesi, immersi nello splendido panorama del Neveg\u00e0l.<\/p>","protected":false},"excerpt":{"rendered":"<p>Belluno, 29 luglio 2022 &#8211; Sono 262 i piloti che, superate le verifiche di oggi, sono stati inseriti nell\u2019elenco dei concorrenti ammessi a prendere parte alle salite di ricognizione che si svolgeranno domani, a partire dalle 8.30 (chiusura strade a partire dalle 7.30), in due turni per auto storiche, auto moderne TIVM e auto moderne [&hellip;]<\/p>\n","protected":false},"author":2,"featured_media":116561,"comment_status":"closed","ping_status":"open","sticky":false,"template":"","format":"standard","meta":{"footnotes":""},"categories":[26,4],"tags":[],"class_list":["post-135432","post","type-post","status-publish","format-standard","has-post-thumbnail","category-prima-pagina","category-sport"],"yoast_head":"<!-- This site is optimized with the Yoast SEO plugin v28.4 - https:\/\/yoast.com\/product\/yoast-seo-wordpress\/ -->\n<title>48ma Alpe del Neveg\u00e0l: \u00e8 il giorno delle prove. Sabato alle 7:30 chiusura strade - Bellunopress - Dolomiti<\/title>\n<meta name=\"robots\" content=\"index, follow, max-snippet:-1, max-image-preview:large, max-video-preview:-1\" \/>\n<link rel=\"canonical\" href=\"https:\/\/www.bellunopress.it\/fr\/2022\/07\/29\/48ma-alpe-del-nevegal-e-il-giorno-delle-prove-sabato-alle-730-chiusura-strade\/\" \/>\n<meta property=\"og:locale\" content=\"fr_FR\" \/>\n<meta property=\"og:type\" content=\"article\" \/>\n<meta property=\"og:title\" content=\"48ma Alpe del Neveg\u00e0l: \u00e8 il giorno delle prove. Sabato alle 7:30 chiusura strade - Bellunopress - Dolomiti\" \/>\n<meta property=\"og:description\" content=\"Belluno, 29 luglio 2022 &#8211; Sono 262 i piloti che, superate le verifiche di oggi, sono stati inseriti nell\u2019elenco dei concorrenti ammessi a prendere parte alle salite di ricognizione che si svolgeranno domani, a partire dalle 8.30 (chiusura strade a partire dalle 7.30), in due turni per auto storiche, auto moderne TIVM e auto moderne [&hellip;]\" \/>\n<meta property=\"og:url\" content=\"https:\/\/www.bellunopress.it\/fr\/2022\/07\/29\/48ma-alpe-del-nevegal-e-il-giorno-delle-prove-sabato-alle-730-chiusura-strade\/\" \/>\n<meta property=\"og:site_name\" content=\"Bellunopress - Dolomiti\" \/>\n<meta property=\"article:publisher\" content=\"https:\/\/www.facebook.com\/profile.php?id=100008943462799\" \/>\n<meta property=\"article:published_time\" content=\"2022-07-29T16:51:52+00:00\" \/>\n<meta property=\"og:image\" content=\"https:\/\/www.bellunopress.it\/wp-content\/uploads\/2020\/08\/Alpe-del-Nevegal-Lottini-su-Osella-\u00a9SamueleGuida.jpg\" \/>\n\t<meta property=\"og:image:width\" content=\"800\" \/>\n\t<meta property=\"og:image:height\" content=\"544\" \/>\n\t<meta property=\"og:image:type\" content=\"image\/jpeg\" \/>\n<meta name=\"author\" content=\"redazione\" \/>\n<meta name=\"twitter:card\" content=\"summary_large_image\" \/>\n<meta name=\"twitter:creator\" content=\"@bellunopress\" \/>\n<meta name=\"twitter:site\" content=\"@bellunopress\" \/>\n<meta name=\"twitter:label1\" content=\"\u00c9crit par\" \/>\n\t<meta name=\"twitter:data1\" content=\"redazione\" \/>\n\t<meta name=\"twitter:label2\" content=\"Dur\u00e9e de lecture estim\u00e9e\" \/>\n\t<meta name=\"twitter:data2\" content=\"2 minutes\" \/>\n<script type=\"application\/ld+json\" class=\"yoast-schema-graph\">{\"@context\":\"https:\\\/\\\/schema.org\",\"@graph\":[{\"@type\":\"Article\",\"@id\":\"https:\\\/\\\/www.bellunopress.it\\\/2022\\\/07\\\/29\\\/48ma-alpe-del-nevegal-e-il-giorno-delle-prove-sabato-alle-730-chiusura-strade\\\/#article\",\"isPartOf\":{\"@id\":\"https:\\\/\\\/www.bellunopress.it\\\/2022\\\/07\\\/29\\\/48ma-alpe-del-nevegal-e-il-giorno-delle-prove-sabato-alle-730-chiusura-strade\\\/\"},\"author\":{\"name\":\"redazione\",\"@id\":\"https:\\\/\\\/www.bellunopress.it\\\/#\\\/schema\\\/person\\\/79bb06722b37ece1c03d3e94beb30d73\"},\"headline\":\"48ma Alpe del Neveg\u00e0l: \u00e8 il giorno delle prove. Sabato alle 7:30 chiusura strade\",\"datePublished\":\"2022-07-29T16:51:52+00:00\",\"mainEntityOfPage\":{\"@id\":\"https:\\\/\\\/www.bellunopress.it\\\/2022\\\/07\\\/29\\\/48ma-alpe-del-nevegal-e-il-giorno-delle-prove-sabato-alle-730-chiusura-strade\\\/\"},\"wordCount\":317,\"publisher\":{\"@id\":\"https:\\\/\\\/www.bellunopress.it\\\/#organization\"},\"image\":{\"@id\":\"https:\\\/\\\/www.bellunopress.it\\\/2022\\\/07\\\/29\\\/48ma-alpe-del-nevegal-e-il-giorno-delle-prove-sabato-alle-730-chiusura-strade\\\/#primaryimage\"},\"thumbnailUrl\":\"https:\\\/\\\/www.bellunopress.it\\\/wp-content\\\/uploads\\\/2020\\\/08\\\/Alpe-del-Nevegal-Lottini-su-Osella-\u00a9SamueleGuida.jpg\",\"articleSection\":[\"Prima Pagina\",\"Sport, tempo libero\"],\"inLanguage\":\"fr-FR\"},{\"@type\":\"WebPage\",\"@id\":\"https:\\\/\\\/www.bellunopress.it\\\/2022\\\/07\\\/29\\\/48ma-alpe-del-nevegal-e-il-giorno-delle-prove-sabato-alle-730-chiusura-strade\\\/\",\"url\":\"https:\\\/\\\/www.bellunopress.it\\\/2022\\\/07\\\/29\\\/48ma-alpe-del-nevegal-e-il-giorno-delle-prove-sabato-alle-730-chiusura-strade\\\/\",\"name\":\"48ma Alpe del Neveg\u00e0l: \u00e8 il giorno delle prove. Sabato alle 7:30 chiusura strade - Bellunopress - Dolomiti\",\"isPartOf\":{\"@id\":\"https:\\\/\\\/www.bellunopress.it\\\/#website\"},\"primaryImageOfPage\":{\"@id\":\"https:\\\/\\\/www.bellunopress.it\\\/2022\\\/07\\\/29\\\/48ma-alpe-del-nevegal-e-il-giorno-delle-prove-sabato-alle-730-chiusura-strade\\\/#primaryimage\"},\"image\":{\"@id\":\"https:\\\/\\\/www.bellunopress.it\\\/2022\\\/07\\\/29\\\/48ma-alpe-del-nevegal-e-il-giorno-delle-prove-sabato-alle-730-chiusura-strade\\\/#primaryimage\"},\"thumbnailUrl\":\"https:\\\/\\\/www.bellunopress.it\\\/wp-content\\\/uploads\\\/2020\\\/08\\\/Alpe-del-Nevegal-Lottini-su-Osella-\u00a9SamueleGuida.jpg\",\"datePublished\":\"2022-07-29T16:51:52+00:00\",\"breadcrumb\":{\"@id\":\"https:\\\/\\\/www.bellunopress.it\\\/2022\\\/07\\\/29\\\/48ma-alpe-del-nevegal-e-il-giorno-delle-prove-sabato-alle-730-chiusura-strade\\\/#breadcrumb\"},\"inLanguage\":\"fr-FR\",\"potentialAction\":[{\"@type\":\"ReadAction\",\"target\":[\"https:\\\/\\\/www.bellunopress.it\\\/2022\\\/07\\\/29\\\/48ma-alpe-del-nevegal-e-il-giorno-delle-prove-sabato-alle-730-chiusura-strade\\\/\"]}]},{\"@type\":\"ImageObject\",\"inLanguage\":\"fr-FR\",\"@id\":\"https:\\\/\\\/www.bellunopress.it\\\/2022\\\/07\\\/29\\\/48ma-alpe-del-nevegal-e-il-giorno-delle-prove-sabato-alle-730-chiusura-strade\\\/#primaryimage\",\"url\":\"https:\\\/\\\/www.bellunopress.it\\\/wp-content\\\/uploads\\\/2020\\\/08\\\/Alpe-del-Nevegal-Lottini-su-Osella-\u00a9SamueleGuida.jpg\",\"contentUrl\":\"https:\\\/\\\/www.bellunopress.it\\\/wp-content\\\/uploads\\\/2020\\\/08\\\/Alpe-del-Nevegal-Lottini-su-Osella-\u00a9SamueleGuida.jpg\",\"width\":800,\"height\":544,\"caption\":\"Piero Lottini su Osella Pa9\\\/90 - Foto Samuele Guida\"},{\"@type\":\"BreadcrumbList\",\"@id\":\"https:\\\/\\\/www.bellunopress.it\\\/2022\\\/07\\\/29\\\/48ma-alpe-del-nevegal-e-il-giorno-delle-prove-sabato-alle-730-chiusura-strade\\\/#breadcrumb\",\"itemListElement\":[{\"@type\":\"ListItem\",\"position\":1,\"name\":\"Home\",\"item\":\"https:\\\/\\\/www.bellunopress.it\\\/\"},{\"@type\":\"ListItem\",\"position\":2,\"name\":\"48ma Alpe del Neveg\u00e0l: \u00e8 il giorno delle prove. Sabato alle 7:30 chiusura strade\"}]},{\"@type\":\"WebSite\",\"@id\":\"https:\\\/\\\/www.bellunopress.it\\\/#website\",\"url\":\"https:\\\/\\\/www.bellunopress.it\\\/\",\"name\":\"Bellunopress - Dolomiti\",\"description\":\"e-mail: redazione@bellunopress.it\",\"publisher\":{\"@id\":\"https:\\\/\\\/www.bellunopress.it\\\/#organization\"},\"potentialAction\":[{\"@type\":\"SearchAction\",\"target\":{\"@type\":\"EntryPoint\",\"urlTemplate\":\"https:\\\/\\\/www.bellunopress.it\\\/?s={search_term_string}\"},\"query-input\":{\"@type\":\"PropertyValueSpecification\",\"valueRequired\":true,\"valueName\":\"search_term_string\"}}],\"inLanguage\":\"fr-FR\"},{\"@type\":\"Organization\",\"@id\":\"https:\\\/\\\/www.bellunopress.it\\\/#organization\",\"name\":\"Bellunopress\",\"url\":\"https:\\\/\\\/www.bellunopress.it\\\/\",\"logo\":{\"@type\":\"ImageObject\",\"inLanguage\":\"fr-FR\",\"@id\":\"https:\\\/\\\/www.bellunopress.it\\\/#\\\/schema\\\/logo\\\/image\\\/\",\"url\":\"https:\\\/\\\/www.bellunopress.it\\\/wp-content\\\/uploads\\\/2011\\\/05\\\/cropped-logo-bellunopress-.jpg\",\"contentUrl\":\"https:\\\/\\\/www.bellunopress.it\\\/wp-content\\\/uploads\\\/2011\\\/05\\\/cropped-logo-bellunopress-.jpg\",\"width\":512,\"height\":512,\"caption\":\"Bellunopress\"},\"image\":{\"@id\":\"https:\\\/\\\/www.bellunopress.it\\\/#\\\/schema\\\/logo\\\/image\\\/\"},\"sameAs\":[\"https:\\\/\\\/www.facebook.com\\\/profile.php?id=100008943462799\",\"https:\\\/\\\/x.com\\\/bellunopress\",\"https:\\\/\\\/www.linkedin.com\\\/hp\\\/?dnr=JBzUWaJfMUw8vbXJJ2tVW5-I3jZKvC4wsoxE&amp;amp;amp;amp;amp;amp;trk=nav_responsive_tab_home\",\"https:\\\/\\\/www.youtube.com\\\/channel\\\/UCxL0wu1uN0_3_7hGG0306cw\"]},{\"@type\":\"Person\",\"@id\":\"https:\\\/\\\/www.bellunopress.it\\\/#\\\/schema\\\/person\\\/79bb06722b37ece1c03d3e94beb30d73\",\"name\":\"redazione\",\"image\":{\"@type\":\"ImageObject\",\"inLanguage\":\"fr-FR\",\"@id\":\"https:\\\/\\\/secure.gravatar.com\\\/avatar\\\/37d968a2e67a6fd04c169c4bdef102d0bc5d31b2546345219e348575eb80e9a0?s=96&d=mm&r=g\",\"url\":\"https:\\\/\\\/secure.gravatar.com\\\/avatar\\\/37d968a2e67a6fd04c169c4bdef102d0bc5d31b2546345219e348575eb80e9a0?s=96&d=mm&r=g\",\"contentUrl\":\"https:\\\/\\\/secure.gravatar.com\\\/avatar\\\/37d968a2e67a6fd04c169c4bdef102d0bc5d31b2546345219e348575eb80e9a0?s=96&d=mm&r=g\",\"caption\":\"redazione\"},\"sameAs\":[\"http:\\\/\\\/www.bellunopress.it\",\"https:\\\/\\\/x.com\\\/bellunopress\"],\"url\":\"https:\\\/\\\/www.bellunopress.it\\\/fr\\\/author\\\/redazione\\\/\"}]}<\/script>\n<!-- \/ Yoast SEO plugin. -->","yoast_head_json":{"title":"48ma Alpe del Neveg\u00e0l: \u00e8 il giorno delle prove. Sabato alle 7:30 chiusura strade - Bellunopress - Dolomiti","robots":{"index":"index","follow":"follow","max-snippet":"max-snippet:-1","max-image-preview":"max-image-preview:large","max-video-preview":"max-video-preview:-1"},"canonical":"https:\/\/www.bellunopress.it\/fr\/2022\/07\/29\/48ma-alpe-del-nevegal-e-il-giorno-delle-prove-sabato-alle-730-chiusura-strade\/","og_locale":"fr_FR","og_type":"article","og_title":"48ma Alpe del Neveg\u00e0l: \u00e8 il giorno delle prove. Sabato alle 7:30 chiusura strade - Bellunopress - Dolomiti","og_description":"Belluno, 29 luglio 2022 &#8211; Sono 262 i piloti che, superate le verifiche di oggi, sono stati inseriti nell\u2019elenco dei concorrenti ammessi a prendere parte alle salite di ricognizione che si svolgeranno domani, a partire dalle 8.30 (chiusura strade a partire dalle 7.30), in due turni per auto storiche, auto moderne TIVM e auto moderne [&hellip;]","og_url":"https:\/\/www.bellunopress.it\/fr\/2022\/07\/29\/48ma-alpe-del-nevegal-e-il-giorno-delle-prove-sabato-alle-730-chiusura-strade\/","og_site_name":"Bellunopress - Dolomiti","article_publisher":"https:\/\/www.facebook.com\/profile.php?id=100008943462799","article_published_time":"2022-07-29T16:51:52+00:00","og_image":[{"width":800,"height":544,"url":"https:\/\/www.bellunopress.it\/wp-content\/uploads\/2020\/08\/Alpe-del-Nevegal-Lottini-su-Osella-\u00a9SamueleGuida.jpg","type":"image\/jpeg"}],"author":"redazione","twitter_card":"summary_large_image","twitter_creator":"@bellunopress","twitter_site":"@bellunopress","twitter_misc":{"\u00c9crit par":"redazione","Dur\u00e9e de lecture estim\u00e9e":"2 minutes"},"schema":{"@context":"https:\/\/schema.org","@graph":[{"@type":"Article","@id":"https:\/\/www.bellunopress.it\/2022\/07\/29\/48ma-alpe-del-nevegal-e-il-giorno-delle-prove-sabato-alle-730-chiusura-strade\/#article","isPartOf":{"@id":"https:\/\/www.bellunopress.it\/2022\/07\/29\/48ma-alpe-del-nevegal-e-il-giorno-delle-prove-sabato-alle-730-chiusura-strade\/"},"author":{"name":"redazione","@id":"https:\/\/www.bellunopress.it\/#\/schema\/person\/79bb06722b37ece1c03d3e94beb30d73"},"headline":"48ma Alpe del Neveg\u00e0l: \u00e8 il giorno delle prove. Sabato alle 7:30 chiusura strade","datePublished":"2022-07-29T16:51:52+00:00","mainEntityOfPage":{"@id":"https:\/\/www.bellunopress.it\/2022\/07\/29\/48ma-alpe-del-nevegal-e-il-giorno-delle-prove-sabato-alle-730-chiusura-strade\/"},"wordCount":317,"publisher":{"@id":"https:\/\/www.bellunopress.it\/#organization"},"image":{"@id":"https:\/\/www.bellunopress.it\/2022\/07\/29\/48ma-alpe-del-nevegal-e-il-giorno-delle-prove-sabato-alle-730-chiusura-strade\/#primaryimage"},"thumbnailUrl":"https:\/\/www.bellunopress.it\/wp-content\/uploads\/2020\/08\/Alpe-del-Nevegal-Lottini-su-Osella-\u00a9SamueleGuida.jpg","articleSection":["Prima Pagina","Sport, tempo libero"],"inLanguage":"fr-FR"},{"@type":"WebPage","@id":"https:\/\/www.bellunopress.it\/2022\/07\/29\/48ma-alpe-del-nevegal-e-il-giorno-delle-prove-sabato-alle-730-chiusura-strade\/","url":"https:\/\/www.bellunopress.it\/2022\/07\/29\/48ma-alpe-del-nevegal-e-il-giorno-delle-prove-sabato-alle-730-chiusura-strade\/","name":"48ma Alpe del Neveg\u00e0l: \u00e8 il giorno delle prove. Sabato alle 7:30 chiusura strade - Bellunopress - Dolomiti","isPartOf":{"@id":"https:\/\/www.bellunopress.it\/#website"},"primaryImageOfPage":{"@id":"https:\/\/www.bellunopress.it\/2022\/07\/29\/48ma-alpe-del-nevegal-e-il-giorno-delle-prove-sabato-alle-730-chiusura-strade\/#primaryimage"},"image":{"@id":"https:\/\/www.bellunopress.it\/2022\/07\/29\/48ma-alpe-del-nevegal-e-il-giorno-delle-prove-sabato-alle-730-chiusura-strade\/#primaryimage"},"thumbnailUrl":"https:\/\/www.bellunopress.it\/wp-content\/uploads\/2020\/08\/Alpe-del-Nevegal-Lottini-su-Osella-\u00a9SamueleGuida.jpg","datePublished":"2022-07-29T16:51:52+00:00","breadcrumb":{"@id":"https:\/\/www.bellunopress.it\/2022\/07\/29\/48ma-alpe-del-nevegal-e-il-giorno-delle-prove-sabato-alle-730-chiusura-strade\/#breadcrumb"},"inLanguage":"fr-FR","potentialAction":[{"@type":"ReadAction","target":["https:\/\/www.bellunopress.it\/2022\/07\/29\/48ma-alpe-del-nevegal-e-il-giorno-delle-prove-sabato-alle-730-chiusura-strade\/"]}]},{"@type":"ImageObject","inLanguage":"fr-FR","@id":"https:\/\/www.bellunopress.it\/2022\/07\/29\/48ma-alpe-del-nevegal-e-il-giorno-delle-prove-sabato-alle-730-chiusura-strade\/#primaryimage","url":"https:\/\/www.bellunopress.it\/wp-content\/uploads\/2020\/08\/Alpe-del-Nevegal-Lottini-su-Osella-\u00a9SamueleGuida.jpg","contentUrl":"https:\/\/www.bellunopress.it\/wp-content\/uploads\/2020\/08\/Alpe-del-Nevegal-Lottini-su-Osella-\u00a9SamueleGuida.jpg","width":800,"height":544,"caption":"Piero Lottini su Osella Pa9\/90 - Foto Samuele Guida"},{"@type":"BreadcrumbList","@id":"https:\/\/www.bellunopress.it\/2022\/07\/29\/48ma-alpe-del-nevegal-e-il-giorno-delle-prove-sabato-alle-730-chiusura-strade\/#breadcrumb","itemListElement":[{"@type":"ListItem","position":1,"name":"Home","item":"https:\/\/www.bellunopress.it\/"},{"@type":"ListItem","position":2,"name":"48ma Alpe del Neveg\u00e0l: \u00e8 il giorno delle prove. Sabato alle 7:30 chiusura strade"}]},{"@type":"WebSite","@id":"https:\/\/www.bellunopress.it\/#website","url":"https:\/\/www.bellunopress.it\/","name":"Bellunopress - Dolomiti","description":"e-mail: redazione@bellunopress.it","publisher":{"@id":"https:\/\/www.bellunopress.it\/#organization"},"potentialAction":[{"@type":"SearchAction","target":{"@type":"EntryPoint","urlTemplate":"https:\/\/www.bellunopress.it\/?s={search_term_string}"},"query-input":{"@type":"PropertyValueSpecification","valueRequired":true,"valueName":"search_term_string"}}],"inLanguage":"fr-FR"},{"@type":"Organization","@id":"https:\/\/www.bellunopress.it\/#organization","name":"Bellunopress","url":"https:\/\/www.bellunopress.it\/","logo":{"@type":"ImageObject","inLanguage":"fr-FR","@id":"https:\/\/www.bellunopress.it\/#\/schema\/logo\/image\/","url":"https:\/\/www.bellunopress.it\/wp-content\/uploads\/2011\/05\/cropped-logo-bellunopress-.jpg","contentUrl":"https:\/\/www.bellunopress.it\/wp-content\/uploads\/2011\/05\/cropped-logo-bellunopress-.jpg","width":512,"height":512,"caption":"Bellunopress"},"image":{"@id":"https:\/\/www.bellunopress.it\/#\/schema\/logo\/image\/"},"sameAs":["https:\/\/www.facebook.com\/profile.php?id=100008943462799","https:\/\/x.com\/bellunopress","https:\/\/www.linkedin.com\/hp\/?dnr=JBzUWaJfMUw8vbXJJ2tVW5-I3jZKvC4wsoxE&amp;amp;amp;amp;amp;amp;trk=nav_responsive_tab_home","https:\/\/www.youtube.com\/channel\/UCxL0wu1uN0_3_7hGG0306cw"]},{"@type":"Person","@id":"https:\/\/www.bellunopress.it\/#\/schema\/person\/79bb06722b37ece1c03d3e94beb30d73","name":"r\u00e9daction","image":{"@type":"ImageObject","inLanguage":"fr-FR","@id":"https:\/\/secure.gravatar.com\/avatar\/37d968a2e67a6fd04c169c4bdef102d0bc5d31b2546345219e348575eb80e9a0?s=96&d=mm&r=g","url":"https:\/\/secure.gravatar.com\/avatar\/37d968a2e67a6fd04c169c4bdef102d0bc5d31b2546345219e348575eb80e9a0?s=96&d=mm&r=g","contentUrl":"https:\/\/secure.gravatar.com\/avatar\/37d968a2e67a6fd04c169c4bdef102d0bc5d31b2546345219e348575eb80e9a0?s=96&d=mm&r=g","caption":"redazione"},"sameAs":["http:\/\/www.bellunopress.it","https:\/\/x.com\/bellunopress"],"url":"https:\/\/www.bellunopress.it\/fr\/author\/redazione\/"}]}},"_links":{"self":[{"href":"https:\/\/www.bellunopress.it\/fr\/wp-json\/wp\/v2\/posts\/135432","targetHints":{"allow":["GET"]}}],"collection":[{"href":"https:\/\/www.bellunopress.it\/fr\/wp-json\/wp\/v2\/posts"}],"about":[{"href":"https:\/\/www.bellunopress.it\/fr\/wp-json\/wp\/v2\/types\/post"}],"author":[{"embeddable":true,"href":"https:\/\/www.bellunopress.it\/fr\/wp-json\/wp\/v2\/users\/2"}],"replies":[{"embeddable":true,"href":"https:\/\/www.bellunopress.it\/fr\/wp-json\/wp\/v2\/comments?post=135432"}],"version-history":[{"count":1,"href":"https:\/\/www.bellunopress.it\/fr\/wp-json\/wp\/v2\/posts\/135432\/revisions"}],"predecessor-version":[{"id":135433,"href":"https:\/\/www.bellunopress.it\/fr\/wp-json\/wp\/v2\/posts\/135432\/revisions\/135433"}],"wp:featuredmedia":[{"embeddable":true,"href":"https:\/\/www.bellunopress.it\/fr\/wp-json\/wp\/v2\/media\/116561"}],"wp:attachment":[{"href":"https:\/\/www.bellunopress.it\/fr\/wp-json\/wp\/v2\/media?parent=135432"}],"wp:term":[{"taxonomy":"category","embeddable":true,"href":"https:\/\/www.bellunopress.it\/fr\/wp-json\/wp\/v2\/categories?post=135432"},{"taxonomy":"post_tag","embeddable":true,"href":"https:\/\/www.bellunopress.it\/fr\/wp-json\/wp\/v2\/tags?post=135432"}],"curies":[{"name":"wp","href":"https:\/\/api.w.org\/{rel}","templated":true}]}}