{"id":1353,"date":"2009-03-06T23:41:21","date_gmt":"2009-03-06T22:41:21","guid":{"rendered":"http:\/\/www.bellunopress.it\/?p=1353"},"modified":"2009-03-06T23:42:33","modified_gmt":"2009-03-06T22:42:33","slug":"con-l%e2%80%99unesco-i-vincoli-diventano-opportunita","status":"publish","type":"post","link":"https:\/\/www.bellunopress.it\/fr\/2009\/03\/06\/con-l%e2%80%99unesco-i-vincoli-diventano-opportunita\/","title":{"rendered":"Sergio Reolon: &#8220;Con l\u2019Unesco i vincoli diventano opportunit\u00e0!&#8221;"},"content":{"rendered":"<p>&#8220;Il riconoscimento delle Dolomiti come Patrimonio dell\u2019Umanit\u00e0 oltre a non imporre alcun nuovo vincolo sul territorio, trasformer\u00e0 quelli attualmente in essere in una grande opportunit\u00e0 di sviluppo ambientale e turistico&#8221;. E&#8217; la replica del presidente della Provincia Sergio Reolon alle osservazioni di Oscar De Bona. &#8220;La candidatura delle Dolomiti coordinata dalla Provincia di Belluno sotto l\u2019egida del Ministero dell\u2019Ambiente coinvolge il territorio di 5 Province. Oltre a Belluno per quattro anni hanno lavorato alla candidatura all\u2019Unesco le Province di Trento, Bolzano, Udine e Pordenone. Va ricordato inoltre che dal 18 aprile 2006, con delibera della Giunta regionale numero 1180, sulla Provincia di Belluno sono stati calati dalla Regione vincoli della Rete Natura 2000 con le zone Sic e Zps, per un totale di 198.958 ettari, pari al 54% dell\u2019intero\u00a0 territorio&#8221;<a href=\"http:\/\/www.bellunopress.it\/wp-content\/uploads\/2009\/02\/sergio-reolon-80x80.jpg\"><img loading=\"lazy\" decoding=\"async\" class=\"alignleft size-medium wp-image-670\" title=\"sergio-reolon-80x80\" src=\"http:\/\/www.bellunopress.it\/wp-content\/uploads\/2009\/02\/sergio-reolon-80x80.jpg\" alt=\"\" width=\"80\" height=\"80\" \/><\/a>.<\/p>","protected":false},"excerpt":{"rendered":"<p>&#8220;Il riconoscimento delle Dolomiti come Patrimonio dell\u2019Umanit\u00e0 oltre a non imporre alcun nuovo vincolo sul territorio, trasformer\u00e0 quelli attualmente in essere in una grande opportunit\u00e0 di sviluppo ambientale e turistico&#8221;. E&#8217; la replica del presidente della Provincia Sergio Reolon alle osservazioni di Oscar De Bona. &#8220;La candidatura delle Dolomiti coordinata dalla Provincia di Belluno sotto [&hellip;]<\/p>\n","protected":false},"author":2,"featured_media":0,"comment_status":"closed","ping_status":"open","sticky":false,"template":"","format":"standard","meta":{"footnotes":""},"categories":[26],"tags":[139,63],"class_list":["post-1353","post","type-post","status-publish","format-standard","category-prima-pagina","tag-belluno","tag-dolomiti"],"yoast_head":"<!-- This site is optimized with the Yoast SEO plugin v28.4 - https:\/\/yoast.com\/product\/yoast-seo-wordpress\/ -->\n<title>Sergio Reolon: &quot;Con l\u2019Unesco i vincoli diventano opportunit\u00e0!&quot; - Bellunopress - Dolomiti<\/title>\n<meta name=\"robots\" content=\"index, follow, max-snippet:-1, max-image-preview:large, max-video-preview:-1\" \/>\n<link rel=\"canonical\" href=\"https:\/\/www.bellunopress.it\/fr\/2009\/03\/06\/con-l\u2019unesco-i-vincoli-diventano-opportunita\/\" \/>\n<meta property=\"og:locale\" content=\"fr_FR\" \/>\n<meta property=\"og:type\" content=\"article\" \/>\n<meta property=\"og:title\" content=\"Sergio Reolon: &quot;Con l\u2019Unesco i vincoli diventano opportunit\u00e0!&quot; - Bellunopress - Dolomiti\" \/>\n<meta property=\"og:description\" content=\"&#8220;Il riconoscimento delle Dolomiti come Patrimonio dell\u2019Umanit\u00e0 oltre a non imporre alcun nuovo vincolo sul territorio, trasformer\u00e0 quelli attualmente in essere in una grande opportunit\u00e0 di sviluppo ambientale e turistico&#8221;. E&#8217; la replica del presidente della Provincia Sergio Reolon alle osservazioni di Oscar De Bona. &#8220;La candidatura delle Dolomiti coordinata dalla Provincia di Belluno sotto [&hellip;]\" \/>\n<meta property=\"og:url\" content=\"https:\/\/www.bellunopress.it\/fr\/2009\/03\/06\/con-l\u2019unesco-i-vincoli-diventano-opportunita\/\" \/>\n<meta property=\"og:site_name\" content=\"Bellunopress - Dolomiti\" \/>\n<meta property=\"article:publisher\" content=\"https:\/\/www.facebook.com\/profile.php?id=100008943462799\" \/>\n<meta property=\"article:published_time\" content=\"2009-03-06T22:41:21+00:00\" \/>\n<meta property=\"article:modified_time\" content=\"2009-03-06T22:42:33+00:00\" \/>\n<meta property=\"og:image\" content=\"http:\/\/www.bellunopress.it\/wp-content\/uploads\/2009\/02\/sergio-reolon-80x80.jpg\" \/>\n<meta name=\"author\" content=\"redazione\" \/>\n<meta name=\"twitter:card\" content=\"summary_large_image\" \/>\n<meta name=\"twitter:creator\" content=\"@bellunopress\" \/>\n<meta name=\"twitter:site\" content=\"@bellunopress\" \/>\n<meta name=\"twitter:label1\" content=\"\u00c9crit par\" \/>\n\t<meta name=\"twitter:data1\" content=\"redazione\" \/>\n\t<meta name=\"twitter:label2\" content=\"Dur\u00e9e de lecture estim\u00e9e\" \/>\n\t<meta name=\"twitter:data2\" content=\"1 minute\" \/>\n<script type=\"application\/ld+json\" class=\"yoast-schema-graph\">{\"@context\":\"https:\\\/\\\/schema.org\",\"@graph\":[{\"@type\":\"Article\",\"@id\":\"https:\\\/\\\/www.bellunopress.it\\\/2009\\\/03\\\/06\\\/con-l%e2%80%99unesco-i-vincoli-diventano-opportunita\\\/#article\",\"isPartOf\":{\"@id\":\"https:\\\/\\\/www.bellunopress.it\\\/2009\\\/03\\\/06\\\/con-l%e2%80%99unesco-i-vincoli-diventano-opportunita\\\/\"},\"author\":{\"name\":\"redazione\",\"@id\":\"https:\\\/\\\/www.bellunopress.it\\\/#\\\/schema\\\/person\\\/79bb06722b37ece1c03d3e94beb30d73\"},\"headline\":\"Sergio Reolon: &#8220;Con l\u2019Unesco i vincoli diventano opportunit\u00e0!&#8221;\",\"datePublished\":\"2009-03-06T22:41:21+00:00\",\"dateModified\":\"2009-03-06T22:42:33+00:00\",\"mainEntityOfPage\":{\"@id\":\"https:\\\/\\\/www.bellunopress.it\\\/2009\\\/03\\\/06\\\/con-l%e2%80%99unesco-i-vincoli-diventano-opportunita\\\/\"},\"wordCount\":137,\"publisher\":{\"@id\":\"https:\\\/\\\/www.bellunopress.it\\\/#organization\"},\"image\":{\"@id\":\"https:\\\/\\\/www.bellunopress.it\\\/2009\\\/03\\\/06\\\/con-l%e2%80%99unesco-i-vincoli-diventano-opportunita\\\/#primaryimage\"},\"thumbnailUrl\":\"http:\\\/\\\/www.bellunopress.it\\\/wp-content\\\/uploads\\\/2009\\\/02\\\/sergio-reolon-80x80.jpg\",\"keywords\":[\"Belluno\",\"Dolomiti\"],\"articleSection\":[\"Prima Pagina\"],\"inLanguage\":\"fr-FR\"},{\"@type\":\"WebPage\",\"@id\":\"https:\\\/\\\/www.bellunopress.it\\\/2009\\\/03\\\/06\\\/con-l%e2%80%99unesco-i-vincoli-diventano-opportunita\\\/\",\"url\":\"https:\\\/\\\/www.bellunopress.it\\\/2009\\\/03\\\/06\\\/con-l%e2%80%99unesco-i-vincoli-diventano-opportunita\\\/\",\"name\":\"Sergio Reolon: \\\"Con l\u2019Unesco i vincoli diventano opportunit\u00e0!\\\" - Bellunopress - Dolomiti\",\"isPartOf\":{\"@id\":\"https:\\\/\\\/www.bellunopress.it\\\/#website\"},\"primaryImageOfPage\":{\"@id\":\"https:\\\/\\\/www.bellunopress.it\\\/2009\\\/03\\\/06\\\/con-l%e2%80%99unesco-i-vincoli-diventano-opportunita\\\/#primaryimage\"},\"image\":{\"@id\":\"https:\\\/\\\/www.bellunopress.it\\\/2009\\\/03\\\/06\\\/con-l%e2%80%99unesco-i-vincoli-diventano-opportunita\\\/#primaryimage\"},\"thumbnailUrl\":\"http:\\\/\\\/www.bellunopress.it\\\/wp-content\\\/uploads\\\/2009\\\/02\\\/sergio-reolon-80x80.jpg\",\"datePublished\":\"2009-03-06T22:41:21+00:00\",\"dateModified\":\"2009-03-06T22:42:33+00:00\",\"breadcrumb\":{\"@id\":\"https:\\\/\\\/www.bellunopress.it\\\/2009\\\/03\\\/06\\\/con-l%e2%80%99unesco-i-vincoli-diventano-opportunita\\\/#breadcrumb\"},\"inLanguage\":\"fr-FR\",\"potentialAction\":[{\"@type\":\"ReadAction\",\"target\":[\"https:\\\/\\\/www.bellunopress.it\\\/2009\\\/03\\\/06\\\/con-l%e2%80%99unesco-i-vincoli-diventano-opportunita\\\/\"]}]},{\"@type\":\"ImageObject\",\"inLanguage\":\"fr-FR\",\"@id\":\"https:\\\/\\\/www.bellunopress.it\\\/2009\\\/03\\\/06\\\/con-l%e2%80%99unesco-i-vincoli-diventano-opportunita\\\/#primaryimage\",\"url\":\"http:\\\/\\\/www.bellunopress.it\\\/wp-content\\\/uploads\\\/2009\\\/02\\\/sergio-reolon-80x80.jpg\",\"contentUrl\":\"http:\\\/\\\/www.bellunopress.it\\\/wp-content\\\/uploads\\\/2009\\\/02\\\/sergio-reolon-80x80.jpg\"},{\"@type\":\"BreadcrumbList\",\"@id\":\"https:\\\/\\\/www.bellunopress.it\\\/2009\\\/03\\\/06\\\/con-l%e2%80%99unesco-i-vincoli-diventano-opportunita\\\/#breadcrumb\",\"itemListElement\":[{\"@type\":\"ListItem\",\"position\":1,\"name\":\"Home\",\"item\":\"https:\\\/\\\/www.bellunopress.it\\\/\"},{\"@type\":\"ListItem\",\"position\":2,\"name\":\"Sergio Reolon: &#8220;Con l\u2019Unesco i vincoli diventano opportunit\u00e0!&#8221;\"}]},{\"@type\":\"WebSite\",\"@id\":\"https:\\\/\\\/www.bellunopress.it\\\/#website\",\"url\":\"https:\\\/\\\/www.bellunopress.it\\\/\",\"name\":\"Bellunopress - Dolomiti\",\"description\":\"e-mail: redazione@bellunopress.it\",\"publisher\":{\"@id\":\"https:\\\/\\\/www.bellunopress.it\\\/#organization\"},\"potentialAction\":[{\"@type\":\"SearchAction\",\"target\":{\"@type\":\"EntryPoint\",\"urlTemplate\":\"https:\\\/\\\/www.bellunopress.it\\\/?s={search_term_string}\"},\"query-input\":{\"@type\":\"PropertyValueSpecification\",\"valueRequired\":true,\"valueName\":\"search_term_string\"}}],\"inLanguage\":\"fr-FR\"},{\"@type\":\"Organization\",\"@id\":\"https:\\\/\\\/www.bellunopress.it\\\/#organization\",\"name\":\"Bellunopress\",\"url\":\"https:\\\/\\\/www.bellunopress.it\\\/\",\"logo\":{\"@type\":\"ImageObject\",\"inLanguage\":\"fr-FR\",\"@id\":\"https:\\\/\\\/www.bellunopress.it\\\/#\\\/schema\\\/logo\\\/image\\\/\",\"url\":\"https:\\\/\\\/www.bellunopress.it\\\/wp-content\\\/uploads\\\/2011\\\/05\\\/cropped-logo-bellunopress-.jpg\",\"contentUrl\":\"https:\\\/\\\/www.bellunopress.it\\\/wp-content\\\/uploads\\\/2011\\\/05\\\/cropped-logo-bellunopress-.jpg\",\"width\":512,\"height\":512,\"caption\":\"Bellunopress\"},\"image\":{\"@id\":\"https:\\\/\\\/www.bellunopress.it\\\/#\\\/schema\\\/logo\\\/image\\\/\"},\"sameAs\":[\"https:\\\/\\\/www.facebook.com\\\/profile.php?id=100008943462799\",\"https:\\\/\\\/x.com\\\/bellunopress\",\"https:\\\/\\\/www.linkedin.com\\\/hp\\\/?dnr=JBzUWaJfMUw8vbXJJ2tVW5-I3jZKvC4wsoxE&amp;amp;amp;amp;amp;amp;trk=nav_responsive_tab_home\",\"https:\\\/\\\/www.youtube.com\\\/channel\\\/UCxL0wu1uN0_3_7hGG0306cw\"]},{\"@type\":\"Person\",\"@id\":\"https:\\\/\\\/www.bellunopress.it\\\/#\\\/schema\\\/person\\\/79bb06722b37ece1c03d3e94beb30d73\",\"name\":\"redazione\",\"image\":{\"@type\":\"ImageObject\",\"inLanguage\":\"fr-FR\",\"@id\":\"https:\\\/\\\/secure.gravatar.com\\\/avatar\\\/37d968a2e67a6fd04c169c4bdef102d0bc5d31b2546345219e348575eb80e9a0?s=96&d=mm&r=g\",\"url\":\"https:\\\/\\\/secure.gravatar.com\\\/avatar\\\/37d968a2e67a6fd04c169c4bdef102d0bc5d31b2546345219e348575eb80e9a0?s=96&d=mm&r=g\",\"contentUrl\":\"https:\\\/\\\/secure.gravatar.com\\\/avatar\\\/37d968a2e67a6fd04c169c4bdef102d0bc5d31b2546345219e348575eb80e9a0?s=96&d=mm&r=g\",\"caption\":\"redazione\"},\"sameAs\":[\"http:\\\/\\\/www.bellunopress.it\",\"https:\\\/\\\/x.com\\\/bellunopress\"],\"url\":\"https:\\\/\\\/www.bellunopress.it\\\/fr\\\/author\\\/redazione\\\/\"}]}<\/script>\n<!-- \/ Yoast SEO plugin. -->","yoast_head_json":{"title":"Sergio Reolon: \"Con l\u2019Unesco i vincoli diventano opportunit\u00e0!\" - Bellunopress - Dolomiti","robots":{"index":"index","follow":"follow","max-snippet":"max-snippet:-1","max-image-preview":"max-image-preview:large","max-video-preview":"max-video-preview:-1"},"canonical":"https:\/\/www.bellunopress.it\/fr\/2009\/03\/06\/con-l\u2019unesco-i-vincoli-diventano-opportunita\/","og_locale":"fr_FR","og_type":"article","og_title":"Sergio Reolon: \"Con l\u2019Unesco i vincoli diventano opportunit\u00e0!\" - Bellunopress - Dolomiti","og_description":"&#8220;Il riconoscimento delle Dolomiti come Patrimonio dell\u2019Umanit\u00e0 oltre a non imporre alcun nuovo vincolo sul territorio, trasformer\u00e0 quelli attualmente in essere in una grande opportunit\u00e0 di sviluppo ambientale e turistico&#8221;. E&#8217; la replica del presidente della Provincia Sergio Reolon alle osservazioni di Oscar De Bona. &#8220;La candidatura delle Dolomiti coordinata dalla Provincia di Belluno sotto [&hellip;]","og_url":"https:\/\/www.bellunopress.it\/fr\/2009\/03\/06\/con-l\u2019unesco-i-vincoli-diventano-opportunita\/","og_site_name":"Bellunopress - Dolomiti","article_publisher":"https:\/\/www.facebook.com\/profile.php?id=100008943462799","article_published_time":"2009-03-06T22:41:21+00:00","article_modified_time":"2009-03-06T22:42:33+00:00","og_image":[{"url":"http:\/\/www.bellunopress.it\/wp-content\/uploads\/2009\/02\/sergio-reolon-80x80.jpg","type":"","width":"","height":""}],"author":"redazione","twitter_card":"summary_large_image","twitter_creator":"@bellunopress","twitter_site":"@bellunopress","twitter_misc":{"\u00c9crit par":"redazione","Dur\u00e9e de lecture estim\u00e9e":"1 minute"},"schema":{"@context":"https:\/\/schema.org","@graph":[{"@type":"Article","@id":"https:\/\/www.bellunopress.it\/2009\/03\/06\/con-l%e2%80%99unesco-i-vincoli-diventano-opportunita\/#article","isPartOf":{"@id":"https:\/\/www.bellunopress.it\/2009\/03\/06\/con-l%e2%80%99unesco-i-vincoli-diventano-opportunita\/"},"author":{"name":"redazione","@id":"https:\/\/www.bellunopress.it\/#\/schema\/person\/79bb06722b37ece1c03d3e94beb30d73"},"headline":"Sergio Reolon: &#8220;Con l\u2019Unesco i vincoli diventano opportunit\u00e0!&#8221;","datePublished":"2009-03-06T22:41:21+00:00","dateModified":"2009-03-06T22:42:33+00:00","mainEntityOfPage":{"@id":"https:\/\/www.bellunopress.it\/2009\/03\/06\/con-l%e2%80%99unesco-i-vincoli-diventano-opportunita\/"},"wordCount":137,"publisher":{"@id":"https:\/\/www.bellunopress.it\/#organization"},"image":{"@id":"https:\/\/www.bellunopress.it\/2009\/03\/06\/con-l%e2%80%99unesco-i-vincoli-diventano-opportunita\/#primaryimage"},"thumbnailUrl":"http:\/\/www.bellunopress.it\/wp-content\/uploads\/2009\/02\/sergio-reolon-80x80.jpg","keywords":["Belluno","Dolomiti"],"articleSection":["Prima Pagina"],"inLanguage":"fr-FR"},{"@type":"WebPage","@id":"https:\/\/www.bellunopress.it\/2009\/03\/06\/con-l%e2%80%99unesco-i-vincoli-diventano-opportunita\/","url":"https:\/\/www.bellunopress.it\/2009\/03\/06\/con-l%e2%80%99unesco-i-vincoli-diventano-opportunita\/","name":"Sergio Reolon: \"Con l\u2019Unesco i vincoli diventano opportunit\u00e0!\" - Bellunopress - Dolomiti","isPartOf":{"@id":"https:\/\/www.bellunopress.it\/#website"},"primaryImageOfPage":{"@id":"https:\/\/www.bellunopress.it\/2009\/03\/06\/con-l%e2%80%99unesco-i-vincoli-diventano-opportunita\/#primaryimage"},"image":{"@id":"https:\/\/www.bellunopress.it\/2009\/03\/06\/con-l%e2%80%99unesco-i-vincoli-diventano-opportunita\/#primaryimage"},"thumbnailUrl":"http:\/\/www.bellunopress.it\/wp-content\/uploads\/2009\/02\/sergio-reolon-80x80.jpg","datePublished":"2009-03-06T22:41:21+00:00","dateModified":"2009-03-06T22:42:33+00:00","breadcrumb":{"@id":"https:\/\/www.bellunopress.it\/2009\/03\/06\/con-l%e2%80%99unesco-i-vincoli-diventano-opportunita\/#breadcrumb"},"inLanguage":"fr-FR","potentialAction":[{"@type":"ReadAction","target":["https:\/\/www.bellunopress.it\/2009\/03\/06\/con-l%e2%80%99unesco-i-vincoli-diventano-opportunita\/"]}]},{"@type":"ImageObject","inLanguage":"fr-FR","@id":"https:\/\/www.bellunopress.it\/2009\/03\/06\/con-l%e2%80%99unesco-i-vincoli-diventano-opportunita\/#primaryimage","url":"http:\/\/www.bellunopress.it\/wp-content\/uploads\/2009\/02\/sergio-reolon-80x80.jpg","contentUrl":"http:\/\/www.bellunopress.it\/wp-content\/uploads\/2009\/02\/sergio-reolon-80x80.jpg"},{"@type":"BreadcrumbList","@id":"https:\/\/www.bellunopress.it\/2009\/03\/06\/con-l%e2%80%99unesco-i-vincoli-diventano-opportunita\/#breadcrumb","itemListElement":[{"@type":"ListItem","position":1,"name":"Home","item":"https:\/\/www.bellunopress.it\/"},{"@type":"ListItem","position":2,"name":"Sergio Reolon: &#8220;Con l\u2019Unesco i vincoli diventano opportunit\u00e0!&#8221;"}]},{"@type":"WebSite","@id":"https:\/\/www.bellunopress.it\/#website","url":"https:\/\/www.bellunopress.it\/","name":"Bellunopress - Dolomiti","description":"e-mail: redazione@bellunopress.it","publisher":{"@id":"https:\/\/www.bellunopress.it\/#organization"},"potentialAction":[{"@type":"SearchAction","target":{"@type":"EntryPoint","urlTemplate":"https:\/\/www.bellunopress.it\/?s={search_term_string}"},"query-input":{"@type":"PropertyValueSpecification","valueRequired":true,"valueName":"search_term_string"}}],"inLanguage":"fr-FR"},{"@type":"Organization","@id":"https:\/\/www.bellunopress.it\/#organization","name":"Bellunopress","url":"https:\/\/www.bellunopress.it\/","logo":{"@type":"ImageObject","inLanguage":"fr-FR","@id":"https:\/\/www.bellunopress.it\/#\/schema\/logo\/image\/","url":"https:\/\/www.bellunopress.it\/wp-content\/uploads\/2011\/05\/cropped-logo-bellunopress-.jpg","contentUrl":"https:\/\/www.bellunopress.it\/wp-content\/uploads\/2011\/05\/cropped-logo-bellunopress-.jpg","width":512,"height":512,"caption":"Bellunopress"},"image":{"@id":"https:\/\/www.bellunopress.it\/#\/schema\/logo\/image\/"},"sameAs":["https:\/\/www.facebook.com\/profile.php?id=100008943462799","https:\/\/x.com\/bellunopress","https:\/\/www.linkedin.com\/hp\/?dnr=JBzUWaJfMUw8vbXJJ2tVW5-I3jZKvC4wsoxE&amp;amp;amp;amp;amp;amp;trk=nav_responsive_tab_home","https:\/\/www.youtube.com\/channel\/UCxL0wu1uN0_3_7hGG0306cw"]},{"@type":"Person","@id":"https:\/\/www.bellunopress.it\/#\/schema\/person\/79bb06722b37ece1c03d3e94beb30d73","name":"r\u00e9daction","image":{"@type":"ImageObject","inLanguage":"fr-FR","@id":"https:\/\/secure.gravatar.com\/avatar\/37d968a2e67a6fd04c169c4bdef102d0bc5d31b2546345219e348575eb80e9a0?s=96&d=mm&r=g","url":"https:\/\/secure.gravatar.com\/avatar\/37d968a2e67a6fd04c169c4bdef102d0bc5d31b2546345219e348575eb80e9a0?s=96&d=mm&r=g","contentUrl":"https:\/\/secure.gravatar.com\/avatar\/37d968a2e67a6fd04c169c4bdef102d0bc5d31b2546345219e348575eb80e9a0?s=96&d=mm&r=g","caption":"redazione"},"sameAs":["http:\/\/www.bellunopress.it","https:\/\/x.com\/bellunopress"],"url":"https:\/\/www.bellunopress.it\/fr\/author\/redazione\/"}]}},"_links":{"self":[{"href":"https:\/\/www.bellunopress.it\/fr\/wp-json\/wp\/v2\/posts\/1353","targetHints":{"allow":["GET"]}}],"collection":[{"href":"https:\/\/www.bellunopress.it\/fr\/wp-json\/wp\/v2\/posts"}],"about":[{"href":"https:\/\/www.bellunopress.it\/fr\/wp-json\/wp\/v2\/types\/post"}],"author":[{"embeddable":true,"href":"https:\/\/www.bellunopress.it\/fr\/wp-json\/wp\/v2\/users\/2"}],"replies":[{"embeddable":true,"href":"https:\/\/www.bellunopress.it\/fr\/wp-json\/wp\/v2\/comments?post=1353"}],"version-history":[{"count":3,"href":"https:\/\/www.bellunopress.it\/fr\/wp-json\/wp\/v2\/posts\/1353\/revisions"}],"predecessor-version":[{"id":1360,"href":"https:\/\/www.bellunopress.it\/fr\/wp-json\/wp\/v2\/posts\/1353\/revisions\/1360"}],"wp:attachment":[{"href":"https:\/\/www.bellunopress.it\/fr\/wp-json\/wp\/v2\/media?parent=1353"}],"wp:term":[{"taxonomy":"category","embeddable":true,"href":"https:\/\/www.bellunopress.it\/fr\/wp-json\/wp\/v2\/categories?post=1353"},{"taxonomy":"post_tag","embeddable":true,"href":"https:\/\/www.bellunopress.it\/fr\/wp-json\/wp\/v2\/tags?post=1353"}],"curies":[{"name":"wp","href":"https:\/\/api.w.org\/{rel}","templated":true}]}}