{"id":135114,"date":"2022-07-17T10:52:29","date_gmt":"2022-07-17T08:52:29","guid":{"rendered":"https:\/\/www.bellunopress.it\/?p=135114"},"modified":"2022-07-17T10:52:29","modified_gmt":"2022-07-17T08:52:29","slug":"incidente-mortale-stamattina-sulla-51-di-alemagna-un-motociclista-perde-la-vita","status":"publish","type":"post","link":"https:\/\/www.bellunopress.it\/fr\/2022\/07\/17\/incidente-mortale-stamattina-sulla-51-di-alemagna-un-motociclista-perde-la-vita\/","title":{"rendered":"Incidente mortale stamattina sulla 51 di Alemagna, un motociclista perde la vita"},"content":{"rendered":"<p><img loading=\"lazy\" decoding=\"async\" class=\"alignleft size-full wp-image-123568\" src=\"https:\/\/www.bellunopress.it\/wp-content\/uploads\/2021\/04\/Anas_edited.jpg\" alt=\"\" width=\"1000\" height=\"568\" srcset=\"https:\/\/www.bellunopress.it\/wp-content\/uploads\/2021\/04\/Anas_edited.jpg 1000w, https:\/\/www.bellunopress.it\/wp-content\/uploads\/2021\/04\/Anas_edited-500x284.jpg 500w, https:\/\/www.bellunopress.it\/wp-content\/uploads\/2021\/04\/Anas_edited-696x395.jpg 696w, https:\/\/www.bellunopress.it\/wp-content\/uploads\/2021\/04\/Anas_edited-739x420.jpg 739w\" sizes=\"auto, (max-width: 1000px) 100vw, 1000px\" \/>Castellavazzo 17 luglio 2022 &#8211;\u00a0 Grave incidente questa mattina sulla strada statale 51 di\u00a0 Alemagna in localit\u00e0 Castellavazzo, dove un motociclista ha perso la vita.\u00a0 La tratta stradale \u00e8 rimasta provvisoriamente chiusa in entrambe le direzioni. Sul posto le squadre Anas, Carabinieri e Vigili del Fuoco per la gestione della viabilit\u00e0 e per ripristinare la circolazione.<\/p>\n<p>Anas, societ\u00e0 del Gruppo FS Italiane, ricorda che quando guidi, Guida e Basta! No distrazioni, no alcol, no droga per la tua sicurezza e quella degli altri (guidaebasta.it). Per una mobilit\u00e0 informata l&#8217;evoluzione della situazione del traffico in tempo reale \u00e8 consultabile anche su tutti gli smartphone e i tablet, grazie all&#8217;applicazione &#8220;VAI&#8221; di Anas, disponibile gratuitamente in &#8220;App store&#8221; e in &#8220;Play store&#8221;.<\/p>\n<p>Il servizio clienti &#8220;Pronto Anas&#8221; \u00e8 raggiungibile chiamando il numero verde gratuito 800.841.148.<\/p>\n<p>Anas ricorda inoltre l&#8217;elevato rischio incendi: &#8220;La strada non \u00e8 un posacenere. Rispetta l&#8217;ambiente, salva il tuo viaggio&#8221;.<\/p>\n<p>&nbsp;<\/p>","protected":false},"excerpt":{"rendered":"<p>Castellavazzo 17 luglio 2022 &#8211;\u00a0 Grave incidente questa mattina sulla strada statale 51 di\u00a0 Alemagna in localit\u00e0 Castellavazzo, dove un motociclista ha perso la vita.\u00a0 La tratta stradale \u00e8 rimasta provvisoriamente chiusa in entrambe le direzioni. Sul posto le squadre Anas, Carabinieri e Vigili del Fuoco per la gestione della viabilit\u00e0 e per ripristinare la [&hellip;]<\/p>\n","protected":false},"author":2,"featured_media":123568,"comment_status":"closed","ping_status":"open","sticky":false,"template":"","format":"standard","meta":{"footnotes":""},"categories":[5,26],"tags":[],"class_list":["post-135114","post","type-post","status-publish","format-standard","has-post-thumbnail","category-cronaca","category-prima-pagina"],"yoast_head":"<!-- This site is optimized with the Yoast SEO plugin v28.4 - https:\/\/yoast.com\/product\/yoast-seo-wordpress\/ -->\n<title>Incidente mortale stamattina sulla 51 di Alemagna, un motociclista perde la vita - Bellunopress - Dolomiti<\/title>\n<meta name=\"robots\" content=\"index, follow, max-snippet:-1, max-image-preview:large, max-video-preview:-1\" \/>\n<link rel=\"canonical\" href=\"https:\/\/www.bellunopress.it\/fr\/2022\/07\/17\/incidente-mortale-stamattina-sulla-51-di-alemagna-un-motociclista-perde-la-vita\/\" \/>\n<meta property=\"og:locale\" content=\"fr_FR\" \/>\n<meta property=\"og:type\" content=\"article\" \/>\n<meta property=\"og:title\" content=\"Incidente mortale stamattina sulla 51 di Alemagna, un motociclista perde la vita - Bellunopress - Dolomiti\" \/>\n<meta property=\"og:description\" content=\"Castellavazzo 17 luglio 2022 &#8211;\u00a0 Grave incidente questa mattina sulla strada statale 51 di\u00a0 Alemagna in localit\u00e0 Castellavazzo, dove un motociclista ha perso la vita.\u00a0 La tratta stradale \u00e8 rimasta provvisoriamente chiusa in entrambe le direzioni. Sul posto le squadre Anas, Carabinieri e Vigili del Fuoco per la gestione della viabilit\u00e0 e per ripristinare la [&hellip;]\" \/>\n<meta property=\"og:url\" content=\"https:\/\/www.bellunopress.it\/fr\/2022\/07\/17\/incidente-mortale-stamattina-sulla-51-di-alemagna-un-motociclista-perde-la-vita\/\" \/>\n<meta property=\"og:site_name\" content=\"Bellunopress - Dolomiti\" \/>\n<meta property=\"article:publisher\" content=\"https:\/\/www.facebook.com\/profile.php?id=100008943462799\" \/>\n<meta property=\"article:published_time\" content=\"2022-07-17T08:52:29+00:00\" \/>\n<meta property=\"og:image\" content=\"https:\/\/www.bellunopress.it\/wp-content\/uploads\/2021\/04\/Anas_edited.jpg\" \/>\n\t<meta property=\"og:image:width\" content=\"1000\" \/>\n\t<meta property=\"og:image:height\" content=\"568\" \/>\n\t<meta property=\"og:image:type\" content=\"image\/jpeg\" \/>\n<meta name=\"author\" content=\"redazione\" \/>\n<meta name=\"twitter:card\" content=\"summary_large_image\" \/>\n<meta name=\"twitter:creator\" content=\"@bellunopress\" \/>\n<meta name=\"twitter:site\" content=\"@bellunopress\" \/>\n<meta name=\"twitter:label1\" content=\"\u00c9crit par\" \/>\n\t<meta name=\"twitter:data1\" content=\"redazione\" \/>\n\t<meta name=\"twitter:label2\" content=\"Dur\u00e9e de lecture estim\u00e9e\" \/>\n\t<meta name=\"twitter:data2\" content=\"1 minute\" \/>\n<script type=\"application\/ld+json\" class=\"yoast-schema-graph\">{\"@context\":\"https:\\\/\\\/schema.org\",\"@graph\":[{\"@type\":\"Article\",\"@id\":\"https:\\\/\\\/www.bellunopress.it\\\/2022\\\/07\\\/17\\\/incidente-mortale-stamattina-sulla-51-di-alemagna-un-motociclista-perde-la-vita\\\/#article\",\"isPartOf\":{\"@id\":\"https:\\\/\\\/www.bellunopress.it\\\/2022\\\/07\\\/17\\\/incidente-mortale-stamattina-sulla-51-di-alemagna-un-motociclista-perde-la-vita\\\/\"},\"author\":{\"name\":\"redazione\",\"@id\":\"https:\\\/\\\/www.bellunopress.it\\\/#\\\/schema\\\/person\\\/79bb06722b37ece1c03d3e94beb30d73\"},\"headline\":\"Incidente mortale stamattina sulla 51 di Alemagna, un motociclista perde la vita\",\"datePublished\":\"2022-07-17T08:52:29+00:00\",\"mainEntityOfPage\":{\"@id\":\"https:\\\/\\\/www.bellunopress.it\\\/2022\\\/07\\\/17\\\/incidente-mortale-stamattina-sulla-51-di-alemagna-un-motociclista-perde-la-vita\\\/\"},\"wordCount\":160,\"publisher\":{\"@id\":\"https:\\\/\\\/www.bellunopress.it\\\/#organization\"},\"image\":{\"@id\":\"https:\\\/\\\/www.bellunopress.it\\\/2022\\\/07\\\/17\\\/incidente-mortale-stamattina-sulla-51-di-alemagna-un-motociclista-perde-la-vita\\\/#primaryimage\"},\"thumbnailUrl\":\"https:\\\/\\\/www.bellunopress.it\\\/wp-content\\\/uploads\\\/2021\\\/04\\\/Anas_edited.jpg\",\"articleSection\":[\"Cronaca\\\/Politica\",\"Prima Pagina\"],\"inLanguage\":\"fr-FR\"},{\"@type\":\"WebPage\",\"@id\":\"https:\\\/\\\/www.bellunopress.it\\\/2022\\\/07\\\/17\\\/incidente-mortale-stamattina-sulla-51-di-alemagna-un-motociclista-perde-la-vita\\\/\",\"url\":\"https:\\\/\\\/www.bellunopress.it\\\/2022\\\/07\\\/17\\\/incidente-mortale-stamattina-sulla-51-di-alemagna-un-motociclista-perde-la-vita\\\/\",\"name\":\"Incidente mortale stamattina sulla 51 di Alemagna, un motociclista perde la vita - Bellunopress - Dolomiti\",\"isPartOf\":{\"@id\":\"https:\\\/\\\/www.bellunopress.it\\\/#website\"},\"primaryImageOfPage\":{\"@id\":\"https:\\\/\\\/www.bellunopress.it\\\/2022\\\/07\\\/17\\\/incidente-mortale-stamattina-sulla-51-di-alemagna-un-motociclista-perde-la-vita\\\/#primaryimage\"},\"image\":{\"@id\":\"https:\\\/\\\/www.bellunopress.it\\\/2022\\\/07\\\/17\\\/incidente-mortale-stamattina-sulla-51-di-alemagna-un-motociclista-perde-la-vita\\\/#primaryimage\"},\"thumbnailUrl\":\"https:\\\/\\\/www.bellunopress.it\\\/wp-content\\\/uploads\\\/2021\\\/04\\\/Anas_edited.jpg\",\"datePublished\":\"2022-07-17T08:52:29+00:00\",\"breadcrumb\":{\"@id\":\"https:\\\/\\\/www.bellunopress.it\\\/2022\\\/07\\\/17\\\/incidente-mortale-stamattina-sulla-51-di-alemagna-un-motociclista-perde-la-vita\\\/#breadcrumb\"},\"inLanguage\":\"fr-FR\",\"potentialAction\":[{\"@type\":\"ReadAction\",\"target\":[\"https:\\\/\\\/www.bellunopress.it\\\/2022\\\/07\\\/17\\\/incidente-mortale-stamattina-sulla-51-di-alemagna-un-motociclista-perde-la-vita\\\/\"]}]},{\"@type\":\"ImageObject\",\"inLanguage\":\"fr-FR\",\"@id\":\"https:\\\/\\\/www.bellunopress.it\\\/2022\\\/07\\\/17\\\/incidente-mortale-stamattina-sulla-51-di-alemagna-un-motociclista-perde-la-vita\\\/#primaryimage\",\"url\":\"https:\\\/\\\/www.bellunopress.it\\\/wp-content\\\/uploads\\\/2021\\\/04\\\/Anas_edited.jpg\",\"contentUrl\":\"https:\\\/\\\/www.bellunopress.it\\\/wp-content\\\/uploads\\\/2021\\\/04\\\/Anas_edited.jpg\",\"width\":1000,\"height\":568},{\"@type\":\"BreadcrumbList\",\"@id\":\"https:\\\/\\\/www.bellunopress.it\\\/2022\\\/07\\\/17\\\/incidente-mortale-stamattina-sulla-51-di-alemagna-un-motociclista-perde-la-vita\\\/#breadcrumb\",\"itemListElement\":[{\"@type\":\"ListItem\",\"position\":1,\"name\":\"Home\",\"item\":\"https:\\\/\\\/www.bellunopress.it\\\/\"},{\"@type\":\"ListItem\",\"position\":2,\"name\":\"Incidente mortale stamattina sulla 51 di Alemagna, un motociclista perde la vita\"}]},{\"@type\":\"WebSite\",\"@id\":\"https:\\\/\\\/www.bellunopress.it\\\/#website\",\"url\":\"https:\\\/\\\/www.bellunopress.it\\\/\",\"name\":\"Bellunopress - Dolomiti\",\"description\":\"e-mail: redazione@bellunopress.it\",\"publisher\":{\"@id\":\"https:\\\/\\\/www.bellunopress.it\\\/#organization\"},\"potentialAction\":[{\"@type\":\"SearchAction\",\"target\":{\"@type\":\"EntryPoint\",\"urlTemplate\":\"https:\\\/\\\/www.bellunopress.it\\\/?s={search_term_string}\"},\"query-input\":{\"@type\":\"PropertyValueSpecification\",\"valueRequired\":true,\"valueName\":\"search_term_string\"}}],\"inLanguage\":\"fr-FR\"},{\"@type\":\"Organization\",\"@id\":\"https:\\\/\\\/www.bellunopress.it\\\/#organization\",\"name\":\"Bellunopress\",\"url\":\"https:\\\/\\\/www.bellunopress.it\\\/\",\"logo\":{\"@type\":\"ImageObject\",\"inLanguage\":\"fr-FR\",\"@id\":\"https:\\\/\\\/www.bellunopress.it\\\/#\\\/schema\\\/logo\\\/image\\\/\",\"url\":\"https:\\\/\\\/www.bellunopress.it\\\/wp-content\\\/uploads\\\/2011\\\/05\\\/cropped-logo-bellunopress-.jpg\",\"contentUrl\":\"https:\\\/\\\/www.bellunopress.it\\\/wp-content\\\/uploads\\\/2011\\\/05\\\/cropped-logo-bellunopress-.jpg\",\"width\":512,\"height\":512,\"caption\":\"Bellunopress\"},\"image\":{\"@id\":\"https:\\\/\\\/www.bellunopress.it\\\/#\\\/schema\\\/logo\\\/image\\\/\"},\"sameAs\":[\"https:\\\/\\\/www.facebook.com\\\/profile.php?id=100008943462799\",\"https:\\\/\\\/x.com\\\/bellunopress\",\"https:\\\/\\\/www.linkedin.com\\\/hp\\\/?dnr=JBzUWaJfMUw8vbXJJ2tVW5-I3jZKvC4wsoxE&amp;amp;amp;amp;amp;amp;trk=nav_responsive_tab_home\",\"https:\\\/\\\/www.youtube.com\\\/channel\\\/UCxL0wu1uN0_3_7hGG0306cw\"]},{\"@type\":\"Person\",\"@id\":\"https:\\\/\\\/www.bellunopress.it\\\/#\\\/schema\\\/person\\\/79bb06722b37ece1c03d3e94beb30d73\",\"name\":\"redazione\",\"image\":{\"@type\":\"ImageObject\",\"inLanguage\":\"fr-FR\",\"@id\":\"https:\\\/\\\/secure.gravatar.com\\\/avatar\\\/37d968a2e67a6fd04c169c4bdef102d0bc5d31b2546345219e348575eb80e9a0?s=96&d=mm&r=g\",\"url\":\"https:\\\/\\\/secure.gravatar.com\\\/avatar\\\/37d968a2e67a6fd04c169c4bdef102d0bc5d31b2546345219e348575eb80e9a0?s=96&d=mm&r=g\",\"contentUrl\":\"https:\\\/\\\/secure.gravatar.com\\\/avatar\\\/37d968a2e67a6fd04c169c4bdef102d0bc5d31b2546345219e348575eb80e9a0?s=96&d=mm&r=g\",\"caption\":\"redazione\"},\"sameAs\":[\"http:\\\/\\\/www.bellunopress.it\",\"https:\\\/\\\/x.com\\\/bellunopress\"],\"url\":\"https:\\\/\\\/www.bellunopress.it\\\/fr\\\/author\\\/redazione\\\/\"}]}<\/script>\n<!-- \/ Yoast SEO plugin. -->","yoast_head_json":{"title":"Incidente mortale stamattina sulla 51 di Alemagna, un motociclista perde la vita - Bellunopress - Dolomiti","robots":{"index":"index","follow":"follow","max-snippet":"max-snippet:-1","max-image-preview":"max-image-preview:large","max-video-preview":"max-video-preview:-1"},"canonical":"https:\/\/www.bellunopress.it\/fr\/2022\/07\/17\/incidente-mortale-stamattina-sulla-51-di-alemagna-un-motociclista-perde-la-vita\/","og_locale":"fr_FR","og_type":"article","og_title":"Incidente mortale stamattina sulla 51 di Alemagna, un motociclista perde la vita - Bellunopress - Dolomiti","og_description":"Castellavazzo 17 luglio 2022 &#8211;\u00a0 Grave incidente questa mattina sulla strada statale 51 di\u00a0 Alemagna in localit\u00e0 Castellavazzo, dove un motociclista ha perso la vita.\u00a0 La tratta stradale \u00e8 rimasta provvisoriamente chiusa in entrambe le direzioni. Sul posto le squadre Anas, Carabinieri e Vigili del Fuoco per la gestione della viabilit\u00e0 e per ripristinare la [&hellip;]","og_url":"https:\/\/www.bellunopress.it\/fr\/2022\/07\/17\/incidente-mortale-stamattina-sulla-51-di-alemagna-un-motociclista-perde-la-vita\/","og_site_name":"Bellunopress - Dolomiti","article_publisher":"https:\/\/www.facebook.com\/profile.php?id=100008943462799","article_published_time":"2022-07-17T08:52:29+00:00","og_image":[{"width":1000,"height":568,"url":"https:\/\/www.bellunopress.it\/wp-content\/uploads\/2021\/04\/Anas_edited.jpg","type":"image\/jpeg"}],"author":"redazione","twitter_card":"summary_large_image","twitter_creator":"@bellunopress","twitter_site":"@bellunopress","twitter_misc":{"\u00c9crit par":"redazione","Dur\u00e9e de lecture estim\u00e9e":"1 minute"},"schema":{"@context":"https:\/\/schema.org","@graph":[{"@type":"Article","@id":"https:\/\/www.bellunopress.it\/2022\/07\/17\/incidente-mortale-stamattina-sulla-51-di-alemagna-un-motociclista-perde-la-vita\/#article","isPartOf":{"@id":"https:\/\/www.bellunopress.it\/2022\/07\/17\/incidente-mortale-stamattina-sulla-51-di-alemagna-un-motociclista-perde-la-vita\/"},"author":{"name":"redazione","@id":"https:\/\/www.bellunopress.it\/#\/schema\/person\/79bb06722b37ece1c03d3e94beb30d73"},"headline":"Incidente mortale stamattina sulla 51 di Alemagna, un motociclista perde la vita","datePublished":"2022-07-17T08:52:29+00:00","mainEntityOfPage":{"@id":"https:\/\/www.bellunopress.it\/2022\/07\/17\/incidente-mortale-stamattina-sulla-51-di-alemagna-un-motociclista-perde-la-vita\/"},"wordCount":160,"publisher":{"@id":"https:\/\/www.bellunopress.it\/#organization"},"image":{"@id":"https:\/\/www.bellunopress.it\/2022\/07\/17\/incidente-mortale-stamattina-sulla-51-di-alemagna-un-motociclista-perde-la-vita\/#primaryimage"},"thumbnailUrl":"https:\/\/www.bellunopress.it\/wp-content\/uploads\/2021\/04\/Anas_edited.jpg","articleSection":["Cronaca\/Politica","Prima Pagina"],"inLanguage":"fr-FR"},{"@type":"WebPage","@id":"https:\/\/www.bellunopress.it\/2022\/07\/17\/incidente-mortale-stamattina-sulla-51-di-alemagna-un-motociclista-perde-la-vita\/","url":"https:\/\/www.bellunopress.it\/2022\/07\/17\/incidente-mortale-stamattina-sulla-51-di-alemagna-un-motociclista-perde-la-vita\/","name":"Incidente mortale stamattina sulla 51 di Alemagna, un motociclista perde la vita - Bellunopress - Dolomiti","isPartOf":{"@id":"https:\/\/www.bellunopress.it\/#website"},"primaryImageOfPage":{"@id":"https:\/\/www.bellunopress.it\/2022\/07\/17\/incidente-mortale-stamattina-sulla-51-di-alemagna-un-motociclista-perde-la-vita\/#primaryimage"},"image":{"@id":"https:\/\/www.bellunopress.it\/2022\/07\/17\/incidente-mortale-stamattina-sulla-51-di-alemagna-un-motociclista-perde-la-vita\/#primaryimage"},"thumbnailUrl":"https:\/\/www.bellunopress.it\/wp-content\/uploads\/2021\/04\/Anas_edited.jpg","datePublished":"2022-07-17T08:52:29+00:00","breadcrumb":{"@id":"https:\/\/www.bellunopress.it\/2022\/07\/17\/incidente-mortale-stamattina-sulla-51-di-alemagna-un-motociclista-perde-la-vita\/#breadcrumb"},"inLanguage":"fr-FR","potentialAction":[{"@type":"ReadAction","target":["https:\/\/www.bellunopress.it\/2022\/07\/17\/incidente-mortale-stamattina-sulla-51-di-alemagna-un-motociclista-perde-la-vita\/"]}]},{"@type":"ImageObject","inLanguage":"fr-FR","@id":"https:\/\/www.bellunopress.it\/2022\/07\/17\/incidente-mortale-stamattina-sulla-51-di-alemagna-un-motociclista-perde-la-vita\/#primaryimage","url":"https:\/\/www.bellunopress.it\/wp-content\/uploads\/2021\/04\/Anas_edited.jpg","contentUrl":"https:\/\/www.bellunopress.it\/wp-content\/uploads\/2021\/04\/Anas_edited.jpg","width":1000,"height":568},{"@type":"BreadcrumbList","@id":"https:\/\/www.bellunopress.it\/2022\/07\/17\/incidente-mortale-stamattina-sulla-51-di-alemagna-un-motociclista-perde-la-vita\/#breadcrumb","itemListElement":[{"@type":"ListItem","position":1,"name":"Home","item":"https:\/\/www.bellunopress.it\/"},{"@type":"ListItem","position":2,"name":"Incidente mortale stamattina sulla 51 di Alemagna, un motociclista perde la vita"}]},{"@type":"WebSite","@id":"https:\/\/www.bellunopress.it\/#website","url":"https:\/\/www.bellunopress.it\/","name":"Bellunopress - Dolomiti","description":"e-mail: redazione@bellunopress.it","publisher":{"@id":"https:\/\/www.bellunopress.it\/#organization"},"potentialAction":[{"@type":"SearchAction","target":{"@type":"EntryPoint","urlTemplate":"https:\/\/www.bellunopress.it\/?s={search_term_string}"},"query-input":{"@type":"PropertyValueSpecification","valueRequired":true,"valueName":"search_term_string"}}],"inLanguage":"fr-FR"},{"@type":"Organization","@id":"https:\/\/www.bellunopress.it\/#organization","name":"Bellunopress","url":"https:\/\/www.bellunopress.it\/","logo":{"@type":"ImageObject","inLanguage":"fr-FR","@id":"https:\/\/www.bellunopress.it\/#\/schema\/logo\/image\/","url":"https:\/\/www.bellunopress.it\/wp-content\/uploads\/2011\/05\/cropped-logo-bellunopress-.jpg","contentUrl":"https:\/\/www.bellunopress.it\/wp-content\/uploads\/2011\/05\/cropped-logo-bellunopress-.jpg","width":512,"height":512,"caption":"Bellunopress"},"image":{"@id":"https:\/\/www.bellunopress.it\/#\/schema\/logo\/image\/"},"sameAs":["https:\/\/www.facebook.com\/profile.php?id=100008943462799","https:\/\/x.com\/bellunopress","https:\/\/www.linkedin.com\/hp\/?dnr=JBzUWaJfMUw8vbXJJ2tVW5-I3jZKvC4wsoxE&amp;amp;amp;amp;amp;amp;trk=nav_responsive_tab_home","https:\/\/www.youtube.com\/channel\/UCxL0wu1uN0_3_7hGG0306cw"]},{"@type":"Person","@id":"https:\/\/www.bellunopress.it\/#\/schema\/person\/79bb06722b37ece1c03d3e94beb30d73","name":"r\u00e9daction","image":{"@type":"ImageObject","inLanguage":"fr-FR","@id":"https:\/\/secure.gravatar.com\/avatar\/37d968a2e67a6fd04c169c4bdef102d0bc5d31b2546345219e348575eb80e9a0?s=96&d=mm&r=g","url":"https:\/\/secure.gravatar.com\/avatar\/37d968a2e67a6fd04c169c4bdef102d0bc5d31b2546345219e348575eb80e9a0?s=96&d=mm&r=g","contentUrl":"https:\/\/secure.gravatar.com\/avatar\/37d968a2e67a6fd04c169c4bdef102d0bc5d31b2546345219e348575eb80e9a0?s=96&d=mm&r=g","caption":"redazione"},"sameAs":["http:\/\/www.bellunopress.it","https:\/\/x.com\/bellunopress"],"url":"https:\/\/www.bellunopress.it\/fr\/author\/redazione\/"}]}},"_links":{"self":[{"href":"https:\/\/www.bellunopress.it\/fr\/wp-json\/wp\/v2\/posts\/135114","targetHints":{"allow":["GET"]}}],"collection":[{"href":"https:\/\/www.bellunopress.it\/fr\/wp-json\/wp\/v2\/posts"}],"about":[{"href":"https:\/\/www.bellunopress.it\/fr\/wp-json\/wp\/v2\/types\/post"}],"author":[{"embeddable":true,"href":"https:\/\/www.bellunopress.it\/fr\/wp-json\/wp\/v2\/users\/2"}],"replies":[{"embeddable":true,"href":"https:\/\/www.bellunopress.it\/fr\/wp-json\/wp\/v2\/comments?post=135114"}],"version-history":[{"count":1,"href":"https:\/\/www.bellunopress.it\/fr\/wp-json\/wp\/v2\/posts\/135114\/revisions"}],"predecessor-version":[{"id":135115,"href":"https:\/\/www.bellunopress.it\/fr\/wp-json\/wp\/v2\/posts\/135114\/revisions\/135115"}],"wp:featuredmedia":[{"embeddable":true,"href":"https:\/\/www.bellunopress.it\/fr\/wp-json\/wp\/v2\/media\/123568"}],"wp:attachment":[{"href":"https:\/\/www.bellunopress.it\/fr\/wp-json\/wp\/v2\/media?parent=135114"}],"wp:term":[{"taxonomy":"category","embeddable":true,"href":"https:\/\/www.bellunopress.it\/fr\/wp-json\/wp\/v2\/categories?post=135114"},{"taxonomy":"post_tag","embeddable":true,"href":"https:\/\/www.bellunopress.it\/fr\/wp-json\/wp\/v2\/tags?post=135114"}],"curies":[{"name":"wp","href":"https:\/\/api.w.org\/{rel}","templated":true}]}}