{"id":135108,"date":"2022-07-16T22:16:37","date_gmt":"2022-07-16T20:16:37","guid":{"rendered":"https:\/\/www.bellunopress.it\/?p=135108"},"modified":"2022-07-16T22:19:49","modified_gmt":"2022-07-16T20:19:49","slug":"coppa-doro-delle-dolomiti-la-seconda-tappa-chiude-la-competizione-con-la-vittoria-di-francesco-e-giuseppe-di-pietra-su-fiat-508-c","status":"publish","type":"post","link":"https:\/\/www.bellunopress.it\/fr\/2022\/07\/16\/coppa-doro-delle-dolomiti-la-seconda-tappa-chiude-la-competizione-con-la-vittoria-di-francesco-e-giuseppe-di-pietra-su-fiat-508-c\/","title":{"rendered":"Coppa d&#8217;Oro delle Dolomiti. La seconda tappa chiude la competizione con la vittoria di Francesco e Giuseppe Di Pietra su Fiat 508 C"},"content":{"rendered":"<p><em>Tra le Legend spiccano Eugenio Enrico Faini e Yuliya Karakulova, mentre nel Tributo la medaglia d&#8217;oro va ad Andrea Milesi e Giordano Mozzi<\/em><\/p>\n<figure id=\"attachment_135109\" aria-describedby=\"caption-attachment-135109\" style=\"width: 1000px\" class=\"wp-caption alignleft\"><img loading=\"lazy\" decoding=\"async\" class=\"size-full wp-image-135109\" src=\"https:\/\/www.bellunopress.it\/wp-content\/uploads\/2022\/07\/Fiat-508-C-1938-Di-Pietra-Coppa-dOro-2022_edited.jpg\" alt=\"\" width=\"1000\" height=\"903\" srcset=\"https:\/\/www.bellunopress.it\/wp-content\/uploads\/2022\/07\/Fiat-508-C-1938-Di-Pietra-Coppa-dOro-2022_edited.jpg 1000w, https:\/\/www.bellunopress.it\/wp-content\/uploads\/2022\/07\/Fiat-508-C-1938-Di-Pietra-Coppa-dOro-2022_edited-500x452.jpg 500w, https:\/\/www.bellunopress.it\/wp-content\/uploads\/2022\/07\/Fiat-508-C-1938-Di-Pietra-Coppa-dOro-2022_edited-696x628.jpg 696w, https:\/\/www.bellunopress.it\/wp-content\/uploads\/2022\/07\/Fiat-508-C-1938-Di-Pietra-Coppa-dOro-2022_edited-465x420.jpg 465w\" sizes=\"auto, (max-width: 1000px) 100vw, 1000px\" \/><figcaption id=\"caption-attachment-135109\" class=\"wp-caption-text\">Fiat 508 C 1938 Di Pietra Coppa d&#8217;Oro delle Dolomiti 2022<\/figcaption><\/figure>\n<p>Cortina d&#8217;Ampezzo, 16 luglio 2022\u00a0 &#8211;\u00a0\u00a0Un&#8217;edizione indimenticabile quella 2022 della Coppa d&#8217;Oro delle Dolomiti, terzo atto del Campionato Italiano Grandi Eventi, che si \u00e8 svolta sotto il sole in entrambe le giornate di gara accompagnando gli equipaggi ad affrontare oltre 400 chilometri. Al termine di quella che \u00e8 stata una vera e propria prova di forza, a conquistare l&#8217;ambito premio \u00e8 stato l&#8217;equipaggio formato da Francesco e Giuseppe Di Pietra, che si \u00e8 imposto con 420,90 penalit\u00e0. Un passo imprendibile quello del duo che si \u00e8 presentato a bordo di una Fiat 508 C del 1938, vettura con cui \u00e8 in lizza per il titolo con un altro degli equipaggi top presenti alla manifestazione, ovvero quello composto da Gianmario Fontanella ed Anna Maria Covelli, costretti al ritiro durante la prima tappa. Secondo gradino del podio per Roberto Crugnola e Francesco Mosconi (Fiat 508 C del 1937) con 453,47 penalit\u00e0, mentre a chiudere in terza posizione sono stati Matteo Belotti ed Ingrid Plebani (Bugatti 37 A del 1927).<\/p>\n<p>Nel raggruppamento Legend, dedicato alle auto prodotte dal 1972 al 1990, la vittoria \u00e8 andata a Eugenio Enrico Faini e Yuliya Karakulova, che a bordo di una Ferrari 328 GTS del 1987 hanno preceduto la Porsche 911 SC del 1981 di Giuliano Gnutti e Ambrogio Ripamonti e la Unique Autocraft Cobra Replica del 1989 di Andrea Panazeri e Monica Martinelli. Nel Tributo Coppa d&#8217;Oro delle Dolomiti ad avere la meglio sono stati Andrea Milesi e Giordano Mozzi (Ferrari F8), con alle loro spalle Fabio Vergamini e Anna Maria Fabrizi (Ferrari 488 GTB) e Mauro Trifero e Alessandro Cappella su (Ferrari 599 HGTE).<\/p>\n<p>La seconda tappa di oggi, immersa tra i passi del Falzarego, Campolungo, Furcia, Zovo e Sant&#8217;Antonio, \u00e8 stata determinante per stabilire la classifica finale della competizione, in cui i partecipanti hanno percorso in totale quasi 430 Km, 91 prove cronometrate e otto di media.<\/p>\n<p>Lo spettacolo a cui ha potuto assistere il pubblico, numeroso sia a Cortina, che lungo le prove, continuer\u00e0 domani con l&#8217;evento dinamico &#8220;Cortina dei Sestieri&#8221;, dove i concorrenti si sfideranno su otto prove cronometrate, fuori dalla classifica generale della Coppa d&#8217;Oro delle Dolomiti, organizzata dall&#8217;Automobile Club di Belluno e dall&#8217;Automobile Club d&#8217;Italia, con la collaborazione del Club ACI Storico e ACI Sport. A seguire \u00e8 prevista la cerimonia di premiazione in Piazza Dibona, dove le affascinanti vetture presenti saranno celebrate anche in occasione della terza edizione del Concorso di Eleganza della Coppa d&#8217;Oro delle Dolomiti.<\/p>\n<p><img loading=\"lazy\" decoding=\"async\" class=\"alignleft size-full wp-image-135110\" src=\"https:\/\/www.bellunopress.it\/wp-content\/uploads\/2022\/07\/Fiat-508-C-Di-Pietra-Coppa-dOro-2022_edited.jpg\" alt=\"\" width=\"1000\" height=\"755\" srcset=\"https:\/\/www.bellunopress.it\/wp-content\/uploads\/2022\/07\/Fiat-508-C-Di-Pietra-Coppa-dOro-2022_edited.jpg 1000w, https:\/\/www.bellunopress.it\/wp-content\/uploads\/2022\/07\/Fiat-508-C-Di-Pietra-Coppa-dOro-2022_edited-500x378.jpg 500w, https:\/\/www.bellunopress.it\/wp-content\/uploads\/2022\/07\/Fiat-508-C-Di-Pietra-Coppa-dOro-2022_edited-696x525.jpg 696w, https:\/\/www.bellunopress.it\/wp-content\/uploads\/2022\/07\/Fiat-508-C-Di-Pietra-Coppa-dOro-2022_edited-556x420.jpg 556w, https:\/\/www.bellunopress.it\/wp-content\/uploads\/2022\/07\/Fiat-508-C-Di-Pietra-Coppa-dOro-2022_edited-80x60.jpg 80w\" sizes=\"auto, (max-width: 1000px) 100vw, 1000px\" \/>La Fiat 508 C nasce nel 1937 con motore 4 cilindri da 1.089 cc che sostituiva il precedente da 1 litro della Balilla. Il progetto Balilla era stato sviluppato da Tranquillo Zerbi, Antonio Fessia, Bartolomeo Nebbia e Dante Giacosa che hanno realizzato un&#8217;auto con prestazioni di buon livello e con costi relativamente bassi. L&#8217;ultima evoluzione di questo modello fortunato \u00e8 stata la Fiat 508 C inizialmente pubblicizzata dalla Fiat come &#8220;Nuova Balilla 1100&#8221; bench\u00e9 fosse nota semplicemente con il nome &#8220;1100&#8221;. L&#8217;auto rimase in produzione fino al 1939, costava 19.500 lire e fu prodotta in 57.000 esemplari nelle varie versioni, cabriolet, berlina e berlina tetto apribile. La carrozzeria differiva completamente dalle precedenti Balilla e riprendeva le forme arrotondate gi\u00e0 introdotte dalla Fiat 1500. Il motore era il Fiat 108 C, un 4 cilindri in linea da 1089 cm\u00b3 a valvole in testa con cambio a 4 marce. Insolite per un&#8217;auto economica del tempo erano le sospensioni anteriori indipendenti, con bracci trasversali, molle e ammortizzatori idraulici. La potenza era aumentata di un terzo, a 32 CV a 4.000 giri\/min, in grado di spingere l&#8217;auto a 95 km\/h. All&#8217;epoca, il suo comfort, la sua maneggevolezza e le sue prestazioni erano stupefacenti, il che la rendeva &#8220;l&#8217;unica auto per la gente che era anche l&#8217;auto per un pilota&#8221;. E infatti la 508 C fu portata in gara, anche alla Mille Miglia. Tra i famosi proprietari della 508 C ci fu il calciatore Gigi Meroni. Nel 1938, dalla 508 C, deriv\u00f2 la Fiat 508 L (Lunga) con passo allungato, capace di ospitare 6 persone, principalmente diffusa nella versione Taxi. Nel 1939 l&#8217;auto sub\u00ec un lifting del frontale e divenne la Fiat 1100 chiamata &#8220;Musone&#8221;.<\/p>","protected":false},"excerpt":{"rendered":"<p>Tra le Legend spiccano Eugenio Enrico Faini e Yuliya Karakulova, mentre nel Tributo la medaglia d&#8217;oro va ad Andrea Milesi e Giordano Mozzi Cortina d&#8217;Ampezzo, 16 luglio 2022\u00a0 &#8211;\u00a0\u00a0Un&#8217;edizione indimenticabile quella 2022 della Coppa d&#8217;Oro delle Dolomiti, terzo atto del Campionato Italiano Grandi Eventi, che si \u00e8 svolta sotto il sole in entrambe le giornate [&hellip;]<\/p>\n","protected":false},"author":2,"featured_media":135109,"comment_status":"closed","ping_status":"open","sticky":false,"template":"","format":"standard","meta":{"footnotes":""},"categories":[26,4],"tags":[3522,3523,3524],"class_list":["post-135108","post","type-post","status-publish","format-standard","has-post-thumbnail","category-prima-pagina","category-sport","tag-coppa-doro-delle-dolomiti-2022","tag-di-pietra-francesco-e-giuseppe","tag-fiat-508-c-del-1938"],"yoast_head":"<!-- This site is optimized with the Yoast SEO plugin v28.4 - https:\/\/yoast.com\/product\/yoast-seo-wordpress\/ -->\n<title>Coppa d&#039;Oro delle Dolomiti. La seconda tappa chiude la competizione con la vittoria di Francesco e Giuseppe Di Pietra su Fiat 508 C - Bellunopress - Dolomiti<\/title>\n<meta name=\"robots\" content=\"index, follow, max-snippet:-1, max-image-preview:large, max-video-preview:-1\" \/>\n<link rel=\"canonical\" href=\"https:\/\/www.bellunopress.it\/fr\/2022\/07\/16\/coppa-doro-delle-dolomiti-la-seconda-tappa-chiude-la-competizione-con-la-vittoria-di-francesco-e-giuseppe-di-pietra-su-fiat-508-c\/\" \/>\n<meta property=\"og:locale\" content=\"fr_FR\" \/>\n<meta property=\"og:type\" content=\"article\" \/>\n<meta property=\"og:title\" content=\"Coppa d&#039;Oro delle Dolomiti. La seconda tappa chiude la competizione con la vittoria di Francesco e Giuseppe Di Pietra su Fiat 508 C - Bellunopress - Dolomiti\" \/>\n<meta property=\"og:description\" content=\"Tra le Legend spiccano Eugenio Enrico Faini e Yuliya Karakulova, mentre nel Tributo la medaglia d&#8217;oro va ad Andrea Milesi e Giordano Mozzi Cortina d&#8217;Ampezzo, 16 luglio 2022\u00a0 &#8211;\u00a0\u00a0Un&#8217;edizione indimenticabile quella 2022 della Coppa d&#8217;Oro delle Dolomiti, terzo atto del Campionato Italiano Grandi Eventi, che si \u00e8 svolta sotto il sole in entrambe le giornate [&hellip;]\" \/>\n<meta property=\"og:url\" content=\"https:\/\/www.bellunopress.it\/fr\/2022\/07\/16\/coppa-doro-delle-dolomiti-la-seconda-tappa-chiude-la-competizione-con-la-vittoria-di-francesco-e-giuseppe-di-pietra-su-fiat-508-c\/\" \/>\n<meta property=\"og:site_name\" content=\"Bellunopress - Dolomiti\" \/>\n<meta property=\"article:publisher\" content=\"https:\/\/www.facebook.com\/profile.php?id=100008943462799\" \/>\n<meta property=\"article:published_time\" content=\"2022-07-16T20:16:37+00:00\" \/>\n<meta property=\"article:modified_time\" content=\"2022-07-16T20:19:49+00:00\" \/>\n<meta property=\"og:image\" content=\"https:\/\/www.bellunopress.it\/wp-content\/uploads\/2022\/07\/Fiat-508-C-1938-Di-Pietra-Coppa-dOro-2022_edited.jpg\" \/>\n\t<meta property=\"og:image:width\" content=\"1000\" \/>\n\t<meta property=\"og:image:height\" content=\"903\" \/>\n\t<meta property=\"og:image:type\" content=\"image\/jpeg\" \/>\n<meta name=\"author\" content=\"redazione\" \/>\n<meta name=\"twitter:card\" content=\"summary_large_image\" \/>\n<meta name=\"twitter:creator\" content=\"@bellunopress\" \/>\n<meta name=\"twitter:site\" content=\"@bellunopress\" \/>\n<meta name=\"twitter:label1\" content=\"\u00c9crit par\" \/>\n\t<meta name=\"twitter:data1\" content=\"redazione\" \/>\n\t<meta name=\"twitter:label2\" content=\"Dur\u00e9e de lecture estim\u00e9e\" \/>\n\t<meta name=\"twitter:data2\" content=\"5 minutes\" \/>\n<script type=\"application\/ld+json\" class=\"yoast-schema-graph\">{\"@context\":\"https:\\\/\\\/schema.org\",\"@graph\":[{\"@type\":\"Article\",\"@id\":\"https:\\\/\\\/www.bellunopress.it\\\/2022\\\/07\\\/16\\\/coppa-doro-delle-dolomiti-la-seconda-tappa-chiude-la-competizione-con-la-vittoria-di-francesco-e-giuseppe-di-pietra-su-fiat-508-c\\\/#article\",\"isPartOf\":{\"@id\":\"https:\\\/\\\/www.bellunopress.it\\\/2022\\\/07\\\/16\\\/coppa-doro-delle-dolomiti-la-seconda-tappa-chiude-la-competizione-con-la-vittoria-di-francesco-e-giuseppe-di-pietra-su-fiat-508-c\\\/\"},\"author\":{\"name\":\"redazione\",\"@id\":\"https:\\\/\\\/www.bellunopress.it\\\/#\\\/schema\\\/person\\\/79bb06722b37ece1c03d3e94beb30d73\"},\"headline\":\"Coppa d&#8217;Oro delle Dolomiti. La seconda tappa chiude la competizione con la vittoria di Francesco e Giuseppe Di Pietra su Fiat 508 C\",\"datePublished\":\"2022-07-16T20:16:37+00:00\",\"dateModified\":\"2022-07-16T20:19:49+00:00\",\"mainEntityOfPage\":{\"@id\":\"https:\\\/\\\/www.bellunopress.it\\\/2022\\\/07\\\/16\\\/coppa-doro-delle-dolomiti-la-seconda-tappa-chiude-la-competizione-con-la-vittoria-di-francesco-e-giuseppe-di-pietra-su-fiat-508-c\\\/\"},\"wordCount\":716,\"publisher\":{\"@id\":\"https:\\\/\\\/www.bellunopress.it\\\/#organization\"},\"image\":{\"@id\":\"https:\\\/\\\/www.bellunopress.it\\\/2022\\\/07\\\/16\\\/coppa-doro-delle-dolomiti-la-seconda-tappa-chiude-la-competizione-con-la-vittoria-di-francesco-e-giuseppe-di-pietra-su-fiat-508-c\\\/#primaryimage\"},\"thumbnailUrl\":\"https:\\\/\\\/www.bellunopress.it\\\/wp-content\\\/uploads\\\/2022\\\/07\\\/Fiat-508-C-1938-Di-Pietra-Coppa-dOro-2022_edited.jpg\",\"keywords\":[\"Coppa d'Oro delle Dolomiti 2022\",\"Di Pietra Francesco e Giuseppe\",\"Fiat 508 C del 1938\"],\"articleSection\":[\"Prima Pagina\",\"Sport, tempo libero\"],\"inLanguage\":\"fr-FR\"},{\"@type\":\"WebPage\",\"@id\":\"https:\\\/\\\/www.bellunopress.it\\\/2022\\\/07\\\/16\\\/coppa-doro-delle-dolomiti-la-seconda-tappa-chiude-la-competizione-con-la-vittoria-di-francesco-e-giuseppe-di-pietra-su-fiat-508-c\\\/\",\"url\":\"https:\\\/\\\/www.bellunopress.it\\\/2022\\\/07\\\/16\\\/coppa-doro-delle-dolomiti-la-seconda-tappa-chiude-la-competizione-con-la-vittoria-di-francesco-e-giuseppe-di-pietra-su-fiat-508-c\\\/\",\"name\":\"Coppa d'Oro delle Dolomiti. La seconda tappa chiude la competizione con la vittoria di Francesco e Giuseppe Di Pietra su Fiat 508 C - Bellunopress - Dolomiti\",\"isPartOf\":{\"@id\":\"https:\\\/\\\/www.bellunopress.it\\\/#website\"},\"primaryImageOfPage\":{\"@id\":\"https:\\\/\\\/www.bellunopress.it\\\/2022\\\/07\\\/16\\\/coppa-doro-delle-dolomiti-la-seconda-tappa-chiude-la-competizione-con-la-vittoria-di-francesco-e-giuseppe-di-pietra-su-fiat-508-c\\\/#primaryimage\"},\"image\":{\"@id\":\"https:\\\/\\\/www.bellunopress.it\\\/2022\\\/07\\\/16\\\/coppa-doro-delle-dolomiti-la-seconda-tappa-chiude-la-competizione-con-la-vittoria-di-francesco-e-giuseppe-di-pietra-su-fiat-508-c\\\/#primaryimage\"},\"thumbnailUrl\":\"https:\\\/\\\/www.bellunopress.it\\\/wp-content\\\/uploads\\\/2022\\\/07\\\/Fiat-508-C-1938-Di-Pietra-Coppa-dOro-2022_edited.jpg\",\"datePublished\":\"2022-07-16T20:16:37+00:00\",\"dateModified\":\"2022-07-16T20:19:49+00:00\",\"breadcrumb\":{\"@id\":\"https:\\\/\\\/www.bellunopress.it\\\/2022\\\/07\\\/16\\\/coppa-doro-delle-dolomiti-la-seconda-tappa-chiude-la-competizione-con-la-vittoria-di-francesco-e-giuseppe-di-pietra-su-fiat-508-c\\\/#breadcrumb\"},\"inLanguage\":\"fr-FR\",\"potentialAction\":[{\"@type\":\"ReadAction\",\"target\":[\"https:\\\/\\\/www.bellunopress.it\\\/2022\\\/07\\\/16\\\/coppa-doro-delle-dolomiti-la-seconda-tappa-chiude-la-competizione-con-la-vittoria-di-francesco-e-giuseppe-di-pietra-su-fiat-508-c\\\/\"]}]},{\"@type\":\"ImageObject\",\"inLanguage\":\"fr-FR\",\"@id\":\"https:\\\/\\\/www.bellunopress.it\\\/2022\\\/07\\\/16\\\/coppa-doro-delle-dolomiti-la-seconda-tappa-chiude-la-competizione-con-la-vittoria-di-francesco-e-giuseppe-di-pietra-su-fiat-508-c\\\/#primaryimage\",\"url\":\"https:\\\/\\\/www.bellunopress.it\\\/wp-content\\\/uploads\\\/2022\\\/07\\\/Fiat-508-C-1938-Di-Pietra-Coppa-dOro-2022_edited.jpg\",\"contentUrl\":\"https:\\\/\\\/www.bellunopress.it\\\/wp-content\\\/uploads\\\/2022\\\/07\\\/Fiat-508-C-1938-Di-Pietra-Coppa-dOro-2022_edited.jpg\",\"width\":1000,\"height\":903,\"caption\":\"Fiat 508 C 1938 Di Pietra Coppa d'Oro delle Dolomiti 2022\"},{\"@type\":\"BreadcrumbList\",\"@id\":\"https:\\\/\\\/www.bellunopress.it\\\/2022\\\/07\\\/16\\\/coppa-doro-delle-dolomiti-la-seconda-tappa-chiude-la-competizione-con-la-vittoria-di-francesco-e-giuseppe-di-pietra-su-fiat-508-c\\\/#breadcrumb\",\"itemListElement\":[{\"@type\":\"ListItem\",\"position\":1,\"name\":\"Home\",\"item\":\"https:\\\/\\\/www.bellunopress.it\\\/\"},{\"@type\":\"ListItem\",\"position\":2,\"name\":\"Coppa d&#8217;Oro delle Dolomiti. La seconda tappa chiude la competizione con la vittoria di Francesco e Giuseppe Di Pietra su Fiat 508 C\"}]},{\"@type\":\"WebSite\",\"@id\":\"https:\\\/\\\/www.bellunopress.it\\\/#website\",\"url\":\"https:\\\/\\\/www.bellunopress.it\\\/\",\"name\":\"Bellunopress - Dolomiti\",\"description\":\"e-mail: redazione@bellunopress.it\",\"publisher\":{\"@id\":\"https:\\\/\\\/www.bellunopress.it\\\/#organization\"},\"potentialAction\":[{\"@type\":\"SearchAction\",\"target\":{\"@type\":\"EntryPoint\",\"urlTemplate\":\"https:\\\/\\\/www.bellunopress.it\\\/?s={search_term_string}\"},\"query-input\":{\"@type\":\"PropertyValueSpecification\",\"valueRequired\":true,\"valueName\":\"search_term_string\"}}],\"inLanguage\":\"fr-FR\"},{\"@type\":\"Organization\",\"@id\":\"https:\\\/\\\/www.bellunopress.it\\\/#organization\",\"name\":\"Bellunopress\",\"url\":\"https:\\\/\\\/www.bellunopress.it\\\/\",\"logo\":{\"@type\":\"ImageObject\",\"inLanguage\":\"fr-FR\",\"@id\":\"https:\\\/\\\/www.bellunopress.it\\\/#\\\/schema\\\/logo\\\/image\\\/\",\"url\":\"https:\\\/\\\/www.bellunopress.it\\\/wp-content\\\/uploads\\\/2011\\\/05\\\/cropped-logo-bellunopress-.jpg\",\"contentUrl\":\"https:\\\/\\\/www.bellunopress.it\\\/wp-content\\\/uploads\\\/2011\\\/05\\\/cropped-logo-bellunopress-.jpg\",\"width\":512,\"height\":512,\"caption\":\"Bellunopress\"},\"image\":{\"@id\":\"https:\\\/\\\/www.bellunopress.it\\\/#\\\/schema\\\/logo\\\/image\\\/\"},\"sameAs\":[\"https:\\\/\\\/www.facebook.com\\\/profile.php?id=100008943462799\",\"https:\\\/\\\/x.com\\\/bellunopress\",\"https:\\\/\\\/www.linkedin.com\\\/hp\\\/?dnr=JBzUWaJfMUw8vbXJJ2tVW5-I3jZKvC4wsoxE&amp;amp;amp;amp;amp;amp;trk=nav_responsive_tab_home\",\"https:\\\/\\\/www.youtube.com\\\/channel\\\/UCxL0wu1uN0_3_7hGG0306cw\"]},{\"@type\":\"Person\",\"@id\":\"https:\\\/\\\/www.bellunopress.it\\\/#\\\/schema\\\/person\\\/79bb06722b37ece1c03d3e94beb30d73\",\"name\":\"redazione\",\"image\":{\"@type\":\"ImageObject\",\"inLanguage\":\"fr-FR\",\"@id\":\"https:\\\/\\\/secure.gravatar.com\\\/avatar\\\/37d968a2e67a6fd04c169c4bdef102d0bc5d31b2546345219e348575eb80e9a0?s=96&d=mm&r=g\",\"url\":\"https:\\\/\\\/secure.gravatar.com\\\/avatar\\\/37d968a2e67a6fd04c169c4bdef102d0bc5d31b2546345219e348575eb80e9a0?s=96&d=mm&r=g\",\"contentUrl\":\"https:\\\/\\\/secure.gravatar.com\\\/avatar\\\/37d968a2e67a6fd04c169c4bdef102d0bc5d31b2546345219e348575eb80e9a0?s=96&d=mm&r=g\",\"caption\":\"redazione\"},\"sameAs\":[\"http:\\\/\\\/www.bellunopress.it\",\"https:\\\/\\\/x.com\\\/bellunopress\"],\"url\":\"https:\\\/\\\/www.bellunopress.it\\\/fr\\\/author\\\/redazione\\\/\"}]}<\/script>\n<!-- \/ Yoast SEO plugin. -->","yoast_head_json":{"title":"Coppa d'Oro delle Dolomiti. La seconda tappa chiude la competizione con la vittoria di Francesco e Giuseppe Di Pietra su Fiat 508 C - Bellunopress - Dolomiti","robots":{"index":"index","follow":"follow","max-snippet":"max-snippet:-1","max-image-preview":"max-image-preview:large","max-video-preview":"max-video-preview:-1"},"canonical":"https:\/\/www.bellunopress.it\/fr\/2022\/07\/16\/coppa-doro-delle-dolomiti-la-seconda-tappa-chiude-la-competizione-con-la-vittoria-di-francesco-e-giuseppe-di-pietra-su-fiat-508-c\/","og_locale":"fr_FR","og_type":"article","og_title":"Coppa d'Oro delle Dolomiti. La seconda tappa chiude la competizione con la vittoria di Francesco e Giuseppe Di Pietra su Fiat 508 C - Bellunopress - Dolomiti","og_description":"Tra le Legend spiccano Eugenio Enrico Faini e Yuliya Karakulova, mentre nel Tributo la medaglia d&#8217;oro va ad Andrea Milesi e Giordano Mozzi Cortina d&#8217;Ampezzo, 16 luglio 2022\u00a0 &#8211;\u00a0\u00a0Un&#8217;edizione indimenticabile quella 2022 della Coppa d&#8217;Oro delle Dolomiti, terzo atto del Campionato Italiano Grandi Eventi, che si \u00e8 svolta sotto il sole in entrambe le giornate [&hellip;]","og_url":"https:\/\/www.bellunopress.it\/fr\/2022\/07\/16\/coppa-doro-delle-dolomiti-la-seconda-tappa-chiude-la-competizione-con-la-vittoria-di-francesco-e-giuseppe-di-pietra-su-fiat-508-c\/","og_site_name":"Bellunopress - Dolomiti","article_publisher":"https:\/\/www.facebook.com\/profile.php?id=100008943462799","article_published_time":"2022-07-16T20:16:37+00:00","article_modified_time":"2022-07-16T20:19:49+00:00","og_image":[{"width":1000,"height":903,"url":"https:\/\/www.bellunopress.it\/wp-content\/uploads\/2022\/07\/Fiat-508-C-1938-Di-Pietra-Coppa-dOro-2022_edited.jpg","type":"image\/jpeg"}],"author":"redazione","twitter_card":"summary_large_image","twitter_creator":"@bellunopress","twitter_site":"@bellunopress","twitter_misc":{"\u00c9crit par":"redazione","Dur\u00e9e de lecture estim\u00e9e":"5 minutes"},"schema":{"@context":"https:\/\/schema.org","@graph":[{"@type":"Article","@id":"https:\/\/www.bellunopress.it\/2022\/07\/16\/coppa-doro-delle-dolomiti-la-seconda-tappa-chiude-la-competizione-con-la-vittoria-di-francesco-e-giuseppe-di-pietra-su-fiat-508-c\/#article","isPartOf":{"@id":"https:\/\/www.bellunopress.it\/2022\/07\/16\/coppa-doro-delle-dolomiti-la-seconda-tappa-chiude-la-competizione-con-la-vittoria-di-francesco-e-giuseppe-di-pietra-su-fiat-508-c\/"},"author":{"name":"redazione","@id":"https:\/\/www.bellunopress.it\/#\/schema\/person\/79bb06722b37ece1c03d3e94beb30d73"},"headline":"Coppa d&#8217;Oro delle Dolomiti. La seconda tappa chiude la competizione con la vittoria di Francesco e Giuseppe Di Pietra su Fiat 508 C","datePublished":"2022-07-16T20:16:37+00:00","dateModified":"2022-07-16T20:19:49+00:00","mainEntityOfPage":{"@id":"https:\/\/www.bellunopress.it\/2022\/07\/16\/coppa-doro-delle-dolomiti-la-seconda-tappa-chiude-la-competizione-con-la-vittoria-di-francesco-e-giuseppe-di-pietra-su-fiat-508-c\/"},"wordCount":716,"publisher":{"@id":"https:\/\/www.bellunopress.it\/#organization"},"image":{"@id":"https:\/\/www.bellunopress.it\/2022\/07\/16\/coppa-doro-delle-dolomiti-la-seconda-tappa-chiude-la-competizione-con-la-vittoria-di-francesco-e-giuseppe-di-pietra-su-fiat-508-c\/#primaryimage"},"thumbnailUrl":"https:\/\/www.bellunopress.it\/wp-content\/uploads\/2022\/07\/Fiat-508-C-1938-Di-Pietra-Coppa-dOro-2022_edited.jpg","keywords":["Coppa d'Oro delle Dolomiti 2022","Di Pietra Francesco e Giuseppe","Fiat 508 C del 1938"],"articleSection":["Prima Pagina","Sport, tempo libero"],"inLanguage":"fr-FR"},{"@type":"WebPage","@id":"https:\/\/www.bellunopress.it\/2022\/07\/16\/coppa-doro-delle-dolomiti-la-seconda-tappa-chiude-la-competizione-con-la-vittoria-di-francesco-e-giuseppe-di-pietra-su-fiat-508-c\/","url":"https:\/\/www.bellunopress.it\/2022\/07\/16\/coppa-doro-delle-dolomiti-la-seconda-tappa-chiude-la-competizione-con-la-vittoria-di-francesco-e-giuseppe-di-pietra-su-fiat-508-c\/","name":"Coppa d'Oro delle Dolomiti. La seconda tappa chiude la competizione con la vittoria di Francesco e Giuseppe Di Pietra su Fiat 508 C - Bellunopress - Dolomiti","isPartOf":{"@id":"https:\/\/www.bellunopress.it\/#website"},"primaryImageOfPage":{"@id":"https:\/\/www.bellunopress.it\/2022\/07\/16\/coppa-doro-delle-dolomiti-la-seconda-tappa-chiude-la-competizione-con-la-vittoria-di-francesco-e-giuseppe-di-pietra-su-fiat-508-c\/#primaryimage"},"image":{"@id":"https:\/\/www.bellunopress.it\/2022\/07\/16\/coppa-doro-delle-dolomiti-la-seconda-tappa-chiude-la-competizione-con-la-vittoria-di-francesco-e-giuseppe-di-pietra-su-fiat-508-c\/#primaryimage"},"thumbnailUrl":"https:\/\/www.bellunopress.it\/wp-content\/uploads\/2022\/07\/Fiat-508-C-1938-Di-Pietra-Coppa-dOro-2022_edited.jpg","datePublished":"2022-07-16T20:16:37+00:00","dateModified":"2022-07-16T20:19:49+00:00","breadcrumb":{"@id":"https:\/\/www.bellunopress.it\/2022\/07\/16\/coppa-doro-delle-dolomiti-la-seconda-tappa-chiude-la-competizione-con-la-vittoria-di-francesco-e-giuseppe-di-pietra-su-fiat-508-c\/#breadcrumb"},"inLanguage":"fr-FR","potentialAction":[{"@type":"ReadAction","target":["https:\/\/www.bellunopress.it\/2022\/07\/16\/coppa-doro-delle-dolomiti-la-seconda-tappa-chiude-la-competizione-con-la-vittoria-di-francesco-e-giuseppe-di-pietra-su-fiat-508-c\/"]}]},{"@type":"ImageObject","inLanguage":"fr-FR","@id":"https:\/\/www.bellunopress.it\/2022\/07\/16\/coppa-doro-delle-dolomiti-la-seconda-tappa-chiude-la-competizione-con-la-vittoria-di-francesco-e-giuseppe-di-pietra-su-fiat-508-c\/#primaryimage","url":"https:\/\/www.bellunopress.it\/wp-content\/uploads\/2022\/07\/Fiat-508-C-1938-Di-Pietra-Coppa-dOro-2022_edited.jpg","contentUrl":"https:\/\/www.bellunopress.it\/wp-content\/uploads\/2022\/07\/Fiat-508-C-1938-Di-Pietra-Coppa-dOro-2022_edited.jpg","width":1000,"height":903,"caption":"Fiat 508 C 1938 Di Pietra Coppa d'Oro delle Dolomiti 2022"},{"@type":"BreadcrumbList","@id":"https:\/\/www.bellunopress.it\/2022\/07\/16\/coppa-doro-delle-dolomiti-la-seconda-tappa-chiude-la-competizione-con-la-vittoria-di-francesco-e-giuseppe-di-pietra-su-fiat-508-c\/#breadcrumb","itemListElement":[{"@type":"ListItem","position":1,"name":"Home","item":"https:\/\/www.bellunopress.it\/"},{"@type":"ListItem","position":2,"name":"Coppa d&#8217;Oro delle Dolomiti. La seconda tappa chiude la competizione con la vittoria di Francesco e Giuseppe Di Pietra su Fiat 508 C"}]},{"@type":"WebSite","@id":"https:\/\/www.bellunopress.it\/#website","url":"https:\/\/www.bellunopress.it\/","name":"Bellunopress - Dolomiti","description":"e-mail: redazione@bellunopress.it","publisher":{"@id":"https:\/\/www.bellunopress.it\/#organization"},"potentialAction":[{"@type":"SearchAction","target":{"@type":"EntryPoint","urlTemplate":"https:\/\/www.bellunopress.it\/?s={search_term_string}"},"query-input":{"@type":"PropertyValueSpecification","valueRequired":true,"valueName":"search_term_string"}}],"inLanguage":"fr-FR"},{"@type":"Organization","@id":"https:\/\/www.bellunopress.it\/#organization","name":"Bellunopress","url":"https:\/\/www.bellunopress.it\/","logo":{"@type":"ImageObject","inLanguage":"fr-FR","@id":"https:\/\/www.bellunopress.it\/#\/schema\/logo\/image\/","url":"https:\/\/www.bellunopress.it\/wp-content\/uploads\/2011\/05\/cropped-logo-bellunopress-.jpg","contentUrl":"https:\/\/www.bellunopress.it\/wp-content\/uploads\/2011\/05\/cropped-logo-bellunopress-.jpg","width":512,"height":512,"caption":"Bellunopress"},"image":{"@id":"https:\/\/www.bellunopress.it\/#\/schema\/logo\/image\/"},"sameAs":["https:\/\/www.facebook.com\/profile.php?id=100008943462799","https:\/\/x.com\/bellunopress","https:\/\/www.linkedin.com\/hp\/?dnr=JBzUWaJfMUw8vbXJJ2tVW5-I3jZKvC4wsoxE&amp;amp;amp;amp;amp;amp;trk=nav_responsive_tab_home","https:\/\/www.youtube.com\/channel\/UCxL0wu1uN0_3_7hGG0306cw"]},{"@type":"Person","@id":"https:\/\/www.bellunopress.it\/#\/schema\/person\/79bb06722b37ece1c03d3e94beb30d73","name":"r\u00e9daction","image":{"@type":"ImageObject","inLanguage":"fr-FR","@id":"https:\/\/secure.gravatar.com\/avatar\/37d968a2e67a6fd04c169c4bdef102d0bc5d31b2546345219e348575eb80e9a0?s=96&d=mm&r=g","url":"https:\/\/secure.gravatar.com\/avatar\/37d968a2e67a6fd04c169c4bdef102d0bc5d31b2546345219e348575eb80e9a0?s=96&d=mm&r=g","contentUrl":"https:\/\/secure.gravatar.com\/avatar\/37d968a2e67a6fd04c169c4bdef102d0bc5d31b2546345219e348575eb80e9a0?s=96&d=mm&r=g","caption":"redazione"},"sameAs":["http:\/\/www.bellunopress.it","https:\/\/x.com\/bellunopress"],"url":"https:\/\/www.bellunopress.it\/fr\/author\/redazione\/"}]}},"_links":{"self":[{"href":"https:\/\/www.bellunopress.it\/fr\/wp-json\/wp\/v2\/posts\/135108","targetHints":{"allow":["GET"]}}],"collection":[{"href":"https:\/\/www.bellunopress.it\/fr\/wp-json\/wp\/v2\/posts"}],"about":[{"href":"https:\/\/www.bellunopress.it\/fr\/wp-json\/wp\/v2\/types\/post"}],"author":[{"embeddable":true,"href":"https:\/\/www.bellunopress.it\/fr\/wp-json\/wp\/v2\/users\/2"}],"replies":[{"embeddable":true,"href":"https:\/\/www.bellunopress.it\/fr\/wp-json\/wp\/v2\/comments?post=135108"}],"version-history":[{"count":1,"href":"https:\/\/www.bellunopress.it\/fr\/wp-json\/wp\/v2\/posts\/135108\/revisions"}],"predecessor-version":[{"id":135111,"href":"https:\/\/www.bellunopress.it\/fr\/wp-json\/wp\/v2\/posts\/135108\/revisions\/135111"}],"wp:featuredmedia":[{"embeddable":true,"href":"https:\/\/www.bellunopress.it\/fr\/wp-json\/wp\/v2\/media\/135109"}],"wp:attachment":[{"href":"https:\/\/www.bellunopress.it\/fr\/wp-json\/wp\/v2\/media?parent=135108"}],"wp:term":[{"taxonomy":"category","embeddable":true,"href":"https:\/\/www.bellunopress.it\/fr\/wp-json\/wp\/v2\/categories?post=135108"},{"taxonomy":"post_tag","embeddable":true,"href":"https:\/\/www.bellunopress.it\/fr\/wp-json\/wp\/v2\/tags?post=135108"}],"curies":[{"name":"wp","href":"https:\/\/api.w.org\/{rel}","templated":true}]}}