{"id":135095,"date":"2022-07-16T13:56:12","date_gmt":"2022-07-16T11:56:12","guid":{"rendered":"https:\/\/www.bellunopress.it\/?p=135095"},"modified":"2022-07-16T13:56:12","modified_gmt":"2022-07-16T11:56:12","slug":"vigili-del-fuoco-abilitate-otto-unita-cinofile","status":"publish","type":"post","link":"https:\/\/www.bellunopress.it\/fr\/2022\/07\/16\/vigili-del-fuoco-abilitate-otto-unita-cinofile\/","title":{"rendered":"Vigili del Fuoco. Abilitate otto Unit\u00e0 cinofile"},"content":{"rendered":"<p><img loading=\"lazy\" decoding=\"async\" class=\"alignleft size-full wp-image-135096\" src=\"https:\/\/www.bellunopress.it\/wp-content\/uploads\/2022\/07\/Unita-cinofile-vigili-del-fuoco_edited.jpg\" alt=\"\" width=\"1000\" height=\"645\" srcset=\"https:\/\/www.bellunopress.it\/wp-content\/uploads\/2022\/07\/Unita-cinofile-vigili-del-fuoco_edited.jpg 1000w, https:\/\/www.bellunopress.it\/wp-content\/uploads\/2022\/07\/Unita-cinofile-vigili-del-fuoco_edited-500x323.jpg 500w, https:\/\/www.bellunopress.it\/wp-content\/uploads\/2022\/07\/Unita-cinofile-vigili-del-fuoco_edited-696x449.jpg 696w, https:\/\/www.bellunopress.it\/wp-content\/uploads\/2022\/07\/Unita-cinofile-vigili-del-fuoco_edited-651x420.jpg 651w\" sizes=\"auto, (max-width: 1000px) 100vw, 1000px\" \/>Sono terminati, il 15 luglio, due corsi nazionali per unit\u00e0 cinofile dei vigili del fuoco, che si sono tenuti presso il Comando Provinciale di Belluno.<\/p>\n<p>Dopo 10 settimane di intenso impegno le prove finali, con un esame scritto per i conduttori e due prove pratiche per le unit\u00e0 cinofile, che si sono svolti nel campo macerie del comando e nei boschi Col Indes. Otto unit\u00e0 cinofile su undici provenienti oltre che dal locale comando da Rovigo, Venezia, Verona, Vicenza, Bologna, Ferrara, Gorizia, Livorno, Nuoro e Udine, hanno conseguito l\u2019abilitazione alle operazioni di ricerca. Le nuove unit\u00e0 cinofile abilitate possono ora essere impiegati nell\u2019attivit\u00e0 di soccorso, in particolar modo nel ritrovamento di persone sepolte da macerie in seguito ad eventi sismici, scoppi, crolli o frane e per la ricerca di persone disperse in ambienti extraurbani come boschi e montagne.<\/p>\n<p>Giuseppe Lomoro, dirigente responsabile della colonna mobile regionale, ha presenziato la cerimonia di abilitazione, si \u00e8 complimentato con i componenti delle nuove unit\u00e0 e con gli istruttori per l\u2019impegno profuso durante l\u2019attivit\u00e0 di formazione.<\/p>","protected":false},"excerpt":{"rendered":"<p>Sono terminati, il 15 luglio, due corsi nazionali per unit\u00e0 cinofile dei vigili del fuoco, che si sono tenuti presso il Comando Provinciale di Belluno. Dopo 10 settimane di intenso impegno le prove finali, con un esame scritto per i conduttori e due prove pratiche per le unit\u00e0 cinofile, che si sono svolti nel campo [&hellip;]<\/p>\n","protected":false},"author":2,"featured_media":135096,"comment_status":"closed","ping_status":"open","sticky":false,"template":"","format":"standard","meta":{"footnotes":""},"categories":[26,8],"tags":[],"class_list":["post-135095","post","type-post","status-publish","format-standard","has-post-thumbnail","category-prima-pagina","category-societa-istituzioni"],"yoast_head":"<!-- This site is optimized with the Yoast SEO plugin v28.4 - https:\/\/yoast.com\/product\/yoast-seo-wordpress\/ -->\n<title>Vigili del Fuoco. Abilitate otto Unit\u00e0 cinofile - Bellunopress - Dolomiti<\/title>\n<meta name=\"robots\" content=\"index, follow, max-snippet:-1, max-image-preview:large, max-video-preview:-1\" \/>\n<link rel=\"canonical\" href=\"https:\/\/www.bellunopress.it\/fr\/2022\/07\/16\/vigili-del-fuoco-abilitate-otto-unita-cinofile\/\" \/>\n<meta property=\"og:locale\" content=\"fr_FR\" \/>\n<meta property=\"og:type\" content=\"article\" \/>\n<meta property=\"og:title\" content=\"Vigili del Fuoco. Abilitate otto Unit\u00e0 cinofile - Bellunopress - Dolomiti\" \/>\n<meta property=\"og:description\" content=\"Sono terminati, il 15 luglio, due corsi nazionali per unit\u00e0 cinofile dei vigili del fuoco, che si sono tenuti presso il Comando Provinciale di Belluno. Dopo 10 settimane di intenso impegno le prove finali, con un esame scritto per i conduttori e due prove pratiche per le unit\u00e0 cinofile, che si sono svolti nel campo [&hellip;]\" \/>\n<meta property=\"og:url\" content=\"https:\/\/www.bellunopress.it\/fr\/2022\/07\/16\/vigili-del-fuoco-abilitate-otto-unita-cinofile\/\" \/>\n<meta property=\"og:site_name\" content=\"Bellunopress - Dolomiti\" \/>\n<meta property=\"article:publisher\" content=\"https:\/\/www.facebook.com\/profile.php?id=100008943462799\" \/>\n<meta property=\"article:published_time\" content=\"2022-07-16T11:56:12+00:00\" \/>\n<meta property=\"og:image\" content=\"https:\/\/www.bellunopress.it\/wp-content\/uploads\/2022\/07\/Unita-cinofile-vigili-del-fuoco_edited.jpg\" \/>\n\t<meta property=\"og:image:width\" content=\"1000\" \/>\n\t<meta property=\"og:image:height\" content=\"645\" \/>\n\t<meta property=\"og:image:type\" content=\"image\/jpeg\" \/>\n<meta name=\"author\" content=\"redazione\" \/>\n<meta name=\"twitter:card\" content=\"summary_large_image\" \/>\n<meta name=\"twitter:creator\" content=\"@bellunopress\" \/>\n<meta name=\"twitter:site\" content=\"@bellunopress\" \/>\n<meta name=\"twitter:label1\" content=\"\u00c9crit par\" \/>\n\t<meta name=\"twitter:data1\" content=\"redazione\" \/>\n\t<meta name=\"twitter:label2\" content=\"Dur\u00e9e de lecture estim\u00e9e\" \/>\n\t<meta name=\"twitter:data2\" content=\"2 minutes\" \/>\n<script type=\"application\/ld+json\" class=\"yoast-schema-graph\">{\"@context\":\"https:\\\/\\\/schema.org\",\"@graph\":[{\"@type\":\"Article\",\"@id\":\"https:\\\/\\\/www.bellunopress.it\\\/2022\\\/07\\\/16\\\/vigili-del-fuoco-abilitate-otto-unita-cinofile\\\/#article\",\"isPartOf\":{\"@id\":\"https:\\\/\\\/www.bellunopress.it\\\/2022\\\/07\\\/16\\\/vigili-del-fuoco-abilitate-otto-unita-cinofile\\\/\"},\"author\":{\"name\":\"redazione\",\"@id\":\"https:\\\/\\\/www.bellunopress.it\\\/#\\\/schema\\\/person\\\/79bb06722b37ece1c03d3e94beb30d73\"},\"headline\":\"Vigili del Fuoco. Abilitate otto Unit\u00e0 cinofile\",\"datePublished\":\"2022-07-16T11:56:12+00:00\",\"mainEntityOfPage\":{\"@id\":\"https:\\\/\\\/www.bellunopress.it\\\/2022\\\/07\\\/16\\\/vigili-del-fuoco-abilitate-otto-unita-cinofile\\\/\"},\"wordCount\":180,\"publisher\":{\"@id\":\"https:\\\/\\\/www.bellunopress.it\\\/#organization\"},\"image\":{\"@id\":\"https:\\\/\\\/www.bellunopress.it\\\/2022\\\/07\\\/16\\\/vigili-del-fuoco-abilitate-otto-unita-cinofile\\\/#primaryimage\"},\"thumbnailUrl\":\"https:\\\/\\\/www.bellunopress.it\\\/wp-content\\\/uploads\\\/2022\\\/07\\\/Unita-cinofile-vigili-del-fuoco_edited.jpg\",\"articleSection\":[\"Prima Pagina\",\"Societ\u00e0, Associazioni, Istituzioni\"],\"inLanguage\":\"fr-FR\"},{\"@type\":\"WebPage\",\"@id\":\"https:\\\/\\\/www.bellunopress.it\\\/2022\\\/07\\\/16\\\/vigili-del-fuoco-abilitate-otto-unita-cinofile\\\/\",\"url\":\"https:\\\/\\\/www.bellunopress.it\\\/2022\\\/07\\\/16\\\/vigili-del-fuoco-abilitate-otto-unita-cinofile\\\/\",\"name\":\"Vigili del Fuoco. Abilitate otto Unit\u00e0 cinofile - Bellunopress - Dolomiti\",\"isPartOf\":{\"@id\":\"https:\\\/\\\/www.bellunopress.it\\\/#website\"},\"primaryImageOfPage\":{\"@id\":\"https:\\\/\\\/www.bellunopress.it\\\/2022\\\/07\\\/16\\\/vigili-del-fuoco-abilitate-otto-unita-cinofile\\\/#primaryimage\"},\"image\":{\"@id\":\"https:\\\/\\\/www.bellunopress.it\\\/2022\\\/07\\\/16\\\/vigili-del-fuoco-abilitate-otto-unita-cinofile\\\/#primaryimage\"},\"thumbnailUrl\":\"https:\\\/\\\/www.bellunopress.it\\\/wp-content\\\/uploads\\\/2022\\\/07\\\/Unita-cinofile-vigili-del-fuoco_edited.jpg\",\"datePublished\":\"2022-07-16T11:56:12+00:00\",\"breadcrumb\":{\"@id\":\"https:\\\/\\\/www.bellunopress.it\\\/2022\\\/07\\\/16\\\/vigili-del-fuoco-abilitate-otto-unita-cinofile\\\/#breadcrumb\"},\"inLanguage\":\"fr-FR\",\"potentialAction\":[{\"@type\":\"ReadAction\",\"target\":[\"https:\\\/\\\/www.bellunopress.it\\\/2022\\\/07\\\/16\\\/vigili-del-fuoco-abilitate-otto-unita-cinofile\\\/\"]}]},{\"@type\":\"ImageObject\",\"inLanguage\":\"fr-FR\",\"@id\":\"https:\\\/\\\/www.bellunopress.it\\\/2022\\\/07\\\/16\\\/vigili-del-fuoco-abilitate-otto-unita-cinofile\\\/#primaryimage\",\"url\":\"https:\\\/\\\/www.bellunopress.it\\\/wp-content\\\/uploads\\\/2022\\\/07\\\/Unita-cinofile-vigili-del-fuoco_edited.jpg\",\"contentUrl\":\"https:\\\/\\\/www.bellunopress.it\\\/wp-content\\\/uploads\\\/2022\\\/07\\\/Unita-cinofile-vigili-del-fuoco_edited.jpg\",\"width\":1000,\"height\":645},{\"@type\":\"BreadcrumbList\",\"@id\":\"https:\\\/\\\/www.bellunopress.it\\\/2022\\\/07\\\/16\\\/vigili-del-fuoco-abilitate-otto-unita-cinofile\\\/#breadcrumb\",\"itemListElement\":[{\"@type\":\"ListItem\",\"position\":1,\"name\":\"Home\",\"item\":\"https:\\\/\\\/www.bellunopress.it\\\/\"},{\"@type\":\"ListItem\",\"position\":2,\"name\":\"Vigili del Fuoco. Abilitate otto Unit\u00e0 cinofile\"}]},{\"@type\":\"WebSite\",\"@id\":\"https:\\\/\\\/www.bellunopress.it\\\/#website\",\"url\":\"https:\\\/\\\/www.bellunopress.it\\\/\",\"name\":\"Bellunopress - Dolomiti\",\"description\":\"e-mail: redazione@bellunopress.it\",\"publisher\":{\"@id\":\"https:\\\/\\\/www.bellunopress.it\\\/#organization\"},\"potentialAction\":[{\"@type\":\"SearchAction\",\"target\":{\"@type\":\"EntryPoint\",\"urlTemplate\":\"https:\\\/\\\/www.bellunopress.it\\\/?s={search_term_string}\"},\"query-input\":{\"@type\":\"PropertyValueSpecification\",\"valueRequired\":true,\"valueName\":\"search_term_string\"}}],\"inLanguage\":\"fr-FR\"},{\"@type\":\"Organization\",\"@id\":\"https:\\\/\\\/www.bellunopress.it\\\/#organization\",\"name\":\"Bellunopress\",\"url\":\"https:\\\/\\\/www.bellunopress.it\\\/\",\"logo\":{\"@type\":\"ImageObject\",\"inLanguage\":\"fr-FR\",\"@id\":\"https:\\\/\\\/www.bellunopress.it\\\/#\\\/schema\\\/logo\\\/image\\\/\",\"url\":\"https:\\\/\\\/www.bellunopress.it\\\/wp-content\\\/uploads\\\/2011\\\/05\\\/cropped-logo-bellunopress-.jpg\",\"contentUrl\":\"https:\\\/\\\/www.bellunopress.it\\\/wp-content\\\/uploads\\\/2011\\\/05\\\/cropped-logo-bellunopress-.jpg\",\"width\":512,\"height\":512,\"caption\":\"Bellunopress\"},\"image\":{\"@id\":\"https:\\\/\\\/www.bellunopress.it\\\/#\\\/schema\\\/logo\\\/image\\\/\"},\"sameAs\":[\"https:\\\/\\\/www.facebook.com\\\/profile.php?id=100008943462799\",\"https:\\\/\\\/x.com\\\/bellunopress\",\"https:\\\/\\\/www.linkedin.com\\\/hp\\\/?dnr=JBzUWaJfMUw8vbXJJ2tVW5-I3jZKvC4wsoxE&amp;amp;amp;amp;amp;amp;trk=nav_responsive_tab_home\",\"https:\\\/\\\/www.youtube.com\\\/channel\\\/UCxL0wu1uN0_3_7hGG0306cw\"]},{\"@type\":\"Person\",\"@id\":\"https:\\\/\\\/www.bellunopress.it\\\/#\\\/schema\\\/person\\\/79bb06722b37ece1c03d3e94beb30d73\",\"name\":\"redazione\",\"image\":{\"@type\":\"ImageObject\",\"inLanguage\":\"fr-FR\",\"@id\":\"https:\\\/\\\/secure.gravatar.com\\\/avatar\\\/37d968a2e67a6fd04c169c4bdef102d0bc5d31b2546345219e348575eb80e9a0?s=96&d=mm&r=g\",\"url\":\"https:\\\/\\\/secure.gravatar.com\\\/avatar\\\/37d968a2e67a6fd04c169c4bdef102d0bc5d31b2546345219e348575eb80e9a0?s=96&d=mm&r=g\",\"contentUrl\":\"https:\\\/\\\/secure.gravatar.com\\\/avatar\\\/37d968a2e67a6fd04c169c4bdef102d0bc5d31b2546345219e348575eb80e9a0?s=96&d=mm&r=g\",\"caption\":\"redazione\"},\"sameAs\":[\"http:\\\/\\\/www.bellunopress.it\",\"https:\\\/\\\/x.com\\\/bellunopress\"],\"url\":\"https:\\\/\\\/www.bellunopress.it\\\/fr\\\/author\\\/redazione\\\/\"}]}<\/script>\n<!-- \/ Yoast SEO plugin. -->","yoast_head_json":{"title":"Vigili del Fuoco. Abilitate otto Unit\u00e0 cinofile - Bellunopress - Dolomiti","robots":{"index":"index","follow":"follow","max-snippet":"max-snippet:-1","max-image-preview":"max-image-preview:large","max-video-preview":"max-video-preview:-1"},"canonical":"https:\/\/www.bellunopress.it\/fr\/2022\/07\/16\/vigili-del-fuoco-abilitate-otto-unita-cinofile\/","og_locale":"fr_FR","og_type":"article","og_title":"Vigili del Fuoco. Abilitate otto Unit\u00e0 cinofile - Bellunopress - Dolomiti","og_description":"Sono terminati, il 15 luglio, due corsi nazionali per unit\u00e0 cinofile dei vigili del fuoco, che si sono tenuti presso il Comando Provinciale di Belluno. Dopo 10 settimane di intenso impegno le prove finali, con un esame scritto per i conduttori e due prove pratiche per le unit\u00e0 cinofile, che si sono svolti nel campo [&hellip;]","og_url":"https:\/\/www.bellunopress.it\/fr\/2022\/07\/16\/vigili-del-fuoco-abilitate-otto-unita-cinofile\/","og_site_name":"Bellunopress - Dolomiti","article_publisher":"https:\/\/www.facebook.com\/profile.php?id=100008943462799","article_published_time":"2022-07-16T11:56:12+00:00","og_image":[{"width":1000,"height":645,"url":"https:\/\/www.bellunopress.it\/wp-content\/uploads\/2022\/07\/Unita-cinofile-vigili-del-fuoco_edited.jpg","type":"image\/jpeg"}],"author":"redazione","twitter_card":"summary_large_image","twitter_creator":"@bellunopress","twitter_site":"@bellunopress","twitter_misc":{"\u00c9crit par":"redazione","Dur\u00e9e de lecture estim\u00e9e":"2 minutes"},"schema":{"@context":"https:\/\/schema.org","@graph":[{"@type":"Article","@id":"https:\/\/www.bellunopress.it\/2022\/07\/16\/vigili-del-fuoco-abilitate-otto-unita-cinofile\/#article","isPartOf":{"@id":"https:\/\/www.bellunopress.it\/2022\/07\/16\/vigili-del-fuoco-abilitate-otto-unita-cinofile\/"},"author":{"name":"redazione","@id":"https:\/\/www.bellunopress.it\/#\/schema\/person\/79bb06722b37ece1c03d3e94beb30d73"},"headline":"Vigili del Fuoco. Abilitate otto Unit\u00e0 cinofile","datePublished":"2022-07-16T11:56:12+00:00","mainEntityOfPage":{"@id":"https:\/\/www.bellunopress.it\/2022\/07\/16\/vigili-del-fuoco-abilitate-otto-unita-cinofile\/"},"wordCount":180,"publisher":{"@id":"https:\/\/www.bellunopress.it\/#organization"},"image":{"@id":"https:\/\/www.bellunopress.it\/2022\/07\/16\/vigili-del-fuoco-abilitate-otto-unita-cinofile\/#primaryimage"},"thumbnailUrl":"https:\/\/www.bellunopress.it\/wp-content\/uploads\/2022\/07\/Unita-cinofile-vigili-del-fuoco_edited.jpg","articleSection":["Prima Pagina","Societ\u00e0, Associazioni, Istituzioni"],"inLanguage":"fr-FR"},{"@type":"WebPage","@id":"https:\/\/www.bellunopress.it\/2022\/07\/16\/vigili-del-fuoco-abilitate-otto-unita-cinofile\/","url":"https:\/\/www.bellunopress.it\/2022\/07\/16\/vigili-del-fuoco-abilitate-otto-unita-cinofile\/","name":"Vigili del Fuoco. Abilitate otto Unit\u00e0 cinofile - Bellunopress - Dolomiti","isPartOf":{"@id":"https:\/\/www.bellunopress.it\/#website"},"primaryImageOfPage":{"@id":"https:\/\/www.bellunopress.it\/2022\/07\/16\/vigili-del-fuoco-abilitate-otto-unita-cinofile\/#primaryimage"},"image":{"@id":"https:\/\/www.bellunopress.it\/2022\/07\/16\/vigili-del-fuoco-abilitate-otto-unita-cinofile\/#primaryimage"},"thumbnailUrl":"https:\/\/www.bellunopress.it\/wp-content\/uploads\/2022\/07\/Unita-cinofile-vigili-del-fuoco_edited.jpg","datePublished":"2022-07-16T11:56:12+00:00","breadcrumb":{"@id":"https:\/\/www.bellunopress.it\/2022\/07\/16\/vigili-del-fuoco-abilitate-otto-unita-cinofile\/#breadcrumb"},"inLanguage":"fr-FR","potentialAction":[{"@type":"ReadAction","target":["https:\/\/www.bellunopress.it\/2022\/07\/16\/vigili-del-fuoco-abilitate-otto-unita-cinofile\/"]}]},{"@type":"ImageObject","inLanguage":"fr-FR","@id":"https:\/\/www.bellunopress.it\/2022\/07\/16\/vigili-del-fuoco-abilitate-otto-unita-cinofile\/#primaryimage","url":"https:\/\/www.bellunopress.it\/wp-content\/uploads\/2022\/07\/Unita-cinofile-vigili-del-fuoco_edited.jpg","contentUrl":"https:\/\/www.bellunopress.it\/wp-content\/uploads\/2022\/07\/Unita-cinofile-vigili-del-fuoco_edited.jpg","width":1000,"height":645},{"@type":"BreadcrumbList","@id":"https:\/\/www.bellunopress.it\/2022\/07\/16\/vigili-del-fuoco-abilitate-otto-unita-cinofile\/#breadcrumb","itemListElement":[{"@type":"ListItem","position":1,"name":"Home","item":"https:\/\/www.bellunopress.it\/"},{"@type":"ListItem","position":2,"name":"Vigili del Fuoco. Abilitate otto Unit\u00e0 cinofile"}]},{"@type":"WebSite","@id":"https:\/\/www.bellunopress.it\/#website","url":"https:\/\/www.bellunopress.it\/","name":"Bellunopress - Dolomiti","description":"e-mail: redazione@bellunopress.it","publisher":{"@id":"https:\/\/www.bellunopress.it\/#organization"},"potentialAction":[{"@type":"SearchAction","target":{"@type":"EntryPoint","urlTemplate":"https:\/\/www.bellunopress.it\/?s={search_term_string}"},"query-input":{"@type":"PropertyValueSpecification","valueRequired":true,"valueName":"search_term_string"}}],"inLanguage":"fr-FR"},{"@type":"Organization","@id":"https:\/\/www.bellunopress.it\/#organization","name":"Bellunopress","url":"https:\/\/www.bellunopress.it\/","logo":{"@type":"ImageObject","inLanguage":"fr-FR","@id":"https:\/\/www.bellunopress.it\/#\/schema\/logo\/image\/","url":"https:\/\/www.bellunopress.it\/wp-content\/uploads\/2011\/05\/cropped-logo-bellunopress-.jpg","contentUrl":"https:\/\/www.bellunopress.it\/wp-content\/uploads\/2011\/05\/cropped-logo-bellunopress-.jpg","width":512,"height":512,"caption":"Bellunopress"},"image":{"@id":"https:\/\/www.bellunopress.it\/#\/schema\/logo\/image\/"},"sameAs":["https:\/\/www.facebook.com\/profile.php?id=100008943462799","https:\/\/x.com\/bellunopress","https:\/\/www.linkedin.com\/hp\/?dnr=JBzUWaJfMUw8vbXJJ2tVW5-I3jZKvC4wsoxE&amp;amp;amp;amp;amp;amp;trk=nav_responsive_tab_home","https:\/\/www.youtube.com\/channel\/UCxL0wu1uN0_3_7hGG0306cw"]},{"@type":"Person","@id":"https:\/\/www.bellunopress.it\/#\/schema\/person\/79bb06722b37ece1c03d3e94beb30d73","name":"r\u00e9daction","image":{"@type":"ImageObject","inLanguage":"fr-FR","@id":"https:\/\/secure.gravatar.com\/avatar\/37d968a2e67a6fd04c169c4bdef102d0bc5d31b2546345219e348575eb80e9a0?s=96&d=mm&r=g","url":"https:\/\/secure.gravatar.com\/avatar\/37d968a2e67a6fd04c169c4bdef102d0bc5d31b2546345219e348575eb80e9a0?s=96&d=mm&r=g","contentUrl":"https:\/\/secure.gravatar.com\/avatar\/37d968a2e67a6fd04c169c4bdef102d0bc5d31b2546345219e348575eb80e9a0?s=96&d=mm&r=g","caption":"redazione"},"sameAs":["http:\/\/www.bellunopress.it","https:\/\/x.com\/bellunopress"],"url":"https:\/\/www.bellunopress.it\/fr\/author\/redazione\/"}]}},"_links":{"self":[{"href":"https:\/\/www.bellunopress.it\/fr\/wp-json\/wp\/v2\/posts\/135095","targetHints":{"allow":["GET"]}}],"collection":[{"href":"https:\/\/www.bellunopress.it\/fr\/wp-json\/wp\/v2\/posts"}],"about":[{"href":"https:\/\/www.bellunopress.it\/fr\/wp-json\/wp\/v2\/types\/post"}],"author":[{"embeddable":true,"href":"https:\/\/www.bellunopress.it\/fr\/wp-json\/wp\/v2\/users\/2"}],"replies":[{"embeddable":true,"href":"https:\/\/www.bellunopress.it\/fr\/wp-json\/wp\/v2\/comments?post=135095"}],"version-history":[{"count":1,"href":"https:\/\/www.bellunopress.it\/fr\/wp-json\/wp\/v2\/posts\/135095\/revisions"}],"predecessor-version":[{"id":135097,"href":"https:\/\/www.bellunopress.it\/fr\/wp-json\/wp\/v2\/posts\/135095\/revisions\/135097"}],"wp:featuredmedia":[{"embeddable":true,"href":"https:\/\/www.bellunopress.it\/fr\/wp-json\/wp\/v2\/media\/135096"}],"wp:attachment":[{"href":"https:\/\/www.bellunopress.it\/fr\/wp-json\/wp\/v2\/media?parent=135095"}],"wp:term":[{"taxonomy":"category","embeddable":true,"href":"https:\/\/www.bellunopress.it\/fr\/wp-json\/wp\/v2\/categories?post=135095"},{"taxonomy":"post_tag","embeddable":true,"href":"https:\/\/www.bellunopress.it\/fr\/wp-json\/wp\/v2\/tags?post=135095"}],"curies":[{"name":"wp","href":"https:\/\/api.w.org\/{rel}","templated":true}]}}