{"id":135091,"date":"2022-07-16T10:30:17","date_gmt":"2022-07-16T08:30:17","guid":{"rendered":"https:\/\/www.bellunopress.it\/?p=135091"},"modified":"2022-07-16T10:31:12","modified_gmt":"2022-07-16T08:31:12","slug":"torna-calici-di-stelle-il-6-agosto-a-cortina-dampezzo","status":"publish","type":"post","link":"https:\/\/www.bellunopress.it\/fr\/2022\/07\/16\/torna-calici-di-stelle-il-6-agosto-a-cortina-dampezzo\/","title":{"rendered":"Torna Calici di Stelle il 6 agosto a Cortina d&#8217;Ampezzo"},"content":{"rendered":"<p style=\"font-weight: 400;\"><img loading=\"lazy\" decoding=\"async\" class=\"alignleft size-full wp-image-116000\" src=\"https:\/\/www.bellunopress.it\/wp-content\/uploads\/2020\/07\/calici-di-stelle-cortina_edited.jpg\" alt=\"\" width=\"800\" height=\"534\" srcset=\"https:\/\/www.bellunopress.it\/wp-content\/uploads\/2020\/07\/calici-di-stelle-cortina_edited.jpg 800w, https:\/\/www.bellunopress.it\/wp-content\/uploads\/2020\/07\/calici-di-stelle-cortina_edited-500x334.jpg 500w, https:\/\/www.bellunopress.it\/wp-content\/uploads\/2020\/07\/calici-di-stelle-cortina_edited-696x465.jpg 696w, https:\/\/www.bellunopress.it\/wp-content\/uploads\/2020\/07\/calici-di-stelle-cortina_edited-629x420.jpg 629w\" sizes=\"auto, (max-width: 800px) 100vw, 800px\" \/>Sabato 6 Agosto 2022 si terr\u00e0 la decima edizione di Calici di Stelle a Cortina d&#8217;Ampezzo. L&#8217;appuntamento, fra i pi\u00f9 attesi della stagione estiva nella citt\u00e0 simbolo delle Dolomiti, unisce al piacere di un calice di ottimo vino, il gusto di un tipico piatto ampezzano, il tutto nell&#8217; affascinante plateatico esterno dell&#8217; Hotel De la Poste in Corso Italia.<\/p>\n<p style=\"font-weight: 400;\">L&#8217;evento \u00e8 organizzato da Veneziaeventi in collaborazione con il Movimento Turismo del Vino Veneto e Citt\u00e0 del Vino e come ogni anno presenta un calendario davvero degno di nota per ogni WineLover che si rispetti ma anche per il semplice appassionato o turista che vuole vivere una giornata all&#8217;insegna del gusto per l&#8217;eccellenza.<\/p>\n<p style=\"font-weight: 400;\">Dalle ore 17.00 alle ore 20.30\u00a0\u00a0Degustazione di pi\u00f9 di cento etichette di vino provenienti dalle Cantine del Movimento Turismo del Vino Veneto e della Lombardia abbinate a piatti tipici ampezzani.<br \/>\nSacca porta calice per fare tutte le degustazioni pi\u00f9 un piattino degustazione \u20ac 25.00<br \/>\nAlle ore 21.00 nella stupenda sala del ristorante dell&#8217; Hotel de la Poste inizier\u00e0 la Cena di Calici di Stelle con i produttori aperta al pubblico solo su prenotazione il costo \u00e8 di 60.00 \u20ac a persona compreso i vini.<\/p>\n<figure id=\"attachment_135092\" aria-describedby=\"caption-attachment-135092\" style=\"width: 765px\" class=\"wp-caption alignleft\"><img loading=\"lazy\" decoding=\"async\" class=\"size-full wp-image-135092\" src=\"https:\/\/www.bellunopress.it\/wp-content\/uploads\/2022\/07\/Calici-di-Stelle-Maria-Botter.jpg\" alt=\"\" width=\"765\" height=\"1000\" srcset=\"https:\/\/www.bellunopress.it\/wp-content\/uploads\/2022\/07\/Calici-di-Stelle-Maria-Botter.jpg 765w, https:\/\/www.bellunopress.it\/wp-content\/uploads\/2022\/07\/Calici-di-Stelle-Maria-Botter-383x500.jpg 383w, https:\/\/www.bellunopress.it\/wp-content\/uploads\/2022\/07\/Calici-di-Stelle-Maria-Botter-696x910.jpg 696w, https:\/\/www.bellunopress.it\/wp-content\/uploads\/2022\/07\/Calici-di-Stelle-Maria-Botter-321x420.jpg 321w\" sizes=\"auto, (max-width: 765px) 100vw, 765px\" \/><figcaption id=\"caption-attachment-135092\" class=\"wp-caption-text\">Maria Botter<\/figcaption><\/figure>\n<p style=\"font-weight: 400;\">L&#8217;elenco completo \u00e8 consultabile in anteprima su:\u00a0<a href=\"https:\/\/www.veneziaeventi.com\/i-nostri-eventi\/calici-di-stelle\/calici-di-stelle-a-cortina-dampezzo-2022\/\">https:\/\/www.veneziaeventi.com\/i-nostri-eventi\/calici-di-stelle\/calici-di-stelle-a-cortina-dampezzo-2022\/<\/a><\/p>\n<p style=\"font-weight: 400;\"><b><strong>Per informazioni sull&#8217;evento<\/strong><\/b>: Maria Botter Mob. +39 347 4447717<br \/>\ninfo@veneziaeventi.com &#8211;\u00a0\u00a0www.veneziaeventi.com<\/p>\n<p>MOVIMENTO TURISMO DEL VINO VENETO<br \/>\nIn collaborazione con:mtv@mtvveneto.it www.mtvveneto.it<\/p>","protected":false},"excerpt":{"rendered":"<p>Sabato 6 Agosto 2022 si terr\u00e0 la decima edizione di Calici di Stelle a Cortina d&#8217;Ampezzo. L&#8217;appuntamento, fra i pi\u00f9 attesi della stagione estiva nella citt\u00e0 simbolo delle Dolomiti, unisce al piacere di un calice di ottimo vino, il gusto di un tipico piatto ampezzano, il tutto nell&#8217; affascinante plateatico esterno dell&#8217; Hotel De la [&hellip;]<\/p>\n","protected":false},"author":2,"featured_media":135092,"comment_status":"closed","ping_status":"open","sticky":false,"template":"","format":"standard","meta":{"footnotes":""},"categories":[3393,25],"tags":[3515],"class_list":["post-135091","post","type-post","status-publish","format-standard","has-post-thumbnail","category-eventi-enogastronomici","category-pausa-caffe","tag-calici-di-stelle-2022-cortina"],"yoast_head":"<!-- This site is optimized with the Yoast SEO plugin v28.4 - https:\/\/yoast.com\/product\/yoast-seo-wordpress\/ -->\n<title>Torna Calici di Stelle il 6 agosto a Cortina d&#039;Ampezzo - Bellunopress - Dolomiti<\/title>\n<meta name=\"robots\" content=\"index, follow, max-snippet:-1, max-image-preview:large, max-video-preview:-1\" \/>\n<link rel=\"canonical\" href=\"https:\/\/www.bellunopress.it\/fr\/2022\/07\/16\/torna-calici-di-stelle-il-6-agosto-a-cortina-dampezzo\/\" \/>\n<meta property=\"og:locale\" content=\"fr_FR\" \/>\n<meta property=\"og:type\" content=\"article\" \/>\n<meta property=\"og:title\" content=\"Torna Calici di Stelle il 6 agosto a Cortina d&#039;Ampezzo - Bellunopress - Dolomiti\" \/>\n<meta property=\"og:description\" content=\"Sabato 6 Agosto 2022 si terr\u00e0 la decima edizione di Calici di Stelle a Cortina d&#8217;Ampezzo. L&#8217;appuntamento, fra i pi\u00f9 attesi della stagione estiva nella citt\u00e0 simbolo delle Dolomiti, unisce al piacere di un calice di ottimo vino, il gusto di un tipico piatto ampezzano, il tutto nell&#8217; affascinante plateatico esterno dell&#8217; Hotel De la [&hellip;]\" \/>\n<meta property=\"og:url\" content=\"https:\/\/www.bellunopress.it\/fr\/2022\/07\/16\/torna-calici-di-stelle-il-6-agosto-a-cortina-dampezzo\/\" \/>\n<meta property=\"og:site_name\" content=\"Bellunopress - Dolomiti\" \/>\n<meta property=\"article:publisher\" content=\"https:\/\/www.facebook.com\/profile.php?id=100008943462799\" \/>\n<meta property=\"article:published_time\" content=\"2022-07-16T08:30:17+00:00\" \/>\n<meta property=\"article:modified_time\" content=\"2022-07-16T08:31:12+00:00\" \/>\n<meta property=\"og:image\" content=\"https:\/\/www.bellunopress.it\/wp-content\/uploads\/2022\/07\/Calici-di-Stelle-Maria-Botter.jpg\" \/>\n\t<meta property=\"og:image:width\" content=\"765\" \/>\n\t<meta property=\"og:image:height\" content=\"1000\" \/>\n\t<meta property=\"og:image:type\" content=\"image\/jpeg\" \/>\n<meta name=\"author\" content=\"redazione\" \/>\n<meta name=\"twitter:card\" content=\"summary_large_image\" \/>\n<meta name=\"twitter:creator\" content=\"@bellunopress\" \/>\n<meta name=\"twitter:site\" content=\"@bellunopress\" \/>\n<meta name=\"twitter:label1\" content=\"\u00c9crit par\" \/>\n\t<meta name=\"twitter:data1\" content=\"redazione\" \/>\n\t<meta name=\"twitter:label2\" content=\"Dur\u00e9e de lecture estim\u00e9e\" \/>\n\t<meta name=\"twitter:data2\" content=\"2 minutes\" \/>\n<script type=\"application\/ld+json\" class=\"yoast-schema-graph\">{\"@context\":\"https:\\\/\\\/schema.org\",\"@graph\":[{\"@type\":\"Article\",\"@id\":\"https:\\\/\\\/www.bellunopress.it\\\/2022\\\/07\\\/16\\\/torna-calici-di-stelle-il-6-agosto-a-cortina-dampezzo\\\/#article\",\"isPartOf\":{\"@id\":\"https:\\\/\\\/www.bellunopress.it\\\/2022\\\/07\\\/16\\\/torna-calici-di-stelle-il-6-agosto-a-cortina-dampezzo\\\/\"},\"author\":{\"name\":\"redazione\",\"@id\":\"https:\\\/\\\/www.bellunopress.it\\\/#\\\/schema\\\/person\\\/79bb06722b37ece1c03d3e94beb30d73\"},\"headline\":\"Torna Calici di Stelle il 6 agosto a Cortina d&#8217;Ampezzo\",\"datePublished\":\"2022-07-16T08:30:17+00:00\",\"dateModified\":\"2022-07-16T08:31:12+00:00\",\"mainEntityOfPage\":{\"@id\":\"https:\\\/\\\/www.bellunopress.it\\\/2022\\\/07\\\/16\\\/torna-calici-di-stelle-il-6-agosto-a-cortina-dampezzo\\\/\"},\"wordCount\":252,\"publisher\":{\"@id\":\"https:\\\/\\\/www.bellunopress.it\\\/#organization\"},\"image\":{\"@id\":\"https:\\\/\\\/www.bellunopress.it\\\/2022\\\/07\\\/16\\\/torna-calici-di-stelle-il-6-agosto-a-cortina-dampezzo\\\/#primaryimage\"},\"thumbnailUrl\":\"https:\\\/\\\/www.bellunopress.it\\\/wp-content\\\/uploads\\\/2022\\\/07\\\/Calici-di-Stelle-Maria-Botter.jpg\",\"keywords\":[\"Calici di Stelle 2022 Cortina\"],\"articleSection\":[\"Eventi enogastronomici\",\"Pausa Caff\u00e8\"],\"inLanguage\":\"fr-FR\"},{\"@type\":\"WebPage\",\"@id\":\"https:\\\/\\\/www.bellunopress.it\\\/2022\\\/07\\\/16\\\/torna-calici-di-stelle-il-6-agosto-a-cortina-dampezzo\\\/\",\"url\":\"https:\\\/\\\/www.bellunopress.it\\\/2022\\\/07\\\/16\\\/torna-calici-di-stelle-il-6-agosto-a-cortina-dampezzo\\\/\",\"name\":\"Torna Calici di Stelle il 6 agosto a Cortina d'Ampezzo - Bellunopress - Dolomiti\",\"isPartOf\":{\"@id\":\"https:\\\/\\\/www.bellunopress.it\\\/#website\"},\"primaryImageOfPage\":{\"@id\":\"https:\\\/\\\/www.bellunopress.it\\\/2022\\\/07\\\/16\\\/torna-calici-di-stelle-il-6-agosto-a-cortina-dampezzo\\\/#primaryimage\"},\"image\":{\"@id\":\"https:\\\/\\\/www.bellunopress.it\\\/2022\\\/07\\\/16\\\/torna-calici-di-stelle-il-6-agosto-a-cortina-dampezzo\\\/#primaryimage\"},\"thumbnailUrl\":\"https:\\\/\\\/www.bellunopress.it\\\/wp-content\\\/uploads\\\/2022\\\/07\\\/Calici-di-Stelle-Maria-Botter.jpg\",\"datePublished\":\"2022-07-16T08:30:17+00:00\",\"dateModified\":\"2022-07-16T08:31:12+00:00\",\"breadcrumb\":{\"@id\":\"https:\\\/\\\/www.bellunopress.it\\\/2022\\\/07\\\/16\\\/torna-calici-di-stelle-il-6-agosto-a-cortina-dampezzo\\\/#breadcrumb\"},\"inLanguage\":\"fr-FR\",\"potentialAction\":[{\"@type\":\"ReadAction\",\"target\":[\"https:\\\/\\\/www.bellunopress.it\\\/2022\\\/07\\\/16\\\/torna-calici-di-stelle-il-6-agosto-a-cortina-dampezzo\\\/\"]}]},{\"@type\":\"ImageObject\",\"inLanguage\":\"fr-FR\",\"@id\":\"https:\\\/\\\/www.bellunopress.it\\\/2022\\\/07\\\/16\\\/torna-calici-di-stelle-il-6-agosto-a-cortina-dampezzo\\\/#primaryimage\",\"url\":\"https:\\\/\\\/www.bellunopress.it\\\/wp-content\\\/uploads\\\/2022\\\/07\\\/Calici-di-Stelle-Maria-Botter.jpg\",\"contentUrl\":\"https:\\\/\\\/www.bellunopress.it\\\/wp-content\\\/uploads\\\/2022\\\/07\\\/Calici-di-Stelle-Maria-Botter.jpg\",\"width\":765,\"height\":1000,\"caption\":\"Maria Botter, organizzatrice dell'evento\"},{\"@type\":\"BreadcrumbList\",\"@id\":\"https:\\\/\\\/www.bellunopress.it\\\/2022\\\/07\\\/16\\\/torna-calici-di-stelle-il-6-agosto-a-cortina-dampezzo\\\/#breadcrumb\",\"itemListElement\":[{\"@type\":\"ListItem\",\"position\":1,\"name\":\"Home\",\"item\":\"https:\\\/\\\/www.bellunopress.it\\\/\"},{\"@type\":\"ListItem\",\"position\":2,\"name\":\"Torna Calici di Stelle il 6 agosto a Cortina d&#8217;Ampezzo\"}]},{\"@type\":\"WebSite\",\"@id\":\"https:\\\/\\\/www.bellunopress.it\\\/#website\",\"url\":\"https:\\\/\\\/www.bellunopress.it\\\/\",\"name\":\"Bellunopress - Dolomiti\",\"description\":\"e-mail: redazione@bellunopress.it\",\"publisher\":{\"@id\":\"https:\\\/\\\/www.bellunopress.it\\\/#organization\"},\"potentialAction\":[{\"@type\":\"SearchAction\",\"target\":{\"@type\":\"EntryPoint\",\"urlTemplate\":\"https:\\\/\\\/www.bellunopress.it\\\/?s={search_term_string}\"},\"query-input\":{\"@type\":\"PropertyValueSpecification\",\"valueRequired\":true,\"valueName\":\"search_term_string\"}}],\"inLanguage\":\"fr-FR\"},{\"@type\":\"Organization\",\"@id\":\"https:\\\/\\\/www.bellunopress.it\\\/#organization\",\"name\":\"Bellunopress\",\"url\":\"https:\\\/\\\/www.bellunopress.it\\\/\",\"logo\":{\"@type\":\"ImageObject\",\"inLanguage\":\"fr-FR\",\"@id\":\"https:\\\/\\\/www.bellunopress.it\\\/#\\\/schema\\\/logo\\\/image\\\/\",\"url\":\"https:\\\/\\\/www.bellunopress.it\\\/wp-content\\\/uploads\\\/2011\\\/05\\\/cropped-logo-bellunopress-.jpg\",\"contentUrl\":\"https:\\\/\\\/www.bellunopress.it\\\/wp-content\\\/uploads\\\/2011\\\/05\\\/cropped-logo-bellunopress-.jpg\",\"width\":512,\"height\":512,\"caption\":\"Bellunopress\"},\"image\":{\"@id\":\"https:\\\/\\\/www.bellunopress.it\\\/#\\\/schema\\\/logo\\\/image\\\/\"},\"sameAs\":[\"https:\\\/\\\/www.facebook.com\\\/profile.php?id=100008943462799\",\"https:\\\/\\\/x.com\\\/bellunopress\",\"https:\\\/\\\/www.linkedin.com\\\/hp\\\/?dnr=JBzUWaJfMUw8vbXJJ2tVW5-I3jZKvC4wsoxE&amp;amp;amp;amp;amp;amp;trk=nav_responsive_tab_home\",\"https:\\\/\\\/www.youtube.com\\\/channel\\\/UCxL0wu1uN0_3_7hGG0306cw\"]},{\"@type\":\"Person\",\"@id\":\"https:\\\/\\\/www.bellunopress.it\\\/#\\\/schema\\\/person\\\/79bb06722b37ece1c03d3e94beb30d73\",\"name\":\"redazione\",\"image\":{\"@type\":\"ImageObject\",\"inLanguage\":\"fr-FR\",\"@id\":\"https:\\\/\\\/secure.gravatar.com\\\/avatar\\\/37d968a2e67a6fd04c169c4bdef102d0bc5d31b2546345219e348575eb80e9a0?s=96&d=mm&r=g\",\"url\":\"https:\\\/\\\/secure.gravatar.com\\\/avatar\\\/37d968a2e67a6fd04c169c4bdef102d0bc5d31b2546345219e348575eb80e9a0?s=96&d=mm&r=g\",\"contentUrl\":\"https:\\\/\\\/secure.gravatar.com\\\/avatar\\\/37d968a2e67a6fd04c169c4bdef102d0bc5d31b2546345219e348575eb80e9a0?s=96&d=mm&r=g\",\"caption\":\"redazione\"},\"sameAs\":[\"http:\\\/\\\/www.bellunopress.it\",\"https:\\\/\\\/x.com\\\/bellunopress\"],\"url\":\"https:\\\/\\\/www.bellunopress.it\\\/fr\\\/author\\\/redazione\\\/\"}]}<\/script>\n<!-- \/ Yoast SEO plugin. -->","yoast_head_json":{"title":"Torna Calici di Stelle il 6 agosto a Cortina d'Ampezzo - Bellunopress - Dolomiti","robots":{"index":"index","follow":"follow","max-snippet":"max-snippet:-1","max-image-preview":"max-image-preview:large","max-video-preview":"max-video-preview:-1"},"canonical":"https:\/\/www.bellunopress.it\/fr\/2022\/07\/16\/torna-calici-di-stelle-il-6-agosto-a-cortina-dampezzo\/","og_locale":"fr_FR","og_type":"article","og_title":"Torna Calici di Stelle il 6 agosto a Cortina d'Ampezzo - Bellunopress - Dolomiti","og_description":"Sabato 6 Agosto 2022 si terr\u00e0 la decima edizione di Calici di Stelle a Cortina d&#8217;Ampezzo. L&#8217;appuntamento, fra i pi\u00f9 attesi della stagione estiva nella citt\u00e0 simbolo delle Dolomiti, unisce al piacere di un calice di ottimo vino, il gusto di un tipico piatto ampezzano, il tutto nell&#8217; affascinante plateatico esterno dell&#8217; Hotel De la [&hellip;]","og_url":"https:\/\/www.bellunopress.it\/fr\/2022\/07\/16\/torna-calici-di-stelle-il-6-agosto-a-cortina-dampezzo\/","og_site_name":"Bellunopress - Dolomiti","article_publisher":"https:\/\/www.facebook.com\/profile.php?id=100008943462799","article_published_time":"2022-07-16T08:30:17+00:00","article_modified_time":"2022-07-16T08:31:12+00:00","og_image":[{"width":765,"height":1000,"url":"https:\/\/www.bellunopress.it\/wp-content\/uploads\/2022\/07\/Calici-di-Stelle-Maria-Botter.jpg","type":"image\/jpeg"}],"author":"redazione","twitter_card":"summary_large_image","twitter_creator":"@bellunopress","twitter_site":"@bellunopress","twitter_misc":{"\u00c9crit par":"redazione","Dur\u00e9e de lecture estim\u00e9e":"2 minutes"},"schema":{"@context":"https:\/\/schema.org","@graph":[{"@type":"Article","@id":"https:\/\/www.bellunopress.it\/2022\/07\/16\/torna-calici-di-stelle-il-6-agosto-a-cortina-dampezzo\/#article","isPartOf":{"@id":"https:\/\/www.bellunopress.it\/2022\/07\/16\/torna-calici-di-stelle-il-6-agosto-a-cortina-dampezzo\/"},"author":{"name":"redazione","@id":"https:\/\/www.bellunopress.it\/#\/schema\/person\/79bb06722b37ece1c03d3e94beb30d73"},"headline":"Torna Calici di Stelle il 6 agosto a Cortina d&#8217;Ampezzo","datePublished":"2022-07-16T08:30:17+00:00","dateModified":"2022-07-16T08:31:12+00:00","mainEntityOfPage":{"@id":"https:\/\/www.bellunopress.it\/2022\/07\/16\/torna-calici-di-stelle-il-6-agosto-a-cortina-dampezzo\/"},"wordCount":252,"publisher":{"@id":"https:\/\/www.bellunopress.it\/#organization"},"image":{"@id":"https:\/\/www.bellunopress.it\/2022\/07\/16\/torna-calici-di-stelle-il-6-agosto-a-cortina-dampezzo\/#primaryimage"},"thumbnailUrl":"https:\/\/www.bellunopress.it\/wp-content\/uploads\/2022\/07\/Calici-di-Stelle-Maria-Botter.jpg","keywords":["Calici di Stelle 2022 Cortina"],"articleSection":["Eventi enogastronomici","Pausa Caff\u00e8"],"inLanguage":"fr-FR"},{"@type":"WebPage","@id":"https:\/\/www.bellunopress.it\/2022\/07\/16\/torna-calici-di-stelle-il-6-agosto-a-cortina-dampezzo\/","url":"https:\/\/www.bellunopress.it\/2022\/07\/16\/torna-calici-di-stelle-il-6-agosto-a-cortina-dampezzo\/","name":"Torna Calici di Stelle il 6 agosto a Cortina d'Ampezzo - Bellunopress - Dolomiti","isPartOf":{"@id":"https:\/\/www.bellunopress.it\/#website"},"primaryImageOfPage":{"@id":"https:\/\/www.bellunopress.it\/2022\/07\/16\/torna-calici-di-stelle-il-6-agosto-a-cortina-dampezzo\/#primaryimage"},"image":{"@id":"https:\/\/www.bellunopress.it\/2022\/07\/16\/torna-calici-di-stelle-il-6-agosto-a-cortina-dampezzo\/#primaryimage"},"thumbnailUrl":"https:\/\/www.bellunopress.it\/wp-content\/uploads\/2022\/07\/Calici-di-Stelle-Maria-Botter.jpg","datePublished":"2022-07-16T08:30:17+00:00","dateModified":"2022-07-16T08:31:12+00:00","breadcrumb":{"@id":"https:\/\/www.bellunopress.it\/2022\/07\/16\/torna-calici-di-stelle-il-6-agosto-a-cortina-dampezzo\/#breadcrumb"},"inLanguage":"fr-FR","potentialAction":[{"@type":"ReadAction","target":["https:\/\/www.bellunopress.it\/2022\/07\/16\/torna-calici-di-stelle-il-6-agosto-a-cortina-dampezzo\/"]}]},{"@type":"ImageObject","inLanguage":"fr-FR","@id":"https:\/\/www.bellunopress.it\/2022\/07\/16\/torna-calici-di-stelle-il-6-agosto-a-cortina-dampezzo\/#primaryimage","url":"https:\/\/www.bellunopress.it\/wp-content\/uploads\/2022\/07\/Calici-di-Stelle-Maria-Botter.jpg","contentUrl":"https:\/\/www.bellunopress.it\/wp-content\/uploads\/2022\/07\/Calici-di-Stelle-Maria-Botter.jpg","width":765,"height":1000,"caption":"Maria Botter, organizzatrice dell'evento"},{"@type":"BreadcrumbList","@id":"https:\/\/www.bellunopress.it\/2022\/07\/16\/torna-calici-di-stelle-il-6-agosto-a-cortina-dampezzo\/#breadcrumb","itemListElement":[{"@type":"ListItem","position":1,"name":"Home","item":"https:\/\/www.bellunopress.it\/"},{"@type":"ListItem","position":2,"name":"Torna Calici di Stelle il 6 agosto a Cortina d&#8217;Ampezzo"}]},{"@type":"WebSite","@id":"https:\/\/www.bellunopress.it\/#website","url":"https:\/\/www.bellunopress.it\/","name":"Bellunopress - Dolomiti","description":"e-mail: redazione@bellunopress.it","publisher":{"@id":"https:\/\/www.bellunopress.it\/#organization"},"potentialAction":[{"@type":"SearchAction","target":{"@type":"EntryPoint","urlTemplate":"https:\/\/www.bellunopress.it\/?s={search_term_string}"},"query-input":{"@type":"PropertyValueSpecification","valueRequired":true,"valueName":"search_term_string"}}],"inLanguage":"fr-FR"},{"@type":"Organization","@id":"https:\/\/www.bellunopress.it\/#organization","name":"Bellunopress","url":"https:\/\/www.bellunopress.it\/","logo":{"@type":"ImageObject","inLanguage":"fr-FR","@id":"https:\/\/www.bellunopress.it\/#\/schema\/logo\/image\/","url":"https:\/\/www.bellunopress.it\/wp-content\/uploads\/2011\/05\/cropped-logo-bellunopress-.jpg","contentUrl":"https:\/\/www.bellunopress.it\/wp-content\/uploads\/2011\/05\/cropped-logo-bellunopress-.jpg","width":512,"height":512,"caption":"Bellunopress"},"image":{"@id":"https:\/\/www.bellunopress.it\/#\/schema\/logo\/image\/"},"sameAs":["https:\/\/www.facebook.com\/profile.php?id=100008943462799","https:\/\/x.com\/bellunopress","https:\/\/www.linkedin.com\/hp\/?dnr=JBzUWaJfMUw8vbXJJ2tVW5-I3jZKvC4wsoxE&amp;amp;amp;amp;amp;amp;trk=nav_responsive_tab_home","https:\/\/www.youtube.com\/channel\/UCxL0wu1uN0_3_7hGG0306cw"]},{"@type":"Person","@id":"https:\/\/www.bellunopress.it\/#\/schema\/person\/79bb06722b37ece1c03d3e94beb30d73","name":"r\u00e9daction","image":{"@type":"ImageObject","inLanguage":"fr-FR","@id":"https:\/\/secure.gravatar.com\/avatar\/37d968a2e67a6fd04c169c4bdef102d0bc5d31b2546345219e348575eb80e9a0?s=96&d=mm&r=g","url":"https:\/\/secure.gravatar.com\/avatar\/37d968a2e67a6fd04c169c4bdef102d0bc5d31b2546345219e348575eb80e9a0?s=96&d=mm&r=g","contentUrl":"https:\/\/secure.gravatar.com\/avatar\/37d968a2e67a6fd04c169c4bdef102d0bc5d31b2546345219e348575eb80e9a0?s=96&d=mm&r=g","caption":"redazione"},"sameAs":["http:\/\/www.bellunopress.it","https:\/\/x.com\/bellunopress"],"url":"https:\/\/www.bellunopress.it\/fr\/author\/redazione\/"}]}},"_links":{"self":[{"href":"https:\/\/www.bellunopress.it\/fr\/wp-json\/wp\/v2\/posts\/135091","targetHints":{"allow":["GET"]}}],"collection":[{"href":"https:\/\/www.bellunopress.it\/fr\/wp-json\/wp\/v2\/posts"}],"about":[{"href":"https:\/\/www.bellunopress.it\/fr\/wp-json\/wp\/v2\/types\/post"}],"author":[{"embeddable":true,"href":"https:\/\/www.bellunopress.it\/fr\/wp-json\/wp\/v2\/users\/2"}],"replies":[{"embeddable":true,"href":"https:\/\/www.bellunopress.it\/fr\/wp-json\/wp\/v2\/comments?post=135091"}],"version-history":[{"count":2,"href":"https:\/\/www.bellunopress.it\/fr\/wp-json\/wp\/v2\/posts\/135091\/revisions"}],"predecessor-version":[{"id":135094,"href":"https:\/\/www.bellunopress.it\/fr\/wp-json\/wp\/v2\/posts\/135091\/revisions\/135094"}],"wp:featuredmedia":[{"embeddable":true,"href":"https:\/\/www.bellunopress.it\/fr\/wp-json\/wp\/v2\/media\/135092"}],"wp:attachment":[{"href":"https:\/\/www.bellunopress.it\/fr\/wp-json\/wp\/v2\/media?parent=135091"}],"wp:term":[{"taxonomy":"category","embeddable":true,"href":"https:\/\/www.bellunopress.it\/fr\/wp-json\/wp\/v2\/categories?post=135091"},{"taxonomy":"post_tag","embeddable":true,"href":"https:\/\/www.bellunopress.it\/fr\/wp-json\/wp\/v2\/tags?post=135091"}],"curies":[{"name":"wp","href":"https:\/\/api.w.org\/{rel}","templated":true}]}}