{"id":13504,"date":"2010-03-15T10:11:43","date_gmt":"2010-03-15T09:11:43","guid":{"rendered":"http:\/\/www.bellunopress.it\/?p=13504"},"modified":"2010-03-15T16:50:45","modified_gmt":"2010-03-15T15:50:45","slug":"gli-alunni-delle-elementari-vittorino-da-feltre-di-feltre-domani-a-palazzo-balbi-con-il-loro-leone-animato","status":"publish","type":"post","link":"https:\/\/www.bellunopress.it\/fr\/2010\/03\/15\/gli-alunni-delle-elementari-vittorino-da-feltre-di-feltre-domani-a-palazzo-balbi-con-il-loro-leone-animato\/","title":{"rendered":"Gli alunni delle elementari &#8220;Vittorino da Feltre&#8221; di Feltre domani a Palazzo Balbi con il loro Leone animato"},"content":{"rendered":"<p><a href=\"http:\/\/www.bellunopress.it\/wp-content\/uploads\/2009\/10\/leone-di-san-marco.jpg\"><img loading=\"lazy\" decoding=\"async\" class=\"alignleft size-medium wp-image-8596\" title=\"leone-di-san-marco\" src=\"http:\/\/www.bellunopress.it\/wp-content\/uploads\/2009\/10\/leone-di-san-marco.jpg\" alt=\"\" width=\"290\" height=\"214\" \/><\/a>Viene dal feltrino il Leone di San Marco pi\u00f9 animato del Veneto. Lo porteranno domani a Palazzo Balbi di Venezia gli alunni di quarta e di quinta della Scuola Primaria \u201cVittorino da Feltre\u201d di Feltre che, accompagnati dai loro insegnanti, saranno ricevuti alle 12 dal vicepresidente della Giunta regionale. Sono loro, infatti, i vincitori del concorso regionale \u201cUn leone molto animato\u201d, indetto per il corrente anno scolastico nell\u2019ambito della seconda edizione del progetto didattico \u201cIn lingua veneta\u201d. L\u2019iniziativa, finalizzata alla promozione e alla valorizzazione dell\u2019identit\u00e0 storica, linguistica e culturale del Veneto, vivr\u00e0 il suo momento principale il 25 marzo prossimo, \u201cFesta del popolo veneto\u201d voluta da una legge regionale nella data leggendaria dei natali di Venezia, nel 421 dopo Cristo.<br \/>\nCon il concorso \u201cUn leone molto animato\u201d, i ragazzi dovevano reinterpretare il Leone di San Marco, simbolo della citt\u00e0 lagunare e del Veneto, attraverso la creazione di una storia destinata a un cartoon. Sulla base di tale storia e del disegno del leone alato da loro creato, gli alunni vincitori del concorso diventeranno di fatto i creatori di un cartone animato, che sar\u00e0 realizzato con il supporto della compagnia teatrale \u201cGli Alcuni\u201d di Treviso, e parteciperanno alla Festa del Popolo Veneto del 25 marzo 2010. Il Veneto si \u00e8 dato una legge per tutelare, valorizzare e promuovere il patrimonio linguistico e culturale regionale \u2013 ha sottolineato il vicepresidente della Giunta regionale \u2013 e con la seconda edizione dei \u201cPercorsi in lingua veneta\u201d abbiamo voluto ribadire che il linguaggio \u00e8 il luogo d\u2019incontro di una comunit\u00e0, strumento di tutela, trasmissione ed evoluzione della cultura di un popolo e delle sue tradizioni.<\/p>","protected":false},"excerpt":{"rendered":"<p>Viene dal feltrino il Leone di San Marco pi\u00f9 animato del Veneto. Lo porteranno domani a Palazzo Balbi di Venezia gli alunni di quarta e di quinta della Scuola Primaria \u201cVittorino da Feltre\u201d di Feltre che, accompagnati dai loro insegnanti, saranno ricevuti alle 12 dal vicepresidente della Giunta regionale. Sono loro, infatti, i vincitori del [&hellip;]<\/p>\n","protected":false},"author":2,"featured_media":0,"comment_status":"closed","ping_status":"open","sticky":false,"template":"","format":"standard","meta":{"footnotes":""},"categories":[5,26,15],"tags":[758,760,759],"class_list":["post-13504","post","type-post","status-publish","format-standard","category-cronaca","category-prima-pagina","category-scuola","tag-leone-di-san-marco","tag-scuola-elementare-vittorino-da-feltre","tag-un-leone-molto-animato"],"yoast_head":"<!-- This site is optimized with the Yoast SEO plugin v28.4 - https:\/\/yoast.com\/product\/yoast-seo-wordpress\/ -->\n<title>Gli alunni delle elementari &quot;Vittorino da Feltre&quot; di Feltre domani a Palazzo Balbi con il loro Leone animato - Bellunopress - Dolomiti<\/title>\n<meta name=\"robots\" content=\"index, follow, max-snippet:-1, max-image-preview:large, max-video-preview:-1\" \/>\n<link rel=\"canonical\" href=\"https:\/\/www.bellunopress.it\/fr\/2010\/03\/15\/gli-alunni-delle-elementari-vittorino-da-feltre-di-feltre-domani-a-palazzo-balbi-con-il-loro-leone-animato\/\" \/>\n<meta property=\"og:locale\" content=\"fr_FR\" \/>\n<meta property=\"og:type\" content=\"article\" \/>\n<meta property=\"og:title\" content=\"Gli alunni delle elementari &quot;Vittorino da Feltre&quot; di Feltre domani a Palazzo Balbi con il loro Leone animato - Bellunopress - Dolomiti\" \/>\n<meta property=\"og:description\" content=\"Viene dal feltrino il Leone di San Marco pi\u00f9 animato del Veneto. Lo porteranno domani a Palazzo Balbi di Venezia gli alunni di quarta e di quinta della Scuola Primaria \u201cVittorino da Feltre\u201d di Feltre che, accompagnati dai loro insegnanti, saranno ricevuti alle 12 dal vicepresidente della Giunta regionale. Sono loro, infatti, i vincitori del [&hellip;]\" \/>\n<meta property=\"og:url\" content=\"https:\/\/www.bellunopress.it\/fr\/2010\/03\/15\/gli-alunni-delle-elementari-vittorino-da-feltre-di-feltre-domani-a-palazzo-balbi-con-il-loro-leone-animato\/\" \/>\n<meta property=\"og:site_name\" content=\"Bellunopress - Dolomiti\" \/>\n<meta property=\"article:publisher\" content=\"https:\/\/www.facebook.com\/profile.php?id=100008943462799\" \/>\n<meta property=\"article:published_time\" content=\"2010-03-15T09:11:43+00:00\" \/>\n<meta property=\"article:modified_time\" content=\"2010-03-15T15:50:45+00:00\" \/>\n<meta property=\"og:image\" content=\"http:\/\/www.bellunopress.it\/wp-content\/uploads\/2009\/10\/leone-di-san-marco.jpg\" \/>\n<meta name=\"author\" content=\"redazione\" \/>\n<meta name=\"twitter:card\" content=\"summary_large_image\" \/>\n<meta name=\"twitter:creator\" content=\"@bellunopress\" \/>\n<meta name=\"twitter:site\" content=\"@bellunopress\" \/>\n<meta name=\"twitter:label1\" content=\"\u00c9crit par\" \/>\n\t<meta name=\"twitter:data1\" content=\"redazione\" \/>\n\t<meta name=\"twitter:label2\" content=\"Dur\u00e9e de lecture estim\u00e9e\" \/>\n\t<meta name=\"twitter:data2\" content=\"1 minute\" \/>\n<script type=\"application\/ld+json\" class=\"yoast-schema-graph\">{\"@context\":\"https:\\\/\\\/schema.org\",\"@graph\":[{\"@type\":\"Article\",\"@id\":\"https:\\\/\\\/www.bellunopress.it\\\/2010\\\/03\\\/15\\\/gli-alunni-delle-elementari-vittorino-da-feltre-di-feltre-domani-a-palazzo-balbi-con-il-loro-leone-animato\\\/#article\",\"isPartOf\":{\"@id\":\"https:\\\/\\\/www.bellunopress.it\\\/2010\\\/03\\\/15\\\/gli-alunni-delle-elementari-vittorino-da-feltre-di-feltre-domani-a-palazzo-balbi-con-il-loro-leone-animato\\\/\"},\"author\":{\"name\":\"redazione\",\"@id\":\"https:\\\/\\\/www.bellunopress.it\\\/#\\\/schema\\\/person\\\/79bb06722b37ece1c03d3e94beb30d73\"},\"headline\":\"Gli alunni delle elementari &#8220;Vittorino da Feltre&#8221; di Feltre domani a Palazzo Balbi con il loro Leone animato\",\"datePublished\":\"2010-03-15T09:11:43+00:00\",\"dateModified\":\"2010-03-15T15:50:45+00:00\",\"mainEntityOfPage\":{\"@id\":\"https:\\\/\\\/www.bellunopress.it\\\/2010\\\/03\\\/15\\\/gli-alunni-delle-elementari-vittorino-da-feltre-di-feltre-domani-a-palazzo-balbi-con-il-loro-leone-animato\\\/\"},\"wordCount\":283,\"publisher\":{\"@id\":\"https:\\\/\\\/www.bellunopress.it\\\/#organization\"},\"image\":{\"@id\":\"https:\\\/\\\/www.bellunopress.it\\\/2010\\\/03\\\/15\\\/gli-alunni-delle-elementari-vittorino-da-feltre-di-feltre-domani-a-palazzo-balbi-con-il-loro-leone-animato\\\/#primaryimage\"},\"thumbnailUrl\":\"http:\\\/\\\/www.bellunopress.it\\\/wp-content\\\/uploads\\\/2009\\\/10\\\/leone-di-san-marco.jpg\",\"keywords\":[\"Leone di San Marco\",\"Scuola elementare \\\"Vittorino da Feltre\\\"\",\"Un leone molto animato\"],\"articleSection\":[\"Cronaca\\\/Politica\",\"Prima Pagina\",\"Scuola\"],\"inLanguage\":\"fr-FR\"},{\"@type\":\"WebPage\",\"@id\":\"https:\\\/\\\/www.bellunopress.it\\\/2010\\\/03\\\/15\\\/gli-alunni-delle-elementari-vittorino-da-feltre-di-feltre-domani-a-palazzo-balbi-con-il-loro-leone-animato\\\/\",\"url\":\"https:\\\/\\\/www.bellunopress.it\\\/2010\\\/03\\\/15\\\/gli-alunni-delle-elementari-vittorino-da-feltre-di-feltre-domani-a-palazzo-balbi-con-il-loro-leone-animato\\\/\",\"name\":\"Gli alunni delle elementari \\\"Vittorino da Feltre\\\" di Feltre domani a Palazzo Balbi con il loro Leone animato - Bellunopress - Dolomiti\",\"isPartOf\":{\"@id\":\"https:\\\/\\\/www.bellunopress.it\\\/#website\"},\"primaryImageOfPage\":{\"@id\":\"https:\\\/\\\/www.bellunopress.it\\\/2010\\\/03\\\/15\\\/gli-alunni-delle-elementari-vittorino-da-feltre-di-feltre-domani-a-palazzo-balbi-con-il-loro-leone-animato\\\/#primaryimage\"},\"image\":{\"@id\":\"https:\\\/\\\/www.bellunopress.it\\\/2010\\\/03\\\/15\\\/gli-alunni-delle-elementari-vittorino-da-feltre-di-feltre-domani-a-palazzo-balbi-con-il-loro-leone-animato\\\/#primaryimage\"},\"thumbnailUrl\":\"http:\\\/\\\/www.bellunopress.it\\\/wp-content\\\/uploads\\\/2009\\\/10\\\/leone-di-san-marco.jpg\",\"datePublished\":\"2010-03-15T09:11:43+00:00\",\"dateModified\":\"2010-03-15T15:50:45+00:00\",\"breadcrumb\":{\"@id\":\"https:\\\/\\\/www.bellunopress.it\\\/2010\\\/03\\\/15\\\/gli-alunni-delle-elementari-vittorino-da-feltre-di-feltre-domani-a-palazzo-balbi-con-il-loro-leone-animato\\\/#breadcrumb\"},\"inLanguage\":\"fr-FR\",\"potentialAction\":[{\"@type\":\"ReadAction\",\"target\":[\"https:\\\/\\\/www.bellunopress.it\\\/2010\\\/03\\\/15\\\/gli-alunni-delle-elementari-vittorino-da-feltre-di-feltre-domani-a-palazzo-balbi-con-il-loro-leone-animato\\\/\"]}]},{\"@type\":\"ImageObject\",\"inLanguage\":\"fr-FR\",\"@id\":\"https:\\\/\\\/www.bellunopress.it\\\/2010\\\/03\\\/15\\\/gli-alunni-delle-elementari-vittorino-da-feltre-di-feltre-domani-a-palazzo-balbi-con-il-loro-leone-animato\\\/#primaryimage\",\"url\":\"http:\\\/\\\/www.bellunopress.it\\\/wp-content\\\/uploads\\\/2009\\\/10\\\/leone-di-san-marco.jpg\",\"contentUrl\":\"http:\\\/\\\/www.bellunopress.it\\\/wp-content\\\/uploads\\\/2009\\\/10\\\/leone-di-san-marco.jpg\"},{\"@type\":\"BreadcrumbList\",\"@id\":\"https:\\\/\\\/www.bellunopress.it\\\/2010\\\/03\\\/15\\\/gli-alunni-delle-elementari-vittorino-da-feltre-di-feltre-domani-a-palazzo-balbi-con-il-loro-leone-animato\\\/#breadcrumb\",\"itemListElement\":[{\"@type\":\"ListItem\",\"position\":1,\"name\":\"Home\",\"item\":\"https:\\\/\\\/www.bellunopress.it\\\/\"},{\"@type\":\"ListItem\",\"position\":2,\"name\":\"Gli alunni delle elementari &#8220;Vittorino da Feltre&#8221; di Feltre domani a Palazzo Balbi con il loro Leone animato\"}]},{\"@type\":\"WebSite\",\"@id\":\"https:\\\/\\\/www.bellunopress.it\\\/#website\",\"url\":\"https:\\\/\\\/www.bellunopress.it\\\/\",\"name\":\"Bellunopress - Dolomiti\",\"description\":\"e-mail: redazione@bellunopress.it\",\"publisher\":{\"@id\":\"https:\\\/\\\/www.bellunopress.it\\\/#organization\"},\"potentialAction\":[{\"@type\":\"SearchAction\",\"target\":{\"@type\":\"EntryPoint\",\"urlTemplate\":\"https:\\\/\\\/www.bellunopress.it\\\/?s={search_term_string}\"},\"query-input\":{\"@type\":\"PropertyValueSpecification\",\"valueRequired\":true,\"valueName\":\"search_term_string\"}}],\"inLanguage\":\"fr-FR\"},{\"@type\":\"Organization\",\"@id\":\"https:\\\/\\\/www.bellunopress.it\\\/#organization\",\"name\":\"Bellunopress\",\"url\":\"https:\\\/\\\/www.bellunopress.it\\\/\",\"logo\":{\"@type\":\"ImageObject\",\"inLanguage\":\"fr-FR\",\"@id\":\"https:\\\/\\\/www.bellunopress.it\\\/#\\\/schema\\\/logo\\\/image\\\/\",\"url\":\"https:\\\/\\\/www.bellunopress.it\\\/wp-content\\\/uploads\\\/2011\\\/05\\\/cropped-logo-bellunopress-.jpg\",\"contentUrl\":\"https:\\\/\\\/www.bellunopress.it\\\/wp-content\\\/uploads\\\/2011\\\/05\\\/cropped-logo-bellunopress-.jpg\",\"width\":512,\"height\":512,\"caption\":\"Bellunopress\"},\"image\":{\"@id\":\"https:\\\/\\\/www.bellunopress.it\\\/#\\\/schema\\\/logo\\\/image\\\/\"},\"sameAs\":[\"https:\\\/\\\/www.facebook.com\\\/profile.php?id=100008943462799\",\"https:\\\/\\\/x.com\\\/bellunopress\",\"https:\\\/\\\/www.linkedin.com\\\/hp\\\/?dnr=JBzUWaJfMUw8vbXJJ2tVW5-I3jZKvC4wsoxE&amp;amp;amp;amp;amp;amp;trk=nav_responsive_tab_home\",\"https:\\\/\\\/www.youtube.com\\\/channel\\\/UCxL0wu1uN0_3_7hGG0306cw\"]},{\"@type\":\"Person\",\"@id\":\"https:\\\/\\\/www.bellunopress.it\\\/#\\\/schema\\\/person\\\/79bb06722b37ece1c03d3e94beb30d73\",\"name\":\"redazione\",\"image\":{\"@type\":\"ImageObject\",\"inLanguage\":\"fr-FR\",\"@id\":\"https:\\\/\\\/secure.gravatar.com\\\/avatar\\\/37d968a2e67a6fd04c169c4bdef102d0bc5d31b2546345219e348575eb80e9a0?s=96&d=mm&r=g\",\"url\":\"https:\\\/\\\/secure.gravatar.com\\\/avatar\\\/37d968a2e67a6fd04c169c4bdef102d0bc5d31b2546345219e348575eb80e9a0?s=96&d=mm&r=g\",\"contentUrl\":\"https:\\\/\\\/secure.gravatar.com\\\/avatar\\\/37d968a2e67a6fd04c169c4bdef102d0bc5d31b2546345219e348575eb80e9a0?s=96&d=mm&r=g\",\"caption\":\"redazione\"},\"sameAs\":[\"http:\\\/\\\/www.bellunopress.it\",\"https:\\\/\\\/x.com\\\/bellunopress\"],\"url\":\"https:\\\/\\\/www.bellunopress.it\\\/fr\\\/author\\\/redazione\\\/\"}]}<\/script>\n<!-- \/ Yoast SEO plugin. -->","yoast_head_json":{"title":"Gli alunni delle elementari \"Vittorino da Feltre\" di Feltre domani a Palazzo Balbi con il loro Leone animato - Bellunopress - Dolomiti","robots":{"index":"index","follow":"follow","max-snippet":"max-snippet:-1","max-image-preview":"max-image-preview:large","max-video-preview":"max-video-preview:-1"},"canonical":"https:\/\/www.bellunopress.it\/fr\/2010\/03\/15\/gli-alunni-delle-elementari-vittorino-da-feltre-di-feltre-domani-a-palazzo-balbi-con-il-loro-leone-animato\/","og_locale":"fr_FR","og_type":"article","og_title":"Gli alunni delle elementari \"Vittorino da Feltre\" di Feltre domani a Palazzo Balbi con il loro Leone animato - Bellunopress - Dolomiti","og_description":"Viene dal feltrino il Leone di San Marco pi\u00f9 animato del Veneto. Lo porteranno domani a Palazzo Balbi di Venezia gli alunni di quarta e di quinta della Scuola Primaria \u201cVittorino da Feltre\u201d di Feltre che, accompagnati dai loro insegnanti, saranno ricevuti alle 12 dal vicepresidente della Giunta regionale. Sono loro, infatti, i vincitori del [&hellip;]","og_url":"https:\/\/www.bellunopress.it\/fr\/2010\/03\/15\/gli-alunni-delle-elementari-vittorino-da-feltre-di-feltre-domani-a-palazzo-balbi-con-il-loro-leone-animato\/","og_site_name":"Bellunopress - Dolomiti","article_publisher":"https:\/\/www.facebook.com\/profile.php?id=100008943462799","article_published_time":"2010-03-15T09:11:43+00:00","article_modified_time":"2010-03-15T15:50:45+00:00","og_image":[{"url":"http:\/\/www.bellunopress.it\/wp-content\/uploads\/2009\/10\/leone-di-san-marco.jpg","type":"","width":"","height":""}],"author":"redazione","twitter_card":"summary_large_image","twitter_creator":"@bellunopress","twitter_site":"@bellunopress","twitter_misc":{"\u00c9crit par":"redazione","Dur\u00e9e de lecture estim\u00e9e":"1 minute"},"schema":{"@context":"https:\/\/schema.org","@graph":[{"@type":"Article","@id":"https:\/\/www.bellunopress.it\/2010\/03\/15\/gli-alunni-delle-elementari-vittorino-da-feltre-di-feltre-domani-a-palazzo-balbi-con-il-loro-leone-animato\/#article","isPartOf":{"@id":"https:\/\/www.bellunopress.it\/2010\/03\/15\/gli-alunni-delle-elementari-vittorino-da-feltre-di-feltre-domani-a-palazzo-balbi-con-il-loro-leone-animato\/"},"author":{"name":"redazione","@id":"https:\/\/www.bellunopress.it\/#\/schema\/person\/79bb06722b37ece1c03d3e94beb30d73"},"headline":"Gli alunni delle elementari &#8220;Vittorino da Feltre&#8221; di Feltre domani a Palazzo Balbi con il loro Leone animato","datePublished":"2010-03-15T09:11:43+00:00","dateModified":"2010-03-15T15:50:45+00:00","mainEntityOfPage":{"@id":"https:\/\/www.bellunopress.it\/2010\/03\/15\/gli-alunni-delle-elementari-vittorino-da-feltre-di-feltre-domani-a-palazzo-balbi-con-il-loro-leone-animato\/"},"wordCount":283,"publisher":{"@id":"https:\/\/www.bellunopress.it\/#organization"},"image":{"@id":"https:\/\/www.bellunopress.it\/2010\/03\/15\/gli-alunni-delle-elementari-vittorino-da-feltre-di-feltre-domani-a-palazzo-balbi-con-il-loro-leone-animato\/#primaryimage"},"thumbnailUrl":"http:\/\/www.bellunopress.it\/wp-content\/uploads\/2009\/10\/leone-di-san-marco.jpg","keywords":["Leone di San Marco","Scuola elementare \"Vittorino da Feltre\"","Un leone molto animato"],"articleSection":["Cronaca\/Politica","Prima Pagina","Scuola"],"inLanguage":"fr-FR"},{"@type":"WebPage","@id":"https:\/\/www.bellunopress.it\/2010\/03\/15\/gli-alunni-delle-elementari-vittorino-da-feltre-di-feltre-domani-a-palazzo-balbi-con-il-loro-leone-animato\/","url":"https:\/\/www.bellunopress.it\/2010\/03\/15\/gli-alunni-delle-elementari-vittorino-da-feltre-di-feltre-domani-a-palazzo-balbi-con-il-loro-leone-animato\/","name":"Gli alunni delle elementari \"Vittorino da Feltre\" di Feltre domani a Palazzo Balbi con il loro Leone animato - Bellunopress - Dolomiti","isPartOf":{"@id":"https:\/\/www.bellunopress.it\/#website"},"primaryImageOfPage":{"@id":"https:\/\/www.bellunopress.it\/2010\/03\/15\/gli-alunni-delle-elementari-vittorino-da-feltre-di-feltre-domani-a-palazzo-balbi-con-il-loro-leone-animato\/#primaryimage"},"image":{"@id":"https:\/\/www.bellunopress.it\/2010\/03\/15\/gli-alunni-delle-elementari-vittorino-da-feltre-di-feltre-domani-a-palazzo-balbi-con-il-loro-leone-animato\/#primaryimage"},"thumbnailUrl":"http:\/\/www.bellunopress.it\/wp-content\/uploads\/2009\/10\/leone-di-san-marco.jpg","datePublished":"2010-03-15T09:11:43+00:00","dateModified":"2010-03-15T15:50:45+00:00","breadcrumb":{"@id":"https:\/\/www.bellunopress.it\/2010\/03\/15\/gli-alunni-delle-elementari-vittorino-da-feltre-di-feltre-domani-a-palazzo-balbi-con-il-loro-leone-animato\/#breadcrumb"},"inLanguage":"fr-FR","potentialAction":[{"@type":"ReadAction","target":["https:\/\/www.bellunopress.it\/2010\/03\/15\/gli-alunni-delle-elementari-vittorino-da-feltre-di-feltre-domani-a-palazzo-balbi-con-il-loro-leone-animato\/"]}]},{"@type":"ImageObject","inLanguage":"fr-FR","@id":"https:\/\/www.bellunopress.it\/2010\/03\/15\/gli-alunni-delle-elementari-vittorino-da-feltre-di-feltre-domani-a-palazzo-balbi-con-il-loro-leone-animato\/#primaryimage","url":"http:\/\/www.bellunopress.it\/wp-content\/uploads\/2009\/10\/leone-di-san-marco.jpg","contentUrl":"http:\/\/www.bellunopress.it\/wp-content\/uploads\/2009\/10\/leone-di-san-marco.jpg"},{"@type":"BreadcrumbList","@id":"https:\/\/www.bellunopress.it\/2010\/03\/15\/gli-alunni-delle-elementari-vittorino-da-feltre-di-feltre-domani-a-palazzo-balbi-con-il-loro-leone-animato\/#breadcrumb","itemListElement":[{"@type":"ListItem","position":1,"name":"Home","item":"https:\/\/www.bellunopress.it\/"},{"@type":"ListItem","position":2,"name":"Gli alunni delle elementari &#8220;Vittorino da Feltre&#8221; di Feltre domani a Palazzo Balbi con il loro Leone animato"}]},{"@type":"WebSite","@id":"https:\/\/www.bellunopress.it\/#website","url":"https:\/\/www.bellunopress.it\/","name":"Bellunopress - Dolomiti","description":"e-mail: redazione@bellunopress.it","publisher":{"@id":"https:\/\/www.bellunopress.it\/#organization"},"potentialAction":[{"@type":"SearchAction","target":{"@type":"EntryPoint","urlTemplate":"https:\/\/www.bellunopress.it\/?s={search_term_string}"},"query-input":{"@type":"PropertyValueSpecification","valueRequired":true,"valueName":"search_term_string"}}],"inLanguage":"fr-FR"},{"@type":"Organization","@id":"https:\/\/www.bellunopress.it\/#organization","name":"Bellunopress","url":"https:\/\/www.bellunopress.it\/","logo":{"@type":"ImageObject","inLanguage":"fr-FR","@id":"https:\/\/www.bellunopress.it\/#\/schema\/logo\/image\/","url":"https:\/\/www.bellunopress.it\/wp-content\/uploads\/2011\/05\/cropped-logo-bellunopress-.jpg","contentUrl":"https:\/\/www.bellunopress.it\/wp-content\/uploads\/2011\/05\/cropped-logo-bellunopress-.jpg","width":512,"height":512,"caption":"Bellunopress"},"image":{"@id":"https:\/\/www.bellunopress.it\/#\/schema\/logo\/image\/"},"sameAs":["https:\/\/www.facebook.com\/profile.php?id=100008943462799","https:\/\/x.com\/bellunopress","https:\/\/www.linkedin.com\/hp\/?dnr=JBzUWaJfMUw8vbXJJ2tVW5-I3jZKvC4wsoxE&amp;amp;amp;amp;amp;amp;trk=nav_responsive_tab_home","https:\/\/www.youtube.com\/channel\/UCxL0wu1uN0_3_7hGG0306cw"]},{"@type":"Person","@id":"https:\/\/www.bellunopress.it\/#\/schema\/person\/79bb06722b37ece1c03d3e94beb30d73","name":"r\u00e9daction","image":{"@type":"ImageObject","inLanguage":"fr-FR","@id":"https:\/\/secure.gravatar.com\/avatar\/37d968a2e67a6fd04c169c4bdef102d0bc5d31b2546345219e348575eb80e9a0?s=96&d=mm&r=g","url":"https:\/\/secure.gravatar.com\/avatar\/37d968a2e67a6fd04c169c4bdef102d0bc5d31b2546345219e348575eb80e9a0?s=96&d=mm&r=g","contentUrl":"https:\/\/secure.gravatar.com\/avatar\/37d968a2e67a6fd04c169c4bdef102d0bc5d31b2546345219e348575eb80e9a0?s=96&d=mm&r=g","caption":"redazione"},"sameAs":["http:\/\/www.bellunopress.it","https:\/\/x.com\/bellunopress"],"url":"https:\/\/www.bellunopress.it\/fr\/author\/redazione\/"}]}},"_links":{"self":[{"href":"https:\/\/www.bellunopress.it\/fr\/wp-json\/wp\/v2\/posts\/13504","targetHints":{"allow":["GET"]}}],"collection":[{"href":"https:\/\/www.bellunopress.it\/fr\/wp-json\/wp\/v2\/posts"}],"about":[{"href":"https:\/\/www.bellunopress.it\/fr\/wp-json\/wp\/v2\/types\/post"}],"author":[{"embeddable":true,"href":"https:\/\/www.bellunopress.it\/fr\/wp-json\/wp\/v2\/users\/2"}],"replies":[{"embeddable":true,"href":"https:\/\/www.bellunopress.it\/fr\/wp-json\/wp\/v2\/comments?post=13504"}],"version-history":[{"count":2,"href":"https:\/\/www.bellunopress.it\/fr\/wp-json\/wp\/v2\/posts\/13504\/revisions"}],"predecessor-version":[{"id":13522,"href":"https:\/\/www.bellunopress.it\/fr\/wp-json\/wp\/v2\/posts\/13504\/revisions\/13522"}],"wp:attachment":[{"href":"https:\/\/www.bellunopress.it\/fr\/wp-json\/wp\/v2\/media?parent=13504"}],"wp:term":[{"taxonomy":"category","embeddable":true,"href":"https:\/\/www.bellunopress.it\/fr\/wp-json\/wp\/v2\/categories?post=13504"},{"taxonomy":"post_tag","embeddable":true,"href":"https:\/\/www.bellunopress.it\/fr\/wp-json\/wp\/v2\/tags?post=13504"}],"curies":[{"name":"wp","href":"https:\/\/api.w.org\/{rel}","templated":true}]}}