{"id":135031,"date":"2022-07-15T13:55:13","date_gmt":"2022-07-15T11:55:13","guid":{"rendered":"https:\/\/www.bellunopress.it\/?p=135031"},"modified":"2022-07-15T13:55:13","modified_gmt":"2022-07-15T11:55:13","slug":"cortinateatro-debora-villa-positiva-al-covid-ma-lo-spettacolo-di-stasera-non-si-annulla-arriva-il-grande-trasformista-ennio-marchetto","status":"publish","type":"post","link":"https:\/\/www.bellunopress.it\/fr\/2022\/07\/15\/cortinateatro-debora-villa-positiva-al-covid-ma-lo-spettacolo-di-stasera-non-si-annulla-arriva-il-grande-trasformista-ennio-marchetto\/","title":{"rendered":"CortinAteatro, Debora Villa positiva al covid, ma lo spettacolo di stasera non si annulla. Arriva il grande trasformista Ennio Marchetto"},"content":{"rendered":"<figure id=\"attachment_135032\" aria-describedby=\"caption-attachment-135032\" style=\"width: 598px\" class=\"wp-caption alignleft\"><img loading=\"lazy\" decoding=\"async\" class=\"size-full wp-image-135032\" src=\"https:\/\/www.bellunopress.it\/wp-content\/uploads\/2022\/07\/Marchetto-interpreta-la-Raffaella-Carra.jpg\" alt=\"\" width=\"598\" height=\"1000\" srcset=\"https:\/\/www.bellunopress.it\/wp-content\/uploads\/2022\/07\/Marchetto-interpreta-la-Raffaella-Carra.jpg 598w, https:\/\/www.bellunopress.it\/wp-content\/uploads\/2022\/07\/Marchetto-interpreta-la-Raffaella-Carra-299x500.jpg 299w, https:\/\/www.bellunopress.it\/wp-content\/uploads\/2022\/07\/Marchetto-interpreta-la-Raffaella-Carra-251x420.jpg 251w\" sizes=\"auto, (max-width: 598px) 100vw, 598px\" \/><figcaption id=\"caption-attachment-135032\" class=\"wp-caption-text\">Ennio Marchetto interpreta Raffaella Carr\u00e0<\/figcaption><\/figure>\n<p>La sostituzione, resasi necessaria stamattina in seguito all\u2019esito positivo del tampone effettuato dall\u2019attrice comica, star di Camera Caf\u00e9 e Zelig, \u00e8 stata possibile grazie all\u2019efficienza della macchina organizzativa di CortinAteatro e alla sinergia con il Teatro Stabile del Veneto \u2013 Teatro Nazionale, co-organizzatore dell\u2019appuntamento d\u2019esordio della stagione culturale di Cortina d\u2019Ampezzo.<\/p>\n<p>Cambio di programma dell\u2019ultima ora per CortinAteatro, la stagione estiva concertistica e teatrale ampezzana promossa e sostenuta dal Comune di Cortina d\u2019Ampezzo e ideata e coordinata dall\u2019associazione Musincantus, con la collaborazione del Teatro Stabile del Veneto, del Circuito Multidisciplinare Regionale Arteven, dell\u2019Associazione Gelsomina, del Dolomiti Blues&amp;Soul Festival e del Festival Organistico del Cadore, a causa della positivit\u00e0 al Covid di Debora Villa, l\u2019attrice star di Camera Caf\u00e8, Zelig e Colorado che avrebbe dovuto aprire stasera all\u2019Alexander Girardi Hall con lo spettacolo &#8220;Gli uomini vengono da Marte, le donne da Venere&#8221;, tratto dal testo di John Gray\u00e8.<br \/>\nGrazie all\u2019efficienza della macchina organizzativa e alla sinergia con il Teatro Stabile del Veneto \u2013 Teatro Nazionale, co-organizzatore dell\u2019appuntamento d\u2019esordio della stagione culturale di Cortina d\u2019Ampezzo, tuttavia, il palco del teatro stasera non rimarr\u00e0 vuoto e l\u2019alternativa \u00e8 pi\u00f9 che apprezzabile: alle 20.45 andr\u00e0 in scena il trasformista veneziano celebre a livello internazionale Ennio Marcheto con \u201cThe Living Paper Cartoon\u201d.<br \/>\nAttraverso costumi di carta Ennio Marchetto da vita a uno spettacolo che \u00e8 una vera Babilonia di musica, teatro e creativit\u00e0. Non \u00e8 facile spiegare cosa esattamente succeda durante un suo spettacolo: ci sono dei costumi di carta che raffigurano grandi cantanti e grandi personaggi italiani e stranieri, e dietro c\u2019\u00e8 lui, straordinario performer, a dar vita a questi costumi ripetendo movenze e tic di questi personaggi, rendendo tutto esilarante. Tina Turner, Mina, Liza Minelli, Marylin Monroe, Vasco Rossi, Madonna, Pavarotti\u2026 e tra i nuovi personaggi Lady Gaga, Arisa, Maria Callas. Marco Mengoni, Edward Mani Di Forbice.<br \/>\nThe Living Paper Cartoon non \u00e8 per\u00f2 soltanto questo. Come avviene per i pi\u00f9 grandi trasformisti, la forza dello spettacolo consiste nella straordinaria velocit\u00e0 con cui Ennio Marchetto muove i costumi, li apre, aggiunge particolari disegnati e parrucche di carta, dando vita ad uno spettacolo unico nel suo genere, un&#8217;autentica Babilonia percettiva di musica e teatro.<\/p>\n<p>La carriera di Marchetto \u00e8 internazionale, si esibisce in tutta Europa e persino al Royal Variety Performance show della BBC, nel 1998, davanti alla famiglia reale inglese. Porta il suo show anche oltreoceano, a New York, Miami, Florida, e affianca i personaggi del jet set internazionale (tra le tante occasioni che lo hanno visto protagonista, \u00e8 stato ospite, assieme ad Anastacia e Diane Krall al \u201cWhite Tie and Tiara Ball\u201d, l&#8217;annuale festa di beneficenza organizzata da Elton John nella sua tenuta vicino a Windsor, in Inghilterra).<br \/>\n\u201cUn ringraziamento al Teatro Stabile del Veneto \u2013 Teatro Nazionale e ad Ennio Marchetto per la grande professionalit\u00e0, &#8211; ha voluto sottolineare Edoardo Bottacin, direttore artistico di CortinAteatro \u2013 mentre a Debora Villa, che speriamo di avere nostra ospite in futuro, va il nostro augurio di pronta guarigione\u201d.<br \/>\nChi non desiderasse utilizzare il biglietto gi\u00e0 acquistato per lo spettacolo \u201cThe Living Paper Cartoon\u201d potr\u00e0 richiedere il rimborso (stasera alla biglietteria dell\u2019Alexander Girardi Hall dalle 19.00 alle 21.00).<\/p>\n<p>Gli appuntamenti successivi. Dopo la comicit\u00e0, sar\u00e0 la volta della musica avvolti nello spettacolo naturale delle Dolomiti: venerd\u00ec 23 luglio alle 20.00 con uno spettacolare \u201cTramonto in musica\u201d a Cima Tofana, ad oltre 3 mila metri d\u2019altezza, un\u2019opportunit\u00e0 di ascoltare le sonorit\u00e0 del duo dissonAnce composto da Roberto Caberlotto e Gilberto Meneghin, due tra i pi\u00f9 apprezzati fisarmonicisti nazionali.<br \/>\nLuned\u00ec 26 luglio i pi\u00f9 piccoli potranno assistere al primo degli appuntamenti a loro dedicati, la passeggiata musicale \u201cPierino e il lupo\u201d nei boschi delle Tofane (partenza alle 9.30 da Rio Gere) con i solisti dell\u2019Orchestra Regionale Filarmonia Veneta.<br \/>\nDomenica 31 luglio, invece, CortinAteatro in collaborazione con il Dolomiti Blues&amp;Soul Festival ospiter\u00e0 alle 18.00 in piazza Dibona l\u2019unica tappa nazionale del duo Raphael Wressnig e Igor Prado, che regaler\u00e0 al pubblico le sonorit\u00e0 groove, mescolando il funk con elementi di jazz, blues, R&amp;B, soul e gospel per un concerto ad alto voltaggio.<\/p>\n<p>Biglietti e abbonamenti. Biglietti interi da euro 10\/30,00 (a seconda dello spettacolo), ridotti under 25 euro 15,00. Abbonamenti scrivendo a info@musincantus.it per i due spettacoli \u201cGli uomini vengono da Marte, le donne da Venere\u201d e \u201cL\u2019elisir d\u2019amore\u201d (12 agosto) euro 44,00; Abbonamento per gli spettacoli \u201cGli uomini vengono da Marte, le donne da Venere\u201d, \u201cL\u2019elisir d\u2019amore\u201d (12 agosto) e \u201cAlba in musica\u201d del 27 agosto e del 4 settembre euro 76,00.<\/p>","protected":false},"excerpt":{"rendered":"<p>La sostituzione, resasi necessaria stamattina in seguito all\u2019esito positivo del tampone effettuato dall\u2019attrice comica, star di Camera Caf\u00e9 e Zelig, \u00e8 stata possibile grazie all\u2019efficienza della macchina organizzativa di CortinAteatro e alla sinergia con il Teatro Stabile del Veneto \u2013 Teatro Nazionale, co-organizzatore dell\u2019appuntamento d\u2019esordio della stagione culturale di Cortina d\u2019Ampezzo. Cambio di programma dell\u2019ultima [&hellip;]<\/p>\n","protected":false},"author":2,"featured_media":135032,"comment_status":"closed","ping_status":"open","sticky":false,"template":"","format":"standard","meta":{"footnotes":""},"categories":[27,3],"tags":[],"class_list":["post-135031","post","type-post","status-publish","format-standard","has-post-thumbnail","category-appuntamenti","category-arte-cultura-spettacoli-scienza-archivi"],"yoast_head":"<!-- This site is optimized with the Yoast SEO plugin v28.4 - https:\/\/yoast.com\/product\/yoast-seo-wordpress\/ -->\n<title>CortinAteatro, Debora Villa positiva al covid, ma lo spettacolo di stasera non si annulla. Arriva il grande trasformista Ennio Marchetto - Bellunopress - Dolomiti<\/title>\n<meta name=\"robots\" content=\"index, follow, max-snippet:-1, max-image-preview:large, max-video-preview:-1\" \/>\n<link rel=\"canonical\" href=\"https:\/\/www.bellunopress.it\/fr\/2022\/07\/15\/cortinateatro-debora-villa-positiva-al-covid-ma-lo-spettacolo-di-stasera-non-si-annulla-arriva-il-grande-trasformista-ennio-marchetto\/\" \/>\n<meta property=\"og:locale\" content=\"fr_FR\" \/>\n<meta property=\"og:type\" content=\"article\" \/>\n<meta property=\"og:title\" content=\"CortinAteatro, Debora Villa positiva al covid, ma lo spettacolo di stasera non si annulla. Arriva il grande trasformista Ennio Marchetto - Bellunopress - Dolomiti\" \/>\n<meta property=\"og:description\" content=\"La sostituzione, resasi necessaria stamattina in seguito all\u2019esito positivo del tampone effettuato dall\u2019attrice comica, star di Camera Caf\u00e9 e Zelig, \u00e8 stata possibile grazie all\u2019efficienza della macchina organizzativa di CortinAteatro e alla sinergia con il Teatro Stabile del Veneto \u2013 Teatro Nazionale, co-organizzatore dell\u2019appuntamento d\u2019esordio della stagione culturale di Cortina d\u2019Ampezzo. Cambio di programma dell\u2019ultima [&hellip;]\" \/>\n<meta property=\"og:url\" content=\"https:\/\/www.bellunopress.it\/fr\/2022\/07\/15\/cortinateatro-debora-villa-positiva-al-covid-ma-lo-spettacolo-di-stasera-non-si-annulla-arriva-il-grande-trasformista-ennio-marchetto\/\" \/>\n<meta property=\"og:site_name\" content=\"Bellunopress - Dolomiti\" \/>\n<meta property=\"article:publisher\" content=\"https:\/\/www.facebook.com\/profile.php?id=100008943462799\" \/>\n<meta property=\"article:published_time\" content=\"2022-07-15T11:55:13+00:00\" \/>\n<meta property=\"og:image\" content=\"https:\/\/www.bellunopress.it\/wp-content\/uploads\/2022\/07\/Marchetto-interpreta-la-Raffaella-Carra.jpg\" \/>\n\t<meta property=\"og:image:width\" content=\"598\" \/>\n\t<meta property=\"og:image:height\" content=\"1000\" \/>\n\t<meta property=\"og:image:type\" content=\"image\/jpeg\" \/>\n<meta name=\"author\" content=\"redazione\" \/>\n<meta name=\"twitter:card\" content=\"summary_large_image\" \/>\n<meta name=\"twitter:creator\" content=\"@bellunopress\" \/>\n<meta name=\"twitter:site\" content=\"@bellunopress\" \/>\n<meta name=\"twitter:label1\" content=\"\u00c9crit par\" \/>\n\t<meta name=\"twitter:data1\" content=\"redazione\" \/>\n\t<meta name=\"twitter:label2\" content=\"Dur\u00e9e de lecture estim\u00e9e\" \/>\n\t<meta name=\"twitter:data2\" content=\"5 minutes\" \/>\n<script type=\"application\/ld+json\" class=\"yoast-schema-graph\">{\"@context\":\"https:\\\/\\\/schema.org\",\"@graph\":[{\"@type\":\"Article\",\"@id\":\"https:\\\/\\\/www.bellunopress.it\\\/2022\\\/07\\\/15\\\/cortinateatro-debora-villa-positiva-al-covid-ma-lo-spettacolo-di-stasera-non-si-annulla-arriva-il-grande-trasformista-ennio-marchetto\\\/#article\",\"isPartOf\":{\"@id\":\"https:\\\/\\\/www.bellunopress.it\\\/2022\\\/07\\\/15\\\/cortinateatro-debora-villa-positiva-al-covid-ma-lo-spettacolo-di-stasera-non-si-annulla-arriva-il-grande-trasformista-ennio-marchetto\\\/\"},\"author\":{\"name\":\"redazione\",\"@id\":\"https:\\\/\\\/www.bellunopress.it\\\/#\\\/schema\\\/person\\\/79bb06722b37ece1c03d3e94beb30d73\"},\"headline\":\"CortinAteatro, Debora Villa positiva al covid, ma lo spettacolo di stasera non si annulla. Arriva il grande trasformista Ennio Marchetto\",\"datePublished\":\"2022-07-15T11:55:13+00:00\",\"mainEntityOfPage\":{\"@id\":\"https:\\\/\\\/www.bellunopress.it\\\/2022\\\/07\\\/15\\\/cortinateatro-debora-villa-positiva-al-covid-ma-lo-spettacolo-di-stasera-non-si-annulla-arriva-il-grande-trasformista-ennio-marchetto\\\/\"},\"wordCount\":782,\"publisher\":{\"@id\":\"https:\\\/\\\/www.bellunopress.it\\\/#organization\"},\"image\":{\"@id\":\"https:\\\/\\\/www.bellunopress.it\\\/2022\\\/07\\\/15\\\/cortinateatro-debora-villa-positiva-al-covid-ma-lo-spettacolo-di-stasera-non-si-annulla-arriva-il-grande-trasformista-ennio-marchetto\\\/#primaryimage\"},\"thumbnailUrl\":\"https:\\\/\\\/www.bellunopress.it\\\/wp-content\\\/uploads\\\/2022\\\/07\\\/Marchetto-interpreta-la-Raffaella-Carra.jpg\",\"articleSection\":[\"Appuntamenti, Eventi\",\"Arte, Cultura, Spettacoli, Scienza\"],\"inLanguage\":\"fr-FR\"},{\"@type\":\"WebPage\",\"@id\":\"https:\\\/\\\/www.bellunopress.it\\\/2022\\\/07\\\/15\\\/cortinateatro-debora-villa-positiva-al-covid-ma-lo-spettacolo-di-stasera-non-si-annulla-arriva-il-grande-trasformista-ennio-marchetto\\\/\",\"url\":\"https:\\\/\\\/www.bellunopress.it\\\/2022\\\/07\\\/15\\\/cortinateatro-debora-villa-positiva-al-covid-ma-lo-spettacolo-di-stasera-non-si-annulla-arriva-il-grande-trasformista-ennio-marchetto\\\/\",\"name\":\"CortinAteatro, Debora Villa positiva al covid, ma lo spettacolo di stasera non si annulla. Arriva il grande trasformista Ennio Marchetto - Bellunopress - Dolomiti\",\"isPartOf\":{\"@id\":\"https:\\\/\\\/www.bellunopress.it\\\/#website\"},\"primaryImageOfPage\":{\"@id\":\"https:\\\/\\\/www.bellunopress.it\\\/2022\\\/07\\\/15\\\/cortinateatro-debora-villa-positiva-al-covid-ma-lo-spettacolo-di-stasera-non-si-annulla-arriva-il-grande-trasformista-ennio-marchetto\\\/#primaryimage\"},\"image\":{\"@id\":\"https:\\\/\\\/www.bellunopress.it\\\/2022\\\/07\\\/15\\\/cortinateatro-debora-villa-positiva-al-covid-ma-lo-spettacolo-di-stasera-non-si-annulla-arriva-il-grande-trasformista-ennio-marchetto\\\/#primaryimage\"},\"thumbnailUrl\":\"https:\\\/\\\/www.bellunopress.it\\\/wp-content\\\/uploads\\\/2022\\\/07\\\/Marchetto-interpreta-la-Raffaella-Carra.jpg\",\"datePublished\":\"2022-07-15T11:55:13+00:00\",\"breadcrumb\":{\"@id\":\"https:\\\/\\\/www.bellunopress.it\\\/2022\\\/07\\\/15\\\/cortinateatro-debora-villa-positiva-al-covid-ma-lo-spettacolo-di-stasera-non-si-annulla-arriva-il-grande-trasformista-ennio-marchetto\\\/#breadcrumb\"},\"inLanguage\":\"fr-FR\",\"potentialAction\":[{\"@type\":\"ReadAction\",\"target\":[\"https:\\\/\\\/www.bellunopress.it\\\/2022\\\/07\\\/15\\\/cortinateatro-debora-villa-positiva-al-covid-ma-lo-spettacolo-di-stasera-non-si-annulla-arriva-il-grande-trasformista-ennio-marchetto\\\/\"]}]},{\"@type\":\"ImageObject\",\"inLanguage\":\"fr-FR\",\"@id\":\"https:\\\/\\\/www.bellunopress.it\\\/2022\\\/07\\\/15\\\/cortinateatro-debora-villa-positiva-al-covid-ma-lo-spettacolo-di-stasera-non-si-annulla-arriva-il-grande-trasformista-ennio-marchetto\\\/#primaryimage\",\"url\":\"https:\\\/\\\/www.bellunopress.it\\\/wp-content\\\/uploads\\\/2022\\\/07\\\/Marchetto-interpreta-la-Raffaella-Carra.jpg\",\"contentUrl\":\"https:\\\/\\\/www.bellunopress.it\\\/wp-content\\\/uploads\\\/2022\\\/07\\\/Marchetto-interpreta-la-Raffaella-Carra.jpg\",\"width\":598,\"height\":1000,\"caption\":\"Ennio Marchetto interpreta Raffaella Carr\u00e0\"},{\"@type\":\"BreadcrumbList\",\"@id\":\"https:\\\/\\\/www.bellunopress.it\\\/2022\\\/07\\\/15\\\/cortinateatro-debora-villa-positiva-al-covid-ma-lo-spettacolo-di-stasera-non-si-annulla-arriva-il-grande-trasformista-ennio-marchetto\\\/#breadcrumb\",\"itemListElement\":[{\"@type\":\"ListItem\",\"position\":1,\"name\":\"Home\",\"item\":\"https:\\\/\\\/www.bellunopress.it\\\/\"},{\"@type\":\"ListItem\",\"position\":2,\"name\":\"CortinAteatro, Debora Villa positiva al covid, ma lo spettacolo di stasera non si annulla. Arriva il grande trasformista Ennio Marchetto\"}]},{\"@type\":\"WebSite\",\"@id\":\"https:\\\/\\\/www.bellunopress.it\\\/#website\",\"url\":\"https:\\\/\\\/www.bellunopress.it\\\/\",\"name\":\"Bellunopress - Dolomiti\",\"description\":\"e-mail: redazione@bellunopress.it\",\"publisher\":{\"@id\":\"https:\\\/\\\/www.bellunopress.it\\\/#organization\"},\"potentialAction\":[{\"@type\":\"SearchAction\",\"target\":{\"@type\":\"EntryPoint\",\"urlTemplate\":\"https:\\\/\\\/www.bellunopress.it\\\/?s={search_term_string}\"},\"query-input\":{\"@type\":\"PropertyValueSpecification\",\"valueRequired\":true,\"valueName\":\"search_term_string\"}}],\"inLanguage\":\"fr-FR\"},{\"@type\":\"Organization\",\"@id\":\"https:\\\/\\\/www.bellunopress.it\\\/#organization\",\"name\":\"Bellunopress\",\"url\":\"https:\\\/\\\/www.bellunopress.it\\\/\",\"logo\":{\"@type\":\"ImageObject\",\"inLanguage\":\"fr-FR\",\"@id\":\"https:\\\/\\\/www.bellunopress.it\\\/#\\\/schema\\\/logo\\\/image\\\/\",\"url\":\"https:\\\/\\\/www.bellunopress.it\\\/wp-content\\\/uploads\\\/2011\\\/05\\\/cropped-logo-bellunopress-.jpg\",\"contentUrl\":\"https:\\\/\\\/www.bellunopress.it\\\/wp-content\\\/uploads\\\/2011\\\/05\\\/cropped-logo-bellunopress-.jpg\",\"width\":512,\"height\":512,\"caption\":\"Bellunopress\"},\"image\":{\"@id\":\"https:\\\/\\\/www.bellunopress.it\\\/#\\\/schema\\\/logo\\\/image\\\/\"},\"sameAs\":[\"https:\\\/\\\/www.facebook.com\\\/profile.php?id=100008943462799\",\"https:\\\/\\\/x.com\\\/bellunopress\",\"https:\\\/\\\/www.linkedin.com\\\/hp\\\/?dnr=JBzUWaJfMUw8vbXJJ2tVW5-I3jZKvC4wsoxE&amp;amp;amp;amp;amp;amp;trk=nav_responsive_tab_home\",\"https:\\\/\\\/www.youtube.com\\\/channel\\\/UCxL0wu1uN0_3_7hGG0306cw\"]},{\"@type\":\"Person\",\"@id\":\"https:\\\/\\\/www.bellunopress.it\\\/#\\\/schema\\\/person\\\/79bb06722b37ece1c03d3e94beb30d73\",\"name\":\"redazione\",\"image\":{\"@type\":\"ImageObject\",\"inLanguage\":\"fr-FR\",\"@id\":\"https:\\\/\\\/secure.gravatar.com\\\/avatar\\\/37d968a2e67a6fd04c169c4bdef102d0bc5d31b2546345219e348575eb80e9a0?s=96&d=mm&r=g\",\"url\":\"https:\\\/\\\/secure.gravatar.com\\\/avatar\\\/37d968a2e67a6fd04c169c4bdef102d0bc5d31b2546345219e348575eb80e9a0?s=96&d=mm&r=g\",\"contentUrl\":\"https:\\\/\\\/secure.gravatar.com\\\/avatar\\\/37d968a2e67a6fd04c169c4bdef102d0bc5d31b2546345219e348575eb80e9a0?s=96&d=mm&r=g\",\"caption\":\"redazione\"},\"sameAs\":[\"http:\\\/\\\/www.bellunopress.it\",\"https:\\\/\\\/x.com\\\/bellunopress\"],\"url\":\"https:\\\/\\\/www.bellunopress.it\\\/fr\\\/author\\\/redazione\\\/\"}]}<\/script>\n<!-- \/ Yoast SEO plugin. -->","yoast_head_json":{"title":"CortinAteatro, Debora Villa positiva al covid, ma lo spettacolo di stasera non si annulla. Arriva il grande trasformista Ennio Marchetto - Bellunopress - Dolomiti","robots":{"index":"index","follow":"follow","max-snippet":"max-snippet:-1","max-image-preview":"max-image-preview:large","max-video-preview":"max-video-preview:-1"},"canonical":"https:\/\/www.bellunopress.it\/fr\/2022\/07\/15\/cortinateatro-debora-villa-positiva-al-covid-ma-lo-spettacolo-di-stasera-non-si-annulla-arriva-il-grande-trasformista-ennio-marchetto\/","og_locale":"fr_FR","og_type":"article","og_title":"CortinAteatro, Debora Villa positiva al covid, ma lo spettacolo di stasera non si annulla. Arriva il grande trasformista Ennio Marchetto - Bellunopress - Dolomiti","og_description":"La sostituzione, resasi necessaria stamattina in seguito all\u2019esito positivo del tampone effettuato dall\u2019attrice comica, star di Camera Caf\u00e9 e Zelig, \u00e8 stata possibile grazie all\u2019efficienza della macchina organizzativa di CortinAteatro e alla sinergia con il Teatro Stabile del Veneto \u2013 Teatro Nazionale, co-organizzatore dell\u2019appuntamento d\u2019esordio della stagione culturale di Cortina d\u2019Ampezzo. Cambio di programma dell\u2019ultima [&hellip;]","og_url":"https:\/\/www.bellunopress.it\/fr\/2022\/07\/15\/cortinateatro-debora-villa-positiva-al-covid-ma-lo-spettacolo-di-stasera-non-si-annulla-arriva-il-grande-trasformista-ennio-marchetto\/","og_site_name":"Bellunopress - Dolomiti","article_publisher":"https:\/\/www.facebook.com\/profile.php?id=100008943462799","article_published_time":"2022-07-15T11:55:13+00:00","og_image":[{"width":598,"height":1000,"url":"https:\/\/www.bellunopress.it\/wp-content\/uploads\/2022\/07\/Marchetto-interpreta-la-Raffaella-Carra.jpg","type":"image\/jpeg"}],"author":"redazione","twitter_card":"summary_large_image","twitter_creator":"@bellunopress","twitter_site":"@bellunopress","twitter_misc":{"\u00c9crit par":"redazione","Dur\u00e9e de lecture estim\u00e9e":"5 minutes"},"schema":{"@context":"https:\/\/schema.org","@graph":[{"@type":"Article","@id":"https:\/\/www.bellunopress.it\/2022\/07\/15\/cortinateatro-debora-villa-positiva-al-covid-ma-lo-spettacolo-di-stasera-non-si-annulla-arriva-il-grande-trasformista-ennio-marchetto\/#article","isPartOf":{"@id":"https:\/\/www.bellunopress.it\/2022\/07\/15\/cortinateatro-debora-villa-positiva-al-covid-ma-lo-spettacolo-di-stasera-non-si-annulla-arriva-il-grande-trasformista-ennio-marchetto\/"},"author":{"name":"redazione","@id":"https:\/\/www.bellunopress.it\/#\/schema\/person\/79bb06722b37ece1c03d3e94beb30d73"},"headline":"CortinAteatro, Debora Villa positiva al covid, ma lo spettacolo di stasera non si annulla. Arriva il grande trasformista Ennio Marchetto","datePublished":"2022-07-15T11:55:13+00:00","mainEntityOfPage":{"@id":"https:\/\/www.bellunopress.it\/2022\/07\/15\/cortinateatro-debora-villa-positiva-al-covid-ma-lo-spettacolo-di-stasera-non-si-annulla-arriva-il-grande-trasformista-ennio-marchetto\/"},"wordCount":782,"publisher":{"@id":"https:\/\/www.bellunopress.it\/#organization"},"image":{"@id":"https:\/\/www.bellunopress.it\/2022\/07\/15\/cortinateatro-debora-villa-positiva-al-covid-ma-lo-spettacolo-di-stasera-non-si-annulla-arriva-il-grande-trasformista-ennio-marchetto\/#primaryimage"},"thumbnailUrl":"https:\/\/www.bellunopress.it\/wp-content\/uploads\/2022\/07\/Marchetto-interpreta-la-Raffaella-Carra.jpg","articleSection":["Appuntamenti, Eventi","Arte, Cultura, Spettacoli, Scienza"],"inLanguage":"fr-FR"},{"@type":"WebPage","@id":"https:\/\/www.bellunopress.it\/2022\/07\/15\/cortinateatro-debora-villa-positiva-al-covid-ma-lo-spettacolo-di-stasera-non-si-annulla-arriva-il-grande-trasformista-ennio-marchetto\/","url":"https:\/\/www.bellunopress.it\/2022\/07\/15\/cortinateatro-debora-villa-positiva-al-covid-ma-lo-spettacolo-di-stasera-non-si-annulla-arriva-il-grande-trasformista-ennio-marchetto\/","name":"CortinAteatro, Debora Villa positiva al covid, ma lo spettacolo di stasera non si annulla. Arriva il grande trasformista Ennio Marchetto - Bellunopress - Dolomiti","isPartOf":{"@id":"https:\/\/www.bellunopress.it\/#website"},"primaryImageOfPage":{"@id":"https:\/\/www.bellunopress.it\/2022\/07\/15\/cortinateatro-debora-villa-positiva-al-covid-ma-lo-spettacolo-di-stasera-non-si-annulla-arriva-il-grande-trasformista-ennio-marchetto\/#primaryimage"},"image":{"@id":"https:\/\/www.bellunopress.it\/2022\/07\/15\/cortinateatro-debora-villa-positiva-al-covid-ma-lo-spettacolo-di-stasera-non-si-annulla-arriva-il-grande-trasformista-ennio-marchetto\/#primaryimage"},"thumbnailUrl":"https:\/\/www.bellunopress.it\/wp-content\/uploads\/2022\/07\/Marchetto-interpreta-la-Raffaella-Carra.jpg","datePublished":"2022-07-15T11:55:13+00:00","breadcrumb":{"@id":"https:\/\/www.bellunopress.it\/2022\/07\/15\/cortinateatro-debora-villa-positiva-al-covid-ma-lo-spettacolo-di-stasera-non-si-annulla-arriva-il-grande-trasformista-ennio-marchetto\/#breadcrumb"},"inLanguage":"fr-FR","potentialAction":[{"@type":"ReadAction","target":["https:\/\/www.bellunopress.it\/2022\/07\/15\/cortinateatro-debora-villa-positiva-al-covid-ma-lo-spettacolo-di-stasera-non-si-annulla-arriva-il-grande-trasformista-ennio-marchetto\/"]}]},{"@type":"ImageObject","inLanguage":"fr-FR","@id":"https:\/\/www.bellunopress.it\/2022\/07\/15\/cortinateatro-debora-villa-positiva-al-covid-ma-lo-spettacolo-di-stasera-non-si-annulla-arriva-il-grande-trasformista-ennio-marchetto\/#primaryimage","url":"https:\/\/www.bellunopress.it\/wp-content\/uploads\/2022\/07\/Marchetto-interpreta-la-Raffaella-Carra.jpg","contentUrl":"https:\/\/www.bellunopress.it\/wp-content\/uploads\/2022\/07\/Marchetto-interpreta-la-Raffaella-Carra.jpg","width":598,"height":1000,"caption":"Ennio Marchetto interpreta Raffaella Carr\u00e0"},{"@type":"BreadcrumbList","@id":"https:\/\/www.bellunopress.it\/2022\/07\/15\/cortinateatro-debora-villa-positiva-al-covid-ma-lo-spettacolo-di-stasera-non-si-annulla-arriva-il-grande-trasformista-ennio-marchetto\/#breadcrumb","itemListElement":[{"@type":"ListItem","position":1,"name":"Home","item":"https:\/\/www.bellunopress.it\/"},{"@type":"ListItem","position":2,"name":"CortinAteatro, Debora Villa positiva al covid, ma lo spettacolo di stasera non si annulla. Arriva il grande trasformista Ennio Marchetto"}]},{"@type":"WebSite","@id":"https:\/\/www.bellunopress.it\/#website","url":"https:\/\/www.bellunopress.it\/","name":"Bellunopress - Dolomiti","description":"e-mail: redazione@bellunopress.it","publisher":{"@id":"https:\/\/www.bellunopress.it\/#organization"},"potentialAction":[{"@type":"SearchAction","target":{"@type":"EntryPoint","urlTemplate":"https:\/\/www.bellunopress.it\/?s={search_term_string}"},"query-input":{"@type":"PropertyValueSpecification","valueRequired":true,"valueName":"search_term_string"}}],"inLanguage":"fr-FR"},{"@type":"Organization","@id":"https:\/\/www.bellunopress.it\/#organization","name":"Bellunopress","url":"https:\/\/www.bellunopress.it\/","logo":{"@type":"ImageObject","inLanguage":"fr-FR","@id":"https:\/\/www.bellunopress.it\/#\/schema\/logo\/image\/","url":"https:\/\/www.bellunopress.it\/wp-content\/uploads\/2011\/05\/cropped-logo-bellunopress-.jpg","contentUrl":"https:\/\/www.bellunopress.it\/wp-content\/uploads\/2011\/05\/cropped-logo-bellunopress-.jpg","width":512,"height":512,"caption":"Bellunopress"},"image":{"@id":"https:\/\/www.bellunopress.it\/#\/schema\/logo\/image\/"},"sameAs":["https:\/\/www.facebook.com\/profile.php?id=100008943462799","https:\/\/x.com\/bellunopress","https:\/\/www.linkedin.com\/hp\/?dnr=JBzUWaJfMUw8vbXJJ2tVW5-I3jZKvC4wsoxE&amp;amp;amp;amp;amp;amp;trk=nav_responsive_tab_home","https:\/\/www.youtube.com\/channel\/UCxL0wu1uN0_3_7hGG0306cw"]},{"@type":"Person","@id":"https:\/\/www.bellunopress.it\/#\/schema\/person\/79bb06722b37ece1c03d3e94beb30d73","name":"r\u00e9daction","image":{"@type":"ImageObject","inLanguage":"fr-FR","@id":"https:\/\/secure.gravatar.com\/avatar\/37d968a2e67a6fd04c169c4bdef102d0bc5d31b2546345219e348575eb80e9a0?s=96&d=mm&r=g","url":"https:\/\/secure.gravatar.com\/avatar\/37d968a2e67a6fd04c169c4bdef102d0bc5d31b2546345219e348575eb80e9a0?s=96&d=mm&r=g","contentUrl":"https:\/\/secure.gravatar.com\/avatar\/37d968a2e67a6fd04c169c4bdef102d0bc5d31b2546345219e348575eb80e9a0?s=96&d=mm&r=g","caption":"redazione"},"sameAs":["http:\/\/www.bellunopress.it","https:\/\/x.com\/bellunopress"],"url":"https:\/\/www.bellunopress.it\/fr\/author\/redazione\/"}]}},"_links":{"self":[{"href":"https:\/\/www.bellunopress.it\/fr\/wp-json\/wp\/v2\/posts\/135031","targetHints":{"allow":["GET"]}}],"collection":[{"href":"https:\/\/www.bellunopress.it\/fr\/wp-json\/wp\/v2\/posts"}],"about":[{"href":"https:\/\/www.bellunopress.it\/fr\/wp-json\/wp\/v2\/types\/post"}],"author":[{"embeddable":true,"href":"https:\/\/www.bellunopress.it\/fr\/wp-json\/wp\/v2\/users\/2"}],"replies":[{"embeddable":true,"href":"https:\/\/www.bellunopress.it\/fr\/wp-json\/wp\/v2\/comments?post=135031"}],"version-history":[{"count":1,"href":"https:\/\/www.bellunopress.it\/fr\/wp-json\/wp\/v2\/posts\/135031\/revisions"}],"predecessor-version":[{"id":135033,"href":"https:\/\/www.bellunopress.it\/fr\/wp-json\/wp\/v2\/posts\/135031\/revisions\/135033"}],"wp:featuredmedia":[{"embeddable":true,"href":"https:\/\/www.bellunopress.it\/fr\/wp-json\/wp\/v2\/media\/135032"}],"wp:attachment":[{"href":"https:\/\/www.bellunopress.it\/fr\/wp-json\/wp\/v2\/media?parent=135031"}],"wp:term":[{"taxonomy":"category","embeddable":true,"href":"https:\/\/www.bellunopress.it\/fr\/wp-json\/wp\/v2\/categories?post=135031"},{"taxonomy":"post_tag","embeddable":true,"href":"https:\/\/www.bellunopress.it\/fr\/wp-json\/wp\/v2\/tags?post=135031"}],"curies":[{"name":"wp","href":"https:\/\/api.w.org\/{rel}","templated":true}]}}