{"id":135025,"date":"2022-07-14T22:25:41","date_gmt":"2022-07-14T20:25:41","guid":{"rendered":"https:\/\/www.bellunopress.it\/?p=135025"},"modified":"2022-07-14T22:26:17","modified_gmt":"2022-07-14T20:26:17","slug":"grande-afflusso-di-anziani-per-quarta-dose-anti-covid-allospedale-di-belluno","status":"publish","type":"post","link":"https:\/\/www.bellunopress.it\/fr\/2022\/07\/14\/grande-afflusso-di-anziani-per-quarta-dose-anti-covid-allospedale-di-belluno\/","title":{"rendered":"Grande afflusso di anziani per quarta dose anti covid all\u2019ospedale di Belluno"},"content":{"rendered":"<p><img loading=\"lazy\" decoding=\"async\" class=\"alignleft size-full wp-image-126281\" src=\"https:\/\/www.bellunopress.it\/wp-content\/uploads\/2021\/07\/vaccino-Ulss-Dolomiti_edited.jpg\" alt=\"\" width=\"800\" height=\"643\" srcset=\"https:\/\/www.bellunopress.it\/wp-content\/uploads\/2021\/07\/vaccino-Ulss-Dolomiti_edited.jpg 800w, https:\/\/www.bellunopress.it\/wp-content\/uploads\/2021\/07\/vaccino-Ulss-Dolomiti_edited-500x402.jpg 500w, https:\/\/www.bellunopress.it\/wp-content\/uploads\/2021\/07\/vaccino-Ulss-Dolomiti_edited-696x559.jpg 696w, https:\/\/www.bellunopress.it\/wp-content\/uploads\/2021\/07\/vaccino-Ulss-Dolomiti_edited-523x420.jpg 523w\" sizes=\"auto, (max-width: 800px) 100vw, 800px\" \/>Belluno, 14 luglio 2022 &#8211; Era programmata nel pomeriggio di oggi presso il drive in San Gervasio di Belluno la penultima seduta vaccinale quarta dose covid per le persone over 80 chiamate con lettera circa un mese fa.<br \/>\nRispetto ad una stima di adesione del 20%, a causa dell\u2019inasprimento epidemico, l\u2019adesione \u00e8 pi\u00f9 che raddoppiata creando un iper afflusso di auto che ha messo in difficolt\u00e0 per circa due ore la viabilit\u00e0 nei pressi dell\u2019ospedale di Belluno. Intorno alle ore 16.00 sono intervenute la Polizia Locale e la Polizia di Stato che con un intervento coordinato hanno ripristinato una viabilit\u00e0 regolare.<\/p>\n<p>Gli operatori dell\u2019Ulss hanno raccomandato alle persone giunte a vaccinazione dopo le 16.00 di posticipare l\u2019arrivo di due ore o di rientrare a domicilio e prenotarsi per una delle prossime sedute (aperte e disponibili fino a fine luglio).<br \/>\nL\u2019Ulss si scusa con gli utenti per il disagio patito.<\/p>","protected":false},"excerpt":{"rendered":"<p>Belluno, 14 luglio 2022 &#8211; Era programmata nel pomeriggio di oggi presso il drive in San Gervasio di Belluno la penultima seduta vaccinale quarta dose covid per le persone over 80 chiamate con lettera circa un mese fa. Rispetto ad una stima di adesione del 20%, a causa dell\u2019inasprimento epidemico, l\u2019adesione \u00e8 pi\u00f9 che raddoppiata [&hellip;]<\/p>\n","protected":false},"author":2,"featured_media":126281,"comment_status":"closed","ping_status":"open","sticky":false,"template":"","format":"standard","meta":{"footnotes":""},"categories":[26,17],"tags":[],"class_list":["post-135025","post","type-post","status-publish","format-standard","has-post-thumbnail","category-prima-pagina","category-sanita"],"yoast_head":"<!-- This site is optimized with the Yoast SEO plugin v28.4 - https:\/\/yoast.com\/product\/yoast-seo-wordpress\/ -->\n<title>Grande afflusso di anziani per quarta dose anti covid all\u2019ospedale di Belluno - Bellunopress - Dolomiti<\/title>\n<meta name=\"robots\" content=\"index, follow, max-snippet:-1, max-image-preview:large, max-video-preview:-1\" \/>\n<link rel=\"canonical\" href=\"https:\/\/www.bellunopress.it\/fr\/2022\/07\/14\/grande-afflusso-di-anziani-per-quarta-dose-anti-covid-allospedale-di-belluno\/\" \/>\n<meta property=\"og:locale\" content=\"fr_FR\" \/>\n<meta property=\"og:type\" content=\"article\" \/>\n<meta property=\"og:title\" content=\"Grande afflusso di anziani per quarta dose anti covid all\u2019ospedale di Belluno - Bellunopress - Dolomiti\" \/>\n<meta property=\"og:description\" content=\"Belluno, 14 luglio 2022 &#8211; Era programmata nel pomeriggio di oggi presso il drive in San Gervasio di Belluno la penultima seduta vaccinale quarta dose covid per le persone over 80 chiamate con lettera circa un mese fa. Rispetto ad una stima di adesione del 20%, a causa dell\u2019inasprimento epidemico, l\u2019adesione \u00e8 pi\u00f9 che raddoppiata [&hellip;]\" \/>\n<meta property=\"og:url\" content=\"https:\/\/www.bellunopress.it\/fr\/2022\/07\/14\/grande-afflusso-di-anziani-per-quarta-dose-anti-covid-allospedale-di-belluno\/\" \/>\n<meta property=\"og:site_name\" content=\"Bellunopress - Dolomiti\" \/>\n<meta property=\"article:publisher\" content=\"https:\/\/www.facebook.com\/profile.php?id=100008943462799\" \/>\n<meta property=\"article:published_time\" content=\"2022-07-14T20:25:41+00:00\" \/>\n<meta property=\"article:modified_time\" content=\"2022-07-14T20:26:17+00:00\" \/>\n<meta property=\"og:image\" content=\"https:\/\/www.bellunopress.it\/wp-content\/uploads\/2021\/07\/vaccino-Ulss-Dolomiti_edited.jpg\" \/>\n\t<meta property=\"og:image:width\" content=\"800\" \/>\n\t<meta property=\"og:image:height\" content=\"643\" \/>\n\t<meta property=\"og:image:type\" content=\"image\/jpeg\" \/>\n<meta name=\"author\" content=\"redazione\" \/>\n<meta name=\"twitter:card\" content=\"summary_large_image\" \/>\n<meta name=\"twitter:creator\" content=\"@bellunopress\" \/>\n<meta name=\"twitter:site\" content=\"@bellunopress\" \/>\n<meta name=\"twitter:label1\" content=\"Written by\" \/>\n\t<meta name=\"twitter:data1\" content=\"redazione\" \/>\n\t<meta name=\"twitter:label2\" content=\"Est. reading time\" \/>\n\t<meta name=\"twitter:data2\" content=\"1 minute\" \/>\n<script type=\"application\/ld+json\" class=\"yoast-schema-graph\">{\"@context\":\"https:\\\/\\\/schema.org\",\"@graph\":[{\"@type\":\"Article\",\"@id\":\"https:\\\/\\\/www.bellunopress.it\\\/2022\\\/07\\\/14\\\/grande-afflusso-di-anziani-per-quarta-dose-anti-covid-allospedale-di-belluno\\\/#article\",\"isPartOf\":{\"@id\":\"https:\\\/\\\/www.bellunopress.it\\\/2022\\\/07\\\/14\\\/grande-afflusso-di-anziani-per-quarta-dose-anti-covid-allospedale-di-belluno\\\/\"},\"author\":{\"name\":\"redazione\",\"@id\":\"https:\\\/\\\/www.bellunopress.it\\\/#\\\/schema\\\/person\\\/79bb06722b37ece1c03d3e94beb30d73\"},\"headline\":\"Grande afflusso di anziani per quarta dose anti covid all\u2019ospedale di Belluno\",\"datePublished\":\"2022-07-14T20:25:41+00:00\",\"dateModified\":\"2022-07-14T20:26:17+00:00\",\"mainEntityOfPage\":{\"@id\":\"https:\\\/\\\/www.bellunopress.it\\\/2022\\\/07\\\/14\\\/grande-afflusso-di-anziani-per-quarta-dose-anti-covid-allospedale-di-belluno\\\/\"},\"wordCount\":161,\"publisher\":{\"@id\":\"https:\\\/\\\/www.bellunopress.it\\\/#organization\"},\"image\":{\"@id\":\"https:\\\/\\\/www.bellunopress.it\\\/2022\\\/07\\\/14\\\/grande-afflusso-di-anziani-per-quarta-dose-anti-covid-allospedale-di-belluno\\\/#primaryimage\"},\"thumbnailUrl\":\"https:\\\/\\\/www.bellunopress.it\\\/wp-content\\\/uploads\\\/2021\\\/07\\\/vaccino-Ulss-Dolomiti_edited.jpg\",\"articleSection\":[\"Prima Pagina\",\"Sanit\u00e0 Medicina\"],\"inLanguage\":\"fr-FR\"},{\"@type\":\"WebPage\",\"@id\":\"https:\\\/\\\/www.bellunopress.it\\\/2022\\\/07\\\/14\\\/grande-afflusso-di-anziani-per-quarta-dose-anti-covid-allospedale-di-belluno\\\/\",\"url\":\"https:\\\/\\\/www.bellunopress.it\\\/2022\\\/07\\\/14\\\/grande-afflusso-di-anziani-per-quarta-dose-anti-covid-allospedale-di-belluno\\\/\",\"name\":\"Grande afflusso di anziani per quarta dose anti covid all\u2019ospedale di Belluno - Bellunopress - Dolomiti\",\"isPartOf\":{\"@id\":\"https:\\\/\\\/www.bellunopress.it\\\/#website\"},\"primaryImageOfPage\":{\"@id\":\"https:\\\/\\\/www.bellunopress.it\\\/2022\\\/07\\\/14\\\/grande-afflusso-di-anziani-per-quarta-dose-anti-covid-allospedale-di-belluno\\\/#primaryimage\"},\"image\":{\"@id\":\"https:\\\/\\\/www.bellunopress.it\\\/2022\\\/07\\\/14\\\/grande-afflusso-di-anziani-per-quarta-dose-anti-covid-allospedale-di-belluno\\\/#primaryimage\"},\"thumbnailUrl\":\"https:\\\/\\\/www.bellunopress.it\\\/wp-content\\\/uploads\\\/2021\\\/07\\\/vaccino-Ulss-Dolomiti_edited.jpg\",\"datePublished\":\"2022-07-14T20:25:41+00:00\",\"dateModified\":\"2022-07-14T20:26:17+00:00\",\"breadcrumb\":{\"@id\":\"https:\\\/\\\/www.bellunopress.it\\\/2022\\\/07\\\/14\\\/grande-afflusso-di-anziani-per-quarta-dose-anti-covid-allospedale-di-belluno\\\/#breadcrumb\"},\"inLanguage\":\"fr-FR\",\"potentialAction\":[{\"@type\":\"ReadAction\",\"target\":[\"https:\\\/\\\/www.bellunopress.it\\\/2022\\\/07\\\/14\\\/grande-afflusso-di-anziani-per-quarta-dose-anti-covid-allospedale-di-belluno\\\/\"]}]},{\"@type\":\"ImageObject\",\"inLanguage\":\"fr-FR\",\"@id\":\"https:\\\/\\\/www.bellunopress.it\\\/2022\\\/07\\\/14\\\/grande-afflusso-di-anziani-per-quarta-dose-anti-covid-allospedale-di-belluno\\\/#primaryimage\",\"url\":\"https:\\\/\\\/www.bellunopress.it\\\/wp-content\\\/uploads\\\/2021\\\/07\\\/vaccino-Ulss-Dolomiti_edited.jpg\",\"contentUrl\":\"https:\\\/\\\/www.bellunopress.it\\\/wp-content\\\/uploads\\\/2021\\\/07\\\/vaccino-Ulss-Dolomiti_edited.jpg\",\"width\":800,\"height\":643},{\"@type\":\"BreadcrumbList\",\"@id\":\"https:\\\/\\\/www.bellunopress.it\\\/2022\\\/07\\\/14\\\/grande-afflusso-di-anziani-per-quarta-dose-anti-covid-allospedale-di-belluno\\\/#breadcrumb\",\"itemListElement\":[{\"@type\":\"ListItem\",\"position\":1,\"name\":\"Home\",\"item\":\"https:\\\/\\\/www.bellunopress.it\\\/\"},{\"@type\":\"ListItem\",\"position\":2,\"name\":\"Grande afflusso di anziani per quarta dose anti covid all\u2019ospedale di Belluno\"}]},{\"@type\":\"WebSite\",\"@id\":\"https:\\\/\\\/www.bellunopress.it\\\/#website\",\"url\":\"https:\\\/\\\/www.bellunopress.it\\\/\",\"name\":\"Bellunopress - Dolomiti\",\"description\":\"e-mail: redazione@bellunopress.it\",\"publisher\":{\"@id\":\"https:\\\/\\\/www.bellunopress.it\\\/#organization\"},\"potentialAction\":[{\"@type\":\"SearchAction\",\"target\":{\"@type\":\"EntryPoint\",\"urlTemplate\":\"https:\\\/\\\/www.bellunopress.it\\\/?s={search_term_string}\"},\"query-input\":{\"@type\":\"PropertyValueSpecification\",\"valueRequired\":true,\"valueName\":\"search_term_string\"}}],\"inLanguage\":\"fr-FR\"},{\"@type\":\"Organization\",\"@id\":\"https:\\\/\\\/www.bellunopress.it\\\/#organization\",\"name\":\"Bellunopress\",\"url\":\"https:\\\/\\\/www.bellunopress.it\\\/\",\"logo\":{\"@type\":\"ImageObject\",\"inLanguage\":\"fr-FR\",\"@id\":\"https:\\\/\\\/www.bellunopress.it\\\/#\\\/schema\\\/logo\\\/image\\\/\",\"url\":\"https:\\\/\\\/www.bellunopress.it\\\/wp-content\\\/uploads\\\/2011\\\/05\\\/cropped-logo-bellunopress-.jpg\",\"contentUrl\":\"https:\\\/\\\/www.bellunopress.it\\\/wp-content\\\/uploads\\\/2011\\\/05\\\/cropped-logo-bellunopress-.jpg\",\"width\":512,\"height\":512,\"caption\":\"Bellunopress\"},\"image\":{\"@id\":\"https:\\\/\\\/www.bellunopress.it\\\/#\\\/schema\\\/logo\\\/image\\\/\"},\"sameAs\":[\"https:\\\/\\\/www.facebook.com\\\/profile.php?id=100008943462799\",\"https:\\\/\\\/x.com\\\/bellunopress\",\"https:\\\/\\\/www.linkedin.com\\\/hp\\\/?dnr=JBzUWaJfMUw8vbXJJ2tVW5-I3jZKvC4wsoxE&amp;amp;amp;amp;amp;amp;trk=nav_responsive_tab_home\",\"https:\\\/\\\/www.youtube.com\\\/channel\\\/UCxL0wu1uN0_3_7hGG0306cw\"]},{\"@type\":\"Person\",\"@id\":\"https:\\\/\\\/www.bellunopress.it\\\/#\\\/schema\\\/person\\\/79bb06722b37ece1c03d3e94beb30d73\",\"name\":\"redazione\",\"image\":{\"@type\":\"ImageObject\",\"inLanguage\":\"fr-FR\",\"@id\":\"https:\\\/\\\/secure.gravatar.com\\\/avatar\\\/37d968a2e67a6fd04c169c4bdef102d0bc5d31b2546345219e348575eb80e9a0?s=96&d=mm&r=g\",\"url\":\"https:\\\/\\\/secure.gravatar.com\\\/avatar\\\/37d968a2e67a6fd04c169c4bdef102d0bc5d31b2546345219e348575eb80e9a0?s=96&d=mm&r=g\",\"contentUrl\":\"https:\\\/\\\/secure.gravatar.com\\\/avatar\\\/37d968a2e67a6fd04c169c4bdef102d0bc5d31b2546345219e348575eb80e9a0?s=96&d=mm&r=g\",\"caption\":\"redazione\"},\"sameAs\":[\"http:\\\/\\\/www.bellunopress.it\",\"https:\\\/\\\/x.com\\\/bellunopress\"],\"url\":\"https:\\\/\\\/www.bellunopress.it\\\/fr\\\/author\\\/redazione\\\/\"}]}<\/script>\n<!-- \/ Yoast SEO plugin. -->","yoast_head_json":{"title":"Grande afflusso di anziani per quarta dose anti covid all\u2019ospedale di Belluno - Bellunopress - Dolomiti","robots":{"index":"index","follow":"follow","max-snippet":"max-snippet:-1","max-image-preview":"max-image-preview:large","max-video-preview":"max-video-preview:-1"},"canonical":"https:\/\/www.bellunopress.it\/fr\/2022\/07\/14\/grande-afflusso-di-anziani-per-quarta-dose-anti-covid-allospedale-di-belluno\/","og_locale":"fr_FR","og_type":"article","og_title":"Grande afflusso di anziani per quarta dose anti covid all\u2019ospedale di Belluno - Bellunopress - Dolomiti","og_description":"Belluno, 14 luglio 2022 &#8211; Era programmata nel pomeriggio di oggi presso il drive in San Gervasio di Belluno la penultima seduta vaccinale quarta dose covid per le persone over 80 chiamate con lettera circa un mese fa. Rispetto ad una stima di adesione del 20%, a causa dell\u2019inasprimento epidemico, l\u2019adesione \u00e8 pi\u00f9 che raddoppiata [&hellip;]","og_url":"https:\/\/www.bellunopress.it\/fr\/2022\/07\/14\/grande-afflusso-di-anziani-per-quarta-dose-anti-covid-allospedale-di-belluno\/","og_site_name":"Bellunopress - Dolomiti","article_publisher":"https:\/\/www.facebook.com\/profile.php?id=100008943462799","article_published_time":"2022-07-14T20:25:41+00:00","article_modified_time":"2022-07-14T20:26:17+00:00","og_image":[{"width":800,"height":643,"url":"https:\/\/www.bellunopress.it\/wp-content\/uploads\/2021\/07\/vaccino-Ulss-Dolomiti_edited.jpg","type":"image\/jpeg"}],"author":"redazione","twitter_card":"summary_large_image","twitter_creator":"@bellunopress","twitter_site":"@bellunopress","twitter_misc":{"Written by":"redazione","Est. reading time":"1 minute"},"schema":{"@context":"https:\/\/schema.org","@graph":[{"@type":"Article","@id":"https:\/\/www.bellunopress.it\/2022\/07\/14\/grande-afflusso-di-anziani-per-quarta-dose-anti-covid-allospedale-di-belluno\/#article","isPartOf":{"@id":"https:\/\/www.bellunopress.it\/2022\/07\/14\/grande-afflusso-di-anziani-per-quarta-dose-anti-covid-allospedale-di-belluno\/"},"author":{"name":"redazione","@id":"https:\/\/www.bellunopress.it\/#\/schema\/person\/79bb06722b37ece1c03d3e94beb30d73"},"headline":"Grande afflusso di anziani per quarta dose anti covid all\u2019ospedale di Belluno","datePublished":"2022-07-14T20:25:41+00:00","dateModified":"2022-07-14T20:26:17+00:00","mainEntityOfPage":{"@id":"https:\/\/www.bellunopress.it\/2022\/07\/14\/grande-afflusso-di-anziani-per-quarta-dose-anti-covid-allospedale-di-belluno\/"},"wordCount":161,"publisher":{"@id":"https:\/\/www.bellunopress.it\/#organization"},"image":{"@id":"https:\/\/www.bellunopress.it\/2022\/07\/14\/grande-afflusso-di-anziani-per-quarta-dose-anti-covid-allospedale-di-belluno\/#primaryimage"},"thumbnailUrl":"https:\/\/www.bellunopress.it\/wp-content\/uploads\/2021\/07\/vaccino-Ulss-Dolomiti_edited.jpg","articleSection":["Prima Pagina","Sanit\u00e0 Medicina"],"inLanguage":"fr-FR"},{"@type":"WebPage","@id":"https:\/\/www.bellunopress.it\/2022\/07\/14\/grande-afflusso-di-anziani-per-quarta-dose-anti-covid-allospedale-di-belluno\/","url":"https:\/\/www.bellunopress.it\/2022\/07\/14\/grande-afflusso-di-anziani-per-quarta-dose-anti-covid-allospedale-di-belluno\/","name":"Grande afflusso di anziani per quarta dose anti covid all\u2019ospedale di Belluno - Bellunopress - Dolomiti","isPartOf":{"@id":"https:\/\/www.bellunopress.it\/#website"},"primaryImageOfPage":{"@id":"https:\/\/www.bellunopress.it\/2022\/07\/14\/grande-afflusso-di-anziani-per-quarta-dose-anti-covid-allospedale-di-belluno\/#primaryimage"},"image":{"@id":"https:\/\/www.bellunopress.it\/2022\/07\/14\/grande-afflusso-di-anziani-per-quarta-dose-anti-covid-allospedale-di-belluno\/#primaryimage"},"thumbnailUrl":"https:\/\/www.bellunopress.it\/wp-content\/uploads\/2021\/07\/vaccino-Ulss-Dolomiti_edited.jpg","datePublished":"2022-07-14T20:25:41+00:00","dateModified":"2022-07-14T20:26:17+00:00","breadcrumb":{"@id":"https:\/\/www.bellunopress.it\/2022\/07\/14\/grande-afflusso-di-anziani-per-quarta-dose-anti-covid-allospedale-di-belluno\/#breadcrumb"},"inLanguage":"fr-FR","potentialAction":[{"@type":"ReadAction","target":["https:\/\/www.bellunopress.it\/2022\/07\/14\/grande-afflusso-di-anziani-per-quarta-dose-anti-covid-allospedale-di-belluno\/"]}]},{"@type":"ImageObject","inLanguage":"fr-FR","@id":"https:\/\/www.bellunopress.it\/2022\/07\/14\/grande-afflusso-di-anziani-per-quarta-dose-anti-covid-allospedale-di-belluno\/#primaryimage","url":"https:\/\/www.bellunopress.it\/wp-content\/uploads\/2021\/07\/vaccino-Ulss-Dolomiti_edited.jpg","contentUrl":"https:\/\/www.bellunopress.it\/wp-content\/uploads\/2021\/07\/vaccino-Ulss-Dolomiti_edited.jpg","width":800,"height":643},{"@type":"BreadcrumbList","@id":"https:\/\/www.bellunopress.it\/2022\/07\/14\/grande-afflusso-di-anziani-per-quarta-dose-anti-covid-allospedale-di-belluno\/#breadcrumb","itemListElement":[{"@type":"ListItem","position":1,"name":"Home","item":"https:\/\/www.bellunopress.it\/"},{"@type":"ListItem","position":2,"name":"Grande afflusso di anziani per quarta dose anti covid all\u2019ospedale di Belluno"}]},{"@type":"WebSite","@id":"https:\/\/www.bellunopress.it\/#website","url":"https:\/\/www.bellunopress.it\/","name":"Bellunopress - Dolomiti","description":"e-mail: redazione@bellunopress.it","publisher":{"@id":"https:\/\/www.bellunopress.it\/#organization"},"potentialAction":[{"@type":"SearchAction","target":{"@type":"EntryPoint","urlTemplate":"https:\/\/www.bellunopress.it\/?s={search_term_string}"},"query-input":{"@type":"PropertyValueSpecification","valueRequired":true,"valueName":"search_term_string"}}],"inLanguage":"fr-FR"},{"@type":"Organization","@id":"https:\/\/www.bellunopress.it\/#organization","name":"Bellunopress","url":"https:\/\/www.bellunopress.it\/","logo":{"@type":"ImageObject","inLanguage":"fr-FR","@id":"https:\/\/www.bellunopress.it\/#\/schema\/logo\/image\/","url":"https:\/\/www.bellunopress.it\/wp-content\/uploads\/2011\/05\/cropped-logo-bellunopress-.jpg","contentUrl":"https:\/\/www.bellunopress.it\/wp-content\/uploads\/2011\/05\/cropped-logo-bellunopress-.jpg","width":512,"height":512,"caption":"Bellunopress"},"image":{"@id":"https:\/\/www.bellunopress.it\/#\/schema\/logo\/image\/"},"sameAs":["https:\/\/www.facebook.com\/profile.php?id=100008943462799","https:\/\/x.com\/bellunopress","https:\/\/www.linkedin.com\/hp\/?dnr=JBzUWaJfMUw8vbXJJ2tVW5-I3jZKvC4wsoxE&amp;amp;amp;amp;amp;amp;trk=nav_responsive_tab_home","https:\/\/www.youtube.com\/channel\/UCxL0wu1uN0_3_7hGG0306cw"]},{"@type":"Person","@id":"https:\/\/www.bellunopress.it\/#\/schema\/person\/79bb06722b37ece1c03d3e94beb30d73","name":"r\u00e9daction","image":{"@type":"ImageObject","inLanguage":"fr-FR","@id":"https:\/\/secure.gravatar.com\/avatar\/37d968a2e67a6fd04c169c4bdef102d0bc5d31b2546345219e348575eb80e9a0?s=96&d=mm&r=g","url":"https:\/\/secure.gravatar.com\/avatar\/37d968a2e67a6fd04c169c4bdef102d0bc5d31b2546345219e348575eb80e9a0?s=96&d=mm&r=g","contentUrl":"https:\/\/secure.gravatar.com\/avatar\/37d968a2e67a6fd04c169c4bdef102d0bc5d31b2546345219e348575eb80e9a0?s=96&d=mm&r=g","caption":"redazione"},"sameAs":["http:\/\/www.bellunopress.it","https:\/\/x.com\/bellunopress"],"url":"https:\/\/www.bellunopress.it\/fr\/author\/redazione\/"}]}},"_links":{"self":[{"href":"https:\/\/www.bellunopress.it\/fr\/wp-json\/wp\/v2\/posts\/135025","targetHints":{"allow":["GET"]}}],"collection":[{"href":"https:\/\/www.bellunopress.it\/fr\/wp-json\/wp\/v2\/posts"}],"about":[{"href":"https:\/\/www.bellunopress.it\/fr\/wp-json\/wp\/v2\/types\/post"}],"author":[{"embeddable":true,"href":"https:\/\/www.bellunopress.it\/fr\/wp-json\/wp\/v2\/users\/2"}],"replies":[{"embeddable":true,"href":"https:\/\/www.bellunopress.it\/fr\/wp-json\/wp\/v2\/comments?post=135025"}],"version-history":[{"count":2,"href":"https:\/\/www.bellunopress.it\/fr\/wp-json\/wp\/v2\/posts\/135025\/revisions"}],"predecessor-version":[{"id":135027,"href":"https:\/\/www.bellunopress.it\/fr\/wp-json\/wp\/v2\/posts\/135025\/revisions\/135027"}],"wp:featuredmedia":[{"embeddable":true,"href":"https:\/\/www.bellunopress.it\/fr\/wp-json\/wp\/v2\/media\/126281"}],"wp:attachment":[{"href":"https:\/\/www.bellunopress.it\/fr\/wp-json\/wp\/v2\/media?parent=135025"}],"wp:term":[{"taxonomy":"category","embeddable":true,"href":"https:\/\/www.bellunopress.it\/fr\/wp-json\/wp\/v2\/categories?post=135025"},{"taxonomy":"post_tag","embeddable":true,"href":"https:\/\/www.bellunopress.it\/fr\/wp-json\/wp\/v2\/tags?post=135025"}],"curies":[{"name":"wp","href":"https:\/\/api.w.org\/{rel}","templated":true}]}}