{"id":135022,"date":"2022-07-15T00:05:55","date_gmt":"2022-07-14T22:05:55","guid":{"rendered":"https:\/\/www.bellunopress.it\/?p=135022"},"modified":"2024-03-06T17:09:24","modified_gmt":"2024-03-06T16:09:24","slug":"la-quarta-vaccinazione-di-filiberto-dal-molin","status":"publish","type":"post","link":"https:\/\/www.bellunopress.it\/fr\/2022\/07\/15\/la-quarta-vaccinazione-di-filiberto-dal-molin\/","title":{"rendered":"La quarta vaccinazione   * di Filiberto Dal Molin"},"content":{"rendered":"<p><em>Pubblichiamo l&#8217;intervento del dottor Filiberto Dal Molin, medico chirurgo specializzato in Radiologia, direttore sanitario della Salus, Istituto radiologico e fisiokinesiterapico con sede a Belluno.\u00a0<\/em><\/p>\n<figure id=\"attachment_135023\" aria-describedby=\"caption-attachment-135023\" style=\"width: 273px\" class=\"wp-caption alignleft\"><img loading=\"lazy\" decoding=\"async\" class=\"size-full wp-image-135023\" src=\"https:\/\/www.bellunopress.it\/wp-content\/uploads\/2022\/07\/Dal-Molin_edited.jpg\" alt=\"\" width=\"273\" height=\"321\" \/><figcaption id=\"caption-attachment-135023\" class=\"wp-caption-text\">Filiberto Dal Molin<\/figcaption><\/figure>\n<p>La Storia, la Letteratura e la Medicina ci testimoniano che le epidemie, virali o batteriche, hanno una tipica evoluzione rappresentata dalla curva di Gauss e si risolvono in un periodo breve, in genere inferiore ad un anno, salvo ritornare a distanza.<br \/>\nLa nostra viremia della SARS, conosciuta da decenni, ha un tasso di mortalit\u00e0 di circa l&#8217;1%, ha provocato milioni di morti e dura da 3 anni. Il nostro Presidente del Consiglio l&#8217;aveva detto che sarebbe durata anni; in questo non si era sbagliato.<\/p>\n<p>&nbsp;<\/p>\n<p>In questi giorni, contagi, ricoveri e decessi da COVID-19 risultano ufficialmente di gran lunga aumentati rispetto allo stesso periodo del 2020 e del 2021. Con buona pace di coloro che, predicando la validit\u00e0 dei vaccini, sembrano dimenticare che la popolazione italiana \u00e8 la pi\u00f9 vaccinata del pianeta (90% circa). La ricerca medica ci spiega che proprio per questo ci ritroviamo in una nuova emergenza, una emergenza perenne divenuta metodo di governo. E con l\u2019emergenza tutte le decisioni del Governo diventano assolute e inderogabili.<\/p>\n<p>Sappiamo che il Governo Italiano ha acquistato circa 330 milioni di dosi di vaccino e svariati milioni di queste sono prossime a scadere. Corrispondono a pi\u00f9 di 5 dosi di vaccino per ogni italiano; 3 le abbiamo gi\u00e0 fatte. Non ci sarebbe da stupirsi se ora l\u2019impagabile ministro Speranza volesse imporre col solito dictat ricattatorio (o ti vaccini oppure ti sospendo dal lavoro e dallo stipendio) la quarta dose e qualche mese dopo la quinta.<\/p>\n<p>Se poi i vaccini proposti fossero quelli acquistati mesi o anni fa, programmati per tipi di virus ormai defunto, quali giornali e quali programmi televisivi, abituati a diffondere comunicati governativi, avrebbero il coraggio della libert\u00e0 di informazione?<\/p>\n<p>Per doverosa informazione diretta a coloro che sembrano dimenticare che la nostra Nazione e l\u2019Europa si sono date leggi civili, che non possono essere ignorate con un semplice DPCM, desidero ricordare che l\u2019articolo 48 del Codice Deontologico in ambito medico recita: \u201cIl medico attua sull&#8217;uomo le sperimentazioni sostenute da protocolli scientificamente fondati e ispirati al principio di salvaguardia della vita e dell&#8217;integrit\u00e0 psico-fisica, nel rispetto della dignit\u00e0 della persona. La sperimentazione sull&#8217;uomo \u00e8 subordinata al consenso informato scritto del soggetto reclutato e alla contestuale e idonea informazione del medico curante indicato dallo stesso. Il medico informa il soggetto reclutato in merito agli scopi, ai metodi, ai benefici prevedibili e ai rischi, fermo restando il diritto dello stesso di interrompere la sperimentazione in qualsiasi momento, garantendo in ogni caso la continuit\u00e0 assistenziale\u2026\u2026 Ogni tipologia di sperimentazione compresa quella clinica deve essere programmata e attuata secondo idonei protocolli nel quadro della normativa vigente e dopo aver ricevuto il preventivo assenso da parte di un Comitato etico indipendente\u201d<\/p>\n<p>Inoltre negli articoli del Codice Deontologico viene vietata la somministrazione di farmaci sperimentali a Pazienti dissenzienti. Per tutto ci\u00f2 non ci sembra accettabile che il Presidente dell\u2019Ordine dei Medici di Belluno abbia potuto sospendere dal servizio i medici che non intendono sottoporsi ad una vaccinazione inutile e dannosa, ignorando le regole basilari del Codice Deontologico e del giuramento di Ippocrate, per obbedire alle disposizioni contrarie di un ministro della Sanit\u00e0, destinato ad una condanna imperitura.<\/p>\n<p>Ho avuto col dr Capelli, presidente dell\u2019Ordine di Belluno, un intenso scambio epistolare certificato. Sull\u2019ultimo tema riguardante la quarta vaccinazione non mi ha risposto. Forse attende le disposizioni definitive del ministro Speranza.<\/p>\n<p>Dr. Filiberto Dal Molin &#8211; Belluno<\/p>\n<p>&nbsp;<\/p>","protected":false},"excerpt":{"rendered":"<p>Pubblichiamo l&#8217;intervento del dottor Filiberto Dal Molin, medico chirurgo specializzato in Radiologia, direttore sanitario della Salus, Istituto radiologico e fisiokinesiterapico con sede a Belluno.\u00a0 La Storia, la Letteratura e la Medicina ci testimoniano che le epidemie, virali o batteriche, hanno una tipica evoluzione rappresentata dalla curva di Gauss e si risolvono in un periodo breve, [&hellip;]<\/p>\n","protected":false},"author":2,"featured_media":135023,"comment_status":"closed","ping_status":"open","sticky":false,"template":"","format":"standard","meta":{"footnotes":""},"categories":[3368,3614,26,17],"tags":[],"class_list":["post-135022","post","type-post","status-publish","format-standard","has-post-thumbnail","category-cahiers-de-doleances","category-controcorrente","category-prima-pagina","category-sanita"],"yoast_head":"<!-- This site is optimized with the Yoast SEO plugin v28.4 - https:\/\/yoast.com\/product\/yoast-seo-wordpress\/ -->\n<title>La quarta vaccinazione  * di Filiberto Dal Molin - Bellunopress - Dolomiti<\/title>\n<meta name=\"robots\" content=\"index, follow, max-snippet:-1, max-image-preview:large, max-video-preview:-1\" \/>\n<link rel=\"canonical\" href=\"https:\/\/www.bellunopress.it\/fr\/2022\/07\/15\/la-quarta-vaccinazione-di-filiberto-dal-molin\/\" \/>\n<meta property=\"og:locale\" content=\"fr_FR\" \/>\n<meta property=\"og:type\" content=\"article\" \/>\n<meta property=\"og:title\" content=\"La quarta vaccinazione  * di Filiberto Dal Molin - Bellunopress - Dolomiti\" \/>\n<meta property=\"og:description\" content=\"Pubblichiamo l&#8217;intervento del dottor Filiberto Dal Molin, medico chirurgo specializzato in Radiologia, direttore sanitario della Salus, Istituto radiologico e fisiokinesiterapico con sede a Belluno.\u00a0 La Storia, la Letteratura e la Medicina ci testimoniano che le epidemie, virali o batteriche, hanno una tipica evoluzione rappresentata dalla curva di Gauss e si risolvono in un periodo breve, [&hellip;]\" \/>\n<meta property=\"og:url\" content=\"https:\/\/www.bellunopress.it\/fr\/2022\/07\/15\/la-quarta-vaccinazione-di-filiberto-dal-molin\/\" \/>\n<meta property=\"og:site_name\" content=\"Bellunopress - Dolomiti\" \/>\n<meta property=\"article:publisher\" content=\"https:\/\/www.facebook.com\/profile.php?id=100008943462799\" \/>\n<meta property=\"article:published_time\" content=\"2022-07-14T22:05:55+00:00\" \/>\n<meta property=\"article:modified_time\" content=\"2024-03-06T16:09:24+00:00\" \/>\n<meta property=\"og:image\" content=\"https:\/\/www.bellunopress.it\/wp-content\/uploads\/2022\/07\/Dal-Molin_edited.jpg\" \/>\n\t<meta property=\"og:image:width\" content=\"273\" \/>\n\t<meta property=\"og:image:height\" content=\"321\" \/>\n\t<meta property=\"og:image:type\" content=\"image\/jpeg\" \/>\n<meta name=\"author\" content=\"redazione\" \/>\n<meta name=\"twitter:card\" content=\"summary_large_image\" \/>\n<meta name=\"twitter:creator\" content=\"@bellunopress\" \/>\n<meta name=\"twitter:site\" content=\"@bellunopress\" \/>\n<meta name=\"twitter:label1\" content=\"Written by\" \/>\n\t<meta name=\"twitter:data1\" content=\"redazione\" \/>\n\t<meta name=\"twitter:label2\" content=\"Est. reading time\" \/>\n\t<meta name=\"twitter:data2\" content=\"4 minutes\" \/>\n<script type=\"application\/ld+json\" class=\"yoast-schema-graph\">{\"@context\":\"https:\\\/\\\/schema.org\",\"@graph\":[{\"@type\":\"Article\",\"@id\":\"https:\\\/\\\/www.bellunopress.it\\\/2022\\\/07\\\/15\\\/la-quarta-vaccinazione-di-filiberto-dal-molin\\\/#article\",\"isPartOf\":{\"@id\":\"https:\\\/\\\/www.bellunopress.it\\\/2022\\\/07\\\/15\\\/la-quarta-vaccinazione-di-filiberto-dal-molin\\\/\"},\"author\":{\"name\":\"redazione\",\"@id\":\"https:\\\/\\\/www.bellunopress.it\\\/#\\\/schema\\\/person\\\/79bb06722b37ece1c03d3e94beb30d73\"},\"headline\":\"La quarta vaccinazione * di Filiberto Dal Molin\",\"datePublished\":\"2022-07-14T22:05:55+00:00\",\"dateModified\":\"2024-03-06T16:09:24+00:00\",\"mainEntityOfPage\":{\"@id\":\"https:\\\/\\\/www.bellunopress.it\\\/2022\\\/07\\\/15\\\/la-quarta-vaccinazione-di-filiberto-dal-molin\\\/\"},\"wordCount\":602,\"publisher\":{\"@id\":\"https:\\\/\\\/www.bellunopress.it\\\/#organization\"},\"image\":{\"@id\":\"https:\\\/\\\/www.bellunopress.it\\\/2022\\\/07\\\/15\\\/la-quarta-vaccinazione-di-filiberto-dal-molin\\\/#primaryimage\"},\"thumbnailUrl\":\"https:\\\/\\\/www.bellunopress.it\\\/wp-content\\\/uploads\\\/2022\\\/07\\\/Dal-Molin_edited.jpg\",\"articleSection\":[\"Cahiers de dol\u00e9ances\",\"Controcorrente Dr Filiberto Dal Molin\",\"Prima Pagina\",\"Sanit\u00e0 Medicina\"],\"inLanguage\":\"fr-FR\"},{\"@type\":\"WebPage\",\"@id\":\"https:\\\/\\\/www.bellunopress.it\\\/2022\\\/07\\\/15\\\/la-quarta-vaccinazione-di-filiberto-dal-molin\\\/\",\"url\":\"https:\\\/\\\/www.bellunopress.it\\\/2022\\\/07\\\/15\\\/la-quarta-vaccinazione-di-filiberto-dal-molin\\\/\",\"name\":\"La quarta vaccinazione * di Filiberto Dal Molin - Bellunopress - Dolomiti\",\"isPartOf\":{\"@id\":\"https:\\\/\\\/www.bellunopress.it\\\/#website\"},\"primaryImageOfPage\":{\"@id\":\"https:\\\/\\\/www.bellunopress.it\\\/2022\\\/07\\\/15\\\/la-quarta-vaccinazione-di-filiberto-dal-molin\\\/#primaryimage\"},\"image\":{\"@id\":\"https:\\\/\\\/www.bellunopress.it\\\/2022\\\/07\\\/15\\\/la-quarta-vaccinazione-di-filiberto-dal-molin\\\/#primaryimage\"},\"thumbnailUrl\":\"https:\\\/\\\/www.bellunopress.it\\\/wp-content\\\/uploads\\\/2022\\\/07\\\/Dal-Molin_edited.jpg\",\"datePublished\":\"2022-07-14T22:05:55+00:00\",\"dateModified\":\"2024-03-06T16:09:24+00:00\",\"breadcrumb\":{\"@id\":\"https:\\\/\\\/www.bellunopress.it\\\/2022\\\/07\\\/15\\\/la-quarta-vaccinazione-di-filiberto-dal-molin\\\/#breadcrumb\"},\"inLanguage\":\"fr-FR\",\"potentialAction\":[{\"@type\":\"ReadAction\",\"target\":[\"https:\\\/\\\/www.bellunopress.it\\\/2022\\\/07\\\/15\\\/la-quarta-vaccinazione-di-filiberto-dal-molin\\\/\"]}]},{\"@type\":\"ImageObject\",\"inLanguage\":\"fr-FR\",\"@id\":\"https:\\\/\\\/www.bellunopress.it\\\/2022\\\/07\\\/15\\\/la-quarta-vaccinazione-di-filiberto-dal-molin\\\/#primaryimage\",\"url\":\"https:\\\/\\\/www.bellunopress.it\\\/wp-content\\\/uploads\\\/2022\\\/07\\\/Dal-Molin_edited.jpg\",\"contentUrl\":\"https:\\\/\\\/www.bellunopress.it\\\/wp-content\\\/uploads\\\/2022\\\/07\\\/Dal-Molin_edited.jpg\",\"width\":273,\"height\":321,\"caption\":\"Filiberto Dal Molin\"},{\"@type\":\"BreadcrumbList\",\"@id\":\"https:\\\/\\\/www.bellunopress.it\\\/2022\\\/07\\\/15\\\/la-quarta-vaccinazione-di-filiberto-dal-molin\\\/#breadcrumb\",\"itemListElement\":[{\"@type\":\"ListItem\",\"position\":1,\"name\":\"Home\",\"item\":\"https:\\\/\\\/www.bellunopress.it\\\/\"},{\"@type\":\"ListItem\",\"position\":2,\"name\":\"La quarta vaccinazione * di Filiberto Dal Molin\"}]},{\"@type\":\"WebSite\",\"@id\":\"https:\\\/\\\/www.bellunopress.it\\\/#website\",\"url\":\"https:\\\/\\\/www.bellunopress.it\\\/\",\"name\":\"Bellunopress - Dolomiti\",\"description\":\"e-mail: redazione@bellunopress.it\",\"publisher\":{\"@id\":\"https:\\\/\\\/www.bellunopress.it\\\/#organization\"},\"potentialAction\":[{\"@type\":\"SearchAction\",\"target\":{\"@type\":\"EntryPoint\",\"urlTemplate\":\"https:\\\/\\\/www.bellunopress.it\\\/?s={search_term_string}\"},\"query-input\":{\"@type\":\"PropertyValueSpecification\",\"valueRequired\":true,\"valueName\":\"search_term_string\"}}],\"inLanguage\":\"fr-FR\"},{\"@type\":\"Organization\",\"@id\":\"https:\\\/\\\/www.bellunopress.it\\\/#organization\",\"name\":\"Bellunopress\",\"url\":\"https:\\\/\\\/www.bellunopress.it\\\/\",\"logo\":{\"@type\":\"ImageObject\",\"inLanguage\":\"fr-FR\",\"@id\":\"https:\\\/\\\/www.bellunopress.it\\\/#\\\/schema\\\/logo\\\/image\\\/\",\"url\":\"https:\\\/\\\/www.bellunopress.it\\\/wp-content\\\/uploads\\\/2011\\\/05\\\/cropped-logo-bellunopress-.jpg\",\"contentUrl\":\"https:\\\/\\\/www.bellunopress.it\\\/wp-content\\\/uploads\\\/2011\\\/05\\\/cropped-logo-bellunopress-.jpg\",\"width\":512,\"height\":512,\"caption\":\"Bellunopress\"},\"image\":{\"@id\":\"https:\\\/\\\/www.bellunopress.it\\\/#\\\/schema\\\/logo\\\/image\\\/\"},\"sameAs\":[\"https:\\\/\\\/www.facebook.com\\\/profile.php?id=100008943462799\",\"https:\\\/\\\/x.com\\\/bellunopress\",\"https:\\\/\\\/www.linkedin.com\\\/hp\\\/?dnr=JBzUWaJfMUw8vbXJJ2tVW5-I3jZKvC4wsoxE&amp;amp;amp;amp;amp;amp;trk=nav_responsive_tab_home\",\"https:\\\/\\\/www.youtube.com\\\/channel\\\/UCxL0wu1uN0_3_7hGG0306cw\"]},{\"@type\":\"Person\",\"@id\":\"https:\\\/\\\/www.bellunopress.it\\\/#\\\/schema\\\/person\\\/79bb06722b37ece1c03d3e94beb30d73\",\"name\":\"redazione\",\"image\":{\"@type\":\"ImageObject\",\"inLanguage\":\"fr-FR\",\"@id\":\"https:\\\/\\\/secure.gravatar.com\\\/avatar\\\/37d968a2e67a6fd04c169c4bdef102d0bc5d31b2546345219e348575eb80e9a0?s=96&d=mm&r=g\",\"url\":\"https:\\\/\\\/secure.gravatar.com\\\/avatar\\\/37d968a2e67a6fd04c169c4bdef102d0bc5d31b2546345219e348575eb80e9a0?s=96&d=mm&r=g\",\"contentUrl\":\"https:\\\/\\\/secure.gravatar.com\\\/avatar\\\/37d968a2e67a6fd04c169c4bdef102d0bc5d31b2546345219e348575eb80e9a0?s=96&d=mm&r=g\",\"caption\":\"redazione\"},\"sameAs\":[\"http:\\\/\\\/www.bellunopress.it\",\"https:\\\/\\\/x.com\\\/bellunopress\"],\"url\":\"https:\\\/\\\/www.bellunopress.it\\\/fr\\\/author\\\/redazione\\\/\"}]}<\/script>\n<!-- \/ Yoast SEO plugin. -->","yoast_head_json":{"title":"La quarta vaccinazione  * di Filiberto Dal Molin - Bellunopress - Dolomiti","robots":{"index":"index","follow":"follow","max-snippet":"max-snippet:-1","max-image-preview":"max-image-preview:large","max-video-preview":"max-video-preview:-1"},"canonical":"https:\/\/www.bellunopress.it\/fr\/2022\/07\/15\/la-quarta-vaccinazione-di-filiberto-dal-molin\/","og_locale":"fr_FR","og_type":"article","og_title":"La quarta vaccinazione  * di Filiberto Dal Molin - Bellunopress - Dolomiti","og_description":"Pubblichiamo l&#8217;intervento del dottor Filiberto Dal Molin, medico chirurgo specializzato in Radiologia, direttore sanitario della Salus, Istituto radiologico e fisiokinesiterapico con sede a Belluno.\u00a0 La Storia, la Letteratura e la Medicina ci testimoniano che le epidemie, virali o batteriche, hanno una tipica evoluzione rappresentata dalla curva di Gauss e si risolvono in un periodo breve, [&hellip;]","og_url":"https:\/\/www.bellunopress.it\/fr\/2022\/07\/15\/la-quarta-vaccinazione-di-filiberto-dal-molin\/","og_site_name":"Bellunopress - Dolomiti","article_publisher":"https:\/\/www.facebook.com\/profile.php?id=100008943462799","article_published_time":"2022-07-14T22:05:55+00:00","article_modified_time":"2024-03-06T16:09:24+00:00","og_image":[{"width":273,"height":321,"url":"https:\/\/www.bellunopress.it\/wp-content\/uploads\/2022\/07\/Dal-Molin_edited.jpg","type":"image\/jpeg"}],"author":"redazione","twitter_card":"summary_large_image","twitter_creator":"@bellunopress","twitter_site":"@bellunopress","twitter_misc":{"Written by":"redazione","Est. reading time":"4 minutes"},"schema":{"@context":"https:\/\/schema.org","@graph":[{"@type":"Article","@id":"https:\/\/www.bellunopress.it\/2022\/07\/15\/la-quarta-vaccinazione-di-filiberto-dal-molin\/#article","isPartOf":{"@id":"https:\/\/www.bellunopress.it\/2022\/07\/15\/la-quarta-vaccinazione-di-filiberto-dal-molin\/"},"author":{"name":"redazione","@id":"https:\/\/www.bellunopress.it\/#\/schema\/person\/79bb06722b37ece1c03d3e94beb30d73"},"headline":"La quarta vaccinazione * di Filiberto Dal Molin","datePublished":"2022-07-14T22:05:55+00:00","dateModified":"2024-03-06T16:09:24+00:00","mainEntityOfPage":{"@id":"https:\/\/www.bellunopress.it\/2022\/07\/15\/la-quarta-vaccinazione-di-filiberto-dal-molin\/"},"wordCount":602,"publisher":{"@id":"https:\/\/www.bellunopress.it\/#organization"},"image":{"@id":"https:\/\/www.bellunopress.it\/2022\/07\/15\/la-quarta-vaccinazione-di-filiberto-dal-molin\/#primaryimage"},"thumbnailUrl":"https:\/\/www.bellunopress.it\/wp-content\/uploads\/2022\/07\/Dal-Molin_edited.jpg","articleSection":["Cahiers de dol\u00e9ances","Controcorrente Dr Filiberto Dal Molin","Prima Pagina","Sanit\u00e0 Medicina"],"inLanguage":"fr-FR"},{"@type":"WebPage","@id":"https:\/\/www.bellunopress.it\/2022\/07\/15\/la-quarta-vaccinazione-di-filiberto-dal-molin\/","url":"https:\/\/www.bellunopress.it\/2022\/07\/15\/la-quarta-vaccinazione-di-filiberto-dal-molin\/","name":"La quarta vaccinazione * di Filiberto Dal Molin - Bellunopress - Dolomiti","isPartOf":{"@id":"https:\/\/www.bellunopress.it\/#website"},"primaryImageOfPage":{"@id":"https:\/\/www.bellunopress.it\/2022\/07\/15\/la-quarta-vaccinazione-di-filiberto-dal-molin\/#primaryimage"},"image":{"@id":"https:\/\/www.bellunopress.it\/2022\/07\/15\/la-quarta-vaccinazione-di-filiberto-dal-molin\/#primaryimage"},"thumbnailUrl":"https:\/\/www.bellunopress.it\/wp-content\/uploads\/2022\/07\/Dal-Molin_edited.jpg","datePublished":"2022-07-14T22:05:55+00:00","dateModified":"2024-03-06T16:09:24+00:00","breadcrumb":{"@id":"https:\/\/www.bellunopress.it\/2022\/07\/15\/la-quarta-vaccinazione-di-filiberto-dal-molin\/#breadcrumb"},"inLanguage":"fr-FR","potentialAction":[{"@type":"ReadAction","target":["https:\/\/www.bellunopress.it\/2022\/07\/15\/la-quarta-vaccinazione-di-filiberto-dal-molin\/"]}]},{"@type":"ImageObject","inLanguage":"fr-FR","@id":"https:\/\/www.bellunopress.it\/2022\/07\/15\/la-quarta-vaccinazione-di-filiberto-dal-molin\/#primaryimage","url":"https:\/\/www.bellunopress.it\/wp-content\/uploads\/2022\/07\/Dal-Molin_edited.jpg","contentUrl":"https:\/\/www.bellunopress.it\/wp-content\/uploads\/2022\/07\/Dal-Molin_edited.jpg","width":273,"height":321,"caption":"Filiberto Dal Molin"},{"@type":"BreadcrumbList","@id":"https:\/\/www.bellunopress.it\/2022\/07\/15\/la-quarta-vaccinazione-di-filiberto-dal-molin\/#breadcrumb","itemListElement":[{"@type":"ListItem","position":1,"name":"Home","item":"https:\/\/www.bellunopress.it\/"},{"@type":"ListItem","position":2,"name":"La quarta vaccinazione * di Filiberto Dal Molin"}]},{"@type":"WebSite","@id":"https:\/\/www.bellunopress.it\/#website","url":"https:\/\/www.bellunopress.it\/","name":"Bellunopress - Dolomiti","description":"e-mail: redazione@bellunopress.it","publisher":{"@id":"https:\/\/www.bellunopress.it\/#organization"},"potentialAction":[{"@type":"SearchAction","target":{"@type":"EntryPoint","urlTemplate":"https:\/\/www.bellunopress.it\/?s={search_term_string}"},"query-input":{"@type":"PropertyValueSpecification","valueRequired":true,"valueName":"search_term_string"}}],"inLanguage":"fr-FR"},{"@type":"Organization","@id":"https:\/\/www.bellunopress.it\/#organization","name":"Bellunopress","url":"https:\/\/www.bellunopress.it\/","logo":{"@type":"ImageObject","inLanguage":"fr-FR","@id":"https:\/\/www.bellunopress.it\/#\/schema\/logo\/image\/","url":"https:\/\/www.bellunopress.it\/wp-content\/uploads\/2011\/05\/cropped-logo-bellunopress-.jpg","contentUrl":"https:\/\/www.bellunopress.it\/wp-content\/uploads\/2011\/05\/cropped-logo-bellunopress-.jpg","width":512,"height":512,"caption":"Bellunopress"},"image":{"@id":"https:\/\/www.bellunopress.it\/#\/schema\/logo\/image\/"},"sameAs":["https:\/\/www.facebook.com\/profile.php?id=100008943462799","https:\/\/x.com\/bellunopress","https:\/\/www.linkedin.com\/hp\/?dnr=JBzUWaJfMUw8vbXJJ2tVW5-I3jZKvC4wsoxE&amp;amp;amp;amp;amp;amp;trk=nav_responsive_tab_home","https:\/\/www.youtube.com\/channel\/UCxL0wu1uN0_3_7hGG0306cw"]},{"@type":"Person","@id":"https:\/\/www.bellunopress.it\/#\/schema\/person\/79bb06722b37ece1c03d3e94beb30d73","name":"r\u00e9daction","image":{"@type":"ImageObject","inLanguage":"fr-FR","@id":"https:\/\/secure.gravatar.com\/avatar\/37d968a2e67a6fd04c169c4bdef102d0bc5d31b2546345219e348575eb80e9a0?s=96&d=mm&r=g","url":"https:\/\/secure.gravatar.com\/avatar\/37d968a2e67a6fd04c169c4bdef102d0bc5d31b2546345219e348575eb80e9a0?s=96&d=mm&r=g","contentUrl":"https:\/\/secure.gravatar.com\/avatar\/37d968a2e67a6fd04c169c4bdef102d0bc5d31b2546345219e348575eb80e9a0?s=96&d=mm&r=g","caption":"redazione"},"sameAs":["http:\/\/www.bellunopress.it","https:\/\/x.com\/bellunopress"],"url":"https:\/\/www.bellunopress.it\/fr\/author\/redazione\/"}]}},"_links":{"self":[{"href":"https:\/\/www.bellunopress.it\/fr\/wp-json\/wp\/v2\/posts\/135022","targetHints":{"allow":["GET"]}}],"collection":[{"href":"https:\/\/www.bellunopress.it\/fr\/wp-json\/wp\/v2\/posts"}],"about":[{"href":"https:\/\/www.bellunopress.it\/fr\/wp-json\/wp\/v2\/types\/post"}],"author":[{"embeddable":true,"href":"https:\/\/www.bellunopress.it\/fr\/wp-json\/wp\/v2\/users\/2"}],"replies":[{"embeddable":true,"href":"https:\/\/www.bellunopress.it\/fr\/wp-json\/wp\/v2\/comments?post=135022"}],"version-history":[{"count":2,"href":"https:\/\/www.bellunopress.it\/fr\/wp-json\/wp\/v2\/posts\/135022\/revisions"}],"predecessor-version":[{"id":135028,"href":"https:\/\/www.bellunopress.it\/fr\/wp-json\/wp\/v2\/posts\/135022\/revisions\/135028"}],"wp:featuredmedia":[{"embeddable":true,"href":"https:\/\/www.bellunopress.it\/fr\/wp-json\/wp\/v2\/media\/135023"}],"wp:attachment":[{"href":"https:\/\/www.bellunopress.it\/fr\/wp-json\/wp\/v2\/media?parent=135022"}],"wp:term":[{"taxonomy":"category","embeddable":true,"href":"https:\/\/www.bellunopress.it\/fr\/wp-json\/wp\/v2\/categories?post=135022"},{"taxonomy":"post_tag","embeddable":true,"href":"https:\/\/www.bellunopress.it\/fr\/wp-json\/wp\/v2\/tags?post=135022"}],"curies":[{"name":"wp","href":"https:\/\/api.w.org\/{rel}","templated":true}]}}