{"id":135019,"date":"2022-07-14T19:00:13","date_gmt":"2022-07-14T17:00:13","guid":{"rendered":"https:\/\/www.bellunopress.it\/?p=135019"},"modified":"2022-07-14T19:00:13","modified_gmt":"2022-07-14T17:00:13","slug":"belluno-di-sera-i-giovedi-ritorna-la-festa-in-centro-citta","status":"publish","type":"post","link":"https:\/\/www.bellunopress.it\/fr\/2022\/07\/14\/belluno-di-sera-i-giovedi-ritorna-la-festa-in-centro-citta\/","title":{"rendered":"Belluno di sera, i gioved\u00ec. Ritorna la festa in centro citt\u00e0"},"content":{"rendered":"<p><img loading=\"lazy\" decoding=\"async\" class=\"alignleft size-full wp-image-135020\" src=\"https:\/\/www.bellunopress.it\/wp-content\/uploads\/2022\/07\/Belluno-di-sera-i-giovedi.jpg\" alt=\"\" width=\"1000\" height=\"750\" srcset=\"https:\/\/www.bellunopress.it\/wp-content\/uploads\/2022\/07\/Belluno-di-sera-i-giovedi.jpg 1000w, https:\/\/www.bellunopress.it\/wp-content\/uploads\/2022\/07\/Belluno-di-sera-i-giovedi-500x375.jpg 500w, https:\/\/www.bellunopress.it\/wp-content\/uploads\/2022\/07\/Belluno-di-sera-i-giovedi-696x522.jpg 696w, https:\/\/www.bellunopress.it\/wp-content\/uploads\/2022\/07\/Belluno-di-sera-i-giovedi-560x420.jpg 560w, https:\/\/www.bellunopress.it\/wp-content\/uploads\/2022\/07\/Belluno-di-sera-i-giovedi-80x60.jpg 80w, https:\/\/www.bellunopress.it\/wp-content\/uploads\/2022\/07\/Belluno-di-sera-i-giovedi-265x198.jpg 265w\" sizes=\"auto, (max-width: 1000px) 100vw, 1000px\" \/>Appuntamento questa sera, gioved\u00ec 14 luglio con la consolidata iniziativa dell&#8217;estate &#8220;Belluno di sera i gioved\u00ec&#8221;.<\/p>\n<p><strong>Area streetfood:<\/strong><\/p>\n<p>drink&amp;food in piazza dei Martiri tra le ore 18:00 e le ore 24:00 e negozi aperti dalle ore 21:00 alle ore 23:00<\/p>\n<p><strong>Auto:<\/strong><\/p>\n<p>In piazza dei Martiri l&#8217;esposizione delle autovetture storiche curata dall&#8217;Alfa Romeo Club Belluno.<\/p>\n<p><strong>Postazioni con musica:<\/strong><\/p>\n<p>Piazza Duomo \u2013 Al Duomo \u2013 THE TANGERINES<br \/>\nPiazza dei Martiri \u2013 Astor \u2013 DJ ANDREA PARENTE<br \/>\nPiazza dei Martiri \u2013 Deon \u2013 MUSICA CON DJ<br \/>\nPiazza Mazzini \u2013 Enoteca Mazzini &#8211; CHRISTIAN PUGLIESE e CLAUDIO RUDELLA<\/p>\n<p><strong>Arte:<\/strong><br \/>\nVia Rialto Palazzo Minerva \u2013 LABORATORIO CREATIVO per bambini e genitori a<br \/>\ncura della CERAMISTA GIOVANNA ZANNINI<\/p>\n<p><strong>Danza:<\/strong><br \/>\nPiazza dei Martiri Porta Dante \u2013 SERATA LATINA, SALSA, BACHATA E KIZOMBA \u2013<br \/>\nAnimazione e balli di gruppo con la scuola di ballo SALSA ETNICA e DJ EROS<\/p>","protected":false},"excerpt":{"rendered":"<p>Appuntamento questa sera, gioved\u00ec 14 luglio con la consolidata iniziativa dell&#8217;estate &#8220;Belluno di sera i gioved\u00ec&#8221;. Area streetfood: drink&amp;food in piazza dei Martiri tra le ore 18:00 e le ore 24:00 e negozi aperti dalle ore 21:00 alle ore 23:00 Auto: In piazza dei Martiri l&#8217;esposizione delle autovetture storiche curata dall&#8217;Alfa Romeo Club Belluno. Postazioni [&hellip;]<\/p>\n","protected":false},"author":2,"featured_media":135020,"comment_status":"closed","ping_status":"open","sticky":false,"template":"","format":"standard","meta":{"footnotes":""},"categories":[25,4],"tags":[],"class_list":["post-135019","post","type-post","status-publish","format-standard","has-post-thumbnail","category-pausa-caffe","category-sport"],"yoast_head":"<!-- This site is optimized with the Yoast SEO plugin v28.4 - https:\/\/yoast.com\/product\/yoast-seo-wordpress\/ -->\n<title>Belluno di sera, i gioved\u00ec. Ritorna la festa in centro citt\u00e0 - Bellunopress - Dolomiti<\/title>\n<meta name=\"robots\" content=\"index, follow, max-snippet:-1, max-image-preview:large, max-video-preview:-1\" \/>\n<link rel=\"canonical\" href=\"https:\/\/www.bellunopress.it\/fr\/2022\/07\/14\/belluno-di-sera-i-giovedi-ritorna-la-festa-in-centro-citta\/\" \/>\n<meta property=\"og:locale\" content=\"fr_FR\" \/>\n<meta property=\"og:type\" content=\"article\" \/>\n<meta property=\"og:title\" content=\"Belluno di sera, i gioved\u00ec. Ritorna la festa in centro citt\u00e0 - Bellunopress - Dolomiti\" \/>\n<meta property=\"og:description\" content=\"Appuntamento questa sera, gioved\u00ec 14 luglio con la consolidata iniziativa dell&#8217;estate &#8220;Belluno di sera i gioved\u00ec&#8221;. Area streetfood: drink&amp;food in piazza dei Martiri tra le ore 18:00 e le ore 24:00 e negozi aperti dalle ore 21:00 alle ore 23:00 Auto: In piazza dei Martiri l&#8217;esposizione delle autovetture storiche curata dall&#8217;Alfa Romeo Club Belluno. Postazioni [&hellip;]\" \/>\n<meta property=\"og:url\" content=\"https:\/\/www.bellunopress.it\/fr\/2022\/07\/14\/belluno-di-sera-i-giovedi-ritorna-la-festa-in-centro-citta\/\" \/>\n<meta property=\"og:site_name\" content=\"Bellunopress - Dolomiti\" \/>\n<meta property=\"article:publisher\" content=\"https:\/\/www.facebook.com\/profile.php?id=100008943462799\" \/>\n<meta property=\"article:published_time\" content=\"2022-07-14T17:00:13+00:00\" \/>\n<meta property=\"og:image\" content=\"https:\/\/www.bellunopress.it\/wp-content\/uploads\/2022\/07\/Belluno-di-sera-i-giovedi.jpg\" \/>\n\t<meta property=\"og:image:width\" content=\"1000\" \/>\n\t<meta property=\"og:image:height\" content=\"750\" \/>\n\t<meta property=\"og:image:type\" content=\"image\/jpeg\" \/>\n<meta name=\"author\" content=\"redazione\" \/>\n<meta name=\"twitter:card\" content=\"summary_large_image\" \/>\n<meta name=\"twitter:creator\" content=\"@bellunopress\" \/>\n<meta name=\"twitter:site\" content=\"@bellunopress\" \/>\n<meta name=\"twitter:label1\" content=\"Written by\" \/>\n\t<meta name=\"twitter:data1\" content=\"redazione\" \/>\n\t<meta name=\"twitter:label2\" content=\"Est. reading time\" \/>\n\t<meta name=\"twitter:data2\" content=\"1 minute\" \/>\n<script type=\"application\/ld+json\" class=\"yoast-schema-graph\">{\"@context\":\"https:\\\/\\\/schema.org\",\"@graph\":[{\"@type\":\"Article\",\"@id\":\"https:\\\/\\\/www.bellunopress.it\\\/2022\\\/07\\\/14\\\/belluno-di-sera-i-giovedi-ritorna-la-festa-in-centro-citta\\\/#article\",\"isPartOf\":{\"@id\":\"https:\\\/\\\/www.bellunopress.it\\\/2022\\\/07\\\/14\\\/belluno-di-sera-i-giovedi-ritorna-la-festa-in-centro-citta\\\/\"},\"author\":{\"name\":\"redazione\",\"@id\":\"https:\\\/\\\/www.bellunopress.it\\\/#\\\/schema\\\/person\\\/79bb06722b37ece1c03d3e94beb30d73\"},\"headline\":\"Belluno di sera, i gioved\u00ec. Ritorna la festa in centro citt\u00e0\",\"datePublished\":\"2022-07-14T17:00:13+00:00\",\"mainEntityOfPage\":{\"@id\":\"https:\\\/\\\/www.bellunopress.it\\\/2022\\\/07\\\/14\\\/belluno-di-sera-i-giovedi-ritorna-la-festa-in-centro-citta\\\/\"},\"wordCount\":142,\"publisher\":{\"@id\":\"https:\\\/\\\/www.bellunopress.it\\\/#organization\"},\"image\":{\"@id\":\"https:\\\/\\\/www.bellunopress.it\\\/2022\\\/07\\\/14\\\/belluno-di-sera-i-giovedi-ritorna-la-festa-in-centro-citta\\\/#primaryimage\"},\"thumbnailUrl\":\"https:\\\/\\\/www.bellunopress.it\\\/wp-content\\\/uploads\\\/2022\\\/07\\\/Belluno-di-sera-i-giovedi.jpg\",\"articleSection\":[\"Pausa Caff\u00e8\",\"Sport, tempo libero\"],\"inLanguage\":\"fr-FR\"},{\"@type\":\"WebPage\",\"@id\":\"https:\\\/\\\/www.bellunopress.it\\\/2022\\\/07\\\/14\\\/belluno-di-sera-i-giovedi-ritorna-la-festa-in-centro-citta\\\/\",\"url\":\"https:\\\/\\\/www.bellunopress.it\\\/2022\\\/07\\\/14\\\/belluno-di-sera-i-giovedi-ritorna-la-festa-in-centro-citta\\\/\",\"name\":\"Belluno di sera, i gioved\u00ec. Ritorna la festa in centro citt\u00e0 - Bellunopress - Dolomiti\",\"isPartOf\":{\"@id\":\"https:\\\/\\\/www.bellunopress.it\\\/#website\"},\"primaryImageOfPage\":{\"@id\":\"https:\\\/\\\/www.bellunopress.it\\\/2022\\\/07\\\/14\\\/belluno-di-sera-i-giovedi-ritorna-la-festa-in-centro-citta\\\/#primaryimage\"},\"image\":{\"@id\":\"https:\\\/\\\/www.bellunopress.it\\\/2022\\\/07\\\/14\\\/belluno-di-sera-i-giovedi-ritorna-la-festa-in-centro-citta\\\/#primaryimage\"},\"thumbnailUrl\":\"https:\\\/\\\/www.bellunopress.it\\\/wp-content\\\/uploads\\\/2022\\\/07\\\/Belluno-di-sera-i-giovedi.jpg\",\"datePublished\":\"2022-07-14T17:00:13+00:00\",\"breadcrumb\":{\"@id\":\"https:\\\/\\\/www.bellunopress.it\\\/2022\\\/07\\\/14\\\/belluno-di-sera-i-giovedi-ritorna-la-festa-in-centro-citta\\\/#breadcrumb\"},\"inLanguage\":\"fr-FR\",\"potentialAction\":[{\"@type\":\"ReadAction\",\"target\":[\"https:\\\/\\\/www.bellunopress.it\\\/2022\\\/07\\\/14\\\/belluno-di-sera-i-giovedi-ritorna-la-festa-in-centro-citta\\\/\"]}]},{\"@type\":\"ImageObject\",\"inLanguage\":\"fr-FR\",\"@id\":\"https:\\\/\\\/www.bellunopress.it\\\/2022\\\/07\\\/14\\\/belluno-di-sera-i-giovedi-ritorna-la-festa-in-centro-citta\\\/#primaryimage\",\"url\":\"https:\\\/\\\/www.bellunopress.it\\\/wp-content\\\/uploads\\\/2022\\\/07\\\/Belluno-di-sera-i-giovedi.jpg\",\"contentUrl\":\"https:\\\/\\\/www.bellunopress.it\\\/wp-content\\\/uploads\\\/2022\\\/07\\\/Belluno-di-sera-i-giovedi.jpg\",\"width\":1000,\"height\":750},{\"@type\":\"BreadcrumbList\",\"@id\":\"https:\\\/\\\/www.bellunopress.it\\\/2022\\\/07\\\/14\\\/belluno-di-sera-i-giovedi-ritorna-la-festa-in-centro-citta\\\/#breadcrumb\",\"itemListElement\":[{\"@type\":\"ListItem\",\"position\":1,\"name\":\"Home\",\"item\":\"https:\\\/\\\/www.bellunopress.it\\\/\"},{\"@type\":\"ListItem\",\"position\":2,\"name\":\"Belluno di sera, i gioved\u00ec. Ritorna la festa in centro citt\u00e0\"}]},{\"@type\":\"WebSite\",\"@id\":\"https:\\\/\\\/www.bellunopress.it\\\/#website\",\"url\":\"https:\\\/\\\/www.bellunopress.it\\\/\",\"name\":\"Bellunopress - Dolomiti\",\"description\":\"e-mail: redazione@bellunopress.it\",\"publisher\":{\"@id\":\"https:\\\/\\\/www.bellunopress.it\\\/#organization\"},\"potentialAction\":[{\"@type\":\"SearchAction\",\"target\":{\"@type\":\"EntryPoint\",\"urlTemplate\":\"https:\\\/\\\/www.bellunopress.it\\\/?s={search_term_string}\"},\"query-input\":{\"@type\":\"PropertyValueSpecification\",\"valueRequired\":true,\"valueName\":\"search_term_string\"}}],\"inLanguage\":\"fr-FR\"},{\"@type\":\"Organization\",\"@id\":\"https:\\\/\\\/www.bellunopress.it\\\/#organization\",\"name\":\"Bellunopress\",\"url\":\"https:\\\/\\\/www.bellunopress.it\\\/\",\"logo\":{\"@type\":\"ImageObject\",\"inLanguage\":\"fr-FR\",\"@id\":\"https:\\\/\\\/www.bellunopress.it\\\/#\\\/schema\\\/logo\\\/image\\\/\",\"url\":\"https:\\\/\\\/www.bellunopress.it\\\/wp-content\\\/uploads\\\/2011\\\/05\\\/cropped-logo-bellunopress-.jpg\",\"contentUrl\":\"https:\\\/\\\/www.bellunopress.it\\\/wp-content\\\/uploads\\\/2011\\\/05\\\/cropped-logo-bellunopress-.jpg\",\"width\":512,\"height\":512,\"caption\":\"Bellunopress\"},\"image\":{\"@id\":\"https:\\\/\\\/www.bellunopress.it\\\/#\\\/schema\\\/logo\\\/image\\\/\"},\"sameAs\":[\"https:\\\/\\\/www.facebook.com\\\/profile.php?id=100008943462799\",\"https:\\\/\\\/x.com\\\/bellunopress\",\"https:\\\/\\\/www.linkedin.com\\\/hp\\\/?dnr=JBzUWaJfMUw8vbXJJ2tVW5-I3jZKvC4wsoxE&amp;amp;amp;amp;amp;amp;trk=nav_responsive_tab_home\",\"https:\\\/\\\/www.youtube.com\\\/channel\\\/UCxL0wu1uN0_3_7hGG0306cw\"]},{\"@type\":\"Person\",\"@id\":\"https:\\\/\\\/www.bellunopress.it\\\/#\\\/schema\\\/person\\\/79bb06722b37ece1c03d3e94beb30d73\",\"name\":\"redazione\",\"image\":{\"@type\":\"ImageObject\",\"inLanguage\":\"fr-FR\",\"@id\":\"https:\\\/\\\/secure.gravatar.com\\\/avatar\\\/37d968a2e67a6fd04c169c4bdef102d0bc5d31b2546345219e348575eb80e9a0?s=96&d=mm&r=g\",\"url\":\"https:\\\/\\\/secure.gravatar.com\\\/avatar\\\/37d968a2e67a6fd04c169c4bdef102d0bc5d31b2546345219e348575eb80e9a0?s=96&d=mm&r=g\",\"contentUrl\":\"https:\\\/\\\/secure.gravatar.com\\\/avatar\\\/37d968a2e67a6fd04c169c4bdef102d0bc5d31b2546345219e348575eb80e9a0?s=96&d=mm&r=g\",\"caption\":\"redazione\"},\"sameAs\":[\"http:\\\/\\\/www.bellunopress.it\",\"https:\\\/\\\/x.com\\\/bellunopress\"],\"url\":\"https:\\\/\\\/www.bellunopress.it\\\/fr\\\/author\\\/redazione\\\/\"}]}<\/script>\n<!-- \/ Yoast SEO plugin. -->","yoast_head_json":{"title":"Belluno di sera, i gioved\u00ec. Ritorna la festa in centro citt\u00e0 - Bellunopress - Dolomiti","robots":{"index":"index","follow":"follow","max-snippet":"max-snippet:-1","max-image-preview":"max-image-preview:large","max-video-preview":"max-video-preview:-1"},"canonical":"https:\/\/www.bellunopress.it\/fr\/2022\/07\/14\/belluno-di-sera-i-giovedi-ritorna-la-festa-in-centro-citta\/","og_locale":"fr_FR","og_type":"article","og_title":"Belluno di sera, i gioved\u00ec. Ritorna la festa in centro citt\u00e0 - Bellunopress - Dolomiti","og_description":"Appuntamento questa sera, gioved\u00ec 14 luglio con la consolidata iniziativa dell&#8217;estate &#8220;Belluno di sera i gioved\u00ec&#8221;. Area streetfood: drink&amp;food in piazza dei Martiri tra le ore 18:00 e le ore 24:00 e negozi aperti dalle ore 21:00 alle ore 23:00 Auto: In piazza dei Martiri l&#8217;esposizione delle autovetture storiche curata dall&#8217;Alfa Romeo Club Belluno. Postazioni [&hellip;]","og_url":"https:\/\/www.bellunopress.it\/fr\/2022\/07\/14\/belluno-di-sera-i-giovedi-ritorna-la-festa-in-centro-citta\/","og_site_name":"Bellunopress - Dolomiti","article_publisher":"https:\/\/www.facebook.com\/profile.php?id=100008943462799","article_published_time":"2022-07-14T17:00:13+00:00","og_image":[{"width":1000,"height":750,"url":"https:\/\/www.bellunopress.it\/wp-content\/uploads\/2022\/07\/Belluno-di-sera-i-giovedi.jpg","type":"image\/jpeg"}],"author":"redazione","twitter_card":"summary_large_image","twitter_creator":"@bellunopress","twitter_site":"@bellunopress","twitter_misc":{"Written by":"redazione","Est. reading time":"1 minute"},"schema":{"@context":"https:\/\/schema.org","@graph":[{"@type":"Article","@id":"https:\/\/www.bellunopress.it\/2022\/07\/14\/belluno-di-sera-i-giovedi-ritorna-la-festa-in-centro-citta\/#article","isPartOf":{"@id":"https:\/\/www.bellunopress.it\/2022\/07\/14\/belluno-di-sera-i-giovedi-ritorna-la-festa-in-centro-citta\/"},"author":{"name":"redazione","@id":"https:\/\/www.bellunopress.it\/#\/schema\/person\/79bb06722b37ece1c03d3e94beb30d73"},"headline":"Belluno di sera, i gioved\u00ec. Ritorna la festa in centro citt\u00e0","datePublished":"2022-07-14T17:00:13+00:00","mainEntityOfPage":{"@id":"https:\/\/www.bellunopress.it\/2022\/07\/14\/belluno-di-sera-i-giovedi-ritorna-la-festa-in-centro-citta\/"},"wordCount":142,"publisher":{"@id":"https:\/\/www.bellunopress.it\/#organization"},"image":{"@id":"https:\/\/www.bellunopress.it\/2022\/07\/14\/belluno-di-sera-i-giovedi-ritorna-la-festa-in-centro-citta\/#primaryimage"},"thumbnailUrl":"https:\/\/www.bellunopress.it\/wp-content\/uploads\/2022\/07\/Belluno-di-sera-i-giovedi.jpg","articleSection":["Pausa Caff\u00e8","Sport, tempo libero"],"inLanguage":"fr-FR"},{"@type":"WebPage","@id":"https:\/\/www.bellunopress.it\/2022\/07\/14\/belluno-di-sera-i-giovedi-ritorna-la-festa-in-centro-citta\/","url":"https:\/\/www.bellunopress.it\/2022\/07\/14\/belluno-di-sera-i-giovedi-ritorna-la-festa-in-centro-citta\/","name":"Belluno di sera, i gioved\u00ec. Ritorna la festa in centro citt\u00e0 - Bellunopress - Dolomiti","isPartOf":{"@id":"https:\/\/www.bellunopress.it\/#website"},"primaryImageOfPage":{"@id":"https:\/\/www.bellunopress.it\/2022\/07\/14\/belluno-di-sera-i-giovedi-ritorna-la-festa-in-centro-citta\/#primaryimage"},"image":{"@id":"https:\/\/www.bellunopress.it\/2022\/07\/14\/belluno-di-sera-i-giovedi-ritorna-la-festa-in-centro-citta\/#primaryimage"},"thumbnailUrl":"https:\/\/www.bellunopress.it\/wp-content\/uploads\/2022\/07\/Belluno-di-sera-i-giovedi.jpg","datePublished":"2022-07-14T17:00:13+00:00","breadcrumb":{"@id":"https:\/\/www.bellunopress.it\/2022\/07\/14\/belluno-di-sera-i-giovedi-ritorna-la-festa-in-centro-citta\/#breadcrumb"},"inLanguage":"fr-FR","potentialAction":[{"@type":"ReadAction","target":["https:\/\/www.bellunopress.it\/2022\/07\/14\/belluno-di-sera-i-giovedi-ritorna-la-festa-in-centro-citta\/"]}]},{"@type":"ImageObject","inLanguage":"fr-FR","@id":"https:\/\/www.bellunopress.it\/2022\/07\/14\/belluno-di-sera-i-giovedi-ritorna-la-festa-in-centro-citta\/#primaryimage","url":"https:\/\/www.bellunopress.it\/wp-content\/uploads\/2022\/07\/Belluno-di-sera-i-giovedi.jpg","contentUrl":"https:\/\/www.bellunopress.it\/wp-content\/uploads\/2022\/07\/Belluno-di-sera-i-giovedi.jpg","width":1000,"height":750},{"@type":"BreadcrumbList","@id":"https:\/\/www.bellunopress.it\/2022\/07\/14\/belluno-di-sera-i-giovedi-ritorna-la-festa-in-centro-citta\/#breadcrumb","itemListElement":[{"@type":"ListItem","position":1,"name":"Home","item":"https:\/\/www.bellunopress.it\/"},{"@type":"ListItem","position":2,"name":"Belluno di sera, i gioved\u00ec. Ritorna la festa in centro citt\u00e0"}]},{"@type":"WebSite","@id":"https:\/\/www.bellunopress.it\/#website","url":"https:\/\/www.bellunopress.it\/","name":"Bellunopress - Dolomiti","description":"e-mail: redazione@bellunopress.it","publisher":{"@id":"https:\/\/www.bellunopress.it\/#organization"},"potentialAction":[{"@type":"SearchAction","target":{"@type":"EntryPoint","urlTemplate":"https:\/\/www.bellunopress.it\/?s={search_term_string}"},"query-input":{"@type":"PropertyValueSpecification","valueRequired":true,"valueName":"search_term_string"}}],"inLanguage":"fr-FR"},{"@type":"Organization","@id":"https:\/\/www.bellunopress.it\/#organization","name":"Bellunopress","url":"https:\/\/www.bellunopress.it\/","logo":{"@type":"ImageObject","inLanguage":"fr-FR","@id":"https:\/\/www.bellunopress.it\/#\/schema\/logo\/image\/","url":"https:\/\/www.bellunopress.it\/wp-content\/uploads\/2011\/05\/cropped-logo-bellunopress-.jpg","contentUrl":"https:\/\/www.bellunopress.it\/wp-content\/uploads\/2011\/05\/cropped-logo-bellunopress-.jpg","width":512,"height":512,"caption":"Bellunopress"},"image":{"@id":"https:\/\/www.bellunopress.it\/#\/schema\/logo\/image\/"},"sameAs":["https:\/\/www.facebook.com\/profile.php?id=100008943462799","https:\/\/x.com\/bellunopress","https:\/\/www.linkedin.com\/hp\/?dnr=JBzUWaJfMUw8vbXJJ2tVW5-I3jZKvC4wsoxE&amp;amp;amp;amp;amp;amp;trk=nav_responsive_tab_home","https:\/\/www.youtube.com\/channel\/UCxL0wu1uN0_3_7hGG0306cw"]},{"@type":"Person","@id":"https:\/\/www.bellunopress.it\/#\/schema\/person\/79bb06722b37ece1c03d3e94beb30d73","name":"r\u00e9daction","image":{"@type":"ImageObject","inLanguage":"fr-FR","@id":"https:\/\/secure.gravatar.com\/avatar\/37d968a2e67a6fd04c169c4bdef102d0bc5d31b2546345219e348575eb80e9a0?s=96&d=mm&r=g","url":"https:\/\/secure.gravatar.com\/avatar\/37d968a2e67a6fd04c169c4bdef102d0bc5d31b2546345219e348575eb80e9a0?s=96&d=mm&r=g","contentUrl":"https:\/\/secure.gravatar.com\/avatar\/37d968a2e67a6fd04c169c4bdef102d0bc5d31b2546345219e348575eb80e9a0?s=96&d=mm&r=g","caption":"redazione"},"sameAs":["http:\/\/www.bellunopress.it","https:\/\/x.com\/bellunopress"],"url":"https:\/\/www.bellunopress.it\/fr\/author\/redazione\/"}]}},"_links":{"self":[{"href":"https:\/\/www.bellunopress.it\/fr\/wp-json\/wp\/v2\/posts\/135019","targetHints":{"allow":["GET"]}}],"collection":[{"href":"https:\/\/www.bellunopress.it\/fr\/wp-json\/wp\/v2\/posts"}],"about":[{"href":"https:\/\/www.bellunopress.it\/fr\/wp-json\/wp\/v2\/types\/post"}],"author":[{"embeddable":true,"href":"https:\/\/www.bellunopress.it\/fr\/wp-json\/wp\/v2\/users\/2"}],"replies":[{"embeddable":true,"href":"https:\/\/www.bellunopress.it\/fr\/wp-json\/wp\/v2\/comments?post=135019"}],"version-history":[{"count":1,"href":"https:\/\/www.bellunopress.it\/fr\/wp-json\/wp\/v2\/posts\/135019\/revisions"}],"predecessor-version":[{"id":135021,"href":"https:\/\/www.bellunopress.it\/fr\/wp-json\/wp\/v2\/posts\/135019\/revisions\/135021"}],"wp:featuredmedia":[{"embeddable":true,"href":"https:\/\/www.bellunopress.it\/fr\/wp-json\/wp\/v2\/media\/135020"}],"wp:attachment":[{"href":"https:\/\/www.bellunopress.it\/fr\/wp-json\/wp\/v2\/media?parent=135019"}],"wp:term":[{"taxonomy":"category","embeddable":true,"href":"https:\/\/www.bellunopress.it\/fr\/wp-json\/wp\/v2\/categories?post=135019"},{"taxonomy":"post_tag","embeddable":true,"href":"https:\/\/www.bellunopress.it\/fr\/wp-json\/wp\/v2\/tags?post=135019"}],"curies":[{"name":"wp","href":"https:\/\/api.w.org\/{rel}","templated":true}]}}