{"id":135017,"date":"2022-07-14T18:37:16","date_gmt":"2022-07-14T16:37:16","guid":{"rendered":"https:\/\/www.bellunopress.it\/?p=135017"},"modified":"2022-07-14T18:37:16","modified_gmt":"2022-07-14T16:37:16","slug":"48ma-alpe-del-nevegal-via-libera-dalla-commissione-pubblici-spettacoli","status":"publish","type":"post","link":"https:\/\/www.bellunopress.it\/fr\/2022\/07\/14\/48ma-alpe-del-nevegal-via-libera-dalla-commissione-pubblici-spettacoli\/","title":{"rendered":"48ma Alpe del Neveg\u00e0l: via libera dalla Commissione Pubblici Spettacoli"},"content":{"rendered":"<figure id=\"attachment_133873\" aria-describedby=\"caption-attachment-133873\" style=\"width: 1100px\" class=\"wp-caption alignleft\"><img loading=\"lazy\" decoding=\"async\" class=\"size-full wp-image-133873\" src=\"https:\/\/www.bellunopress.it\/wp-content\/uploads\/2022\/05\/Alpe-del-Nevegal-Diego-De-Gasperi-Vincitore-2021-FotoFlavioCasoni.jpg\" alt=\"\" width=\"1100\" height=\"733\" srcset=\"https:\/\/www.bellunopress.it\/wp-content\/uploads\/2022\/05\/Alpe-del-Nevegal-Diego-De-Gasperi-Vincitore-2021-FotoFlavioCasoni.jpg 1100w, https:\/\/www.bellunopress.it\/wp-content\/uploads\/2022\/05\/Alpe-del-Nevegal-Diego-De-Gasperi-Vincitore-2021-FotoFlavioCasoni-500x333.jpg 500w, https:\/\/www.bellunopress.it\/wp-content\/uploads\/2022\/05\/Alpe-del-Nevegal-Diego-De-Gasperi-Vincitore-2021-FotoFlavioCasoni-1000x666.jpg 1000w, https:\/\/www.bellunopress.it\/wp-content\/uploads\/2022\/05\/Alpe-del-Nevegal-Diego-De-Gasperi-Vincitore-2021-FotoFlavioCasoni-696x464.jpg 696w, https:\/\/www.bellunopress.it\/wp-content\/uploads\/2022\/05\/Alpe-del-Nevegal-Diego-De-Gasperi-Vincitore-2021-FotoFlavioCasoni-1068x712.jpg 1068w, https:\/\/www.bellunopress.it\/wp-content\/uploads\/2022\/05\/Alpe-del-Nevegal-Diego-De-Gasperi-Vincitore-2021-FotoFlavioCasoni-630x420.jpg 630w\" sizes=\"auto, (max-width: 1100px) 100vw, 1100px\" \/><figcaption id=\"caption-attachment-133873\" class=\"wp-caption-text\">Diego De Gasperi Vincitore 2021- Foto Flavio Casoni<\/figcaption><\/figure>\n<p>Belluno, 14 luglio 2022 &#8211; Altro importante, deciso passo di avvicinamento alla 48ma Alpe del Neveg\u00e0l, ottava prova del Campionato Italiano Velocit\u00e0 Montagna CIVM, quarto appuntamento del Trofeo Italiano Velocit\u00e0 Montagna zona Nord e terzultimo atto del Campionato austriaco 2022, in programma a Belluno, da venerd\u00ec 29 a domenica 31 luglio prossimi, lungo la strada provinciale 31 che da Caleipo si inerpica all\u2019Alpe in Fiore.<\/p>\n<p>Stamattina Tre Cime Promotor asd ha ottenuto il via libera anche dalla Commissione Tecnica Comunale di vigilanza sui locali di pubblico spettacolo, convocata dal sindaco del capoluogo, Oscar De Pellegrin, recependo una specifica indicazione formulata dal prefetto Mariano Savastano, nel corso della precedente riunione del Comitato per l\u2019Ordine Pubblico e la Sicurezza, al fine di assicurare i pi\u00f9 elevati standards di sicurezza alla manifestazione.<br \/>\nA livello tecnico-amministrativo, la prossima tappa cui sono attesi gli organizzatori della corsa \u00e8 il collaudo del percorso, da parte di Veneto Strade Spa, ente gestore della viabilit\u00e0 interessata dall\u2019evento, fissato mercoled\u00ec 20 luglio, alle 9.30. Intanto, lungo i 5.500 metri del classico tracciato di gara (che presenta un dislivello di 526 metri fra partenza ed arrivo, con pendenza media del 9,56%), sono iniziati i vari lavori di allestimento, mentre nei primi due giorni della prossima settimana ci sar\u00e0 lo sfalcio erba sulle pertinenze stradali e la pulizia del manto d\u2019asfalto che sar\u00e0 teatro delle attese sfide tricolori targate ACI Sport.<\/p>\n<p>In costante, continuo aggiornamento \u00e8 anche il numero dei piloti iscritti a questa 48^ Alpe del Neveg\u00e0l, intitolata al ricordo di Lino De Salvador e Mario Facca, autentici simboli del motorsport bellunese che furono fra i principali promotori della corsa che pi\u00f9 di tutte amavano e sentivano loro. Succose novit\u00e0, con adesioni perfino dalla Toscana, sono annunciate anche per quanto concerne la sesta edizione della Parata Alpe del Neveg\u00e0l, la sfilata di vetture stradali, senza alcun rilevamento cronometrico, che preceder\u00e0 le salite di prova, sabato 30 e quelle di gara 1, domenica 31 luglio.<\/p>","protected":false},"excerpt":{"rendered":"<p>Belluno, 14 luglio 2022 &#8211; Altro importante, deciso passo di avvicinamento alla 48ma Alpe del Neveg\u00e0l, ottava prova del Campionato Italiano Velocit\u00e0 Montagna CIVM, quarto appuntamento del Trofeo Italiano Velocit\u00e0 Montagna zona Nord e terzultimo atto del Campionato austriaco 2022, in programma a Belluno, da venerd\u00ec 29 a domenica 31 luglio prossimi, lungo la strada [&hellip;]<\/p>\n","protected":false},"author":2,"featured_media":133873,"comment_status":"closed","ping_status":"open","sticky":false,"template":"","format":"standard","meta":{"footnotes":""},"categories":[25,4],"tags":[],"class_list":["post-135017","post","type-post","status-publish","format-standard","has-post-thumbnail","category-pausa-caffe","category-sport"],"yoast_head":"<!-- This site is optimized with the Yoast SEO plugin v28.4 - https:\/\/yoast.com\/product\/yoast-seo-wordpress\/ -->\n<title>48ma Alpe del Neveg\u00e0l: via libera dalla Commissione Pubblici Spettacoli - Bellunopress - Dolomiti<\/title>\n<meta name=\"robots\" content=\"index, follow, max-snippet:-1, max-image-preview:large, max-video-preview:-1\" \/>\n<link rel=\"canonical\" href=\"https:\/\/www.bellunopress.it\/fr\/2022\/07\/14\/48ma-alpe-del-nevegal-via-libera-dalla-commissione-pubblici-spettacoli\/\" \/>\n<meta property=\"og:locale\" content=\"fr_FR\" \/>\n<meta property=\"og:type\" content=\"article\" \/>\n<meta property=\"og:title\" content=\"48ma Alpe del Neveg\u00e0l: via libera dalla Commissione Pubblici Spettacoli - Bellunopress - Dolomiti\" \/>\n<meta property=\"og:description\" content=\"Belluno, 14 luglio 2022 &#8211; Altro importante, deciso passo di avvicinamento alla 48ma Alpe del Neveg\u00e0l, ottava prova del Campionato Italiano Velocit\u00e0 Montagna CIVM, quarto appuntamento del Trofeo Italiano Velocit\u00e0 Montagna zona Nord e terzultimo atto del Campionato austriaco 2022, in programma a Belluno, da venerd\u00ec 29 a domenica 31 luglio prossimi, lungo la strada [&hellip;]\" \/>\n<meta property=\"og:url\" content=\"https:\/\/www.bellunopress.it\/fr\/2022\/07\/14\/48ma-alpe-del-nevegal-via-libera-dalla-commissione-pubblici-spettacoli\/\" \/>\n<meta property=\"og:site_name\" content=\"Bellunopress - Dolomiti\" \/>\n<meta property=\"article:publisher\" content=\"https:\/\/www.facebook.com\/profile.php?id=100008943462799\" \/>\n<meta property=\"article:published_time\" content=\"2022-07-14T16:37:16+00:00\" \/>\n<meta property=\"og:image\" content=\"https:\/\/www.bellunopress.it\/wp-content\/uploads\/2022\/05\/Alpe-del-Nevegal-Diego-De-Gasperi-Vincitore-2021-FotoFlavioCasoni.jpg\" \/>\n\t<meta property=\"og:image:width\" content=\"1100\" \/>\n\t<meta property=\"og:image:height\" content=\"733\" \/>\n\t<meta property=\"og:image:type\" content=\"image\/jpeg\" \/>\n<meta name=\"author\" content=\"redazione\" \/>\n<meta name=\"twitter:card\" content=\"summary_large_image\" \/>\n<meta name=\"twitter:creator\" content=\"@bellunopress\" \/>\n<meta name=\"twitter:site\" content=\"@bellunopress\" \/>\n<meta name=\"twitter:label1\" content=\"\u00c9crit par\" \/>\n\t<meta name=\"twitter:data1\" content=\"redazione\" \/>\n\t<meta name=\"twitter:label2\" content=\"Dur\u00e9e de lecture estim\u00e9e\" \/>\n\t<meta name=\"twitter:data2\" content=\"2 minutes\" \/>\n<script type=\"application\/ld+json\" class=\"yoast-schema-graph\">{\"@context\":\"https:\\\/\\\/schema.org\",\"@graph\":[{\"@type\":\"Article\",\"@id\":\"https:\\\/\\\/www.bellunopress.it\\\/2022\\\/07\\\/14\\\/48ma-alpe-del-nevegal-via-libera-dalla-commissione-pubblici-spettacoli\\\/#article\",\"isPartOf\":{\"@id\":\"https:\\\/\\\/www.bellunopress.it\\\/2022\\\/07\\\/14\\\/48ma-alpe-del-nevegal-via-libera-dalla-commissione-pubblici-spettacoli\\\/\"},\"author\":{\"name\":\"redazione\",\"@id\":\"https:\\\/\\\/www.bellunopress.it\\\/#\\\/schema\\\/person\\\/79bb06722b37ece1c03d3e94beb30d73\"},\"headline\":\"48ma Alpe del Neveg\u00e0l: via libera dalla Commissione Pubblici Spettacoli\",\"datePublished\":\"2022-07-14T16:37:16+00:00\",\"mainEntityOfPage\":{\"@id\":\"https:\\\/\\\/www.bellunopress.it\\\/2022\\\/07\\\/14\\\/48ma-alpe-del-nevegal-via-libera-dalla-commissione-pubblici-spettacoli\\\/\"},\"wordCount\":340,\"publisher\":{\"@id\":\"https:\\\/\\\/www.bellunopress.it\\\/#organization\"},\"image\":{\"@id\":\"https:\\\/\\\/www.bellunopress.it\\\/2022\\\/07\\\/14\\\/48ma-alpe-del-nevegal-via-libera-dalla-commissione-pubblici-spettacoli\\\/#primaryimage\"},\"thumbnailUrl\":\"https:\\\/\\\/www.bellunopress.it\\\/wp-content\\\/uploads\\\/2022\\\/05\\\/Alpe-del-Nevegal-Diego-De-Gasperi-Vincitore-2021-FotoFlavioCasoni.jpg\",\"articleSection\":[\"Pausa Caff\u00e8\",\"Sport, tempo libero\"],\"inLanguage\":\"fr-FR\"},{\"@type\":\"WebPage\",\"@id\":\"https:\\\/\\\/www.bellunopress.it\\\/2022\\\/07\\\/14\\\/48ma-alpe-del-nevegal-via-libera-dalla-commissione-pubblici-spettacoli\\\/\",\"url\":\"https:\\\/\\\/www.bellunopress.it\\\/2022\\\/07\\\/14\\\/48ma-alpe-del-nevegal-via-libera-dalla-commissione-pubblici-spettacoli\\\/\",\"name\":\"48ma Alpe del Neveg\u00e0l: via libera dalla Commissione Pubblici Spettacoli - Bellunopress - Dolomiti\",\"isPartOf\":{\"@id\":\"https:\\\/\\\/www.bellunopress.it\\\/#website\"},\"primaryImageOfPage\":{\"@id\":\"https:\\\/\\\/www.bellunopress.it\\\/2022\\\/07\\\/14\\\/48ma-alpe-del-nevegal-via-libera-dalla-commissione-pubblici-spettacoli\\\/#primaryimage\"},\"image\":{\"@id\":\"https:\\\/\\\/www.bellunopress.it\\\/2022\\\/07\\\/14\\\/48ma-alpe-del-nevegal-via-libera-dalla-commissione-pubblici-spettacoli\\\/#primaryimage\"},\"thumbnailUrl\":\"https:\\\/\\\/www.bellunopress.it\\\/wp-content\\\/uploads\\\/2022\\\/05\\\/Alpe-del-Nevegal-Diego-De-Gasperi-Vincitore-2021-FotoFlavioCasoni.jpg\",\"datePublished\":\"2022-07-14T16:37:16+00:00\",\"breadcrumb\":{\"@id\":\"https:\\\/\\\/www.bellunopress.it\\\/2022\\\/07\\\/14\\\/48ma-alpe-del-nevegal-via-libera-dalla-commissione-pubblici-spettacoli\\\/#breadcrumb\"},\"inLanguage\":\"fr-FR\",\"potentialAction\":[{\"@type\":\"ReadAction\",\"target\":[\"https:\\\/\\\/www.bellunopress.it\\\/2022\\\/07\\\/14\\\/48ma-alpe-del-nevegal-via-libera-dalla-commissione-pubblici-spettacoli\\\/\"]}]},{\"@type\":\"ImageObject\",\"inLanguage\":\"fr-FR\",\"@id\":\"https:\\\/\\\/www.bellunopress.it\\\/2022\\\/07\\\/14\\\/48ma-alpe-del-nevegal-via-libera-dalla-commissione-pubblici-spettacoli\\\/#primaryimage\",\"url\":\"https:\\\/\\\/www.bellunopress.it\\\/wp-content\\\/uploads\\\/2022\\\/05\\\/Alpe-del-Nevegal-Diego-De-Gasperi-Vincitore-2021-FotoFlavioCasoni.jpg\",\"contentUrl\":\"https:\\\/\\\/www.bellunopress.it\\\/wp-content\\\/uploads\\\/2022\\\/05\\\/Alpe-del-Nevegal-Diego-De-Gasperi-Vincitore-2021-FotoFlavioCasoni.jpg\",\"width\":1100,\"height\":733,\"caption\":\"Diego De Gasperi Vincitore 2021- Foto Flavio Casoni\"},{\"@type\":\"BreadcrumbList\",\"@id\":\"https:\\\/\\\/www.bellunopress.it\\\/2022\\\/07\\\/14\\\/48ma-alpe-del-nevegal-via-libera-dalla-commissione-pubblici-spettacoli\\\/#breadcrumb\",\"itemListElement\":[{\"@type\":\"ListItem\",\"position\":1,\"name\":\"Home\",\"item\":\"https:\\\/\\\/www.bellunopress.it\\\/\"},{\"@type\":\"ListItem\",\"position\":2,\"name\":\"48ma Alpe del Neveg\u00e0l: via libera dalla Commissione Pubblici Spettacoli\"}]},{\"@type\":\"WebSite\",\"@id\":\"https:\\\/\\\/www.bellunopress.it\\\/#website\",\"url\":\"https:\\\/\\\/www.bellunopress.it\\\/\",\"name\":\"Bellunopress - Dolomiti\",\"description\":\"e-mail: redazione@bellunopress.it\",\"publisher\":{\"@id\":\"https:\\\/\\\/www.bellunopress.it\\\/#organization\"},\"potentialAction\":[{\"@type\":\"SearchAction\",\"target\":{\"@type\":\"EntryPoint\",\"urlTemplate\":\"https:\\\/\\\/www.bellunopress.it\\\/?s={search_term_string}\"},\"query-input\":{\"@type\":\"PropertyValueSpecification\",\"valueRequired\":true,\"valueName\":\"search_term_string\"}}],\"inLanguage\":\"fr-FR\"},{\"@type\":\"Organization\",\"@id\":\"https:\\\/\\\/www.bellunopress.it\\\/#organization\",\"name\":\"Bellunopress\",\"url\":\"https:\\\/\\\/www.bellunopress.it\\\/\",\"logo\":{\"@type\":\"ImageObject\",\"inLanguage\":\"fr-FR\",\"@id\":\"https:\\\/\\\/www.bellunopress.it\\\/#\\\/schema\\\/logo\\\/image\\\/\",\"url\":\"https:\\\/\\\/www.bellunopress.it\\\/wp-content\\\/uploads\\\/2011\\\/05\\\/cropped-logo-bellunopress-.jpg\",\"contentUrl\":\"https:\\\/\\\/www.bellunopress.it\\\/wp-content\\\/uploads\\\/2011\\\/05\\\/cropped-logo-bellunopress-.jpg\",\"width\":512,\"height\":512,\"caption\":\"Bellunopress\"},\"image\":{\"@id\":\"https:\\\/\\\/www.bellunopress.it\\\/#\\\/schema\\\/logo\\\/image\\\/\"},\"sameAs\":[\"https:\\\/\\\/www.facebook.com\\\/profile.php?id=100008943462799\",\"https:\\\/\\\/x.com\\\/bellunopress\",\"https:\\\/\\\/www.linkedin.com\\\/hp\\\/?dnr=JBzUWaJfMUw8vbXJJ2tVW5-I3jZKvC4wsoxE&amp;amp;amp;amp;amp;amp;trk=nav_responsive_tab_home\",\"https:\\\/\\\/www.youtube.com\\\/channel\\\/UCxL0wu1uN0_3_7hGG0306cw\"]},{\"@type\":\"Person\",\"@id\":\"https:\\\/\\\/www.bellunopress.it\\\/#\\\/schema\\\/person\\\/79bb06722b37ece1c03d3e94beb30d73\",\"name\":\"redazione\",\"image\":{\"@type\":\"ImageObject\",\"inLanguage\":\"fr-FR\",\"@id\":\"https:\\\/\\\/secure.gravatar.com\\\/avatar\\\/37d968a2e67a6fd04c169c4bdef102d0bc5d31b2546345219e348575eb80e9a0?s=96&d=mm&r=g\",\"url\":\"https:\\\/\\\/secure.gravatar.com\\\/avatar\\\/37d968a2e67a6fd04c169c4bdef102d0bc5d31b2546345219e348575eb80e9a0?s=96&d=mm&r=g\",\"contentUrl\":\"https:\\\/\\\/secure.gravatar.com\\\/avatar\\\/37d968a2e67a6fd04c169c4bdef102d0bc5d31b2546345219e348575eb80e9a0?s=96&d=mm&r=g\",\"caption\":\"redazione\"},\"sameAs\":[\"http:\\\/\\\/www.bellunopress.it\",\"https:\\\/\\\/x.com\\\/bellunopress\"],\"url\":\"https:\\\/\\\/www.bellunopress.it\\\/fr\\\/author\\\/redazione\\\/\"}]}<\/script>\n<!-- \/ Yoast SEO plugin. -->","yoast_head_json":{"title":"48ma Alpe del Neveg\u00e0l: via libera dalla Commissione Pubblici Spettacoli - Bellunopress - Dolomiti","robots":{"index":"index","follow":"follow","max-snippet":"max-snippet:-1","max-image-preview":"max-image-preview:large","max-video-preview":"max-video-preview:-1"},"canonical":"https:\/\/www.bellunopress.it\/fr\/2022\/07\/14\/48ma-alpe-del-nevegal-via-libera-dalla-commissione-pubblici-spettacoli\/","og_locale":"fr_FR","og_type":"article","og_title":"48ma Alpe del Neveg\u00e0l: via libera dalla Commissione Pubblici Spettacoli - Bellunopress - Dolomiti","og_description":"Belluno, 14 luglio 2022 &#8211; Altro importante, deciso passo di avvicinamento alla 48ma Alpe del Neveg\u00e0l, ottava prova del Campionato Italiano Velocit\u00e0 Montagna CIVM, quarto appuntamento del Trofeo Italiano Velocit\u00e0 Montagna zona Nord e terzultimo atto del Campionato austriaco 2022, in programma a Belluno, da venerd\u00ec 29 a domenica 31 luglio prossimi, lungo la strada [&hellip;]","og_url":"https:\/\/www.bellunopress.it\/fr\/2022\/07\/14\/48ma-alpe-del-nevegal-via-libera-dalla-commissione-pubblici-spettacoli\/","og_site_name":"Bellunopress - Dolomiti","article_publisher":"https:\/\/www.facebook.com\/profile.php?id=100008943462799","article_published_time":"2022-07-14T16:37:16+00:00","og_image":[{"width":1100,"height":733,"url":"https:\/\/www.bellunopress.it\/wp-content\/uploads\/2022\/05\/Alpe-del-Nevegal-Diego-De-Gasperi-Vincitore-2021-FotoFlavioCasoni.jpg","type":"image\/jpeg"}],"author":"redazione","twitter_card":"summary_large_image","twitter_creator":"@bellunopress","twitter_site":"@bellunopress","twitter_misc":{"\u00c9crit par":"redazione","Dur\u00e9e de lecture estim\u00e9e":"2 minutes"},"schema":{"@context":"https:\/\/schema.org","@graph":[{"@type":"Article","@id":"https:\/\/www.bellunopress.it\/2022\/07\/14\/48ma-alpe-del-nevegal-via-libera-dalla-commissione-pubblici-spettacoli\/#article","isPartOf":{"@id":"https:\/\/www.bellunopress.it\/2022\/07\/14\/48ma-alpe-del-nevegal-via-libera-dalla-commissione-pubblici-spettacoli\/"},"author":{"name":"redazione","@id":"https:\/\/www.bellunopress.it\/#\/schema\/person\/79bb06722b37ece1c03d3e94beb30d73"},"headline":"48ma Alpe del Neveg\u00e0l: via libera dalla Commissione Pubblici Spettacoli","datePublished":"2022-07-14T16:37:16+00:00","mainEntityOfPage":{"@id":"https:\/\/www.bellunopress.it\/2022\/07\/14\/48ma-alpe-del-nevegal-via-libera-dalla-commissione-pubblici-spettacoli\/"},"wordCount":340,"publisher":{"@id":"https:\/\/www.bellunopress.it\/#organization"},"image":{"@id":"https:\/\/www.bellunopress.it\/2022\/07\/14\/48ma-alpe-del-nevegal-via-libera-dalla-commissione-pubblici-spettacoli\/#primaryimage"},"thumbnailUrl":"https:\/\/www.bellunopress.it\/wp-content\/uploads\/2022\/05\/Alpe-del-Nevegal-Diego-De-Gasperi-Vincitore-2021-FotoFlavioCasoni.jpg","articleSection":["Pausa Caff\u00e8","Sport, tempo libero"],"inLanguage":"fr-FR"},{"@type":"WebPage","@id":"https:\/\/www.bellunopress.it\/2022\/07\/14\/48ma-alpe-del-nevegal-via-libera-dalla-commissione-pubblici-spettacoli\/","url":"https:\/\/www.bellunopress.it\/2022\/07\/14\/48ma-alpe-del-nevegal-via-libera-dalla-commissione-pubblici-spettacoli\/","name":"48ma Alpe del Neveg\u00e0l: via libera dalla Commissione Pubblici Spettacoli - Bellunopress - Dolomiti","isPartOf":{"@id":"https:\/\/www.bellunopress.it\/#website"},"primaryImageOfPage":{"@id":"https:\/\/www.bellunopress.it\/2022\/07\/14\/48ma-alpe-del-nevegal-via-libera-dalla-commissione-pubblici-spettacoli\/#primaryimage"},"image":{"@id":"https:\/\/www.bellunopress.it\/2022\/07\/14\/48ma-alpe-del-nevegal-via-libera-dalla-commissione-pubblici-spettacoli\/#primaryimage"},"thumbnailUrl":"https:\/\/www.bellunopress.it\/wp-content\/uploads\/2022\/05\/Alpe-del-Nevegal-Diego-De-Gasperi-Vincitore-2021-FotoFlavioCasoni.jpg","datePublished":"2022-07-14T16:37:16+00:00","breadcrumb":{"@id":"https:\/\/www.bellunopress.it\/2022\/07\/14\/48ma-alpe-del-nevegal-via-libera-dalla-commissione-pubblici-spettacoli\/#breadcrumb"},"inLanguage":"fr-FR","potentialAction":[{"@type":"ReadAction","target":["https:\/\/www.bellunopress.it\/2022\/07\/14\/48ma-alpe-del-nevegal-via-libera-dalla-commissione-pubblici-spettacoli\/"]}]},{"@type":"ImageObject","inLanguage":"fr-FR","@id":"https:\/\/www.bellunopress.it\/2022\/07\/14\/48ma-alpe-del-nevegal-via-libera-dalla-commissione-pubblici-spettacoli\/#primaryimage","url":"https:\/\/www.bellunopress.it\/wp-content\/uploads\/2022\/05\/Alpe-del-Nevegal-Diego-De-Gasperi-Vincitore-2021-FotoFlavioCasoni.jpg","contentUrl":"https:\/\/www.bellunopress.it\/wp-content\/uploads\/2022\/05\/Alpe-del-Nevegal-Diego-De-Gasperi-Vincitore-2021-FotoFlavioCasoni.jpg","width":1100,"height":733,"caption":"Diego De Gasperi Vincitore 2021- Foto Flavio Casoni"},{"@type":"BreadcrumbList","@id":"https:\/\/www.bellunopress.it\/2022\/07\/14\/48ma-alpe-del-nevegal-via-libera-dalla-commissione-pubblici-spettacoli\/#breadcrumb","itemListElement":[{"@type":"ListItem","position":1,"name":"Home","item":"https:\/\/www.bellunopress.it\/"},{"@type":"ListItem","position":2,"name":"48ma Alpe del Neveg\u00e0l: via libera dalla Commissione Pubblici Spettacoli"}]},{"@type":"WebSite","@id":"https:\/\/www.bellunopress.it\/#website","url":"https:\/\/www.bellunopress.it\/","name":"Bellunopress - Dolomiti","description":"e-mail: redazione@bellunopress.it","publisher":{"@id":"https:\/\/www.bellunopress.it\/#organization"},"potentialAction":[{"@type":"SearchAction","target":{"@type":"EntryPoint","urlTemplate":"https:\/\/www.bellunopress.it\/?s={search_term_string}"},"query-input":{"@type":"PropertyValueSpecification","valueRequired":true,"valueName":"search_term_string"}}],"inLanguage":"fr-FR"},{"@type":"Organization","@id":"https:\/\/www.bellunopress.it\/#organization","name":"Bellunopress","url":"https:\/\/www.bellunopress.it\/","logo":{"@type":"ImageObject","inLanguage":"fr-FR","@id":"https:\/\/www.bellunopress.it\/#\/schema\/logo\/image\/","url":"https:\/\/www.bellunopress.it\/wp-content\/uploads\/2011\/05\/cropped-logo-bellunopress-.jpg","contentUrl":"https:\/\/www.bellunopress.it\/wp-content\/uploads\/2011\/05\/cropped-logo-bellunopress-.jpg","width":512,"height":512,"caption":"Bellunopress"},"image":{"@id":"https:\/\/www.bellunopress.it\/#\/schema\/logo\/image\/"},"sameAs":["https:\/\/www.facebook.com\/profile.php?id=100008943462799","https:\/\/x.com\/bellunopress","https:\/\/www.linkedin.com\/hp\/?dnr=JBzUWaJfMUw8vbXJJ2tVW5-I3jZKvC4wsoxE&amp;amp;amp;amp;amp;amp;trk=nav_responsive_tab_home","https:\/\/www.youtube.com\/channel\/UCxL0wu1uN0_3_7hGG0306cw"]},{"@type":"Person","@id":"https:\/\/www.bellunopress.it\/#\/schema\/person\/79bb06722b37ece1c03d3e94beb30d73","name":"r\u00e9daction","image":{"@type":"ImageObject","inLanguage":"fr-FR","@id":"https:\/\/secure.gravatar.com\/avatar\/37d968a2e67a6fd04c169c4bdef102d0bc5d31b2546345219e348575eb80e9a0?s=96&d=mm&r=g","url":"https:\/\/secure.gravatar.com\/avatar\/37d968a2e67a6fd04c169c4bdef102d0bc5d31b2546345219e348575eb80e9a0?s=96&d=mm&r=g","contentUrl":"https:\/\/secure.gravatar.com\/avatar\/37d968a2e67a6fd04c169c4bdef102d0bc5d31b2546345219e348575eb80e9a0?s=96&d=mm&r=g","caption":"redazione"},"sameAs":["http:\/\/www.bellunopress.it","https:\/\/x.com\/bellunopress"],"url":"https:\/\/www.bellunopress.it\/fr\/author\/redazione\/"}]}},"_links":{"self":[{"href":"https:\/\/www.bellunopress.it\/fr\/wp-json\/wp\/v2\/posts\/135017","targetHints":{"allow":["GET"]}}],"collection":[{"href":"https:\/\/www.bellunopress.it\/fr\/wp-json\/wp\/v2\/posts"}],"about":[{"href":"https:\/\/www.bellunopress.it\/fr\/wp-json\/wp\/v2\/types\/post"}],"author":[{"embeddable":true,"href":"https:\/\/www.bellunopress.it\/fr\/wp-json\/wp\/v2\/users\/2"}],"replies":[{"embeddable":true,"href":"https:\/\/www.bellunopress.it\/fr\/wp-json\/wp\/v2\/comments?post=135017"}],"version-history":[{"count":1,"href":"https:\/\/www.bellunopress.it\/fr\/wp-json\/wp\/v2\/posts\/135017\/revisions"}],"predecessor-version":[{"id":135018,"href":"https:\/\/www.bellunopress.it\/fr\/wp-json\/wp\/v2\/posts\/135017\/revisions\/135018"}],"wp:featuredmedia":[{"embeddable":true,"href":"https:\/\/www.bellunopress.it\/fr\/wp-json\/wp\/v2\/media\/133873"}],"wp:attachment":[{"href":"https:\/\/www.bellunopress.it\/fr\/wp-json\/wp\/v2\/media?parent=135017"}],"wp:term":[{"taxonomy":"category","embeddable":true,"href":"https:\/\/www.bellunopress.it\/fr\/wp-json\/wp\/v2\/categories?post=135017"},{"taxonomy":"post_tag","embeddable":true,"href":"https:\/\/www.bellunopress.it\/fr\/wp-json\/wp\/v2\/tags?post=135017"}],"curies":[{"name":"wp","href":"https:\/\/api.w.org\/{rel}","templated":true}]}}