{"id":135015,"date":"2022-07-14T15:48:04","date_gmt":"2022-07-14T13:48:04","guid":{"rendered":"https:\/\/www.bellunopress.it\/?p=135015"},"modified":"2022-07-14T15:48:04","modified_gmt":"2022-07-14T13:48:04","slug":"selezione-per-due-assunzioni-alla-societa-bellunum-un-impiegato-e-un-autista-con-patente-c","status":"publish","type":"post","link":"https:\/\/www.bellunopress.it\/fr\/2022\/07\/14\/selezione-per-due-assunzioni-alla-societa-bellunum-un-impiegato-e-un-autista-con-patente-c\/","title":{"rendered":"Selezione per due assunzioni alla Societ\u00e0 Bellunum. Un impiegato e un autista con patente C"},"content":{"rendered":"<p><img loading=\"lazy\" decoding=\"async\" class=\"alignleft size-full wp-image-118758\" src=\"https:\/\/www.bellunopress.it\/wp-content\/uploads\/2020\/10\/Bellunum_edited.jpg\" alt=\"\" width=\"768\" height=\"576\" srcset=\"https:\/\/www.bellunopress.it\/wp-content\/uploads\/2020\/10\/Bellunum_edited.jpg 768w, https:\/\/www.bellunopress.it\/wp-content\/uploads\/2020\/10\/Bellunum_edited-500x375.jpg 500w, https:\/\/www.bellunopress.it\/wp-content\/uploads\/2020\/10\/Bellunum_edited-696x522.jpg 696w, https:\/\/www.bellunopress.it\/wp-content\/uploads\/2020\/10\/Bellunum_edited-560x420.jpg 560w, https:\/\/www.bellunopress.it\/wp-content\/uploads\/2020\/10\/Bellunum_edited-80x60.jpg 80w, https:\/\/www.bellunopress.it\/wp-content\/uploads\/2020\/10\/Bellunum_edited-265x198.jpg 265w\" sizes=\"auto, (max-width: 768px) 100vw, 768px\" \/>La Societ\u00e0 Bellunum s.r.l., che svolge fra l\u2019altro attivit\u00e0 di gestione integrata dei rifiuti urbani, ha indetto due selezioni, rispettivamente per l\u2019assunzione di due unit\u00e0 a tempo pieno e indeterminato con profilo professionale di istruttore amministrativo addetto all\u2019ufficio appalti da inquadrare in cat. C \u2013 pos. ec. C1, e per la formazione di una graduatoria valida ai fini di assunzioni a tempo pieno, determinato o indeterminato di personale con profilo di autista patente C &#8211; cat. B3 pos. ec. B3 per lo svolgimento dei servizi di nettezza urbana e raccolta rifiuti nei territori comunali di pertinenza della Societ\u00e0.<\/p>\n<p>Per partecipare alla selezione per istruttore amministrativo addetto all&#8217;ufficio appalti, i candidati dovranno far pervenire la domanda redatta in carta semplice, in forma libera (oppure utilizzando il modulo fac-simile allegato all&#8217;avviso) e un dettagliato curriculum professionale, entro le ore 13 del giorno 22 luglio 2022.<\/p>\n<p>Per partecipare alla selezione per la formazione di una graduatoria per autisti con patente C, i candidati dovranno far pervenire la domanda redatta in carta semplice, in forma libera (oppure utilizzando il modulo facsimile allegato all&#8217;avviso) e un dettagliato curriculum professionale, entro le ore 13 del giorno 29 luglio 2022.<\/p>\n<p>Tutte le informazioni per la partecipazione alle selezioni sono disponibili negli avvisi, scaricabili dal sito Internet della Societ\u00e0 Bellunum, all&#8217;indirizzo https:\/\/www.bellunum.com\/, menu &#8220;Selezione del personale&#8221;.<\/p>","protected":false},"excerpt":{"rendered":"<p>La Societ\u00e0 Bellunum s.r.l., che svolge fra l\u2019altro attivit\u00e0 di gestione integrata dei rifiuti urbani, ha indetto due selezioni, rispettivamente per l\u2019assunzione di due unit\u00e0 a tempo pieno e indeterminato con profilo professionale di istruttore amministrativo addetto all\u2019ufficio appalti da inquadrare in cat. C \u2013 pos. ec. C1, e per la formazione di una graduatoria [&hellip;]<\/p>\n","protected":false},"author":2,"featured_media":118758,"comment_status":"closed","ping_status":"open","sticky":false,"template":"","format":"standard","meta":{"footnotes":""},"categories":[36],"tags":[],"class_list":["post-135015","post","type-post","status-publish","format-standard","has-post-thumbnail","category-lavoro-economia"],"yoast_head":"<!-- This site is optimized with the Yoast SEO plugin v28.4 - https:\/\/yoast.com\/product\/yoast-seo-wordpress\/ -->\n<title>Selezione per due assunzioni alla Societ\u00e0 Bellunum. Un impiegato e un autista con patente C - Bellunopress - Dolomiti<\/title>\n<meta name=\"robots\" content=\"index, follow, max-snippet:-1, max-image-preview:large, max-video-preview:-1\" \/>\n<link rel=\"canonical\" href=\"https:\/\/www.bellunopress.it\/fr\/2022\/07\/14\/selezione-per-due-assunzioni-alla-societa-bellunum-un-impiegato-e-un-autista-con-patente-c\/\" \/>\n<meta property=\"og:locale\" content=\"fr_FR\" \/>\n<meta property=\"og:type\" content=\"article\" \/>\n<meta property=\"og:title\" content=\"Selezione per due assunzioni alla Societ\u00e0 Bellunum. Un impiegato e un autista con patente C - Bellunopress - Dolomiti\" \/>\n<meta property=\"og:description\" content=\"La Societ\u00e0 Bellunum s.r.l., che svolge fra l\u2019altro attivit\u00e0 di gestione integrata dei rifiuti urbani, ha indetto due selezioni, rispettivamente per l\u2019assunzione di due unit\u00e0 a tempo pieno e indeterminato con profilo professionale di istruttore amministrativo addetto all\u2019ufficio appalti da inquadrare in cat. C \u2013 pos. ec. C1, e per la formazione di una graduatoria [&hellip;]\" \/>\n<meta property=\"og:url\" content=\"https:\/\/www.bellunopress.it\/fr\/2022\/07\/14\/selezione-per-due-assunzioni-alla-societa-bellunum-un-impiegato-e-un-autista-con-patente-c\/\" \/>\n<meta property=\"og:site_name\" content=\"Bellunopress - Dolomiti\" \/>\n<meta property=\"article:publisher\" content=\"https:\/\/www.facebook.com\/profile.php?id=100008943462799\" \/>\n<meta property=\"article:published_time\" content=\"2022-07-14T13:48:04+00:00\" \/>\n<meta property=\"og:image\" content=\"https:\/\/www.bellunopress.it\/wp-content\/uploads\/2020\/10\/Bellunum_edited.jpg\" \/>\n\t<meta property=\"og:image:width\" content=\"768\" \/>\n\t<meta property=\"og:image:height\" content=\"576\" \/>\n\t<meta property=\"og:image:type\" content=\"image\/jpeg\" \/>\n<meta name=\"author\" content=\"redazione\" \/>\n<meta name=\"twitter:card\" content=\"summary_large_image\" \/>\n<meta name=\"twitter:creator\" content=\"@bellunopress\" \/>\n<meta name=\"twitter:site\" content=\"@bellunopress\" \/>\n<meta name=\"twitter:label1\" content=\"\u00c9crit par\" \/>\n\t<meta name=\"twitter:data1\" content=\"redazione\" \/>\n\t<meta name=\"twitter:label2\" content=\"Dur\u00e9e de lecture estim\u00e9e\" \/>\n\t<meta name=\"twitter:data2\" content=\"2 minutes\" \/>\n<script type=\"application\/ld+json\" class=\"yoast-schema-graph\">{\"@context\":\"https:\\\/\\\/schema.org\",\"@graph\":[{\"@type\":\"Article\",\"@id\":\"https:\\\/\\\/www.bellunopress.it\\\/2022\\\/07\\\/14\\\/selezione-per-due-assunzioni-alla-societa-bellunum-un-impiegato-e-un-autista-con-patente-c\\\/#article\",\"isPartOf\":{\"@id\":\"https:\\\/\\\/www.bellunopress.it\\\/2022\\\/07\\\/14\\\/selezione-per-due-assunzioni-alla-societa-bellunum-un-impiegato-e-un-autista-con-patente-c\\\/\"},\"author\":{\"name\":\"redazione\",\"@id\":\"https:\\\/\\\/www.bellunopress.it\\\/#\\\/schema\\\/person\\\/79bb06722b37ece1c03d3e94beb30d73\"},\"headline\":\"Selezione per due assunzioni alla Societ\u00e0 Bellunum. Un impiegato e un autista con patente C\",\"datePublished\":\"2022-07-14T13:48:04+00:00\",\"mainEntityOfPage\":{\"@id\":\"https:\\\/\\\/www.bellunopress.it\\\/2022\\\/07\\\/14\\\/selezione-per-due-assunzioni-alla-societa-bellunum-un-impiegato-e-un-autista-con-patente-c\\\/\"},\"wordCount\":238,\"publisher\":{\"@id\":\"https:\\\/\\\/www.bellunopress.it\\\/#organization\"},\"image\":{\"@id\":\"https:\\\/\\\/www.bellunopress.it\\\/2022\\\/07\\\/14\\\/selezione-per-due-assunzioni-alla-societa-bellunum-un-impiegato-e-un-autista-con-patente-c\\\/#primaryimage\"},\"thumbnailUrl\":\"https:\\\/\\\/www.bellunopress.it\\\/wp-content\\\/uploads\\\/2020\\\/10\\\/Bellunum_edited.jpg\",\"articleSection\":[\"Lavoro, Economia, Turismo\"],\"inLanguage\":\"fr-FR\"},{\"@type\":\"WebPage\",\"@id\":\"https:\\\/\\\/www.bellunopress.it\\\/2022\\\/07\\\/14\\\/selezione-per-due-assunzioni-alla-societa-bellunum-un-impiegato-e-un-autista-con-patente-c\\\/\",\"url\":\"https:\\\/\\\/www.bellunopress.it\\\/2022\\\/07\\\/14\\\/selezione-per-due-assunzioni-alla-societa-bellunum-un-impiegato-e-un-autista-con-patente-c\\\/\",\"name\":\"Selezione per due assunzioni alla Societ\u00e0 Bellunum. Un impiegato e un autista con patente C - Bellunopress - Dolomiti\",\"isPartOf\":{\"@id\":\"https:\\\/\\\/www.bellunopress.it\\\/#website\"},\"primaryImageOfPage\":{\"@id\":\"https:\\\/\\\/www.bellunopress.it\\\/2022\\\/07\\\/14\\\/selezione-per-due-assunzioni-alla-societa-bellunum-un-impiegato-e-un-autista-con-patente-c\\\/#primaryimage\"},\"image\":{\"@id\":\"https:\\\/\\\/www.bellunopress.it\\\/2022\\\/07\\\/14\\\/selezione-per-due-assunzioni-alla-societa-bellunum-un-impiegato-e-un-autista-con-patente-c\\\/#primaryimage\"},\"thumbnailUrl\":\"https:\\\/\\\/www.bellunopress.it\\\/wp-content\\\/uploads\\\/2020\\\/10\\\/Bellunum_edited.jpg\",\"datePublished\":\"2022-07-14T13:48:04+00:00\",\"breadcrumb\":{\"@id\":\"https:\\\/\\\/www.bellunopress.it\\\/2022\\\/07\\\/14\\\/selezione-per-due-assunzioni-alla-societa-bellunum-un-impiegato-e-un-autista-con-patente-c\\\/#breadcrumb\"},\"inLanguage\":\"fr-FR\",\"potentialAction\":[{\"@type\":\"ReadAction\",\"target\":[\"https:\\\/\\\/www.bellunopress.it\\\/2022\\\/07\\\/14\\\/selezione-per-due-assunzioni-alla-societa-bellunum-un-impiegato-e-un-autista-con-patente-c\\\/\"]}]},{\"@type\":\"ImageObject\",\"inLanguage\":\"fr-FR\",\"@id\":\"https:\\\/\\\/www.bellunopress.it\\\/2022\\\/07\\\/14\\\/selezione-per-due-assunzioni-alla-societa-bellunum-un-impiegato-e-un-autista-con-patente-c\\\/#primaryimage\",\"url\":\"https:\\\/\\\/www.bellunopress.it\\\/wp-content\\\/uploads\\\/2020\\\/10\\\/Bellunum_edited.jpg\",\"contentUrl\":\"https:\\\/\\\/www.bellunopress.it\\\/wp-content\\\/uploads\\\/2020\\\/10\\\/Bellunum_edited.jpg\",\"width\":768,\"height\":576},{\"@type\":\"BreadcrumbList\",\"@id\":\"https:\\\/\\\/www.bellunopress.it\\\/2022\\\/07\\\/14\\\/selezione-per-due-assunzioni-alla-societa-bellunum-un-impiegato-e-un-autista-con-patente-c\\\/#breadcrumb\",\"itemListElement\":[{\"@type\":\"ListItem\",\"position\":1,\"name\":\"Home\",\"item\":\"https:\\\/\\\/www.bellunopress.it\\\/\"},{\"@type\":\"ListItem\",\"position\":2,\"name\":\"Selezione per due assunzioni alla Societ\u00e0 Bellunum. Un impiegato e un autista con patente C\"}]},{\"@type\":\"WebSite\",\"@id\":\"https:\\\/\\\/www.bellunopress.it\\\/#website\",\"url\":\"https:\\\/\\\/www.bellunopress.it\\\/\",\"name\":\"Bellunopress - Dolomiti\",\"description\":\"e-mail: redazione@bellunopress.it\",\"publisher\":{\"@id\":\"https:\\\/\\\/www.bellunopress.it\\\/#organization\"},\"potentialAction\":[{\"@type\":\"SearchAction\",\"target\":{\"@type\":\"EntryPoint\",\"urlTemplate\":\"https:\\\/\\\/www.bellunopress.it\\\/?s={search_term_string}\"},\"query-input\":{\"@type\":\"PropertyValueSpecification\",\"valueRequired\":true,\"valueName\":\"search_term_string\"}}],\"inLanguage\":\"fr-FR\"},{\"@type\":\"Organization\",\"@id\":\"https:\\\/\\\/www.bellunopress.it\\\/#organization\",\"name\":\"Bellunopress\",\"url\":\"https:\\\/\\\/www.bellunopress.it\\\/\",\"logo\":{\"@type\":\"ImageObject\",\"inLanguage\":\"fr-FR\",\"@id\":\"https:\\\/\\\/www.bellunopress.it\\\/#\\\/schema\\\/logo\\\/image\\\/\",\"url\":\"https:\\\/\\\/www.bellunopress.it\\\/wp-content\\\/uploads\\\/2011\\\/05\\\/cropped-logo-bellunopress-.jpg\",\"contentUrl\":\"https:\\\/\\\/www.bellunopress.it\\\/wp-content\\\/uploads\\\/2011\\\/05\\\/cropped-logo-bellunopress-.jpg\",\"width\":512,\"height\":512,\"caption\":\"Bellunopress\"},\"image\":{\"@id\":\"https:\\\/\\\/www.bellunopress.it\\\/#\\\/schema\\\/logo\\\/image\\\/\"},\"sameAs\":[\"https:\\\/\\\/www.facebook.com\\\/profile.php?id=100008943462799\",\"https:\\\/\\\/x.com\\\/bellunopress\",\"https:\\\/\\\/www.linkedin.com\\\/hp\\\/?dnr=JBzUWaJfMUw8vbXJJ2tVW5-I3jZKvC4wsoxE&amp;amp;amp;amp;amp;amp;trk=nav_responsive_tab_home\",\"https:\\\/\\\/www.youtube.com\\\/channel\\\/UCxL0wu1uN0_3_7hGG0306cw\"]},{\"@type\":\"Person\",\"@id\":\"https:\\\/\\\/www.bellunopress.it\\\/#\\\/schema\\\/person\\\/79bb06722b37ece1c03d3e94beb30d73\",\"name\":\"redazione\",\"image\":{\"@type\":\"ImageObject\",\"inLanguage\":\"fr-FR\",\"@id\":\"https:\\\/\\\/secure.gravatar.com\\\/avatar\\\/37d968a2e67a6fd04c169c4bdef102d0bc5d31b2546345219e348575eb80e9a0?s=96&d=mm&r=g\",\"url\":\"https:\\\/\\\/secure.gravatar.com\\\/avatar\\\/37d968a2e67a6fd04c169c4bdef102d0bc5d31b2546345219e348575eb80e9a0?s=96&d=mm&r=g\",\"contentUrl\":\"https:\\\/\\\/secure.gravatar.com\\\/avatar\\\/37d968a2e67a6fd04c169c4bdef102d0bc5d31b2546345219e348575eb80e9a0?s=96&d=mm&r=g\",\"caption\":\"redazione\"},\"sameAs\":[\"http:\\\/\\\/www.bellunopress.it\",\"https:\\\/\\\/x.com\\\/bellunopress\"],\"url\":\"https:\\\/\\\/www.bellunopress.it\\\/fr\\\/author\\\/redazione\\\/\"}]}<\/script>\n<!-- \/ Yoast SEO plugin. -->","yoast_head_json":{"title":"Selezione per due assunzioni alla Societ\u00e0 Bellunum. Un impiegato e un autista con patente C - Bellunopress - Dolomiti","robots":{"index":"index","follow":"follow","max-snippet":"max-snippet:-1","max-image-preview":"max-image-preview:large","max-video-preview":"max-video-preview:-1"},"canonical":"https:\/\/www.bellunopress.it\/fr\/2022\/07\/14\/selezione-per-due-assunzioni-alla-societa-bellunum-un-impiegato-e-un-autista-con-patente-c\/","og_locale":"fr_FR","og_type":"article","og_title":"Selezione per due assunzioni alla Societ\u00e0 Bellunum. Un impiegato e un autista con patente C - Bellunopress - Dolomiti","og_description":"La Societ\u00e0 Bellunum s.r.l., che svolge fra l\u2019altro attivit\u00e0 di gestione integrata dei rifiuti urbani, ha indetto due selezioni, rispettivamente per l\u2019assunzione di due unit\u00e0 a tempo pieno e indeterminato con profilo professionale di istruttore amministrativo addetto all\u2019ufficio appalti da inquadrare in cat. C \u2013 pos. ec. C1, e per la formazione di una graduatoria [&hellip;]","og_url":"https:\/\/www.bellunopress.it\/fr\/2022\/07\/14\/selezione-per-due-assunzioni-alla-societa-bellunum-un-impiegato-e-un-autista-con-patente-c\/","og_site_name":"Bellunopress - Dolomiti","article_publisher":"https:\/\/www.facebook.com\/profile.php?id=100008943462799","article_published_time":"2022-07-14T13:48:04+00:00","og_image":[{"width":768,"height":576,"url":"https:\/\/www.bellunopress.it\/wp-content\/uploads\/2020\/10\/Bellunum_edited.jpg","type":"image\/jpeg"}],"author":"redazione","twitter_card":"summary_large_image","twitter_creator":"@bellunopress","twitter_site":"@bellunopress","twitter_misc":{"\u00c9crit par":"redazione","Dur\u00e9e de lecture estim\u00e9e":"2 minutes"},"schema":{"@context":"https:\/\/schema.org","@graph":[{"@type":"Article","@id":"https:\/\/www.bellunopress.it\/2022\/07\/14\/selezione-per-due-assunzioni-alla-societa-bellunum-un-impiegato-e-un-autista-con-patente-c\/#article","isPartOf":{"@id":"https:\/\/www.bellunopress.it\/2022\/07\/14\/selezione-per-due-assunzioni-alla-societa-bellunum-un-impiegato-e-un-autista-con-patente-c\/"},"author":{"name":"redazione","@id":"https:\/\/www.bellunopress.it\/#\/schema\/person\/79bb06722b37ece1c03d3e94beb30d73"},"headline":"Selezione per due assunzioni alla Societ\u00e0 Bellunum. Un impiegato e un autista con patente C","datePublished":"2022-07-14T13:48:04+00:00","mainEntityOfPage":{"@id":"https:\/\/www.bellunopress.it\/2022\/07\/14\/selezione-per-due-assunzioni-alla-societa-bellunum-un-impiegato-e-un-autista-con-patente-c\/"},"wordCount":238,"publisher":{"@id":"https:\/\/www.bellunopress.it\/#organization"},"image":{"@id":"https:\/\/www.bellunopress.it\/2022\/07\/14\/selezione-per-due-assunzioni-alla-societa-bellunum-un-impiegato-e-un-autista-con-patente-c\/#primaryimage"},"thumbnailUrl":"https:\/\/www.bellunopress.it\/wp-content\/uploads\/2020\/10\/Bellunum_edited.jpg","articleSection":["Lavoro, Economia, Turismo"],"inLanguage":"fr-FR"},{"@type":"WebPage","@id":"https:\/\/www.bellunopress.it\/2022\/07\/14\/selezione-per-due-assunzioni-alla-societa-bellunum-un-impiegato-e-un-autista-con-patente-c\/","url":"https:\/\/www.bellunopress.it\/2022\/07\/14\/selezione-per-due-assunzioni-alla-societa-bellunum-un-impiegato-e-un-autista-con-patente-c\/","name":"Selezione per due assunzioni alla Societ\u00e0 Bellunum. Un impiegato e un autista con patente C - Bellunopress - Dolomiti","isPartOf":{"@id":"https:\/\/www.bellunopress.it\/#website"},"primaryImageOfPage":{"@id":"https:\/\/www.bellunopress.it\/2022\/07\/14\/selezione-per-due-assunzioni-alla-societa-bellunum-un-impiegato-e-un-autista-con-patente-c\/#primaryimage"},"image":{"@id":"https:\/\/www.bellunopress.it\/2022\/07\/14\/selezione-per-due-assunzioni-alla-societa-bellunum-un-impiegato-e-un-autista-con-patente-c\/#primaryimage"},"thumbnailUrl":"https:\/\/www.bellunopress.it\/wp-content\/uploads\/2020\/10\/Bellunum_edited.jpg","datePublished":"2022-07-14T13:48:04+00:00","breadcrumb":{"@id":"https:\/\/www.bellunopress.it\/2022\/07\/14\/selezione-per-due-assunzioni-alla-societa-bellunum-un-impiegato-e-un-autista-con-patente-c\/#breadcrumb"},"inLanguage":"fr-FR","potentialAction":[{"@type":"ReadAction","target":["https:\/\/www.bellunopress.it\/2022\/07\/14\/selezione-per-due-assunzioni-alla-societa-bellunum-un-impiegato-e-un-autista-con-patente-c\/"]}]},{"@type":"ImageObject","inLanguage":"fr-FR","@id":"https:\/\/www.bellunopress.it\/2022\/07\/14\/selezione-per-due-assunzioni-alla-societa-bellunum-un-impiegato-e-un-autista-con-patente-c\/#primaryimage","url":"https:\/\/www.bellunopress.it\/wp-content\/uploads\/2020\/10\/Bellunum_edited.jpg","contentUrl":"https:\/\/www.bellunopress.it\/wp-content\/uploads\/2020\/10\/Bellunum_edited.jpg","width":768,"height":576},{"@type":"BreadcrumbList","@id":"https:\/\/www.bellunopress.it\/2022\/07\/14\/selezione-per-due-assunzioni-alla-societa-bellunum-un-impiegato-e-un-autista-con-patente-c\/#breadcrumb","itemListElement":[{"@type":"ListItem","position":1,"name":"Home","item":"https:\/\/www.bellunopress.it\/"},{"@type":"ListItem","position":2,"name":"Selezione per due assunzioni alla Societ\u00e0 Bellunum. Un impiegato e un autista con patente C"}]},{"@type":"WebSite","@id":"https:\/\/www.bellunopress.it\/#website","url":"https:\/\/www.bellunopress.it\/","name":"Bellunopress - Dolomiti","description":"e-mail: redazione@bellunopress.it","publisher":{"@id":"https:\/\/www.bellunopress.it\/#organization"},"potentialAction":[{"@type":"SearchAction","target":{"@type":"EntryPoint","urlTemplate":"https:\/\/www.bellunopress.it\/?s={search_term_string}"},"query-input":{"@type":"PropertyValueSpecification","valueRequired":true,"valueName":"search_term_string"}}],"inLanguage":"fr-FR"},{"@type":"Organization","@id":"https:\/\/www.bellunopress.it\/#organization","name":"Bellunopress","url":"https:\/\/www.bellunopress.it\/","logo":{"@type":"ImageObject","inLanguage":"fr-FR","@id":"https:\/\/www.bellunopress.it\/#\/schema\/logo\/image\/","url":"https:\/\/www.bellunopress.it\/wp-content\/uploads\/2011\/05\/cropped-logo-bellunopress-.jpg","contentUrl":"https:\/\/www.bellunopress.it\/wp-content\/uploads\/2011\/05\/cropped-logo-bellunopress-.jpg","width":512,"height":512,"caption":"Bellunopress"},"image":{"@id":"https:\/\/www.bellunopress.it\/#\/schema\/logo\/image\/"},"sameAs":["https:\/\/www.facebook.com\/profile.php?id=100008943462799","https:\/\/x.com\/bellunopress","https:\/\/www.linkedin.com\/hp\/?dnr=JBzUWaJfMUw8vbXJJ2tVW5-I3jZKvC4wsoxE&amp;amp;amp;amp;amp;amp;trk=nav_responsive_tab_home","https:\/\/www.youtube.com\/channel\/UCxL0wu1uN0_3_7hGG0306cw"]},{"@type":"Person","@id":"https:\/\/www.bellunopress.it\/#\/schema\/person\/79bb06722b37ece1c03d3e94beb30d73","name":"r\u00e9daction","image":{"@type":"ImageObject","inLanguage":"fr-FR","@id":"https:\/\/secure.gravatar.com\/avatar\/37d968a2e67a6fd04c169c4bdef102d0bc5d31b2546345219e348575eb80e9a0?s=96&d=mm&r=g","url":"https:\/\/secure.gravatar.com\/avatar\/37d968a2e67a6fd04c169c4bdef102d0bc5d31b2546345219e348575eb80e9a0?s=96&d=mm&r=g","contentUrl":"https:\/\/secure.gravatar.com\/avatar\/37d968a2e67a6fd04c169c4bdef102d0bc5d31b2546345219e348575eb80e9a0?s=96&d=mm&r=g","caption":"redazione"},"sameAs":["http:\/\/www.bellunopress.it","https:\/\/x.com\/bellunopress"],"url":"https:\/\/www.bellunopress.it\/fr\/author\/redazione\/"}]}},"_links":{"self":[{"href":"https:\/\/www.bellunopress.it\/fr\/wp-json\/wp\/v2\/posts\/135015","targetHints":{"allow":["GET"]}}],"collection":[{"href":"https:\/\/www.bellunopress.it\/fr\/wp-json\/wp\/v2\/posts"}],"about":[{"href":"https:\/\/www.bellunopress.it\/fr\/wp-json\/wp\/v2\/types\/post"}],"author":[{"embeddable":true,"href":"https:\/\/www.bellunopress.it\/fr\/wp-json\/wp\/v2\/users\/2"}],"replies":[{"embeddable":true,"href":"https:\/\/www.bellunopress.it\/fr\/wp-json\/wp\/v2\/comments?post=135015"}],"version-history":[{"count":1,"href":"https:\/\/www.bellunopress.it\/fr\/wp-json\/wp\/v2\/posts\/135015\/revisions"}],"predecessor-version":[{"id":135016,"href":"https:\/\/www.bellunopress.it\/fr\/wp-json\/wp\/v2\/posts\/135015\/revisions\/135016"}],"wp:featuredmedia":[{"embeddable":true,"href":"https:\/\/www.bellunopress.it\/fr\/wp-json\/wp\/v2\/media\/118758"}],"wp:attachment":[{"href":"https:\/\/www.bellunopress.it\/fr\/wp-json\/wp\/v2\/media?parent=135015"}],"wp:term":[{"taxonomy":"category","embeddable":true,"href":"https:\/\/www.bellunopress.it\/fr\/wp-json\/wp\/v2\/categories?post=135015"},{"taxonomy":"post_tag","embeddable":true,"href":"https:\/\/www.bellunopress.it\/fr\/wp-json\/wp\/v2\/tags?post=135015"}],"curies":[{"name":"wp","href":"https:\/\/api.w.org\/{rel}","templated":true}]}}