{"id":1350,"date":"2009-03-06T23:34:46","date_gmt":"2009-03-06T22:34:46","guid":{"rendered":"http:\/\/www.bellunopress.it\/?p=1350"},"modified":"2009-03-06T23:34:46","modified_gmt":"2009-03-06T22:34:46","slug":"oscar-de-bona-lunesco-pone-vincoli-al-nostro-territorio","status":"publish","type":"post","link":"https:\/\/www.bellunopress.it\/fr\/2009\/03\/06\/oscar-de-bona-lunesco-pone-vincoli-al-nostro-territorio\/","title":{"rendered":"Oscar De Bona: &#8220;L&#8217;Unesco pone vincoli al nostro territorio!&#8221;"},"content":{"rendered":"<p><a href=\"http:\/\/www.bellunopress.it\/wp-content\/uploads\/2009\/02\/oscar-de-bona-80x80.jpg\"><img loading=\"lazy\" decoding=\"async\" class=\"alignleft size-medium wp-image-536\" title=\"oscar-de-bona-80x80\" src=\"http:\/\/www.bellunopress.it\/wp-content\/uploads\/2009\/02\/oscar-de-bona-80x80.jpg\" alt=\"\" width=\"81\" height=\"81\" \/><\/a>\u00abSpiace leggere oggi sulla stampa le affermazioni, che oso definire \u201cleggere\u201d, pronunciate dal presidente della Provincia, Sergio Reolon, sulla questione \u201cDolomiti patrimonio dell\u2019umanit\u00e0\u201d &#8211; scrive Oscar De Bona assessore della Regione Veneto &#8211;\u00a0 Egli mi tira in ballo, tacciandomi addirittura da mistificatore con l\u2019intento meschino di sconfessarmi, quando sostengo con dati alla mano che l\u2019Unesco pone dei vincoli. Non voglio entrare in un dibattito che rischierebbe di diventare un botta e risposta a due. Dico solo a Sergio Reolon di andare a leggersi le dichiarazioni rilasciate dal presidente della Commissione preposta, Giovanni Pugliesi, quando parla, tra l\u2019altro, di \u201caree cuore\u201d e di \u201caree tampone\u201d. Che ripeto: pongono vincoli per il nostro territorio\u00bb.<\/p>","protected":false},"excerpt":{"rendered":"<p>\u00abSpiace leggere oggi sulla stampa le affermazioni, che oso definire \u201cleggere\u201d, pronunciate dal presidente della Provincia, Sergio Reolon, sulla questione \u201cDolomiti patrimonio dell\u2019umanit\u00e0\u201d &#8211; scrive Oscar De Bona assessore della Regione Veneto &#8211;\u00a0 Egli mi tira in ballo, tacciandomi addirittura da mistificatore con l\u2019intento meschino di sconfessarmi, quando sostengo con dati alla mano che l\u2019Unesco [&hellip;]<\/p>\n","protected":false},"author":2,"featured_media":0,"comment_status":"closed","ping_status":"open","sticky":false,"template":"","format":"standard","meta":{"footnotes":""},"categories":[26],"tags":[139,63],"class_list":["post-1350","post","type-post","status-publish","format-standard","category-prima-pagina","tag-belluno","tag-dolomiti"],"yoast_head":"<!-- This site is optimized with the Yoast SEO plugin v28.4 - https:\/\/yoast.com\/product\/yoast-seo-wordpress\/ -->\n<title>Oscar De Bona: &quot;L&#039;Unesco pone vincoli al nostro territorio!&quot; - Bellunopress - Dolomiti<\/title>\n<meta name=\"robots\" content=\"index, follow, max-snippet:-1, max-image-preview:large, max-video-preview:-1\" \/>\n<link rel=\"canonical\" href=\"https:\/\/www.bellunopress.it\/fr\/2009\/03\/06\/oscar-de-bona-lunesco-pone-vincoli-al-nostro-territorio\/\" \/>\n<meta property=\"og:locale\" content=\"fr_FR\" \/>\n<meta property=\"og:type\" content=\"article\" \/>\n<meta property=\"og:title\" content=\"Oscar De Bona: &quot;L&#039;Unesco pone vincoli al nostro territorio!&quot; - Bellunopress - Dolomiti\" \/>\n<meta property=\"og:description\" content=\"\u00abSpiace leggere oggi sulla stampa le affermazioni, che oso definire \u201cleggere\u201d, pronunciate dal presidente della Provincia, Sergio Reolon, sulla questione \u201cDolomiti patrimonio dell\u2019umanit\u00e0\u201d &#8211; scrive Oscar De Bona assessore della Regione Veneto &#8211;\u00a0 Egli mi tira in ballo, tacciandomi addirittura da mistificatore con l\u2019intento meschino di sconfessarmi, quando sostengo con dati alla mano che l\u2019Unesco [&hellip;]\" \/>\n<meta property=\"og:url\" content=\"https:\/\/www.bellunopress.it\/fr\/2009\/03\/06\/oscar-de-bona-lunesco-pone-vincoli-al-nostro-territorio\/\" \/>\n<meta property=\"og:site_name\" content=\"Bellunopress - Dolomiti\" \/>\n<meta property=\"article:publisher\" content=\"https:\/\/www.facebook.com\/profile.php?id=100008943462799\" \/>\n<meta property=\"article:published_time\" content=\"2009-03-06T22:34:46+00:00\" \/>\n<meta property=\"og:image\" content=\"http:\/\/www.bellunopress.it\/wp-content\/uploads\/2009\/02\/oscar-de-bona-80x80.jpg\" \/>\n<meta name=\"author\" content=\"redazione\" \/>\n<meta name=\"twitter:card\" content=\"summary_large_image\" \/>\n<meta name=\"twitter:creator\" content=\"@bellunopress\" \/>\n<meta name=\"twitter:site\" content=\"@bellunopress\" \/>\n<meta name=\"twitter:label1\" content=\"\u00c9crit par\" \/>\n\t<meta name=\"twitter:data1\" content=\"redazione\" \/>\n\t<meta name=\"twitter:label2\" content=\"Dur\u00e9e de lecture estim\u00e9e\" \/>\n\t<meta name=\"twitter:data2\" content=\"1 minute\" \/>\n<script type=\"application\/ld+json\" class=\"yoast-schema-graph\">{\"@context\":\"https:\\\/\\\/schema.org\",\"@graph\":[{\"@type\":\"Article\",\"@id\":\"https:\\\/\\\/www.bellunopress.it\\\/2009\\\/03\\\/06\\\/oscar-de-bona-lunesco-pone-vincoli-al-nostro-territorio\\\/#article\",\"isPartOf\":{\"@id\":\"https:\\\/\\\/www.bellunopress.it\\\/2009\\\/03\\\/06\\\/oscar-de-bona-lunesco-pone-vincoli-al-nostro-territorio\\\/\"},\"author\":{\"name\":\"redazione\",\"@id\":\"https:\\\/\\\/www.bellunopress.it\\\/#\\\/schema\\\/person\\\/79bb06722b37ece1c03d3e94beb30d73\"},\"headline\":\"Oscar De Bona: &#8220;L&#8217;Unesco pone vincoli al nostro territorio!&#8221;\",\"datePublished\":\"2009-03-06T22:34:46+00:00\",\"mainEntityOfPage\":{\"@id\":\"https:\\\/\\\/www.bellunopress.it\\\/2009\\\/03\\\/06\\\/oscar-de-bona-lunesco-pone-vincoli-al-nostro-territorio\\\/\"},\"wordCount\":126,\"publisher\":{\"@id\":\"https:\\\/\\\/www.bellunopress.it\\\/#organization\"},\"image\":{\"@id\":\"https:\\\/\\\/www.bellunopress.it\\\/2009\\\/03\\\/06\\\/oscar-de-bona-lunesco-pone-vincoli-al-nostro-territorio\\\/#primaryimage\"},\"thumbnailUrl\":\"http:\\\/\\\/www.bellunopress.it\\\/wp-content\\\/uploads\\\/2009\\\/02\\\/oscar-de-bona-80x80.jpg\",\"keywords\":[\"Belluno\",\"Dolomiti\"],\"articleSection\":[\"Prima Pagina\"],\"inLanguage\":\"fr-FR\"},{\"@type\":\"WebPage\",\"@id\":\"https:\\\/\\\/www.bellunopress.it\\\/2009\\\/03\\\/06\\\/oscar-de-bona-lunesco-pone-vincoli-al-nostro-territorio\\\/\",\"url\":\"https:\\\/\\\/www.bellunopress.it\\\/2009\\\/03\\\/06\\\/oscar-de-bona-lunesco-pone-vincoli-al-nostro-territorio\\\/\",\"name\":\"Oscar De Bona: \\\"L'Unesco pone vincoli al nostro territorio!\\\" - Bellunopress - Dolomiti\",\"isPartOf\":{\"@id\":\"https:\\\/\\\/www.bellunopress.it\\\/#website\"},\"primaryImageOfPage\":{\"@id\":\"https:\\\/\\\/www.bellunopress.it\\\/2009\\\/03\\\/06\\\/oscar-de-bona-lunesco-pone-vincoli-al-nostro-territorio\\\/#primaryimage\"},\"image\":{\"@id\":\"https:\\\/\\\/www.bellunopress.it\\\/2009\\\/03\\\/06\\\/oscar-de-bona-lunesco-pone-vincoli-al-nostro-territorio\\\/#primaryimage\"},\"thumbnailUrl\":\"http:\\\/\\\/www.bellunopress.it\\\/wp-content\\\/uploads\\\/2009\\\/02\\\/oscar-de-bona-80x80.jpg\",\"datePublished\":\"2009-03-06T22:34:46+00:00\",\"breadcrumb\":{\"@id\":\"https:\\\/\\\/www.bellunopress.it\\\/2009\\\/03\\\/06\\\/oscar-de-bona-lunesco-pone-vincoli-al-nostro-territorio\\\/#breadcrumb\"},\"inLanguage\":\"fr-FR\",\"potentialAction\":[{\"@type\":\"ReadAction\",\"target\":[\"https:\\\/\\\/www.bellunopress.it\\\/2009\\\/03\\\/06\\\/oscar-de-bona-lunesco-pone-vincoli-al-nostro-territorio\\\/\"]}]},{\"@type\":\"ImageObject\",\"inLanguage\":\"fr-FR\",\"@id\":\"https:\\\/\\\/www.bellunopress.it\\\/2009\\\/03\\\/06\\\/oscar-de-bona-lunesco-pone-vincoli-al-nostro-territorio\\\/#primaryimage\",\"url\":\"http:\\\/\\\/www.bellunopress.it\\\/wp-content\\\/uploads\\\/2009\\\/02\\\/oscar-de-bona-80x80.jpg\",\"contentUrl\":\"http:\\\/\\\/www.bellunopress.it\\\/wp-content\\\/uploads\\\/2009\\\/02\\\/oscar-de-bona-80x80.jpg\"},{\"@type\":\"BreadcrumbList\",\"@id\":\"https:\\\/\\\/www.bellunopress.it\\\/2009\\\/03\\\/06\\\/oscar-de-bona-lunesco-pone-vincoli-al-nostro-territorio\\\/#breadcrumb\",\"itemListElement\":[{\"@type\":\"ListItem\",\"position\":1,\"name\":\"Home\",\"item\":\"https:\\\/\\\/www.bellunopress.it\\\/\"},{\"@type\":\"ListItem\",\"position\":2,\"name\":\"Oscar De Bona: &#8220;L&#8217;Unesco pone vincoli al nostro territorio!&#8221;\"}]},{\"@type\":\"WebSite\",\"@id\":\"https:\\\/\\\/www.bellunopress.it\\\/#website\",\"url\":\"https:\\\/\\\/www.bellunopress.it\\\/\",\"name\":\"Bellunopress - Dolomiti\",\"description\":\"e-mail: redazione@bellunopress.it\",\"publisher\":{\"@id\":\"https:\\\/\\\/www.bellunopress.it\\\/#organization\"},\"potentialAction\":[{\"@type\":\"SearchAction\",\"target\":{\"@type\":\"EntryPoint\",\"urlTemplate\":\"https:\\\/\\\/www.bellunopress.it\\\/?s={search_term_string}\"},\"query-input\":{\"@type\":\"PropertyValueSpecification\",\"valueRequired\":true,\"valueName\":\"search_term_string\"}}],\"inLanguage\":\"fr-FR\"},{\"@type\":\"Organization\",\"@id\":\"https:\\\/\\\/www.bellunopress.it\\\/#organization\",\"name\":\"Bellunopress\",\"url\":\"https:\\\/\\\/www.bellunopress.it\\\/\",\"logo\":{\"@type\":\"ImageObject\",\"inLanguage\":\"fr-FR\",\"@id\":\"https:\\\/\\\/www.bellunopress.it\\\/#\\\/schema\\\/logo\\\/image\\\/\",\"url\":\"https:\\\/\\\/www.bellunopress.it\\\/wp-content\\\/uploads\\\/2011\\\/05\\\/cropped-logo-bellunopress-.jpg\",\"contentUrl\":\"https:\\\/\\\/www.bellunopress.it\\\/wp-content\\\/uploads\\\/2011\\\/05\\\/cropped-logo-bellunopress-.jpg\",\"width\":512,\"height\":512,\"caption\":\"Bellunopress\"},\"image\":{\"@id\":\"https:\\\/\\\/www.bellunopress.it\\\/#\\\/schema\\\/logo\\\/image\\\/\"},\"sameAs\":[\"https:\\\/\\\/www.facebook.com\\\/profile.php?id=100008943462799\",\"https:\\\/\\\/x.com\\\/bellunopress\",\"https:\\\/\\\/www.linkedin.com\\\/hp\\\/?dnr=JBzUWaJfMUw8vbXJJ2tVW5-I3jZKvC4wsoxE&amp;amp;amp;amp;amp;amp;trk=nav_responsive_tab_home\",\"https:\\\/\\\/www.youtube.com\\\/channel\\\/UCxL0wu1uN0_3_7hGG0306cw\"]},{\"@type\":\"Person\",\"@id\":\"https:\\\/\\\/www.bellunopress.it\\\/#\\\/schema\\\/person\\\/79bb06722b37ece1c03d3e94beb30d73\",\"name\":\"redazione\",\"image\":{\"@type\":\"ImageObject\",\"inLanguage\":\"fr-FR\",\"@id\":\"https:\\\/\\\/secure.gravatar.com\\\/avatar\\\/37d968a2e67a6fd04c169c4bdef102d0bc5d31b2546345219e348575eb80e9a0?s=96&d=mm&r=g\",\"url\":\"https:\\\/\\\/secure.gravatar.com\\\/avatar\\\/37d968a2e67a6fd04c169c4bdef102d0bc5d31b2546345219e348575eb80e9a0?s=96&d=mm&r=g\",\"contentUrl\":\"https:\\\/\\\/secure.gravatar.com\\\/avatar\\\/37d968a2e67a6fd04c169c4bdef102d0bc5d31b2546345219e348575eb80e9a0?s=96&d=mm&r=g\",\"caption\":\"redazione\"},\"sameAs\":[\"http:\\\/\\\/www.bellunopress.it\",\"https:\\\/\\\/x.com\\\/bellunopress\"],\"url\":\"https:\\\/\\\/www.bellunopress.it\\\/fr\\\/author\\\/redazione\\\/\"}]}<\/script>\n<!-- \/ Yoast SEO plugin. -->","yoast_head_json":{"title":"Oscar De Bona: \"L'Unesco pone vincoli al nostro territorio!\" - Bellunopress - Dolomiti","robots":{"index":"index","follow":"follow","max-snippet":"max-snippet:-1","max-image-preview":"max-image-preview:large","max-video-preview":"max-video-preview:-1"},"canonical":"https:\/\/www.bellunopress.it\/fr\/2009\/03\/06\/oscar-de-bona-lunesco-pone-vincoli-al-nostro-territorio\/","og_locale":"fr_FR","og_type":"article","og_title":"Oscar De Bona: \"L'Unesco pone vincoli al nostro territorio!\" - Bellunopress - Dolomiti","og_description":"\u00abSpiace leggere oggi sulla stampa le affermazioni, che oso definire \u201cleggere\u201d, pronunciate dal presidente della Provincia, Sergio Reolon, sulla questione \u201cDolomiti patrimonio dell\u2019umanit\u00e0\u201d &#8211; scrive Oscar De Bona assessore della Regione Veneto &#8211;\u00a0 Egli mi tira in ballo, tacciandomi addirittura da mistificatore con l\u2019intento meschino di sconfessarmi, quando sostengo con dati alla mano che l\u2019Unesco [&hellip;]","og_url":"https:\/\/www.bellunopress.it\/fr\/2009\/03\/06\/oscar-de-bona-lunesco-pone-vincoli-al-nostro-territorio\/","og_site_name":"Bellunopress - Dolomiti","article_publisher":"https:\/\/www.facebook.com\/profile.php?id=100008943462799","article_published_time":"2009-03-06T22:34:46+00:00","og_image":[{"url":"http:\/\/www.bellunopress.it\/wp-content\/uploads\/2009\/02\/oscar-de-bona-80x80.jpg","type":"","width":"","height":""}],"author":"redazione","twitter_card":"summary_large_image","twitter_creator":"@bellunopress","twitter_site":"@bellunopress","twitter_misc":{"\u00c9crit par":"redazione","Dur\u00e9e de lecture estim\u00e9e":"1 minute"},"schema":{"@context":"https:\/\/schema.org","@graph":[{"@type":"Article","@id":"https:\/\/www.bellunopress.it\/2009\/03\/06\/oscar-de-bona-lunesco-pone-vincoli-al-nostro-territorio\/#article","isPartOf":{"@id":"https:\/\/www.bellunopress.it\/2009\/03\/06\/oscar-de-bona-lunesco-pone-vincoli-al-nostro-territorio\/"},"author":{"name":"redazione","@id":"https:\/\/www.bellunopress.it\/#\/schema\/person\/79bb06722b37ece1c03d3e94beb30d73"},"headline":"Oscar De Bona: &#8220;L&#8217;Unesco pone vincoli al nostro territorio!&#8221;","datePublished":"2009-03-06T22:34:46+00:00","mainEntityOfPage":{"@id":"https:\/\/www.bellunopress.it\/2009\/03\/06\/oscar-de-bona-lunesco-pone-vincoli-al-nostro-territorio\/"},"wordCount":126,"publisher":{"@id":"https:\/\/www.bellunopress.it\/#organization"},"image":{"@id":"https:\/\/www.bellunopress.it\/2009\/03\/06\/oscar-de-bona-lunesco-pone-vincoli-al-nostro-territorio\/#primaryimage"},"thumbnailUrl":"http:\/\/www.bellunopress.it\/wp-content\/uploads\/2009\/02\/oscar-de-bona-80x80.jpg","keywords":["Belluno","Dolomiti"],"articleSection":["Prima Pagina"],"inLanguage":"fr-FR"},{"@type":"WebPage","@id":"https:\/\/www.bellunopress.it\/2009\/03\/06\/oscar-de-bona-lunesco-pone-vincoli-al-nostro-territorio\/","url":"https:\/\/www.bellunopress.it\/2009\/03\/06\/oscar-de-bona-lunesco-pone-vincoli-al-nostro-territorio\/","name":"Oscar De Bona: \"L'Unesco pone vincoli al nostro territorio!\" - Bellunopress - Dolomiti","isPartOf":{"@id":"https:\/\/www.bellunopress.it\/#website"},"primaryImageOfPage":{"@id":"https:\/\/www.bellunopress.it\/2009\/03\/06\/oscar-de-bona-lunesco-pone-vincoli-al-nostro-territorio\/#primaryimage"},"image":{"@id":"https:\/\/www.bellunopress.it\/2009\/03\/06\/oscar-de-bona-lunesco-pone-vincoli-al-nostro-territorio\/#primaryimage"},"thumbnailUrl":"http:\/\/www.bellunopress.it\/wp-content\/uploads\/2009\/02\/oscar-de-bona-80x80.jpg","datePublished":"2009-03-06T22:34:46+00:00","breadcrumb":{"@id":"https:\/\/www.bellunopress.it\/2009\/03\/06\/oscar-de-bona-lunesco-pone-vincoli-al-nostro-territorio\/#breadcrumb"},"inLanguage":"fr-FR","potentialAction":[{"@type":"ReadAction","target":["https:\/\/www.bellunopress.it\/2009\/03\/06\/oscar-de-bona-lunesco-pone-vincoli-al-nostro-territorio\/"]}]},{"@type":"ImageObject","inLanguage":"fr-FR","@id":"https:\/\/www.bellunopress.it\/2009\/03\/06\/oscar-de-bona-lunesco-pone-vincoli-al-nostro-territorio\/#primaryimage","url":"http:\/\/www.bellunopress.it\/wp-content\/uploads\/2009\/02\/oscar-de-bona-80x80.jpg","contentUrl":"http:\/\/www.bellunopress.it\/wp-content\/uploads\/2009\/02\/oscar-de-bona-80x80.jpg"},{"@type":"BreadcrumbList","@id":"https:\/\/www.bellunopress.it\/2009\/03\/06\/oscar-de-bona-lunesco-pone-vincoli-al-nostro-territorio\/#breadcrumb","itemListElement":[{"@type":"ListItem","position":1,"name":"Home","item":"https:\/\/www.bellunopress.it\/"},{"@type":"ListItem","position":2,"name":"Oscar De Bona: &#8220;L&#8217;Unesco pone vincoli al nostro territorio!&#8221;"}]},{"@type":"WebSite","@id":"https:\/\/www.bellunopress.it\/#website","url":"https:\/\/www.bellunopress.it\/","name":"Bellunopress - Dolomiti","description":"e-mail: redazione@bellunopress.it","publisher":{"@id":"https:\/\/www.bellunopress.it\/#organization"},"potentialAction":[{"@type":"SearchAction","target":{"@type":"EntryPoint","urlTemplate":"https:\/\/www.bellunopress.it\/?s={search_term_string}"},"query-input":{"@type":"PropertyValueSpecification","valueRequired":true,"valueName":"search_term_string"}}],"inLanguage":"fr-FR"},{"@type":"Organization","@id":"https:\/\/www.bellunopress.it\/#organization","name":"Bellunopress","url":"https:\/\/www.bellunopress.it\/","logo":{"@type":"ImageObject","inLanguage":"fr-FR","@id":"https:\/\/www.bellunopress.it\/#\/schema\/logo\/image\/","url":"https:\/\/www.bellunopress.it\/wp-content\/uploads\/2011\/05\/cropped-logo-bellunopress-.jpg","contentUrl":"https:\/\/www.bellunopress.it\/wp-content\/uploads\/2011\/05\/cropped-logo-bellunopress-.jpg","width":512,"height":512,"caption":"Bellunopress"},"image":{"@id":"https:\/\/www.bellunopress.it\/#\/schema\/logo\/image\/"},"sameAs":["https:\/\/www.facebook.com\/profile.php?id=100008943462799","https:\/\/x.com\/bellunopress","https:\/\/www.linkedin.com\/hp\/?dnr=JBzUWaJfMUw8vbXJJ2tVW5-I3jZKvC4wsoxE&amp;amp;amp;amp;amp;amp;trk=nav_responsive_tab_home","https:\/\/www.youtube.com\/channel\/UCxL0wu1uN0_3_7hGG0306cw"]},{"@type":"Person","@id":"https:\/\/www.bellunopress.it\/#\/schema\/person\/79bb06722b37ece1c03d3e94beb30d73","name":"r\u00e9daction","image":{"@type":"ImageObject","inLanguage":"fr-FR","@id":"https:\/\/secure.gravatar.com\/avatar\/37d968a2e67a6fd04c169c4bdef102d0bc5d31b2546345219e348575eb80e9a0?s=96&d=mm&r=g","url":"https:\/\/secure.gravatar.com\/avatar\/37d968a2e67a6fd04c169c4bdef102d0bc5d31b2546345219e348575eb80e9a0?s=96&d=mm&r=g","contentUrl":"https:\/\/secure.gravatar.com\/avatar\/37d968a2e67a6fd04c169c4bdef102d0bc5d31b2546345219e348575eb80e9a0?s=96&d=mm&r=g","caption":"redazione"},"sameAs":["http:\/\/www.bellunopress.it","https:\/\/x.com\/bellunopress"],"url":"https:\/\/www.bellunopress.it\/fr\/author\/redazione\/"}]}},"_links":{"self":[{"href":"https:\/\/www.bellunopress.it\/fr\/wp-json\/wp\/v2\/posts\/1350","targetHints":{"allow":["GET"]}}],"collection":[{"href":"https:\/\/www.bellunopress.it\/fr\/wp-json\/wp\/v2\/posts"}],"about":[{"href":"https:\/\/www.bellunopress.it\/fr\/wp-json\/wp\/v2\/types\/post"}],"author":[{"embeddable":true,"href":"https:\/\/www.bellunopress.it\/fr\/wp-json\/wp\/v2\/users\/2"}],"replies":[{"embeddable":true,"href":"https:\/\/www.bellunopress.it\/fr\/wp-json\/wp\/v2\/comments?post=1350"}],"version-history":[{"count":1,"href":"https:\/\/www.bellunopress.it\/fr\/wp-json\/wp\/v2\/posts\/1350\/revisions"}],"predecessor-version":[{"id":1351,"href":"https:\/\/www.bellunopress.it\/fr\/wp-json\/wp\/v2\/posts\/1350\/revisions\/1351"}],"wp:attachment":[{"href":"https:\/\/www.bellunopress.it\/fr\/wp-json\/wp\/v2\/media?parent=1350"}],"wp:term":[{"taxonomy":"category","embeddable":true,"href":"https:\/\/www.bellunopress.it\/fr\/wp-json\/wp\/v2\/categories?post=1350"},{"taxonomy":"post_tag","embeddable":true,"href":"https:\/\/www.bellunopress.it\/fr\/wp-json\/wp\/v2\/tags?post=1350"}],"curies":[{"name":"wp","href":"https:\/\/api.w.org\/{rel}","templated":true}]}}