{"id":13387,"date":"2010-03-11T15:27:04","date_gmt":"2010-03-11T14:27:04","guid":{"rendered":"http:\/\/www.bellunopress.it\/?p=13387"},"modified":"2010-03-11T15:27:04","modified_gmt":"2010-03-11T14:27:04","slug":"immigrazione-rinnovate-le-convenzioni-con-veneto-lavoro-e-italia-lavoro","status":"publish","type":"post","link":"https:\/\/www.bellunopress.it\/fr\/2010\/03\/11\/immigrazione-rinnovate-le-convenzioni-con-veneto-lavoro-e-italia-lavoro\/","title":{"rendered":"Immigrazione, rinnovate le convenzioni con Veneto Lavoro e Italia Lavoro"},"content":{"rendered":"<p><a href=\"http:\/\/www.bellunopress.it\/wp-content\/uploads\/2009\/07\/oscar-de-bona-270x270.jpg\"><img loading=\"lazy\" decoding=\"async\" class=\"alignleft size-medium wp-image-6499\" title=\"oscar-de-bona-270x270\" src=\"http:\/\/www.bellunopress.it\/wp-content\/uploads\/2009\/07\/oscar-de-bona-270x270.jpg\" alt=\"\" width=\"270\" height=\"270\" srcset=\"https:\/\/www.bellunopress.it\/wp-content\/uploads\/2009\/07\/oscar-de-bona-270x270.jpg 270w, https:\/\/www.bellunopress.it\/wp-content\/uploads\/2009\/07\/oscar-de-bona-270x270-150x150.jpg 150w\" sizes=\"auto, (max-width: 270px) 100vw, 270px\" \/><\/a>La giunta regionale, su proposta dell\u2019assessore Oscar De Bona, ha prorogato fino al 20 marzo del prossimo anno la convenzione stipulata con Veneto Lavoro per la gestione dell\u2019Osservatorio regionale dell\u2019immigrazione. \u00abCon questo provvedimento &#8211; spiega De Bona &#8211; viene assicurata continuit\u00e0 nel monitoraggio costante dei flussi migratori e quindi nella conoscenza della situazione in tempo reale riguardo l\u2019immigrazione straniera sul nostro territorio regionale\u00bb.\u00a0 Il governo veneto, sempre su proposta di De Bona, ha prorogato fino al 20 marzo 2010 anche la convenzione stipulata con Italia Lavoro, l\u2019istituto che assicura il coordinamento informativo, organizzato tra gli enti locali e gli operatori attivi nel settore, dell\u2019inserimento sociale e lavorativo degli immigrati non comunitari regolarmente soggiornanti in Veneto. Lo scopo \u00e8 quello di sviluppare sinergie territoriali e assicurare costante osservazione sul funzionamento di servizi, progetti e interventi. Il Veneto dell\u2019immigrazione in questi ultimi due decenni \u00e8 mutato profondamente. Dal rapporto 2009 curato dall\u2019Osservatorio regionale gestito da Veneto Lavoro\u00a0 risulta che, nel contesto nazionale, questa regione si conferma una delle principali per attrazione di flussi di immigrati. E gli stranieri regolari si stanno integrando sempre pi\u00f9 nel mondo del lavoro e nell\u2019ambito sociale. Sono ormai lontani gli anni delle prime immigrazioni di persone provenienti dai paesi in via di sviluppo e alla ricerca di fortuna soprattutto nei principali centri urbani.\u00a0 Le provenienze allora erano contenute e la tipologia dell\u2019immigrato corrispondeva essenzialmente ai collaboratori domestici da un lato e al lavoratore uomo, solo, spesso ambulante e di colore, dall\u2019altro. Gli attuali insediamenti di immigrati invece sono diffusi sul territorio, tesi alla stabilizzazione e con famiglia, magari occupando spazi precedentemente lasciati liberi dalla popolazione autoctona. Ecco che allora anche i piccoli comuni contrassegnati da forti processi di abbandono hanno gradualmente acquistato una certa vitalit\u00e0 e le abitazioni tendono a riempirsi di nuovo. Il trend degli stranieri regolari nelle province del Veneto conferma questo dato. Se dal censimento del 1991 risulta che gli immigrati erano 847 a Belluno, 4.075 a Padova, 529 a Rovigo, 4.482 a Treviso, 2.806 a Venezia, 6.245 a Verona e 6.487 a Vicenza, a fine 2007 il numero dei residenti stranieri era schizzato a cifre ben pi\u00f9 alte: 11.624 a Belluno, 69.321 a Padova, 13.245 a Rovigo, 87.976 a Treviso, 53.550 a Venezia, 86.062 a Verona e 82.207 a Vicenza. Di conseguenza anche il mondo dell\u2019istruzione negli ultimi anni ha risentito fortemente del fenomeno. Se prendiamo gli studenti stranieri che frequentano le scuole secondarie di secondo grado, vediamo che gli iscritti all\u2019anno scolastico 2008\/09 in Veneto erano 13.444: 2.180 di nazionalit\u00e0 rumena, 1.527 albanese, 1.515 moldava, 1.200 marocchina, 1.007 cinese, 945 serba e montenegrina, 479 macedone, 470 ghanese, 399 ucraina, 364 indiana e altri gruppi minori.<\/p>","protected":false},"excerpt":{"rendered":"<p>La giunta regionale, su proposta dell\u2019assessore Oscar De Bona, ha prorogato fino al 20 marzo del prossimo anno la convenzione stipulata con Veneto Lavoro per la gestione dell\u2019Osservatorio regionale dell\u2019immigrazione. \u00abCon questo provvedimento &#8211; spiega De Bona &#8211; viene assicurata continuit\u00e0 nel monitoraggio costante dei flussi migratori e quindi nella conoscenza della situazione in tempo [&hellip;]<\/p>\n","protected":false},"author":2,"featured_media":0,"comment_status":"closed","ping_status":"open","sticky":false,"template":"","format":"standard","meta":{"footnotes":""},"categories":[5,26],"tags":[690,153,691],"class_list":["post-13387","post","type-post","status-publish","format-standard","category-cronaca","category-prima-pagina","tag-italia-lavoro","tag-oscar-de-bona","tag-veneto-lavoro"],"yoast_head":"<!-- This site is optimized with the Yoast SEO plugin v28.4 - https:\/\/yoast.com\/product\/yoast-seo-wordpress\/ -->\n<title>Immigrazione, rinnovate le convenzioni con Veneto Lavoro e Italia Lavoro - Bellunopress - Dolomiti<\/title>\n<meta name=\"robots\" content=\"index, follow, max-snippet:-1, max-image-preview:large, max-video-preview:-1\" \/>\n<link rel=\"canonical\" href=\"https:\/\/www.bellunopress.it\/fr\/2010\/03\/11\/immigrazione-rinnovate-le-convenzioni-con-veneto-lavoro-e-italia-lavoro\/\" \/>\n<meta property=\"og:locale\" content=\"fr_FR\" \/>\n<meta property=\"og:type\" content=\"article\" \/>\n<meta property=\"og:title\" content=\"Immigrazione, rinnovate le convenzioni con Veneto Lavoro e Italia Lavoro - Bellunopress - Dolomiti\" \/>\n<meta property=\"og:description\" content=\"La giunta regionale, su proposta dell\u2019assessore Oscar De Bona, ha prorogato fino al 20 marzo del prossimo anno la convenzione stipulata con Veneto Lavoro per la gestione dell\u2019Osservatorio regionale dell\u2019immigrazione. \u00abCon questo provvedimento &#8211; spiega De Bona &#8211; viene assicurata continuit\u00e0 nel monitoraggio costante dei flussi migratori e quindi nella conoscenza della situazione in tempo [&hellip;]\" \/>\n<meta property=\"og:url\" content=\"https:\/\/www.bellunopress.it\/fr\/2010\/03\/11\/immigrazione-rinnovate-le-convenzioni-con-veneto-lavoro-e-italia-lavoro\/\" \/>\n<meta property=\"og:site_name\" content=\"Bellunopress - Dolomiti\" \/>\n<meta property=\"article:publisher\" content=\"https:\/\/www.facebook.com\/profile.php?id=100008943462799\" \/>\n<meta property=\"article:published_time\" content=\"2010-03-11T14:27:04+00:00\" \/>\n<meta property=\"og:image\" content=\"http:\/\/www.bellunopress.it\/wp-content\/uploads\/2009\/07\/oscar-de-bona-270x270.jpg\" \/>\n<meta name=\"author\" content=\"redazione\" \/>\n<meta name=\"twitter:card\" content=\"summary_large_image\" \/>\n<meta name=\"twitter:creator\" content=\"@bellunopress\" \/>\n<meta name=\"twitter:site\" content=\"@bellunopress\" \/>\n<meta name=\"twitter:label1\" content=\"\u00c9crit par\" \/>\n\t<meta name=\"twitter:data1\" content=\"redazione\" \/>\n\t<meta name=\"twitter:label2\" content=\"Dur\u00e9e de lecture estim\u00e9e\" \/>\n\t<meta name=\"twitter:data2\" content=\"2 minutes\" \/>\n<script type=\"application\/ld+json\" class=\"yoast-schema-graph\">{\"@context\":\"https:\\\/\\\/schema.org\",\"@graph\":[{\"@type\":\"Article\",\"@id\":\"https:\\\/\\\/www.bellunopress.it\\\/2010\\\/03\\\/11\\\/immigrazione-rinnovate-le-convenzioni-con-veneto-lavoro-e-italia-lavoro\\\/#article\",\"isPartOf\":{\"@id\":\"https:\\\/\\\/www.bellunopress.it\\\/2010\\\/03\\\/11\\\/immigrazione-rinnovate-le-convenzioni-con-veneto-lavoro-e-italia-lavoro\\\/\"},\"author\":{\"name\":\"redazione\",\"@id\":\"https:\\\/\\\/www.bellunopress.it\\\/#\\\/schema\\\/person\\\/79bb06722b37ece1c03d3e94beb30d73\"},\"headline\":\"Immigrazione, rinnovate le convenzioni con Veneto Lavoro e Italia Lavoro\",\"datePublished\":\"2010-03-11T14:27:04+00:00\",\"mainEntityOfPage\":{\"@id\":\"https:\\\/\\\/www.bellunopress.it\\\/2010\\\/03\\\/11\\\/immigrazione-rinnovate-le-convenzioni-con-veneto-lavoro-e-italia-lavoro\\\/\"},\"wordCount\":432,\"publisher\":{\"@id\":\"https:\\\/\\\/www.bellunopress.it\\\/#organization\"},\"image\":{\"@id\":\"https:\\\/\\\/www.bellunopress.it\\\/2010\\\/03\\\/11\\\/immigrazione-rinnovate-le-convenzioni-con-veneto-lavoro-e-italia-lavoro\\\/#primaryimage\"},\"thumbnailUrl\":\"http:\\\/\\\/www.bellunopress.it\\\/wp-content\\\/uploads\\\/2009\\\/07\\\/oscar-de-bona-270x270.jpg\",\"keywords\":[\"Italia Lavoro\",\"Oscar De Bona\",\"Veneto Lavoro\"],\"articleSection\":[\"Cronaca\\\/Politica\",\"Prima Pagina\"],\"inLanguage\":\"fr-FR\"},{\"@type\":\"WebPage\",\"@id\":\"https:\\\/\\\/www.bellunopress.it\\\/2010\\\/03\\\/11\\\/immigrazione-rinnovate-le-convenzioni-con-veneto-lavoro-e-italia-lavoro\\\/\",\"url\":\"https:\\\/\\\/www.bellunopress.it\\\/2010\\\/03\\\/11\\\/immigrazione-rinnovate-le-convenzioni-con-veneto-lavoro-e-italia-lavoro\\\/\",\"name\":\"Immigrazione, rinnovate le convenzioni con Veneto Lavoro e Italia Lavoro - Bellunopress - Dolomiti\",\"isPartOf\":{\"@id\":\"https:\\\/\\\/www.bellunopress.it\\\/#website\"},\"primaryImageOfPage\":{\"@id\":\"https:\\\/\\\/www.bellunopress.it\\\/2010\\\/03\\\/11\\\/immigrazione-rinnovate-le-convenzioni-con-veneto-lavoro-e-italia-lavoro\\\/#primaryimage\"},\"image\":{\"@id\":\"https:\\\/\\\/www.bellunopress.it\\\/2010\\\/03\\\/11\\\/immigrazione-rinnovate-le-convenzioni-con-veneto-lavoro-e-italia-lavoro\\\/#primaryimage\"},\"thumbnailUrl\":\"http:\\\/\\\/www.bellunopress.it\\\/wp-content\\\/uploads\\\/2009\\\/07\\\/oscar-de-bona-270x270.jpg\",\"datePublished\":\"2010-03-11T14:27:04+00:00\",\"breadcrumb\":{\"@id\":\"https:\\\/\\\/www.bellunopress.it\\\/2010\\\/03\\\/11\\\/immigrazione-rinnovate-le-convenzioni-con-veneto-lavoro-e-italia-lavoro\\\/#breadcrumb\"},\"inLanguage\":\"fr-FR\",\"potentialAction\":[{\"@type\":\"ReadAction\",\"target\":[\"https:\\\/\\\/www.bellunopress.it\\\/2010\\\/03\\\/11\\\/immigrazione-rinnovate-le-convenzioni-con-veneto-lavoro-e-italia-lavoro\\\/\"]}]},{\"@type\":\"ImageObject\",\"inLanguage\":\"fr-FR\",\"@id\":\"https:\\\/\\\/www.bellunopress.it\\\/2010\\\/03\\\/11\\\/immigrazione-rinnovate-le-convenzioni-con-veneto-lavoro-e-italia-lavoro\\\/#primaryimage\",\"url\":\"http:\\\/\\\/www.bellunopress.it\\\/wp-content\\\/uploads\\\/2009\\\/07\\\/oscar-de-bona-270x270.jpg\",\"contentUrl\":\"http:\\\/\\\/www.bellunopress.it\\\/wp-content\\\/uploads\\\/2009\\\/07\\\/oscar-de-bona-270x270.jpg\"},{\"@type\":\"BreadcrumbList\",\"@id\":\"https:\\\/\\\/www.bellunopress.it\\\/2010\\\/03\\\/11\\\/immigrazione-rinnovate-le-convenzioni-con-veneto-lavoro-e-italia-lavoro\\\/#breadcrumb\",\"itemListElement\":[{\"@type\":\"ListItem\",\"position\":1,\"name\":\"Home\",\"item\":\"https:\\\/\\\/www.bellunopress.it\\\/\"},{\"@type\":\"ListItem\",\"position\":2,\"name\":\"Immigrazione, rinnovate le convenzioni con Veneto Lavoro e Italia Lavoro\"}]},{\"@type\":\"WebSite\",\"@id\":\"https:\\\/\\\/www.bellunopress.it\\\/#website\",\"url\":\"https:\\\/\\\/www.bellunopress.it\\\/\",\"name\":\"Bellunopress - Dolomiti\",\"description\":\"e-mail: redazione@bellunopress.it\",\"publisher\":{\"@id\":\"https:\\\/\\\/www.bellunopress.it\\\/#organization\"},\"potentialAction\":[{\"@type\":\"SearchAction\",\"target\":{\"@type\":\"EntryPoint\",\"urlTemplate\":\"https:\\\/\\\/www.bellunopress.it\\\/?s={search_term_string}\"},\"query-input\":{\"@type\":\"PropertyValueSpecification\",\"valueRequired\":true,\"valueName\":\"search_term_string\"}}],\"inLanguage\":\"fr-FR\"},{\"@type\":\"Organization\",\"@id\":\"https:\\\/\\\/www.bellunopress.it\\\/#organization\",\"name\":\"Bellunopress\",\"url\":\"https:\\\/\\\/www.bellunopress.it\\\/\",\"logo\":{\"@type\":\"ImageObject\",\"inLanguage\":\"fr-FR\",\"@id\":\"https:\\\/\\\/www.bellunopress.it\\\/#\\\/schema\\\/logo\\\/image\\\/\",\"url\":\"https:\\\/\\\/www.bellunopress.it\\\/wp-content\\\/uploads\\\/2011\\\/05\\\/cropped-logo-bellunopress-.jpg\",\"contentUrl\":\"https:\\\/\\\/www.bellunopress.it\\\/wp-content\\\/uploads\\\/2011\\\/05\\\/cropped-logo-bellunopress-.jpg\",\"width\":512,\"height\":512,\"caption\":\"Bellunopress\"},\"image\":{\"@id\":\"https:\\\/\\\/www.bellunopress.it\\\/#\\\/schema\\\/logo\\\/image\\\/\"},\"sameAs\":[\"https:\\\/\\\/www.facebook.com\\\/profile.php?id=100008943462799\",\"https:\\\/\\\/x.com\\\/bellunopress\",\"https:\\\/\\\/www.linkedin.com\\\/hp\\\/?dnr=JBzUWaJfMUw8vbXJJ2tVW5-I3jZKvC4wsoxE&amp;amp;amp;amp;amp;amp;trk=nav_responsive_tab_home\",\"https:\\\/\\\/www.youtube.com\\\/channel\\\/UCxL0wu1uN0_3_7hGG0306cw\"]},{\"@type\":\"Person\",\"@id\":\"https:\\\/\\\/www.bellunopress.it\\\/#\\\/schema\\\/person\\\/79bb06722b37ece1c03d3e94beb30d73\",\"name\":\"redazione\",\"image\":{\"@type\":\"ImageObject\",\"inLanguage\":\"fr-FR\",\"@id\":\"https:\\\/\\\/secure.gravatar.com\\\/avatar\\\/37d968a2e67a6fd04c169c4bdef102d0bc5d31b2546345219e348575eb80e9a0?s=96&d=mm&r=g\",\"url\":\"https:\\\/\\\/secure.gravatar.com\\\/avatar\\\/37d968a2e67a6fd04c169c4bdef102d0bc5d31b2546345219e348575eb80e9a0?s=96&d=mm&r=g\",\"contentUrl\":\"https:\\\/\\\/secure.gravatar.com\\\/avatar\\\/37d968a2e67a6fd04c169c4bdef102d0bc5d31b2546345219e348575eb80e9a0?s=96&d=mm&r=g\",\"caption\":\"redazione\"},\"sameAs\":[\"http:\\\/\\\/www.bellunopress.it\",\"https:\\\/\\\/x.com\\\/bellunopress\"],\"url\":\"https:\\\/\\\/www.bellunopress.it\\\/fr\\\/author\\\/redazione\\\/\"}]}<\/script>\n<!-- \/ Yoast SEO plugin. -->","yoast_head_json":{"title":"Immigrazione, rinnovate le convenzioni con Veneto Lavoro e Italia Lavoro - Bellunopress - Dolomiti","robots":{"index":"index","follow":"follow","max-snippet":"max-snippet:-1","max-image-preview":"max-image-preview:large","max-video-preview":"max-video-preview:-1"},"canonical":"https:\/\/www.bellunopress.it\/fr\/2010\/03\/11\/immigrazione-rinnovate-le-convenzioni-con-veneto-lavoro-e-italia-lavoro\/","og_locale":"fr_FR","og_type":"article","og_title":"Immigrazione, rinnovate le convenzioni con Veneto Lavoro e Italia Lavoro - Bellunopress - Dolomiti","og_description":"La giunta regionale, su proposta dell\u2019assessore Oscar De Bona, ha prorogato fino al 20 marzo del prossimo anno la convenzione stipulata con Veneto Lavoro per la gestione dell\u2019Osservatorio regionale dell\u2019immigrazione. \u00abCon questo provvedimento &#8211; spiega De Bona &#8211; viene assicurata continuit\u00e0 nel monitoraggio costante dei flussi migratori e quindi nella conoscenza della situazione in tempo [&hellip;]","og_url":"https:\/\/www.bellunopress.it\/fr\/2010\/03\/11\/immigrazione-rinnovate-le-convenzioni-con-veneto-lavoro-e-italia-lavoro\/","og_site_name":"Bellunopress - Dolomiti","article_publisher":"https:\/\/www.facebook.com\/profile.php?id=100008943462799","article_published_time":"2010-03-11T14:27:04+00:00","og_image":[{"url":"http:\/\/www.bellunopress.it\/wp-content\/uploads\/2009\/07\/oscar-de-bona-270x270.jpg","type":"","width":"","height":""}],"author":"redazione","twitter_card":"summary_large_image","twitter_creator":"@bellunopress","twitter_site":"@bellunopress","twitter_misc":{"\u00c9crit par":"redazione","Dur\u00e9e de lecture estim\u00e9e":"2 minutes"},"schema":{"@context":"https:\/\/schema.org","@graph":[{"@type":"Article","@id":"https:\/\/www.bellunopress.it\/2010\/03\/11\/immigrazione-rinnovate-le-convenzioni-con-veneto-lavoro-e-italia-lavoro\/#article","isPartOf":{"@id":"https:\/\/www.bellunopress.it\/2010\/03\/11\/immigrazione-rinnovate-le-convenzioni-con-veneto-lavoro-e-italia-lavoro\/"},"author":{"name":"redazione","@id":"https:\/\/www.bellunopress.it\/#\/schema\/person\/79bb06722b37ece1c03d3e94beb30d73"},"headline":"Immigrazione, rinnovate le convenzioni con Veneto Lavoro e Italia Lavoro","datePublished":"2010-03-11T14:27:04+00:00","mainEntityOfPage":{"@id":"https:\/\/www.bellunopress.it\/2010\/03\/11\/immigrazione-rinnovate-le-convenzioni-con-veneto-lavoro-e-italia-lavoro\/"},"wordCount":432,"publisher":{"@id":"https:\/\/www.bellunopress.it\/#organization"},"image":{"@id":"https:\/\/www.bellunopress.it\/2010\/03\/11\/immigrazione-rinnovate-le-convenzioni-con-veneto-lavoro-e-italia-lavoro\/#primaryimage"},"thumbnailUrl":"http:\/\/www.bellunopress.it\/wp-content\/uploads\/2009\/07\/oscar-de-bona-270x270.jpg","keywords":["Italia Lavoro","Oscar De Bona","Veneto Lavoro"],"articleSection":["Cronaca\/Politica","Prima Pagina"],"inLanguage":"fr-FR"},{"@type":"WebPage","@id":"https:\/\/www.bellunopress.it\/2010\/03\/11\/immigrazione-rinnovate-le-convenzioni-con-veneto-lavoro-e-italia-lavoro\/","url":"https:\/\/www.bellunopress.it\/2010\/03\/11\/immigrazione-rinnovate-le-convenzioni-con-veneto-lavoro-e-italia-lavoro\/","name":"Immigrazione, rinnovate le convenzioni con Veneto Lavoro e Italia Lavoro - Bellunopress - Dolomiti","isPartOf":{"@id":"https:\/\/www.bellunopress.it\/#website"},"primaryImageOfPage":{"@id":"https:\/\/www.bellunopress.it\/2010\/03\/11\/immigrazione-rinnovate-le-convenzioni-con-veneto-lavoro-e-italia-lavoro\/#primaryimage"},"image":{"@id":"https:\/\/www.bellunopress.it\/2010\/03\/11\/immigrazione-rinnovate-le-convenzioni-con-veneto-lavoro-e-italia-lavoro\/#primaryimage"},"thumbnailUrl":"http:\/\/www.bellunopress.it\/wp-content\/uploads\/2009\/07\/oscar-de-bona-270x270.jpg","datePublished":"2010-03-11T14:27:04+00:00","breadcrumb":{"@id":"https:\/\/www.bellunopress.it\/2010\/03\/11\/immigrazione-rinnovate-le-convenzioni-con-veneto-lavoro-e-italia-lavoro\/#breadcrumb"},"inLanguage":"fr-FR","potentialAction":[{"@type":"ReadAction","target":["https:\/\/www.bellunopress.it\/2010\/03\/11\/immigrazione-rinnovate-le-convenzioni-con-veneto-lavoro-e-italia-lavoro\/"]}]},{"@type":"ImageObject","inLanguage":"fr-FR","@id":"https:\/\/www.bellunopress.it\/2010\/03\/11\/immigrazione-rinnovate-le-convenzioni-con-veneto-lavoro-e-italia-lavoro\/#primaryimage","url":"http:\/\/www.bellunopress.it\/wp-content\/uploads\/2009\/07\/oscar-de-bona-270x270.jpg","contentUrl":"http:\/\/www.bellunopress.it\/wp-content\/uploads\/2009\/07\/oscar-de-bona-270x270.jpg"},{"@type":"BreadcrumbList","@id":"https:\/\/www.bellunopress.it\/2010\/03\/11\/immigrazione-rinnovate-le-convenzioni-con-veneto-lavoro-e-italia-lavoro\/#breadcrumb","itemListElement":[{"@type":"ListItem","position":1,"name":"Home","item":"https:\/\/www.bellunopress.it\/"},{"@type":"ListItem","position":2,"name":"Immigrazione, rinnovate le convenzioni con Veneto Lavoro e Italia Lavoro"}]},{"@type":"WebSite","@id":"https:\/\/www.bellunopress.it\/#website","url":"https:\/\/www.bellunopress.it\/","name":"Bellunopress - Dolomiti","description":"e-mail: redazione@bellunopress.it","publisher":{"@id":"https:\/\/www.bellunopress.it\/#organization"},"potentialAction":[{"@type":"SearchAction","target":{"@type":"EntryPoint","urlTemplate":"https:\/\/www.bellunopress.it\/?s={search_term_string}"},"query-input":{"@type":"PropertyValueSpecification","valueRequired":true,"valueName":"search_term_string"}}],"inLanguage":"fr-FR"},{"@type":"Organization","@id":"https:\/\/www.bellunopress.it\/#organization","name":"Bellunopress","url":"https:\/\/www.bellunopress.it\/","logo":{"@type":"ImageObject","inLanguage":"fr-FR","@id":"https:\/\/www.bellunopress.it\/#\/schema\/logo\/image\/","url":"https:\/\/www.bellunopress.it\/wp-content\/uploads\/2011\/05\/cropped-logo-bellunopress-.jpg","contentUrl":"https:\/\/www.bellunopress.it\/wp-content\/uploads\/2011\/05\/cropped-logo-bellunopress-.jpg","width":512,"height":512,"caption":"Bellunopress"},"image":{"@id":"https:\/\/www.bellunopress.it\/#\/schema\/logo\/image\/"},"sameAs":["https:\/\/www.facebook.com\/profile.php?id=100008943462799","https:\/\/x.com\/bellunopress","https:\/\/www.linkedin.com\/hp\/?dnr=JBzUWaJfMUw8vbXJJ2tVW5-I3jZKvC4wsoxE&amp;amp;amp;amp;amp;amp;trk=nav_responsive_tab_home","https:\/\/www.youtube.com\/channel\/UCxL0wu1uN0_3_7hGG0306cw"]},{"@type":"Person","@id":"https:\/\/www.bellunopress.it\/#\/schema\/person\/79bb06722b37ece1c03d3e94beb30d73","name":"r\u00e9daction","image":{"@type":"ImageObject","inLanguage":"fr-FR","@id":"https:\/\/secure.gravatar.com\/avatar\/37d968a2e67a6fd04c169c4bdef102d0bc5d31b2546345219e348575eb80e9a0?s=96&d=mm&r=g","url":"https:\/\/secure.gravatar.com\/avatar\/37d968a2e67a6fd04c169c4bdef102d0bc5d31b2546345219e348575eb80e9a0?s=96&d=mm&r=g","contentUrl":"https:\/\/secure.gravatar.com\/avatar\/37d968a2e67a6fd04c169c4bdef102d0bc5d31b2546345219e348575eb80e9a0?s=96&d=mm&r=g","caption":"redazione"},"sameAs":["http:\/\/www.bellunopress.it","https:\/\/x.com\/bellunopress"],"url":"https:\/\/www.bellunopress.it\/fr\/author\/redazione\/"}]}},"_links":{"self":[{"href":"https:\/\/www.bellunopress.it\/fr\/wp-json\/wp\/v2\/posts\/13387","targetHints":{"allow":["GET"]}}],"collection":[{"href":"https:\/\/www.bellunopress.it\/fr\/wp-json\/wp\/v2\/posts"}],"about":[{"href":"https:\/\/www.bellunopress.it\/fr\/wp-json\/wp\/v2\/types\/post"}],"author":[{"embeddable":true,"href":"https:\/\/www.bellunopress.it\/fr\/wp-json\/wp\/v2\/users\/2"}],"replies":[{"embeddable":true,"href":"https:\/\/www.bellunopress.it\/fr\/wp-json\/wp\/v2\/comments?post=13387"}],"version-history":[{"count":1,"href":"https:\/\/www.bellunopress.it\/fr\/wp-json\/wp\/v2\/posts\/13387\/revisions"}],"predecessor-version":[{"id":13388,"href":"https:\/\/www.bellunopress.it\/fr\/wp-json\/wp\/v2\/posts\/13387\/revisions\/13388"}],"wp:attachment":[{"href":"https:\/\/www.bellunopress.it\/fr\/wp-json\/wp\/v2\/media?parent=13387"}],"wp:term":[{"taxonomy":"category","embeddable":true,"href":"https:\/\/www.bellunopress.it\/fr\/wp-json\/wp\/v2\/categories?post=13387"},{"taxonomy":"post_tag","embeddable":true,"href":"https:\/\/www.bellunopress.it\/fr\/wp-json\/wp\/v2\/tags?post=13387"}],"curies":[{"name":"wp","href":"https:\/\/api.w.org\/{rel}","templated":true}]}}