{"id":13385,"date":"2010-03-11T13:00:18","date_gmt":"2010-03-11T12:00:18","guid":{"rendered":"http:\/\/www.bellunopress.it\/?p=13385"},"modified":"2010-03-11T13:00:18","modified_gmt":"2010-03-11T12:00:18","slug":"scuola-aperta-sabato-allitis-negrelli-e-allitg-forcellini-di-feltre","status":"publish","type":"post","link":"https:\/\/www.bellunopress.it\/fr\/2010\/03\/11\/scuola-aperta-sabato-allitis-negrelli-e-allitg-forcellini-di-feltre\/","title":{"rendered":"Scuola aperta, sabato all&#8217;Itis &#8220;Negrelli&#8221; e all&#8217;Itg &#8220;Forcellini&#8221; di Feltre"},"content":{"rendered":"<p>Orientare ed orientarsi oggi nella societ\u00e0 postindustriale e globalizzata sono diventate operazioni non solo pi\u00f9 complesse ed articolate ma ancora pi\u00f9 cariche di conseguenze per il singolo e per la collettivit\u00e0 di quanto non lo fossero prima. Per rendere pi\u00f9 efficaci gli interventi di orientamento e favorire scelte consapevoli, \u00e8 necessaria un\u2019intensa attivit\u00e0 di informazione. A questo quadro, alla luce delle riforma delle scuole superiori, si aggiunge l\u2019esigenza\u00a0 di fornire chiare e corrette informazioni per far conoscere agli studenti e alle loro famiglie i diversi percorsi formativi offerti dal ns. Istituto e gli sbocchi occupazionali. Si comunica che, al fine di perseguire questi obiettivi, l\u2019Istituto di Istruzione Superiore \u201cNegrelli\u201d, formato da I.T.I.S. \u201cL. Negrelli\u201d e I.T.G. \u201cE. Forcellini\u201d, sabato 13 marzo 2010 dalle ore 15.00 alle ore 17.00 propone un\u2019altra giornata di scuola aperta. I docenti saranno a disposizione di genitori ed alunni per far visitare la scuola, fornire maggiori informazioni sulla riforma degli Istituti Tecnici e presentare la nuova offerta formativa. Si comunica, inoltre, che fino al 31 maggio \u00e8 possibile iscriversi al corso serale per conseguire il\u00a0 diploma di Geometra. Anche su questo percorso formativo sar\u00e0 possibile ricevere informazioni\u00a0 durante la scuola aperta, inoltre\u00a0 tutti gli interessati potranno richiedere\u00a0 informazioni rivolgendosi alla segreteria dell\u2019istituto al numero 0439 301390<\/p>","protected":false},"excerpt":{"rendered":"<p>Orientare ed orientarsi oggi nella societ\u00e0 postindustriale e globalizzata sono diventate operazioni non solo pi\u00f9 complesse ed articolate ma ancora pi\u00f9 cariche di conseguenze per il singolo e per la collettivit\u00e0 di quanto non lo fossero prima. Per rendere pi\u00f9 efficaci gli interventi di orientamento e favorire scelte consapevoli, \u00e8 necessaria un\u2019intensa attivit\u00e0 di informazione. [&hellip;]<\/p>\n","protected":false},"author":2,"featured_media":0,"comment_status":"closed","ping_status":"open","sticky":false,"template":"","format":"standard","meta":{"footnotes":""},"categories":[25,15],"tags":[689,688],"class_list":["post-13385","post","type-post","status-publish","format-standard","category-pausa-caffe","category-scuola","tag-itg-forcellini-feltre-scuola-aperta","tag-itis-negrelli-feltre"],"yoast_head":"<!-- This site is optimized with the Yoast SEO plugin v28.4 - https:\/\/yoast.com\/product\/yoast-seo-wordpress\/ -->\n<title>Scuola aperta, sabato all&#039;Itis &quot;Negrelli&quot; e all&#039;Itg &quot;Forcellini&quot; di Feltre - Bellunopress - Dolomiti<\/title>\n<meta name=\"robots\" content=\"index, follow, max-snippet:-1, max-image-preview:large, max-video-preview:-1\" \/>\n<link rel=\"canonical\" href=\"https:\/\/www.bellunopress.it\/fr\/2010\/03\/11\/scuola-aperta-sabato-allitis-negrelli-e-allitg-forcellini-di-feltre\/\" \/>\n<meta property=\"og:locale\" content=\"fr_FR\" \/>\n<meta property=\"og:type\" content=\"article\" \/>\n<meta property=\"og:title\" content=\"Scuola aperta, sabato all&#039;Itis &quot;Negrelli&quot; e all&#039;Itg &quot;Forcellini&quot; di Feltre - Bellunopress - Dolomiti\" \/>\n<meta property=\"og:description\" content=\"Orientare ed orientarsi oggi nella societ\u00e0 postindustriale e globalizzata sono diventate operazioni non solo pi\u00f9 complesse ed articolate ma ancora pi\u00f9 cariche di conseguenze per il singolo e per la collettivit\u00e0 di quanto non lo fossero prima. Per rendere pi\u00f9 efficaci gli interventi di orientamento e favorire scelte consapevoli, \u00e8 necessaria un\u2019intensa attivit\u00e0 di informazione. [&hellip;]\" \/>\n<meta property=\"og:url\" content=\"https:\/\/www.bellunopress.it\/fr\/2010\/03\/11\/scuola-aperta-sabato-allitis-negrelli-e-allitg-forcellini-di-feltre\/\" \/>\n<meta property=\"og:site_name\" content=\"Bellunopress - Dolomiti\" \/>\n<meta property=\"article:publisher\" content=\"https:\/\/www.facebook.com\/profile.php?id=100008943462799\" \/>\n<meta property=\"article:published_time\" content=\"2010-03-11T12:00:18+00:00\" \/>\n<meta property=\"og:image\" content=\"http:\/\/www.bellunopress.it\/wp-content\/uploads\/2012\/07\/logo-bellunopress-250x250-2012.jpg\" \/>\n<meta name=\"author\" content=\"redazione\" \/>\n<meta name=\"twitter:card\" content=\"summary_large_image\" \/>\n<meta name=\"twitter:creator\" content=\"@bellunopress\" \/>\n<meta name=\"twitter:site\" content=\"@bellunopress\" \/>\n<meta name=\"twitter:label1\" content=\"\u00c9crit par\" \/>\n\t<meta name=\"twitter:data1\" content=\"redazione\" \/>\n\t<meta name=\"twitter:label2\" content=\"Dur\u00e9e de lecture estim\u00e9e\" \/>\n\t<meta name=\"twitter:data2\" content=\"1 minute\" \/>\n<script type=\"application\/ld+json\" class=\"yoast-schema-graph\">{\"@context\":\"https:\\\/\\\/schema.org\",\"@graph\":[{\"@type\":\"Article\",\"@id\":\"https:\\\/\\\/www.bellunopress.it\\\/2010\\\/03\\\/11\\\/scuola-aperta-sabato-allitis-negrelli-e-allitg-forcellini-di-feltre\\\/#article\",\"isPartOf\":{\"@id\":\"https:\\\/\\\/www.bellunopress.it\\\/2010\\\/03\\\/11\\\/scuola-aperta-sabato-allitis-negrelli-e-allitg-forcellini-di-feltre\\\/\"},\"author\":{\"name\":\"redazione\",\"@id\":\"https:\\\/\\\/www.bellunopress.it\\\/#\\\/schema\\\/person\\\/79bb06722b37ece1c03d3e94beb30d73\"},\"headline\":\"Scuola aperta, sabato all&#8217;Itis &#8220;Negrelli&#8221; e all&#8217;Itg &#8220;Forcellini&#8221; di Feltre\",\"datePublished\":\"2010-03-11T12:00:18+00:00\",\"mainEntityOfPage\":{\"@id\":\"https:\\\/\\\/www.bellunopress.it\\\/2010\\\/03\\\/11\\\/scuola-aperta-sabato-allitis-negrelli-e-allitg-forcellini-di-feltre\\\/\"},\"wordCount\":223,\"publisher\":{\"@id\":\"https:\\\/\\\/www.bellunopress.it\\\/#organization\"},\"keywords\":[\"Itg Forcellini Feltre. Scuola aperta\",\"Itis Negrelli feltre\"],\"articleSection\":[\"Pausa Caff\u00e8\",\"Scuola\"],\"inLanguage\":\"fr-FR\"},{\"@type\":\"WebPage\",\"@id\":\"https:\\\/\\\/www.bellunopress.it\\\/2010\\\/03\\\/11\\\/scuola-aperta-sabato-allitis-negrelli-e-allitg-forcellini-di-feltre\\\/\",\"url\":\"https:\\\/\\\/www.bellunopress.it\\\/2010\\\/03\\\/11\\\/scuola-aperta-sabato-allitis-negrelli-e-allitg-forcellini-di-feltre\\\/\",\"name\":\"Scuola aperta, sabato all'Itis \\\"Negrelli\\\" e all'Itg \\\"Forcellini\\\" di Feltre - Bellunopress - Dolomiti\",\"isPartOf\":{\"@id\":\"https:\\\/\\\/www.bellunopress.it\\\/#website\"},\"datePublished\":\"2010-03-11T12:00:18+00:00\",\"breadcrumb\":{\"@id\":\"https:\\\/\\\/www.bellunopress.it\\\/2010\\\/03\\\/11\\\/scuola-aperta-sabato-allitis-negrelli-e-allitg-forcellini-di-feltre\\\/#breadcrumb\"},\"inLanguage\":\"fr-FR\",\"potentialAction\":[{\"@type\":\"ReadAction\",\"target\":[\"https:\\\/\\\/www.bellunopress.it\\\/2010\\\/03\\\/11\\\/scuola-aperta-sabato-allitis-negrelli-e-allitg-forcellini-di-feltre\\\/\"]}]},{\"@type\":\"BreadcrumbList\",\"@id\":\"https:\\\/\\\/www.bellunopress.it\\\/2010\\\/03\\\/11\\\/scuola-aperta-sabato-allitis-negrelli-e-allitg-forcellini-di-feltre\\\/#breadcrumb\",\"itemListElement\":[{\"@type\":\"ListItem\",\"position\":1,\"name\":\"Home\",\"item\":\"https:\\\/\\\/www.bellunopress.it\\\/\"},{\"@type\":\"ListItem\",\"position\":2,\"name\":\"Scuola aperta, sabato all&#8217;Itis &#8220;Negrelli&#8221; e all&#8217;Itg &#8220;Forcellini&#8221; di Feltre\"}]},{\"@type\":\"WebSite\",\"@id\":\"https:\\\/\\\/www.bellunopress.it\\\/#website\",\"url\":\"https:\\\/\\\/www.bellunopress.it\\\/\",\"name\":\"Bellunopress - Dolomiti\",\"description\":\"e-mail: redazione@bellunopress.it\",\"publisher\":{\"@id\":\"https:\\\/\\\/www.bellunopress.it\\\/#organization\"},\"potentialAction\":[{\"@type\":\"SearchAction\",\"target\":{\"@type\":\"EntryPoint\",\"urlTemplate\":\"https:\\\/\\\/www.bellunopress.it\\\/?s={search_term_string}\"},\"query-input\":{\"@type\":\"PropertyValueSpecification\",\"valueRequired\":true,\"valueName\":\"search_term_string\"}}],\"inLanguage\":\"fr-FR\"},{\"@type\":\"Organization\",\"@id\":\"https:\\\/\\\/www.bellunopress.it\\\/#organization\",\"name\":\"Bellunopress\",\"url\":\"https:\\\/\\\/www.bellunopress.it\\\/\",\"logo\":{\"@type\":\"ImageObject\",\"inLanguage\":\"fr-FR\",\"@id\":\"https:\\\/\\\/www.bellunopress.it\\\/#\\\/schema\\\/logo\\\/image\\\/\",\"url\":\"https:\\\/\\\/www.bellunopress.it\\\/wp-content\\\/uploads\\\/2011\\\/05\\\/cropped-logo-bellunopress-.jpg\",\"contentUrl\":\"https:\\\/\\\/www.bellunopress.it\\\/wp-content\\\/uploads\\\/2011\\\/05\\\/cropped-logo-bellunopress-.jpg\",\"width\":512,\"height\":512,\"caption\":\"Bellunopress\"},\"image\":{\"@id\":\"https:\\\/\\\/www.bellunopress.it\\\/#\\\/schema\\\/logo\\\/image\\\/\"},\"sameAs\":[\"https:\\\/\\\/www.facebook.com\\\/profile.php?id=100008943462799\",\"https:\\\/\\\/x.com\\\/bellunopress\",\"https:\\\/\\\/www.linkedin.com\\\/hp\\\/?dnr=JBzUWaJfMUw8vbXJJ2tVW5-I3jZKvC4wsoxE&amp;amp;amp;amp;amp;amp;trk=nav_responsive_tab_home\",\"https:\\\/\\\/www.youtube.com\\\/channel\\\/UCxL0wu1uN0_3_7hGG0306cw\"]},{\"@type\":\"Person\",\"@id\":\"https:\\\/\\\/www.bellunopress.it\\\/#\\\/schema\\\/person\\\/79bb06722b37ece1c03d3e94beb30d73\",\"name\":\"redazione\",\"image\":{\"@type\":\"ImageObject\",\"inLanguage\":\"fr-FR\",\"@id\":\"https:\\\/\\\/secure.gravatar.com\\\/avatar\\\/37d968a2e67a6fd04c169c4bdef102d0bc5d31b2546345219e348575eb80e9a0?s=96&d=mm&r=g\",\"url\":\"https:\\\/\\\/secure.gravatar.com\\\/avatar\\\/37d968a2e67a6fd04c169c4bdef102d0bc5d31b2546345219e348575eb80e9a0?s=96&d=mm&r=g\",\"contentUrl\":\"https:\\\/\\\/secure.gravatar.com\\\/avatar\\\/37d968a2e67a6fd04c169c4bdef102d0bc5d31b2546345219e348575eb80e9a0?s=96&d=mm&r=g\",\"caption\":\"redazione\"},\"sameAs\":[\"http:\\\/\\\/www.bellunopress.it\",\"https:\\\/\\\/x.com\\\/bellunopress\"],\"url\":\"https:\\\/\\\/www.bellunopress.it\\\/fr\\\/author\\\/redazione\\\/\"}]}<\/script>\n<!-- \/ Yoast SEO plugin. -->","yoast_head_json":{"title":"Scuola aperta, sabato all'Itis \"Negrelli\" e all'Itg \"Forcellini\" di Feltre - Bellunopress - Dolomiti","robots":{"index":"index","follow":"follow","max-snippet":"max-snippet:-1","max-image-preview":"max-image-preview:large","max-video-preview":"max-video-preview:-1"},"canonical":"https:\/\/www.bellunopress.it\/fr\/2010\/03\/11\/scuola-aperta-sabato-allitis-negrelli-e-allitg-forcellini-di-feltre\/","og_locale":"fr_FR","og_type":"article","og_title":"Scuola aperta, sabato all'Itis \"Negrelli\" e all'Itg \"Forcellini\" di Feltre - Bellunopress - Dolomiti","og_description":"Orientare ed orientarsi oggi nella societ\u00e0 postindustriale e globalizzata sono diventate operazioni non solo pi\u00f9 complesse ed articolate ma ancora pi\u00f9 cariche di conseguenze per il singolo e per la collettivit\u00e0 di quanto non lo fossero prima. Per rendere pi\u00f9 efficaci gli interventi di orientamento e favorire scelte consapevoli, \u00e8 necessaria un\u2019intensa attivit\u00e0 di informazione. [&hellip;]","og_url":"https:\/\/www.bellunopress.it\/fr\/2010\/03\/11\/scuola-aperta-sabato-allitis-negrelli-e-allitg-forcellini-di-feltre\/","og_site_name":"Bellunopress - Dolomiti","article_publisher":"https:\/\/www.facebook.com\/profile.php?id=100008943462799","article_published_time":"2010-03-11T12:00:18+00:00","og_image":[{"url":"http:\/\/www.bellunopress.it\/wp-content\/uploads\/2012\/07\/logo-bellunopress-250x250-2012.jpg","type":"","width":"","height":""}],"author":"redazione","twitter_card":"summary_large_image","twitter_creator":"@bellunopress","twitter_site":"@bellunopress","twitter_misc":{"\u00c9crit par":"redazione","Dur\u00e9e de lecture estim\u00e9e":"1 minute"},"schema":{"@context":"https:\/\/schema.org","@graph":[{"@type":"Article","@id":"https:\/\/www.bellunopress.it\/2010\/03\/11\/scuola-aperta-sabato-allitis-negrelli-e-allitg-forcellini-di-feltre\/#article","isPartOf":{"@id":"https:\/\/www.bellunopress.it\/2010\/03\/11\/scuola-aperta-sabato-allitis-negrelli-e-allitg-forcellini-di-feltre\/"},"author":{"name":"redazione","@id":"https:\/\/www.bellunopress.it\/#\/schema\/person\/79bb06722b37ece1c03d3e94beb30d73"},"headline":"Scuola aperta, sabato all&#8217;Itis &#8220;Negrelli&#8221; e all&#8217;Itg &#8220;Forcellini&#8221; di Feltre","datePublished":"2010-03-11T12:00:18+00:00","mainEntityOfPage":{"@id":"https:\/\/www.bellunopress.it\/2010\/03\/11\/scuola-aperta-sabato-allitis-negrelli-e-allitg-forcellini-di-feltre\/"},"wordCount":223,"publisher":{"@id":"https:\/\/www.bellunopress.it\/#organization"},"keywords":["Itg Forcellini Feltre. Scuola aperta","Itis Negrelli feltre"],"articleSection":["Pausa Caff\u00e8","Scuola"],"inLanguage":"fr-FR"},{"@type":"WebPage","@id":"https:\/\/www.bellunopress.it\/2010\/03\/11\/scuola-aperta-sabato-allitis-negrelli-e-allitg-forcellini-di-feltre\/","url":"https:\/\/www.bellunopress.it\/2010\/03\/11\/scuola-aperta-sabato-allitis-negrelli-e-allitg-forcellini-di-feltre\/","name":"Scuola aperta, sabato all'Itis \"Negrelli\" e all'Itg \"Forcellini\" di Feltre - Bellunopress - Dolomiti","isPartOf":{"@id":"https:\/\/www.bellunopress.it\/#website"},"datePublished":"2010-03-11T12:00:18+00:00","breadcrumb":{"@id":"https:\/\/www.bellunopress.it\/2010\/03\/11\/scuola-aperta-sabato-allitis-negrelli-e-allitg-forcellini-di-feltre\/#breadcrumb"},"inLanguage":"fr-FR","potentialAction":[{"@type":"ReadAction","target":["https:\/\/www.bellunopress.it\/2010\/03\/11\/scuola-aperta-sabato-allitis-negrelli-e-allitg-forcellini-di-feltre\/"]}]},{"@type":"BreadcrumbList","@id":"https:\/\/www.bellunopress.it\/2010\/03\/11\/scuola-aperta-sabato-allitis-negrelli-e-allitg-forcellini-di-feltre\/#breadcrumb","itemListElement":[{"@type":"ListItem","position":1,"name":"Home","item":"https:\/\/www.bellunopress.it\/"},{"@type":"ListItem","position":2,"name":"Scuola aperta, sabato all&#8217;Itis &#8220;Negrelli&#8221; e all&#8217;Itg &#8220;Forcellini&#8221; di Feltre"}]},{"@type":"WebSite","@id":"https:\/\/www.bellunopress.it\/#website","url":"https:\/\/www.bellunopress.it\/","name":"Bellunopress - Dolomiti","description":"e-mail: redazione@bellunopress.it","publisher":{"@id":"https:\/\/www.bellunopress.it\/#organization"},"potentialAction":[{"@type":"SearchAction","target":{"@type":"EntryPoint","urlTemplate":"https:\/\/www.bellunopress.it\/?s={search_term_string}"},"query-input":{"@type":"PropertyValueSpecification","valueRequired":true,"valueName":"search_term_string"}}],"inLanguage":"fr-FR"},{"@type":"Organization","@id":"https:\/\/www.bellunopress.it\/#organization","name":"Bellunopress","url":"https:\/\/www.bellunopress.it\/","logo":{"@type":"ImageObject","inLanguage":"fr-FR","@id":"https:\/\/www.bellunopress.it\/#\/schema\/logo\/image\/","url":"https:\/\/www.bellunopress.it\/wp-content\/uploads\/2011\/05\/cropped-logo-bellunopress-.jpg","contentUrl":"https:\/\/www.bellunopress.it\/wp-content\/uploads\/2011\/05\/cropped-logo-bellunopress-.jpg","width":512,"height":512,"caption":"Bellunopress"},"image":{"@id":"https:\/\/www.bellunopress.it\/#\/schema\/logo\/image\/"},"sameAs":["https:\/\/www.facebook.com\/profile.php?id=100008943462799","https:\/\/x.com\/bellunopress","https:\/\/www.linkedin.com\/hp\/?dnr=JBzUWaJfMUw8vbXJJ2tVW5-I3jZKvC4wsoxE&amp;amp;amp;amp;amp;amp;trk=nav_responsive_tab_home","https:\/\/www.youtube.com\/channel\/UCxL0wu1uN0_3_7hGG0306cw"]},{"@type":"Person","@id":"https:\/\/www.bellunopress.it\/#\/schema\/person\/79bb06722b37ece1c03d3e94beb30d73","name":"r\u00e9daction","image":{"@type":"ImageObject","inLanguage":"fr-FR","@id":"https:\/\/secure.gravatar.com\/avatar\/37d968a2e67a6fd04c169c4bdef102d0bc5d31b2546345219e348575eb80e9a0?s=96&d=mm&r=g","url":"https:\/\/secure.gravatar.com\/avatar\/37d968a2e67a6fd04c169c4bdef102d0bc5d31b2546345219e348575eb80e9a0?s=96&d=mm&r=g","contentUrl":"https:\/\/secure.gravatar.com\/avatar\/37d968a2e67a6fd04c169c4bdef102d0bc5d31b2546345219e348575eb80e9a0?s=96&d=mm&r=g","caption":"redazione"},"sameAs":["http:\/\/www.bellunopress.it","https:\/\/x.com\/bellunopress"],"url":"https:\/\/www.bellunopress.it\/fr\/author\/redazione\/"}]}},"_links":{"self":[{"href":"https:\/\/www.bellunopress.it\/fr\/wp-json\/wp\/v2\/posts\/13385","targetHints":{"allow":["GET"]}}],"collection":[{"href":"https:\/\/www.bellunopress.it\/fr\/wp-json\/wp\/v2\/posts"}],"about":[{"href":"https:\/\/www.bellunopress.it\/fr\/wp-json\/wp\/v2\/types\/post"}],"author":[{"embeddable":true,"href":"https:\/\/www.bellunopress.it\/fr\/wp-json\/wp\/v2\/users\/2"}],"replies":[{"embeddable":true,"href":"https:\/\/www.bellunopress.it\/fr\/wp-json\/wp\/v2\/comments?post=13385"}],"version-history":[{"count":1,"href":"https:\/\/www.bellunopress.it\/fr\/wp-json\/wp\/v2\/posts\/13385\/revisions"}],"predecessor-version":[{"id":13386,"href":"https:\/\/www.bellunopress.it\/fr\/wp-json\/wp\/v2\/posts\/13385\/revisions\/13386"}],"wp:attachment":[{"href":"https:\/\/www.bellunopress.it\/fr\/wp-json\/wp\/v2\/media?parent=13385"}],"wp:term":[{"taxonomy":"category","embeddable":true,"href":"https:\/\/www.bellunopress.it\/fr\/wp-json\/wp\/v2\/categories?post=13385"},{"taxonomy":"post_tag","embeddable":true,"href":"https:\/\/www.bellunopress.it\/fr\/wp-json\/wp\/v2\/tags?post=13385"}],"curies":[{"name":"wp","href":"https:\/\/api.w.org\/{rel}","templated":true}]}}