{"id":13372,"date":"2010-03-10T21:42:17","date_gmt":"2010-03-10T20:42:17","guid":{"rendered":"http:\/\/www.bellunopress.it\/?p=13372"},"modified":"2010-03-10T21:42:17","modified_gmt":"2010-03-10T20:42:17","slug":"contributi-di-2-milioni-e-95-mila-euro-alle-strutture-sociosanitarie-della-provincia-di-belluno","status":"publish","type":"post","link":"https:\/\/www.bellunopress.it\/fr\/2010\/03\/10\/contributi-di-2-milioni-e-95-mila-euro-alle-strutture-sociosanitarie-della-provincia-di-belluno\/","title":{"rendered":"Contributi di 2 milioni e 95 mila euro alle strutture sociosanitarie della Provincia di Belluno"},"content":{"rendered":"<p>La Giunta veneta ha approvato un provvedimento con cui sono stati assegnati 38.260.000 euro di ripartizione dei contributi per il 2010 a strutture del settore sociosanitario, pubbliche e private, per rispondere al meglio al bisogno di assistenza e cura da parte degli anziani, dei disabili, dei minori. Il provvedimento \u00e8 previsto dall\u2019articolo 36 della legge regionale n.1 del 2004, per interventi di aggiornamento e miglioramento di strutture. Ne informa l\u2019Assessore regionale alle politiche sociali. Con la deliberazione del 23 dicembre scorso la Giunta veneta ha delineato il programma degli investimenti da attuare nel triennio 2010-2012 approvando\u00a0 l\u2019elenco delle domande di contributo in conto capitale. Si tratta di azioni costanti portate avanti negli anni su tutto il territorio veneto\u00a0 per raggiungere l\u2019obiettivo che il Veneto si \u00e8 posto: mettere al centro della propria azione istituzionale la dignit\u00e0 della persona e il suo diritto a ricevere la migliore assistenza possibile. Per quanto riguarda l\u2019applicazione della legge regionale n.1 del 2004, l\u2019Assessore regionale ricorda che nei sei anni di programmazione dal 2004 al 2009, la Regione, ha erogato oltre 140 milioni di euro per circa 500 interventi. Una quantit\u00e0 ingente d\u2019 investimenti che evidenzia, con le risorse attribuite ora per il 2010, l\u2019importanza delle politiche sociali nell\u2019intera programmazione istituzionale della Regione Veneto e mostra le ricadute non solo sociali ma anche strettamente economiche che queste operazioni mettono in moto, tanto pi\u00f9 importanti ora in fase di crisi. Del contributo regionale complessivo di 38,3 milioni di euro la ripartizione per provincia vede:9,7 milioni di euro a strutture del veronese;8,9 milioni di euro a strutture del trevigiano;6,6 milioni di euro a strutture vicentine; 5,4 milioni di euro a strutture del veneziano;3 milioni di euro a strutture del padovano, 2,6 milioni di euro a strutture polesane; 2,1 milioni di euro a strutture del bellunese.<\/p>\n<p>PROVINCIA DI BELLUNO<br \/>\nENTE\u00a0 STRUTTURA\u00a0\u00a0\u00a0\u00a0\u00a0\u00a0\u00a0\u00a0\u00a0\u00a0\u00a0\u00a0\u00a0\u00a0\u00a0 COMUNE PROV\u00a0\u00a0\u00a0\u00a0\u00a0\u00a0\u00a0\u00a0\u00a0\u00a0\u00a0\u00a0\u00a0\u00a0\u00a0\u00a0\u00a0\u00a0\u00a0\u00a0\u00a0\u00a0\u00a0\u00a0\u00a0\u00a0\u00a0\u00a0\u00a0\u00a0\u00a0\u00a0\u00a0\u00a0\u00a0\u00a0\u00a0\u00a0\u00a0\u00a0\u00a0\u00a0\u00a0\u00a0\u00a0\u00a0 CONTRIBUTO\u00a0\u00a0\u00a0\u00a0\u00a0\u00a0\u00a0\u00a0\u00a0\u00a0\u00a0\u00a0\u00a0\u00a0\u00a0\u00a0\u00a0\u00a0 TIPO<br \/>\nCOMUNE DI FELTRE\u00a0\u00a0\u00a0\u00a0\u00a0\u00a0 CASA DI RIPOSO A. BRANDALISE FELTRE BL 170.000,00\u00a0\u00a0\u00a0\u00a0\u00a0\u00a0\u00a0\u00a0\u00a0\u00a0\u00a0\u00a0\u00a0\u00a0\u00a0\u00a0\u00a0\u00a0\u00a0\u00a0\u00a0\u00a0\u00a0\u00a0\u00a0 ccap<br \/>\nCOMUNE DI LENTIAI\u00a0\u00a0\u00a0\u00a0\u00a0 ROSA E ETTORE MIONE LENTIAI BL\u00a0\u00a0\u00a0\u00a0\u00a0\u00a0\u00a0\u00a0\u00a0\u00a0\u00a0\u00a0\u00a0\u00a0\u00a0\u00a0 600.000,00\u00a0\u00a0\u00a0\u00a0\u00a0\u00a0\u00a0\u00a0\u00a0\u00a0\u00a0\u00a0\u00a0\u00a0\u00a0\u00a0\u00a0\u00a0\u00a0\u00a0\u00a0\u00a0\u00a0\u00a0\u00a0 ccap<br \/>\nCOMUNE DI LIMANA\u00a0\u00a0\u00a0\u00a0 CENTRO PER I SERVIZI ALL&#8217;ANZIANO &#8220;ING. CORIOLANO TESTOLINI&#8221; LIMANA\u00a0 BL\u00a0 300.000,00\u00a0\u00a0 ccap<br \/>\nCOMUNE DI LIMANA\u00a0\u00a0\u00a0\u00a0 CENTRO PER I SERVIZI ALL&#8217;ANZIANO &#8220;ING. CORIOLANO TESTOLINI&#8221; LIMANA\u00a0 BL\u00a0 500.000,00\u00a0\u00a0 FR<br \/>\nCOMUNE DI MEL\u00a0\u00a0\u00a0\u00a0\u00a0\u00a0\u00a0\u00a0\u00a0\u00a0\u00a0\u00a0 CASA DI RIPOSO E CENTRO DIURNO PER ANZIANI MEL BL\u00a0\u00a0\u00a0\u00a0\u00a0\u00a0\u00a0\u00a0\u00a0\u00a0\u00a0\u00a0\u00a0\u00a0\u00a0\u00a0\u00a0\u00a0\u00a0\u00a0\u00a0\u00a0\u00a0\u00a0\u00a0\u00a0\u00a0\u00a0\u00a0\u00a0\u00a0\u00a0\u00a0\u00a0\u00a0\u00a0\u00a0\u00a0\u00a0\u00a0\u00a0\u00a0 200.000,00\u00a0\u00a0 ccap<br \/>\nCOMUNE DI SOVRAMONTE CENTRO DI SERVIZI ALLA PERSONA SOVRAMONTE BL\u00a0\u00a0\u00a0\u00a0\u00a0\u00a0\u00a0\u00a0\u00a0\u00a0\u00a0\u00a0\u00a0\u00a0\u00a0\u00a0\u00a0\u00a0\u00a0\u00a0\u00a0\u00a0\u00a0\u00a0\u00a0\u00a0\u00a0\u00a0\u00a0\u00a0\u00a0\u00a0\u00a0\u00a0\u00a0\u00a0\u00a0\u00a0\u00a0\u00a0\u00a0 200.000,00\u00a0\u00a0\u00a0 ccap<br \/>\nCOMUNIT\u00c0 MONTANA DELL&#8217;ALPAGO CASA DI SOGGIORNO PER ANZIANI &#8211; CENTRO SERVIZI SOCIO ASSISTENZIALI DELL&#8217;ALPAGO PUOS D&#8217;ALPAGO BL 25.000,00 ccap<br \/>\nCOOPERATIVA SOCIALE PORTAPERTA &#8211; ONLUS CENTRO DIURNO &#8220;LA BIROLA&#8221; FELTRE BL 100.000,00 ccap<br \/>\nTOTALE 2.095.000,00<\/p>","protected":false},"excerpt":{"rendered":"<p>La Giunta veneta ha approvato un provvedimento con cui sono stati assegnati 38.260.000 euro di ripartizione dei contributi per il 2010 a strutture del settore sociosanitario, pubbliche e private, per rispondere al meglio al bisogno di assistenza e cura da parte degli anziani, dei disabili, dei minori. Il provvedimento \u00e8 previsto dall\u2019articolo 36 della legge [&hellip;]<\/p>\n","protected":false},"author":2,"featured_media":0,"comment_status":"closed","ping_status":"open","sticky":false,"template":"","format":"standard","meta":{"footnotes":""},"categories":[26,17],"tags":[680,3050,681],"class_list":["post-13372","post","type-post","status-publish","format-standard","category-prima-pagina","category-sanita","tag-contributi-regionali","tag-sanita","tag-strutture-sociosanitarie"],"yoast_head":"<!-- This site is optimized with the Yoast SEO plugin v28.4 - https:\/\/yoast.com\/product\/yoast-seo-wordpress\/ -->\n<title>Contributi di 2 milioni e 95 mila euro alle strutture sociosanitarie della Provincia di Belluno  - Bellunopress - Dolomiti<\/title>\n<meta name=\"robots\" content=\"index, follow, max-snippet:-1, max-image-preview:large, max-video-preview:-1\" \/>\n<link rel=\"canonical\" href=\"https:\/\/www.bellunopress.it\/fr\/2010\/03\/10\/contributi-di-2-milioni-e-95-mila-euro-alle-strutture-sociosanitarie-della-provincia-di-belluno\/\" \/>\n<meta property=\"og:locale\" content=\"fr_FR\" \/>\n<meta property=\"og:type\" content=\"article\" \/>\n<meta property=\"og:title\" content=\"Contributi di 2 milioni e 95 mila euro alle strutture sociosanitarie della Provincia di Belluno  - Bellunopress - Dolomiti\" \/>\n<meta property=\"og:description\" content=\"La Giunta veneta ha approvato un provvedimento con cui sono stati assegnati 38.260.000 euro di ripartizione dei contributi per il 2010 a strutture del settore sociosanitario, pubbliche e private, per rispondere al meglio al bisogno di assistenza e cura da parte degli anziani, dei disabili, dei minori. Il provvedimento \u00e8 previsto dall\u2019articolo 36 della legge [&hellip;]\" \/>\n<meta property=\"og:url\" content=\"https:\/\/www.bellunopress.it\/fr\/2010\/03\/10\/contributi-di-2-milioni-e-95-mila-euro-alle-strutture-sociosanitarie-della-provincia-di-belluno\/\" \/>\n<meta property=\"og:site_name\" content=\"Bellunopress - Dolomiti\" \/>\n<meta property=\"article:publisher\" content=\"https:\/\/www.facebook.com\/profile.php?id=100008943462799\" \/>\n<meta property=\"article:published_time\" content=\"2010-03-10T20:42:17+00:00\" \/>\n<meta property=\"og:image\" content=\"http:\/\/www.bellunopress.it\/wp-content\/uploads\/2012\/07\/logo-bellunopress-250x250-2012.jpg\" \/>\n<meta name=\"author\" content=\"redazione\" \/>\n<meta name=\"twitter:card\" content=\"summary_large_image\" \/>\n<meta name=\"twitter:creator\" content=\"@bellunopress\" \/>\n<meta name=\"twitter:site\" content=\"@bellunopress\" \/>\n<meta name=\"twitter:label1\" content=\"\u00c9crit par\" \/>\n\t<meta name=\"twitter:data1\" content=\"redazione\" \/>\n\t<meta name=\"twitter:label2\" content=\"Dur\u00e9e de lecture estim\u00e9e\" \/>\n\t<meta name=\"twitter:data2\" content=\"2 minutes\" \/>\n<script type=\"application\/ld+json\" class=\"yoast-schema-graph\">{\"@context\":\"https:\\\/\\\/schema.org\",\"@graph\":[{\"@type\":\"Article\",\"@id\":\"https:\\\/\\\/www.bellunopress.it\\\/2010\\\/03\\\/10\\\/contributi-di-2-milioni-e-95-mila-euro-alle-strutture-sociosanitarie-della-provincia-di-belluno\\\/#article\",\"isPartOf\":{\"@id\":\"https:\\\/\\\/www.bellunopress.it\\\/2010\\\/03\\\/10\\\/contributi-di-2-milioni-e-95-mila-euro-alle-strutture-sociosanitarie-della-provincia-di-belluno\\\/\"},\"author\":{\"name\":\"redazione\",\"@id\":\"https:\\\/\\\/www.bellunopress.it\\\/#\\\/schema\\\/person\\\/79bb06722b37ece1c03d3e94beb30d73\"},\"headline\":\"Contributi di 2 milioni e 95 mila euro alle strutture sociosanitarie della Provincia di Belluno\",\"datePublished\":\"2010-03-10T20:42:17+00:00\",\"mainEntityOfPage\":{\"@id\":\"https:\\\/\\\/www.bellunopress.it\\\/2010\\\/03\\\/10\\\/contributi-di-2-milioni-e-95-mila-euro-alle-strutture-sociosanitarie-della-provincia-di-belluno\\\/\"},\"wordCount\":421,\"publisher\":{\"@id\":\"https:\\\/\\\/www.bellunopress.it\\\/#organization\"},\"keywords\":[\"contributi regionali\",\"Sanit\u00e0\",\"strutture sociosanitarie\"],\"articleSection\":[\"Prima Pagina\",\"Sanit\u00e0 Medicina\"],\"inLanguage\":\"fr-FR\"},{\"@type\":\"WebPage\",\"@id\":\"https:\\\/\\\/www.bellunopress.it\\\/2010\\\/03\\\/10\\\/contributi-di-2-milioni-e-95-mila-euro-alle-strutture-sociosanitarie-della-provincia-di-belluno\\\/\",\"url\":\"https:\\\/\\\/www.bellunopress.it\\\/2010\\\/03\\\/10\\\/contributi-di-2-milioni-e-95-mila-euro-alle-strutture-sociosanitarie-della-provincia-di-belluno\\\/\",\"name\":\"Contributi di 2 milioni e 95 mila euro alle strutture sociosanitarie della Provincia di Belluno - Bellunopress - Dolomiti\",\"isPartOf\":{\"@id\":\"https:\\\/\\\/www.bellunopress.it\\\/#website\"},\"datePublished\":\"2010-03-10T20:42:17+00:00\",\"breadcrumb\":{\"@id\":\"https:\\\/\\\/www.bellunopress.it\\\/2010\\\/03\\\/10\\\/contributi-di-2-milioni-e-95-mila-euro-alle-strutture-sociosanitarie-della-provincia-di-belluno\\\/#breadcrumb\"},\"inLanguage\":\"fr-FR\",\"potentialAction\":[{\"@type\":\"ReadAction\",\"target\":[\"https:\\\/\\\/www.bellunopress.it\\\/2010\\\/03\\\/10\\\/contributi-di-2-milioni-e-95-mila-euro-alle-strutture-sociosanitarie-della-provincia-di-belluno\\\/\"]}]},{\"@type\":\"BreadcrumbList\",\"@id\":\"https:\\\/\\\/www.bellunopress.it\\\/2010\\\/03\\\/10\\\/contributi-di-2-milioni-e-95-mila-euro-alle-strutture-sociosanitarie-della-provincia-di-belluno\\\/#breadcrumb\",\"itemListElement\":[{\"@type\":\"ListItem\",\"position\":1,\"name\":\"Home\",\"item\":\"https:\\\/\\\/www.bellunopress.it\\\/\"},{\"@type\":\"ListItem\",\"position\":2,\"name\":\"Contributi di 2 milioni e 95 mila euro alle strutture sociosanitarie della Provincia di Belluno\"}]},{\"@type\":\"WebSite\",\"@id\":\"https:\\\/\\\/www.bellunopress.it\\\/#website\",\"url\":\"https:\\\/\\\/www.bellunopress.it\\\/\",\"name\":\"Bellunopress - Dolomiti\",\"description\":\"e-mail: redazione@bellunopress.it\",\"publisher\":{\"@id\":\"https:\\\/\\\/www.bellunopress.it\\\/#organization\"},\"potentialAction\":[{\"@type\":\"SearchAction\",\"target\":{\"@type\":\"EntryPoint\",\"urlTemplate\":\"https:\\\/\\\/www.bellunopress.it\\\/?s={search_term_string}\"},\"query-input\":{\"@type\":\"PropertyValueSpecification\",\"valueRequired\":true,\"valueName\":\"search_term_string\"}}],\"inLanguage\":\"fr-FR\"},{\"@type\":\"Organization\",\"@id\":\"https:\\\/\\\/www.bellunopress.it\\\/#organization\",\"name\":\"Bellunopress\",\"url\":\"https:\\\/\\\/www.bellunopress.it\\\/\",\"logo\":{\"@type\":\"ImageObject\",\"inLanguage\":\"fr-FR\",\"@id\":\"https:\\\/\\\/www.bellunopress.it\\\/#\\\/schema\\\/logo\\\/image\\\/\",\"url\":\"https:\\\/\\\/www.bellunopress.it\\\/wp-content\\\/uploads\\\/2011\\\/05\\\/cropped-logo-bellunopress-.jpg\",\"contentUrl\":\"https:\\\/\\\/www.bellunopress.it\\\/wp-content\\\/uploads\\\/2011\\\/05\\\/cropped-logo-bellunopress-.jpg\",\"width\":512,\"height\":512,\"caption\":\"Bellunopress\"},\"image\":{\"@id\":\"https:\\\/\\\/www.bellunopress.it\\\/#\\\/schema\\\/logo\\\/image\\\/\"},\"sameAs\":[\"https:\\\/\\\/www.facebook.com\\\/profile.php?id=100008943462799\",\"https:\\\/\\\/x.com\\\/bellunopress\",\"https:\\\/\\\/www.linkedin.com\\\/hp\\\/?dnr=JBzUWaJfMUw8vbXJJ2tVW5-I3jZKvC4wsoxE&amp;amp;amp;amp;amp;amp;trk=nav_responsive_tab_home\",\"https:\\\/\\\/www.youtube.com\\\/channel\\\/UCxL0wu1uN0_3_7hGG0306cw\"]},{\"@type\":\"Person\",\"@id\":\"https:\\\/\\\/www.bellunopress.it\\\/#\\\/schema\\\/person\\\/79bb06722b37ece1c03d3e94beb30d73\",\"name\":\"redazione\",\"image\":{\"@type\":\"ImageObject\",\"inLanguage\":\"fr-FR\",\"@id\":\"https:\\\/\\\/secure.gravatar.com\\\/avatar\\\/37d968a2e67a6fd04c169c4bdef102d0bc5d31b2546345219e348575eb80e9a0?s=96&d=mm&r=g\",\"url\":\"https:\\\/\\\/secure.gravatar.com\\\/avatar\\\/37d968a2e67a6fd04c169c4bdef102d0bc5d31b2546345219e348575eb80e9a0?s=96&d=mm&r=g\",\"contentUrl\":\"https:\\\/\\\/secure.gravatar.com\\\/avatar\\\/37d968a2e67a6fd04c169c4bdef102d0bc5d31b2546345219e348575eb80e9a0?s=96&d=mm&r=g\",\"caption\":\"redazione\"},\"sameAs\":[\"http:\\\/\\\/www.bellunopress.it\",\"https:\\\/\\\/x.com\\\/bellunopress\"],\"url\":\"https:\\\/\\\/www.bellunopress.it\\\/fr\\\/author\\\/redazione\\\/\"}]}<\/script>\n<!-- \/ Yoast SEO plugin. -->","yoast_head_json":{"title":"Contributi di 2 milioni e 95 mila euro alle strutture sociosanitarie della Provincia di Belluno  - Bellunopress - Dolomiti","robots":{"index":"index","follow":"follow","max-snippet":"max-snippet:-1","max-image-preview":"max-image-preview:large","max-video-preview":"max-video-preview:-1"},"canonical":"https:\/\/www.bellunopress.it\/fr\/2010\/03\/10\/contributi-di-2-milioni-e-95-mila-euro-alle-strutture-sociosanitarie-della-provincia-di-belluno\/","og_locale":"fr_FR","og_type":"article","og_title":"Contributi di 2 milioni e 95 mila euro alle strutture sociosanitarie della Provincia di Belluno  - Bellunopress - Dolomiti","og_description":"La Giunta veneta ha approvato un provvedimento con cui sono stati assegnati 38.260.000 euro di ripartizione dei contributi per il 2010 a strutture del settore sociosanitario, pubbliche e private, per rispondere al meglio al bisogno di assistenza e cura da parte degli anziani, dei disabili, dei minori. Il provvedimento \u00e8 previsto dall\u2019articolo 36 della legge [&hellip;]","og_url":"https:\/\/www.bellunopress.it\/fr\/2010\/03\/10\/contributi-di-2-milioni-e-95-mila-euro-alle-strutture-sociosanitarie-della-provincia-di-belluno\/","og_site_name":"Bellunopress - Dolomiti","article_publisher":"https:\/\/www.facebook.com\/profile.php?id=100008943462799","article_published_time":"2010-03-10T20:42:17+00:00","og_image":[{"url":"http:\/\/www.bellunopress.it\/wp-content\/uploads\/2012\/07\/logo-bellunopress-250x250-2012.jpg","type":"","width":"","height":""}],"author":"redazione","twitter_card":"summary_large_image","twitter_creator":"@bellunopress","twitter_site":"@bellunopress","twitter_misc":{"\u00c9crit par":"redazione","Dur\u00e9e de lecture estim\u00e9e":"2 minutes"},"schema":{"@context":"https:\/\/schema.org","@graph":[{"@type":"Article","@id":"https:\/\/www.bellunopress.it\/2010\/03\/10\/contributi-di-2-milioni-e-95-mila-euro-alle-strutture-sociosanitarie-della-provincia-di-belluno\/#article","isPartOf":{"@id":"https:\/\/www.bellunopress.it\/2010\/03\/10\/contributi-di-2-milioni-e-95-mila-euro-alle-strutture-sociosanitarie-della-provincia-di-belluno\/"},"author":{"name":"redazione","@id":"https:\/\/www.bellunopress.it\/#\/schema\/person\/79bb06722b37ece1c03d3e94beb30d73"},"headline":"Contributi di 2 milioni e 95 mila euro alle strutture sociosanitarie della Provincia di Belluno","datePublished":"2010-03-10T20:42:17+00:00","mainEntityOfPage":{"@id":"https:\/\/www.bellunopress.it\/2010\/03\/10\/contributi-di-2-milioni-e-95-mila-euro-alle-strutture-sociosanitarie-della-provincia-di-belluno\/"},"wordCount":421,"publisher":{"@id":"https:\/\/www.bellunopress.it\/#organization"},"keywords":["contributi regionali","Sanit\u00e0","strutture sociosanitarie"],"articleSection":["Prima Pagina","Sanit\u00e0 Medicina"],"inLanguage":"fr-FR"},{"@type":"WebPage","@id":"https:\/\/www.bellunopress.it\/2010\/03\/10\/contributi-di-2-milioni-e-95-mila-euro-alle-strutture-sociosanitarie-della-provincia-di-belluno\/","url":"https:\/\/www.bellunopress.it\/2010\/03\/10\/contributi-di-2-milioni-e-95-mila-euro-alle-strutture-sociosanitarie-della-provincia-di-belluno\/","name":"Contributi di 2 milioni e 95 mila euro alle strutture sociosanitarie della Provincia di Belluno - Bellunopress - Dolomiti","isPartOf":{"@id":"https:\/\/www.bellunopress.it\/#website"},"datePublished":"2010-03-10T20:42:17+00:00","breadcrumb":{"@id":"https:\/\/www.bellunopress.it\/2010\/03\/10\/contributi-di-2-milioni-e-95-mila-euro-alle-strutture-sociosanitarie-della-provincia-di-belluno\/#breadcrumb"},"inLanguage":"fr-FR","potentialAction":[{"@type":"ReadAction","target":["https:\/\/www.bellunopress.it\/2010\/03\/10\/contributi-di-2-milioni-e-95-mila-euro-alle-strutture-sociosanitarie-della-provincia-di-belluno\/"]}]},{"@type":"BreadcrumbList","@id":"https:\/\/www.bellunopress.it\/2010\/03\/10\/contributi-di-2-milioni-e-95-mila-euro-alle-strutture-sociosanitarie-della-provincia-di-belluno\/#breadcrumb","itemListElement":[{"@type":"ListItem","position":1,"name":"Home","item":"https:\/\/www.bellunopress.it\/"},{"@type":"ListItem","position":2,"name":"Contributi di 2 milioni e 95 mila euro alle strutture sociosanitarie della Provincia di Belluno"}]},{"@type":"WebSite","@id":"https:\/\/www.bellunopress.it\/#website","url":"https:\/\/www.bellunopress.it\/","name":"Bellunopress - Dolomiti","description":"e-mail: redazione@bellunopress.it","publisher":{"@id":"https:\/\/www.bellunopress.it\/#organization"},"potentialAction":[{"@type":"SearchAction","target":{"@type":"EntryPoint","urlTemplate":"https:\/\/www.bellunopress.it\/?s={search_term_string}"},"query-input":{"@type":"PropertyValueSpecification","valueRequired":true,"valueName":"search_term_string"}}],"inLanguage":"fr-FR"},{"@type":"Organization","@id":"https:\/\/www.bellunopress.it\/#organization","name":"Bellunopress","url":"https:\/\/www.bellunopress.it\/","logo":{"@type":"ImageObject","inLanguage":"fr-FR","@id":"https:\/\/www.bellunopress.it\/#\/schema\/logo\/image\/","url":"https:\/\/www.bellunopress.it\/wp-content\/uploads\/2011\/05\/cropped-logo-bellunopress-.jpg","contentUrl":"https:\/\/www.bellunopress.it\/wp-content\/uploads\/2011\/05\/cropped-logo-bellunopress-.jpg","width":512,"height":512,"caption":"Bellunopress"},"image":{"@id":"https:\/\/www.bellunopress.it\/#\/schema\/logo\/image\/"},"sameAs":["https:\/\/www.facebook.com\/profile.php?id=100008943462799","https:\/\/x.com\/bellunopress","https:\/\/www.linkedin.com\/hp\/?dnr=JBzUWaJfMUw8vbXJJ2tVW5-I3jZKvC4wsoxE&amp;amp;amp;amp;amp;amp;trk=nav_responsive_tab_home","https:\/\/www.youtube.com\/channel\/UCxL0wu1uN0_3_7hGG0306cw"]},{"@type":"Person","@id":"https:\/\/www.bellunopress.it\/#\/schema\/person\/79bb06722b37ece1c03d3e94beb30d73","name":"r\u00e9daction","image":{"@type":"ImageObject","inLanguage":"fr-FR","@id":"https:\/\/secure.gravatar.com\/avatar\/37d968a2e67a6fd04c169c4bdef102d0bc5d31b2546345219e348575eb80e9a0?s=96&d=mm&r=g","url":"https:\/\/secure.gravatar.com\/avatar\/37d968a2e67a6fd04c169c4bdef102d0bc5d31b2546345219e348575eb80e9a0?s=96&d=mm&r=g","contentUrl":"https:\/\/secure.gravatar.com\/avatar\/37d968a2e67a6fd04c169c4bdef102d0bc5d31b2546345219e348575eb80e9a0?s=96&d=mm&r=g","caption":"redazione"},"sameAs":["http:\/\/www.bellunopress.it","https:\/\/x.com\/bellunopress"],"url":"https:\/\/www.bellunopress.it\/fr\/author\/redazione\/"}]}},"_links":{"self":[{"href":"https:\/\/www.bellunopress.it\/fr\/wp-json\/wp\/v2\/posts\/13372","targetHints":{"allow":["GET"]}}],"collection":[{"href":"https:\/\/www.bellunopress.it\/fr\/wp-json\/wp\/v2\/posts"}],"about":[{"href":"https:\/\/www.bellunopress.it\/fr\/wp-json\/wp\/v2\/types\/post"}],"author":[{"embeddable":true,"href":"https:\/\/www.bellunopress.it\/fr\/wp-json\/wp\/v2\/users\/2"}],"replies":[{"embeddable":true,"href":"https:\/\/www.bellunopress.it\/fr\/wp-json\/wp\/v2\/comments?post=13372"}],"version-history":[{"count":1,"href":"https:\/\/www.bellunopress.it\/fr\/wp-json\/wp\/v2\/posts\/13372\/revisions"}],"predecessor-version":[{"id":13373,"href":"https:\/\/www.bellunopress.it\/fr\/wp-json\/wp\/v2\/posts\/13372\/revisions\/13373"}],"wp:attachment":[{"href":"https:\/\/www.bellunopress.it\/fr\/wp-json\/wp\/v2\/media?parent=13372"}],"wp:term":[{"taxonomy":"category","embeddable":true,"href":"https:\/\/www.bellunopress.it\/fr\/wp-json\/wp\/v2\/categories?post=13372"},{"taxonomy":"post_tag","embeddable":true,"href":"https:\/\/www.bellunopress.it\/fr\/wp-json\/wp\/v2\/tags?post=13372"}],"curies":[{"name":"wp","href":"https:\/\/api.w.org\/{rel}","templated":true}]}}