{"id":13299,"date":"2010-03-08T13:44:51","date_gmt":"2010-03-08T12:44:51","guid":{"rendered":"http:\/\/www.bellunopress.it\/?p=13299"},"modified":"2010-03-08T13:44:51","modified_gmt":"2010-03-08T12:44:51","slug":"mimose-sotto-zero-montagna-veneta-nella-morsa-del-freddo-16-a-pescul-e-sappada","status":"publish","type":"post","link":"https:\/\/www.bellunopress.it\/fr\/2010\/03\/08\/mimose-sotto-zero-montagna-veneta-nella-morsa-del-freddo-16-a-pescul-e-sappada\/","title":{"rendered":"Mimose sotto zero, montagna veneta nella morsa del freddo: -16 a Pescul e Sappada"},"content":{"rendered":"<p><a href=\"http:\/\/www.bellunopress.it\/wp-content\/uploads\/2009\/04\/arpav-arabba-leggera.jpg\"><img loading=\"lazy\" decoding=\"async\" class=\"alignleft size-medium wp-image-2732\" title=\"arpav-arabba-leggera\" src=\"http:\/\/www.bellunopress.it\/wp-content\/uploads\/2009\/04\/arpav-arabba-leggera.jpg\" alt=\"\" width=\"280\" height=\"219\" \/><\/a>Una festa delle donne con temperature siberiane in Veneto soprattutto per le abitanti della montagna. Su tutto l\u2019arco alpino regionale si stanno registrando in queste ore temperature anche di dieci gradi inferiori alla media stagionale. Oggi il primato del freddo va a Pescul (BL) dove la minima stamani \u00e8 stata di -16,3 gradi, segue Sappada (BL) con -16,1 e Asiago (VI) con -15,2. La causa \u00e8 il passaggio di un vortice d&#8217;aria secca e fredd,a proveniente dalla Polonia, che sta attraversando da Est ad Ovest tutto l&#8217;arco alpino portando sole e freddo. Nei prossimi giorni ci sar\u00e0 meno sole ma le temperature dovrebbero risalire, in particolare tra marted\u00ec e gioved\u00ec \u00e8 previsto un marcato peggioramento del tempo con correnti umide meridionali sul Veneto e rialzo termico in quota. Per ulteriori informazioni visitare i bollettini meteo su <a href=\"http:\/\/www.arpa.veneto.it\">www.arpa.veneto.it<\/a>.<\/p>","protected":false},"excerpt":{"rendered":"<p>Una festa delle donne con temperature siberiane in Veneto soprattutto per le abitanti della montagna. Su tutto l\u2019arco alpino regionale si stanno registrando in queste ore temperature anche di dieci gradi inferiori alla media stagionale. Oggi il primato del freddo va a Pescul (BL) dove la minima stamani \u00e8 stata di -16,3 gradi, segue Sappada [&hellip;]<\/p>\n","protected":false},"author":2,"featured_media":0,"comment_status":"closed","ping_status":"open","sticky":false,"template":"","format":"standard","meta":{"footnotes":""},"categories":[38,26],"tags":[600,601,602,603],"class_list":["post-13299","post","type-post","status-publish","format-standard","category-natura-ambiente","category-prima-pagina","tag-freddo","tag-mimose","tag-pescul","tag-sappada"],"yoast_head":"<!-- This site is optimized with the Yoast SEO plugin v28.4 - https:\/\/yoast.com\/product\/yoast-seo-wordpress\/ -->\n<title>Mimose sotto zero, montagna veneta nella morsa del freddo: -16 a Pescul e Sappada - Bellunopress - Dolomiti<\/title>\n<meta name=\"robots\" content=\"index, follow, max-snippet:-1, max-image-preview:large, max-video-preview:-1\" \/>\n<link rel=\"canonical\" href=\"https:\/\/www.bellunopress.it\/fr\/2010\/03\/08\/mimose-sotto-zero-montagna-veneta-nella-morsa-del-freddo-16-a-pescul-e-sappada\/\" \/>\n<meta property=\"og:locale\" content=\"fr_FR\" \/>\n<meta property=\"og:type\" content=\"article\" \/>\n<meta property=\"og:title\" content=\"Mimose sotto zero, montagna veneta nella morsa del freddo: -16 a Pescul e Sappada - Bellunopress - Dolomiti\" \/>\n<meta property=\"og:description\" content=\"Una festa delle donne con temperature siberiane in Veneto soprattutto per le abitanti della montagna. Su tutto l\u2019arco alpino regionale si stanno registrando in queste ore temperature anche di dieci gradi inferiori alla media stagionale. Oggi il primato del freddo va a Pescul (BL) dove la minima stamani \u00e8 stata di -16,3 gradi, segue Sappada [&hellip;]\" \/>\n<meta property=\"og:url\" content=\"https:\/\/www.bellunopress.it\/fr\/2010\/03\/08\/mimose-sotto-zero-montagna-veneta-nella-morsa-del-freddo-16-a-pescul-e-sappada\/\" \/>\n<meta property=\"og:site_name\" content=\"Bellunopress - Dolomiti\" \/>\n<meta property=\"article:publisher\" content=\"https:\/\/www.facebook.com\/profile.php?id=100008943462799\" \/>\n<meta property=\"article:published_time\" content=\"2010-03-08T12:44:51+00:00\" \/>\n<meta property=\"og:image\" content=\"http:\/\/www.bellunopress.it\/wp-content\/uploads\/2009\/04\/arpav-arabba-leggera.jpg\" \/>\n<meta name=\"author\" content=\"redazione\" \/>\n<meta name=\"twitter:card\" content=\"summary_large_image\" \/>\n<meta name=\"twitter:creator\" content=\"@bellunopress\" \/>\n<meta name=\"twitter:site\" content=\"@bellunopress\" \/>\n<meta name=\"twitter:label1\" content=\"\u00c9crit par\" \/>\n\t<meta name=\"twitter:data1\" content=\"redazione\" \/>\n\t<meta name=\"twitter:label2\" content=\"Dur\u00e9e de lecture estim\u00e9e\" \/>\n\t<meta name=\"twitter:data2\" content=\"1 minute\" \/>\n<script type=\"application\/ld+json\" class=\"yoast-schema-graph\">{\"@context\":\"https:\\\/\\\/schema.org\",\"@graph\":[{\"@type\":\"Article\",\"@id\":\"https:\\\/\\\/www.bellunopress.it\\\/2010\\\/03\\\/08\\\/mimose-sotto-zero-montagna-veneta-nella-morsa-del-freddo-16-a-pescul-e-sappada\\\/#article\",\"isPartOf\":{\"@id\":\"https:\\\/\\\/www.bellunopress.it\\\/2010\\\/03\\\/08\\\/mimose-sotto-zero-montagna-veneta-nella-morsa-del-freddo-16-a-pescul-e-sappada\\\/\"},\"author\":{\"name\":\"redazione\",\"@id\":\"https:\\\/\\\/www.bellunopress.it\\\/#\\\/schema\\\/person\\\/79bb06722b37ece1c03d3e94beb30d73\"},\"headline\":\"Mimose sotto zero, montagna veneta nella morsa del freddo: -16 a Pescul e Sappada\",\"datePublished\":\"2010-03-08T12:44:51+00:00\",\"mainEntityOfPage\":{\"@id\":\"https:\\\/\\\/www.bellunopress.it\\\/2010\\\/03\\\/08\\\/mimose-sotto-zero-montagna-veneta-nella-morsa-del-freddo-16-a-pescul-e-sappada\\\/\"},\"wordCount\":155,\"publisher\":{\"@id\":\"https:\\\/\\\/www.bellunopress.it\\\/#organization\"},\"image\":{\"@id\":\"https:\\\/\\\/www.bellunopress.it\\\/2010\\\/03\\\/08\\\/mimose-sotto-zero-montagna-veneta-nella-morsa-del-freddo-16-a-pescul-e-sappada\\\/#primaryimage\"},\"thumbnailUrl\":\"http:\\\/\\\/www.bellunopress.it\\\/wp-content\\\/uploads\\\/2009\\\/04\\\/arpav-arabba-leggera.jpg\",\"keywords\":[\"freddo\",\"mimose\",\"Pescul\",\"Sappada\"],\"articleSection\":[\"Meteo, natura, ambiente, animali\",\"Prima Pagina\"],\"inLanguage\":\"fr-FR\"},{\"@type\":\"WebPage\",\"@id\":\"https:\\\/\\\/www.bellunopress.it\\\/2010\\\/03\\\/08\\\/mimose-sotto-zero-montagna-veneta-nella-morsa-del-freddo-16-a-pescul-e-sappada\\\/\",\"url\":\"https:\\\/\\\/www.bellunopress.it\\\/2010\\\/03\\\/08\\\/mimose-sotto-zero-montagna-veneta-nella-morsa-del-freddo-16-a-pescul-e-sappada\\\/\",\"name\":\"Mimose sotto zero, montagna veneta nella morsa del freddo: -16 a Pescul e Sappada - Bellunopress - Dolomiti\",\"isPartOf\":{\"@id\":\"https:\\\/\\\/www.bellunopress.it\\\/#website\"},\"primaryImageOfPage\":{\"@id\":\"https:\\\/\\\/www.bellunopress.it\\\/2010\\\/03\\\/08\\\/mimose-sotto-zero-montagna-veneta-nella-morsa-del-freddo-16-a-pescul-e-sappada\\\/#primaryimage\"},\"image\":{\"@id\":\"https:\\\/\\\/www.bellunopress.it\\\/2010\\\/03\\\/08\\\/mimose-sotto-zero-montagna-veneta-nella-morsa-del-freddo-16-a-pescul-e-sappada\\\/#primaryimage\"},\"thumbnailUrl\":\"http:\\\/\\\/www.bellunopress.it\\\/wp-content\\\/uploads\\\/2009\\\/04\\\/arpav-arabba-leggera.jpg\",\"datePublished\":\"2010-03-08T12:44:51+00:00\",\"breadcrumb\":{\"@id\":\"https:\\\/\\\/www.bellunopress.it\\\/2010\\\/03\\\/08\\\/mimose-sotto-zero-montagna-veneta-nella-morsa-del-freddo-16-a-pescul-e-sappada\\\/#breadcrumb\"},\"inLanguage\":\"fr-FR\",\"potentialAction\":[{\"@type\":\"ReadAction\",\"target\":[\"https:\\\/\\\/www.bellunopress.it\\\/2010\\\/03\\\/08\\\/mimose-sotto-zero-montagna-veneta-nella-morsa-del-freddo-16-a-pescul-e-sappada\\\/\"]}]},{\"@type\":\"ImageObject\",\"inLanguage\":\"fr-FR\",\"@id\":\"https:\\\/\\\/www.bellunopress.it\\\/2010\\\/03\\\/08\\\/mimose-sotto-zero-montagna-veneta-nella-morsa-del-freddo-16-a-pescul-e-sappada\\\/#primaryimage\",\"url\":\"http:\\\/\\\/www.bellunopress.it\\\/wp-content\\\/uploads\\\/2009\\\/04\\\/arpav-arabba-leggera.jpg\",\"contentUrl\":\"http:\\\/\\\/www.bellunopress.it\\\/wp-content\\\/uploads\\\/2009\\\/04\\\/arpav-arabba-leggera.jpg\"},{\"@type\":\"BreadcrumbList\",\"@id\":\"https:\\\/\\\/www.bellunopress.it\\\/2010\\\/03\\\/08\\\/mimose-sotto-zero-montagna-veneta-nella-morsa-del-freddo-16-a-pescul-e-sappada\\\/#breadcrumb\",\"itemListElement\":[{\"@type\":\"ListItem\",\"position\":1,\"name\":\"Home\",\"item\":\"https:\\\/\\\/www.bellunopress.it\\\/\"},{\"@type\":\"ListItem\",\"position\":2,\"name\":\"Mimose sotto zero, montagna veneta nella morsa del freddo: -16 a Pescul e Sappada\"}]},{\"@type\":\"WebSite\",\"@id\":\"https:\\\/\\\/www.bellunopress.it\\\/#website\",\"url\":\"https:\\\/\\\/www.bellunopress.it\\\/\",\"name\":\"Bellunopress - Dolomiti\",\"description\":\"e-mail: redazione@bellunopress.it\",\"publisher\":{\"@id\":\"https:\\\/\\\/www.bellunopress.it\\\/#organization\"},\"potentialAction\":[{\"@type\":\"SearchAction\",\"target\":{\"@type\":\"EntryPoint\",\"urlTemplate\":\"https:\\\/\\\/www.bellunopress.it\\\/?s={search_term_string}\"},\"query-input\":{\"@type\":\"PropertyValueSpecification\",\"valueRequired\":true,\"valueName\":\"search_term_string\"}}],\"inLanguage\":\"fr-FR\"},{\"@type\":\"Organization\",\"@id\":\"https:\\\/\\\/www.bellunopress.it\\\/#organization\",\"name\":\"Bellunopress\",\"url\":\"https:\\\/\\\/www.bellunopress.it\\\/\",\"logo\":{\"@type\":\"ImageObject\",\"inLanguage\":\"fr-FR\",\"@id\":\"https:\\\/\\\/www.bellunopress.it\\\/#\\\/schema\\\/logo\\\/image\\\/\",\"url\":\"https:\\\/\\\/www.bellunopress.it\\\/wp-content\\\/uploads\\\/2011\\\/05\\\/cropped-logo-bellunopress-.jpg\",\"contentUrl\":\"https:\\\/\\\/www.bellunopress.it\\\/wp-content\\\/uploads\\\/2011\\\/05\\\/cropped-logo-bellunopress-.jpg\",\"width\":512,\"height\":512,\"caption\":\"Bellunopress\"},\"image\":{\"@id\":\"https:\\\/\\\/www.bellunopress.it\\\/#\\\/schema\\\/logo\\\/image\\\/\"},\"sameAs\":[\"https:\\\/\\\/www.facebook.com\\\/profile.php?id=100008943462799\",\"https:\\\/\\\/x.com\\\/bellunopress\",\"https:\\\/\\\/www.linkedin.com\\\/hp\\\/?dnr=JBzUWaJfMUw8vbXJJ2tVW5-I3jZKvC4wsoxE&amp;amp;amp;amp;amp;amp;trk=nav_responsive_tab_home\",\"https:\\\/\\\/www.youtube.com\\\/channel\\\/UCxL0wu1uN0_3_7hGG0306cw\"]},{\"@type\":\"Person\",\"@id\":\"https:\\\/\\\/www.bellunopress.it\\\/#\\\/schema\\\/person\\\/79bb06722b37ece1c03d3e94beb30d73\",\"name\":\"redazione\",\"image\":{\"@type\":\"ImageObject\",\"inLanguage\":\"fr-FR\",\"@id\":\"https:\\\/\\\/secure.gravatar.com\\\/avatar\\\/37d968a2e67a6fd04c169c4bdef102d0bc5d31b2546345219e348575eb80e9a0?s=96&d=mm&r=g\",\"url\":\"https:\\\/\\\/secure.gravatar.com\\\/avatar\\\/37d968a2e67a6fd04c169c4bdef102d0bc5d31b2546345219e348575eb80e9a0?s=96&d=mm&r=g\",\"contentUrl\":\"https:\\\/\\\/secure.gravatar.com\\\/avatar\\\/37d968a2e67a6fd04c169c4bdef102d0bc5d31b2546345219e348575eb80e9a0?s=96&d=mm&r=g\",\"caption\":\"redazione\"},\"sameAs\":[\"http:\\\/\\\/www.bellunopress.it\",\"https:\\\/\\\/x.com\\\/bellunopress\"],\"url\":\"https:\\\/\\\/www.bellunopress.it\\\/fr\\\/author\\\/redazione\\\/\"}]}<\/script>\n<!-- \/ Yoast SEO plugin. -->","yoast_head_json":{"title":"Mimose sotto zero, montagna veneta nella morsa del freddo: -16 a Pescul e Sappada - Bellunopress - Dolomiti","robots":{"index":"index","follow":"follow","max-snippet":"max-snippet:-1","max-image-preview":"max-image-preview:large","max-video-preview":"max-video-preview:-1"},"canonical":"https:\/\/www.bellunopress.it\/fr\/2010\/03\/08\/mimose-sotto-zero-montagna-veneta-nella-morsa-del-freddo-16-a-pescul-e-sappada\/","og_locale":"fr_FR","og_type":"article","og_title":"Mimose sotto zero, montagna veneta nella morsa del freddo: -16 a Pescul e Sappada - Bellunopress - Dolomiti","og_description":"Una festa delle donne con temperature siberiane in Veneto soprattutto per le abitanti della montagna. Su tutto l\u2019arco alpino regionale si stanno registrando in queste ore temperature anche di dieci gradi inferiori alla media stagionale. Oggi il primato del freddo va a Pescul (BL) dove la minima stamani \u00e8 stata di -16,3 gradi, segue Sappada [&hellip;]","og_url":"https:\/\/www.bellunopress.it\/fr\/2010\/03\/08\/mimose-sotto-zero-montagna-veneta-nella-morsa-del-freddo-16-a-pescul-e-sappada\/","og_site_name":"Bellunopress - Dolomiti","article_publisher":"https:\/\/www.facebook.com\/profile.php?id=100008943462799","article_published_time":"2010-03-08T12:44:51+00:00","og_image":[{"url":"http:\/\/www.bellunopress.it\/wp-content\/uploads\/2009\/04\/arpav-arabba-leggera.jpg","type":"","width":"","height":""}],"author":"redazione","twitter_card":"summary_large_image","twitter_creator":"@bellunopress","twitter_site":"@bellunopress","twitter_misc":{"\u00c9crit par":"redazione","Dur\u00e9e de lecture estim\u00e9e":"1 minute"},"schema":{"@context":"https:\/\/schema.org","@graph":[{"@type":"Article","@id":"https:\/\/www.bellunopress.it\/2010\/03\/08\/mimose-sotto-zero-montagna-veneta-nella-morsa-del-freddo-16-a-pescul-e-sappada\/#article","isPartOf":{"@id":"https:\/\/www.bellunopress.it\/2010\/03\/08\/mimose-sotto-zero-montagna-veneta-nella-morsa-del-freddo-16-a-pescul-e-sappada\/"},"author":{"name":"redazione","@id":"https:\/\/www.bellunopress.it\/#\/schema\/person\/79bb06722b37ece1c03d3e94beb30d73"},"headline":"Mimose sotto zero, montagna veneta nella morsa del freddo: -16 a Pescul e Sappada","datePublished":"2010-03-08T12:44:51+00:00","mainEntityOfPage":{"@id":"https:\/\/www.bellunopress.it\/2010\/03\/08\/mimose-sotto-zero-montagna-veneta-nella-morsa-del-freddo-16-a-pescul-e-sappada\/"},"wordCount":155,"publisher":{"@id":"https:\/\/www.bellunopress.it\/#organization"},"image":{"@id":"https:\/\/www.bellunopress.it\/2010\/03\/08\/mimose-sotto-zero-montagna-veneta-nella-morsa-del-freddo-16-a-pescul-e-sappada\/#primaryimage"},"thumbnailUrl":"http:\/\/www.bellunopress.it\/wp-content\/uploads\/2009\/04\/arpav-arabba-leggera.jpg","keywords":["freddo","mimose","Pescul","Sappada"],"articleSection":["Meteo, natura, ambiente, animali","Prima Pagina"],"inLanguage":"fr-FR"},{"@type":"WebPage","@id":"https:\/\/www.bellunopress.it\/2010\/03\/08\/mimose-sotto-zero-montagna-veneta-nella-morsa-del-freddo-16-a-pescul-e-sappada\/","url":"https:\/\/www.bellunopress.it\/2010\/03\/08\/mimose-sotto-zero-montagna-veneta-nella-morsa-del-freddo-16-a-pescul-e-sappada\/","name":"Mimose sotto zero, montagna veneta nella morsa del freddo: -16 a Pescul e Sappada - Bellunopress - Dolomiti","isPartOf":{"@id":"https:\/\/www.bellunopress.it\/#website"},"primaryImageOfPage":{"@id":"https:\/\/www.bellunopress.it\/2010\/03\/08\/mimose-sotto-zero-montagna-veneta-nella-morsa-del-freddo-16-a-pescul-e-sappada\/#primaryimage"},"image":{"@id":"https:\/\/www.bellunopress.it\/2010\/03\/08\/mimose-sotto-zero-montagna-veneta-nella-morsa-del-freddo-16-a-pescul-e-sappada\/#primaryimage"},"thumbnailUrl":"http:\/\/www.bellunopress.it\/wp-content\/uploads\/2009\/04\/arpav-arabba-leggera.jpg","datePublished":"2010-03-08T12:44:51+00:00","breadcrumb":{"@id":"https:\/\/www.bellunopress.it\/2010\/03\/08\/mimose-sotto-zero-montagna-veneta-nella-morsa-del-freddo-16-a-pescul-e-sappada\/#breadcrumb"},"inLanguage":"fr-FR","potentialAction":[{"@type":"ReadAction","target":["https:\/\/www.bellunopress.it\/2010\/03\/08\/mimose-sotto-zero-montagna-veneta-nella-morsa-del-freddo-16-a-pescul-e-sappada\/"]}]},{"@type":"ImageObject","inLanguage":"fr-FR","@id":"https:\/\/www.bellunopress.it\/2010\/03\/08\/mimose-sotto-zero-montagna-veneta-nella-morsa-del-freddo-16-a-pescul-e-sappada\/#primaryimage","url":"http:\/\/www.bellunopress.it\/wp-content\/uploads\/2009\/04\/arpav-arabba-leggera.jpg","contentUrl":"http:\/\/www.bellunopress.it\/wp-content\/uploads\/2009\/04\/arpav-arabba-leggera.jpg"},{"@type":"BreadcrumbList","@id":"https:\/\/www.bellunopress.it\/2010\/03\/08\/mimose-sotto-zero-montagna-veneta-nella-morsa-del-freddo-16-a-pescul-e-sappada\/#breadcrumb","itemListElement":[{"@type":"ListItem","position":1,"name":"Home","item":"https:\/\/www.bellunopress.it\/"},{"@type":"ListItem","position":2,"name":"Mimose sotto zero, montagna veneta nella morsa del freddo: -16 a Pescul e Sappada"}]},{"@type":"WebSite","@id":"https:\/\/www.bellunopress.it\/#website","url":"https:\/\/www.bellunopress.it\/","name":"Bellunopress - Dolomiti","description":"e-mail: redazione@bellunopress.it","publisher":{"@id":"https:\/\/www.bellunopress.it\/#organization"},"potentialAction":[{"@type":"SearchAction","target":{"@type":"EntryPoint","urlTemplate":"https:\/\/www.bellunopress.it\/?s={search_term_string}"},"query-input":{"@type":"PropertyValueSpecification","valueRequired":true,"valueName":"search_term_string"}}],"inLanguage":"fr-FR"},{"@type":"Organization","@id":"https:\/\/www.bellunopress.it\/#organization","name":"Bellunopress","url":"https:\/\/www.bellunopress.it\/","logo":{"@type":"ImageObject","inLanguage":"fr-FR","@id":"https:\/\/www.bellunopress.it\/#\/schema\/logo\/image\/","url":"https:\/\/www.bellunopress.it\/wp-content\/uploads\/2011\/05\/cropped-logo-bellunopress-.jpg","contentUrl":"https:\/\/www.bellunopress.it\/wp-content\/uploads\/2011\/05\/cropped-logo-bellunopress-.jpg","width":512,"height":512,"caption":"Bellunopress"},"image":{"@id":"https:\/\/www.bellunopress.it\/#\/schema\/logo\/image\/"},"sameAs":["https:\/\/www.facebook.com\/profile.php?id=100008943462799","https:\/\/x.com\/bellunopress","https:\/\/www.linkedin.com\/hp\/?dnr=JBzUWaJfMUw8vbXJJ2tVW5-I3jZKvC4wsoxE&amp;amp;amp;amp;amp;amp;trk=nav_responsive_tab_home","https:\/\/www.youtube.com\/channel\/UCxL0wu1uN0_3_7hGG0306cw"]},{"@type":"Person","@id":"https:\/\/www.bellunopress.it\/#\/schema\/person\/79bb06722b37ece1c03d3e94beb30d73","name":"r\u00e9daction","image":{"@type":"ImageObject","inLanguage":"fr-FR","@id":"https:\/\/secure.gravatar.com\/avatar\/37d968a2e67a6fd04c169c4bdef102d0bc5d31b2546345219e348575eb80e9a0?s=96&d=mm&r=g","url":"https:\/\/secure.gravatar.com\/avatar\/37d968a2e67a6fd04c169c4bdef102d0bc5d31b2546345219e348575eb80e9a0?s=96&d=mm&r=g","contentUrl":"https:\/\/secure.gravatar.com\/avatar\/37d968a2e67a6fd04c169c4bdef102d0bc5d31b2546345219e348575eb80e9a0?s=96&d=mm&r=g","caption":"redazione"},"sameAs":["http:\/\/www.bellunopress.it","https:\/\/x.com\/bellunopress"],"url":"https:\/\/www.bellunopress.it\/fr\/author\/redazione\/"}]}},"_links":{"self":[{"href":"https:\/\/www.bellunopress.it\/fr\/wp-json\/wp\/v2\/posts\/13299","targetHints":{"allow":["GET"]}}],"collection":[{"href":"https:\/\/www.bellunopress.it\/fr\/wp-json\/wp\/v2\/posts"}],"about":[{"href":"https:\/\/www.bellunopress.it\/fr\/wp-json\/wp\/v2\/types\/post"}],"author":[{"embeddable":true,"href":"https:\/\/www.bellunopress.it\/fr\/wp-json\/wp\/v2\/users\/2"}],"replies":[{"embeddable":true,"href":"https:\/\/www.bellunopress.it\/fr\/wp-json\/wp\/v2\/comments?post=13299"}],"version-history":[{"count":1,"href":"https:\/\/www.bellunopress.it\/fr\/wp-json\/wp\/v2\/posts\/13299\/revisions"}],"predecessor-version":[{"id":13300,"href":"https:\/\/www.bellunopress.it\/fr\/wp-json\/wp\/v2\/posts\/13299\/revisions\/13300"}],"wp:attachment":[{"href":"https:\/\/www.bellunopress.it\/fr\/wp-json\/wp\/v2\/media?parent=13299"}],"wp:term":[{"taxonomy":"category","embeddable":true,"href":"https:\/\/www.bellunopress.it\/fr\/wp-json\/wp\/v2\/categories?post=13299"},{"taxonomy":"post_tag","embeddable":true,"href":"https:\/\/www.bellunopress.it\/fr\/wp-json\/wp\/v2\/tags?post=13299"}],"curies":[{"name":"wp","href":"https:\/\/api.w.org\/{rel}","templated":true}]}}