{"id":132867,"date":"2022-04-19T19:09:11","date_gmt":"2022-04-19T17:09:11","guid":{"rendered":"https:\/\/www.bellunopress.it\/?p=132867"},"modified":"2022-04-19T19:09:11","modified_gmt":"2022-04-19T17:09:11","slug":"300-mila-euro-dalla-regione-per-labbattimento-barriere-architettoniche-30-giorni-di-tempo-ai-comuni-per-fare-la-domanda","status":"publish","type":"post","link":"https:\/\/www.bellunopress.it\/fr\/2022\/04\/19\/300-mila-euro-dalla-regione-per-labbattimento-barriere-architettoniche-30-giorni-di-tempo-ai-comuni-per-fare-la-domanda\/","title":{"rendered":"300 mila euro dalla Regione per l&#8217;abbattimento barriere architettoniche. 30 giorni di tempo ai Comuni per fare la domanda"},"content":{"rendered":"<figure id=\"attachment_114469\" aria-describedby=\"caption-attachment-114469\" style=\"width: 780px\" class=\"wp-caption alignleft\"><img loading=\"lazy\" decoding=\"async\" class=\"size-full wp-image-114469\" src=\"https:\/\/www.bellunopress.it\/wp-content\/uploads\/2020\/05\/Regione-Veneto-Palazzo-Ferro-Fini-sede-del-Consiglio-regionale_edited.jpg\" alt=\"\" width=\"780\" height=\"405\" srcset=\"https:\/\/www.bellunopress.it\/wp-content\/uploads\/2020\/05\/Regione-Veneto-Palazzo-Ferro-Fini-sede-del-Consiglio-regionale_edited.jpg 780w, https:\/\/www.bellunopress.it\/wp-content\/uploads\/2020\/05\/Regione-Veneto-Palazzo-Ferro-Fini-sede-del-Consiglio-regionale_edited-500x260.jpg 500w, https:\/\/www.bellunopress.it\/wp-content\/uploads\/2020\/05\/Regione-Veneto-Palazzo-Ferro-Fini-sede-del-Consiglio-regionale_edited-696x361.jpg 696w\" sizes=\"auto, (max-width: 780px) 100vw, 780px\" \/><figcaption id=\"caption-attachment-114469\" class=\"wp-caption-text\">Palazzo Ferro Fini, sede del Consiglio regionale del Veneto<\/figcaption><\/figure>\n<p>Venezia, 19 aprile 2022\u00a0\u00a0E\u2019 stata pubblicata sul Bollettino Ufficiale della Regione nr. 50 di oggi, 19 aprile 2022, la delibera approvata dalla Giunta regionale lo scorso 12 aprile, su proposta dell\u2019Assessore alla Sanit\u00e0 e Sociale, che stanzia 300 mila euro come contributo regionale per la realizzazione, da parte dei Comuni, dei Piani per l\u2019Eliminazione delle Barriere Architettoniche (PEBA).<\/p>\n<p>Decorrono quindi da oggi i 30 giorni di tempo per la presentazione delle domande da parte degli Enti Locali, che andranno inviata esclusivamente via mail all\u2019indirizzo llppedilizia@pec.regione.veneto.it<\/p>\n<p>\u201cA seguito di una verifica svolta dai Servizi Sociali presso gli Enti Locali \u2013 fa presente l\u2019Assessore \u2013 \u00e8 emerso che molti di loro non sono ancora dotati del Peba. Per contrastare il venir meno di un\u2019adeguata sensibilit\u00e0 verso questo tema \u2013 aggiunge \u2013 la Regione, gi\u00e0 dal 2018, ha proposto un\u2019azione di cofinanziamento degli Enti Locali che potesse fungere da stimolo all\u2019eliminazione delle barriere architettoniche. Per il 2022 abbiamo stanziato questi 300 mila euro, ma gi\u00e0 nel 2018 ne avevamo messo in campo 800 mila, nel 2019 500 mila e nel 2020 604 mila. I fondi dal 2018 al 2020 hanno consentito la formazione di nuovi Peba il 128 Comuni e la revisione di 25 Peba che avevano superato il periodo di validit\u00e0 di 10 anni\u201d.<\/p>\n<p>I 300 mila euro per il 2022 verranno cos\u00ec distribuiti: 10.000 euro per Comuni con popolazione non superiore a 10.000 unit\u00e0; 15.000 euro per Comuni tra 10.000 e 30.000 residenti; 30.000 euro per i Comuni con pi\u00f9 di 30.000 abitanti.<\/p>","protected":false},"excerpt":{"rendered":"<p>Venezia, 19 aprile 2022\u00a0\u00a0E\u2019 stata pubblicata sul Bollettino Ufficiale della Regione nr. 50 di oggi, 19 aprile 2022, la delibera approvata dalla Giunta regionale lo scorso 12 aprile, su proposta dell\u2019Assessore alla Sanit\u00e0 e Sociale, che stanzia 300 mila euro come contributo regionale per la realizzazione, da parte dei Comuni, dei Piani per l\u2019Eliminazione delle [&hellip;]<\/p>\n","protected":false},"author":2,"featured_media":114469,"comment_status":"closed","ping_status":"open","sticky":false,"template":"","format":"standard","meta":{"footnotes":""},"categories":[5],"tags":[],"class_list":["post-132867","post","type-post","status-publish","format-standard","has-post-thumbnail","category-cronaca"],"yoast_head":"<!-- This site is optimized with the Yoast SEO plugin v28.4 - https:\/\/yoast.com\/product\/yoast-seo-wordpress\/ -->\n<title>300 mila euro dalla Regione per l&#039;abbattimento barriere architettoniche. 30 giorni di tempo ai Comuni per fare la domanda - Bellunopress - Dolomiti<\/title>\n<meta name=\"robots\" content=\"index, follow, max-snippet:-1, max-image-preview:large, max-video-preview:-1\" \/>\n<link rel=\"canonical\" href=\"https:\/\/www.bellunopress.it\/fr\/2022\/04\/19\/300-mila-euro-dalla-regione-per-labbattimento-barriere-architettoniche-30-giorni-di-tempo-ai-comuni-per-fare-la-domanda\/\" \/>\n<meta property=\"og:locale\" content=\"fr_FR\" \/>\n<meta property=\"og:type\" content=\"article\" \/>\n<meta property=\"og:title\" content=\"300 mila euro dalla Regione per l&#039;abbattimento barriere architettoniche. 30 giorni di tempo ai Comuni per fare la domanda - Bellunopress - Dolomiti\" \/>\n<meta property=\"og:description\" content=\"Venezia, 19 aprile 2022\u00a0\u00a0E\u2019 stata pubblicata sul Bollettino Ufficiale della Regione nr. 50 di oggi, 19 aprile 2022, la delibera approvata dalla Giunta regionale lo scorso 12 aprile, su proposta dell\u2019Assessore alla Sanit\u00e0 e Sociale, che stanzia 300 mila euro come contributo regionale per la realizzazione, da parte dei Comuni, dei Piani per l\u2019Eliminazione delle [&hellip;]\" \/>\n<meta property=\"og:url\" content=\"https:\/\/www.bellunopress.it\/fr\/2022\/04\/19\/300-mila-euro-dalla-regione-per-labbattimento-barriere-architettoniche-30-giorni-di-tempo-ai-comuni-per-fare-la-domanda\/\" \/>\n<meta property=\"og:site_name\" content=\"Bellunopress - Dolomiti\" \/>\n<meta property=\"article:publisher\" content=\"https:\/\/www.facebook.com\/profile.php?id=100008943462799\" \/>\n<meta property=\"article:published_time\" content=\"2022-04-19T17:09:11+00:00\" \/>\n<meta property=\"og:image\" content=\"https:\/\/www.bellunopress.it\/wp-content\/uploads\/2020\/05\/Regione-Veneto-Palazzo-Ferro-Fini-sede-del-Consiglio-regionale_edited.jpg\" \/>\n\t<meta property=\"og:image:width\" content=\"780\" \/>\n\t<meta property=\"og:image:height\" content=\"405\" \/>\n\t<meta property=\"og:image:type\" content=\"image\/jpeg\" \/>\n<meta name=\"author\" content=\"redazione\" \/>\n<meta name=\"twitter:card\" content=\"summary_large_image\" \/>\n<meta name=\"twitter:creator\" content=\"@bellunopress\" \/>\n<meta name=\"twitter:site\" content=\"@bellunopress\" \/>\n<meta name=\"twitter:label1\" content=\"Written by\" \/>\n\t<meta name=\"twitter:data1\" content=\"redazione\" \/>\n\t<meta name=\"twitter:label2\" content=\"Est. reading time\" \/>\n\t<meta name=\"twitter:data2\" content=\"2 minutes\" \/>\n<script type=\"application\/ld+json\" class=\"yoast-schema-graph\">{\"@context\":\"https:\\\/\\\/schema.org\",\"@graph\":[{\"@type\":\"Article\",\"@id\":\"https:\\\/\\\/www.bellunopress.it\\\/2022\\\/04\\\/19\\\/300-mila-euro-dalla-regione-per-labbattimento-barriere-architettoniche-30-giorni-di-tempo-ai-comuni-per-fare-la-domanda\\\/#article\",\"isPartOf\":{\"@id\":\"https:\\\/\\\/www.bellunopress.it\\\/2022\\\/04\\\/19\\\/300-mila-euro-dalla-regione-per-labbattimento-barriere-architettoniche-30-giorni-di-tempo-ai-comuni-per-fare-la-domanda\\\/\"},\"author\":{\"name\":\"redazione\",\"@id\":\"https:\\\/\\\/www.bellunopress.it\\\/#\\\/schema\\\/person\\\/79bb06722b37ece1c03d3e94beb30d73\"},\"headline\":\"300 mila euro dalla Regione per l&#8217;abbattimento barriere architettoniche. 30 giorni di tempo ai Comuni per fare la domanda\",\"datePublished\":\"2022-04-19T17:09:11+00:00\",\"mainEntityOfPage\":{\"@id\":\"https:\\\/\\\/www.bellunopress.it\\\/2022\\\/04\\\/19\\\/300-mila-euro-dalla-regione-per-labbattimento-barriere-architettoniche-30-giorni-di-tempo-ai-comuni-per-fare-la-domanda\\\/\"},\"wordCount\":262,\"publisher\":{\"@id\":\"https:\\\/\\\/www.bellunopress.it\\\/#organization\"},\"image\":{\"@id\":\"https:\\\/\\\/www.bellunopress.it\\\/2022\\\/04\\\/19\\\/300-mila-euro-dalla-regione-per-labbattimento-barriere-architettoniche-30-giorni-di-tempo-ai-comuni-per-fare-la-domanda\\\/#primaryimage\"},\"thumbnailUrl\":\"https:\\\/\\\/www.bellunopress.it\\\/wp-content\\\/uploads\\\/2020\\\/05\\\/Regione-Veneto-Palazzo-Ferro-Fini-sede-del-Consiglio-regionale_edited.jpg\",\"articleSection\":[\"Cronaca\\\/Politica\"],\"inLanguage\":\"fr-FR\"},{\"@type\":\"WebPage\",\"@id\":\"https:\\\/\\\/www.bellunopress.it\\\/2022\\\/04\\\/19\\\/300-mila-euro-dalla-regione-per-labbattimento-barriere-architettoniche-30-giorni-di-tempo-ai-comuni-per-fare-la-domanda\\\/\",\"url\":\"https:\\\/\\\/www.bellunopress.it\\\/2022\\\/04\\\/19\\\/300-mila-euro-dalla-regione-per-labbattimento-barriere-architettoniche-30-giorni-di-tempo-ai-comuni-per-fare-la-domanda\\\/\",\"name\":\"300 mila euro dalla Regione per l'abbattimento barriere architettoniche. 30 giorni di tempo ai Comuni per fare la domanda - Bellunopress - Dolomiti\",\"isPartOf\":{\"@id\":\"https:\\\/\\\/www.bellunopress.it\\\/#website\"},\"primaryImageOfPage\":{\"@id\":\"https:\\\/\\\/www.bellunopress.it\\\/2022\\\/04\\\/19\\\/300-mila-euro-dalla-regione-per-labbattimento-barriere-architettoniche-30-giorni-di-tempo-ai-comuni-per-fare-la-domanda\\\/#primaryimage\"},\"image\":{\"@id\":\"https:\\\/\\\/www.bellunopress.it\\\/2022\\\/04\\\/19\\\/300-mila-euro-dalla-regione-per-labbattimento-barriere-architettoniche-30-giorni-di-tempo-ai-comuni-per-fare-la-domanda\\\/#primaryimage\"},\"thumbnailUrl\":\"https:\\\/\\\/www.bellunopress.it\\\/wp-content\\\/uploads\\\/2020\\\/05\\\/Regione-Veneto-Palazzo-Ferro-Fini-sede-del-Consiglio-regionale_edited.jpg\",\"datePublished\":\"2022-04-19T17:09:11+00:00\",\"breadcrumb\":{\"@id\":\"https:\\\/\\\/www.bellunopress.it\\\/2022\\\/04\\\/19\\\/300-mila-euro-dalla-regione-per-labbattimento-barriere-architettoniche-30-giorni-di-tempo-ai-comuni-per-fare-la-domanda\\\/#breadcrumb\"},\"inLanguage\":\"fr-FR\",\"potentialAction\":[{\"@type\":\"ReadAction\",\"target\":[\"https:\\\/\\\/www.bellunopress.it\\\/2022\\\/04\\\/19\\\/300-mila-euro-dalla-regione-per-labbattimento-barriere-architettoniche-30-giorni-di-tempo-ai-comuni-per-fare-la-domanda\\\/\"]}]},{\"@type\":\"ImageObject\",\"inLanguage\":\"fr-FR\",\"@id\":\"https:\\\/\\\/www.bellunopress.it\\\/2022\\\/04\\\/19\\\/300-mila-euro-dalla-regione-per-labbattimento-barriere-architettoniche-30-giorni-di-tempo-ai-comuni-per-fare-la-domanda\\\/#primaryimage\",\"url\":\"https:\\\/\\\/www.bellunopress.it\\\/wp-content\\\/uploads\\\/2020\\\/05\\\/Regione-Veneto-Palazzo-Ferro-Fini-sede-del-Consiglio-regionale_edited.jpg\",\"contentUrl\":\"https:\\\/\\\/www.bellunopress.it\\\/wp-content\\\/uploads\\\/2020\\\/05\\\/Regione-Veneto-Palazzo-Ferro-Fini-sede-del-Consiglio-regionale_edited.jpg\",\"width\":780,\"height\":405,\"caption\":\"Palazzo Ferro Fini, sede del Consiglio regionale del Veneto\"},{\"@type\":\"BreadcrumbList\",\"@id\":\"https:\\\/\\\/www.bellunopress.it\\\/2022\\\/04\\\/19\\\/300-mila-euro-dalla-regione-per-labbattimento-barriere-architettoniche-30-giorni-di-tempo-ai-comuni-per-fare-la-domanda\\\/#breadcrumb\",\"itemListElement\":[{\"@type\":\"ListItem\",\"position\":1,\"name\":\"Home\",\"item\":\"https:\\\/\\\/www.bellunopress.it\\\/\"},{\"@type\":\"ListItem\",\"position\":2,\"name\":\"300 mila euro dalla Regione per l&#8217;abbattimento barriere architettoniche. 30 giorni di tempo ai Comuni per fare la domanda\"}]},{\"@type\":\"WebSite\",\"@id\":\"https:\\\/\\\/www.bellunopress.it\\\/#website\",\"url\":\"https:\\\/\\\/www.bellunopress.it\\\/\",\"name\":\"Bellunopress - Dolomiti\",\"description\":\"e-mail: redazione@bellunopress.it\",\"publisher\":{\"@id\":\"https:\\\/\\\/www.bellunopress.it\\\/#organization\"},\"potentialAction\":[{\"@type\":\"SearchAction\",\"target\":{\"@type\":\"EntryPoint\",\"urlTemplate\":\"https:\\\/\\\/www.bellunopress.it\\\/?s={search_term_string}\"},\"query-input\":{\"@type\":\"PropertyValueSpecification\",\"valueRequired\":true,\"valueName\":\"search_term_string\"}}],\"inLanguage\":\"fr-FR\"},{\"@type\":\"Organization\",\"@id\":\"https:\\\/\\\/www.bellunopress.it\\\/#organization\",\"name\":\"Bellunopress\",\"url\":\"https:\\\/\\\/www.bellunopress.it\\\/\",\"logo\":{\"@type\":\"ImageObject\",\"inLanguage\":\"fr-FR\",\"@id\":\"https:\\\/\\\/www.bellunopress.it\\\/#\\\/schema\\\/logo\\\/image\\\/\",\"url\":\"https:\\\/\\\/www.bellunopress.it\\\/wp-content\\\/uploads\\\/2011\\\/05\\\/cropped-logo-bellunopress-.jpg\",\"contentUrl\":\"https:\\\/\\\/www.bellunopress.it\\\/wp-content\\\/uploads\\\/2011\\\/05\\\/cropped-logo-bellunopress-.jpg\",\"width\":512,\"height\":512,\"caption\":\"Bellunopress\"},\"image\":{\"@id\":\"https:\\\/\\\/www.bellunopress.it\\\/#\\\/schema\\\/logo\\\/image\\\/\"},\"sameAs\":[\"https:\\\/\\\/www.facebook.com\\\/profile.php?id=100008943462799\",\"https:\\\/\\\/x.com\\\/bellunopress\",\"https:\\\/\\\/www.linkedin.com\\\/hp\\\/?dnr=JBzUWaJfMUw8vbXJJ2tVW5-I3jZKvC4wsoxE&amp;amp;amp;amp;amp;amp;trk=nav_responsive_tab_home\",\"https:\\\/\\\/www.youtube.com\\\/channel\\\/UCxL0wu1uN0_3_7hGG0306cw\"]},{\"@type\":\"Person\",\"@id\":\"https:\\\/\\\/www.bellunopress.it\\\/#\\\/schema\\\/person\\\/79bb06722b37ece1c03d3e94beb30d73\",\"name\":\"redazione\",\"image\":{\"@type\":\"ImageObject\",\"inLanguage\":\"fr-FR\",\"@id\":\"https:\\\/\\\/secure.gravatar.com\\\/avatar\\\/37d968a2e67a6fd04c169c4bdef102d0bc5d31b2546345219e348575eb80e9a0?s=96&d=mm&r=g\",\"url\":\"https:\\\/\\\/secure.gravatar.com\\\/avatar\\\/37d968a2e67a6fd04c169c4bdef102d0bc5d31b2546345219e348575eb80e9a0?s=96&d=mm&r=g\",\"contentUrl\":\"https:\\\/\\\/secure.gravatar.com\\\/avatar\\\/37d968a2e67a6fd04c169c4bdef102d0bc5d31b2546345219e348575eb80e9a0?s=96&d=mm&r=g\",\"caption\":\"redazione\"},\"sameAs\":[\"http:\\\/\\\/www.bellunopress.it\",\"https:\\\/\\\/x.com\\\/bellunopress\"],\"url\":\"https:\\\/\\\/www.bellunopress.it\\\/fr\\\/author\\\/redazione\\\/\"}]}<\/script>\n<!-- \/ Yoast SEO plugin. -->","yoast_head_json":{"title":"300 mila euro dalla Regione per l'abbattimento barriere architettoniche. 30 giorni di tempo ai Comuni per fare la domanda - Bellunopress - Dolomiti","robots":{"index":"index","follow":"follow","max-snippet":"max-snippet:-1","max-image-preview":"max-image-preview:large","max-video-preview":"max-video-preview:-1"},"canonical":"https:\/\/www.bellunopress.it\/fr\/2022\/04\/19\/300-mila-euro-dalla-regione-per-labbattimento-barriere-architettoniche-30-giorni-di-tempo-ai-comuni-per-fare-la-domanda\/","og_locale":"fr_FR","og_type":"article","og_title":"300 mila euro dalla Regione per l'abbattimento barriere architettoniche. 30 giorni di tempo ai Comuni per fare la domanda - Bellunopress - Dolomiti","og_description":"Venezia, 19 aprile 2022\u00a0\u00a0E\u2019 stata pubblicata sul Bollettino Ufficiale della Regione nr. 50 di oggi, 19 aprile 2022, la delibera approvata dalla Giunta regionale lo scorso 12 aprile, su proposta dell\u2019Assessore alla Sanit\u00e0 e Sociale, che stanzia 300 mila euro come contributo regionale per la realizzazione, da parte dei Comuni, dei Piani per l\u2019Eliminazione delle [&hellip;]","og_url":"https:\/\/www.bellunopress.it\/fr\/2022\/04\/19\/300-mila-euro-dalla-regione-per-labbattimento-barriere-architettoniche-30-giorni-di-tempo-ai-comuni-per-fare-la-domanda\/","og_site_name":"Bellunopress - Dolomiti","article_publisher":"https:\/\/www.facebook.com\/profile.php?id=100008943462799","article_published_time":"2022-04-19T17:09:11+00:00","og_image":[{"width":780,"height":405,"url":"https:\/\/www.bellunopress.it\/wp-content\/uploads\/2020\/05\/Regione-Veneto-Palazzo-Ferro-Fini-sede-del-Consiglio-regionale_edited.jpg","type":"image\/jpeg"}],"author":"redazione","twitter_card":"summary_large_image","twitter_creator":"@bellunopress","twitter_site":"@bellunopress","twitter_misc":{"Written by":"redazione","Est. reading time":"2 minutes"},"schema":{"@context":"https:\/\/schema.org","@graph":[{"@type":"Article","@id":"https:\/\/www.bellunopress.it\/2022\/04\/19\/300-mila-euro-dalla-regione-per-labbattimento-barriere-architettoniche-30-giorni-di-tempo-ai-comuni-per-fare-la-domanda\/#article","isPartOf":{"@id":"https:\/\/www.bellunopress.it\/2022\/04\/19\/300-mila-euro-dalla-regione-per-labbattimento-barriere-architettoniche-30-giorni-di-tempo-ai-comuni-per-fare-la-domanda\/"},"author":{"name":"redazione","@id":"https:\/\/www.bellunopress.it\/#\/schema\/person\/79bb06722b37ece1c03d3e94beb30d73"},"headline":"300 mila euro dalla Regione per l&#8217;abbattimento barriere architettoniche. 30 giorni di tempo ai Comuni per fare la domanda","datePublished":"2022-04-19T17:09:11+00:00","mainEntityOfPage":{"@id":"https:\/\/www.bellunopress.it\/2022\/04\/19\/300-mila-euro-dalla-regione-per-labbattimento-barriere-architettoniche-30-giorni-di-tempo-ai-comuni-per-fare-la-domanda\/"},"wordCount":262,"publisher":{"@id":"https:\/\/www.bellunopress.it\/#organization"},"image":{"@id":"https:\/\/www.bellunopress.it\/2022\/04\/19\/300-mila-euro-dalla-regione-per-labbattimento-barriere-architettoniche-30-giorni-di-tempo-ai-comuni-per-fare-la-domanda\/#primaryimage"},"thumbnailUrl":"https:\/\/www.bellunopress.it\/wp-content\/uploads\/2020\/05\/Regione-Veneto-Palazzo-Ferro-Fini-sede-del-Consiglio-regionale_edited.jpg","articleSection":["Cronaca\/Politica"],"inLanguage":"fr-FR"},{"@type":"WebPage","@id":"https:\/\/www.bellunopress.it\/2022\/04\/19\/300-mila-euro-dalla-regione-per-labbattimento-barriere-architettoniche-30-giorni-di-tempo-ai-comuni-per-fare-la-domanda\/","url":"https:\/\/www.bellunopress.it\/2022\/04\/19\/300-mila-euro-dalla-regione-per-labbattimento-barriere-architettoniche-30-giorni-di-tempo-ai-comuni-per-fare-la-domanda\/","name":"300 mila euro dalla Regione per l'abbattimento barriere architettoniche. 30 giorni di tempo ai Comuni per fare la domanda - Bellunopress - Dolomiti","isPartOf":{"@id":"https:\/\/www.bellunopress.it\/#website"},"primaryImageOfPage":{"@id":"https:\/\/www.bellunopress.it\/2022\/04\/19\/300-mila-euro-dalla-regione-per-labbattimento-barriere-architettoniche-30-giorni-di-tempo-ai-comuni-per-fare-la-domanda\/#primaryimage"},"image":{"@id":"https:\/\/www.bellunopress.it\/2022\/04\/19\/300-mila-euro-dalla-regione-per-labbattimento-barriere-architettoniche-30-giorni-di-tempo-ai-comuni-per-fare-la-domanda\/#primaryimage"},"thumbnailUrl":"https:\/\/www.bellunopress.it\/wp-content\/uploads\/2020\/05\/Regione-Veneto-Palazzo-Ferro-Fini-sede-del-Consiglio-regionale_edited.jpg","datePublished":"2022-04-19T17:09:11+00:00","breadcrumb":{"@id":"https:\/\/www.bellunopress.it\/2022\/04\/19\/300-mila-euro-dalla-regione-per-labbattimento-barriere-architettoniche-30-giorni-di-tempo-ai-comuni-per-fare-la-domanda\/#breadcrumb"},"inLanguage":"fr-FR","potentialAction":[{"@type":"ReadAction","target":["https:\/\/www.bellunopress.it\/2022\/04\/19\/300-mila-euro-dalla-regione-per-labbattimento-barriere-architettoniche-30-giorni-di-tempo-ai-comuni-per-fare-la-domanda\/"]}]},{"@type":"ImageObject","inLanguage":"fr-FR","@id":"https:\/\/www.bellunopress.it\/2022\/04\/19\/300-mila-euro-dalla-regione-per-labbattimento-barriere-architettoniche-30-giorni-di-tempo-ai-comuni-per-fare-la-domanda\/#primaryimage","url":"https:\/\/www.bellunopress.it\/wp-content\/uploads\/2020\/05\/Regione-Veneto-Palazzo-Ferro-Fini-sede-del-Consiglio-regionale_edited.jpg","contentUrl":"https:\/\/www.bellunopress.it\/wp-content\/uploads\/2020\/05\/Regione-Veneto-Palazzo-Ferro-Fini-sede-del-Consiglio-regionale_edited.jpg","width":780,"height":405,"caption":"Palazzo Ferro Fini, sede del Consiglio regionale del Veneto"},{"@type":"BreadcrumbList","@id":"https:\/\/www.bellunopress.it\/2022\/04\/19\/300-mila-euro-dalla-regione-per-labbattimento-barriere-architettoniche-30-giorni-di-tempo-ai-comuni-per-fare-la-domanda\/#breadcrumb","itemListElement":[{"@type":"ListItem","position":1,"name":"Home","item":"https:\/\/www.bellunopress.it\/"},{"@type":"ListItem","position":2,"name":"300 mila euro dalla Regione per l&#8217;abbattimento barriere architettoniche. 30 giorni di tempo ai Comuni per fare la domanda"}]},{"@type":"WebSite","@id":"https:\/\/www.bellunopress.it\/#website","url":"https:\/\/www.bellunopress.it\/","name":"Bellunopress - Dolomiti","description":"e-mail: redazione@bellunopress.it","publisher":{"@id":"https:\/\/www.bellunopress.it\/#organization"},"potentialAction":[{"@type":"SearchAction","target":{"@type":"EntryPoint","urlTemplate":"https:\/\/www.bellunopress.it\/?s={search_term_string}"},"query-input":{"@type":"PropertyValueSpecification","valueRequired":true,"valueName":"search_term_string"}}],"inLanguage":"fr-FR"},{"@type":"Organization","@id":"https:\/\/www.bellunopress.it\/#organization","name":"Bellunopress","url":"https:\/\/www.bellunopress.it\/","logo":{"@type":"ImageObject","inLanguage":"fr-FR","@id":"https:\/\/www.bellunopress.it\/#\/schema\/logo\/image\/","url":"https:\/\/www.bellunopress.it\/wp-content\/uploads\/2011\/05\/cropped-logo-bellunopress-.jpg","contentUrl":"https:\/\/www.bellunopress.it\/wp-content\/uploads\/2011\/05\/cropped-logo-bellunopress-.jpg","width":512,"height":512,"caption":"Bellunopress"},"image":{"@id":"https:\/\/www.bellunopress.it\/#\/schema\/logo\/image\/"},"sameAs":["https:\/\/www.facebook.com\/profile.php?id=100008943462799","https:\/\/x.com\/bellunopress","https:\/\/www.linkedin.com\/hp\/?dnr=JBzUWaJfMUw8vbXJJ2tVW5-I3jZKvC4wsoxE&amp;amp;amp;amp;amp;amp;trk=nav_responsive_tab_home","https:\/\/www.youtube.com\/channel\/UCxL0wu1uN0_3_7hGG0306cw"]},{"@type":"Person","@id":"https:\/\/www.bellunopress.it\/#\/schema\/person\/79bb06722b37ece1c03d3e94beb30d73","name":"r\u00e9daction","image":{"@type":"ImageObject","inLanguage":"fr-FR","@id":"https:\/\/secure.gravatar.com\/avatar\/37d968a2e67a6fd04c169c4bdef102d0bc5d31b2546345219e348575eb80e9a0?s=96&d=mm&r=g","url":"https:\/\/secure.gravatar.com\/avatar\/37d968a2e67a6fd04c169c4bdef102d0bc5d31b2546345219e348575eb80e9a0?s=96&d=mm&r=g","contentUrl":"https:\/\/secure.gravatar.com\/avatar\/37d968a2e67a6fd04c169c4bdef102d0bc5d31b2546345219e348575eb80e9a0?s=96&d=mm&r=g","caption":"redazione"},"sameAs":["http:\/\/www.bellunopress.it","https:\/\/x.com\/bellunopress"],"url":"https:\/\/www.bellunopress.it\/fr\/author\/redazione\/"}]}},"_links":{"self":[{"href":"https:\/\/www.bellunopress.it\/fr\/wp-json\/wp\/v2\/posts\/132867","targetHints":{"allow":["GET"]}}],"collection":[{"href":"https:\/\/www.bellunopress.it\/fr\/wp-json\/wp\/v2\/posts"}],"about":[{"href":"https:\/\/www.bellunopress.it\/fr\/wp-json\/wp\/v2\/types\/post"}],"author":[{"embeddable":true,"href":"https:\/\/www.bellunopress.it\/fr\/wp-json\/wp\/v2\/users\/2"}],"replies":[{"embeddable":true,"href":"https:\/\/www.bellunopress.it\/fr\/wp-json\/wp\/v2\/comments?post=132867"}],"version-history":[{"count":1,"href":"https:\/\/www.bellunopress.it\/fr\/wp-json\/wp\/v2\/posts\/132867\/revisions"}],"predecessor-version":[{"id":132868,"href":"https:\/\/www.bellunopress.it\/fr\/wp-json\/wp\/v2\/posts\/132867\/revisions\/132868"}],"wp:featuredmedia":[{"embeddable":true,"href":"https:\/\/www.bellunopress.it\/fr\/wp-json\/wp\/v2\/media\/114469"}],"wp:attachment":[{"href":"https:\/\/www.bellunopress.it\/fr\/wp-json\/wp\/v2\/media?parent=132867"}],"wp:term":[{"taxonomy":"category","embeddable":true,"href":"https:\/\/www.bellunopress.it\/fr\/wp-json\/wp\/v2\/categories?post=132867"},{"taxonomy":"post_tag","embeddable":true,"href":"https:\/\/www.bellunopress.it\/fr\/wp-json\/wp\/v2\/tags?post=132867"}],"curies":[{"name":"wp","href":"https:\/\/api.w.org\/{rel}","templated":true}]}}