{"id":132861,"date":"2022-04-19T16:30:33","date_gmt":"2022-04-19T14:30:33","guid":{"rendered":"https:\/\/www.bellunopress.it\/?p=132861"},"modified":"2022-04-19T16:31:38","modified_gmt":"2022-04-19T14:31:38","slug":"amministrative-belluno-2022-presentata-la-lista-belluno-d-a-sostegno-del-candidato-sindaco-giuseppe-vignato-tutti-i-nomi-dei-candidatin","status":"publish","type":"post","link":"https:\/\/www.bellunopress.it\/fr\/2022\/04\/19\/amministrative-belluno-2022-presentata-la-lista-belluno-d-a-sostegno-del-candidato-sindaco-giuseppe-vignato-tutti-i-nomi-dei-candidatin\/","title":{"rendered":"Amministrative Belluno 2022. Presentata la lista Belluno D+ a sostegno del candidato sindaco Giuseppe Vignato. Tutti i nomi dei candidati"},"content":{"rendered":"<figure id=\"attachment_132862\" aria-describedby=\"caption-attachment-132862\" style=\"width: 1000px\" class=\"wp-caption alignleft\"><img loading=\"lazy\" decoding=\"async\" class=\"size-full wp-image-132862\" src=\"https:\/\/www.bellunopress.it\/wp-content\/uploads\/2022\/04\/Belluno-D-Matteo-Bianchi-Marco-Bogo-Giangiacomo-Nicolini-Yuly-dEmilia_edited.jpg\" alt=\"\" width=\"1000\" height=\"801\" srcset=\"https:\/\/www.bellunopress.it\/wp-content\/uploads\/2022\/04\/Belluno-D-Matteo-Bianchi-Marco-Bogo-Giangiacomo-Nicolini-Yuly-dEmilia_edited.jpg 1000w, https:\/\/www.bellunopress.it\/wp-content\/uploads\/2022\/04\/Belluno-D-Matteo-Bianchi-Marco-Bogo-Giangiacomo-Nicolini-Yuly-dEmilia_edited-500x401.jpg 500w, https:\/\/www.bellunopress.it\/wp-content\/uploads\/2022\/04\/Belluno-D-Matteo-Bianchi-Marco-Bogo-Giangiacomo-Nicolini-Yuly-dEmilia_edited-696x557.jpg 696w, https:\/\/www.bellunopress.it\/wp-content\/uploads\/2022\/04\/Belluno-D-Matteo-Bianchi-Marco-Bogo-Giangiacomo-Nicolini-Yuly-dEmilia_edited-524x420.jpg 524w\" sizes=\"auto, (max-width: 1000px) 100vw, 1000px\" \/><figcaption id=\"caption-attachment-132862\" class=\"wp-caption-text\">Matteo Bianchi, Marco Bogo, Giangiacomo Nicolini, Yuky d&#8217;Emilia<\/figcaption><\/figure>\n<p>Belluno, 19 aprile 2022 &#8211; E&#8217; stata presentata questa mattina al bar Speakeasy 1920 in piazza Santo Stefano a Belluno, la lista civica &#8220;Belluno D+&#8221; a sostegno del candidato sindaco Giuseppe Vignato.<\/p>\n<p>Una squadra di 32 candidati dell&#8217;et\u00e0 media di 44 anni, 21 uomini e 11 donne impegnati in svariati settori, dall\u2019imprenditoria al sociale, dalla sanit\u00e0 all\u2019insegnamento, con diversi giovani tra le fila.<\/p>\n<figure id=\"attachment_132863\" aria-describedby=\"caption-attachment-132863\" style=\"width: 815px\" class=\"wp-caption alignleft\"><img loading=\"lazy\" decoding=\"async\" class=\"size-full wp-image-132863\" src=\"https:\/\/www.bellunopress.it\/wp-content\/uploads\/2022\/04\/Giuseppe-Vignato_edited.jpg\" alt=\"\" width=\"815\" height=\"1000\" srcset=\"https:\/\/www.bellunopress.it\/wp-content\/uploads\/2022\/04\/Giuseppe-Vignato_edited.jpg 815w, https:\/\/www.bellunopress.it\/wp-content\/uploads\/2022\/04\/Giuseppe-Vignato_edited-408x500.jpg 408w, https:\/\/www.bellunopress.it\/wp-content\/uploads\/2022\/04\/Giuseppe-Vignato_edited-696x854.jpg 696w, https:\/\/www.bellunopress.it\/wp-content\/uploads\/2022\/04\/Giuseppe-Vignato_edited-342x420.jpg 342w\" sizes=\"auto, (max-width: 815px) 100vw, 815px\" \/><figcaption id=\"caption-attachment-132863\" class=\"wp-caption-text\">Giuseppe Vignato, candidato sindaco Comune di Belluno<\/figcaption><\/figure>\n<p>Il candidato sindaco Giuseppe Vignato, in apertura della conferenza di presentazione della lista, ha ricordato la matrice progressista riformista della sua squadra, costruita essenzialmente sulle competenze. Ha parlato inoltre, di turismo, beni ambientali e architettonici. E di un turismo legato allo sport, quest&#8217;ultimo praticato da circa 3.500 bellunesi, e del Colle bellunese, il Nevegal, dove si sono formati un totale di circa 6.000 sciatori.<\/p>\n<p>A presentare la squadra c&#8217;era Giangiacomo Nicolini, consigliere comunale uscente e capogruppo della lista civica Belluno D+. &#8220;Quando Vignato era assessore della giunta Fistarol &#8211; ha detto Nicolini &#8211; io mi candidavo con loro per la prima volta. Belluno D+ nasce 5 anni fa, in questo periodo di esperienza amministrativa ho provato a contribuire in modo concreto alla vita amministrativa della nostra citt\u00e0, cercando di portare il mio apporto con idee e progetti. In particolare in tema di sanit\u00e0, sport, settore sociale e familiare per lo sviluppo di politiche a favore dei nostri figli e del loro futuro. Metto dunque ancora una volta tutto il mio entusiasmo al servizio della nostra citt\u00e0. La competenza &#8211; ha concluso Nicolini &#8211; \u00e8 la chiave di questa nostra lista&#8221;.<\/p>\n<p>Sono intervenuti, inoltre, alcuni dei 32 candidati presenti. Marco Bogo, assessore allo Sport uscente ha detto che &#8220;Da soli non si vince, se dietro non c&#8217;\u00e8 una squadra. Ed ha ricordato che sono stati messi in campo 10 milioni di euro per l&#8217;impiantistica sportiva di Belluno&#8221;. Matteo Bianchi, consigliere uscente e membro della\u00a0 Commissione Bilancio, ha parlato da tecnico dell&#8217;importanza delle competenze nella futura gestione dei fondi del Pnrr, ricordando che il candidato sindaco Vignato ha gestito organizzazioni complesse.\u00a0 Yuky d&#8217;Emilia, assessore al Turismo uscente ha parlato delle potenzialit\u00e0 del prodotto turistico bellunese a 360 gradi, su cui si pu\u00f2 puntare.<\/p>\n<p>Hanno parlato anche Alessandra Da Col su tolleranza, inclusione, diversit\u00e0, Sandro D&#8217;Antimo su famiglia, Anna Candeago su pubblica amministrazione, Michela Lotto su valori e rinascita della citt\u00e0, Federico Bez sullo sviluppo del Nevegal, Gaetano Cirino sulle competenze, Andrea Da Rin su sostenibilit\u00e0 e interconnessioni, Veronica Bronzato ha sottolineato la necessit\u00e0 della scuola di avere un canale diretto di dialogo, Iacopo Emma ha parlato del sociale, Alberto Riva si \u00e8 soffermato sulla cultura, infine Cristina Gabrieli su sport e sci.<\/p>\n<p><strong><img loading=\"lazy\" decoding=\"async\" class=\"alignleft size-full wp-image-132864\" src=\"https:\/\/www.bellunopress.it\/wp-content\/uploads\/2022\/04\/Belluno-D-candidati_edited.jpg\" alt=\"\" width=\"1000\" height=\"907\" srcset=\"https:\/\/www.bellunopress.it\/wp-content\/uploads\/2022\/04\/Belluno-D-candidati_edited.jpg 1000w, https:\/\/www.bellunopress.it\/wp-content\/uploads\/2022\/04\/Belluno-D-candidati_edited-500x454.jpg 500w, https:\/\/www.bellunopress.it\/wp-content\/uploads\/2022\/04\/Belluno-D-candidati_edited-696x631.jpg 696w, https:\/\/www.bellunopress.it\/wp-content\/uploads\/2022\/04\/Belluno-D-candidati_edited-463x420.jpg 463w\" sizes=\"auto, (max-width: 1000px) 100vw, 1000px\" \/>Ecco i nomi dei candidati consiglieri comunali della lista civiva Belluno D+<\/strong><\/p>\n<p>Giangiacomo Nicolini, 49 anni, nato e cresciuto a Belluno, sposato da 20 anni con Ylenia e pap\u00e0 di 5 figli. Medico, specialista in Malattie Infettive, e pediatra presso la ULSS1 Dolomiti, lavora a Belluno e a Pieve di Cadore dove \u00e8 responsabile della Pediatria dal 2015. Dal 2017 \u00e8 consigliere comunale in citt\u00e0 e capogruppo della lista civica Belluno D+.<\/p>\n<p>Federico Bez Nato e cresciuto a Belluno, classe 1966, si occupa di consulenza e vendita di prodotti assicurativi e finanziari. Da sempre \u00e8 impegnato nel volontariato, anche nella salvaguardia del territorio.<\/p>\n<p>Matteo Bianchi 47 anni, consigliere comunale uscente, \u00e8 sposato ed \u00e8 pap\u00e0 di due figlie di 13 e 15 anni. Lavora da oltre 20 anni nel settore bancario, attualmente responsabile di filiale. Laurea in scienze politiche, fin da giovane impegnato nel volontariato e nel sociale.<\/p>\n<p>Marco Bogo 38 anni, assessore uscente, \u00e8 sposato e ha due figli. Ingegnere libero professionista, lavora nel campo della sicurezza sul lavoro e antincendio e della Protezione Civile. \u00c8 docente in corsi di formazione e consulente per associazioni di volontariato.<\/p>\n<p>Laurenzo Borsato studente dell\u2019Itis \u201cSegato\u201d, 19 anni, \u00e8 consigliere delegato dell&#8217;ABVS di Belluno. \u00abHo voluto candidarmi perch\u00e9 vorrei maturare un\u2019esperienza amministrativa e porto con me tutto l&#8217;entusiasmo di un giovane che ha la volont\u00e0 di contribuire alla crescita della nostra citt\u00e0\u00bb dichiara.<\/p>\n<p>Edmond Brahimi Nato a Valona (Albania) nel 1965, \u00e8 arrivato in Italia come emigrato. Dopo il matrimonio, si \u00e8 stabilito a Belluno, dove vive da 30 anni. Diplomato all\u2019Istituto Tecnico di Agraria, lavora a Longarone come operaio e ha tre figli.<\/p>\n<p>Veronica Bronzato, bellunese del 1974, \u00e8 laureata a Padova in Lettere moderne e dal 2006 insegna al \u201cRenier\u201d. Vive a Castion ed \u00e8 legata a Borgo Piave, dove ha imparato a suonare la chitarra. Il canto \u00e8 la sua grande passione e fa parte di un trio di musica swing anni 40.<\/p>\n<p>Anna Candeago, 45 anni, laurea triennale in commercio estero, da 22 anni lavora per l\u2019Amministrazione provinciale di Belluno, ente che le ha dato la possibilit\u00e0 di conoscere potenzialit\u00e0 e criticit\u00e0 del bellunese.<\/p>\n<p>Giovanni Cecchet, 50 anni, coniugato, ha due figlie e vive da sempre a Belluno. Laureato in ingegneria informatica a Padova, \u00e8 Perito Industriale. Si occupa di gestione della sicurezza nei luoghi di lavoro e della gestione ambientale come RSPP e come HSE manager.<br \/>\nImpegnato nel volontariato, \u00e8 Presidente del Consiglio d\u2019Istituto del \u201cCatullo\u201d.<\/p>\n<p>Gaetano Cirino, 44 anni, ingegnere, dopo diciotto anni da manager in una multinazionale, ha scelto di insegnare informatica per passione e ha realizzato una sua attivit\u00e0 sul web.<\/p>\n<p>Sandro D\u2019Antimo, 55 anni, sposato, ha due figli universitari. Ha conseguito la laurea in Ingegneria Elettronica e lavora nell\u2019ambito delle Tecnologie dell\u2019Informazione.<\/p>\n<p>Yuki D\u2019Emilia, 27 anni, laureata prima in economia, filosofia e politica a Bolzano e poi in\u00a0 management della sostenibilit\u00e0 e del turismo a Trento; dopo le esperienze alla Fondazione Dolomiti UNESCO ed alla DMO Dolomiti, \u00e8 stata chiamata, come tecnica, a ricoprire l&#8217;incarico di assessora al turismo nel capoluogo.<\/p>\n<p>Alessandra Da Col, cadorina di nascita, classe 1981, ha frequentato Giurisprudenza a Ferrara. Svolge la libera professione di avvocato, prevalentemente civilista, ed \u00e8 direttrice della Scuola Forense dell\u2019Ordine degli Avvocati di Belluno per la formazione dei giovani praticanti. Attuale vicepresidente di Dolomiti Emergency.<\/p>\n<p>Andrea Da Rin De Nicol\u00f2, nato ad Auronzo di Cadore nel 1972, risiede a Vezzano da anni con la compagna e le 2 figlie. Lavora da sempre nel settore dell\u2019occhialeria come designer.<\/p>\n<p>Andrea De Nard, 29 anni, di Ponte nelle Alpi, \u00e8 presidente del Comitato Frazionale.<br \/>\nL\u2019incarico di Export Manager nel settore fashion lo ha portato a girare il mondo e scoprire nuovi orizzonti e opportunit\u00e0. \u00c8 arbitro di Pallavolo e Beach Volley ai massimi livelli italiani.<\/p>\n<p>Jacopo Emma, 36 anni, sposato, ha due figlie. Laureato in antropologia e scienze dell&#8217;educazione, risiede a Bios. Dopo dieci anni come educatore in diverse cooperative social, ha dato vita nel 2019 a un&#8217;azienda agricola biologica riconosciuta fattoria didattica coinvolgendo soggetti fragili.<\/p>\n<p>Adriano Fontanella, Nato nel 1956, sposato, 3 figli, vive a Mussoi e oggi \u00e8 in pensione. Dopo aver maturato un\u2019esperienza con il sindacato, si mette volentieri al servizio di questa squadra.<\/p>\n<p>Giuseppe Fornasier, nato nel 1960, sposato, ha due figli. Medico dipendente ULSS1 Dolomiti. Tra le sue grandi passioni il canto, anche con attivit\u00e0 concertistica.<\/p>\n<p>Cristiana Gabrielli, 41 anni, bellunese, \u00e8 dentista e maestra di sci. Ama molto lo sport, in particolare lo sci.<\/p>\n<p>Michela Lotto, 43 anni, vive a Castion ed \u00e8 mamma e lavoratrice autonoma. Crede nella solidariet\u00e0 come collante sociale e nella forza delle autonomie locali.<\/p>\n<p>Demetrio Marcomini detto Dimitri, dopo molti anni a Borgo Piave ora vive a Tisoi con Paola e i tre figli. Classe 1967, ingegnere, lavora da 25 anni in un&#8217;azienda che produce elettronica in Alpago.<br \/>\nValentina Melis, 32 anni, \u00e8 consigliere comunale uscente con incarico di Vice Presidente del Consiglio. Laureata in Giurisprudenza ad Udine, \u00e8 impegnata nel settore bancario.<\/p>\n<p>Laura Negro, torinese di nascita, classe 1968, conduce un\u2019attivit\u00e0 turistica a Belluno dal 2006, oltre ad essere un&#8217;impiegata amministrativa in un&#8217;azienda privata.<\/p>\n<p>Federico Panella, odontoiatra, \u00e8 nato nel 1977; \u00e8 fortemente convinto che impostare correttamente il lavoro nei prossimi anni significher\u00e0 capitalizzare un risultato anche a medio-lungo termine, prospettiva che manca da tempo.<\/p>\n<p>Vicenzo Pastore detto Enzo, 39 anni, nato a Bari, \u00e8 sposato e ho due figli. Da tre anni si occupa di sensibilizzare la sua Belluno sulla questione autismo, problematica che vive in famiglia.<\/p>\n<p>Igor Picozzi, 46 anni, bellunese, \u00e8 gestore di locali a tema birreria dal 1998 e creatore di una birra a marchio di dove opera; ha un gruppo social a livello nazionale sul tema.<br \/>\nConvive con la compagna, che lo aiuta nell\u2019attivit\u00e0.<\/p>\n<p>Alberto Riva, 45 anni, bellunese, laureato in Scienze Geologiche, ha un dottorato in Scienze della Terra e lavoro come assegnista di ricerca presso l\u2019universit\u00e0 di Ferrara, dopo aver lavorato per oltre 15 anni come consulente.<\/p>\n<p>Alessandro Sabbadin, 39 anni, bellunese, \u00e8 da cinque anni nella squadra. \u00c8 tecnico verificatore di impianti.<\/p>\n<p>Maria Straticiuc, 26 anni, dopo anni di lavoro in Luxottica, ha deciso di intraprendere un percorso universitario presso la scuola di mediazione linguistica di Vicenza.<\/p>\n<p>Claudia Vettorazzi, Bellunese, 33 anni, \u00e8 farmacista. Laureatasi a Ferrara, \u00e8 consigliere dell&#8217;Ordine dei Farmacisti della Provincia. Per anni sbandieratrice dei palii di Feltre e Ferrara.<\/p>\n<p>Laura Zanella, Classe 1977, \u00e8 mamma e compagna. Da sempre appassionata del suo lavoro di impiegata.<\/p>\n<p>Francesco Zuin, nato a Mirano nel 1978, \u00e8 informatico. Ha studiato, si \u00e8 sposato e ha avuto due figli in provincia di Venezia. Dal 2015 \u00e8 a Belluno.<\/p>\n<p>&nbsp;<\/p>\n<p>&nbsp;<\/p>\n<p>&nbsp;<\/p>","protected":false},"excerpt":{"rendered":"<p>Belluno, 19 aprile 2022 &#8211; E&#8217; stata presentata questa mattina al bar Speakeasy 1920 in piazza Santo Stefano a Belluno, la lista civica &#8220;Belluno D+&#8221; a sostegno del candidato sindaco Giuseppe Vignato. Una squadra di 32 candidati dell&#8217;et\u00e0 media di 44 anni, 21 uomini e 11 donne impegnati in svariati settori, dall\u2019imprenditoria al sociale, dalla [&hellip;]<\/p>\n","protected":false},"author":2,"featured_media":132864,"comment_status":"closed","ping_status":"open","sticky":false,"template":"","format":"standard","meta":{"footnotes":""},"categories":[5,26],"tags":[],"class_list":["post-132861","post","type-post","status-publish","format-standard","has-post-thumbnail","category-cronaca","category-prima-pagina"],"yoast_head":"<!-- This site is optimized with the Yoast SEO plugin v28.4 - https:\/\/yoast.com\/product\/yoast-seo-wordpress\/ -->\n<title>Amministrative Belluno 2022. Presentata la lista Belluno D+ a sostegno del candidato sindaco Giuseppe Vignato. Tutti i nomi dei candidati - Bellunopress - Dolomiti<\/title>\n<meta name=\"robots\" content=\"index, follow, max-snippet:-1, max-image-preview:large, max-video-preview:-1\" \/>\n<link rel=\"canonical\" href=\"https:\/\/www.bellunopress.it\/fr\/2022\/04\/19\/amministrative-belluno-2022-presentata-la-lista-belluno-d-a-sostegno-del-candidato-sindaco-giuseppe-vignato-tutti-i-nomi-dei-candidatin\/\" \/>\n<meta property=\"og:locale\" content=\"fr_FR\" \/>\n<meta property=\"og:type\" content=\"article\" \/>\n<meta property=\"og:title\" content=\"Amministrative Belluno 2022. Presentata la lista Belluno D+ a sostegno del candidato sindaco Giuseppe Vignato. Tutti i nomi dei candidati - Bellunopress - Dolomiti\" \/>\n<meta property=\"og:description\" content=\"Belluno, 19 aprile 2022 &#8211; E&#8217; stata presentata questa mattina al bar Speakeasy 1920 in piazza Santo Stefano a Belluno, la lista civica &#8220;Belluno D+&#8221; a sostegno del candidato sindaco Giuseppe Vignato. Una squadra di 32 candidati dell&#8217;et\u00e0 media di 44 anni, 21 uomini e 11 donne impegnati in svariati settori, dall\u2019imprenditoria al sociale, dalla [&hellip;]\" \/>\n<meta property=\"og:url\" content=\"https:\/\/www.bellunopress.it\/fr\/2022\/04\/19\/amministrative-belluno-2022-presentata-la-lista-belluno-d-a-sostegno-del-candidato-sindaco-giuseppe-vignato-tutti-i-nomi-dei-candidatin\/\" \/>\n<meta property=\"og:site_name\" content=\"Bellunopress - Dolomiti\" \/>\n<meta property=\"article:publisher\" content=\"https:\/\/www.facebook.com\/profile.php?id=100008943462799\" \/>\n<meta property=\"article:published_time\" content=\"2022-04-19T14:30:33+00:00\" \/>\n<meta property=\"article:modified_time\" content=\"2022-04-19T14:31:38+00:00\" \/>\n<meta property=\"og:image\" content=\"https:\/\/www.bellunopress.it\/wp-content\/uploads\/2022\/04\/Belluno-D-candidati_edited.jpg\" \/>\n\t<meta property=\"og:image:width\" content=\"1000\" \/>\n\t<meta property=\"og:image:height\" content=\"907\" \/>\n\t<meta property=\"og:image:type\" content=\"image\/jpeg\" \/>\n<meta name=\"author\" content=\"redazione\" \/>\n<meta name=\"twitter:card\" content=\"summary_large_image\" \/>\n<meta name=\"twitter:creator\" content=\"@bellunopress\" \/>\n<meta name=\"twitter:site\" content=\"@bellunopress\" \/>\n<meta name=\"twitter:label1\" content=\"Written by\" \/>\n\t<meta name=\"twitter:data1\" content=\"redazione\" \/>\n\t<meta name=\"twitter:label2\" content=\"Est. reading time\" \/>\n\t<meta name=\"twitter:data2\" content=\"9 minutes\" \/>\n<script type=\"application\/ld+json\" class=\"yoast-schema-graph\">{\"@context\":\"https:\\\/\\\/schema.org\",\"@graph\":[{\"@type\":\"Article\",\"@id\":\"https:\\\/\\\/www.bellunopress.it\\\/2022\\\/04\\\/19\\\/amministrative-belluno-2022-presentata-la-lista-belluno-d-a-sostegno-del-candidato-sindaco-giuseppe-vignato-tutti-i-nomi-dei-candidatin\\\/#article\",\"isPartOf\":{\"@id\":\"https:\\\/\\\/www.bellunopress.it\\\/2022\\\/04\\\/19\\\/amministrative-belluno-2022-presentata-la-lista-belluno-d-a-sostegno-del-candidato-sindaco-giuseppe-vignato-tutti-i-nomi-dei-candidatin\\\/\"},\"author\":{\"name\":\"redazione\",\"@id\":\"https:\\\/\\\/www.bellunopress.it\\\/#\\\/schema\\\/person\\\/79bb06722b37ece1c03d3e94beb30d73\"},\"headline\":\"Amministrative Belluno 2022. Presentata la lista Belluno D+ a sostegno del candidato sindaco Giuseppe Vignato. Tutti i nomi dei candidati\",\"datePublished\":\"2022-04-19T14:30:33+00:00\",\"dateModified\":\"2022-04-19T14:31:38+00:00\",\"mainEntityOfPage\":{\"@id\":\"https:\\\/\\\/www.bellunopress.it\\\/2022\\\/04\\\/19\\\/amministrative-belluno-2022-presentata-la-lista-belluno-d-a-sostegno-del-candidato-sindaco-giuseppe-vignato-tutti-i-nomi-dei-candidatin\\\/\"},\"wordCount\":1516,\"publisher\":{\"@id\":\"https:\\\/\\\/www.bellunopress.it\\\/#organization\"},\"image\":{\"@id\":\"https:\\\/\\\/www.bellunopress.it\\\/2022\\\/04\\\/19\\\/amministrative-belluno-2022-presentata-la-lista-belluno-d-a-sostegno-del-candidato-sindaco-giuseppe-vignato-tutti-i-nomi-dei-candidatin\\\/#primaryimage\"},\"thumbnailUrl\":\"https:\\\/\\\/www.bellunopress.it\\\/wp-content\\\/uploads\\\/2022\\\/04\\\/Belluno-D-candidati_edited.jpg\",\"articleSection\":[\"Cronaca\\\/Politica\",\"Prima Pagina\"],\"inLanguage\":\"fr-FR\"},{\"@type\":\"WebPage\",\"@id\":\"https:\\\/\\\/www.bellunopress.it\\\/2022\\\/04\\\/19\\\/amministrative-belluno-2022-presentata-la-lista-belluno-d-a-sostegno-del-candidato-sindaco-giuseppe-vignato-tutti-i-nomi-dei-candidatin\\\/\",\"url\":\"https:\\\/\\\/www.bellunopress.it\\\/2022\\\/04\\\/19\\\/amministrative-belluno-2022-presentata-la-lista-belluno-d-a-sostegno-del-candidato-sindaco-giuseppe-vignato-tutti-i-nomi-dei-candidatin\\\/\",\"name\":\"Amministrative Belluno 2022. Presentata la lista Belluno D+ a sostegno del candidato sindaco Giuseppe Vignato. Tutti i nomi dei candidati - Bellunopress - Dolomiti\",\"isPartOf\":{\"@id\":\"https:\\\/\\\/www.bellunopress.it\\\/#website\"},\"primaryImageOfPage\":{\"@id\":\"https:\\\/\\\/www.bellunopress.it\\\/2022\\\/04\\\/19\\\/amministrative-belluno-2022-presentata-la-lista-belluno-d-a-sostegno-del-candidato-sindaco-giuseppe-vignato-tutti-i-nomi-dei-candidatin\\\/#primaryimage\"},\"image\":{\"@id\":\"https:\\\/\\\/www.bellunopress.it\\\/2022\\\/04\\\/19\\\/amministrative-belluno-2022-presentata-la-lista-belluno-d-a-sostegno-del-candidato-sindaco-giuseppe-vignato-tutti-i-nomi-dei-candidatin\\\/#primaryimage\"},\"thumbnailUrl\":\"https:\\\/\\\/www.bellunopress.it\\\/wp-content\\\/uploads\\\/2022\\\/04\\\/Belluno-D-candidati_edited.jpg\",\"datePublished\":\"2022-04-19T14:30:33+00:00\",\"dateModified\":\"2022-04-19T14:31:38+00:00\",\"breadcrumb\":{\"@id\":\"https:\\\/\\\/www.bellunopress.it\\\/2022\\\/04\\\/19\\\/amministrative-belluno-2022-presentata-la-lista-belluno-d-a-sostegno-del-candidato-sindaco-giuseppe-vignato-tutti-i-nomi-dei-candidatin\\\/#breadcrumb\"},\"inLanguage\":\"fr-FR\",\"potentialAction\":[{\"@type\":\"ReadAction\",\"target\":[\"https:\\\/\\\/www.bellunopress.it\\\/2022\\\/04\\\/19\\\/amministrative-belluno-2022-presentata-la-lista-belluno-d-a-sostegno-del-candidato-sindaco-giuseppe-vignato-tutti-i-nomi-dei-candidatin\\\/\"]}]},{\"@type\":\"ImageObject\",\"inLanguage\":\"fr-FR\",\"@id\":\"https:\\\/\\\/www.bellunopress.it\\\/2022\\\/04\\\/19\\\/amministrative-belluno-2022-presentata-la-lista-belluno-d-a-sostegno-del-candidato-sindaco-giuseppe-vignato-tutti-i-nomi-dei-candidatin\\\/#primaryimage\",\"url\":\"https:\\\/\\\/www.bellunopress.it\\\/wp-content\\\/uploads\\\/2022\\\/04\\\/Belluno-D-candidati_edited.jpg\",\"contentUrl\":\"https:\\\/\\\/www.bellunopress.it\\\/wp-content\\\/uploads\\\/2022\\\/04\\\/Belluno-D-candidati_edited.jpg\",\"width\":1000,\"height\":907},{\"@type\":\"BreadcrumbList\",\"@id\":\"https:\\\/\\\/www.bellunopress.it\\\/2022\\\/04\\\/19\\\/amministrative-belluno-2022-presentata-la-lista-belluno-d-a-sostegno-del-candidato-sindaco-giuseppe-vignato-tutti-i-nomi-dei-candidatin\\\/#breadcrumb\",\"itemListElement\":[{\"@type\":\"ListItem\",\"position\":1,\"name\":\"Home\",\"item\":\"https:\\\/\\\/www.bellunopress.it\\\/\"},{\"@type\":\"ListItem\",\"position\":2,\"name\":\"Amministrative Belluno 2022. Presentata la lista Belluno D+ a sostegno del candidato sindaco Giuseppe Vignato. Tutti i nomi dei candidati\"}]},{\"@type\":\"WebSite\",\"@id\":\"https:\\\/\\\/www.bellunopress.it\\\/#website\",\"url\":\"https:\\\/\\\/www.bellunopress.it\\\/\",\"name\":\"Bellunopress - Dolomiti\",\"description\":\"e-mail: redazione@bellunopress.it\",\"publisher\":{\"@id\":\"https:\\\/\\\/www.bellunopress.it\\\/#organization\"},\"potentialAction\":[{\"@type\":\"SearchAction\",\"target\":{\"@type\":\"EntryPoint\",\"urlTemplate\":\"https:\\\/\\\/www.bellunopress.it\\\/?s={search_term_string}\"},\"query-input\":{\"@type\":\"PropertyValueSpecification\",\"valueRequired\":true,\"valueName\":\"search_term_string\"}}],\"inLanguage\":\"fr-FR\"},{\"@type\":\"Organization\",\"@id\":\"https:\\\/\\\/www.bellunopress.it\\\/#organization\",\"name\":\"Bellunopress\",\"url\":\"https:\\\/\\\/www.bellunopress.it\\\/\",\"logo\":{\"@type\":\"ImageObject\",\"inLanguage\":\"fr-FR\",\"@id\":\"https:\\\/\\\/www.bellunopress.it\\\/#\\\/schema\\\/logo\\\/image\\\/\",\"url\":\"https:\\\/\\\/www.bellunopress.it\\\/wp-content\\\/uploads\\\/2011\\\/05\\\/cropped-logo-bellunopress-.jpg\",\"contentUrl\":\"https:\\\/\\\/www.bellunopress.it\\\/wp-content\\\/uploads\\\/2011\\\/05\\\/cropped-logo-bellunopress-.jpg\",\"width\":512,\"height\":512,\"caption\":\"Bellunopress\"},\"image\":{\"@id\":\"https:\\\/\\\/www.bellunopress.it\\\/#\\\/schema\\\/logo\\\/image\\\/\"},\"sameAs\":[\"https:\\\/\\\/www.facebook.com\\\/profile.php?id=100008943462799\",\"https:\\\/\\\/x.com\\\/bellunopress\",\"https:\\\/\\\/www.linkedin.com\\\/hp\\\/?dnr=JBzUWaJfMUw8vbXJJ2tVW5-I3jZKvC4wsoxE&amp;amp;amp;amp;amp;amp;trk=nav_responsive_tab_home\",\"https:\\\/\\\/www.youtube.com\\\/channel\\\/UCxL0wu1uN0_3_7hGG0306cw\"]},{\"@type\":\"Person\",\"@id\":\"https:\\\/\\\/www.bellunopress.it\\\/#\\\/schema\\\/person\\\/79bb06722b37ece1c03d3e94beb30d73\",\"name\":\"redazione\",\"image\":{\"@type\":\"ImageObject\",\"inLanguage\":\"fr-FR\",\"@id\":\"https:\\\/\\\/secure.gravatar.com\\\/avatar\\\/37d968a2e67a6fd04c169c4bdef102d0bc5d31b2546345219e348575eb80e9a0?s=96&d=mm&r=g\",\"url\":\"https:\\\/\\\/secure.gravatar.com\\\/avatar\\\/37d968a2e67a6fd04c169c4bdef102d0bc5d31b2546345219e348575eb80e9a0?s=96&d=mm&r=g\",\"contentUrl\":\"https:\\\/\\\/secure.gravatar.com\\\/avatar\\\/37d968a2e67a6fd04c169c4bdef102d0bc5d31b2546345219e348575eb80e9a0?s=96&d=mm&r=g\",\"caption\":\"redazione\"},\"sameAs\":[\"http:\\\/\\\/www.bellunopress.it\",\"https:\\\/\\\/x.com\\\/bellunopress\"],\"url\":\"https:\\\/\\\/www.bellunopress.it\\\/fr\\\/author\\\/redazione\\\/\"}]}<\/script>\n<!-- \/ Yoast SEO plugin. -->","yoast_head_json":{"title":"Amministrative Belluno 2022. Presentata la lista Belluno D+ a sostegno del candidato sindaco Giuseppe Vignato. Tutti i nomi dei candidati - Bellunopress - Dolomiti","robots":{"index":"index","follow":"follow","max-snippet":"max-snippet:-1","max-image-preview":"max-image-preview:large","max-video-preview":"max-video-preview:-1"},"canonical":"https:\/\/www.bellunopress.it\/fr\/2022\/04\/19\/amministrative-belluno-2022-presentata-la-lista-belluno-d-a-sostegno-del-candidato-sindaco-giuseppe-vignato-tutti-i-nomi-dei-candidatin\/","og_locale":"fr_FR","og_type":"article","og_title":"Amministrative Belluno 2022. Presentata la lista Belluno D+ a sostegno del candidato sindaco Giuseppe Vignato. Tutti i nomi dei candidati - Bellunopress - Dolomiti","og_description":"Belluno, 19 aprile 2022 &#8211; E&#8217; stata presentata questa mattina al bar Speakeasy 1920 in piazza Santo Stefano a Belluno, la lista civica &#8220;Belluno D+&#8221; a sostegno del candidato sindaco Giuseppe Vignato. Una squadra di 32 candidati dell&#8217;et\u00e0 media di 44 anni, 21 uomini e 11 donne impegnati in svariati settori, dall\u2019imprenditoria al sociale, dalla [&hellip;]","og_url":"https:\/\/www.bellunopress.it\/fr\/2022\/04\/19\/amministrative-belluno-2022-presentata-la-lista-belluno-d-a-sostegno-del-candidato-sindaco-giuseppe-vignato-tutti-i-nomi-dei-candidatin\/","og_site_name":"Bellunopress - Dolomiti","article_publisher":"https:\/\/www.facebook.com\/profile.php?id=100008943462799","article_published_time":"2022-04-19T14:30:33+00:00","article_modified_time":"2022-04-19T14:31:38+00:00","og_image":[{"width":1000,"height":907,"url":"https:\/\/www.bellunopress.it\/wp-content\/uploads\/2022\/04\/Belluno-D-candidati_edited.jpg","type":"image\/jpeg"}],"author":"redazione","twitter_card":"summary_large_image","twitter_creator":"@bellunopress","twitter_site":"@bellunopress","twitter_misc":{"Written by":"redazione","Est. reading time":"9 minutes"},"schema":{"@context":"https:\/\/schema.org","@graph":[{"@type":"Article","@id":"https:\/\/www.bellunopress.it\/2022\/04\/19\/amministrative-belluno-2022-presentata-la-lista-belluno-d-a-sostegno-del-candidato-sindaco-giuseppe-vignato-tutti-i-nomi-dei-candidatin\/#article","isPartOf":{"@id":"https:\/\/www.bellunopress.it\/2022\/04\/19\/amministrative-belluno-2022-presentata-la-lista-belluno-d-a-sostegno-del-candidato-sindaco-giuseppe-vignato-tutti-i-nomi-dei-candidatin\/"},"author":{"name":"redazione","@id":"https:\/\/www.bellunopress.it\/#\/schema\/person\/79bb06722b37ece1c03d3e94beb30d73"},"headline":"Amministrative Belluno 2022. Presentata la lista Belluno D+ a sostegno del candidato sindaco Giuseppe Vignato. Tutti i nomi dei candidati","datePublished":"2022-04-19T14:30:33+00:00","dateModified":"2022-04-19T14:31:38+00:00","mainEntityOfPage":{"@id":"https:\/\/www.bellunopress.it\/2022\/04\/19\/amministrative-belluno-2022-presentata-la-lista-belluno-d-a-sostegno-del-candidato-sindaco-giuseppe-vignato-tutti-i-nomi-dei-candidatin\/"},"wordCount":1516,"publisher":{"@id":"https:\/\/www.bellunopress.it\/#organization"},"image":{"@id":"https:\/\/www.bellunopress.it\/2022\/04\/19\/amministrative-belluno-2022-presentata-la-lista-belluno-d-a-sostegno-del-candidato-sindaco-giuseppe-vignato-tutti-i-nomi-dei-candidatin\/#primaryimage"},"thumbnailUrl":"https:\/\/www.bellunopress.it\/wp-content\/uploads\/2022\/04\/Belluno-D-candidati_edited.jpg","articleSection":["Cronaca\/Politica","Prima Pagina"],"inLanguage":"fr-FR"},{"@type":"WebPage","@id":"https:\/\/www.bellunopress.it\/2022\/04\/19\/amministrative-belluno-2022-presentata-la-lista-belluno-d-a-sostegno-del-candidato-sindaco-giuseppe-vignato-tutti-i-nomi-dei-candidatin\/","url":"https:\/\/www.bellunopress.it\/2022\/04\/19\/amministrative-belluno-2022-presentata-la-lista-belluno-d-a-sostegno-del-candidato-sindaco-giuseppe-vignato-tutti-i-nomi-dei-candidatin\/","name":"Amministrative Belluno 2022. Presentata la lista Belluno D+ a sostegno del candidato sindaco Giuseppe Vignato. Tutti i nomi dei candidati - Bellunopress - Dolomiti","isPartOf":{"@id":"https:\/\/www.bellunopress.it\/#website"},"primaryImageOfPage":{"@id":"https:\/\/www.bellunopress.it\/2022\/04\/19\/amministrative-belluno-2022-presentata-la-lista-belluno-d-a-sostegno-del-candidato-sindaco-giuseppe-vignato-tutti-i-nomi-dei-candidatin\/#primaryimage"},"image":{"@id":"https:\/\/www.bellunopress.it\/2022\/04\/19\/amministrative-belluno-2022-presentata-la-lista-belluno-d-a-sostegno-del-candidato-sindaco-giuseppe-vignato-tutti-i-nomi-dei-candidatin\/#primaryimage"},"thumbnailUrl":"https:\/\/www.bellunopress.it\/wp-content\/uploads\/2022\/04\/Belluno-D-candidati_edited.jpg","datePublished":"2022-04-19T14:30:33+00:00","dateModified":"2022-04-19T14:31:38+00:00","breadcrumb":{"@id":"https:\/\/www.bellunopress.it\/2022\/04\/19\/amministrative-belluno-2022-presentata-la-lista-belluno-d-a-sostegno-del-candidato-sindaco-giuseppe-vignato-tutti-i-nomi-dei-candidatin\/#breadcrumb"},"inLanguage":"fr-FR","potentialAction":[{"@type":"ReadAction","target":["https:\/\/www.bellunopress.it\/2022\/04\/19\/amministrative-belluno-2022-presentata-la-lista-belluno-d-a-sostegno-del-candidato-sindaco-giuseppe-vignato-tutti-i-nomi-dei-candidatin\/"]}]},{"@type":"ImageObject","inLanguage":"fr-FR","@id":"https:\/\/www.bellunopress.it\/2022\/04\/19\/amministrative-belluno-2022-presentata-la-lista-belluno-d-a-sostegno-del-candidato-sindaco-giuseppe-vignato-tutti-i-nomi-dei-candidatin\/#primaryimage","url":"https:\/\/www.bellunopress.it\/wp-content\/uploads\/2022\/04\/Belluno-D-candidati_edited.jpg","contentUrl":"https:\/\/www.bellunopress.it\/wp-content\/uploads\/2022\/04\/Belluno-D-candidati_edited.jpg","width":1000,"height":907},{"@type":"BreadcrumbList","@id":"https:\/\/www.bellunopress.it\/2022\/04\/19\/amministrative-belluno-2022-presentata-la-lista-belluno-d-a-sostegno-del-candidato-sindaco-giuseppe-vignato-tutti-i-nomi-dei-candidatin\/#breadcrumb","itemListElement":[{"@type":"ListItem","position":1,"name":"Home","item":"https:\/\/www.bellunopress.it\/"},{"@type":"ListItem","position":2,"name":"Amministrative Belluno 2022. Presentata la lista Belluno D+ a sostegno del candidato sindaco Giuseppe Vignato. Tutti i nomi dei candidati"}]},{"@type":"WebSite","@id":"https:\/\/www.bellunopress.it\/#website","url":"https:\/\/www.bellunopress.it\/","name":"Bellunopress - Dolomiti","description":"e-mail: redazione@bellunopress.it","publisher":{"@id":"https:\/\/www.bellunopress.it\/#organization"},"potentialAction":[{"@type":"SearchAction","target":{"@type":"EntryPoint","urlTemplate":"https:\/\/www.bellunopress.it\/?s={search_term_string}"},"query-input":{"@type":"PropertyValueSpecification","valueRequired":true,"valueName":"search_term_string"}}],"inLanguage":"fr-FR"},{"@type":"Organization","@id":"https:\/\/www.bellunopress.it\/#organization","name":"Bellunopress","url":"https:\/\/www.bellunopress.it\/","logo":{"@type":"ImageObject","inLanguage":"fr-FR","@id":"https:\/\/www.bellunopress.it\/#\/schema\/logo\/image\/","url":"https:\/\/www.bellunopress.it\/wp-content\/uploads\/2011\/05\/cropped-logo-bellunopress-.jpg","contentUrl":"https:\/\/www.bellunopress.it\/wp-content\/uploads\/2011\/05\/cropped-logo-bellunopress-.jpg","width":512,"height":512,"caption":"Bellunopress"},"image":{"@id":"https:\/\/www.bellunopress.it\/#\/schema\/logo\/image\/"},"sameAs":["https:\/\/www.facebook.com\/profile.php?id=100008943462799","https:\/\/x.com\/bellunopress","https:\/\/www.linkedin.com\/hp\/?dnr=JBzUWaJfMUw8vbXJJ2tVW5-I3jZKvC4wsoxE&amp;amp;amp;amp;amp;amp;trk=nav_responsive_tab_home","https:\/\/www.youtube.com\/channel\/UCxL0wu1uN0_3_7hGG0306cw"]},{"@type":"Person","@id":"https:\/\/www.bellunopress.it\/#\/schema\/person\/79bb06722b37ece1c03d3e94beb30d73","name":"r\u00e9daction","image":{"@type":"ImageObject","inLanguage":"fr-FR","@id":"https:\/\/secure.gravatar.com\/avatar\/37d968a2e67a6fd04c169c4bdef102d0bc5d31b2546345219e348575eb80e9a0?s=96&d=mm&r=g","url":"https:\/\/secure.gravatar.com\/avatar\/37d968a2e67a6fd04c169c4bdef102d0bc5d31b2546345219e348575eb80e9a0?s=96&d=mm&r=g","contentUrl":"https:\/\/secure.gravatar.com\/avatar\/37d968a2e67a6fd04c169c4bdef102d0bc5d31b2546345219e348575eb80e9a0?s=96&d=mm&r=g","caption":"redazione"},"sameAs":["http:\/\/www.bellunopress.it","https:\/\/x.com\/bellunopress"],"url":"https:\/\/www.bellunopress.it\/fr\/author\/redazione\/"}]}},"_links":{"self":[{"href":"https:\/\/www.bellunopress.it\/fr\/wp-json\/wp\/v2\/posts\/132861","targetHints":{"allow":["GET"]}}],"collection":[{"href":"https:\/\/www.bellunopress.it\/fr\/wp-json\/wp\/v2\/posts"}],"about":[{"href":"https:\/\/www.bellunopress.it\/fr\/wp-json\/wp\/v2\/types\/post"}],"author":[{"embeddable":true,"href":"https:\/\/www.bellunopress.it\/fr\/wp-json\/wp\/v2\/users\/2"}],"replies":[{"embeddable":true,"href":"https:\/\/www.bellunopress.it\/fr\/wp-json\/wp\/v2\/comments?post=132861"}],"version-history":[{"count":2,"href":"https:\/\/www.bellunopress.it\/fr\/wp-json\/wp\/v2\/posts\/132861\/revisions"}],"predecessor-version":[{"id":132866,"href":"https:\/\/www.bellunopress.it\/fr\/wp-json\/wp\/v2\/posts\/132861\/revisions\/132866"}],"wp:featuredmedia":[{"embeddable":true,"href":"https:\/\/www.bellunopress.it\/fr\/wp-json\/wp\/v2\/media\/132864"}],"wp:attachment":[{"href":"https:\/\/www.bellunopress.it\/fr\/wp-json\/wp\/v2\/media?parent=132861"}],"wp:term":[{"taxonomy":"category","embeddable":true,"href":"https:\/\/www.bellunopress.it\/fr\/wp-json\/wp\/v2\/categories?post=132861"},{"taxonomy":"post_tag","embeddable":true,"href":"https:\/\/www.bellunopress.it\/fr\/wp-json\/wp\/v2\/tags?post=132861"}],"curies":[{"name":"wp","href":"https:\/\/api.w.org\/{rel}","templated":true}]}}