{"id":132788,"date":"2022-04-15T16:00:38","date_gmt":"2022-04-15T14:00:38","guid":{"rendered":"https:\/\/www.bellunopress.it\/?p=132788"},"modified":"2022-04-15T21:57:13","modified_gmt":"2022-04-15T19:57:13","slug":"amministrative-2022-belluno-presentata-stamattina-la-lista-civica-valore-comune-vignato-sindaco","status":"publish","type":"post","link":"https:\/\/www.bellunopress.it\/fr\/2022\/04\/15\/amministrative-2022-belluno-presentata-stamattina-la-lista-civica-valore-comune-vignato-sindaco\/","title":{"rendered":"Amministrative 2022 Belluno. Presentata stamattina la lista civica Valore comune, Vignato sindaco"},"content":{"rendered":"<p><img loading=\"lazy\" decoding=\"async\" class=\"alignleft size-full wp-image-132789\" src=\"https:\/\/www.bellunopress.it\/wp-content\/uploads\/2022\/04\/lista-Vignato-Valore-Comune_edited.jpg\" alt=\"\" width=\"770\" height=\"485\" srcset=\"https:\/\/www.bellunopress.it\/wp-content\/uploads\/2022\/04\/lista-Vignato-Valore-Comune_edited.jpg 770w, https:\/\/www.bellunopress.it\/wp-content\/uploads\/2022\/04\/lista-Vignato-Valore-Comune_edited-500x315.jpg 500w, https:\/\/www.bellunopress.it\/wp-content\/uploads\/2022\/04\/lista-Vignato-Valore-Comune_edited-696x438.jpg 696w, https:\/\/www.bellunopress.it\/wp-content\/uploads\/2022\/04\/lista-Vignato-Valore-Comune_edited-667x420.jpg 667w\" sizes=\"auto, (max-width: 770px) 100vw, 770px\" \/>Belluno, 15 aprile 2022 \u2013 E\u2019 stata presentata questa mattina al Caff\u00e8 Goppion di Massimo Barel, in piazza dei Martiri a Belluno, una delle quattro liste che sosterranno il candidato sindaco del centrosinistra Giuseppe Vignato. Si tratta della lista civica \u201cValore Comune &#8211; Vignato Sindaco\u201d.<\/p>\n<p>\u201cUna lista di 32 candidati provenienti dalla societ\u00e0 civile, e oggi slegati da partiti politici &#8211; ha detto il candidato sindaco Giuseppe Vignato &#8211; con 21 uomini e 11 donne\u201d. Una squadra senza condizionamenti di sorta, che rappresenta il tessuto sociale, composta da 10 lavoratori autonomi, 10 lavoratori dipendenti e 10 pensionati.<\/p>\n<figure id=\"attachment_132790\" aria-describedby=\"caption-attachment-132790\" style=\"width: 284px\" class=\"wp-caption alignleft\"><img loading=\"lazy\" decoding=\"async\" class=\"wp-image-132790\" src=\"https:\/\/www.bellunopress.it\/wp-content\/uploads\/2022\/04\/Giancarlo-Ingrosso-lista-Vignato_edited.jpg\" alt=\"\" width=\"284\" height=\"329\" srcset=\"https:\/\/www.bellunopress.it\/wp-content\/uploads\/2022\/04\/Giancarlo-Ingrosso-lista-Vignato_edited.jpg 471w, https:\/\/www.bellunopress.it\/wp-content\/uploads\/2022\/04\/Giancarlo-Ingrosso-lista-Vignato_edited-432x500.jpg 432w, https:\/\/www.bellunopress.it\/wp-content\/uploads\/2022\/04\/Giancarlo-Ingrosso-lista-Vignato_edited-363x420.jpg 363w\" sizes=\"auto, (max-width: 284px) 100vw, 284px\" \/><figcaption id=\"caption-attachment-132790\" class=\"wp-caption-text\">Giancarlo Ingrosso<\/figcaption><\/figure>\n<p>Alcuni candidati sono alla loro prima esperienza politica, altri sono volti noti, per aver avuto in passato un ruolo di primo piano nella politica bellunese. Uno di questi \u00e8 Giancarlo Ingrosso, gi\u00e0 assessore nella giunta Fistarol, che oggi rientra in politica nella squadra di Vignato con una mission precisa, ossia quella di creare un ponte verso le future generazioni nell\u2019arco dei 5 anni di mandato. \u201cPoich\u00e9 il futuro del nostro candidato Vignato &#8211; ha precisato Ingrosso &#8211; non \u00e8 quello di proiettarsi in una futura carriera politica\u201d.<\/p>\n<figure id=\"attachment_132791\" aria-describedby=\"caption-attachment-132791\" style=\"width: 269px\" class=\"wp-caption alignright\"><img loading=\"lazy\" decoding=\"async\" class=\"wp-image-132791\" src=\"https:\/\/www.bellunopress.it\/wp-content\/uploads\/2022\/04\/Carlotta-Stevanin-lista-Vignato_edited.jpg\" alt=\"\" width=\"269\" height=\"346\" srcset=\"https:\/\/www.bellunopress.it\/wp-content\/uploads\/2022\/04\/Carlotta-Stevanin-lista-Vignato_edited.jpg 477w, https:\/\/www.bellunopress.it\/wp-content\/uploads\/2022\/04\/Carlotta-Stevanin-lista-Vignato_edited-390x500.jpg 390w, https:\/\/www.bellunopress.it\/wp-content\/uploads\/2022\/04\/Carlotta-Stevanin-lista-Vignato_edited-327x420.jpg 327w\" sizes=\"auto, (max-width: 269px) 100vw, 269px\" \/><figcaption id=\"caption-attachment-132791\" class=\"wp-caption-text\">Carlotta Stevanin<\/figcaption><\/figure>\n<p>Un rientro a Belluno, invece, \u00e8 quello di Carlotta Stevanin, designer a Milano, il cui impegno \u00e8 volto a creare le condizioni affinch\u00e9 i giovani bellunesi, che come lei hanno lasciato la citt\u00e0 per motivi di lavoro, vi possano fare ritorno. \u201cPer questo \u2013 sottolinea Stevanin \u2013 va potenziata la presenza mediatica della citt\u00e0, l\u2019offerta bellunese, il turismo slow\u201d.<\/p>\n<p>Tamara Clapis \u00e8 una mamma con 4 figli, e anche lei si candida per contribuire a dare un futuro qui a Belluno alle future generazioni.<\/p>\n<figure id=\"attachment_132793\" aria-describedby=\"caption-attachment-132793\" style=\"width: 181px\" class=\"wp-caption alignleft\"><img loading=\"lazy\" decoding=\"async\" class=\"wp-image-132793\" src=\"https:\/\/www.bellunopress.it\/wp-content\/uploads\/2022\/04\/Tamara-Clapis-lista-Vignato_edited.jpg\" alt=\"\" width=\"181\" height=\"243\" \/><figcaption id=\"caption-attachment-132793\" class=\"wp-caption-text\">Tamara Clapis<\/figcaption><\/figure>\n<figure id=\"attachment_132792\" aria-describedby=\"caption-attachment-132792\" style=\"width: 209px\" class=\"wp-caption alignleft\"><img loading=\"lazy\" decoding=\"async\" class=\"wp-image-132792\" src=\"https:\/\/www.bellunopress.it\/wp-content\/uploads\/2022\/04\/Giorgia-Fontanari-lista-Vignato_edited.jpg\" alt=\"\" width=\"209\" height=\"239\" srcset=\"https:\/\/www.bellunopress.it\/wp-content\/uploads\/2022\/04\/Giorgia-Fontanari-lista-Vignato_edited.jpg 532w, https:\/\/www.bellunopress.it\/wp-content\/uploads\/2022\/04\/Giorgia-Fontanari-lista-Vignato_edited-438x500.jpg 438w, https:\/\/www.bellunopress.it\/wp-content\/uploads\/2022\/04\/Giorgia-Fontanari-lista-Vignato_edited-368x420.jpg 368w\" sizes=\"auto, (max-width: 209px) 100vw, 209px\" \/><figcaption id=\"caption-attachment-132792\" class=\"wp-caption-text\">Giorgia Fontanari<\/figcaption><\/figure>\n<p>Giorgia Fontanari \u00e8 alla sua prima esperienza politica, \u00e8 social media manager, viene dal turismo, e vede grandi potenzialit\u00e0 in questo settore, ma che a Belluno ritiene sottostimato.<\/p>\n<p>Anche Riccardo Samaria fa parte di quei giovani rientrati a Belluno dopo varie esperienze di lavoro e afferma il suo impegno per ridare valore alla citt\u00e0 attraverso politiche del lavoro e di sviluppo turistico.<\/p>\n<figure id=\"attachment_132794\" aria-describedby=\"caption-attachment-132794\" style=\"width: 211px\" class=\"wp-caption alignleft\"><img loading=\"lazy\" decoding=\"async\" class=\"wp-image-132794\" src=\"https:\/\/www.bellunopress.it\/wp-content\/uploads\/2022\/04\/Riccardo-Samaria-lista-Vignato_edited.jpg\" alt=\"\" width=\"211\" height=\"171\" srcset=\"https:\/\/www.bellunopress.it\/wp-content\/uploads\/2022\/04\/Riccardo-Samaria-lista-Vignato_edited.jpg 551w, https:\/\/www.bellunopress.it\/wp-content\/uploads\/2022\/04\/Riccardo-Samaria-lista-Vignato_edited-500x406.jpg 500w, https:\/\/www.bellunopress.it\/wp-content\/uploads\/2022\/04\/Riccardo-Samaria-lista-Vignato_edited-518x420.jpg 518w\" sizes=\"auto, (max-width: 211px) 100vw, 211px\" \/><figcaption id=\"caption-attachment-132794\" class=\"wp-caption-text\">Riccardo Samaria<\/figcaption><\/figure>\n<p>Ha concluso la conferenza di presentazione Giuseppe Vignato, dicendo che \u201cBelluno deve diventare citt\u00e0 turistica\u201d ed ha anticipato il suo progetto di trasferire il mercato del sabato da piazza Piloni a piazza dei Martiri. Oltre a potenziare il cartellone di eventi, promuovere la residenzialit\u00e0 del centro, e le locazioni commerciali.<\/p>","protected":false},"excerpt":{"rendered":"<p>Belluno, 15 aprile 2022 \u2013 E\u2019 stata presentata questa mattina al Caff\u00e8 Goppion di Massimo Barel, in piazza dei Martiri a Belluno, una delle quattro liste che sosterranno il candidato sindaco del centrosinistra Giuseppe Vignato. Si tratta della lista civica \u201cValore Comune &#8211; Vignato Sindaco\u201d. \u201cUna lista di 32 candidati provenienti dalla societ\u00e0 civile, e [&hellip;]<\/p>\n","protected":false},"author":2,"featured_media":132789,"comment_status":"closed","ping_status":"open","sticky":false,"template":"","format":"standard","meta":{"footnotes":""},"categories":[5,3446,26],"tags":[],"class_list":["post-132788","post","type-post","status-publish","format-standard","has-post-thumbnail","category-cronaca","category-featured","category-prima-pagina"],"yoast_head":"<!-- This site is optimized with the Yoast SEO plugin v28.4 - https:\/\/yoast.com\/product\/yoast-seo-wordpress\/ -->\n<title>Amministrative 2022 Belluno. Presentata stamattina la lista civica Valore comune, Vignato sindaco - Bellunopress - Dolomiti<\/title>\n<meta name=\"robots\" content=\"index, follow, max-snippet:-1, max-image-preview:large, max-video-preview:-1\" \/>\n<link rel=\"canonical\" href=\"https:\/\/www.bellunopress.it\/fr\/2022\/04\/15\/amministrative-2022-belluno-presentata-stamattina-la-lista-civica-valore-comune-vignato-sindaco\/\" \/>\n<meta property=\"og:locale\" content=\"fr_FR\" \/>\n<meta property=\"og:type\" content=\"article\" \/>\n<meta property=\"og:title\" content=\"Amministrative 2022 Belluno. Presentata stamattina la lista civica Valore comune, Vignato sindaco - Bellunopress - Dolomiti\" \/>\n<meta property=\"og:description\" content=\"Belluno, 15 aprile 2022 \u2013 E\u2019 stata presentata questa mattina al Caff\u00e8 Goppion di Massimo Barel, in piazza dei Martiri a Belluno, una delle quattro liste che sosterranno il candidato sindaco del centrosinistra Giuseppe Vignato. Si tratta della lista civica \u201cValore Comune &#8211; Vignato Sindaco\u201d. \u201cUna lista di 32 candidati provenienti dalla societ\u00e0 civile, e [&hellip;]\" \/>\n<meta property=\"og:url\" content=\"https:\/\/www.bellunopress.it\/fr\/2022\/04\/15\/amministrative-2022-belluno-presentata-stamattina-la-lista-civica-valore-comune-vignato-sindaco\/\" \/>\n<meta property=\"og:site_name\" content=\"Bellunopress - Dolomiti\" \/>\n<meta property=\"article:publisher\" content=\"https:\/\/www.facebook.com\/profile.php?id=100008943462799\" \/>\n<meta property=\"article:published_time\" content=\"2022-04-15T14:00:38+00:00\" \/>\n<meta property=\"article:modified_time\" content=\"2022-04-15T19:57:13+00:00\" \/>\n<meta property=\"og:image\" content=\"https:\/\/www.bellunopress.it\/wp-content\/uploads\/2022\/04\/lista-Vignato-Valore-Comune_edited.jpg\" \/>\n\t<meta property=\"og:image:width\" content=\"770\" \/>\n\t<meta property=\"og:image:height\" content=\"485\" \/>\n\t<meta property=\"og:image:type\" content=\"image\/jpeg\" \/>\n<meta name=\"author\" content=\"redazione\" \/>\n<meta name=\"twitter:card\" content=\"summary_large_image\" \/>\n<meta name=\"twitter:creator\" content=\"@bellunopress\" \/>\n<meta name=\"twitter:site\" content=\"@bellunopress\" \/>\n<meta name=\"twitter:label1\" content=\"\u00c9crit par\" \/>\n\t<meta name=\"twitter:data1\" content=\"redazione\" \/>\n\t<meta name=\"twitter:label2\" content=\"Dur\u00e9e de lecture estim\u00e9e\" \/>\n\t<meta name=\"twitter:data2\" content=\"4 minutes\" \/>\n<script type=\"application\/ld+json\" class=\"yoast-schema-graph\">{\"@context\":\"https:\\\/\\\/schema.org\",\"@graph\":[{\"@type\":\"Article\",\"@id\":\"https:\\\/\\\/www.bellunopress.it\\\/2022\\\/04\\\/15\\\/amministrative-2022-belluno-presentata-stamattina-la-lista-civica-valore-comune-vignato-sindaco\\\/#article\",\"isPartOf\":{\"@id\":\"https:\\\/\\\/www.bellunopress.it\\\/2022\\\/04\\\/15\\\/amministrative-2022-belluno-presentata-stamattina-la-lista-civica-valore-comune-vignato-sindaco\\\/\"},\"author\":{\"name\":\"redazione\",\"@id\":\"https:\\\/\\\/www.bellunopress.it\\\/#\\\/schema\\\/person\\\/79bb06722b37ece1c03d3e94beb30d73\"},\"headline\":\"Amministrative 2022 Belluno. Presentata stamattina la lista civica Valore comune, Vignato sindaco\",\"datePublished\":\"2022-04-15T14:00:38+00:00\",\"dateModified\":\"2022-04-15T19:57:13+00:00\",\"mainEntityOfPage\":{\"@id\":\"https:\\\/\\\/www.bellunopress.it\\\/2022\\\/04\\\/15\\\/amministrative-2022-belluno-presentata-stamattina-la-lista-civica-valore-comune-vignato-sindaco\\\/\"},\"wordCount\":418,\"publisher\":{\"@id\":\"https:\\\/\\\/www.bellunopress.it\\\/#organization\"},\"image\":{\"@id\":\"https:\\\/\\\/www.bellunopress.it\\\/2022\\\/04\\\/15\\\/amministrative-2022-belluno-presentata-stamattina-la-lista-civica-valore-comune-vignato-sindaco\\\/#primaryimage\"},\"thumbnailUrl\":\"https:\\\/\\\/www.bellunopress.it\\\/wp-content\\\/uploads\\\/2022\\\/04\\\/lista-Vignato-Valore-Comune_edited.jpg\",\"articleSection\":[\"Cronaca\\\/Politica\",\"Featured\",\"Prima Pagina\"],\"inLanguage\":\"fr-FR\"},{\"@type\":\"WebPage\",\"@id\":\"https:\\\/\\\/www.bellunopress.it\\\/2022\\\/04\\\/15\\\/amministrative-2022-belluno-presentata-stamattina-la-lista-civica-valore-comune-vignato-sindaco\\\/\",\"url\":\"https:\\\/\\\/www.bellunopress.it\\\/2022\\\/04\\\/15\\\/amministrative-2022-belluno-presentata-stamattina-la-lista-civica-valore-comune-vignato-sindaco\\\/\",\"name\":\"Amministrative 2022 Belluno. Presentata stamattina la lista civica Valore comune, Vignato sindaco - Bellunopress - Dolomiti\",\"isPartOf\":{\"@id\":\"https:\\\/\\\/www.bellunopress.it\\\/#website\"},\"primaryImageOfPage\":{\"@id\":\"https:\\\/\\\/www.bellunopress.it\\\/2022\\\/04\\\/15\\\/amministrative-2022-belluno-presentata-stamattina-la-lista-civica-valore-comune-vignato-sindaco\\\/#primaryimage\"},\"image\":{\"@id\":\"https:\\\/\\\/www.bellunopress.it\\\/2022\\\/04\\\/15\\\/amministrative-2022-belluno-presentata-stamattina-la-lista-civica-valore-comune-vignato-sindaco\\\/#primaryimage\"},\"thumbnailUrl\":\"https:\\\/\\\/www.bellunopress.it\\\/wp-content\\\/uploads\\\/2022\\\/04\\\/lista-Vignato-Valore-Comune_edited.jpg\",\"datePublished\":\"2022-04-15T14:00:38+00:00\",\"dateModified\":\"2022-04-15T19:57:13+00:00\",\"breadcrumb\":{\"@id\":\"https:\\\/\\\/www.bellunopress.it\\\/2022\\\/04\\\/15\\\/amministrative-2022-belluno-presentata-stamattina-la-lista-civica-valore-comune-vignato-sindaco\\\/#breadcrumb\"},\"inLanguage\":\"fr-FR\",\"potentialAction\":[{\"@type\":\"ReadAction\",\"target\":[\"https:\\\/\\\/www.bellunopress.it\\\/2022\\\/04\\\/15\\\/amministrative-2022-belluno-presentata-stamattina-la-lista-civica-valore-comune-vignato-sindaco\\\/\"]}]},{\"@type\":\"ImageObject\",\"inLanguage\":\"fr-FR\",\"@id\":\"https:\\\/\\\/www.bellunopress.it\\\/2022\\\/04\\\/15\\\/amministrative-2022-belluno-presentata-stamattina-la-lista-civica-valore-comune-vignato-sindaco\\\/#primaryimage\",\"url\":\"https:\\\/\\\/www.bellunopress.it\\\/wp-content\\\/uploads\\\/2022\\\/04\\\/lista-Vignato-Valore-Comune_edited.jpg\",\"contentUrl\":\"https:\\\/\\\/www.bellunopress.it\\\/wp-content\\\/uploads\\\/2022\\\/04\\\/lista-Vignato-Valore-Comune_edited.jpg\",\"width\":770,\"height\":485},{\"@type\":\"BreadcrumbList\",\"@id\":\"https:\\\/\\\/www.bellunopress.it\\\/2022\\\/04\\\/15\\\/amministrative-2022-belluno-presentata-stamattina-la-lista-civica-valore-comune-vignato-sindaco\\\/#breadcrumb\",\"itemListElement\":[{\"@type\":\"ListItem\",\"position\":1,\"name\":\"Home\",\"item\":\"https:\\\/\\\/www.bellunopress.it\\\/\"},{\"@type\":\"ListItem\",\"position\":2,\"name\":\"Amministrative 2022 Belluno. Presentata stamattina la lista civica Valore comune, Vignato sindaco\"}]},{\"@type\":\"WebSite\",\"@id\":\"https:\\\/\\\/www.bellunopress.it\\\/#website\",\"url\":\"https:\\\/\\\/www.bellunopress.it\\\/\",\"name\":\"Bellunopress - Dolomiti\",\"description\":\"e-mail: redazione@bellunopress.it\",\"publisher\":{\"@id\":\"https:\\\/\\\/www.bellunopress.it\\\/#organization\"},\"potentialAction\":[{\"@type\":\"SearchAction\",\"target\":{\"@type\":\"EntryPoint\",\"urlTemplate\":\"https:\\\/\\\/www.bellunopress.it\\\/?s={search_term_string}\"},\"query-input\":{\"@type\":\"PropertyValueSpecification\",\"valueRequired\":true,\"valueName\":\"search_term_string\"}}],\"inLanguage\":\"fr-FR\"},{\"@type\":\"Organization\",\"@id\":\"https:\\\/\\\/www.bellunopress.it\\\/#organization\",\"name\":\"Bellunopress\",\"url\":\"https:\\\/\\\/www.bellunopress.it\\\/\",\"logo\":{\"@type\":\"ImageObject\",\"inLanguage\":\"fr-FR\",\"@id\":\"https:\\\/\\\/www.bellunopress.it\\\/#\\\/schema\\\/logo\\\/image\\\/\",\"url\":\"https:\\\/\\\/www.bellunopress.it\\\/wp-content\\\/uploads\\\/2011\\\/05\\\/cropped-logo-bellunopress-.jpg\",\"contentUrl\":\"https:\\\/\\\/www.bellunopress.it\\\/wp-content\\\/uploads\\\/2011\\\/05\\\/cropped-logo-bellunopress-.jpg\",\"width\":512,\"height\":512,\"caption\":\"Bellunopress\"},\"image\":{\"@id\":\"https:\\\/\\\/www.bellunopress.it\\\/#\\\/schema\\\/logo\\\/image\\\/\"},\"sameAs\":[\"https:\\\/\\\/www.facebook.com\\\/profile.php?id=100008943462799\",\"https:\\\/\\\/x.com\\\/bellunopress\",\"https:\\\/\\\/www.linkedin.com\\\/hp\\\/?dnr=JBzUWaJfMUw8vbXJJ2tVW5-I3jZKvC4wsoxE&amp;amp;amp;amp;amp;amp;trk=nav_responsive_tab_home\",\"https:\\\/\\\/www.youtube.com\\\/channel\\\/UCxL0wu1uN0_3_7hGG0306cw\"]},{\"@type\":\"Person\",\"@id\":\"https:\\\/\\\/www.bellunopress.it\\\/#\\\/schema\\\/person\\\/79bb06722b37ece1c03d3e94beb30d73\",\"name\":\"redazione\",\"image\":{\"@type\":\"ImageObject\",\"inLanguage\":\"fr-FR\",\"@id\":\"https:\\\/\\\/secure.gravatar.com\\\/avatar\\\/37d968a2e67a6fd04c169c4bdef102d0bc5d31b2546345219e348575eb80e9a0?s=96&d=mm&r=g\",\"url\":\"https:\\\/\\\/secure.gravatar.com\\\/avatar\\\/37d968a2e67a6fd04c169c4bdef102d0bc5d31b2546345219e348575eb80e9a0?s=96&d=mm&r=g\",\"contentUrl\":\"https:\\\/\\\/secure.gravatar.com\\\/avatar\\\/37d968a2e67a6fd04c169c4bdef102d0bc5d31b2546345219e348575eb80e9a0?s=96&d=mm&r=g\",\"caption\":\"redazione\"},\"sameAs\":[\"http:\\\/\\\/www.bellunopress.it\",\"https:\\\/\\\/x.com\\\/bellunopress\"],\"url\":\"https:\\\/\\\/www.bellunopress.it\\\/fr\\\/author\\\/redazione\\\/\"}]}<\/script>\n<!-- \/ Yoast SEO plugin. -->","yoast_head_json":{"title":"Amministrative 2022 Belluno. Presentata stamattina la lista civica Valore comune, Vignato sindaco - Bellunopress - Dolomiti","robots":{"index":"index","follow":"follow","max-snippet":"max-snippet:-1","max-image-preview":"max-image-preview:large","max-video-preview":"max-video-preview:-1"},"canonical":"https:\/\/www.bellunopress.it\/fr\/2022\/04\/15\/amministrative-2022-belluno-presentata-stamattina-la-lista-civica-valore-comune-vignato-sindaco\/","og_locale":"fr_FR","og_type":"article","og_title":"Amministrative 2022 Belluno. Presentata stamattina la lista civica Valore comune, Vignato sindaco - Bellunopress - Dolomiti","og_description":"Belluno, 15 aprile 2022 \u2013 E\u2019 stata presentata questa mattina al Caff\u00e8 Goppion di Massimo Barel, in piazza dei Martiri a Belluno, una delle quattro liste che sosterranno il candidato sindaco del centrosinistra Giuseppe Vignato. Si tratta della lista civica \u201cValore Comune &#8211; Vignato Sindaco\u201d. \u201cUna lista di 32 candidati provenienti dalla societ\u00e0 civile, e [&hellip;]","og_url":"https:\/\/www.bellunopress.it\/fr\/2022\/04\/15\/amministrative-2022-belluno-presentata-stamattina-la-lista-civica-valore-comune-vignato-sindaco\/","og_site_name":"Bellunopress - Dolomiti","article_publisher":"https:\/\/www.facebook.com\/profile.php?id=100008943462799","article_published_time":"2022-04-15T14:00:38+00:00","article_modified_time":"2022-04-15T19:57:13+00:00","og_image":[{"width":770,"height":485,"url":"https:\/\/www.bellunopress.it\/wp-content\/uploads\/2022\/04\/lista-Vignato-Valore-Comune_edited.jpg","type":"image\/jpeg"}],"author":"redazione","twitter_card":"summary_large_image","twitter_creator":"@bellunopress","twitter_site":"@bellunopress","twitter_misc":{"\u00c9crit par":"redazione","Dur\u00e9e de lecture estim\u00e9e":"4 minutes"},"schema":{"@context":"https:\/\/schema.org","@graph":[{"@type":"Article","@id":"https:\/\/www.bellunopress.it\/2022\/04\/15\/amministrative-2022-belluno-presentata-stamattina-la-lista-civica-valore-comune-vignato-sindaco\/#article","isPartOf":{"@id":"https:\/\/www.bellunopress.it\/2022\/04\/15\/amministrative-2022-belluno-presentata-stamattina-la-lista-civica-valore-comune-vignato-sindaco\/"},"author":{"name":"redazione","@id":"https:\/\/www.bellunopress.it\/#\/schema\/person\/79bb06722b37ece1c03d3e94beb30d73"},"headline":"Amministrative 2022 Belluno. Presentata stamattina la lista civica Valore comune, Vignato sindaco","datePublished":"2022-04-15T14:00:38+00:00","dateModified":"2022-04-15T19:57:13+00:00","mainEntityOfPage":{"@id":"https:\/\/www.bellunopress.it\/2022\/04\/15\/amministrative-2022-belluno-presentata-stamattina-la-lista-civica-valore-comune-vignato-sindaco\/"},"wordCount":418,"publisher":{"@id":"https:\/\/www.bellunopress.it\/#organization"},"image":{"@id":"https:\/\/www.bellunopress.it\/2022\/04\/15\/amministrative-2022-belluno-presentata-stamattina-la-lista-civica-valore-comune-vignato-sindaco\/#primaryimage"},"thumbnailUrl":"https:\/\/www.bellunopress.it\/wp-content\/uploads\/2022\/04\/lista-Vignato-Valore-Comune_edited.jpg","articleSection":["Cronaca\/Politica","Featured","Prima Pagina"],"inLanguage":"fr-FR"},{"@type":"WebPage","@id":"https:\/\/www.bellunopress.it\/2022\/04\/15\/amministrative-2022-belluno-presentata-stamattina-la-lista-civica-valore-comune-vignato-sindaco\/","url":"https:\/\/www.bellunopress.it\/2022\/04\/15\/amministrative-2022-belluno-presentata-stamattina-la-lista-civica-valore-comune-vignato-sindaco\/","name":"Amministrative 2022 Belluno. Presentata stamattina la lista civica Valore comune, Vignato sindaco - Bellunopress - Dolomiti","isPartOf":{"@id":"https:\/\/www.bellunopress.it\/#website"},"primaryImageOfPage":{"@id":"https:\/\/www.bellunopress.it\/2022\/04\/15\/amministrative-2022-belluno-presentata-stamattina-la-lista-civica-valore-comune-vignato-sindaco\/#primaryimage"},"image":{"@id":"https:\/\/www.bellunopress.it\/2022\/04\/15\/amministrative-2022-belluno-presentata-stamattina-la-lista-civica-valore-comune-vignato-sindaco\/#primaryimage"},"thumbnailUrl":"https:\/\/www.bellunopress.it\/wp-content\/uploads\/2022\/04\/lista-Vignato-Valore-Comune_edited.jpg","datePublished":"2022-04-15T14:00:38+00:00","dateModified":"2022-04-15T19:57:13+00:00","breadcrumb":{"@id":"https:\/\/www.bellunopress.it\/2022\/04\/15\/amministrative-2022-belluno-presentata-stamattina-la-lista-civica-valore-comune-vignato-sindaco\/#breadcrumb"},"inLanguage":"fr-FR","potentialAction":[{"@type":"ReadAction","target":["https:\/\/www.bellunopress.it\/2022\/04\/15\/amministrative-2022-belluno-presentata-stamattina-la-lista-civica-valore-comune-vignato-sindaco\/"]}]},{"@type":"ImageObject","inLanguage":"fr-FR","@id":"https:\/\/www.bellunopress.it\/2022\/04\/15\/amministrative-2022-belluno-presentata-stamattina-la-lista-civica-valore-comune-vignato-sindaco\/#primaryimage","url":"https:\/\/www.bellunopress.it\/wp-content\/uploads\/2022\/04\/lista-Vignato-Valore-Comune_edited.jpg","contentUrl":"https:\/\/www.bellunopress.it\/wp-content\/uploads\/2022\/04\/lista-Vignato-Valore-Comune_edited.jpg","width":770,"height":485},{"@type":"BreadcrumbList","@id":"https:\/\/www.bellunopress.it\/2022\/04\/15\/amministrative-2022-belluno-presentata-stamattina-la-lista-civica-valore-comune-vignato-sindaco\/#breadcrumb","itemListElement":[{"@type":"ListItem","position":1,"name":"Home","item":"https:\/\/www.bellunopress.it\/"},{"@type":"ListItem","position":2,"name":"Amministrative 2022 Belluno. Presentata stamattina la lista civica Valore comune, Vignato sindaco"}]},{"@type":"WebSite","@id":"https:\/\/www.bellunopress.it\/#website","url":"https:\/\/www.bellunopress.it\/","name":"Bellunopress - Dolomiti","description":"e-mail: redazione@bellunopress.it","publisher":{"@id":"https:\/\/www.bellunopress.it\/#organization"},"potentialAction":[{"@type":"SearchAction","target":{"@type":"EntryPoint","urlTemplate":"https:\/\/www.bellunopress.it\/?s={search_term_string}"},"query-input":{"@type":"PropertyValueSpecification","valueRequired":true,"valueName":"search_term_string"}}],"inLanguage":"fr-FR"},{"@type":"Organization","@id":"https:\/\/www.bellunopress.it\/#organization","name":"Bellunopress","url":"https:\/\/www.bellunopress.it\/","logo":{"@type":"ImageObject","inLanguage":"fr-FR","@id":"https:\/\/www.bellunopress.it\/#\/schema\/logo\/image\/","url":"https:\/\/www.bellunopress.it\/wp-content\/uploads\/2011\/05\/cropped-logo-bellunopress-.jpg","contentUrl":"https:\/\/www.bellunopress.it\/wp-content\/uploads\/2011\/05\/cropped-logo-bellunopress-.jpg","width":512,"height":512,"caption":"Bellunopress"},"image":{"@id":"https:\/\/www.bellunopress.it\/#\/schema\/logo\/image\/"},"sameAs":["https:\/\/www.facebook.com\/profile.php?id=100008943462799","https:\/\/x.com\/bellunopress","https:\/\/www.linkedin.com\/hp\/?dnr=JBzUWaJfMUw8vbXJJ2tVW5-I3jZKvC4wsoxE&amp;amp;amp;amp;amp;amp;trk=nav_responsive_tab_home","https:\/\/www.youtube.com\/channel\/UCxL0wu1uN0_3_7hGG0306cw"]},{"@type":"Person","@id":"https:\/\/www.bellunopress.it\/#\/schema\/person\/79bb06722b37ece1c03d3e94beb30d73","name":"r\u00e9daction","image":{"@type":"ImageObject","inLanguage":"fr-FR","@id":"https:\/\/secure.gravatar.com\/avatar\/37d968a2e67a6fd04c169c4bdef102d0bc5d31b2546345219e348575eb80e9a0?s=96&d=mm&r=g","url":"https:\/\/secure.gravatar.com\/avatar\/37d968a2e67a6fd04c169c4bdef102d0bc5d31b2546345219e348575eb80e9a0?s=96&d=mm&r=g","contentUrl":"https:\/\/secure.gravatar.com\/avatar\/37d968a2e67a6fd04c169c4bdef102d0bc5d31b2546345219e348575eb80e9a0?s=96&d=mm&r=g","caption":"redazione"},"sameAs":["http:\/\/www.bellunopress.it","https:\/\/x.com\/bellunopress"],"url":"https:\/\/www.bellunopress.it\/fr\/author\/redazione\/"}]}},"_links":{"self":[{"href":"https:\/\/www.bellunopress.it\/fr\/wp-json\/wp\/v2\/posts\/132788","targetHints":{"allow":["GET"]}}],"collection":[{"href":"https:\/\/www.bellunopress.it\/fr\/wp-json\/wp\/v2\/posts"}],"about":[{"href":"https:\/\/www.bellunopress.it\/fr\/wp-json\/wp\/v2\/types\/post"}],"author":[{"embeddable":true,"href":"https:\/\/www.bellunopress.it\/fr\/wp-json\/wp\/v2\/users\/2"}],"replies":[{"embeddable":true,"href":"https:\/\/www.bellunopress.it\/fr\/wp-json\/wp\/v2\/comments?post=132788"}],"version-history":[{"count":1,"href":"https:\/\/www.bellunopress.it\/fr\/wp-json\/wp\/v2\/posts\/132788\/revisions"}],"predecessor-version":[{"id":132795,"href":"https:\/\/www.bellunopress.it\/fr\/wp-json\/wp\/v2\/posts\/132788\/revisions\/132795"}],"wp:featuredmedia":[{"embeddable":true,"href":"https:\/\/www.bellunopress.it\/fr\/wp-json\/wp\/v2\/media\/132789"}],"wp:attachment":[{"href":"https:\/\/www.bellunopress.it\/fr\/wp-json\/wp\/v2\/media?parent=132788"}],"wp:term":[{"taxonomy":"category","embeddable":true,"href":"https:\/\/www.bellunopress.it\/fr\/wp-json\/wp\/v2\/categories?post=132788"},{"taxonomy":"post_tag","embeddable":true,"href":"https:\/\/www.bellunopress.it\/fr\/wp-json\/wp\/v2\/tags?post=132788"}],"curies":[{"name":"wp","href":"https:\/\/api.w.org\/{rel}","templated":true}]}}