{"id":132452,"date":"2022-04-02T12:42:47","date_gmt":"2022-04-02T10:42:47","guid":{"rendered":"https:\/\/www.bellunopress.it\/?p=132452"},"modified":"2022-04-02T12:42:47","modified_gmt":"2022-04-02T10:42:47","slug":"ponte-nelle-alpi-voci-di-donna-tra-i-libri-la-rassegna-si-apre-con-francesca-mussoi","status":"publish","type":"post","link":"https:\/\/www.bellunopress.it\/fr\/2022\/04\/02\/ponte-nelle-alpi-voci-di-donna-tra-i-libri-la-rassegna-si-apre-con-francesca-mussoi\/","title":{"rendered":"Ponte nelle Alpi. &#8220;Voci di donna&#8230; tra i libri&#8221;: la rassegna si apre con Francesca Mussoi"},"content":{"rendered":"<figure id=\"attachment_118165\" aria-describedby=\"caption-attachment-118165\" style=\"width: 800px\" class=\"wp-caption alignleft\"><img loading=\"lazy\" decoding=\"async\" class=\"size-full wp-image-118165\" src=\"https:\/\/www.bellunopress.it\/wp-content\/uploads\/2020\/10\/Biblioteca-civica-Ponte-nelle-Alpi_edited.jpg\" alt=\"\" width=\"800\" height=\"450\" srcset=\"https:\/\/www.bellunopress.it\/wp-content\/uploads\/2020\/10\/Biblioteca-civica-Ponte-nelle-Alpi_edited.jpg 800w, https:\/\/www.bellunopress.it\/wp-content\/uploads\/2020\/10\/Biblioteca-civica-Ponte-nelle-Alpi_edited-500x281.jpg 500w, https:\/\/www.bellunopress.it\/wp-content\/uploads\/2020\/10\/Biblioteca-civica-Ponte-nelle-Alpi_edited-696x392.jpg 696w, https:\/\/www.bellunopress.it\/wp-content\/uploads\/2020\/10\/Biblioteca-civica-Ponte-nelle-Alpi_edited-747x420.jpg 747w\" sizes=\"auto, (max-width: 800px) 100vw, 800px\" \/><figcaption id=\"caption-attachment-118165\" class=\"wp-caption-text\">Biblioteca civica di Ponte nelle Alpi<\/figcaption><\/figure>\n<p>Torna la rassegna culturale &#8220;Voci di donna&#8221;, promossa da Comune, Commissione Pari opportunit\u00e0 e Biblioteca civica di Ponte nelle Alpi.<\/p>\n<p>E non torna da sola, ma in compagnia dei libri: tre, in modo particolare. I primi due verranno svelati all&#8217;interno della stessa serata, in calendario marted\u00ec 5 aprile, alle ore 20.30: in biblioteca, la scrittrice Francesca Mussoi presenter\u00e0 &#8220;La bambina con le infradito&#8221; e &#8220;Vita di Penna&#8221; (Infinito edizioni).<\/p>\n<p>Il primo \u00e8 un racconto incentrato sulla protagonista Mery, una figura che incarna la forza e la caparbiet\u00e0 di una ragazza che diventa una grande donna, nonostante la vita l&#8217;abbia privata delle sue radici e l&#8217;abbia messa alla prova fin da piccola. \u00c8 una storia controcorrente, fatta di comprensione e tolleranza, ambientata in un mondo che ha bisogno di recuperare umanit\u00e0. E lo stesso vale per &#8220;Vita di Penna&#8221;, un racconto breve capace di tingersi con i colori inaspettati dell&#8217;avventura e dell&#8217;amore. La serata verr\u00e0 scandita dalle letture di Luisa Pierobon, mentre a dialogare insieme all&#8217;autrice sar\u00e0 il giornalista Marco D&#8217;Inc\u00e0.<\/p>\n<p>Marted\u00ec 10 maggio, invece, toccher\u00e0 a Ombretta Frezza e a &#8220;L&#8217;arte al tempo del Covid-19&#8221; (Panda edizioni): \u00abDurante il lockdown, l&#8217;arte ci \u00e8 venuta in aiuto. Ogni giorno un artista ha regalato alla curatrice l&#8217;immagine di un&#8217;opera che la avrebbe ispirata per un racconto. Un&#8217;opera al giorno, un racconto al giorno. E cos\u00ec questo libro \u00e8 diventato un diario delle emozioni ispirate da dipinti, fotografie e sculture: affronta i temi pi\u00f9 diversi, dall&#8217;amore all&#8217;universo femminile, diventando via via un messaggio di speranza\u00bb. Parteciper\u00e0 alla serata la presidente della Commissione Pari opportunit\u00e0 di Treviso, Valeria Zagolin.<\/p>\n<p>\u00abNon \u00e8 casuale che questa rassegna segua la mostra di Michela Buttignon &#8211; argomenta la consigliera comunale, Sabrina Dassi\u00e8 -. Entrambi gli eventi sono attraversati dallo stesso filo conduttore: il dolore e la donna, testimoniando, ancora una volta, come quest&#8217;ultima \u00e8 forza ed energia, sensibilit\u00e0 ed emozione. Tutti elementi che le consentono di affrontare le situazioni pi\u00f9 delicate e difficili con grande determinazione\u00bb.<\/p>\n<p>Per informazioni e prenotazioni, 0437.99214 e biblioteca@pna.bl.it.<\/p>","protected":false},"excerpt":{"rendered":"<p>Torna la rassegna culturale &#8220;Voci di donna&#8221;, promossa da Comune, Commissione Pari opportunit\u00e0 e Biblioteca civica di Ponte nelle Alpi. E non torna da sola, ma in compagnia dei libri: tre, in modo particolare. I primi due verranno svelati all&#8217;interno della stessa serata, in calendario marted\u00ec 5 aprile, alle ore 20.30: in biblioteca, la scrittrice [&hellip;]<\/p>\n","protected":false},"author":2,"featured_media":118165,"comment_status":"closed","ping_status":"open","sticky":false,"template":"","format":"standard","meta":{"footnotes":""},"categories":[27,3,25],"tags":[],"class_list":["post-132452","post","type-post","status-publish","format-standard","has-post-thumbnail","category-appuntamenti","category-arte-cultura-spettacoli-scienza-archivi","category-pausa-caffe"],"yoast_head":"<!-- This site is optimized with the Yoast SEO plugin v28.4 - https:\/\/yoast.com\/product\/yoast-seo-wordpress\/ -->\n<title>Ponte nelle Alpi. &quot;Voci di donna... tra i libri&quot;: la rassegna si apre con Francesca Mussoi - Bellunopress - Dolomiti<\/title>\n<meta name=\"robots\" content=\"index, follow, max-snippet:-1, max-image-preview:large, max-video-preview:-1\" \/>\n<link rel=\"canonical\" href=\"https:\/\/www.bellunopress.it\/fr\/2022\/04\/02\/ponte-nelle-alpi-voci-di-donna-tra-i-libri-la-rassegna-si-apre-con-francesca-mussoi\/\" \/>\n<meta property=\"og:locale\" content=\"fr_FR\" \/>\n<meta property=\"og:type\" content=\"article\" \/>\n<meta property=\"og:title\" content=\"Ponte nelle Alpi. &quot;Voci di donna... tra i libri&quot;: la rassegna si apre con Francesca Mussoi - Bellunopress - Dolomiti\" \/>\n<meta property=\"og:description\" content=\"Torna la rassegna culturale &#8220;Voci di donna&#8221;, promossa da Comune, Commissione Pari opportunit\u00e0 e Biblioteca civica di Ponte nelle Alpi. E non torna da sola, ma in compagnia dei libri: tre, in modo particolare. I primi due verranno svelati all&#8217;interno della stessa serata, in calendario marted\u00ec 5 aprile, alle ore 20.30: in biblioteca, la scrittrice [&hellip;]\" \/>\n<meta property=\"og:url\" content=\"https:\/\/www.bellunopress.it\/fr\/2022\/04\/02\/ponte-nelle-alpi-voci-di-donna-tra-i-libri-la-rassegna-si-apre-con-francesca-mussoi\/\" \/>\n<meta property=\"og:site_name\" content=\"Bellunopress - Dolomiti\" \/>\n<meta property=\"article:publisher\" content=\"https:\/\/www.facebook.com\/profile.php?id=100008943462799\" \/>\n<meta property=\"article:published_time\" content=\"2022-04-02T10:42:47+00:00\" \/>\n<meta property=\"og:image\" content=\"https:\/\/www.bellunopress.it\/wp-content\/uploads\/2020\/10\/Biblioteca-civica-Ponte-nelle-Alpi_edited.jpg\" \/>\n\t<meta property=\"og:image:width\" content=\"800\" \/>\n\t<meta property=\"og:image:height\" content=\"450\" \/>\n\t<meta property=\"og:image:type\" content=\"image\/jpeg\" \/>\n<meta name=\"author\" content=\"redazione\" \/>\n<meta name=\"twitter:card\" content=\"summary_large_image\" \/>\n<meta name=\"twitter:creator\" content=\"@bellunopress\" \/>\n<meta name=\"twitter:site\" content=\"@bellunopress\" \/>\n<meta name=\"twitter:label1\" content=\"\u00c9crit par\" \/>\n\t<meta name=\"twitter:data1\" content=\"redazione\" \/>\n\t<meta name=\"twitter:label2\" content=\"Dur\u00e9e de lecture estim\u00e9e\" \/>\n\t<meta name=\"twitter:data2\" content=\"3 minutes\" \/>\n<script type=\"application\/ld+json\" class=\"yoast-schema-graph\">{\"@context\":\"https:\\\/\\\/schema.org\",\"@graph\":[{\"@type\":\"Article\",\"@id\":\"https:\\\/\\\/www.bellunopress.it\\\/2022\\\/04\\\/02\\\/ponte-nelle-alpi-voci-di-donna-tra-i-libri-la-rassegna-si-apre-con-francesca-mussoi\\\/#article\",\"isPartOf\":{\"@id\":\"https:\\\/\\\/www.bellunopress.it\\\/2022\\\/04\\\/02\\\/ponte-nelle-alpi-voci-di-donna-tra-i-libri-la-rassegna-si-apre-con-francesca-mussoi\\\/\"},\"author\":{\"name\":\"redazione\",\"@id\":\"https:\\\/\\\/www.bellunopress.it\\\/#\\\/schema\\\/person\\\/79bb06722b37ece1c03d3e94beb30d73\"},\"headline\":\"Ponte nelle Alpi. &#8220;Voci di donna&#8230; tra i libri&#8221;: la rassegna si apre con Francesca Mussoi\",\"datePublished\":\"2022-04-02T10:42:47+00:00\",\"mainEntityOfPage\":{\"@id\":\"https:\\\/\\\/www.bellunopress.it\\\/2022\\\/04\\\/02\\\/ponte-nelle-alpi-voci-di-donna-tra-i-libri-la-rassegna-si-apre-con-francesca-mussoi\\\/\"},\"wordCount\":372,\"publisher\":{\"@id\":\"https:\\\/\\\/www.bellunopress.it\\\/#organization\"},\"image\":{\"@id\":\"https:\\\/\\\/www.bellunopress.it\\\/2022\\\/04\\\/02\\\/ponte-nelle-alpi-voci-di-donna-tra-i-libri-la-rassegna-si-apre-con-francesca-mussoi\\\/#primaryimage\"},\"thumbnailUrl\":\"https:\\\/\\\/www.bellunopress.it\\\/wp-content\\\/uploads\\\/2020\\\/10\\\/Biblioteca-civica-Ponte-nelle-Alpi_edited.jpg\",\"articleSection\":[\"Appuntamenti, Eventi\",\"Arte, Cultura, Spettacoli, Scienza\",\"Pausa Caff\u00e8\"],\"inLanguage\":\"fr-FR\"},{\"@type\":\"WebPage\",\"@id\":\"https:\\\/\\\/www.bellunopress.it\\\/2022\\\/04\\\/02\\\/ponte-nelle-alpi-voci-di-donna-tra-i-libri-la-rassegna-si-apre-con-francesca-mussoi\\\/\",\"url\":\"https:\\\/\\\/www.bellunopress.it\\\/2022\\\/04\\\/02\\\/ponte-nelle-alpi-voci-di-donna-tra-i-libri-la-rassegna-si-apre-con-francesca-mussoi\\\/\",\"name\":\"Ponte nelle Alpi. \\\"Voci di donna... tra i libri\\\": la rassegna si apre con Francesca Mussoi - Bellunopress - Dolomiti\",\"isPartOf\":{\"@id\":\"https:\\\/\\\/www.bellunopress.it\\\/#website\"},\"primaryImageOfPage\":{\"@id\":\"https:\\\/\\\/www.bellunopress.it\\\/2022\\\/04\\\/02\\\/ponte-nelle-alpi-voci-di-donna-tra-i-libri-la-rassegna-si-apre-con-francesca-mussoi\\\/#primaryimage\"},\"image\":{\"@id\":\"https:\\\/\\\/www.bellunopress.it\\\/2022\\\/04\\\/02\\\/ponte-nelle-alpi-voci-di-donna-tra-i-libri-la-rassegna-si-apre-con-francesca-mussoi\\\/#primaryimage\"},\"thumbnailUrl\":\"https:\\\/\\\/www.bellunopress.it\\\/wp-content\\\/uploads\\\/2020\\\/10\\\/Biblioteca-civica-Ponte-nelle-Alpi_edited.jpg\",\"datePublished\":\"2022-04-02T10:42:47+00:00\",\"breadcrumb\":{\"@id\":\"https:\\\/\\\/www.bellunopress.it\\\/2022\\\/04\\\/02\\\/ponte-nelle-alpi-voci-di-donna-tra-i-libri-la-rassegna-si-apre-con-francesca-mussoi\\\/#breadcrumb\"},\"inLanguage\":\"fr-FR\",\"potentialAction\":[{\"@type\":\"ReadAction\",\"target\":[\"https:\\\/\\\/www.bellunopress.it\\\/2022\\\/04\\\/02\\\/ponte-nelle-alpi-voci-di-donna-tra-i-libri-la-rassegna-si-apre-con-francesca-mussoi\\\/\"]}]},{\"@type\":\"ImageObject\",\"inLanguage\":\"fr-FR\",\"@id\":\"https:\\\/\\\/www.bellunopress.it\\\/2022\\\/04\\\/02\\\/ponte-nelle-alpi-voci-di-donna-tra-i-libri-la-rassegna-si-apre-con-francesca-mussoi\\\/#primaryimage\",\"url\":\"https:\\\/\\\/www.bellunopress.it\\\/wp-content\\\/uploads\\\/2020\\\/10\\\/Biblioteca-civica-Ponte-nelle-Alpi_edited.jpg\",\"contentUrl\":\"https:\\\/\\\/www.bellunopress.it\\\/wp-content\\\/uploads\\\/2020\\\/10\\\/Biblioteca-civica-Ponte-nelle-Alpi_edited.jpg\",\"width\":800,\"height\":450,\"caption\":\"Biblioteca civica di Ponte nelle Alpi\"},{\"@type\":\"BreadcrumbList\",\"@id\":\"https:\\\/\\\/www.bellunopress.it\\\/2022\\\/04\\\/02\\\/ponte-nelle-alpi-voci-di-donna-tra-i-libri-la-rassegna-si-apre-con-francesca-mussoi\\\/#breadcrumb\",\"itemListElement\":[{\"@type\":\"ListItem\",\"position\":1,\"name\":\"Home\",\"item\":\"https:\\\/\\\/www.bellunopress.it\\\/\"},{\"@type\":\"ListItem\",\"position\":2,\"name\":\"Ponte nelle Alpi. &#8220;Voci di donna&#8230; tra i libri&#8221;: la rassegna si apre con Francesca Mussoi\"}]},{\"@type\":\"WebSite\",\"@id\":\"https:\\\/\\\/www.bellunopress.it\\\/#website\",\"url\":\"https:\\\/\\\/www.bellunopress.it\\\/\",\"name\":\"Bellunopress - Dolomiti\",\"description\":\"e-mail: redazione@bellunopress.it\",\"publisher\":{\"@id\":\"https:\\\/\\\/www.bellunopress.it\\\/#organization\"},\"potentialAction\":[{\"@type\":\"SearchAction\",\"target\":{\"@type\":\"EntryPoint\",\"urlTemplate\":\"https:\\\/\\\/www.bellunopress.it\\\/?s={search_term_string}\"},\"query-input\":{\"@type\":\"PropertyValueSpecification\",\"valueRequired\":true,\"valueName\":\"search_term_string\"}}],\"inLanguage\":\"fr-FR\"},{\"@type\":\"Organization\",\"@id\":\"https:\\\/\\\/www.bellunopress.it\\\/#organization\",\"name\":\"Bellunopress\",\"url\":\"https:\\\/\\\/www.bellunopress.it\\\/\",\"logo\":{\"@type\":\"ImageObject\",\"inLanguage\":\"fr-FR\",\"@id\":\"https:\\\/\\\/www.bellunopress.it\\\/#\\\/schema\\\/logo\\\/image\\\/\",\"url\":\"https:\\\/\\\/www.bellunopress.it\\\/wp-content\\\/uploads\\\/2011\\\/05\\\/cropped-logo-bellunopress-.jpg\",\"contentUrl\":\"https:\\\/\\\/www.bellunopress.it\\\/wp-content\\\/uploads\\\/2011\\\/05\\\/cropped-logo-bellunopress-.jpg\",\"width\":512,\"height\":512,\"caption\":\"Bellunopress\"},\"image\":{\"@id\":\"https:\\\/\\\/www.bellunopress.it\\\/#\\\/schema\\\/logo\\\/image\\\/\"},\"sameAs\":[\"https:\\\/\\\/www.facebook.com\\\/profile.php?id=100008943462799\",\"https:\\\/\\\/x.com\\\/bellunopress\",\"https:\\\/\\\/www.linkedin.com\\\/hp\\\/?dnr=JBzUWaJfMUw8vbXJJ2tVW5-I3jZKvC4wsoxE&amp;amp;amp;amp;amp;amp;trk=nav_responsive_tab_home\",\"https:\\\/\\\/www.youtube.com\\\/channel\\\/UCxL0wu1uN0_3_7hGG0306cw\"]},{\"@type\":\"Person\",\"@id\":\"https:\\\/\\\/www.bellunopress.it\\\/#\\\/schema\\\/person\\\/79bb06722b37ece1c03d3e94beb30d73\",\"name\":\"redazione\",\"image\":{\"@type\":\"ImageObject\",\"inLanguage\":\"fr-FR\",\"@id\":\"https:\\\/\\\/secure.gravatar.com\\\/avatar\\\/37d968a2e67a6fd04c169c4bdef102d0bc5d31b2546345219e348575eb80e9a0?s=96&d=mm&r=g\",\"url\":\"https:\\\/\\\/secure.gravatar.com\\\/avatar\\\/37d968a2e67a6fd04c169c4bdef102d0bc5d31b2546345219e348575eb80e9a0?s=96&d=mm&r=g\",\"contentUrl\":\"https:\\\/\\\/secure.gravatar.com\\\/avatar\\\/37d968a2e67a6fd04c169c4bdef102d0bc5d31b2546345219e348575eb80e9a0?s=96&d=mm&r=g\",\"caption\":\"redazione\"},\"sameAs\":[\"http:\\\/\\\/www.bellunopress.it\",\"https:\\\/\\\/x.com\\\/bellunopress\"],\"url\":\"https:\\\/\\\/www.bellunopress.it\\\/fr\\\/author\\\/redazione\\\/\"}]}<\/script>\n<!-- \/ Yoast SEO plugin. -->","yoast_head_json":{"title":"Ponte nelle Alpi. \"Voci di donna... tra i libri\": la rassegna si apre con Francesca Mussoi - Bellunopress - Dolomiti","robots":{"index":"index","follow":"follow","max-snippet":"max-snippet:-1","max-image-preview":"max-image-preview:large","max-video-preview":"max-video-preview:-1"},"canonical":"https:\/\/www.bellunopress.it\/fr\/2022\/04\/02\/ponte-nelle-alpi-voci-di-donna-tra-i-libri-la-rassegna-si-apre-con-francesca-mussoi\/","og_locale":"fr_FR","og_type":"article","og_title":"Ponte nelle Alpi. \"Voci di donna... tra i libri\": la rassegna si apre con Francesca Mussoi - Bellunopress - Dolomiti","og_description":"Torna la rassegna culturale &#8220;Voci di donna&#8221;, promossa da Comune, Commissione Pari opportunit\u00e0 e Biblioteca civica di Ponte nelle Alpi. E non torna da sola, ma in compagnia dei libri: tre, in modo particolare. I primi due verranno svelati all&#8217;interno della stessa serata, in calendario marted\u00ec 5 aprile, alle ore 20.30: in biblioteca, la scrittrice [&hellip;]","og_url":"https:\/\/www.bellunopress.it\/fr\/2022\/04\/02\/ponte-nelle-alpi-voci-di-donna-tra-i-libri-la-rassegna-si-apre-con-francesca-mussoi\/","og_site_name":"Bellunopress - Dolomiti","article_publisher":"https:\/\/www.facebook.com\/profile.php?id=100008943462799","article_published_time":"2022-04-02T10:42:47+00:00","og_image":[{"width":800,"height":450,"url":"https:\/\/www.bellunopress.it\/wp-content\/uploads\/2020\/10\/Biblioteca-civica-Ponte-nelle-Alpi_edited.jpg","type":"image\/jpeg"}],"author":"redazione","twitter_card":"summary_large_image","twitter_creator":"@bellunopress","twitter_site":"@bellunopress","twitter_misc":{"\u00c9crit par":"redazione","Dur\u00e9e de lecture estim\u00e9e":"3 minutes"},"schema":{"@context":"https:\/\/schema.org","@graph":[{"@type":"Article","@id":"https:\/\/www.bellunopress.it\/2022\/04\/02\/ponte-nelle-alpi-voci-di-donna-tra-i-libri-la-rassegna-si-apre-con-francesca-mussoi\/#article","isPartOf":{"@id":"https:\/\/www.bellunopress.it\/2022\/04\/02\/ponte-nelle-alpi-voci-di-donna-tra-i-libri-la-rassegna-si-apre-con-francesca-mussoi\/"},"author":{"name":"redazione","@id":"https:\/\/www.bellunopress.it\/#\/schema\/person\/79bb06722b37ece1c03d3e94beb30d73"},"headline":"Ponte nelle Alpi. &#8220;Voci di donna&#8230; tra i libri&#8221;: la rassegna si apre con Francesca Mussoi","datePublished":"2022-04-02T10:42:47+00:00","mainEntityOfPage":{"@id":"https:\/\/www.bellunopress.it\/2022\/04\/02\/ponte-nelle-alpi-voci-di-donna-tra-i-libri-la-rassegna-si-apre-con-francesca-mussoi\/"},"wordCount":372,"publisher":{"@id":"https:\/\/www.bellunopress.it\/#organization"},"image":{"@id":"https:\/\/www.bellunopress.it\/2022\/04\/02\/ponte-nelle-alpi-voci-di-donna-tra-i-libri-la-rassegna-si-apre-con-francesca-mussoi\/#primaryimage"},"thumbnailUrl":"https:\/\/www.bellunopress.it\/wp-content\/uploads\/2020\/10\/Biblioteca-civica-Ponte-nelle-Alpi_edited.jpg","articleSection":["Appuntamenti, Eventi","Arte, Cultura, Spettacoli, Scienza","Pausa Caff\u00e8"],"inLanguage":"fr-FR"},{"@type":"WebPage","@id":"https:\/\/www.bellunopress.it\/2022\/04\/02\/ponte-nelle-alpi-voci-di-donna-tra-i-libri-la-rassegna-si-apre-con-francesca-mussoi\/","url":"https:\/\/www.bellunopress.it\/2022\/04\/02\/ponte-nelle-alpi-voci-di-donna-tra-i-libri-la-rassegna-si-apre-con-francesca-mussoi\/","name":"Ponte nelle Alpi. \"Voci di donna... tra i libri\": la rassegna si apre con Francesca Mussoi - Bellunopress - Dolomiti","isPartOf":{"@id":"https:\/\/www.bellunopress.it\/#website"},"primaryImageOfPage":{"@id":"https:\/\/www.bellunopress.it\/2022\/04\/02\/ponte-nelle-alpi-voci-di-donna-tra-i-libri-la-rassegna-si-apre-con-francesca-mussoi\/#primaryimage"},"image":{"@id":"https:\/\/www.bellunopress.it\/2022\/04\/02\/ponte-nelle-alpi-voci-di-donna-tra-i-libri-la-rassegna-si-apre-con-francesca-mussoi\/#primaryimage"},"thumbnailUrl":"https:\/\/www.bellunopress.it\/wp-content\/uploads\/2020\/10\/Biblioteca-civica-Ponte-nelle-Alpi_edited.jpg","datePublished":"2022-04-02T10:42:47+00:00","breadcrumb":{"@id":"https:\/\/www.bellunopress.it\/2022\/04\/02\/ponte-nelle-alpi-voci-di-donna-tra-i-libri-la-rassegna-si-apre-con-francesca-mussoi\/#breadcrumb"},"inLanguage":"fr-FR","potentialAction":[{"@type":"ReadAction","target":["https:\/\/www.bellunopress.it\/2022\/04\/02\/ponte-nelle-alpi-voci-di-donna-tra-i-libri-la-rassegna-si-apre-con-francesca-mussoi\/"]}]},{"@type":"ImageObject","inLanguage":"fr-FR","@id":"https:\/\/www.bellunopress.it\/2022\/04\/02\/ponte-nelle-alpi-voci-di-donna-tra-i-libri-la-rassegna-si-apre-con-francesca-mussoi\/#primaryimage","url":"https:\/\/www.bellunopress.it\/wp-content\/uploads\/2020\/10\/Biblioteca-civica-Ponte-nelle-Alpi_edited.jpg","contentUrl":"https:\/\/www.bellunopress.it\/wp-content\/uploads\/2020\/10\/Biblioteca-civica-Ponte-nelle-Alpi_edited.jpg","width":800,"height":450,"caption":"Biblioteca civica di Ponte nelle Alpi"},{"@type":"BreadcrumbList","@id":"https:\/\/www.bellunopress.it\/2022\/04\/02\/ponte-nelle-alpi-voci-di-donna-tra-i-libri-la-rassegna-si-apre-con-francesca-mussoi\/#breadcrumb","itemListElement":[{"@type":"ListItem","position":1,"name":"Home","item":"https:\/\/www.bellunopress.it\/"},{"@type":"ListItem","position":2,"name":"Ponte nelle Alpi. &#8220;Voci di donna&#8230; tra i libri&#8221;: la rassegna si apre con Francesca Mussoi"}]},{"@type":"WebSite","@id":"https:\/\/www.bellunopress.it\/#website","url":"https:\/\/www.bellunopress.it\/","name":"Bellunopress - Dolomiti","description":"e-mail: redazione@bellunopress.it","publisher":{"@id":"https:\/\/www.bellunopress.it\/#organization"},"potentialAction":[{"@type":"SearchAction","target":{"@type":"EntryPoint","urlTemplate":"https:\/\/www.bellunopress.it\/?s={search_term_string}"},"query-input":{"@type":"PropertyValueSpecification","valueRequired":true,"valueName":"search_term_string"}}],"inLanguage":"fr-FR"},{"@type":"Organization","@id":"https:\/\/www.bellunopress.it\/#organization","name":"Bellunopress","url":"https:\/\/www.bellunopress.it\/","logo":{"@type":"ImageObject","inLanguage":"fr-FR","@id":"https:\/\/www.bellunopress.it\/#\/schema\/logo\/image\/","url":"https:\/\/www.bellunopress.it\/wp-content\/uploads\/2011\/05\/cropped-logo-bellunopress-.jpg","contentUrl":"https:\/\/www.bellunopress.it\/wp-content\/uploads\/2011\/05\/cropped-logo-bellunopress-.jpg","width":512,"height":512,"caption":"Bellunopress"},"image":{"@id":"https:\/\/www.bellunopress.it\/#\/schema\/logo\/image\/"},"sameAs":["https:\/\/www.facebook.com\/profile.php?id=100008943462799","https:\/\/x.com\/bellunopress","https:\/\/www.linkedin.com\/hp\/?dnr=JBzUWaJfMUw8vbXJJ2tVW5-I3jZKvC4wsoxE&amp;amp;amp;amp;amp;amp;trk=nav_responsive_tab_home","https:\/\/www.youtube.com\/channel\/UCxL0wu1uN0_3_7hGG0306cw"]},{"@type":"Person","@id":"https:\/\/www.bellunopress.it\/#\/schema\/person\/79bb06722b37ece1c03d3e94beb30d73","name":"r\u00e9daction","image":{"@type":"ImageObject","inLanguage":"fr-FR","@id":"https:\/\/secure.gravatar.com\/avatar\/37d968a2e67a6fd04c169c4bdef102d0bc5d31b2546345219e348575eb80e9a0?s=96&d=mm&r=g","url":"https:\/\/secure.gravatar.com\/avatar\/37d968a2e67a6fd04c169c4bdef102d0bc5d31b2546345219e348575eb80e9a0?s=96&d=mm&r=g","contentUrl":"https:\/\/secure.gravatar.com\/avatar\/37d968a2e67a6fd04c169c4bdef102d0bc5d31b2546345219e348575eb80e9a0?s=96&d=mm&r=g","caption":"redazione"},"sameAs":["http:\/\/www.bellunopress.it","https:\/\/x.com\/bellunopress"],"url":"https:\/\/www.bellunopress.it\/fr\/author\/redazione\/"}]}},"_links":{"self":[{"href":"https:\/\/www.bellunopress.it\/fr\/wp-json\/wp\/v2\/posts\/132452","targetHints":{"allow":["GET"]}}],"collection":[{"href":"https:\/\/www.bellunopress.it\/fr\/wp-json\/wp\/v2\/posts"}],"about":[{"href":"https:\/\/www.bellunopress.it\/fr\/wp-json\/wp\/v2\/types\/post"}],"author":[{"embeddable":true,"href":"https:\/\/www.bellunopress.it\/fr\/wp-json\/wp\/v2\/users\/2"}],"replies":[{"embeddable":true,"href":"https:\/\/www.bellunopress.it\/fr\/wp-json\/wp\/v2\/comments?post=132452"}],"version-history":[{"count":1,"href":"https:\/\/www.bellunopress.it\/fr\/wp-json\/wp\/v2\/posts\/132452\/revisions"}],"predecessor-version":[{"id":132453,"href":"https:\/\/www.bellunopress.it\/fr\/wp-json\/wp\/v2\/posts\/132452\/revisions\/132453"}],"wp:featuredmedia":[{"embeddable":true,"href":"https:\/\/www.bellunopress.it\/fr\/wp-json\/wp\/v2\/media\/118165"}],"wp:attachment":[{"href":"https:\/\/www.bellunopress.it\/fr\/wp-json\/wp\/v2\/media?parent=132452"}],"wp:term":[{"taxonomy":"category","embeddable":true,"href":"https:\/\/www.bellunopress.it\/fr\/wp-json\/wp\/v2\/categories?post=132452"},{"taxonomy":"post_tag","embeddable":true,"href":"https:\/\/www.bellunopress.it\/fr\/wp-json\/wp\/v2\/tags?post=132452"}],"curies":[{"name":"wp","href":"https:\/\/api.w.org\/{rel}","templated":true}]}}