{"id":132267,"date":"2022-03-26T18:06:50","date_gmt":"2022-03-26T17:06:50","guid":{"rendered":"https:\/\/www.bellunopress.it\/?p=132267"},"modified":"2022-03-27T06:35:13","modified_gmt":"2022-03-27T04:35:13","slug":"ad-aprile-riapre-la-gabelli-la-scuola-piu-bella-ditalia","status":"publish","type":"post","link":"https:\/\/www.bellunopress.it\/fr\/2022\/03\/26\/ad-aprile-riapre-la-gabelli-la-scuola-piu-bella-ditalia\/","title":{"rendered":"Ad aprile riapre la Gabelli, la scuola pi\u00f9 bella d&#8217;Italia"},"content":{"rendered":"<p><img loading=\"lazy\" decoding=\"async\" class=\"alignleft size-full wp-image-132268\" src=\"https:\/\/www.bellunopress.it\/wp-content\/uploads\/2022\/03\/gabelli-rapace_edited.jpg\" alt=\"\" width=\"469\" height=\"625\" srcset=\"https:\/\/www.bellunopress.it\/wp-content\/uploads\/2022\/03\/gabelli-rapace_edited.jpg 469w, https:\/\/www.bellunopress.it\/wp-content\/uploads\/2022\/03\/gabelli-rapace_edited-375x500.jpg 375w, https:\/\/www.bellunopress.it\/wp-content\/uploads\/2022\/03\/gabelli-rapace_edited-315x420.jpg 315w\" sizes=\"auto, (max-width: 469px) 100vw, 469px\" \/>Belluno, 26 marzo 2022 &#8211; Riaprir\u00e0 ad aprile, completamente restaurata nel rispetto dell\u2019architettura originale, e ritorner\u00e0 ad essere la scuola pi\u00f9 bella d\u2019Italia. Intitolata al pedagogista bellunese Aristide Gabelli (1830-1891) la scuola venne edificata nel 1933-34 con spazi interni ed esterni progettati dagli ingegneri Agostino e Guglielmo Zadra per la migliore applicazione didattica del metodo didattico Montessori-Pizzigoni, importato a Belluno ed applicato da Pierina Boranga.<br \/>\nHa avuto luogo nel pomeriggio di oggi, in occasione dell&#8217;apertura della Scuola Gabelli per le Giornate di Primavera del FAI, il sopralluogo al fabbricato. Ad illustrare i lavori c\u2019era il sindaco Jacopo Massaro e l&#8217;assessore alla rigenerazione urbana Franco Frison.<br \/>\nCi\u00f2 che colpisce sono le superfici e i volumi della scuola: 120 metri di lunghezza per il corridoio principale, piani con superficie da 1700 mq l\u2019uno, grandi finestre con il recupero dei serramenti scorrevoli originali ad illuminare le aule. \u201cSar\u00e0 aperto un nuovo percorso pedonale tra il Tribunale e la palestra &#8211; ha detto l\u2019assessore Frison &#8211; che porta nel centro citt\u00e0.<br \/>\n<img loading=\"lazy\" decoding=\"async\" class=\"alignleft size-full wp-image-132269\" src=\"https:\/\/www.bellunopress.it\/wp-content\/uploads\/2022\/03\/gabelli-4_edited.jpg\" alt=\"\" width=\"1000\" height=\"750\" srcset=\"https:\/\/www.bellunopress.it\/wp-content\/uploads\/2022\/03\/gabelli-4_edited.jpg 1000w, https:\/\/www.bellunopress.it\/wp-content\/uploads\/2022\/03\/gabelli-4_edited-500x375.jpg 500w, https:\/\/www.bellunopress.it\/wp-content\/uploads\/2022\/03\/gabelli-4_edited-696x522.jpg 696w, https:\/\/www.bellunopress.it\/wp-content\/uploads\/2022\/03\/gabelli-4_edited-560x420.jpg 560w, https:\/\/www.bellunopress.it\/wp-content\/uploads\/2022\/03\/gabelli-4_edited-80x60.jpg 80w, https:\/\/www.bellunopress.it\/wp-content\/uploads\/2022\/03\/gabelli-4_edited-265x198.jpg 265w\" sizes=\"auto, (max-width: 1000px) 100vw, 1000px\" \/>Un recupero accurato della struttura, i corridoi conservano la graniglia originale dell\u2019epoca, mentre la pavimentazione delle aule \u00e8 stata realizzata con resine per consentire l\u2019alloggiamento del riscaldamento.<br \/>\nEd ha certamente ragione il sindaco Massaro quando dice che quando i bellunesi vedranno l\u2019opera finita, con l\u2019equilibrio tra i generosi volumi, la pedagogia e il verde dei giardini, tutti vorranno iscrivere i loro figli a questa scuola.<br \/>\nLa scuola Gabelli ospiter\u00e0 l\u2019asilo Cairoli, due corsi di scuola primaria (uno a tempo lungo e uno a tempo normale), un polo primi passi (bambini dai 24 ai 36 mesi). Vi sar\u00e0 quindi la continuit\u00e0 educativa dai 2 agli 11 anni.<br \/>\nCon due stop ai lavori e nonostante l\u2019aumento dei prezzi, il primo a causa del Vaia e il secondo per la pandemia, la scuola Gabelli tra alcune settimane torner\u00e0 a splendere come un tempo.<\/p>","protected":false},"excerpt":{"rendered":"<p>Belluno, 26 marzo 2022 &#8211; Riaprir\u00e0 ad aprile, completamente restaurata nel rispetto dell\u2019architettura originale, e ritorner\u00e0 ad essere la scuola pi\u00f9 bella d\u2019Italia. Intitolata al pedagogista bellunese Aristide Gabelli (1830-1891) la scuola venne edificata nel 1933-34 con spazi interni ed esterni progettati dagli ingegneri Agostino e Guglielmo Zadra per la migliore applicazione didattica del metodo [&hellip;]<\/p>\n","protected":false},"author":2,"featured_media":132268,"comment_status":"closed","ping_status":"open","sticky":false,"template":"","format":"standard","meta":{"footnotes":""},"categories":[5,3446,26,15],"tags":[],"class_list":["post-132267","post","type-post","status-publish","format-standard","has-post-thumbnail","category-cronaca","category-featured","category-prima-pagina","category-scuola"],"yoast_head":"<!-- This site is optimized with the Yoast SEO plugin v28.4 - https:\/\/yoast.com\/product\/yoast-seo-wordpress\/ -->\n<title>Ad aprile riapre la Gabelli, la scuola pi\u00f9 bella d&#039;Italia - Bellunopress - Dolomiti<\/title>\n<meta name=\"robots\" content=\"index, follow, max-snippet:-1, max-image-preview:large, max-video-preview:-1\" \/>\n<link rel=\"canonical\" href=\"https:\/\/www.bellunopress.it\/fr\/2022\/03\/26\/ad-aprile-riapre-la-gabelli-la-scuola-piu-bella-ditalia\/\" \/>\n<meta property=\"og:locale\" content=\"fr_FR\" \/>\n<meta property=\"og:type\" content=\"article\" \/>\n<meta property=\"og:title\" content=\"Ad aprile riapre la Gabelli, la scuola pi\u00f9 bella d&#039;Italia - Bellunopress - Dolomiti\" \/>\n<meta property=\"og:description\" content=\"Belluno, 26 marzo 2022 &#8211; Riaprir\u00e0 ad aprile, completamente restaurata nel rispetto dell\u2019architettura originale, e ritorner\u00e0 ad essere la scuola pi\u00f9 bella d\u2019Italia. Intitolata al pedagogista bellunese Aristide Gabelli (1830-1891) la scuola venne edificata nel 1933-34 con spazi interni ed esterni progettati dagli ingegneri Agostino e Guglielmo Zadra per la migliore applicazione didattica del metodo [&hellip;]\" \/>\n<meta property=\"og:url\" content=\"https:\/\/www.bellunopress.it\/fr\/2022\/03\/26\/ad-aprile-riapre-la-gabelli-la-scuola-piu-bella-ditalia\/\" \/>\n<meta property=\"og:site_name\" content=\"Bellunopress - Dolomiti\" \/>\n<meta property=\"article:publisher\" content=\"https:\/\/www.facebook.com\/profile.php?id=100008943462799\" \/>\n<meta property=\"article:published_time\" content=\"2022-03-26T17:06:50+00:00\" \/>\n<meta property=\"article:modified_time\" content=\"2022-03-27T04:35:13+00:00\" \/>\n<meta property=\"og:image\" content=\"https:\/\/www.bellunopress.it\/wp-content\/uploads\/2022\/03\/gabelli-rapace_edited.jpg\" \/>\n\t<meta property=\"og:image:width\" content=\"469\" \/>\n\t<meta property=\"og:image:height\" content=\"625\" \/>\n\t<meta property=\"og:image:type\" content=\"image\/jpeg\" \/>\n<meta name=\"author\" content=\"redazione\" \/>\n<meta name=\"twitter:card\" content=\"summary_large_image\" \/>\n<meta name=\"twitter:creator\" content=\"@bellunopress\" \/>\n<meta name=\"twitter:site\" content=\"@bellunopress\" \/>\n<meta name=\"twitter:label1\" content=\"\u00c9crit par\" \/>\n\t<meta name=\"twitter:data1\" content=\"redazione\" \/>\n\t<meta name=\"twitter:label2\" content=\"Dur\u00e9e de lecture estim\u00e9e\" \/>\n\t<meta name=\"twitter:data2\" content=\"3 minutes\" \/>\n<script type=\"application\/ld+json\" class=\"yoast-schema-graph\">{\"@context\":\"https:\\\/\\\/schema.org\",\"@graph\":[{\"@type\":\"Article\",\"@id\":\"https:\\\/\\\/www.bellunopress.it\\\/2022\\\/03\\\/26\\\/ad-aprile-riapre-la-gabelli-la-scuola-piu-bella-ditalia\\\/#article\",\"isPartOf\":{\"@id\":\"https:\\\/\\\/www.bellunopress.it\\\/2022\\\/03\\\/26\\\/ad-aprile-riapre-la-gabelli-la-scuola-piu-bella-ditalia\\\/\"},\"author\":{\"name\":\"redazione\",\"@id\":\"https:\\\/\\\/www.bellunopress.it\\\/#\\\/schema\\\/person\\\/79bb06722b37ece1c03d3e94beb30d73\"},\"headline\":\"Ad aprile riapre la Gabelli, la scuola pi\u00f9 bella d&#8217;Italia\",\"datePublished\":\"2022-03-26T17:06:50+00:00\",\"dateModified\":\"2022-03-27T04:35:13+00:00\",\"mainEntityOfPage\":{\"@id\":\"https:\\\/\\\/www.bellunopress.it\\\/2022\\\/03\\\/26\\\/ad-aprile-riapre-la-gabelli-la-scuola-piu-bella-ditalia\\\/\"},\"wordCount\":322,\"publisher\":{\"@id\":\"https:\\\/\\\/www.bellunopress.it\\\/#organization\"},\"image\":{\"@id\":\"https:\\\/\\\/www.bellunopress.it\\\/2022\\\/03\\\/26\\\/ad-aprile-riapre-la-gabelli-la-scuola-piu-bella-ditalia\\\/#primaryimage\"},\"thumbnailUrl\":\"https:\\\/\\\/www.bellunopress.it\\\/wp-content\\\/uploads\\\/2022\\\/03\\\/gabelli-rapace_edited.jpg\",\"articleSection\":[\"Cronaca\\\/Politica\",\"Featured\",\"Prima Pagina\",\"Scuola\"],\"inLanguage\":\"fr-FR\"},{\"@type\":\"WebPage\",\"@id\":\"https:\\\/\\\/www.bellunopress.it\\\/2022\\\/03\\\/26\\\/ad-aprile-riapre-la-gabelli-la-scuola-piu-bella-ditalia\\\/\",\"url\":\"https:\\\/\\\/www.bellunopress.it\\\/2022\\\/03\\\/26\\\/ad-aprile-riapre-la-gabelli-la-scuola-piu-bella-ditalia\\\/\",\"name\":\"Ad aprile riapre la Gabelli, la scuola pi\u00f9 bella d'Italia - Bellunopress - Dolomiti\",\"isPartOf\":{\"@id\":\"https:\\\/\\\/www.bellunopress.it\\\/#website\"},\"primaryImageOfPage\":{\"@id\":\"https:\\\/\\\/www.bellunopress.it\\\/2022\\\/03\\\/26\\\/ad-aprile-riapre-la-gabelli-la-scuola-piu-bella-ditalia\\\/#primaryimage\"},\"image\":{\"@id\":\"https:\\\/\\\/www.bellunopress.it\\\/2022\\\/03\\\/26\\\/ad-aprile-riapre-la-gabelli-la-scuola-piu-bella-ditalia\\\/#primaryimage\"},\"thumbnailUrl\":\"https:\\\/\\\/www.bellunopress.it\\\/wp-content\\\/uploads\\\/2022\\\/03\\\/gabelli-rapace_edited.jpg\",\"datePublished\":\"2022-03-26T17:06:50+00:00\",\"dateModified\":\"2022-03-27T04:35:13+00:00\",\"breadcrumb\":{\"@id\":\"https:\\\/\\\/www.bellunopress.it\\\/2022\\\/03\\\/26\\\/ad-aprile-riapre-la-gabelli-la-scuola-piu-bella-ditalia\\\/#breadcrumb\"},\"inLanguage\":\"fr-FR\",\"potentialAction\":[{\"@type\":\"ReadAction\",\"target\":[\"https:\\\/\\\/www.bellunopress.it\\\/2022\\\/03\\\/26\\\/ad-aprile-riapre-la-gabelli-la-scuola-piu-bella-ditalia\\\/\"]}]},{\"@type\":\"ImageObject\",\"inLanguage\":\"fr-FR\",\"@id\":\"https:\\\/\\\/www.bellunopress.it\\\/2022\\\/03\\\/26\\\/ad-aprile-riapre-la-gabelli-la-scuola-piu-bella-ditalia\\\/#primaryimage\",\"url\":\"https:\\\/\\\/www.bellunopress.it\\\/wp-content\\\/uploads\\\/2022\\\/03\\\/gabelli-rapace_edited.jpg\",\"contentUrl\":\"https:\\\/\\\/www.bellunopress.it\\\/wp-content\\\/uploads\\\/2022\\\/03\\\/gabelli-rapace_edited.jpg\",\"width\":469,\"height\":625,\"caption\":\"Scuola Gabelli - Belluno\"},{\"@type\":\"BreadcrumbList\",\"@id\":\"https:\\\/\\\/www.bellunopress.it\\\/2022\\\/03\\\/26\\\/ad-aprile-riapre-la-gabelli-la-scuola-piu-bella-ditalia\\\/#breadcrumb\",\"itemListElement\":[{\"@type\":\"ListItem\",\"position\":1,\"name\":\"Home\",\"item\":\"https:\\\/\\\/www.bellunopress.it\\\/\"},{\"@type\":\"ListItem\",\"position\":2,\"name\":\"Ad aprile riapre la Gabelli, la scuola pi\u00f9 bella d&#8217;Italia\"}]},{\"@type\":\"WebSite\",\"@id\":\"https:\\\/\\\/www.bellunopress.it\\\/#website\",\"url\":\"https:\\\/\\\/www.bellunopress.it\\\/\",\"name\":\"Bellunopress - Dolomiti\",\"description\":\"e-mail: redazione@bellunopress.it\",\"publisher\":{\"@id\":\"https:\\\/\\\/www.bellunopress.it\\\/#organization\"},\"potentialAction\":[{\"@type\":\"SearchAction\",\"target\":{\"@type\":\"EntryPoint\",\"urlTemplate\":\"https:\\\/\\\/www.bellunopress.it\\\/?s={search_term_string}\"},\"query-input\":{\"@type\":\"PropertyValueSpecification\",\"valueRequired\":true,\"valueName\":\"search_term_string\"}}],\"inLanguage\":\"fr-FR\"},{\"@type\":\"Organization\",\"@id\":\"https:\\\/\\\/www.bellunopress.it\\\/#organization\",\"name\":\"Bellunopress\",\"url\":\"https:\\\/\\\/www.bellunopress.it\\\/\",\"logo\":{\"@type\":\"ImageObject\",\"inLanguage\":\"fr-FR\",\"@id\":\"https:\\\/\\\/www.bellunopress.it\\\/#\\\/schema\\\/logo\\\/image\\\/\",\"url\":\"https:\\\/\\\/www.bellunopress.it\\\/wp-content\\\/uploads\\\/2011\\\/05\\\/cropped-logo-bellunopress-.jpg\",\"contentUrl\":\"https:\\\/\\\/www.bellunopress.it\\\/wp-content\\\/uploads\\\/2011\\\/05\\\/cropped-logo-bellunopress-.jpg\",\"width\":512,\"height\":512,\"caption\":\"Bellunopress\"},\"image\":{\"@id\":\"https:\\\/\\\/www.bellunopress.it\\\/#\\\/schema\\\/logo\\\/image\\\/\"},\"sameAs\":[\"https:\\\/\\\/www.facebook.com\\\/profile.php?id=100008943462799\",\"https:\\\/\\\/x.com\\\/bellunopress\",\"https:\\\/\\\/www.linkedin.com\\\/hp\\\/?dnr=JBzUWaJfMUw8vbXJJ2tVW5-I3jZKvC4wsoxE&amp;amp;amp;amp;amp;amp;trk=nav_responsive_tab_home\",\"https:\\\/\\\/www.youtube.com\\\/channel\\\/UCxL0wu1uN0_3_7hGG0306cw\"]},{\"@type\":\"Person\",\"@id\":\"https:\\\/\\\/www.bellunopress.it\\\/#\\\/schema\\\/person\\\/79bb06722b37ece1c03d3e94beb30d73\",\"name\":\"redazione\",\"image\":{\"@type\":\"ImageObject\",\"inLanguage\":\"fr-FR\",\"@id\":\"https:\\\/\\\/secure.gravatar.com\\\/avatar\\\/37d968a2e67a6fd04c169c4bdef102d0bc5d31b2546345219e348575eb80e9a0?s=96&d=mm&r=g\",\"url\":\"https:\\\/\\\/secure.gravatar.com\\\/avatar\\\/37d968a2e67a6fd04c169c4bdef102d0bc5d31b2546345219e348575eb80e9a0?s=96&d=mm&r=g\",\"contentUrl\":\"https:\\\/\\\/secure.gravatar.com\\\/avatar\\\/37d968a2e67a6fd04c169c4bdef102d0bc5d31b2546345219e348575eb80e9a0?s=96&d=mm&r=g\",\"caption\":\"redazione\"},\"sameAs\":[\"http:\\\/\\\/www.bellunopress.it\",\"https:\\\/\\\/x.com\\\/bellunopress\"],\"url\":\"https:\\\/\\\/www.bellunopress.it\\\/fr\\\/author\\\/redazione\\\/\"}]}<\/script>\n<!-- \/ Yoast SEO plugin. -->","yoast_head_json":{"title":"Ad aprile riapre la Gabelli, la scuola pi\u00f9 bella d'Italia - Bellunopress - Dolomiti","robots":{"index":"index","follow":"follow","max-snippet":"max-snippet:-1","max-image-preview":"max-image-preview:large","max-video-preview":"max-video-preview:-1"},"canonical":"https:\/\/www.bellunopress.it\/fr\/2022\/03\/26\/ad-aprile-riapre-la-gabelli-la-scuola-piu-bella-ditalia\/","og_locale":"fr_FR","og_type":"article","og_title":"Ad aprile riapre la Gabelli, la scuola pi\u00f9 bella d'Italia - Bellunopress - Dolomiti","og_description":"Belluno, 26 marzo 2022 &#8211; Riaprir\u00e0 ad aprile, completamente restaurata nel rispetto dell\u2019architettura originale, e ritorner\u00e0 ad essere la scuola pi\u00f9 bella d\u2019Italia. Intitolata al pedagogista bellunese Aristide Gabelli (1830-1891) la scuola venne edificata nel 1933-34 con spazi interni ed esterni progettati dagli ingegneri Agostino e Guglielmo Zadra per la migliore applicazione didattica del metodo [&hellip;]","og_url":"https:\/\/www.bellunopress.it\/fr\/2022\/03\/26\/ad-aprile-riapre-la-gabelli-la-scuola-piu-bella-ditalia\/","og_site_name":"Bellunopress - Dolomiti","article_publisher":"https:\/\/www.facebook.com\/profile.php?id=100008943462799","article_published_time":"2022-03-26T17:06:50+00:00","article_modified_time":"2022-03-27T04:35:13+00:00","og_image":[{"width":469,"height":625,"url":"https:\/\/www.bellunopress.it\/wp-content\/uploads\/2022\/03\/gabelli-rapace_edited.jpg","type":"image\/jpeg"}],"author":"redazione","twitter_card":"summary_large_image","twitter_creator":"@bellunopress","twitter_site":"@bellunopress","twitter_misc":{"\u00c9crit par":"redazione","Dur\u00e9e de lecture estim\u00e9e":"3 minutes"},"schema":{"@context":"https:\/\/schema.org","@graph":[{"@type":"Article","@id":"https:\/\/www.bellunopress.it\/2022\/03\/26\/ad-aprile-riapre-la-gabelli-la-scuola-piu-bella-ditalia\/#article","isPartOf":{"@id":"https:\/\/www.bellunopress.it\/2022\/03\/26\/ad-aprile-riapre-la-gabelli-la-scuola-piu-bella-ditalia\/"},"author":{"name":"redazione","@id":"https:\/\/www.bellunopress.it\/#\/schema\/person\/79bb06722b37ece1c03d3e94beb30d73"},"headline":"Ad aprile riapre la Gabelli, la scuola pi\u00f9 bella d&#8217;Italia","datePublished":"2022-03-26T17:06:50+00:00","dateModified":"2022-03-27T04:35:13+00:00","mainEntityOfPage":{"@id":"https:\/\/www.bellunopress.it\/2022\/03\/26\/ad-aprile-riapre-la-gabelli-la-scuola-piu-bella-ditalia\/"},"wordCount":322,"publisher":{"@id":"https:\/\/www.bellunopress.it\/#organization"},"image":{"@id":"https:\/\/www.bellunopress.it\/2022\/03\/26\/ad-aprile-riapre-la-gabelli-la-scuola-piu-bella-ditalia\/#primaryimage"},"thumbnailUrl":"https:\/\/www.bellunopress.it\/wp-content\/uploads\/2022\/03\/gabelli-rapace_edited.jpg","articleSection":["Cronaca\/Politica","Featured","Prima Pagina","Scuola"],"inLanguage":"fr-FR"},{"@type":"WebPage","@id":"https:\/\/www.bellunopress.it\/2022\/03\/26\/ad-aprile-riapre-la-gabelli-la-scuola-piu-bella-ditalia\/","url":"https:\/\/www.bellunopress.it\/2022\/03\/26\/ad-aprile-riapre-la-gabelli-la-scuola-piu-bella-ditalia\/","name":"Ad aprile riapre la Gabelli, la scuola pi\u00f9 bella d'Italia - Bellunopress - Dolomiti","isPartOf":{"@id":"https:\/\/www.bellunopress.it\/#website"},"primaryImageOfPage":{"@id":"https:\/\/www.bellunopress.it\/2022\/03\/26\/ad-aprile-riapre-la-gabelli-la-scuola-piu-bella-ditalia\/#primaryimage"},"image":{"@id":"https:\/\/www.bellunopress.it\/2022\/03\/26\/ad-aprile-riapre-la-gabelli-la-scuola-piu-bella-ditalia\/#primaryimage"},"thumbnailUrl":"https:\/\/www.bellunopress.it\/wp-content\/uploads\/2022\/03\/gabelli-rapace_edited.jpg","datePublished":"2022-03-26T17:06:50+00:00","dateModified":"2022-03-27T04:35:13+00:00","breadcrumb":{"@id":"https:\/\/www.bellunopress.it\/2022\/03\/26\/ad-aprile-riapre-la-gabelli-la-scuola-piu-bella-ditalia\/#breadcrumb"},"inLanguage":"fr-FR","potentialAction":[{"@type":"ReadAction","target":["https:\/\/www.bellunopress.it\/2022\/03\/26\/ad-aprile-riapre-la-gabelli-la-scuola-piu-bella-ditalia\/"]}]},{"@type":"ImageObject","inLanguage":"fr-FR","@id":"https:\/\/www.bellunopress.it\/2022\/03\/26\/ad-aprile-riapre-la-gabelli-la-scuola-piu-bella-ditalia\/#primaryimage","url":"https:\/\/www.bellunopress.it\/wp-content\/uploads\/2022\/03\/gabelli-rapace_edited.jpg","contentUrl":"https:\/\/www.bellunopress.it\/wp-content\/uploads\/2022\/03\/gabelli-rapace_edited.jpg","width":469,"height":625,"caption":"Scuola Gabelli - Belluno"},{"@type":"BreadcrumbList","@id":"https:\/\/www.bellunopress.it\/2022\/03\/26\/ad-aprile-riapre-la-gabelli-la-scuola-piu-bella-ditalia\/#breadcrumb","itemListElement":[{"@type":"ListItem","position":1,"name":"Home","item":"https:\/\/www.bellunopress.it\/"},{"@type":"ListItem","position":2,"name":"Ad aprile riapre la Gabelli, la scuola pi\u00f9 bella d&#8217;Italia"}]},{"@type":"WebSite","@id":"https:\/\/www.bellunopress.it\/#website","url":"https:\/\/www.bellunopress.it\/","name":"Bellunopress - Dolomiti","description":"e-mail: redazione@bellunopress.it","publisher":{"@id":"https:\/\/www.bellunopress.it\/#organization"},"potentialAction":[{"@type":"SearchAction","target":{"@type":"EntryPoint","urlTemplate":"https:\/\/www.bellunopress.it\/?s={search_term_string}"},"query-input":{"@type":"PropertyValueSpecification","valueRequired":true,"valueName":"search_term_string"}}],"inLanguage":"fr-FR"},{"@type":"Organization","@id":"https:\/\/www.bellunopress.it\/#organization","name":"Bellunopress","url":"https:\/\/www.bellunopress.it\/","logo":{"@type":"ImageObject","inLanguage":"fr-FR","@id":"https:\/\/www.bellunopress.it\/#\/schema\/logo\/image\/","url":"https:\/\/www.bellunopress.it\/wp-content\/uploads\/2011\/05\/cropped-logo-bellunopress-.jpg","contentUrl":"https:\/\/www.bellunopress.it\/wp-content\/uploads\/2011\/05\/cropped-logo-bellunopress-.jpg","width":512,"height":512,"caption":"Bellunopress"},"image":{"@id":"https:\/\/www.bellunopress.it\/#\/schema\/logo\/image\/"},"sameAs":["https:\/\/www.facebook.com\/profile.php?id=100008943462799","https:\/\/x.com\/bellunopress","https:\/\/www.linkedin.com\/hp\/?dnr=JBzUWaJfMUw8vbXJJ2tVW5-I3jZKvC4wsoxE&amp;amp;amp;amp;amp;amp;trk=nav_responsive_tab_home","https:\/\/www.youtube.com\/channel\/UCxL0wu1uN0_3_7hGG0306cw"]},{"@type":"Person","@id":"https:\/\/www.bellunopress.it\/#\/schema\/person\/79bb06722b37ece1c03d3e94beb30d73","name":"r\u00e9daction","image":{"@type":"ImageObject","inLanguage":"fr-FR","@id":"https:\/\/secure.gravatar.com\/avatar\/37d968a2e67a6fd04c169c4bdef102d0bc5d31b2546345219e348575eb80e9a0?s=96&d=mm&r=g","url":"https:\/\/secure.gravatar.com\/avatar\/37d968a2e67a6fd04c169c4bdef102d0bc5d31b2546345219e348575eb80e9a0?s=96&d=mm&r=g","contentUrl":"https:\/\/secure.gravatar.com\/avatar\/37d968a2e67a6fd04c169c4bdef102d0bc5d31b2546345219e348575eb80e9a0?s=96&d=mm&r=g","caption":"redazione"},"sameAs":["http:\/\/www.bellunopress.it","https:\/\/x.com\/bellunopress"],"url":"https:\/\/www.bellunopress.it\/fr\/author\/redazione\/"}]}},"_links":{"self":[{"href":"https:\/\/www.bellunopress.it\/fr\/wp-json\/wp\/v2\/posts\/132267","targetHints":{"allow":["GET"]}}],"collection":[{"href":"https:\/\/www.bellunopress.it\/fr\/wp-json\/wp\/v2\/posts"}],"about":[{"href":"https:\/\/www.bellunopress.it\/fr\/wp-json\/wp\/v2\/types\/post"}],"author":[{"embeddable":true,"href":"https:\/\/www.bellunopress.it\/fr\/wp-json\/wp\/v2\/users\/2"}],"replies":[{"embeddable":true,"href":"https:\/\/www.bellunopress.it\/fr\/wp-json\/wp\/v2\/comments?post=132267"}],"version-history":[{"count":1,"href":"https:\/\/www.bellunopress.it\/fr\/wp-json\/wp\/v2\/posts\/132267\/revisions"}],"predecessor-version":[{"id":132270,"href":"https:\/\/www.bellunopress.it\/fr\/wp-json\/wp\/v2\/posts\/132267\/revisions\/132270"}],"wp:featuredmedia":[{"embeddable":true,"href":"https:\/\/www.bellunopress.it\/fr\/wp-json\/wp\/v2\/media\/132268"}],"wp:attachment":[{"href":"https:\/\/www.bellunopress.it\/fr\/wp-json\/wp\/v2\/media?parent=132267"}],"wp:term":[{"taxonomy":"category","embeddable":true,"href":"https:\/\/www.bellunopress.it\/fr\/wp-json\/wp\/v2\/categories?post=132267"},{"taxonomy":"post_tag","embeddable":true,"href":"https:\/\/www.bellunopress.it\/fr\/wp-json\/wp\/v2\/tags?post=132267"}],"curies":[{"name":"wp","href":"https:\/\/api.w.org\/{rel}","templated":true}]}}