{"id":131975,"date":"2022-03-12T22:01:15","date_gmt":"2022-03-12T21:01:15","guid":{"rendered":"https:\/\/www.bellunopress.it\/?p=131975"},"modified":"2022-03-12T22:01:15","modified_gmt":"2022-03-12T21:01:15","slug":"no-greenpass-33-belluno-oggi-la-protesta-getta-le-basi-per-lazione-politica","status":"publish","type":"post","link":"https:\/\/www.bellunopress.it\/fr\/2022\/03\/12\/no-greenpass-33-belluno-oggi-la-protesta-getta-le-basi-per-lazione-politica\/","title":{"rendered":"No greenpass 33 Belluno. Oggi la protesta getta le basi per l&#8217;azione politica"},"content":{"rendered":"<p><img loading=\"lazy\" decoding=\"async\" class=\"alignleft size-full wp-image-131976\" src=\"https:\/\/www.bellunopress.it\/wp-content\/uploads\/2022\/03\/no-greenpass-33-belluno_edited.jpg\" alt=\"\" width=\"1000\" height=\"750\" srcset=\"https:\/\/www.bellunopress.it\/wp-content\/uploads\/2022\/03\/no-greenpass-33-belluno_edited.jpg 1000w, https:\/\/www.bellunopress.it\/wp-content\/uploads\/2022\/03\/no-greenpass-33-belluno_edited-500x375.jpg 500w, https:\/\/www.bellunopress.it\/wp-content\/uploads\/2022\/03\/no-greenpass-33-belluno_edited-696x522.jpg 696w, https:\/\/www.bellunopress.it\/wp-content\/uploads\/2022\/03\/no-greenpass-33-belluno_edited-560x420.jpg 560w, https:\/\/www.bellunopress.it\/wp-content\/uploads\/2022\/03\/no-greenpass-33-belluno_edited-80x60.jpg 80w, https:\/\/www.bellunopress.it\/wp-content\/uploads\/2022\/03\/no-greenpass-33-belluno_edited-265x198.jpg 265w\" sizes=\"auto, (max-width: 1000px) 100vw, 1000px\" \/>Belluno, 12 marzo 2022 &#8211; Trentatreesimo appuntamento con il dissenso oggi pomeriggio al &#8220;Parco Citt\u00e0 di Bologna&#8221;. Oltre ai consueti temi trattati, come la lotta per la libert\u00e0, il ricatto per il lavoro, la critica al governo Draghi, le \u00e9lites mondiali, oggi registriamo un importante elemento di novit\u00e0 e di svolta di questo movimento spontaneo nato dal basso.<\/p>\n<p>&#8220;Se questo Stato tra un anno ci far\u00e0 votare &#8211; \u00e8 stato detto &#8211; dovremo iniziare a parlare di politica, nazionale e locale&#8221;.<\/p>\n<p>Per chi, dunque, si chiedeva cos\u00e0 far\u00e0 lo zoccolo duro del dissenso quando cadr\u00e0 l&#8217;obbligo di greenpass, oggi abbiamo la risposta. Un bacino di voti trasversali che evidentemente andranno a costituire una nuova formazione o andranno a premiare chi si \u00e8 opposto in questi due anni al ricatto del super greenpass per poter lavorare.<\/p>\n<p>All&#8217;incontro di oggi ha partecipato portando la sua testimonianza Monica Cadau, titolare del Bar Nuraghe di Borgo Valsugana. Il locale \u00e8 stato chiuso nei giorni scorsi per reiterate violazioni alla normativa sanitaria (greenpass ecc.). Ma promette di continuare la sua battaglia sostenendo il diritto di poter lavorare.<\/p>","protected":false},"excerpt":{"rendered":"<p>Belluno, 12 marzo 2022 &#8211; Trentatreesimo appuntamento con il dissenso oggi pomeriggio al &#8220;Parco Citt\u00e0 di Bologna&#8221;. Oltre ai consueti temi trattati, come la lotta per la libert\u00e0, il ricatto per il lavoro, la critica al governo Draghi, le \u00e9lites mondiali, oggi registriamo un importante elemento di novit\u00e0 e di svolta di questo movimento spontaneo [&hellip;]<\/p>\n","protected":false},"author":2,"featured_media":131976,"comment_status":"closed","ping_status":"open","sticky":false,"template":"","format":"standard","meta":{"footnotes":""},"categories":[5,3446,26],"tags":[],"class_list":["post-131975","post","type-post","status-publish","format-standard","has-post-thumbnail","category-cronaca","category-featured","category-prima-pagina"],"yoast_head":"<!-- This site is optimized with the Yoast SEO plugin v28.4 - https:\/\/yoast.com\/product\/yoast-seo-wordpress\/ -->\n<title>No greenpass 33 Belluno. Oggi la protesta getta le basi per l&#039;azione politica - Bellunopress - Dolomiti<\/title>\n<meta name=\"robots\" content=\"index, follow, max-snippet:-1, max-image-preview:large, max-video-preview:-1\" \/>\n<link rel=\"canonical\" href=\"https:\/\/www.bellunopress.it\/fr\/2022\/03\/12\/no-greenpass-33-belluno-oggi-la-protesta-getta-le-basi-per-lazione-politica\/\" \/>\n<meta property=\"og:locale\" content=\"fr_FR\" \/>\n<meta property=\"og:type\" content=\"article\" \/>\n<meta property=\"og:title\" content=\"No greenpass 33 Belluno. Oggi la protesta getta le basi per l&#039;azione politica - Bellunopress - Dolomiti\" \/>\n<meta property=\"og:description\" content=\"Belluno, 12 marzo 2022 &#8211; Trentatreesimo appuntamento con il dissenso oggi pomeriggio al &#8220;Parco Citt\u00e0 di Bologna&#8221;. Oltre ai consueti temi trattati, come la lotta per la libert\u00e0, il ricatto per il lavoro, la critica al governo Draghi, le \u00e9lites mondiali, oggi registriamo un importante elemento di novit\u00e0 e di svolta di questo movimento spontaneo [&hellip;]\" \/>\n<meta property=\"og:url\" content=\"https:\/\/www.bellunopress.it\/fr\/2022\/03\/12\/no-greenpass-33-belluno-oggi-la-protesta-getta-le-basi-per-lazione-politica\/\" \/>\n<meta property=\"og:site_name\" content=\"Bellunopress - Dolomiti\" \/>\n<meta property=\"article:publisher\" content=\"https:\/\/www.facebook.com\/profile.php?id=100008943462799\" \/>\n<meta property=\"article:published_time\" content=\"2022-03-12T21:01:15+00:00\" \/>\n<meta property=\"og:image\" content=\"https:\/\/www.bellunopress.it\/wp-content\/uploads\/2022\/03\/no-greenpass-33-belluno_edited.jpg\" \/>\n\t<meta property=\"og:image:width\" content=\"1000\" \/>\n\t<meta property=\"og:image:height\" content=\"750\" \/>\n\t<meta property=\"og:image:type\" content=\"image\/jpeg\" \/>\n<meta name=\"author\" content=\"redazione\" \/>\n<meta name=\"twitter:card\" content=\"summary_large_image\" \/>\n<meta name=\"twitter:creator\" content=\"@bellunopress\" \/>\n<meta name=\"twitter:site\" content=\"@bellunopress\" \/>\n<meta name=\"twitter:label1\" content=\"\u00c9crit par\" \/>\n\t<meta name=\"twitter:data1\" content=\"redazione\" \/>\n\t<meta name=\"twitter:label2\" content=\"Dur\u00e9e de lecture estim\u00e9e\" \/>\n\t<meta name=\"twitter:data2\" content=\"2 minutes\" \/>\n<script type=\"application\/ld+json\" class=\"yoast-schema-graph\">{\"@context\":\"https:\\\/\\\/schema.org\",\"@graph\":[{\"@type\":\"Article\",\"@id\":\"https:\\\/\\\/www.bellunopress.it\\\/2022\\\/03\\\/12\\\/no-greenpass-33-belluno-oggi-la-protesta-getta-le-basi-per-lazione-politica\\\/#article\",\"isPartOf\":{\"@id\":\"https:\\\/\\\/www.bellunopress.it\\\/2022\\\/03\\\/12\\\/no-greenpass-33-belluno-oggi-la-protesta-getta-le-basi-per-lazione-politica\\\/\"},\"author\":{\"name\":\"redazione\",\"@id\":\"https:\\\/\\\/www.bellunopress.it\\\/#\\\/schema\\\/person\\\/79bb06722b37ece1c03d3e94beb30d73\"},\"headline\":\"No greenpass 33 Belluno. Oggi la protesta getta le basi per l&#8217;azione politica\",\"datePublished\":\"2022-03-12T21:01:15+00:00\",\"mainEntityOfPage\":{\"@id\":\"https:\\\/\\\/www.bellunopress.it\\\/2022\\\/03\\\/12\\\/no-greenpass-33-belluno-oggi-la-protesta-getta-le-basi-per-lazione-politica\\\/\"},\"wordCount\":192,\"publisher\":{\"@id\":\"https:\\\/\\\/www.bellunopress.it\\\/#organization\"},\"image\":{\"@id\":\"https:\\\/\\\/www.bellunopress.it\\\/2022\\\/03\\\/12\\\/no-greenpass-33-belluno-oggi-la-protesta-getta-le-basi-per-lazione-politica\\\/#primaryimage\"},\"thumbnailUrl\":\"https:\\\/\\\/www.bellunopress.it\\\/wp-content\\\/uploads\\\/2022\\\/03\\\/no-greenpass-33-belluno_edited.jpg\",\"articleSection\":[\"Cronaca\\\/Politica\",\"Featured\",\"Prima Pagina\"],\"inLanguage\":\"fr-FR\"},{\"@type\":\"WebPage\",\"@id\":\"https:\\\/\\\/www.bellunopress.it\\\/2022\\\/03\\\/12\\\/no-greenpass-33-belluno-oggi-la-protesta-getta-le-basi-per-lazione-politica\\\/\",\"url\":\"https:\\\/\\\/www.bellunopress.it\\\/2022\\\/03\\\/12\\\/no-greenpass-33-belluno-oggi-la-protesta-getta-le-basi-per-lazione-politica\\\/\",\"name\":\"No greenpass 33 Belluno. Oggi la protesta getta le basi per l'azione politica - Bellunopress - Dolomiti\",\"isPartOf\":{\"@id\":\"https:\\\/\\\/www.bellunopress.it\\\/#website\"},\"primaryImageOfPage\":{\"@id\":\"https:\\\/\\\/www.bellunopress.it\\\/2022\\\/03\\\/12\\\/no-greenpass-33-belluno-oggi-la-protesta-getta-le-basi-per-lazione-politica\\\/#primaryimage\"},\"image\":{\"@id\":\"https:\\\/\\\/www.bellunopress.it\\\/2022\\\/03\\\/12\\\/no-greenpass-33-belluno-oggi-la-protesta-getta-le-basi-per-lazione-politica\\\/#primaryimage\"},\"thumbnailUrl\":\"https:\\\/\\\/www.bellunopress.it\\\/wp-content\\\/uploads\\\/2022\\\/03\\\/no-greenpass-33-belluno_edited.jpg\",\"datePublished\":\"2022-03-12T21:01:15+00:00\",\"breadcrumb\":{\"@id\":\"https:\\\/\\\/www.bellunopress.it\\\/2022\\\/03\\\/12\\\/no-greenpass-33-belluno-oggi-la-protesta-getta-le-basi-per-lazione-politica\\\/#breadcrumb\"},\"inLanguage\":\"fr-FR\",\"potentialAction\":[{\"@type\":\"ReadAction\",\"target\":[\"https:\\\/\\\/www.bellunopress.it\\\/2022\\\/03\\\/12\\\/no-greenpass-33-belluno-oggi-la-protesta-getta-le-basi-per-lazione-politica\\\/\"]}]},{\"@type\":\"ImageObject\",\"inLanguage\":\"fr-FR\",\"@id\":\"https:\\\/\\\/www.bellunopress.it\\\/2022\\\/03\\\/12\\\/no-greenpass-33-belluno-oggi-la-protesta-getta-le-basi-per-lazione-politica\\\/#primaryimage\",\"url\":\"https:\\\/\\\/www.bellunopress.it\\\/wp-content\\\/uploads\\\/2022\\\/03\\\/no-greenpass-33-belluno_edited.jpg\",\"contentUrl\":\"https:\\\/\\\/www.bellunopress.it\\\/wp-content\\\/uploads\\\/2022\\\/03\\\/no-greenpass-33-belluno_edited.jpg\",\"width\":1000,\"height\":750},{\"@type\":\"BreadcrumbList\",\"@id\":\"https:\\\/\\\/www.bellunopress.it\\\/2022\\\/03\\\/12\\\/no-greenpass-33-belluno-oggi-la-protesta-getta-le-basi-per-lazione-politica\\\/#breadcrumb\",\"itemListElement\":[{\"@type\":\"ListItem\",\"position\":1,\"name\":\"Home\",\"item\":\"https:\\\/\\\/www.bellunopress.it\\\/\"},{\"@type\":\"ListItem\",\"position\":2,\"name\":\"No greenpass 33 Belluno. Oggi la protesta getta le basi per l&#8217;azione politica\"}]},{\"@type\":\"WebSite\",\"@id\":\"https:\\\/\\\/www.bellunopress.it\\\/#website\",\"url\":\"https:\\\/\\\/www.bellunopress.it\\\/\",\"name\":\"Bellunopress - Dolomiti\",\"description\":\"e-mail: redazione@bellunopress.it\",\"publisher\":{\"@id\":\"https:\\\/\\\/www.bellunopress.it\\\/#organization\"},\"potentialAction\":[{\"@type\":\"SearchAction\",\"target\":{\"@type\":\"EntryPoint\",\"urlTemplate\":\"https:\\\/\\\/www.bellunopress.it\\\/?s={search_term_string}\"},\"query-input\":{\"@type\":\"PropertyValueSpecification\",\"valueRequired\":true,\"valueName\":\"search_term_string\"}}],\"inLanguage\":\"fr-FR\"},{\"@type\":\"Organization\",\"@id\":\"https:\\\/\\\/www.bellunopress.it\\\/#organization\",\"name\":\"Bellunopress\",\"url\":\"https:\\\/\\\/www.bellunopress.it\\\/\",\"logo\":{\"@type\":\"ImageObject\",\"inLanguage\":\"fr-FR\",\"@id\":\"https:\\\/\\\/www.bellunopress.it\\\/#\\\/schema\\\/logo\\\/image\\\/\",\"url\":\"https:\\\/\\\/www.bellunopress.it\\\/wp-content\\\/uploads\\\/2011\\\/05\\\/cropped-logo-bellunopress-.jpg\",\"contentUrl\":\"https:\\\/\\\/www.bellunopress.it\\\/wp-content\\\/uploads\\\/2011\\\/05\\\/cropped-logo-bellunopress-.jpg\",\"width\":512,\"height\":512,\"caption\":\"Bellunopress\"},\"image\":{\"@id\":\"https:\\\/\\\/www.bellunopress.it\\\/#\\\/schema\\\/logo\\\/image\\\/\"},\"sameAs\":[\"https:\\\/\\\/www.facebook.com\\\/profile.php?id=100008943462799\",\"https:\\\/\\\/x.com\\\/bellunopress\",\"https:\\\/\\\/www.linkedin.com\\\/hp\\\/?dnr=JBzUWaJfMUw8vbXJJ2tVW5-I3jZKvC4wsoxE&amp;amp;amp;amp;amp;amp;trk=nav_responsive_tab_home\",\"https:\\\/\\\/www.youtube.com\\\/channel\\\/UCxL0wu1uN0_3_7hGG0306cw\"]},{\"@type\":\"Person\",\"@id\":\"https:\\\/\\\/www.bellunopress.it\\\/#\\\/schema\\\/person\\\/79bb06722b37ece1c03d3e94beb30d73\",\"name\":\"redazione\",\"image\":{\"@type\":\"ImageObject\",\"inLanguage\":\"fr-FR\",\"@id\":\"https:\\\/\\\/secure.gravatar.com\\\/avatar\\\/37d968a2e67a6fd04c169c4bdef102d0bc5d31b2546345219e348575eb80e9a0?s=96&d=mm&r=g\",\"url\":\"https:\\\/\\\/secure.gravatar.com\\\/avatar\\\/37d968a2e67a6fd04c169c4bdef102d0bc5d31b2546345219e348575eb80e9a0?s=96&d=mm&r=g\",\"contentUrl\":\"https:\\\/\\\/secure.gravatar.com\\\/avatar\\\/37d968a2e67a6fd04c169c4bdef102d0bc5d31b2546345219e348575eb80e9a0?s=96&d=mm&r=g\",\"caption\":\"redazione\"},\"sameAs\":[\"http:\\\/\\\/www.bellunopress.it\",\"https:\\\/\\\/x.com\\\/bellunopress\"],\"url\":\"https:\\\/\\\/www.bellunopress.it\\\/fr\\\/author\\\/redazione\\\/\"}]}<\/script>\n<!-- \/ Yoast SEO plugin. -->","yoast_head_json":{"title":"No greenpass 33 Belluno. Oggi la protesta getta le basi per l'azione politica - Bellunopress - Dolomiti","robots":{"index":"index","follow":"follow","max-snippet":"max-snippet:-1","max-image-preview":"max-image-preview:large","max-video-preview":"max-video-preview:-1"},"canonical":"https:\/\/www.bellunopress.it\/fr\/2022\/03\/12\/no-greenpass-33-belluno-oggi-la-protesta-getta-le-basi-per-lazione-politica\/","og_locale":"fr_FR","og_type":"article","og_title":"No greenpass 33 Belluno. Oggi la protesta getta le basi per l'azione politica - Bellunopress - Dolomiti","og_description":"Belluno, 12 marzo 2022 &#8211; Trentatreesimo appuntamento con il dissenso oggi pomeriggio al &#8220;Parco Citt\u00e0 di Bologna&#8221;. Oltre ai consueti temi trattati, come la lotta per la libert\u00e0, il ricatto per il lavoro, la critica al governo Draghi, le \u00e9lites mondiali, oggi registriamo un importante elemento di novit\u00e0 e di svolta di questo movimento spontaneo [&hellip;]","og_url":"https:\/\/www.bellunopress.it\/fr\/2022\/03\/12\/no-greenpass-33-belluno-oggi-la-protesta-getta-le-basi-per-lazione-politica\/","og_site_name":"Bellunopress - Dolomiti","article_publisher":"https:\/\/www.facebook.com\/profile.php?id=100008943462799","article_published_time":"2022-03-12T21:01:15+00:00","og_image":[{"width":1000,"height":750,"url":"https:\/\/www.bellunopress.it\/wp-content\/uploads\/2022\/03\/no-greenpass-33-belluno_edited.jpg","type":"image\/jpeg"}],"author":"redazione","twitter_card":"summary_large_image","twitter_creator":"@bellunopress","twitter_site":"@bellunopress","twitter_misc":{"\u00c9crit par":"redazione","Dur\u00e9e de lecture estim\u00e9e":"2 minutes"},"schema":{"@context":"https:\/\/schema.org","@graph":[{"@type":"Article","@id":"https:\/\/www.bellunopress.it\/2022\/03\/12\/no-greenpass-33-belluno-oggi-la-protesta-getta-le-basi-per-lazione-politica\/#article","isPartOf":{"@id":"https:\/\/www.bellunopress.it\/2022\/03\/12\/no-greenpass-33-belluno-oggi-la-protesta-getta-le-basi-per-lazione-politica\/"},"author":{"name":"redazione","@id":"https:\/\/www.bellunopress.it\/#\/schema\/person\/79bb06722b37ece1c03d3e94beb30d73"},"headline":"No greenpass 33 Belluno. Oggi la protesta getta le basi per l&#8217;azione politica","datePublished":"2022-03-12T21:01:15+00:00","mainEntityOfPage":{"@id":"https:\/\/www.bellunopress.it\/2022\/03\/12\/no-greenpass-33-belluno-oggi-la-protesta-getta-le-basi-per-lazione-politica\/"},"wordCount":192,"publisher":{"@id":"https:\/\/www.bellunopress.it\/#organization"},"image":{"@id":"https:\/\/www.bellunopress.it\/2022\/03\/12\/no-greenpass-33-belluno-oggi-la-protesta-getta-le-basi-per-lazione-politica\/#primaryimage"},"thumbnailUrl":"https:\/\/www.bellunopress.it\/wp-content\/uploads\/2022\/03\/no-greenpass-33-belluno_edited.jpg","articleSection":["Cronaca\/Politica","Featured","Prima Pagina"],"inLanguage":"fr-FR"},{"@type":"WebPage","@id":"https:\/\/www.bellunopress.it\/2022\/03\/12\/no-greenpass-33-belluno-oggi-la-protesta-getta-le-basi-per-lazione-politica\/","url":"https:\/\/www.bellunopress.it\/2022\/03\/12\/no-greenpass-33-belluno-oggi-la-protesta-getta-le-basi-per-lazione-politica\/","name":"No greenpass 33 Belluno. Oggi la protesta getta le basi per l'azione politica - Bellunopress - Dolomiti","isPartOf":{"@id":"https:\/\/www.bellunopress.it\/#website"},"primaryImageOfPage":{"@id":"https:\/\/www.bellunopress.it\/2022\/03\/12\/no-greenpass-33-belluno-oggi-la-protesta-getta-le-basi-per-lazione-politica\/#primaryimage"},"image":{"@id":"https:\/\/www.bellunopress.it\/2022\/03\/12\/no-greenpass-33-belluno-oggi-la-protesta-getta-le-basi-per-lazione-politica\/#primaryimage"},"thumbnailUrl":"https:\/\/www.bellunopress.it\/wp-content\/uploads\/2022\/03\/no-greenpass-33-belluno_edited.jpg","datePublished":"2022-03-12T21:01:15+00:00","breadcrumb":{"@id":"https:\/\/www.bellunopress.it\/2022\/03\/12\/no-greenpass-33-belluno-oggi-la-protesta-getta-le-basi-per-lazione-politica\/#breadcrumb"},"inLanguage":"fr-FR","potentialAction":[{"@type":"ReadAction","target":["https:\/\/www.bellunopress.it\/2022\/03\/12\/no-greenpass-33-belluno-oggi-la-protesta-getta-le-basi-per-lazione-politica\/"]}]},{"@type":"ImageObject","inLanguage":"fr-FR","@id":"https:\/\/www.bellunopress.it\/2022\/03\/12\/no-greenpass-33-belluno-oggi-la-protesta-getta-le-basi-per-lazione-politica\/#primaryimage","url":"https:\/\/www.bellunopress.it\/wp-content\/uploads\/2022\/03\/no-greenpass-33-belluno_edited.jpg","contentUrl":"https:\/\/www.bellunopress.it\/wp-content\/uploads\/2022\/03\/no-greenpass-33-belluno_edited.jpg","width":1000,"height":750},{"@type":"BreadcrumbList","@id":"https:\/\/www.bellunopress.it\/2022\/03\/12\/no-greenpass-33-belluno-oggi-la-protesta-getta-le-basi-per-lazione-politica\/#breadcrumb","itemListElement":[{"@type":"ListItem","position":1,"name":"Home","item":"https:\/\/www.bellunopress.it\/"},{"@type":"ListItem","position":2,"name":"No greenpass 33 Belluno. Oggi la protesta getta le basi per l&#8217;azione politica"}]},{"@type":"WebSite","@id":"https:\/\/www.bellunopress.it\/#website","url":"https:\/\/www.bellunopress.it\/","name":"Bellunopress - Dolomiti","description":"e-mail: redazione@bellunopress.it","publisher":{"@id":"https:\/\/www.bellunopress.it\/#organization"},"potentialAction":[{"@type":"SearchAction","target":{"@type":"EntryPoint","urlTemplate":"https:\/\/www.bellunopress.it\/?s={search_term_string}"},"query-input":{"@type":"PropertyValueSpecification","valueRequired":true,"valueName":"search_term_string"}}],"inLanguage":"fr-FR"},{"@type":"Organization","@id":"https:\/\/www.bellunopress.it\/#organization","name":"Bellunopress","url":"https:\/\/www.bellunopress.it\/","logo":{"@type":"ImageObject","inLanguage":"fr-FR","@id":"https:\/\/www.bellunopress.it\/#\/schema\/logo\/image\/","url":"https:\/\/www.bellunopress.it\/wp-content\/uploads\/2011\/05\/cropped-logo-bellunopress-.jpg","contentUrl":"https:\/\/www.bellunopress.it\/wp-content\/uploads\/2011\/05\/cropped-logo-bellunopress-.jpg","width":512,"height":512,"caption":"Bellunopress"},"image":{"@id":"https:\/\/www.bellunopress.it\/#\/schema\/logo\/image\/"},"sameAs":["https:\/\/www.facebook.com\/profile.php?id=100008943462799","https:\/\/x.com\/bellunopress","https:\/\/www.linkedin.com\/hp\/?dnr=JBzUWaJfMUw8vbXJJ2tVW5-I3jZKvC4wsoxE&amp;amp;amp;amp;amp;amp;trk=nav_responsive_tab_home","https:\/\/www.youtube.com\/channel\/UCxL0wu1uN0_3_7hGG0306cw"]},{"@type":"Person","@id":"https:\/\/www.bellunopress.it\/#\/schema\/person\/79bb06722b37ece1c03d3e94beb30d73","name":"r\u00e9daction","image":{"@type":"ImageObject","inLanguage":"fr-FR","@id":"https:\/\/secure.gravatar.com\/avatar\/37d968a2e67a6fd04c169c4bdef102d0bc5d31b2546345219e348575eb80e9a0?s=96&d=mm&r=g","url":"https:\/\/secure.gravatar.com\/avatar\/37d968a2e67a6fd04c169c4bdef102d0bc5d31b2546345219e348575eb80e9a0?s=96&d=mm&r=g","contentUrl":"https:\/\/secure.gravatar.com\/avatar\/37d968a2e67a6fd04c169c4bdef102d0bc5d31b2546345219e348575eb80e9a0?s=96&d=mm&r=g","caption":"redazione"},"sameAs":["http:\/\/www.bellunopress.it","https:\/\/x.com\/bellunopress"],"url":"https:\/\/www.bellunopress.it\/fr\/author\/redazione\/"}]}},"_links":{"self":[{"href":"https:\/\/www.bellunopress.it\/fr\/wp-json\/wp\/v2\/posts\/131975","targetHints":{"allow":["GET"]}}],"collection":[{"href":"https:\/\/www.bellunopress.it\/fr\/wp-json\/wp\/v2\/posts"}],"about":[{"href":"https:\/\/www.bellunopress.it\/fr\/wp-json\/wp\/v2\/types\/post"}],"author":[{"embeddable":true,"href":"https:\/\/www.bellunopress.it\/fr\/wp-json\/wp\/v2\/users\/2"}],"replies":[{"embeddable":true,"href":"https:\/\/www.bellunopress.it\/fr\/wp-json\/wp\/v2\/comments?post=131975"}],"version-history":[{"count":1,"href":"https:\/\/www.bellunopress.it\/fr\/wp-json\/wp\/v2\/posts\/131975\/revisions"}],"predecessor-version":[{"id":131977,"href":"https:\/\/www.bellunopress.it\/fr\/wp-json\/wp\/v2\/posts\/131975\/revisions\/131977"}],"wp:featuredmedia":[{"embeddable":true,"href":"https:\/\/www.bellunopress.it\/fr\/wp-json\/wp\/v2\/media\/131976"}],"wp:attachment":[{"href":"https:\/\/www.bellunopress.it\/fr\/wp-json\/wp\/v2\/media?parent=131975"}],"wp:term":[{"taxonomy":"category","embeddable":true,"href":"https:\/\/www.bellunopress.it\/fr\/wp-json\/wp\/v2\/categories?post=131975"},{"taxonomy":"post_tag","embeddable":true,"href":"https:\/\/www.bellunopress.it\/fr\/wp-json\/wp\/v2\/tags?post=131975"}],"curies":[{"name":"wp","href":"https:\/\/api.w.org\/{rel}","templated":true}]}}