{"id":131587,"date":"2022-02-23T08:40:31","date_gmt":"2022-02-23T07:40:31","guid":{"rendered":"https:\/\/www.bellunopress.it\/?p=131587"},"modified":"2022-02-23T08:40:31","modified_gmt":"2022-02-23T07:40:31","slug":"terza-giornata-di-circuito-a-spresiano-la-sportivamente-belluno-conferma-i-progressi","status":"publish","type":"post","link":"https:\/\/www.bellunopress.it\/fr\/2022\/02\/23\/terza-giornata-di-circuito-a-spresiano-la-sportivamente-belluno-conferma-i-progressi\/","title":{"rendered":"Terza giornata di circuito a Spresiano: la Sportivamente Belluno conferma i progressi"},"content":{"rendered":"<p><img loading=\"lazy\" decoding=\"async\" class=\"alignleft size-full wp-image-104320\" src=\"https:\/\/www.bellunopress.it\/wp-content\/uploads\/2019\/05\/sportivamente-belluno.jpg\" alt=\"\" width=\"257\" height=\"95\" \/>La Sportivamente Belluno ha affrontato con grinta e consapevolezza dei propri mezzi la terza giornata di gare di circuito, andata in scena nella piscina Spresiano. Nessun dubbio: la squadra \u00e8 in continuo miglioramento.<\/p>\n<p>Tra i giovani spicca la performance di Luca Odolo (2006), che nei 50 stile ha decretato il suo nuovo miglior tempo (25\u201d9) e ha pure ottenuto la prima posizione nella categoria Ragazzi. Nuovi balzi avanti anche nei 200 stile: hanno abbattuto i loro record Ivan Somacal (2\u201905\u201d3 e terzo fra i Ragazzi), Luca Odolo (2\u201909\u201d7), Samuele Gashi (2\u201916\u201d3), Matteo Longi (2\u201918\u201d4), Valentina Sovilla (2\u201918\u201d7) e Marco Sponga (2\u201918\u201d9). Bene pure le sorelle Caldart: nei 100 rana Camilla (2008) ha ottenuto la seconda posizione, mentre Sofia ha raggiunto il terzo posto fra le Juniores, La stessa Sofia ha ulteriormente abbassato il suo record nei 100 delfino, chiudendo seconda nella categoria Juniores (1\u201911\u201d7), dietro alla compagna di squadra Sara Sommacal (1\u201909\u201d6). Proprio Sara (classe 2007) \u00e8 stata protagonista pure nei 50 stile, grazie al primato nella sua categoria con il tempo di 28\u201d5. Applausi, inoltre, per Tomaso Damiano Miari Fulcis (terzo nei 100 rana) e Matteo Longi, che nei 100 delfino ha abbassato il suo personale di ben 4 secondi (1\u201913).<\/p>\n<p>Pollice alto, infine, per la la staffetta 4 x 100 stile con la squadra femminile (Sara Sommacal, Eleonora Cibien, Valentina Sovilla Valentina, Minerva Dall\u2019O\u2019) terza in 4\u201913\u201d7, dietro a Hydros e Padovanuoto, mentre quella maschile \u00e8 quarta in 3\u201958\u201d2 (Alessandro Facchin, Samuele Gashi, Luca Odolo, Ivan Somacal).<\/p>\n<p>La Sportivamente Belluno, seguita dai tecnici Cassol e Bortot. non si ferma. E, in un clima sereno e di condivisione, prosegue i suoi allenamenti nella piscina di Belluno. Prossimo appuntamento? Domenica 27 febbraio, a Treviso.<\/p>","protected":false},"excerpt":{"rendered":"<p>La Sportivamente Belluno ha affrontato con grinta e consapevolezza dei propri mezzi la terza giornata di gare di circuito, andata in scena nella piscina Spresiano. Nessun dubbio: la squadra \u00e8 in continuo miglioramento. Tra i giovani spicca la performance di Luca Odolo (2006), che nei 50 stile ha decretato il suo nuovo miglior tempo (25\u201d9) [&hellip;]<\/p>\n","protected":false},"author":2,"featured_media":115380,"comment_status":"closed","ping_status":"open","sticky":false,"template":"","format":"standard","meta":{"footnotes":""},"categories":[4],"tags":[],"class_list":["post-131587","post","type-post","status-publish","format-standard","has-post-thumbnail","category-sport"],"yoast_head":"<!-- This site is optimized with the Yoast SEO plugin v28.4 - https:\/\/yoast.com\/product\/yoast-seo-wordpress\/ -->\n<title>Terza giornata di circuito a Spresiano: la Sportivamente Belluno conferma i progressi - Bellunopress - Dolomiti<\/title>\n<meta name=\"robots\" content=\"index, follow, max-snippet:-1, max-image-preview:large, max-video-preview:-1\" \/>\n<link rel=\"canonical\" href=\"https:\/\/www.bellunopress.it\/fr\/2022\/02\/23\/terza-giornata-di-circuito-a-spresiano-la-sportivamente-belluno-conferma-i-progressi\/\" \/>\n<meta property=\"og:locale\" content=\"fr_FR\" \/>\n<meta property=\"og:type\" content=\"article\" \/>\n<meta property=\"og:title\" content=\"Terza giornata di circuito a Spresiano: la Sportivamente Belluno conferma i progressi - Bellunopress - Dolomiti\" \/>\n<meta property=\"og:description\" content=\"La Sportivamente Belluno ha affrontato con grinta e consapevolezza dei propri mezzi la terza giornata di gare di circuito, andata in scena nella piscina Spresiano. Nessun dubbio: la squadra \u00e8 in continuo miglioramento. Tra i giovani spicca la performance di Luca Odolo (2006), che nei 50 stile ha decretato il suo nuovo miglior tempo (25\u201d9) [&hellip;]\" \/>\n<meta property=\"og:url\" content=\"https:\/\/www.bellunopress.it\/fr\/2022\/02\/23\/terza-giornata-di-circuito-a-spresiano-la-sportivamente-belluno-conferma-i-progressi\/\" \/>\n<meta property=\"og:site_name\" content=\"Bellunopress - Dolomiti\" \/>\n<meta property=\"article:publisher\" content=\"https:\/\/www.facebook.com\/profile.php?id=100008943462799\" \/>\n<meta property=\"article:published_time\" content=\"2022-02-23T07:40:31+00:00\" \/>\n<meta property=\"og:image\" content=\"https:\/\/www.bellunopress.it\/wp-content\/uploads\/2020\/06\/piscina-belluno_edited.jpg\" \/>\n\t<meta property=\"og:image:width\" content=\"800\" \/>\n\t<meta property=\"og:image:height\" content=\"450\" \/>\n\t<meta property=\"og:image:type\" content=\"image\/jpeg\" \/>\n<meta name=\"author\" content=\"redazione\" \/>\n<meta name=\"twitter:card\" content=\"summary_large_image\" \/>\n<meta name=\"twitter:creator\" content=\"@bellunopress\" \/>\n<meta name=\"twitter:site\" content=\"@bellunopress\" \/>\n<meta name=\"twitter:label1\" content=\"\u00c9crit par\" \/>\n\t<meta name=\"twitter:data1\" content=\"redazione\" \/>\n\t<meta name=\"twitter:label2\" content=\"Dur\u00e9e de lecture estim\u00e9e\" \/>\n\t<meta name=\"twitter:data2\" content=\"2 minutes\" \/>\n<script type=\"application\/ld+json\" class=\"yoast-schema-graph\">{\"@context\":\"https:\\\/\\\/schema.org\",\"@graph\":[{\"@type\":\"Article\",\"@id\":\"https:\\\/\\\/www.bellunopress.it\\\/2022\\\/02\\\/23\\\/terza-giornata-di-circuito-a-spresiano-la-sportivamente-belluno-conferma-i-progressi\\\/#article\",\"isPartOf\":{\"@id\":\"https:\\\/\\\/www.bellunopress.it\\\/2022\\\/02\\\/23\\\/terza-giornata-di-circuito-a-spresiano-la-sportivamente-belluno-conferma-i-progressi\\\/\"},\"author\":{\"name\":\"redazione\",\"@id\":\"https:\\\/\\\/www.bellunopress.it\\\/#\\\/schema\\\/person\\\/79bb06722b37ece1c03d3e94beb30d73\"},\"headline\":\"Terza giornata di circuito a Spresiano: la Sportivamente Belluno conferma i progressi\",\"datePublished\":\"2022-02-23T07:40:31+00:00\",\"mainEntityOfPage\":{\"@id\":\"https:\\\/\\\/www.bellunopress.it\\\/2022\\\/02\\\/23\\\/terza-giornata-di-circuito-a-spresiano-la-sportivamente-belluno-conferma-i-progressi\\\/\"},\"wordCount\":267,\"publisher\":{\"@id\":\"https:\\\/\\\/www.bellunopress.it\\\/#organization\"},\"image\":{\"@id\":\"https:\\\/\\\/www.bellunopress.it\\\/2022\\\/02\\\/23\\\/terza-giornata-di-circuito-a-spresiano-la-sportivamente-belluno-conferma-i-progressi\\\/#primaryimage\"},\"thumbnailUrl\":\"https:\\\/\\\/www.bellunopress.it\\\/wp-content\\\/uploads\\\/2020\\\/06\\\/piscina-belluno_edited.jpg\",\"articleSection\":[\"Sport, tempo libero\"],\"inLanguage\":\"fr-FR\"},{\"@type\":\"WebPage\",\"@id\":\"https:\\\/\\\/www.bellunopress.it\\\/2022\\\/02\\\/23\\\/terza-giornata-di-circuito-a-spresiano-la-sportivamente-belluno-conferma-i-progressi\\\/\",\"url\":\"https:\\\/\\\/www.bellunopress.it\\\/2022\\\/02\\\/23\\\/terza-giornata-di-circuito-a-spresiano-la-sportivamente-belluno-conferma-i-progressi\\\/\",\"name\":\"Terza giornata di circuito a Spresiano: la Sportivamente Belluno conferma i progressi - Bellunopress - Dolomiti\",\"isPartOf\":{\"@id\":\"https:\\\/\\\/www.bellunopress.it\\\/#website\"},\"primaryImageOfPage\":{\"@id\":\"https:\\\/\\\/www.bellunopress.it\\\/2022\\\/02\\\/23\\\/terza-giornata-di-circuito-a-spresiano-la-sportivamente-belluno-conferma-i-progressi\\\/#primaryimage\"},\"image\":{\"@id\":\"https:\\\/\\\/www.bellunopress.it\\\/2022\\\/02\\\/23\\\/terza-giornata-di-circuito-a-spresiano-la-sportivamente-belluno-conferma-i-progressi\\\/#primaryimage\"},\"thumbnailUrl\":\"https:\\\/\\\/www.bellunopress.it\\\/wp-content\\\/uploads\\\/2020\\\/06\\\/piscina-belluno_edited.jpg\",\"datePublished\":\"2022-02-23T07:40:31+00:00\",\"breadcrumb\":{\"@id\":\"https:\\\/\\\/www.bellunopress.it\\\/2022\\\/02\\\/23\\\/terza-giornata-di-circuito-a-spresiano-la-sportivamente-belluno-conferma-i-progressi\\\/#breadcrumb\"},\"inLanguage\":\"fr-FR\",\"potentialAction\":[{\"@type\":\"ReadAction\",\"target\":[\"https:\\\/\\\/www.bellunopress.it\\\/2022\\\/02\\\/23\\\/terza-giornata-di-circuito-a-spresiano-la-sportivamente-belluno-conferma-i-progressi\\\/\"]}]},{\"@type\":\"ImageObject\",\"inLanguage\":\"fr-FR\",\"@id\":\"https:\\\/\\\/www.bellunopress.it\\\/2022\\\/02\\\/23\\\/terza-giornata-di-circuito-a-spresiano-la-sportivamente-belluno-conferma-i-progressi\\\/#primaryimage\",\"url\":\"https:\\\/\\\/www.bellunopress.it\\\/wp-content\\\/uploads\\\/2020\\\/06\\\/piscina-belluno_edited.jpg\",\"contentUrl\":\"https:\\\/\\\/www.bellunopress.it\\\/wp-content\\\/uploads\\\/2020\\\/06\\\/piscina-belluno_edited.jpg\",\"width\":800,\"height\":450},{\"@type\":\"BreadcrumbList\",\"@id\":\"https:\\\/\\\/www.bellunopress.it\\\/2022\\\/02\\\/23\\\/terza-giornata-di-circuito-a-spresiano-la-sportivamente-belluno-conferma-i-progressi\\\/#breadcrumb\",\"itemListElement\":[{\"@type\":\"ListItem\",\"position\":1,\"name\":\"Home\",\"item\":\"https:\\\/\\\/www.bellunopress.it\\\/\"},{\"@type\":\"ListItem\",\"position\":2,\"name\":\"Terza giornata di circuito a Spresiano: la Sportivamente Belluno conferma i progressi\"}]},{\"@type\":\"WebSite\",\"@id\":\"https:\\\/\\\/www.bellunopress.it\\\/#website\",\"url\":\"https:\\\/\\\/www.bellunopress.it\\\/\",\"name\":\"Bellunopress - Dolomiti\",\"description\":\"e-mail: redazione@bellunopress.it\",\"publisher\":{\"@id\":\"https:\\\/\\\/www.bellunopress.it\\\/#organization\"},\"potentialAction\":[{\"@type\":\"SearchAction\",\"target\":{\"@type\":\"EntryPoint\",\"urlTemplate\":\"https:\\\/\\\/www.bellunopress.it\\\/?s={search_term_string}\"},\"query-input\":{\"@type\":\"PropertyValueSpecification\",\"valueRequired\":true,\"valueName\":\"search_term_string\"}}],\"inLanguage\":\"fr-FR\"},{\"@type\":\"Organization\",\"@id\":\"https:\\\/\\\/www.bellunopress.it\\\/#organization\",\"name\":\"Bellunopress\",\"url\":\"https:\\\/\\\/www.bellunopress.it\\\/\",\"logo\":{\"@type\":\"ImageObject\",\"inLanguage\":\"fr-FR\",\"@id\":\"https:\\\/\\\/www.bellunopress.it\\\/#\\\/schema\\\/logo\\\/image\\\/\",\"url\":\"https:\\\/\\\/www.bellunopress.it\\\/wp-content\\\/uploads\\\/2011\\\/05\\\/cropped-logo-bellunopress-.jpg\",\"contentUrl\":\"https:\\\/\\\/www.bellunopress.it\\\/wp-content\\\/uploads\\\/2011\\\/05\\\/cropped-logo-bellunopress-.jpg\",\"width\":512,\"height\":512,\"caption\":\"Bellunopress\"},\"image\":{\"@id\":\"https:\\\/\\\/www.bellunopress.it\\\/#\\\/schema\\\/logo\\\/image\\\/\"},\"sameAs\":[\"https:\\\/\\\/www.facebook.com\\\/profile.php?id=100008943462799\",\"https:\\\/\\\/x.com\\\/bellunopress\",\"https:\\\/\\\/www.linkedin.com\\\/hp\\\/?dnr=JBzUWaJfMUw8vbXJJ2tVW5-I3jZKvC4wsoxE&amp;amp;amp;amp;amp;amp;trk=nav_responsive_tab_home\",\"https:\\\/\\\/www.youtube.com\\\/channel\\\/UCxL0wu1uN0_3_7hGG0306cw\"]},{\"@type\":\"Person\",\"@id\":\"https:\\\/\\\/www.bellunopress.it\\\/#\\\/schema\\\/person\\\/79bb06722b37ece1c03d3e94beb30d73\",\"name\":\"redazione\",\"image\":{\"@type\":\"ImageObject\",\"inLanguage\":\"fr-FR\",\"@id\":\"https:\\\/\\\/secure.gravatar.com\\\/avatar\\\/37d968a2e67a6fd04c169c4bdef102d0bc5d31b2546345219e348575eb80e9a0?s=96&d=mm&r=g\",\"url\":\"https:\\\/\\\/secure.gravatar.com\\\/avatar\\\/37d968a2e67a6fd04c169c4bdef102d0bc5d31b2546345219e348575eb80e9a0?s=96&d=mm&r=g\",\"contentUrl\":\"https:\\\/\\\/secure.gravatar.com\\\/avatar\\\/37d968a2e67a6fd04c169c4bdef102d0bc5d31b2546345219e348575eb80e9a0?s=96&d=mm&r=g\",\"caption\":\"redazione\"},\"sameAs\":[\"http:\\\/\\\/www.bellunopress.it\",\"https:\\\/\\\/x.com\\\/bellunopress\"],\"url\":\"https:\\\/\\\/www.bellunopress.it\\\/fr\\\/author\\\/redazione\\\/\"}]}<\/script>\n<!-- \/ Yoast SEO plugin. -->","yoast_head_json":{"title":"Terza giornata di circuito a Spresiano: la Sportivamente Belluno conferma i progressi - Bellunopress - Dolomiti","robots":{"index":"index","follow":"follow","max-snippet":"max-snippet:-1","max-image-preview":"max-image-preview:large","max-video-preview":"max-video-preview:-1"},"canonical":"https:\/\/www.bellunopress.it\/fr\/2022\/02\/23\/terza-giornata-di-circuito-a-spresiano-la-sportivamente-belluno-conferma-i-progressi\/","og_locale":"fr_FR","og_type":"article","og_title":"Terza giornata di circuito a Spresiano: la Sportivamente Belluno conferma i progressi - Bellunopress - Dolomiti","og_description":"La Sportivamente Belluno ha affrontato con grinta e consapevolezza dei propri mezzi la terza giornata di gare di circuito, andata in scena nella piscina Spresiano. Nessun dubbio: la squadra \u00e8 in continuo miglioramento. Tra i giovani spicca la performance di Luca Odolo (2006), che nei 50 stile ha decretato il suo nuovo miglior tempo (25\u201d9) [&hellip;]","og_url":"https:\/\/www.bellunopress.it\/fr\/2022\/02\/23\/terza-giornata-di-circuito-a-spresiano-la-sportivamente-belluno-conferma-i-progressi\/","og_site_name":"Bellunopress - Dolomiti","article_publisher":"https:\/\/www.facebook.com\/profile.php?id=100008943462799","article_published_time":"2022-02-23T07:40:31+00:00","og_image":[{"width":800,"height":450,"url":"https:\/\/www.bellunopress.it\/wp-content\/uploads\/2020\/06\/piscina-belluno_edited.jpg","type":"image\/jpeg"}],"author":"redazione","twitter_card":"summary_large_image","twitter_creator":"@bellunopress","twitter_site":"@bellunopress","twitter_misc":{"\u00c9crit par":"redazione","Dur\u00e9e de lecture estim\u00e9e":"2 minutes"},"schema":{"@context":"https:\/\/schema.org","@graph":[{"@type":"Article","@id":"https:\/\/www.bellunopress.it\/2022\/02\/23\/terza-giornata-di-circuito-a-spresiano-la-sportivamente-belluno-conferma-i-progressi\/#article","isPartOf":{"@id":"https:\/\/www.bellunopress.it\/2022\/02\/23\/terza-giornata-di-circuito-a-spresiano-la-sportivamente-belluno-conferma-i-progressi\/"},"author":{"name":"redazione","@id":"https:\/\/www.bellunopress.it\/#\/schema\/person\/79bb06722b37ece1c03d3e94beb30d73"},"headline":"Terza giornata di circuito a Spresiano: la Sportivamente Belluno conferma i progressi","datePublished":"2022-02-23T07:40:31+00:00","mainEntityOfPage":{"@id":"https:\/\/www.bellunopress.it\/2022\/02\/23\/terza-giornata-di-circuito-a-spresiano-la-sportivamente-belluno-conferma-i-progressi\/"},"wordCount":267,"publisher":{"@id":"https:\/\/www.bellunopress.it\/#organization"},"image":{"@id":"https:\/\/www.bellunopress.it\/2022\/02\/23\/terza-giornata-di-circuito-a-spresiano-la-sportivamente-belluno-conferma-i-progressi\/#primaryimage"},"thumbnailUrl":"https:\/\/www.bellunopress.it\/wp-content\/uploads\/2020\/06\/piscina-belluno_edited.jpg","articleSection":["Sport, tempo libero"],"inLanguage":"fr-FR"},{"@type":"WebPage","@id":"https:\/\/www.bellunopress.it\/2022\/02\/23\/terza-giornata-di-circuito-a-spresiano-la-sportivamente-belluno-conferma-i-progressi\/","url":"https:\/\/www.bellunopress.it\/2022\/02\/23\/terza-giornata-di-circuito-a-spresiano-la-sportivamente-belluno-conferma-i-progressi\/","name":"Terza giornata di circuito a Spresiano: la Sportivamente Belluno conferma i progressi - Bellunopress - Dolomiti","isPartOf":{"@id":"https:\/\/www.bellunopress.it\/#website"},"primaryImageOfPage":{"@id":"https:\/\/www.bellunopress.it\/2022\/02\/23\/terza-giornata-di-circuito-a-spresiano-la-sportivamente-belluno-conferma-i-progressi\/#primaryimage"},"image":{"@id":"https:\/\/www.bellunopress.it\/2022\/02\/23\/terza-giornata-di-circuito-a-spresiano-la-sportivamente-belluno-conferma-i-progressi\/#primaryimage"},"thumbnailUrl":"https:\/\/www.bellunopress.it\/wp-content\/uploads\/2020\/06\/piscina-belluno_edited.jpg","datePublished":"2022-02-23T07:40:31+00:00","breadcrumb":{"@id":"https:\/\/www.bellunopress.it\/2022\/02\/23\/terza-giornata-di-circuito-a-spresiano-la-sportivamente-belluno-conferma-i-progressi\/#breadcrumb"},"inLanguage":"fr-FR","potentialAction":[{"@type":"ReadAction","target":["https:\/\/www.bellunopress.it\/2022\/02\/23\/terza-giornata-di-circuito-a-spresiano-la-sportivamente-belluno-conferma-i-progressi\/"]}]},{"@type":"ImageObject","inLanguage":"fr-FR","@id":"https:\/\/www.bellunopress.it\/2022\/02\/23\/terza-giornata-di-circuito-a-spresiano-la-sportivamente-belluno-conferma-i-progressi\/#primaryimage","url":"https:\/\/www.bellunopress.it\/wp-content\/uploads\/2020\/06\/piscina-belluno_edited.jpg","contentUrl":"https:\/\/www.bellunopress.it\/wp-content\/uploads\/2020\/06\/piscina-belluno_edited.jpg","width":800,"height":450},{"@type":"BreadcrumbList","@id":"https:\/\/www.bellunopress.it\/2022\/02\/23\/terza-giornata-di-circuito-a-spresiano-la-sportivamente-belluno-conferma-i-progressi\/#breadcrumb","itemListElement":[{"@type":"ListItem","position":1,"name":"Home","item":"https:\/\/www.bellunopress.it\/"},{"@type":"ListItem","position":2,"name":"Terza giornata di circuito a Spresiano: la Sportivamente Belluno conferma i progressi"}]},{"@type":"WebSite","@id":"https:\/\/www.bellunopress.it\/#website","url":"https:\/\/www.bellunopress.it\/","name":"Bellunopress - Dolomiti","description":"e-mail: redazione@bellunopress.it","publisher":{"@id":"https:\/\/www.bellunopress.it\/#organization"},"potentialAction":[{"@type":"SearchAction","target":{"@type":"EntryPoint","urlTemplate":"https:\/\/www.bellunopress.it\/?s={search_term_string}"},"query-input":{"@type":"PropertyValueSpecification","valueRequired":true,"valueName":"search_term_string"}}],"inLanguage":"fr-FR"},{"@type":"Organization","@id":"https:\/\/www.bellunopress.it\/#organization","name":"Bellunopress","url":"https:\/\/www.bellunopress.it\/","logo":{"@type":"ImageObject","inLanguage":"fr-FR","@id":"https:\/\/www.bellunopress.it\/#\/schema\/logo\/image\/","url":"https:\/\/www.bellunopress.it\/wp-content\/uploads\/2011\/05\/cropped-logo-bellunopress-.jpg","contentUrl":"https:\/\/www.bellunopress.it\/wp-content\/uploads\/2011\/05\/cropped-logo-bellunopress-.jpg","width":512,"height":512,"caption":"Bellunopress"},"image":{"@id":"https:\/\/www.bellunopress.it\/#\/schema\/logo\/image\/"},"sameAs":["https:\/\/www.facebook.com\/profile.php?id=100008943462799","https:\/\/x.com\/bellunopress","https:\/\/www.linkedin.com\/hp\/?dnr=JBzUWaJfMUw8vbXJJ2tVW5-I3jZKvC4wsoxE&amp;amp;amp;amp;amp;amp;trk=nav_responsive_tab_home","https:\/\/www.youtube.com\/channel\/UCxL0wu1uN0_3_7hGG0306cw"]},{"@type":"Person","@id":"https:\/\/www.bellunopress.it\/#\/schema\/person\/79bb06722b37ece1c03d3e94beb30d73","name":"r\u00e9daction","image":{"@type":"ImageObject","inLanguage":"fr-FR","@id":"https:\/\/secure.gravatar.com\/avatar\/37d968a2e67a6fd04c169c4bdef102d0bc5d31b2546345219e348575eb80e9a0?s=96&d=mm&r=g","url":"https:\/\/secure.gravatar.com\/avatar\/37d968a2e67a6fd04c169c4bdef102d0bc5d31b2546345219e348575eb80e9a0?s=96&d=mm&r=g","contentUrl":"https:\/\/secure.gravatar.com\/avatar\/37d968a2e67a6fd04c169c4bdef102d0bc5d31b2546345219e348575eb80e9a0?s=96&d=mm&r=g","caption":"redazione"},"sameAs":["http:\/\/www.bellunopress.it","https:\/\/x.com\/bellunopress"],"url":"https:\/\/www.bellunopress.it\/fr\/author\/redazione\/"}]}},"_links":{"self":[{"href":"https:\/\/www.bellunopress.it\/fr\/wp-json\/wp\/v2\/posts\/131587","targetHints":{"allow":["GET"]}}],"collection":[{"href":"https:\/\/www.bellunopress.it\/fr\/wp-json\/wp\/v2\/posts"}],"about":[{"href":"https:\/\/www.bellunopress.it\/fr\/wp-json\/wp\/v2\/types\/post"}],"author":[{"embeddable":true,"href":"https:\/\/www.bellunopress.it\/fr\/wp-json\/wp\/v2\/users\/2"}],"replies":[{"embeddable":true,"href":"https:\/\/www.bellunopress.it\/fr\/wp-json\/wp\/v2\/comments?post=131587"}],"version-history":[{"count":1,"href":"https:\/\/www.bellunopress.it\/fr\/wp-json\/wp\/v2\/posts\/131587\/revisions"}],"predecessor-version":[{"id":131588,"href":"https:\/\/www.bellunopress.it\/fr\/wp-json\/wp\/v2\/posts\/131587\/revisions\/131588"}],"wp:featuredmedia":[{"embeddable":true,"href":"https:\/\/www.bellunopress.it\/fr\/wp-json\/wp\/v2\/media\/115380"}],"wp:attachment":[{"href":"https:\/\/www.bellunopress.it\/fr\/wp-json\/wp\/v2\/media?parent=131587"}],"wp:term":[{"taxonomy":"category","embeddable":true,"href":"https:\/\/www.bellunopress.it\/fr\/wp-json\/wp\/v2\/categories?post=131587"},{"taxonomy":"post_tag","embeddable":true,"href":"https:\/\/www.bellunopress.it\/fr\/wp-json\/wp\/v2\/tags?post=131587"}],"curies":[{"name":"wp","href":"https:\/\/api.w.org\/{rel}","templated":true}]}}