{"id":131565,"date":"2022-02-22T14:51:24","date_gmt":"2022-02-22T13:51:24","guid":{"rendered":"https:\/\/www.bellunopress.it\/?p=131565"},"modified":"2022-02-22T14:51:24","modified_gmt":"2022-02-22T13:51:24","slug":"gli-alpini-della-protezione-civile-mettono-a-disposizione-100-posti-letto-allex-caserma-zannettelli-per-i-ciclisti-della-granfondo-sportful-dolomiti-race","status":"publish","type":"post","link":"https:\/\/www.bellunopress.it\/fr\/2022\/02\/22\/gli-alpini-della-protezione-civile-mettono-a-disposizione-100-posti-letto-allex-caserma-zannettelli-per-i-ciclisti-della-granfondo-sportful-dolomiti-race\/","title":{"rendered":"Gli alpini della Protezione civile mettono a disposizione 100 posti letto all&#8217;ex caserma Zannettelli per i ciclisti della granfondo Sportful Dolomiti Race"},"content":{"rendered":"<figure id=\"attachment_130901\" aria-describedby=\"caption-attachment-130901\" style=\"width: 1000px\" class=\"wp-caption alignleft\"><img loading=\"lazy\" decoding=\"async\" class=\"size-full wp-image-130901\" src=\"https:\/\/www.bellunopress.it\/wp-content\/uploads\/2022\/01\/Caserma-Zannettelli_edited.jpg\" alt=\"\" width=\"1000\" height=\"750\" srcset=\"https:\/\/www.bellunopress.it\/wp-content\/uploads\/2022\/01\/Caserma-Zannettelli_edited.jpg 1000w, https:\/\/www.bellunopress.it\/wp-content\/uploads\/2022\/01\/Caserma-Zannettelli_edited-500x375.jpg 500w, https:\/\/www.bellunopress.it\/wp-content\/uploads\/2022\/01\/Caserma-Zannettelli_edited-696x522.jpg 696w, https:\/\/www.bellunopress.it\/wp-content\/uploads\/2022\/01\/Caserma-Zannettelli_edited-560x420.jpg 560w, https:\/\/www.bellunopress.it\/wp-content\/uploads\/2022\/01\/Caserma-Zannettelli_edited-80x60.jpg 80w, https:\/\/www.bellunopress.it\/wp-content\/uploads\/2022\/01\/Caserma-Zannettelli_edited-265x198.jpg 265w\" sizes=\"auto, (max-width: 1000px) 100vw, 1000px\" \/><figcaption id=\"caption-attachment-130901\" class=\"wp-caption-text\">Caserma &#8220;Zannettelli&#8221; &#8211; Feltre<\/figcaption><\/figure>\n<p>Alberghi e bad&amp;breakfast del Feltrino e Valbelluna sembrano non avere pi\u00f9 camere libere per i ciclisti che partecipano alla granfondo Sportful Dolomiti Race a meno che non prenotino per almeno 3 notti. Un bel problema per chi organizza un evento con migliaia di sportivi da tutto il mondo.<\/p>\n<p>Come nelle storie pi\u00f9 belle in soccorso della societ\u00e0 organizzatrice, il Pedale Feltrino, \u00e8 arrivata la Protezione Civile- Ana Alpini di Feltre: per la Sportful Dolomiti Race metter\u00e0 a disposizione 100 posti letto sfruttando le camerate della sede nell&#8217;ex caserma Zannettelli di Feltre.<\/p>\n<p>&#8220;Un&#8217;autentica boccata di ossigeno per i tantissimi ciclisti che a met\u00e0 giugno vengono a pedalare sulle nostre bellissime salite&#8221; spiega Ivan Piol, presidente del comitato organizzatore che lamenta una nuova difficolt\u00e0 da superare: la disponibilit\u00e0 di camere per una sola notte per chi partecipa alla manifestazione. Un problema che rischia di mettere in difficolt\u00e0 le potenzialit\u00e0 di crescita dell&#8217;evento stesso.<\/p>\n<p>&#8220;Ci stanno arrivando molte lamentele perch\u00e9 dormire a Feltre e Valbelluna \u00e8 impossibile. A dire il vero i posti letto non mancano ma vengono accettate solo prenotazioni per pi\u00f9 notti e quindi chi non pu\u00f2 permettersi pi\u00f9 giorni di ferie o non accetta di sostenere i costi esorbitanti richiesti, decide di non iscriversi alla granfondo. Ringraziamo i vicini del comprensorio del Primiero che da anni offrono prezzi convenzionati, un servizio di bike hotel organizzati, addirittura la possibilit\u00e0 di avere il pacco gara direttamente in camera. Quest&#8217;anno addirittura organizzano anche i transfer la mattina e il pomeriggio per raggiungere Feltre. L&#8217;altra alternativa \u00e8 che i ciclisti prenotino molto piu lontano tra Valdobbiadene, Montebelluna e Bassano del Grappa&#8221;.<\/p>\n<p>La situazione difficile \u00e8 stata interpretata come una sorta di richiesta di aiuto che \u00e8 arrivata alle orecchie degli amici dell&#8217;Ana &#8211; Protezione Civile che in questi anni hanno fatto importanti lavori di sistemazione della parte della caserma Zanettelli a loro destinata e creato delle camerate con letti a castello per le loro adunate o esercitazioni.<\/p>\n<p>Ci \u00e8 voluto pochissimo per capire le esigenze dei ciclisti e l&#8217;accordo \u00e8 stato fatto: le camerate saranno messe a disposizione dei ciclisti che non trovano alloggio con la possibilit\u00e0 di avere anche parcheggio interno per le auto e per le biciclette, raggiungere comodamente in bicicletta la zona di partenza e arrivo, di fare una colazione da ciclista il mattino della gara alle 5, il tutto nel pieno rispetto delle normative anticovid.<\/p>\n<p>Un servizio completamente gestito dalla protezione civile attraverso un servizio di segreteria ad hoc: dolomitiracepcfeltre@gmail.com<br \/>\nAlla notizia i primi ciclisti, da Roma e dall&#8217;Emilia, si sono gi\u00e0 mossi.<\/p>","protected":false},"excerpt":{"rendered":"<p>Alberghi e bad&amp;breakfast del Feltrino e Valbelluna sembrano non avere pi\u00f9 camere libere per i ciclisti che partecipano alla granfondo Sportful Dolomiti Race a meno che non prenotino per almeno 3 notti. Un bel problema per chi organizza un evento con migliaia di sportivi da tutto il mondo. Come nelle storie pi\u00f9 belle in soccorso [&hellip;]<\/p>\n","protected":false},"author":2,"featured_media":130901,"comment_status":"closed","ping_status":"open","sticky":false,"template":"","format":"standard","meta":{"footnotes":""},"categories":[26,8,4],"tags":[],"class_list":["post-131565","post","type-post","status-publish","format-standard","has-post-thumbnail","category-prima-pagina","category-societa-istituzioni","category-sport"],"yoast_head":"<!-- This site is optimized with the Yoast SEO plugin v28.4 - https:\/\/yoast.com\/product\/yoast-seo-wordpress\/ -->\n<title>Gli alpini della Protezione civile mettono a disposizione 100 posti letto all&#039;ex caserma Zannettelli per i ciclisti della granfondo Sportful Dolomiti Race - Bellunopress - Dolomiti<\/title>\n<meta name=\"robots\" content=\"index, follow, max-snippet:-1, max-image-preview:large, max-video-preview:-1\" \/>\n<link rel=\"canonical\" href=\"https:\/\/www.bellunopress.it\/fr\/2022\/02\/22\/gli-alpini-della-protezione-civile-mettono-a-disposizione-100-posti-letto-allex-caserma-zannettelli-per-i-ciclisti-della-granfondo-sportful-dolomiti-race\/\" \/>\n<meta property=\"og:locale\" content=\"fr_FR\" \/>\n<meta property=\"og:type\" content=\"article\" \/>\n<meta property=\"og:title\" content=\"Gli alpini della Protezione civile mettono a disposizione 100 posti letto all&#039;ex caserma Zannettelli per i ciclisti della granfondo Sportful Dolomiti Race - Bellunopress - Dolomiti\" \/>\n<meta property=\"og:description\" content=\"Alberghi e bad&amp;breakfast del Feltrino e Valbelluna sembrano non avere pi\u00f9 camere libere per i ciclisti che partecipano alla granfondo Sportful Dolomiti Race a meno che non prenotino per almeno 3 notti. Un bel problema per chi organizza un evento con migliaia di sportivi da tutto il mondo. Come nelle storie pi\u00f9 belle in soccorso [&hellip;]\" \/>\n<meta property=\"og:url\" content=\"https:\/\/www.bellunopress.it\/fr\/2022\/02\/22\/gli-alpini-della-protezione-civile-mettono-a-disposizione-100-posti-letto-allex-caserma-zannettelli-per-i-ciclisti-della-granfondo-sportful-dolomiti-race\/\" \/>\n<meta property=\"og:site_name\" content=\"Bellunopress - Dolomiti\" \/>\n<meta property=\"article:publisher\" content=\"https:\/\/www.facebook.com\/profile.php?id=100008943462799\" \/>\n<meta property=\"article:published_time\" content=\"2022-02-22T13:51:24+00:00\" \/>\n<meta property=\"og:image\" content=\"https:\/\/www.bellunopress.it\/wp-content\/uploads\/2022\/01\/Caserma-Zannettelli_edited.jpg\" \/>\n\t<meta property=\"og:image:width\" content=\"1000\" \/>\n\t<meta property=\"og:image:height\" content=\"750\" \/>\n\t<meta property=\"og:image:type\" content=\"image\/jpeg\" \/>\n<meta name=\"author\" content=\"redazione\" \/>\n<meta name=\"twitter:card\" content=\"summary_large_image\" \/>\n<meta name=\"twitter:creator\" content=\"@bellunopress\" \/>\n<meta name=\"twitter:site\" content=\"@bellunopress\" \/>\n<meta name=\"twitter:label1\" content=\"\u00c9crit par\" \/>\n\t<meta name=\"twitter:data1\" content=\"redazione\" \/>\n\t<meta name=\"twitter:label2\" content=\"Dur\u00e9e de lecture estim\u00e9e\" \/>\n\t<meta name=\"twitter:data2\" content=\"3 minutes\" \/>\n<script type=\"application\/ld+json\" class=\"yoast-schema-graph\">{\"@context\":\"https:\\\/\\\/schema.org\",\"@graph\":[{\"@type\":\"Article\",\"@id\":\"https:\\\/\\\/www.bellunopress.it\\\/2022\\\/02\\\/22\\\/gli-alpini-della-protezione-civile-mettono-a-disposizione-100-posti-letto-allex-caserma-zannettelli-per-i-ciclisti-della-granfondo-sportful-dolomiti-race\\\/#article\",\"isPartOf\":{\"@id\":\"https:\\\/\\\/www.bellunopress.it\\\/2022\\\/02\\\/22\\\/gli-alpini-della-protezione-civile-mettono-a-disposizione-100-posti-letto-allex-caserma-zannettelli-per-i-ciclisti-della-granfondo-sportful-dolomiti-race\\\/\"},\"author\":{\"name\":\"redazione\",\"@id\":\"https:\\\/\\\/www.bellunopress.it\\\/#\\\/schema\\\/person\\\/79bb06722b37ece1c03d3e94beb30d73\"},\"headline\":\"Gli alpini della Protezione civile mettono a disposizione 100 posti letto all&#8217;ex caserma Zannettelli per i ciclisti della granfondo Sportful Dolomiti Race\",\"datePublished\":\"2022-02-22T13:51:24+00:00\",\"mainEntityOfPage\":{\"@id\":\"https:\\\/\\\/www.bellunopress.it\\\/2022\\\/02\\\/22\\\/gli-alpini-della-protezione-civile-mettono-a-disposizione-100-posti-letto-allex-caserma-zannettelli-per-i-ciclisti-della-granfondo-sportful-dolomiti-race\\\/\"},\"wordCount\":458,\"publisher\":{\"@id\":\"https:\\\/\\\/www.bellunopress.it\\\/#organization\"},\"image\":{\"@id\":\"https:\\\/\\\/www.bellunopress.it\\\/2022\\\/02\\\/22\\\/gli-alpini-della-protezione-civile-mettono-a-disposizione-100-posti-letto-allex-caserma-zannettelli-per-i-ciclisti-della-granfondo-sportful-dolomiti-race\\\/#primaryimage\"},\"thumbnailUrl\":\"https:\\\/\\\/www.bellunopress.it\\\/wp-content\\\/uploads\\\/2022\\\/01\\\/Caserma-Zannettelli_edited.jpg\",\"articleSection\":[\"Prima Pagina\",\"Societ\u00e0, Associazioni, Istituzioni\",\"Sport, tempo libero\"],\"inLanguage\":\"fr-FR\"},{\"@type\":\"WebPage\",\"@id\":\"https:\\\/\\\/www.bellunopress.it\\\/2022\\\/02\\\/22\\\/gli-alpini-della-protezione-civile-mettono-a-disposizione-100-posti-letto-allex-caserma-zannettelli-per-i-ciclisti-della-granfondo-sportful-dolomiti-race\\\/\",\"url\":\"https:\\\/\\\/www.bellunopress.it\\\/2022\\\/02\\\/22\\\/gli-alpini-della-protezione-civile-mettono-a-disposizione-100-posti-letto-allex-caserma-zannettelli-per-i-ciclisti-della-granfondo-sportful-dolomiti-race\\\/\",\"name\":\"Gli alpini della Protezione civile mettono a disposizione 100 posti letto all'ex caserma Zannettelli per i ciclisti della granfondo Sportful Dolomiti Race - Bellunopress - Dolomiti\",\"isPartOf\":{\"@id\":\"https:\\\/\\\/www.bellunopress.it\\\/#website\"},\"primaryImageOfPage\":{\"@id\":\"https:\\\/\\\/www.bellunopress.it\\\/2022\\\/02\\\/22\\\/gli-alpini-della-protezione-civile-mettono-a-disposizione-100-posti-letto-allex-caserma-zannettelli-per-i-ciclisti-della-granfondo-sportful-dolomiti-race\\\/#primaryimage\"},\"image\":{\"@id\":\"https:\\\/\\\/www.bellunopress.it\\\/2022\\\/02\\\/22\\\/gli-alpini-della-protezione-civile-mettono-a-disposizione-100-posti-letto-allex-caserma-zannettelli-per-i-ciclisti-della-granfondo-sportful-dolomiti-race\\\/#primaryimage\"},\"thumbnailUrl\":\"https:\\\/\\\/www.bellunopress.it\\\/wp-content\\\/uploads\\\/2022\\\/01\\\/Caserma-Zannettelli_edited.jpg\",\"datePublished\":\"2022-02-22T13:51:24+00:00\",\"breadcrumb\":{\"@id\":\"https:\\\/\\\/www.bellunopress.it\\\/2022\\\/02\\\/22\\\/gli-alpini-della-protezione-civile-mettono-a-disposizione-100-posti-letto-allex-caserma-zannettelli-per-i-ciclisti-della-granfondo-sportful-dolomiti-race\\\/#breadcrumb\"},\"inLanguage\":\"fr-FR\",\"potentialAction\":[{\"@type\":\"ReadAction\",\"target\":[\"https:\\\/\\\/www.bellunopress.it\\\/2022\\\/02\\\/22\\\/gli-alpini-della-protezione-civile-mettono-a-disposizione-100-posti-letto-allex-caserma-zannettelli-per-i-ciclisti-della-granfondo-sportful-dolomiti-race\\\/\"]}]},{\"@type\":\"ImageObject\",\"inLanguage\":\"fr-FR\",\"@id\":\"https:\\\/\\\/www.bellunopress.it\\\/2022\\\/02\\\/22\\\/gli-alpini-della-protezione-civile-mettono-a-disposizione-100-posti-letto-allex-caserma-zannettelli-per-i-ciclisti-della-granfondo-sportful-dolomiti-race\\\/#primaryimage\",\"url\":\"https:\\\/\\\/www.bellunopress.it\\\/wp-content\\\/uploads\\\/2022\\\/01\\\/Caserma-Zannettelli_edited.jpg\",\"contentUrl\":\"https:\\\/\\\/www.bellunopress.it\\\/wp-content\\\/uploads\\\/2022\\\/01\\\/Caserma-Zannettelli_edited.jpg\",\"width\":1000,\"height\":750,\"caption\":\"Caserma \\\"Zannettelli\\\" - Feltre\"},{\"@type\":\"BreadcrumbList\",\"@id\":\"https:\\\/\\\/www.bellunopress.it\\\/2022\\\/02\\\/22\\\/gli-alpini-della-protezione-civile-mettono-a-disposizione-100-posti-letto-allex-caserma-zannettelli-per-i-ciclisti-della-granfondo-sportful-dolomiti-race\\\/#breadcrumb\",\"itemListElement\":[{\"@type\":\"ListItem\",\"position\":1,\"name\":\"Home\",\"item\":\"https:\\\/\\\/www.bellunopress.it\\\/\"},{\"@type\":\"ListItem\",\"position\":2,\"name\":\"Gli alpini della Protezione civile mettono a disposizione 100 posti letto all&#8217;ex caserma Zannettelli per i ciclisti della granfondo Sportful Dolomiti Race\"}]},{\"@type\":\"WebSite\",\"@id\":\"https:\\\/\\\/www.bellunopress.it\\\/#website\",\"url\":\"https:\\\/\\\/www.bellunopress.it\\\/\",\"name\":\"Bellunopress - Dolomiti\",\"description\":\"e-mail: redazione@bellunopress.it\",\"publisher\":{\"@id\":\"https:\\\/\\\/www.bellunopress.it\\\/#organization\"},\"potentialAction\":[{\"@type\":\"SearchAction\",\"target\":{\"@type\":\"EntryPoint\",\"urlTemplate\":\"https:\\\/\\\/www.bellunopress.it\\\/?s={search_term_string}\"},\"query-input\":{\"@type\":\"PropertyValueSpecification\",\"valueRequired\":true,\"valueName\":\"search_term_string\"}}],\"inLanguage\":\"fr-FR\"},{\"@type\":\"Organization\",\"@id\":\"https:\\\/\\\/www.bellunopress.it\\\/#organization\",\"name\":\"Bellunopress\",\"url\":\"https:\\\/\\\/www.bellunopress.it\\\/\",\"logo\":{\"@type\":\"ImageObject\",\"inLanguage\":\"fr-FR\",\"@id\":\"https:\\\/\\\/www.bellunopress.it\\\/#\\\/schema\\\/logo\\\/image\\\/\",\"url\":\"https:\\\/\\\/www.bellunopress.it\\\/wp-content\\\/uploads\\\/2011\\\/05\\\/cropped-logo-bellunopress-.jpg\",\"contentUrl\":\"https:\\\/\\\/www.bellunopress.it\\\/wp-content\\\/uploads\\\/2011\\\/05\\\/cropped-logo-bellunopress-.jpg\",\"width\":512,\"height\":512,\"caption\":\"Bellunopress\"},\"image\":{\"@id\":\"https:\\\/\\\/www.bellunopress.it\\\/#\\\/schema\\\/logo\\\/image\\\/\"},\"sameAs\":[\"https:\\\/\\\/www.facebook.com\\\/profile.php?id=100008943462799\",\"https:\\\/\\\/x.com\\\/bellunopress\",\"https:\\\/\\\/www.linkedin.com\\\/hp\\\/?dnr=JBzUWaJfMUw8vbXJJ2tVW5-I3jZKvC4wsoxE&amp;amp;amp;amp;amp;amp;trk=nav_responsive_tab_home\",\"https:\\\/\\\/www.youtube.com\\\/channel\\\/UCxL0wu1uN0_3_7hGG0306cw\"]},{\"@type\":\"Person\",\"@id\":\"https:\\\/\\\/www.bellunopress.it\\\/#\\\/schema\\\/person\\\/79bb06722b37ece1c03d3e94beb30d73\",\"name\":\"redazione\",\"image\":{\"@type\":\"ImageObject\",\"inLanguage\":\"fr-FR\",\"@id\":\"https:\\\/\\\/secure.gravatar.com\\\/avatar\\\/37d968a2e67a6fd04c169c4bdef102d0bc5d31b2546345219e348575eb80e9a0?s=96&d=mm&r=g\",\"url\":\"https:\\\/\\\/secure.gravatar.com\\\/avatar\\\/37d968a2e67a6fd04c169c4bdef102d0bc5d31b2546345219e348575eb80e9a0?s=96&d=mm&r=g\",\"contentUrl\":\"https:\\\/\\\/secure.gravatar.com\\\/avatar\\\/37d968a2e67a6fd04c169c4bdef102d0bc5d31b2546345219e348575eb80e9a0?s=96&d=mm&r=g\",\"caption\":\"redazione\"},\"sameAs\":[\"http:\\\/\\\/www.bellunopress.it\",\"https:\\\/\\\/x.com\\\/bellunopress\"],\"url\":\"https:\\\/\\\/www.bellunopress.it\\\/fr\\\/author\\\/redazione\\\/\"}]}<\/script>\n<!-- \/ Yoast SEO plugin. -->","yoast_head_json":{"title":"Gli alpini della Protezione civile mettono a disposizione 100 posti letto all'ex caserma Zannettelli per i ciclisti della granfondo Sportful Dolomiti Race - Bellunopress - Dolomiti","robots":{"index":"index","follow":"follow","max-snippet":"max-snippet:-1","max-image-preview":"max-image-preview:large","max-video-preview":"max-video-preview:-1"},"canonical":"https:\/\/www.bellunopress.it\/fr\/2022\/02\/22\/gli-alpini-della-protezione-civile-mettono-a-disposizione-100-posti-letto-allex-caserma-zannettelli-per-i-ciclisti-della-granfondo-sportful-dolomiti-race\/","og_locale":"fr_FR","og_type":"article","og_title":"Gli alpini della Protezione civile mettono a disposizione 100 posti letto all'ex caserma Zannettelli per i ciclisti della granfondo Sportful Dolomiti Race - Bellunopress - Dolomiti","og_description":"Alberghi e bad&amp;breakfast del Feltrino e Valbelluna sembrano non avere pi\u00f9 camere libere per i ciclisti che partecipano alla granfondo Sportful Dolomiti Race a meno che non prenotino per almeno 3 notti. Un bel problema per chi organizza un evento con migliaia di sportivi da tutto il mondo. Come nelle storie pi\u00f9 belle in soccorso [&hellip;]","og_url":"https:\/\/www.bellunopress.it\/fr\/2022\/02\/22\/gli-alpini-della-protezione-civile-mettono-a-disposizione-100-posti-letto-allex-caserma-zannettelli-per-i-ciclisti-della-granfondo-sportful-dolomiti-race\/","og_site_name":"Bellunopress - Dolomiti","article_publisher":"https:\/\/www.facebook.com\/profile.php?id=100008943462799","article_published_time":"2022-02-22T13:51:24+00:00","og_image":[{"width":1000,"height":750,"url":"https:\/\/www.bellunopress.it\/wp-content\/uploads\/2022\/01\/Caserma-Zannettelli_edited.jpg","type":"image\/jpeg"}],"author":"redazione","twitter_card":"summary_large_image","twitter_creator":"@bellunopress","twitter_site":"@bellunopress","twitter_misc":{"\u00c9crit par":"redazione","Dur\u00e9e de lecture estim\u00e9e":"3 minutes"},"schema":{"@context":"https:\/\/schema.org","@graph":[{"@type":"Article","@id":"https:\/\/www.bellunopress.it\/2022\/02\/22\/gli-alpini-della-protezione-civile-mettono-a-disposizione-100-posti-letto-allex-caserma-zannettelli-per-i-ciclisti-della-granfondo-sportful-dolomiti-race\/#article","isPartOf":{"@id":"https:\/\/www.bellunopress.it\/2022\/02\/22\/gli-alpini-della-protezione-civile-mettono-a-disposizione-100-posti-letto-allex-caserma-zannettelli-per-i-ciclisti-della-granfondo-sportful-dolomiti-race\/"},"author":{"name":"redazione","@id":"https:\/\/www.bellunopress.it\/#\/schema\/person\/79bb06722b37ece1c03d3e94beb30d73"},"headline":"Gli alpini della Protezione civile mettono a disposizione 100 posti letto all&#8217;ex caserma Zannettelli per i ciclisti della granfondo Sportful Dolomiti Race","datePublished":"2022-02-22T13:51:24+00:00","mainEntityOfPage":{"@id":"https:\/\/www.bellunopress.it\/2022\/02\/22\/gli-alpini-della-protezione-civile-mettono-a-disposizione-100-posti-letto-allex-caserma-zannettelli-per-i-ciclisti-della-granfondo-sportful-dolomiti-race\/"},"wordCount":458,"publisher":{"@id":"https:\/\/www.bellunopress.it\/#organization"},"image":{"@id":"https:\/\/www.bellunopress.it\/2022\/02\/22\/gli-alpini-della-protezione-civile-mettono-a-disposizione-100-posti-letto-allex-caserma-zannettelli-per-i-ciclisti-della-granfondo-sportful-dolomiti-race\/#primaryimage"},"thumbnailUrl":"https:\/\/www.bellunopress.it\/wp-content\/uploads\/2022\/01\/Caserma-Zannettelli_edited.jpg","articleSection":["Prima Pagina","Societ\u00e0, Associazioni, Istituzioni","Sport, tempo libero"],"inLanguage":"fr-FR"},{"@type":"WebPage","@id":"https:\/\/www.bellunopress.it\/2022\/02\/22\/gli-alpini-della-protezione-civile-mettono-a-disposizione-100-posti-letto-allex-caserma-zannettelli-per-i-ciclisti-della-granfondo-sportful-dolomiti-race\/","url":"https:\/\/www.bellunopress.it\/2022\/02\/22\/gli-alpini-della-protezione-civile-mettono-a-disposizione-100-posti-letto-allex-caserma-zannettelli-per-i-ciclisti-della-granfondo-sportful-dolomiti-race\/","name":"Gli alpini della Protezione civile mettono a disposizione 100 posti letto all'ex caserma Zannettelli per i ciclisti della granfondo Sportful Dolomiti Race - Bellunopress - Dolomiti","isPartOf":{"@id":"https:\/\/www.bellunopress.it\/#website"},"primaryImageOfPage":{"@id":"https:\/\/www.bellunopress.it\/2022\/02\/22\/gli-alpini-della-protezione-civile-mettono-a-disposizione-100-posti-letto-allex-caserma-zannettelli-per-i-ciclisti-della-granfondo-sportful-dolomiti-race\/#primaryimage"},"image":{"@id":"https:\/\/www.bellunopress.it\/2022\/02\/22\/gli-alpini-della-protezione-civile-mettono-a-disposizione-100-posti-letto-allex-caserma-zannettelli-per-i-ciclisti-della-granfondo-sportful-dolomiti-race\/#primaryimage"},"thumbnailUrl":"https:\/\/www.bellunopress.it\/wp-content\/uploads\/2022\/01\/Caserma-Zannettelli_edited.jpg","datePublished":"2022-02-22T13:51:24+00:00","breadcrumb":{"@id":"https:\/\/www.bellunopress.it\/2022\/02\/22\/gli-alpini-della-protezione-civile-mettono-a-disposizione-100-posti-letto-allex-caserma-zannettelli-per-i-ciclisti-della-granfondo-sportful-dolomiti-race\/#breadcrumb"},"inLanguage":"fr-FR","potentialAction":[{"@type":"ReadAction","target":["https:\/\/www.bellunopress.it\/2022\/02\/22\/gli-alpini-della-protezione-civile-mettono-a-disposizione-100-posti-letto-allex-caserma-zannettelli-per-i-ciclisti-della-granfondo-sportful-dolomiti-race\/"]}]},{"@type":"ImageObject","inLanguage":"fr-FR","@id":"https:\/\/www.bellunopress.it\/2022\/02\/22\/gli-alpini-della-protezione-civile-mettono-a-disposizione-100-posti-letto-allex-caserma-zannettelli-per-i-ciclisti-della-granfondo-sportful-dolomiti-race\/#primaryimage","url":"https:\/\/www.bellunopress.it\/wp-content\/uploads\/2022\/01\/Caserma-Zannettelli_edited.jpg","contentUrl":"https:\/\/www.bellunopress.it\/wp-content\/uploads\/2022\/01\/Caserma-Zannettelli_edited.jpg","width":1000,"height":750,"caption":"Caserma \"Zannettelli\" - Feltre"},{"@type":"BreadcrumbList","@id":"https:\/\/www.bellunopress.it\/2022\/02\/22\/gli-alpini-della-protezione-civile-mettono-a-disposizione-100-posti-letto-allex-caserma-zannettelli-per-i-ciclisti-della-granfondo-sportful-dolomiti-race\/#breadcrumb","itemListElement":[{"@type":"ListItem","position":1,"name":"Home","item":"https:\/\/www.bellunopress.it\/"},{"@type":"ListItem","position":2,"name":"Gli alpini della Protezione civile mettono a disposizione 100 posti letto all&#8217;ex caserma Zannettelli per i ciclisti della granfondo Sportful Dolomiti Race"}]},{"@type":"WebSite","@id":"https:\/\/www.bellunopress.it\/#website","url":"https:\/\/www.bellunopress.it\/","name":"Bellunopress - Dolomiti","description":"e-mail: redazione@bellunopress.it","publisher":{"@id":"https:\/\/www.bellunopress.it\/#organization"},"potentialAction":[{"@type":"SearchAction","target":{"@type":"EntryPoint","urlTemplate":"https:\/\/www.bellunopress.it\/?s={search_term_string}"},"query-input":{"@type":"PropertyValueSpecification","valueRequired":true,"valueName":"search_term_string"}}],"inLanguage":"fr-FR"},{"@type":"Organization","@id":"https:\/\/www.bellunopress.it\/#organization","name":"Bellunopress","url":"https:\/\/www.bellunopress.it\/","logo":{"@type":"ImageObject","inLanguage":"fr-FR","@id":"https:\/\/www.bellunopress.it\/#\/schema\/logo\/image\/","url":"https:\/\/www.bellunopress.it\/wp-content\/uploads\/2011\/05\/cropped-logo-bellunopress-.jpg","contentUrl":"https:\/\/www.bellunopress.it\/wp-content\/uploads\/2011\/05\/cropped-logo-bellunopress-.jpg","width":512,"height":512,"caption":"Bellunopress"},"image":{"@id":"https:\/\/www.bellunopress.it\/#\/schema\/logo\/image\/"},"sameAs":["https:\/\/www.facebook.com\/profile.php?id=100008943462799","https:\/\/x.com\/bellunopress","https:\/\/www.linkedin.com\/hp\/?dnr=JBzUWaJfMUw8vbXJJ2tVW5-I3jZKvC4wsoxE&amp;amp;amp;amp;amp;amp;trk=nav_responsive_tab_home","https:\/\/www.youtube.com\/channel\/UCxL0wu1uN0_3_7hGG0306cw"]},{"@type":"Person","@id":"https:\/\/www.bellunopress.it\/#\/schema\/person\/79bb06722b37ece1c03d3e94beb30d73","name":"r\u00e9daction","image":{"@type":"ImageObject","inLanguage":"fr-FR","@id":"https:\/\/secure.gravatar.com\/avatar\/37d968a2e67a6fd04c169c4bdef102d0bc5d31b2546345219e348575eb80e9a0?s=96&d=mm&r=g","url":"https:\/\/secure.gravatar.com\/avatar\/37d968a2e67a6fd04c169c4bdef102d0bc5d31b2546345219e348575eb80e9a0?s=96&d=mm&r=g","contentUrl":"https:\/\/secure.gravatar.com\/avatar\/37d968a2e67a6fd04c169c4bdef102d0bc5d31b2546345219e348575eb80e9a0?s=96&d=mm&r=g","caption":"redazione"},"sameAs":["http:\/\/www.bellunopress.it","https:\/\/x.com\/bellunopress"],"url":"https:\/\/www.bellunopress.it\/fr\/author\/redazione\/"}]}},"_links":{"self":[{"href":"https:\/\/www.bellunopress.it\/fr\/wp-json\/wp\/v2\/posts\/131565","targetHints":{"allow":["GET"]}}],"collection":[{"href":"https:\/\/www.bellunopress.it\/fr\/wp-json\/wp\/v2\/posts"}],"about":[{"href":"https:\/\/www.bellunopress.it\/fr\/wp-json\/wp\/v2\/types\/post"}],"author":[{"embeddable":true,"href":"https:\/\/www.bellunopress.it\/fr\/wp-json\/wp\/v2\/users\/2"}],"replies":[{"embeddable":true,"href":"https:\/\/www.bellunopress.it\/fr\/wp-json\/wp\/v2\/comments?post=131565"}],"version-history":[{"count":1,"href":"https:\/\/www.bellunopress.it\/fr\/wp-json\/wp\/v2\/posts\/131565\/revisions"}],"predecessor-version":[{"id":131566,"href":"https:\/\/www.bellunopress.it\/fr\/wp-json\/wp\/v2\/posts\/131565\/revisions\/131566"}],"wp:featuredmedia":[{"embeddable":true,"href":"https:\/\/www.bellunopress.it\/fr\/wp-json\/wp\/v2\/media\/130901"}],"wp:attachment":[{"href":"https:\/\/www.bellunopress.it\/fr\/wp-json\/wp\/v2\/media?parent=131565"}],"wp:term":[{"taxonomy":"category","embeddable":true,"href":"https:\/\/www.bellunopress.it\/fr\/wp-json\/wp\/v2\/categories?post=131565"},{"taxonomy":"post_tag","embeddable":true,"href":"https:\/\/www.bellunopress.it\/fr\/wp-json\/wp\/v2\/tags?post=131565"}],"curies":[{"name":"wp","href":"https:\/\/api.w.org\/{rel}","templated":true}]}}