{"id":131562,"date":"2022-02-22T14:44:09","date_gmt":"2022-02-22T13:44:09","guid":{"rendered":"https:\/\/www.bellunopress.it\/?p=131562"},"modified":"2022-02-22T14:44:09","modified_gmt":"2022-02-22T13:44:09","slug":"la-geopolitica-delle-democrazie-sabato-con-liberal-belluno-al-centro-congressi-in-piazza-piloni","status":"publish","type":"post","link":"https:\/\/www.bellunopress.it\/fr\/2022\/02\/22\/la-geopolitica-delle-democrazie-sabato-con-liberal-belluno-al-centro-congressi-in-piazza-piloni\/","title":{"rendered":"La geopolitica delle democrazie. Sabato con Liberal Belluno al Centro congressi in piazza Piloni"},"content":{"rendered":"<figure id=\"attachment_131563\" aria-describedby=\"caption-attachment-131563\" style=\"width: 1000px\" class=\"wp-caption alignleft\"><img loading=\"lazy\" decoding=\"async\" class=\"size-full wp-image-131563\" src=\"https:\/\/www.bellunopress.it\/wp-content\/uploads\/2022\/02\/Rosalba-Schenal-e-Carlo-Pelanda-Liberal-Belluno.jpg\" alt=\"\" width=\"1000\" height=\"932\" srcset=\"https:\/\/www.bellunopress.it\/wp-content\/uploads\/2022\/02\/Rosalba-Schenal-e-Carlo-Pelanda-Liberal-Belluno.jpg 1000w, https:\/\/www.bellunopress.it\/wp-content\/uploads\/2022\/02\/Rosalba-Schenal-e-Carlo-Pelanda-Liberal-Belluno-500x466.jpg 500w, https:\/\/www.bellunopress.it\/wp-content\/uploads\/2022\/02\/Rosalba-Schenal-e-Carlo-Pelanda-Liberal-Belluno-696x649.jpg 696w, https:\/\/www.bellunopress.it\/wp-content\/uploads\/2022\/02\/Rosalba-Schenal-e-Carlo-Pelanda-Liberal-Belluno-451x420.jpg 451w\" sizes=\"auto, (max-width: 1000px) 100vw, 1000px\" \/><figcaption id=\"caption-attachment-131563\" class=\"wp-caption-text\">Rosalba Schenal presidente di Liberal Belluno e il professor Carlo Pelanda<\/figcaption><\/figure>\n<p>Gianandrea Gaiani, responsabile Analisi Difesa e opinionista di radio e Tv nazionali e Carlo Pelanda, professore di Economia e Geopolitica all&#8217;Universit\u00e0 G. Marconi di Roma e membro di Oxonia &#8211; Oxford saranno i relatori dell&#8217;incontro promosso dall&#8217;Associazione Liberal Belluno sabato 26 febbraio 2022 alle ore 17:30 al Centro congressi Giovanni 23mo in piazza Piloni di Belluno. Conduce l&#8217;incontro Carlo Felice Dalla Pasqua capocronista del Gazzettino di Belluno.<\/p>\n<p>La rivoluzione democratica \u00e8 definibile come &#8221; trasferimento di poteri e facolt\u00e0 dai pochi ai molti &#8220;. La prima fase \u00e8 stato il trasferimento graduale, in secoli, del potere politico delle aristocrazie ai cittadini comuni. Ambedue, dopo aver raggiunto nella seconda met\u00e0 del XX secolo una tendenza verso la completezza nell&#8217;area euroamericana, hanno iniziato una regressione che \u00e8 visibile nei primi decenni del XXI secolo. Non tanto o solo per le crisi di contingenza, ma per l&#8217;inadeguatezza dei modelli politici ed economici: c&#8217;\u00e8 un problema di struttura. &#8230;\u00a0da &#8221; La riparazione del capitalismo democratico &#8220;di C. Pelanda)<\/p>\n<p>&nbsp;<\/p>\n<p>&nbsp;<\/p>\n<p>&nbsp;<\/p>","protected":false},"excerpt":{"rendered":"<p>Gianandrea Gaiani, responsabile Analisi Difesa e opinionista di radio e Tv nazionali e Carlo Pelanda, professore di Economia e Geopolitica all&#8217;Universit\u00e0 G. Marconi di Roma e membro di Oxonia &#8211; Oxford saranno i relatori dell&#8217;incontro promosso dall&#8217;Associazione Liberal Belluno sabato 26 febbraio 2022 alle ore 17:30 al Centro congressi Giovanni 23mo in piazza Piloni di [&hellip;]<\/p>\n","protected":false},"author":2,"featured_media":131563,"comment_status":"closed","ping_status":"open","sticky":false,"template":"","format":"standard","meta":{"footnotes":""},"categories":[27,49,25],"tags":[],"class_list":["post-131562","post","type-post","status-publish","format-standard","has-post-thumbnail","category-appuntamenti","category-speciali","category-pausa-caffe"],"yoast_head":"<!-- This site is optimized with the Yoast SEO plugin v28.4 - https:\/\/yoast.com\/product\/yoast-seo-wordpress\/ -->\n<title>La geopolitica delle democrazie. Sabato con Liberal Belluno al Centro congressi in piazza Piloni - Bellunopress - Dolomiti<\/title>\n<meta name=\"robots\" content=\"index, follow, max-snippet:-1, max-image-preview:large, max-video-preview:-1\" \/>\n<link rel=\"canonical\" href=\"https:\/\/www.bellunopress.it\/fr\/2022\/02\/22\/la-geopolitica-delle-democrazie-sabato-con-liberal-belluno-al-centro-congressi-in-piazza-piloni\/\" \/>\n<meta property=\"og:locale\" content=\"fr_FR\" \/>\n<meta property=\"og:type\" content=\"article\" \/>\n<meta property=\"og:title\" content=\"La geopolitica delle democrazie. Sabato con Liberal Belluno al Centro congressi in piazza Piloni - Bellunopress - Dolomiti\" \/>\n<meta property=\"og:description\" content=\"Gianandrea Gaiani, responsabile Analisi Difesa e opinionista di radio e Tv nazionali e Carlo Pelanda, professore di Economia e Geopolitica all&#8217;Universit\u00e0 G. Marconi di Roma e membro di Oxonia &#8211; Oxford saranno i relatori dell&#8217;incontro promosso dall&#8217;Associazione Liberal Belluno sabato 26 febbraio 2022 alle ore 17:30 al Centro congressi Giovanni 23mo in piazza Piloni di [&hellip;]\" \/>\n<meta property=\"og:url\" content=\"https:\/\/www.bellunopress.it\/fr\/2022\/02\/22\/la-geopolitica-delle-democrazie-sabato-con-liberal-belluno-al-centro-congressi-in-piazza-piloni\/\" \/>\n<meta property=\"og:site_name\" content=\"Bellunopress - Dolomiti\" \/>\n<meta property=\"article:publisher\" content=\"https:\/\/www.facebook.com\/profile.php?id=100008943462799\" \/>\n<meta property=\"article:published_time\" content=\"2022-02-22T13:44:09+00:00\" \/>\n<meta property=\"og:image\" content=\"https:\/\/www.bellunopress.it\/wp-content\/uploads\/2022\/02\/Rosalba-Schenal-e-Carlo-Pelanda-Liberal-Belluno.jpg\" \/>\n\t<meta property=\"og:image:width\" content=\"1000\" \/>\n\t<meta property=\"og:image:height\" content=\"932\" \/>\n\t<meta property=\"og:image:type\" content=\"image\/jpeg\" \/>\n<meta name=\"author\" content=\"redazione\" \/>\n<meta name=\"twitter:card\" content=\"summary_large_image\" \/>\n<meta name=\"twitter:creator\" content=\"@bellunopress\" \/>\n<meta name=\"twitter:site\" content=\"@bellunopress\" \/>\n<meta name=\"twitter:label1\" content=\"Written by\" \/>\n\t<meta name=\"twitter:data1\" content=\"redazione\" \/>\n\t<meta name=\"twitter:label2\" content=\"Est. reading time\" \/>\n\t<meta name=\"twitter:data2\" content=\"2 minutes\" \/>\n<script type=\"application\/ld+json\" class=\"yoast-schema-graph\">{\"@context\":\"https:\\\/\\\/schema.org\",\"@graph\":[{\"@type\":\"Article\",\"@id\":\"https:\\\/\\\/www.bellunopress.it\\\/2022\\\/02\\\/22\\\/la-geopolitica-delle-democrazie-sabato-con-liberal-belluno-al-centro-congressi-in-piazza-piloni\\\/#article\",\"isPartOf\":{\"@id\":\"https:\\\/\\\/www.bellunopress.it\\\/2022\\\/02\\\/22\\\/la-geopolitica-delle-democrazie-sabato-con-liberal-belluno-al-centro-congressi-in-piazza-piloni\\\/\"},\"author\":{\"name\":\"redazione\",\"@id\":\"https:\\\/\\\/www.bellunopress.it\\\/#\\\/schema\\\/person\\\/79bb06722b37ece1c03d3e94beb30d73\"},\"headline\":\"La geopolitica delle democrazie. Sabato con Liberal Belluno al Centro congressi in piazza Piloni\",\"datePublished\":\"2022-02-22T13:44:09+00:00\",\"mainEntityOfPage\":{\"@id\":\"https:\\\/\\\/www.bellunopress.it\\\/2022\\\/02\\\/22\\\/la-geopolitica-delle-democrazie-sabato-con-liberal-belluno-al-centro-congressi-in-piazza-piloni\\\/\"},\"wordCount\":196,\"publisher\":{\"@id\":\"https:\\\/\\\/www.bellunopress.it\\\/#organization\"},\"image\":{\"@id\":\"https:\\\/\\\/www.bellunopress.it\\\/2022\\\/02\\\/22\\\/la-geopolitica-delle-democrazie-sabato-con-liberal-belluno-al-centro-congressi-in-piazza-piloni\\\/#primaryimage\"},\"thumbnailUrl\":\"https:\\\/\\\/www.bellunopress.it\\\/wp-content\\\/uploads\\\/2022\\\/02\\\/Rosalba-Schenal-e-Carlo-Pelanda-Liberal-Belluno.jpg\",\"articleSection\":[\"Appuntamenti, Eventi\",\"Gli speciali di Bellunopress\",\"Pausa Caff\u00e8\"],\"inLanguage\":\"fr-FR\"},{\"@type\":\"WebPage\",\"@id\":\"https:\\\/\\\/www.bellunopress.it\\\/2022\\\/02\\\/22\\\/la-geopolitica-delle-democrazie-sabato-con-liberal-belluno-al-centro-congressi-in-piazza-piloni\\\/\",\"url\":\"https:\\\/\\\/www.bellunopress.it\\\/2022\\\/02\\\/22\\\/la-geopolitica-delle-democrazie-sabato-con-liberal-belluno-al-centro-congressi-in-piazza-piloni\\\/\",\"name\":\"La geopolitica delle democrazie. Sabato con Liberal Belluno al Centro congressi in piazza Piloni - Bellunopress - Dolomiti\",\"isPartOf\":{\"@id\":\"https:\\\/\\\/www.bellunopress.it\\\/#website\"},\"primaryImageOfPage\":{\"@id\":\"https:\\\/\\\/www.bellunopress.it\\\/2022\\\/02\\\/22\\\/la-geopolitica-delle-democrazie-sabato-con-liberal-belluno-al-centro-congressi-in-piazza-piloni\\\/#primaryimage\"},\"image\":{\"@id\":\"https:\\\/\\\/www.bellunopress.it\\\/2022\\\/02\\\/22\\\/la-geopolitica-delle-democrazie-sabato-con-liberal-belluno-al-centro-congressi-in-piazza-piloni\\\/#primaryimage\"},\"thumbnailUrl\":\"https:\\\/\\\/www.bellunopress.it\\\/wp-content\\\/uploads\\\/2022\\\/02\\\/Rosalba-Schenal-e-Carlo-Pelanda-Liberal-Belluno.jpg\",\"datePublished\":\"2022-02-22T13:44:09+00:00\",\"breadcrumb\":{\"@id\":\"https:\\\/\\\/www.bellunopress.it\\\/2022\\\/02\\\/22\\\/la-geopolitica-delle-democrazie-sabato-con-liberal-belluno-al-centro-congressi-in-piazza-piloni\\\/#breadcrumb\"},\"inLanguage\":\"fr-FR\",\"potentialAction\":[{\"@type\":\"ReadAction\",\"target\":[\"https:\\\/\\\/www.bellunopress.it\\\/2022\\\/02\\\/22\\\/la-geopolitica-delle-democrazie-sabato-con-liberal-belluno-al-centro-congressi-in-piazza-piloni\\\/\"]}]},{\"@type\":\"ImageObject\",\"inLanguage\":\"fr-FR\",\"@id\":\"https:\\\/\\\/www.bellunopress.it\\\/2022\\\/02\\\/22\\\/la-geopolitica-delle-democrazie-sabato-con-liberal-belluno-al-centro-congressi-in-piazza-piloni\\\/#primaryimage\",\"url\":\"https:\\\/\\\/www.bellunopress.it\\\/wp-content\\\/uploads\\\/2022\\\/02\\\/Rosalba-Schenal-e-Carlo-Pelanda-Liberal-Belluno.jpg\",\"contentUrl\":\"https:\\\/\\\/www.bellunopress.it\\\/wp-content\\\/uploads\\\/2022\\\/02\\\/Rosalba-Schenal-e-Carlo-Pelanda-Liberal-Belluno.jpg\",\"width\":1000,\"height\":932,\"caption\":\"Rosalba Schenal presidente di Liberal Belluno e il professor Carlo Pelanda\"},{\"@type\":\"BreadcrumbList\",\"@id\":\"https:\\\/\\\/www.bellunopress.it\\\/2022\\\/02\\\/22\\\/la-geopolitica-delle-democrazie-sabato-con-liberal-belluno-al-centro-congressi-in-piazza-piloni\\\/#breadcrumb\",\"itemListElement\":[{\"@type\":\"ListItem\",\"position\":1,\"name\":\"Home\",\"item\":\"https:\\\/\\\/www.bellunopress.it\\\/\"},{\"@type\":\"ListItem\",\"position\":2,\"name\":\"La geopolitica delle democrazie. Sabato con Liberal Belluno al Centro congressi in piazza Piloni\"}]},{\"@type\":\"WebSite\",\"@id\":\"https:\\\/\\\/www.bellunopress.it\\\/#website\",\"url\":\"https:\\\/\\\/www.bellunopress.it\\\/\",\"name\":\"Bellunopress - Dolomiti\",\"description\":\"e-mail: redazione@bellunopress.it\",\"publisher\":{\"@id\":\"https:\\\/\\\/www.bellunopress.it\\\/#organization\"},\"potentialAction\":[{\"@type\":\"SearchAction\",\"target\":{\"@type\":\"EntryPoint\",\"urlTemplate\":\"https:\\\/\\\/www.bellunopress.it\\\/?s={search_term_string}\"},\"query-input\":{\"@type\":\"PropertyValueSpecification\",\"valueRequired\":true,\"valueName\":\"search_term_string\"}}],\"inLanguage\":\"fr-FR\"},{\"@type\":\"Organization\",\"@id\":\"https:\\\/\\\/www.bellunopress.it\\\/#organization\",\"name\":\"Bellunopress\",\"url\":\"https:\\\/\\\/www.bellunopress.it\\\/\",\"logo\":{\"@type\":\"ImageObject\",\"inLanguage\":\"fr-FR\",\"@id\":\"https:\\\/\\\/www.bellunopress.it\\\/#\\\/schema\\\/logo\\\/image\\\/\",\"url\":\"https:\\\/\\\/www.bellunopress.it\\\/wp-content\\\/uploads\\\/2011\\\/05\\\/cropped-logo-bellunopress-.jpg\",\"contentUrl\":\"https:\\\/\\\/www.bellunopress.it\\\/wp-content\\\/uploads\\\/2011\\\/05\\\/cropped-logo-bellunopress-.jpg\",\"width\":512,\"height\":512,\"caption\":\"Bellunopress\"},\"image\":{\"@id\":\"https:\\\/\\\/www.bellunopress.it\\\/#\\\/schema\\\/logo\\\/image\\\/\"},\"sameAs\":[\"https:\\\/\\\/www.facebook.com\\\/profile.php?id=100008943462799\",\"https:\\\/\\\/x.com\\\/bellunopress\",\"https:\\\/\\\/www.linkedin.com\\\/hp\\\/?dnr=JBzUWaJfMUw8vbXJJ2tVW5-I3jZKvC4wsoxE&amp;amp;amp;amp;amp;amp;trk=nav_responsive_tab_home\",\"https:\\\/\\\/www.youtube.com\\\/channel\\\/UCxL0wu1uN0_3_7hGG0306cw\"]},{\"@type\":\"Person\",\"@id\":\"https:\\\/\\\/www.bellunopress.it\\\/#\\\/schema\\\/person\\\/79bb06722b37ece1c03d3e94beb30d73\",\"name\":\"redazione\",\"image\":{\"@type\":\"ImageObject\",\"inLanguage\":\"fr-FR\",\"@id\":\"https:\\\/\\\/secure.gravatar.com\\\/avatar\\\/37d968a2e67a6fd04c169c4bdef102d0bc5d31b2546345219e348575eb80e9a0?s=96&d=mm&r=g\",\"url\":\"https:\\\/\\\/secure.gravatar.com\\\/avatar\\\/37d968a2e67a6fd04c169c4bdef102d0bc5d31b2546345219e348575eb80e9a0?s=96&d=mm&r=g\",\"contentUrl\":\"https:\\\/\\\/secure.gravatar.com\\\/avatar\\\/37d968a2e67a6fd04c169c4bdef102d0bc5d31b2546345219e348575eb80e9a0?s=96&d=mm&r=g\",\"caption\":\"redazione\"},\"sameAs\":[\"http:\\\/\\\/www.bellunopress.it\",\"https:\\\/\\\/x.com\\\/bellunopress\"],\"url\":\"https:\\\/\\\/www.bellunopress.it\\\/fr\\\/author\\\/redazione\\\/\"}]}<\/script>\n<!-- \/ Yoast SEO plugin. -->","yoast_head_json":{"title":"La geopolitica delle democrazie. Sabato con Liberal Belluno al Centro congressi in piazza Piloni - Bellunopress - Dolomiti","robots":{"index":"index","follow":"follow","max-snippet":"max-snippet:-1","max-image-preview":"max-image-preview:large","max-video-preview":"max-video-preview:-1"},"canonical":"https:\/\/www.bellunopress.it\/fr\/2022\/02\/22\/la-geopolitica-delle-democrazie-sabato-con-liberal-belluno-al-centro-congressi-in-piazza-piloni\/","og_locale":"fr_FR","og_type":"article","og_title":"La geopolitica delle democrazie. Sabato con Liberal Belluno al Centro congressi in piazza Piloni - Bellunopress - Dolomiti","og_description":"Gianandrea Gaiani, responsabile Analisi Difesa e opinionista di radio e Tv nazionali e Carlo Pelanda, professore di Economia e Geopolitica all&#8217;Universit\u00e0 G. Marconi di Roma e membro di Oxonia &#8211; Oxford saranno i relatori dell&#8217;incontro promosso dall&#8217;Associazione Liberal Belluno sabato 26 febbraio 2022 alle ore 17:30 al Centro congressi Giovanni 23mo in piazza Piloni di [&hellip;]","og_url":"https:\/\/www.bellunopress.it\/fr\/2022\/02\/22\/la-geopolitica-delle-democrazie-sabato-con-liberal-belluno-al-centro-congressi-in-piazza-piloni\/","og_site_name":"Bellunopress - Dolomiti","article_publisher":"https:\/\/www.facebook.com\/profile.php?id=100008943462799","article_published_time":"2022-02-22T13:44:09+00:00","og_image":[{"width":1000,"height":932,"url":"https:\/\/www.bellunopress.it\/wp-content\/uploads\/2022\/02\/Rosalba-Schenal-e-Carlo-Pelanda-Liberal-Belluno.jpg","type":"image\/jpeg"}],"author":"redazione","twitter_card":"summary_large_image","twitter_creator":"@bellunopress","twitter_site":"@bellunopress","twitter_misc":{"Written by":"redazione","Est. reading time":"2 minutes"},"schema":{"@context":"https:\/\/schema.org","@graph":[{"@type":"Article","@id":"https:\/\/www.bellunopress.it\/2022\/02\/22\/la-geopolitica-delle-democrazie-sabato-con-liberal-belluno-al-centro-congressi-in-piazza-piloni\/#article","isPartOf":{"@id":"https:\/\/www.bellunopress.it\/2022\/02\/22\/la-geopolitica-delle-democrazie-sabato-con-liberal-belluno-al-centro-congressi-in-piazza-piloni\/"},"author":{"name":"redazione","@id":"https:\/\/www.bellunopress.it\/#\/schema\/person\/79bb06722b37ece1c03d3e94beb30d73"},"headline":"La geopolitica delle democrazie. Sabato con Liberal Belluno al Centro congressi in piazza Piloni","datePublished":"2022-02-22T13:44:09+00:00","mainEntityOfPage":{"@id":"https:\/\/www.bellunopress.it\/2022\/02\/22\/la-geopolitica-delle-democrazie-sabato-con-liberal-belluno-al-centro-congressi-in-piazza-piloni\/"},"wordCount":196,"publisher":{"@id":"https:\/\/www.bellunopress.it\/#organization"},"image":{"@id":"https:\/\/www.bellunopress.it\/2022\/02\/22\/la-geopolitica-delle-democrazie-sabato-con-liberal-belluno-al-centro-congressi-in-piazza-piloni\/#primaryimage"},"thumbnailUrl":"https:\/\/www.bellunopress.it\/wp-content\/uploads\/2022\/02\/Rosalba-Schenal-e-Carlo-Pelanda-Liberal-Belluno.jpg","articleSection":["Appuntamenti, Eventi","Gli speciali di Bellunopress","Pausa Caff\u00e8"],"inLanguage":"fr-FR"},{"@type":"WebPage","@id":"https:\/\/www.bellunopress.it\/2022\/02\/22\/la-geopolitica-delle-democrazie-sabato-con-liberal-belluno-al-centro-congressi-in-piazza-piloni\/","url":"https:\/\/www.bellunopress.it\/2022\/02\/22\/la-geopolitica-delle-democrazie-sabato-con-liberal-belluno-al-centro-congressi-in-piazza-piloni\/","name":"La geopolitica delle democrazie. Sabato con Liberal Belluno al Centro congressi in piazza Piloni - Bellunopress - Dolomiti","isPartOf":{"@id":"https:\/\/www.bellunopress.it\/#website"},"primaryImageOfPage":{"@id":"https:\/\/www.bellunopress.it\/2022\/02\/22\/la-geopolitica-delle-democrazie-sabato-con-liberal-belluno-al-centro-congressi-in-piazza-piloni\/#primaryimage"},"image":{"@id":"https:\/\/www.bellunopress.it\/2022\/02\/22\/la-geopolitica-delle-democrazie-sabato-con-liberal-belluno-al-centro-congressi-in-piazza-piloni\/#primaryimage"},"thumbnailUrl":"https:\/\/www.bellunopress.it\/wp-content\/uploads\/2022\/02\/Rosalba-Schenal-e-Carlo-Pelanda-Liberal-Belluno.jpg","datePublished":"2022-02-22T13:44:09+00:00","breadcrumb":{"@id":"https:\/\/www.bellunopress.it\/2022\/02\/22\/la-geopolitica-delle-democrazie-sabato-con-liberal-belluno-al-centro-congressi-in-piazza-piloni\/#breadcrumb"},"inLanguage":"fr-FR","potentialAction":[{"@type":"ReadAction","target":["https:\/\/www.bellunopress.it\/2022\/02\/22\/la-geopolitica-delle-democrazie-sabato-con-liberal-belluno-al-centro-congressi-in-piazza-piloni\/"]}]},{"@type":"ImageObject","inLanguage":"fr-FR","@id":"https:\/\/www.bellunopress.it\/2022\/02\/22\/la-geopolitica-delle-democrazie-sabato-con-liberal-belluno-al-centro-congressi-in-piazza-piloni\/#primaryimage","url":"https:\/\/www.bellunopress.it\/wp-content\/uploads\/2022\/02\/Rosalba-Schenal-e-Carlo-Pelanda-Liberal-Belluno.jpg","contentUrl":"https:\/\/www.bellunopress.it\/wp-content\/uploads\/2022\/02\/Rosalba-Schenal-e-Carlo-Pelanda-Liberal-Belluno.jpg","width":1000,"height":932,"caption":"Rosalba Schenal presidente di Liberal Belluno e il professor Carlo Pelanda"},{"@type":"BreadcrumbList","@id":"https:\/\/www.bellunopress.it\/2022\/02\/22\/la-geopolitica-delle-democrazie-sabato-con-liberal-belluno-al-centro-congressi-in-piazza-piloni\/#breadcrumb","itemListElement":[{"@type":"ListItem","position":1,"name":"Home","item":"https:\/\/www.bellunopress.it\/"},{"@type":"ListItem","position":2,"name":"La geopolitica delle democrazie. Sabato con Liberal Belluno al Centro congressi in piazza Piloni"}]},{"@type":"WebSite","@id":"https:\/\/www.bellunopress.it\/#website","url":"https:\/\/www.bellunopress.it\/","name":"Bellunopress - Dolomiti","description":"e-mail: redazione@bellunopress.it","publisher":{"@id":"https:\/\/www.bellunopress.it\/#organization"},"potentialAction":[{"@type":"SearchAction","target":{"@type":"EntryPoint","urlTemplate":"https:\/\/www.bellunopress.it\/?s={search_term_string}"},"query-input":{"@type":"PropertyValueSpecification","valueRequired":true,"valueName":"search_term_string"}}],"inLanguage":"fr-FR"},{"@type":"Organization","@id":"https:\/\/www.bellunopress.it\/#organization","name":"Bellunopress","url":"https:\/\/www.bellunopress.it\/","logo":{"@type":"ImageObject","inLanguage":"fr-FR","@id":"https:\/\/www.bellunopress.it\/#\/schema\/logo\/image\/","url":"https:\/\/www.bellunopress.it\/wp-content\/uploads\/2011\/05\/cropped-logo-bellunopress-.jpg","contentUrl":"https:\/\/www.bellunopress.it\/wp-content\/uploads\/2011\/05\/cropped-logo-bellunopress-.jpg","width":512,"height":512,"caption":"Bellunopress"},"image":{"@id":"https:\/\/www.bellunopress.it\/#\/schema\/logo\/image\/"},"sameAs":["https:\/\/www.facebook.com\/profile.php?id=100008943462799","https:\/\/x.com\/bellunopress","https:\/\/www.linkedin.com\/hp\/?dnr=JBzUWaJfMUw8vbXJJ2tVW5-I3jZKvC4wsoxE&amp;amp;amp;amp;amp;amp;trk=nav_responsive_tab_home","https:\/\/www.youtube.com\/channel\/UCxL0wu1uN0_3_7hGG0306cw"]},{"@type":"Person","@id":"https:\/\/www.bellunopress.it\/#\/schema\/person\/79bb06722b37ece1c03d3e94beb30d73","name":"r\u00e9daction","image":{"@type":"ImageObject","inLanguage":"fr-FR","@id":"https:\/\/secure.gravatar.com\/avatar\/37d968a2e67a6fd04c169c4bdef102d0bc5d31b2546345219e348575eb80e9a0?s=96&d=mm&r=g","url":"https:\/\/secure.gravatar.com\/avatar\/37d968a2e67a6fd04c169c4bdef102d0bc5d31b2546345219e348575eb80e9a0?s=96&d=mm&r=g","contentUrl":"https:\/\/secure.gravatar.com\/avatar\/37d968a2e67a6fd04c169c4bdef102d0bc5d31b2546345219e348575eb80e9a0?s=96&d=mm&r=g","caption":"redazione"},"sameAs":["http:\/\/www.bellunopress.it","https:\/\/x.com\/bellunopress"],"url":"https:\/\/www.bellunopress.it\/fr\/author\/redazione\/"}]}},"_links":{"self":[{"href":"https:\/\/www.bellunopress.it\/fr\/wp-json\/wp\/v2\/posts\/131562","targetHints":{"allow":["GET"]}}],"collection":[{"href":"https:\/\/www.bellunopress.it\/fr\/wp-json\/wp\/v2\/posts"}],"about":[{"href":"https:\/\/www.bellunopress.it\/fr\/wp-json\/wp\/v2\/types\/post"}],"author":[{"embeddable":true,"href":"https:\/\/www.bellunopress.it\/fr\/wp-json\/wp\/v2\/users\/2"}],"replies":[{"embeddable":true,"href":"https:\/\/www.bellunopress.it\/fr\/wp-json\/wp\/v2\/comments?post=131562"}],"version-history":[{"count":1,"href":"https:\/\/www.bellunopress.it\/fr\/wp-json\/wp\/v2\/posts\/131562\/revisions"}],"predecessor-version":[{"id":131564,"href":"https:\/\/www.bellunopress.it\/fr\/wp-json\/wp\/v2\/posts\/131562\/revisions\/131564"}],"wp:featuredmedia":[{"embeddable":true,"href":"https:\/\/www.bellunopress.it\/fr\/wp-json\/wp\/v2\/media\/131563"}],"wp:attachment":[{"href":"https:\/\/www.bellunopress.it\/fr\/wp-json\/wp\/v2\/media?parent=131562"}],"wp:term":[{"taxonomy":"category","embeddable":true,"href":"https:\/\/www.bellunopress.it\/fr\/wp-json\/wp\/v2\/categories?post=131562"},{"taxonomy":"post_tag","embeddable":true,"href":"https:\/\/www.bellunopress.it\/fr\/wp-json\/wp\/v2\/tags?post=131562"}],"curies":[{"name":"wp","href":"https:\/\/api.w.org\/{rel}","templated":true}]}}