{"id":131550,"date":"2022-02-22T11:07:35","date_gmt":"2022-02-22T10:07:35","guid":{"rendered":"https:\/\/www.bellunopress.it\/?p=131550"},"modified":"2022-02-22T11:20:06","modified_gmt":"2022-02-22T10:20:06","slug":"e-morto-vittorio-cipparrone-cantante-e-gestore-del-dancing-milleluci-di-longarone","status":"publish","type":"post","link":"https:\/\/www.bellunopress.it\/fr\/2022\/02\/22\/e-morto-vittorio-cipparrone-cantante-e-gestore-del-dancing-milleluci-di-longarone\/","title":{"rendered":"E&#8217; morto Vittorio Cipparrone, cantante e gestore del dancing Milleluci di Longarone"},"content":{"rendered":"<p>E&#8217; mancato Vittorio Cipparrone, cantante, musicista, artista noto nel Bellunese per aver allietato con la sua orchestra le serate nei locali, come al Parco Valle Incantata (Busa del Tor) di Trichiana dove ha accompagnato vari artisti tra cui Bobby Solo, Katia Ricciarelli, Rocky Roberts, e pi\u00f9 recentemente nel suo dancing Milleluci in zona industriale di Longarone.<\/p>\n<div class=\"youtube-embed\" data-video_id=\"twLzu2GZ8vQ\"><iframe loading=\"lazy\" title=\"Vittorio Cipparrone - Cara ti amo\" width=\"696\" height=\"392\" src=\"https:\/\/www.youtube.com\/embed\/twLzu2GZ8vQ?feature=oembed&#038;enablejsapi=1\" frameborder=\"0\" allow=\"accelerometer; autoplay; clipboard-write; encrypted-media; gyroscope; picture-in-picture\" allowfullscreen><\/iframe><\/div>","protected":false},"excerpt":{"rendered":"<p>E&#8217; mancato Vittorio Cipparrone, cantante, musicista, artista noto nel Bellunese per aver allietato con la sua orchestra le serate nei locali, come al Parco Valle Incantata (Busa del Tor) di Trichiana dove ha accompagnato vari artisti tra cui Bobby Solo, Katia Ricciarelli, Rocky Roberts, e pi\u00f9 recentemente nel suo dancing Milleluci in zona industriale di [&hellip;]<\/p>\n","protected":false},"author":2,"featured_media":119261,"comment_status":"closed","ping_status":"open","sticky":false,"template":"","format":"standard","meta":{"footnotes":""},"categories":[5],"tags":[],"class_list":["post-131550","post","type-post","status-publish","format-standard","has-post-thumbnail","category-cronaca"],"yoast_head":"<!-- This site is optimized with the Yoast SEO plugin v28.4 - https:\/\/yoast.com\/product\/yoast-seo-wordpress\/ -->\n<title>E&#039; morto Vittorio Cipparrone, cantante e gestore del dancing Milleluci di Longarone - Bellunopress - Dolomiti<\/title>\n<meta name=\"robots\" content=\"index, follow, max-snippet:-1, max-image-preview:large, max-video-preview:-1\" \/>\n<link rel=\"canonical\" href=\"https:\/\/www.bellunopress.it\/fr\/2022\/02\/22\/e-morto-vittorio-cipparrone-cantante-e-gestore-del-dancing-milleluci-di-longarone\/\" \/>\n<meta property=\"og:locale\" content=\"fr_FR\" \/>\n<meta property=\"og:type\" content=\"article\" \/>\n<meta property=\"og:title\" content=\"E&#039; morto Vittorio Cipparrone, cantante e gestore del dancing Milleluci di Longarone - Bellunopress - Dolomiti\" \/>\n<meta property=\"og:description\" content=\"E&#8217; mancato Vittorio Cipparrone, cantante, musicista, artista noto nel Bellunese per aver allietato con la sua orchestra le serate nei locali, come al Parco Valle Incantata (Busa del Tor) di Trichiana dove ha accompagnato vari artisti tra cui Bobby Solo, Katia Ricciarelli, Rocky Roberts, e pi\u00f9 recentemente nel suo dancing Milleluci in zona industriale di [&hellip;]\" \/>\n<meta property=\"og:url\" content=\"https:\/\/www.bellunopress.it\/fr\/2022\/02\/22\/e-morto-vittorio-cipparrone-cantante-e-gestore-del-dancing-milleluci-di-longarone\/\" \/>\n<meta property=\"og:site_name\" content=\"Bellunopress - Dolomiti\" \/>\n<meta property=\"article:publisher\" content=\"https:\/\/www.facebook.com\/profile.php?id=100008943462799\" \/>\n<meta property=\"article:published_time\" content=\"2022-02-22T10:07:35+00:00\" \/>\n<meta property=\"article:modified_time\" content=\"2022-02-22T10:20:06+00:00\" \/>\n<meta property=\"og:image\" content=\"https:\/\/www.bellunopress.it\/wp-content\/uploads\/2020\/11\/lutto_edited.jpg\" \/>\n\t<meta property=\"og:image:width\" content=\"800\" \/>\n\t<meta property=\"og:image:height\" content=\"445\" \/>\n\t<meta property=\"og:image:type\" content=\"image\/jpeg\" \/>\n<meta name=\"author\" content=\"redazione\" \/>\n<meta name=\"twitter:card\" content=\"summary_large_image\" \/>\n<meta name=\"twitter:creator\" content=\"@bellunopress\" \/>\n<meta name=\"twitter:site\" content=\"@bellunopress\" \/>\n<meta name=\"twitter:label1\" content=\"\u00c9crit par\" \/>\n\t<meta name=\"twitter:data1\" content=\"redazione\" \/>\n\t<meta name=\"twitter:label2\" content=\"Dur\u00e9e de lecture estim\u00e9e\" \/>\n\t<meta name=\"twitter:data2\" content=\"1 minute\" \/>\n<script type=\"application\/ld+json\" class=\"yoast-schema-graph\">{\"@context\":\"https:\\\/\\\/schema.org\",\"@graph\":[{\"@type\":\"Article\",\"@id\":\"https:\\\/\\\/www.bellunopress.it\\\/2022\\\/02\\\/22\\\/e-morto-vittorio-cipparrone-cantante-e-gestore-del-dancing-milleluci-di-longarone\\\/#article\",\"isPartOf\":{\"@id\":\"https:\\\/\\\/www.bellunopress.it\\\/2022\\\/02\\\/22\\\/e-morto-vittorio-cipparrone-cantante-e-gestore-del-dancing-milleluci-di-longarone\\\/\"},\"author\":{\"name\":\"redazione\",\"@id\":\"https:\\\/\\\/www.bellunopress.it\\\/#\\\/schema\\\/person\\\/79bb06722b37ece1c03d3e94beb30d73\"},\"headline\":\"E&#8217; morto Vittorio Cipparrone, cantante e gestore del dancing Milleluci di Longarone\",\"datePublished\":\"2022-02-22T10:07:35+00:00\",\"dateModified\":\"2022-02-22T10:20:06+00:00\",\"mainEntityOfPage\":{\"@id\":\"https:\\\/\\\/www.bellunopress.it\\\/2022\\\/02\\\/22\\\/e-morto-vittorio-cipparrone-cantante-e-gestore-del-dancing-milleluci-di-longarone\\\/\"},\"wordCount\":80,\"publisher\":{\"@id\":\"https:\\\/\\\/www.bellunopress.it\\\/#organization\"},\"image\":{\"@id\":\"https:\\\/\\\/www.bellunopress.it\\\/2022\\\/02\\\/22\\\/e-morto-vittorio-cipparrone-cantante-e-gestore-del-dancing-milleluci-di-longarone\\\/#primaryimage\"},\"thumbnailUrl\":\"https:\\\/\\\/www.bellunopress.it\\\/wp-content\\\/uploads\\\/2020\\\/11\\\/lutto_edited.jpg\",\"articleSection\":[\"Cronaca\\\/Politica\"],\"inLanguage\":\"fr-FR\"},{\"@type\":\"WebPage\",\"@id\":\"https:\\\/\\\/www.bellunopress.it\\\/2022\\\/02\\\/22\\\/e-morto-vittorio-cipparrone-cantante-e-gestore-del-dancing-milleluci-di-longarone\\\/\",\"url\":\"https:\\\/\\\/www.bellunopress.it\\\/2022\\\/02\\\/22\\\/e-morto-vittorio-cipparrone-cantante-e-gestore-del-dancing-milleluci-di-longarone\\\/\",\"name\":\"E' morto Vittorio Cipparrone, cantante e gestore del dancing Milleluci di Longarone - Bellunopress - Dolomiti\",\"isPartOf\":{\"@id\":\"https:\\\/\\\/www.bellunopress.it\\\/#website\"},\"primaryImageOfPage\":{\"@id\":\"https:\\\/\\\/www.bellunopress.it\\\/2022\\\/02\\\/22\\\/e-morto-vittorio-cipparrone-cantante-e-gestore-del-dancing-milleluci-di-longarone\\\/#primaryimage\"},\"image\":{\"@id\":\"https:\\\/\\\/www.bellunopress.it\\\/2022\\\/02\\\/22\\\/e-morto-vittorio-cipparrone-cantante-e-gestore-del-dancing-milleluci-di-longarone\\\/#primaryimage\"},\"thumbnailUrl\":\"https:\\\/\\\/www.bellunopress.it\\\/wp-content\\\/uploads\\\/2020\\\/11\\\/lutto_edited.jpg\",\"datePublished\":\"2022-02-22T10:07:35+00:00\",\"dateModified\":\"2022-02-22T10:20:06+00:00\",\"breadcrumb\":{\"@id\":\"https:\\\/\\\/www.bellunopress.it\\\/2022\\\/02\\\/22\\\/e-morto-vittorio-cipparrone-cantante-e-gestore-del-dancing-milleluci-di-longarone\\\/#breadcrumb\"},\"inLanguage\":\"fr-FR\",\"potentialAction\":[{\"@type\":\"ReadAction\",\"target\":[\"https:\\\/\\\/www.bellunopress.it\\\/2022\\\/02\\\/22\\\/e-morto-vittorio-cipparrone-cantante-e-gestore-del-dancing-milleluci-di-longarone\\\/\"]}]},{\"@type\":\"ImageObject\",\"inLanguage\":\"fr-FR\",\"@id\":\"https:\\\/\\\/www.bellunopress.it\\\/2022\\\/02\\\/22\\\/e-morto-vittorio-cipparrone-cantante-e-gestore-del-dancing-milleluci-di-longarone\\\/#primaryimage\",\"url\":\"https:\\\/\\\/www.bellunopress.it\\\/wp-content\\\/uploads\\\/2020\\\/11\\\/lutto_edited.jpg\",\"contentUrl\":\"https:\\\/\\\/www.bellunopress.it\\\/wp-content\\\/uploads\\\/2020\\\/11\\\/lutto_edited.jpg\",\"width\":800,\"height\":445},{\"@type\":\"BreadcrumbList\",\"@id\":\"https:\\\/\\\/www.bellunopress.it\\\/2022\\\/02\\\/22\\\/e-morto-vittorio-cipparrone-cantante-e-gestore-del-dancing-milleluci-di-longarone\\\/#breadcrumb\",\"itemListElement\":[{\"@type\":\"ListItem\",\"position\":1,\"name\":\"Home\",\"item\":\"https:\\\/\\\/www.bellunopress.it\\\/\"},{\"@type\":\"ListItem\",\"position\":2,\"name\":\"E&#8217; morto Vittorio Cipparrone, cantante e gestore del dancing Milleluci di Longarone\"}]},{\"@type\":\"WebSite\",\"@id\":\"https:\\\/\\\/www.bellunopress.it\\\/#website\",\"url\":\"https:\\\/\\\/www.bellunopress.it\\\/\",\"name\":\"Bellunopress - Dolomiti\",\"description\":\"e-mail: redazione@bellunopress.it\",\"publisher\":{\"@id\":\"https:\\\/\\\/www.bellunopress.it\\\/#organization\"},\"potentialAction\":[{\"@type\":\"SearchAction\",\"target\":{\"@type\":\"EntryPoint\",\"urlTemplate\":\"https:\\\/\\\/www.bellunopress.it\\\/?s={search_term_string}\"},\"query-input\":{\"@type\":\"PropertyValueSpecification\",\"valueRequired\":true,\"valueName\":\"search_term_string\"}}],\"inLanguage\":\"fr-FR\"},{\"@type\":\"Organization\",\"@id\":\"https:\\\/\\\/www.bellunopress.it\\\/#organization\",\"name\":\"Bellunopress\",\"url\":\"https:\\\/\\\/www.bellunopress.it\\\/\",\"logo\":{\"@type\":\"ImageObject\",\"inLanguage\":\"fr-FR\",\"@id\":\"https:\\\/\\\/www.bellunopress.it\\\/#\\\/schema\\\/logo\\\/image\\\/\",\"url\":\"https:\\\/\\\/www.bellunopress.it\\\/wp-content\\\/uploads\\\/2011\\\/05\\\/cropped-logo-bellunopress-.jpg\",\"contentUrl\":\"https:\\\/\\\/www.bellunopress.it\\\/wp-content\\\/uploads\\\/2011\\\/05\\\/cropped-logo-bellunopress-.jpg\",\"width\":512,\"height\":512,\"caption\":\"Bellunopress\"},\"image\":{\"@id\":\"https:\\\/\\\/www.bellunopress.it\\\/#\\\/schema\\\/logo\\\/image\\\/\"},\"sameAs\":[\"https:\\\/\\\/www.facebook.com\\\/profile.php?id=100008943462799\",\"https:\\\/\\\/x.com\\\/bellunopress\",\"https:\\\/\\\/www.linkedin.com\\\/hp\\\/?dnr=JBzUWaJfMUw8vbXJJ2tVW5-I3jZKvC4wsoxE&amp;amp;amp;amp;amp;amp;trk=nav_responsive_tab_home\",\"https:\\\/\\\/www.youtube.com\\\/channel\\\/UCxL0wu1uN0_3_7hGG0306cw\"]},{\"@type\":\"Person\",\"@id\":\"https:\\\/\\\/www.bellunopress.it\\\/#\\\/schema\\\/person\\\/79bb06722b37ece1c03d3e94beb30d73\",\"name\":\"redazione\",\"image\":{\"@type\":\"ImageObject\",\"inLanguage\":\"fr-FR\",\"@id\":\"https:\\\/\\\/secure.gravatar.com\\\/avatar\\\/37d968a2e67a6fd04c169c4bdef102d0bc5d31b2546345219e348575eb80e9a0?s=96&d=mm&r=g\",\"url\":\"https:\\\/\\\/secure.gravatar.com\\\/avatar\\\/37d968a2e67a6fd04c169c4bdef102d0bc5d31b2546345219e348575eb80e9a0?s=96&d=mm&r=g\",\"contentUrl\":\"https:\\\/\\\/secure.gravatar.com\\\/avatar\\\/37d968a2e67a6fd04c169c4bdef102d0bc5d31b2546345219e348575eb80e9a0?s=96&d=mm&r=g\",\"caption\":\"redazione\"},\"sameAs\":[\"http:\\\/\\\/www.bellunopress.it\",\"https:\\\/\\\/x.com\\\/bellunopress\"],\"url\":\"https:\\\/\\\/www.bellunopress.it\\\/fr\\\/author\\\/redazione\\\/\"}]}<\/script>\n<!-- \/ Yoast SEO plugin. -->","yoast_head_json":{"title":"E' morto Vittorio Cipparrone, cantante e gestore del dancing Milleluci di Longarone - Bellunopress - Dolomiti","robots":{"index":"index","follow":"follow","max-snippet":"max-snippet:-1","max-image-preview":"max-image-preview:large","max-video-preview":"max-video-preview:-1"},"canonical":"https:\/\/www.bellunopress.it\/fr\/2022\/02\/22\/e-morto-vittorio-cipparrone-cantante-e-gestore-del-dancing-milleluci-di-longarone\/","og_locale":"fr_FR","og_type":"article","og_title":"E' morto Vittorio Cipparrone, cantante e gestore del dancing Milleluci di Longarone - Bellunopress - Dolomiti","og_description":"E&#8217; mancato Vittorio Cipparrone, cantante, musicista, artista noto nel Bellunese per aver allietato con la sua orchestra le serate nei locali, come al Parco Valle Incantata (Busa del Tor) di Trichiana dove ha accompagnato vari artisti tra cui Bobby Solo, Katia Ricciarelli, Rocky Roberts, e pi\u00f9 recentemente nel suo dancing Milleluci in zona industriale di [&hellip;]","og_url":"https:\/\/www.bellunopress.it\/fr\/2022\/02\/22\/e-morto-vittorio-cipparrone-cantante-e-gestore-del-dancing-milleluci-di-longarone\/","og_site_name":"Bellunopress - Dolomiti","article_publisher":"https:\/\/www.facebook.com\/profile.php?id=100008943462799","article_published_time":"2022-02-22T10:07:35+00:00","article_modified_time":"2022-02-22T10:20:06+00:00","og_image":[{"width":800,"height":445,"url":"https:\/\/www.bellunopress.it\/wp-content\/uploads\/2020\/11\/lutto_edited.jpg","type":"image\/jpeg"}],"author":"redazione","twitter_card":"summary_large_image","twitter_creator":"@bellunopress","twitter_site":"@bellunopress","twitter_misc":{"\u00c9crit par":"redazione","Dur\u00e9e de lecture estim\u00e9e":"1 minute"},"schema":{"@context":"https:\/\/schema.org","@graph":[{"@type":"Article","@id":"https:\/\/www.bellunopress.it\/2022\/02\/22\/e-morto-vittorio-cipparrone-cantante-e-gestore-del-dancing-milleluci-di-longarone\/#article","isPartOf":{"@id":"https:\/\/www.bellunopress.it\/2022\/02\/22\/e-morto-vittorio-cipparrone-cantante-e-gestore-del-dancing-milleluci-di-longarone\/"},"author":{"name":"redazione","@id":"https:\/\/www.bellunopress.it\/#\/schema\/person\/79bb06722b37ece1c03d3e94beb30d73"},"headline":"E&#8217; morto Vittorio Cipparrone, cantante e gestore del dancing Milleluci di Longarone","datePublished":"2022-02-22T10:07:35+00:00","dateModified":"2022-02-22T10:20:06+00:00","mainEntityOfPage":{"@id":"https:\/\/www.bellunopress.it\/2022\/02\/22\/e-morto-vittorio-cipparrone-cantante-e-gestore-del-dancing-milleluci-di-longarone\/"},"wordCount":80,"publisher":{"@id":"https:\/\/www.bellunopress.it\/#organization"},"image":{"@id":"https:\/\/www.bellunopress.it\/2022\/02\/22\/e-morto-vittorio-cipparrone-cantante-e-gestore-del-dancing-milleluci-di-longarone\/#primaryimage"},"thumbnailUrl":"https:\/\/www.bellunopress.it\/wp-content\/uploads\/2020\/11\/lutto_edited.jpg","articleSection":["Cronaca\/Politica"],"inLanguage":"fr-FR"},{"@type":"WebPage","@id":"https:\/\/www.bellunopress.it\/2022\/02\/22\/e-morto-vittorio-cipparrone-cantante-e-gestore-del-dancing-milleluci-di-longarone\/","url":"https:\/\/www.bellunopress.it\/2022\/02\/22\/e-morto-vittorio-cipparrone-cantante-e-gestore-del-dancing-milleluci-di-longarone\/","name":"E' morto Vittorio Cipparrone, cantante e gestore del dancing Milleluci di Longarone - Bellunopress - Dolomiti","isPartOf":{"@id":"https:\/\/www.bellunopress.it\/#website"},"primaryImageOfPage":{"@id":"https:\/\/www.bellunopress.it\/2022\/02\/22\/e-morto-vittorio-cipparrone-cantante-e-gestore-del-dancing-milleluci-di-longarone\/#primaryimage"},"image":{"@id":"https:\/\/www.bellunopress.it\/2022\/02\/22\/e-morto-vittorio-cipparrone-cantante-e-gestore-del-dancing-milleluci-di-longarone\/#primaryimage"},"thumbnailUrl":"https:\/\/www.bellunopress.it\/wp-content\/uploads\/2020\/11\/lutto_edited.jpg","datePublished":"2022-02-22T10:07:35+00:00","dateModified":"2022-02-22T10:20:06+00:00","breadcrumb":{"@id":"https:\/\/www.bellunopress.it\/2022\/02\/22\/e-morto-vittorio-cipparrone-cantante-e-gestore-del-dancing-milleluci-di-longarone\/#breadcrumb"},"inLanguage":"fr-FR","potentialAction":[{"@type":"ReadAction","target":["https:\/\/www.bellunopress.it\/2022\/02\/22\/e-morto-vittorio-cipparrone-cantante-e-gestore-del-dancing-milleluci-di-longarone\/"]}]},{"@type":"ImageObject","inLanguage":"fr-FR","@id":"https:\/\/www.bellunopress.it\/2022\/02\/22\/e-morto-vittorio-cipparrone-cantante-e-gestore-del-dancing-milleluci-di-longarone\/#primaryimage","url":"https:\/\/www.bellunopress.it\/wp-content\/uploads\/2020\/11\/lutto_edited.jpg","contentUrl":"https:\/\/www.bellunopress.it\/wp-content\/uploads\/2020\/11\/lutto_edited.jpg","width":800,"height":445},{"@type":"BreadcrumbList","@id":"https:\/\/www.bellunopress.it\/2022\/02\/22\/e-morto-vittorio-cipparrone-cantante-e-gestore-del-dancing-milleluci-di-longarone\/#breadcrumb","itemListElement":[{"@type":"ListItem","position":1,"name":"Home","item":"https:\/\/www.bellunopress.it\/"},{"@type":"ListItem","position":2,"name":"E&#8217; morto Vittorio Cipparrone, cantante e gestore del dancing Milleluci di Longarone"}]},{"@type":"WebSite","@id":"https:\/\/www.bellunopress.it\/#website","url":"https:\/\/www.bellunopress.it\/","name":"Bellunopress - Dolomiti","description":"e-mail: redazione@bellunopress.it","publisher":{"@id":"https:\/\/www.bellunopress.it\/#organization"},"potentialAction":[{"@type":"SearchAction","target":{"@type":"EntryPoint","urlTemplate":"https:\/\/www.bellunopress.it\/?s={search_term_string}"},"query-input":{"@type":"PropertyValueSpecification","valueRequired":true,"valueName":"search_term_string"}}],"inLanguage":"fr-FR"},{"@type":"Organization","@id":"https:\/\/www.bellunopress.it\/#organization","name":"Bellunopress","url":"https:\/\/www.bellunopress.it\/","logo":{"@type":"ImageObject","inLanguage":"fr-FR","@id":"https:\/\/www.bellunopress.it\/#\/schema\/logo\/image\/","url":"https:\/\/www.bellunopress.it\/wp-content\/uploads\/2011\/05\/cropped-logo-bellunopress-.jpg","contentUrl":"https:\/\/www.bellunopress.it\/wp-content\/uploads\/2011\/05\/cropped-logo-bellunopress-.jpg","width":512,"height":512,"caption":"Bellunopress"},"image":{"@id":"https:\/\/www.bellunopress.it\/#\/schema\/logo\/image\/"},"sameAs":["https:\/\/www.facebook.com\/profile.php?id=100008943462799","https:\/\/x.com\/bellunopress","https:\/\/www.linkedin.com\/hp\/?dnr=JBzUWaJfMUw8vbXJJ2tVW5-I3jZKvC4wsoxE&amp;amp;amp;amp;amp;amp;trk=nav_responsive_tab_home","https:\/\/www.youtube.com\/channel\/UCxL0wu1uN0_3_7hGG0306cw"]},{"@type":"Person","@id":"https:\/\/www.bellunopress.it\/#\/schema\/person\/79bb06722b37ece1c03d3e94beb30d73","name":"r\u00e9daction","image":{"@type":"ImageObject","inLanguage":"fr-FR","@id":"https:\/\/secure.gravatar.com\/avatar\/37d968a2e67a6fd04c169c4bdef102d0bc5d31b2546345219e348575eb80e9a0?s=96&d=mm&r=g","url":"https:\/\/secure.gravatar.com\/avatar\/37d968a2e67a6fd04c169c4bdef102d0bc5d31b2546345219e348575eb80e9a0?s=96&d=mm&r=g","contentUrl":"https:\/\/secure.gravatar.com\/avatar\/37d968a2e67a6fd04c169c4bdef102d0bc5d31b2546345219e348575eb80e9a0?s=96&d=mm&r=g","caption":"redazione"},"sameAs":["http:\/\/www.bellunopress.it","https:\/\/x.com\/bellunopress"],"url":"https:\/\/www.bellunopress.it\/fr\/author\/redazione\/"}]}},"_links":{"self":[{"href":"https:\/\/www.bellunopress.it\/fr\/wp-json\/wp\/v2\/posts\/131550","targetHints":{"allow":["GET"]}}],"collection":[{"href":"https:\/\/www.bellunopress.it\/fr\/wp-json\/wp\/v2\/posts"}],"about":[{"href":"https:\/\/www.bellunopress.it\/fr\/wp-json\/wp\/v2\/types\/post"}],"author":[{"embeddable":true,"href":"https:\/\/www.bellunopress.it\/fr\/wp-json\/wp\/v2\/users\/2"}],"replies":[{"embeddable":true,"href":"https:\/\/www.bellunopress.it\/fr\/wp-json\/wp\/v2\/comments?post=131550"}],"version-history":[{"count":5,"href":"https:\/\/www.bellunopress.it\/fr\/wp-json\/wp\/v2\/posts\/131550\/revisions"}],"predecessor-version":[{"id":131555,"href":"https:\/\/www.bellunopress.it\/fr\/wp-json\/wp\/v2\/posts\/131550\/revisions\/131555"}],"wp:featuredmedia":[{"embeddable":true,"href":"https:\/\/www.bellunopress.it\/fr\/wp-json\/wp\/v2\/media\/119261"}],"wp:attachment":[{"href":"https:\/\/www.bellunopress.it\/fr\/wp-json\/wp\/v2\/media?parent=131550"}],"wp:term":[{"taxonomy":"category","embeddable":true,"href":"https:\/\/www.bellunopress.it\/fr\/wp-json\/wp\/v2\/categories?post=131550"},{"taxonomy":"post_tag","embeddable":true,"href":"https:\/\/www.bellunopress.it\/fr\/wp-json\/wp\/v2\/tags?post=131550"}],"curies":[{"name":"wp","href":"https:\/\/api.w.org\/{rel}","templated":true}]}}