{"id":131548,"date":"2022-02-21T20:10:31","date_gmt":"2022-02-21T19:10:31","guid":{"rendered":"https:\/\/www.bellunopress.it\/?p=131548"},"modified":"2022-02-21T20:10:31","modified_gmt":"2022-02-21T19:10:31","slug":"pechino-cede-il-testimone-inizia-il-viaggio-olimpico-oscar-de-pellegrin-grande-opportunita-per-belluno-la-dobbiamo-cogliere","status":"publish","type":"post","link":"https:\/\/www.bellunopress.it\/fr\/2022\/02\/21\/pechino-cede-il-testimone-inizia-il-viaggio-olimpico-oscar-de-pellegrin-grande-opportunita-per-belluno-la-dobbiamo-cogliere\/","title":{"rendered":"Pechino cede il testimone, inizia il viaggio olimpico. Oscar De Pellegrin: \u00abGrande opportunit\u00e0 per Belluno, la dobbiamo cogliere\u00bb"},"content":{"rendered":"<p><img loading=\"lazy\" decoding=\"async\" class=\"alignleft size-full wp-image-131475\" src=\"https:\/\/www.bellunopress.it\/wp-content\/uploads\/2022\/02\/Oscar-De-Pellegrin_edited.jpg\" alt=\"\" width=\"1000\" height=\"750\" srcset=\"https:\/\/www.bellunopress.it\/wp-content\/uploads\/2022\/02\/Oscar-De-Pellegrin_edited.jpg 1000w, https:\/\/www.bellunopress.it\/wp-content\/uploads\/2022\/02\/Oscar-De-Pellegrin_edited-500x375.jpg 500w, https:\/\/www.bellunopress.it\/wp-content\/uploads\/2022\/02\/Oscar-De-Pellegrin_edited-696x522.jpg 696w, https:\/\/www.bellunopress.it\/wp-content\/uploads\/2022\/02\/Oscar-De-Pellegrin_edited-560x420.jpg 560w, https:\/\/www.bellunopress.it\/wp-content\/uploads\/2022\/02\/Oscar-De-Pellegrin_edited-80x60.jpg 80w, https:\/\/www.bellunopress.it\/wp-content\/uploads\/2022\/02\/Oscar-De-Pellegrin_edited-265x198.jpg 265w\" sizes=\"auto, (max-width: 1000px) 100vw, 1000px\" \/>Cala il sipario sulle Olimpiadi invernali di Pechino. E, in attesa che partano le Paralimpiadi, inizia un viaggio che durer\u00e0 quattro anni. Il viaggio verso Milano-Cortina 2026.<\/p>\n<p>\u00abCon il simbolico passaggio di consegne avvenuto a Pechino, nella cerimonia di chiusura dei Giochi, si apre un\u2019avventura che dovr\u00e0 vederci protagonisti &#8211; afferma il candidato sindaco del Comune di Belluno, Oscar De Pellegrin -. Tutti, nessuno escluso. Pure il capoluogo dovr\u00e0 recitare una parte importante. Insomma, parafrasando il nome della lista civica con cui mi presento alle prossime elezioni amministrative, dobbiamo rimettere \u201cBelluno al centro\u201d: anche della mappa olimpica. S\u00ec, Belluno deve essere protagonista di questo grande evento\u00bb.<\/p>\n<p>Da parte sua, il candidato pu\u00f2 mettere in campo un lungo percorso professionale condotto all\u2019interno del mondo sportivo, con vari ruoli dirigenziali: \u00abRitengo di aver raggiunto un buon livello di esperienza e di aver arricchito un bagaglio che ora metto a disposizione della mia citt\u00e0. Ho fatto parte del Comitato esecutivo del Coni, del Cip e della Fitarco. Sono stato poi responsabile nazionale di progetti ad ampio respiro per l\u2019avviamento allo sport delle persone con disabilit\u00e0: in questo senso, abbiamo stipulato una convenzione con ben 32 centri di Unit\u00e0 spinale in ogni angolo d\u2019Italia\u00bb.<\/p>\n<p>Insomma, la politica sportiva \u00e8 un terreno che Oscar De Pellegrin conosce in maniera dettagliata: \u00abIl fatto di avere nuovamente la bandiera olimpica sul nostro territorio \u00e8 motivo di profondo orgoglio. Ed \u00e8 anche un\u2019emozione particolare. Quella stessa emozione che, nei giorni scorsi, abbiamo vissuto davanti al televisore grazie alla \u201cnostra\u201d Stefania Constantini, medaglia d\u2019oro nel curling, e in generale grazie alle atlete e agli atleti azzurri\u00bb. In vista del 2026, Belluno intende arrivare pronta: \u00ab\u00c8 un\u2019opportunit\u00e0 irrinunciabile, per la quale mi spender\u00f2 fino all\u2019ultima goccia di sudore. Lo sport \u00e8 uno straordinario motore di sviluppo: non solo a livello turistico e, di riflesso, economico, ma anche in ambito sociale\u00bb.<\/p>","protected":false},"excerpt":{"rendered":"<p>Cala il sipario sulle Olimpiadi invernali di Pechino. E, in attesa che partano le Paralimpiadi, inizia un viaggio che durer\u00e0 quattro anni. Il viaggio verso Milano-Cortina 2026. \u00abCon il simbolico passaggio di consegne avvenuto a Pechino, nella cerimonia di chiusura dei Giochi, si apre un\u2019avventura che dovr\u00e0 vederci protagonisti &#8211; afferma il candidato sindaco del [&hellip;]<\/p>\n","protected":false},"author":2,"featured_media":131475,"comment_status":"closed","ping_status":"open","sticky":false,"template":"","format":"standard","meta":{"footnotes":""},"categories":[5,26,4],"tags":[],"class_list":["post-131548","post","type-post","status-publish","format-standard","has-post-thumbnail","category-cronaca","category-prima-pagina","category-sport"],"yoast_head":"<!-- This site is optimized with the Yoast SEO plugin v28.4 - https:\/\/yoast.com\/product\/yoast-seo-wordpress\/ -->\n<title>Pechino cede il testimone, inizia il viaggio olimpico. Oscar De Pellegrin: \u00abGrande opportunit\u00e0 per Belluno, la dobbiamo cogliere\u00bb - Bellunopress - Dolomiti<\/title>\n<meta name=\"robots\" content=\"index, follow, max-snippet:-1, max-image-preview:large, max-video-preview:-1\" \/>\n<link rel=\"canonical\" href=\"https:\/\/www.bellunopress.it\/fr\/2022\/02\/21\/pechino-cede-il-testimone-inizia-il-viaggio-olimpico-oscar-de-pellegrin-grande-opportunita-per-belluno-la-dobbiamo-cogliere\/\" \/>\n<meta property=\"og:locale\" content=\"fr_FR\" \/>\n<meta property=\"og:type\" content=\"article\" \/>\n<meta property=\"og:title\" content=\"Pechino cede il testimone, inizia il viaggio olimpico. Oscar De Pellegrin: \u00abGrande opportunit\u00e0 per Belluno, la dobbiamo cogliere\u00bb - Bellunopress - Dolomiti\" \/>\n<meta property=\"og:description\" content=\"Cala il sipario sulle Olimpiadi invernali di Pechino. E, in attesa che partano le Paralimpiadi, inizia un viaggio che durer\u00e0 quattro anni. Il viaggio verso Milano-Cortina 2026. \u00abCon il simbolico passaggio di consegne avvenuto a Pechino, nella cerimonia di chiusura dei Giochi, si apre un\u2019avventura che dovr\u00e0 vederci protagonisti &#8211; afferma il candidato sindaco del [&hellip;]\" \/>\n<meta property=\"og:url\" content=\"https:\/\/www.bellunopress.it\/fr\/2022\/02\/21\/pechino-cede-il-testimone-inizia-il-viaggio-olimpico-oscar-de-pellegrin-grande-opportunita-per-belluno-la-dobbiamo-cogliere\/\" \/>\n<meta property=\"og:site_name\" content=\"Bellunopress - Dolomiti\" \/>\n<meta property=\"article:publisher\" content=\"https:\/\/www.facebook.com\/profile.php?id=100008943462799\" \/>\n<meta property=\"article:published_time\" content=\"2022-02-21T19:10:31+00:00\" \/>\n<meta property=\"og:image\" content=\"https:\/\/www.bellunopress.it\/wp-content\/uploads\/2022\/02\/Oscar-De-Pellegrin_edited.jpg\" \/>\n\t<meta property=\"og:image:width\" content=\"1000\" \/>\n\t<meta property=\"og:image:height\" content=\"750\" \/>\n\t<meta property=\"og:image:type\" content=\"image\/jpeg\" \/>\n<meta name=\"author\" content=\"redazione\" \/>\n<meta name=\"twitter:card\" content=\"summary_large_image\" \/>\n<meta name=\"twitter:creator\" content=\"@bellunopress\" \/>\n<meta name=\"twitter:site\" content=\"@bellunopress\" \/>\n<meta name=\"twitter:label1\" content=\"\u00c9crit par\" \/>\n\t<meta name=\"twitter:data1\" content=\"redazione\" \/>\n\t<meta name=\"twitter:label2\" content=\"Dur\u00e9e de lecture estim\u00e9e\" \/>\n\t<meta name=\"twitter:data2\" content=\"2 minutes\" \/>\n<script type=\"application\/ld+json\" class=\"yoast-schema-graph\">{\"@context\":\"https:\\\/\\\/schema.org\",\"@graph\":[{\"@type\":\"Article\",\"@id\":\"https:\\\/\\\/www.bellunopress.it\\\/2022\\\/02\\\/21\\\/pechino-cede-il-testimone-inizia-il-viaggio-olimpico-oscar-de-pellegrin-grande-opportunita-per-belluno-la-dobbiamo-cogliere\\\/#article\",\"isPartOf\":{\"@id\":\"https:\\\/\\\/www.bellunopress.it\\\/2022\\\/02\\\/21\\\/pechino-cede-il-testimone-inizia-il-viaggio-olimpico-oscar-de-pellegrin-grande-opportunita-per-belluno-la-dobbiamo-cogliere\\\/\"},\"author\":{\"name\":\"redazione\",\"@id\":\"https:\\\/\\\/www.bellunopress.it\\\/#\\\/schema\\\/person\\\/79bb06722b37ece1c03d3e94beb30d73\"},\"headline\":\"Pechino cede il testimone, inizia il viaggio olimpico. Oscar De Pellegrin: \u00abGrande opportunit\u00e0 per Belluno, la dobbiamo cogliere\u00bb\",\"datePublished\":\"2022-02-21T19:10:31+00:00\",\"mainEntityOfPage\":{\"@id\":\"https:\\\/\\\/www.bellunopress.it\\\/2022\\\/02\\\/21\\\/pechino-cede-il-testimone-inizia-il-viaggio-olimpico-oscar-de-pellegrin-grande-opportunita-per-belluno-la-dobbiamo-cogliere\\\/\"},\"wordCount\":328,\"publisher\":{\"@id\":\"https:\\\/\\\/www.bellunopress.it\\\/#organization\"},\"image\":{\"@id\":\"https:\\\/\\\/www.bellunopress.it\\\/2022\\\/02\\\/21\\\/pechino-cede-il-testimone-inizia-il-viaggio-olimpico-oscar-de-pellegrin-grande-opportunita-per-belluno-la-dobbiamo-cogliere\\\/#primaryimage\"},\"thumbnailUrl\":\"https:\\\/\\\/www.bellunopress.it\\\/wp-content\\\/uploads\\\/2022\\\/02\\\/Oscar-De-Pellegrin_edited.jpg\",\"articleSection\":[\"Cronaca\\\/Politica\",\"Prima Pagina\",\"Sport, tempo libero\"],\"inLanguage\":\"fr-FR\"},{\"@type\":\"WebPage\",\"@id\":\"https:\\\/\\\/www.bellunopress.it\\\/2022\\\/02\\\/21\\\/pechino-cede-il-testimone-inizia-il-viaggio-olimpico-oscar-de-pellegrin-grande-opportunita-per-belluno-la-dobbiamo-cogliere\\\/\",\"url\":\"https:\\\/\\\/www.bellunopress.it\\\/2022\\\/02\\\/21\\\/pechino-cede-il-testimone-inizia-il-viaggio-olimpico-oscar-de-pellegrin-grande-opportunita-per-belluno-la-dobbiamo-cogliere\\\/\",\"name\":\"Pechino cede il testimone, inizia il viaggio olimpico. Oscar De Pellegrin: \u00abGrande opportunit\u00e0 per Belluno, la dobbiamo cogliere\u00bb - Bellunopress - Dolomiti\",\"isPartOf\":{\"@id\":\"https:\\\/\\\/www.bellunopress.it\\\/#website\"},\"primaryImageOfPage\":{\"@id\":\"https:\\\/\\\/www.bellunopress.it\\\/2022\\\/02\\\/21\\\/pechino-cede-il-testimone-inizia-il-viaggio-olimpico-oscar-de-pellegrin-grande-opportunita-per-belluno-la-dobbiamo-cogliere\\\/#primaryimage\"},\"image\":{\"@id\":\"https:\\\/\\\/www.bellunopress.it\\\/2022\\\/02\\\/21\\\/pechino-cede-il-testimone-inizia-il-viaggio-olimpico-oscar-de-pellegrin-grande-opportunita-per-belluno-la-dobbiamo-cogliere\\\/#primaryimage\"},\"thumbnailUrl\":\"https:\\\/\\\/www.bellunopress.it\\\/wp-content\\\/uploads\\\/2022\\\/02\\\/Oscar-De-Pellegrin_edited.jpg\",\"datePublished\":\"2022-02-21T19:10:31+00:00\",\"breadcrumb\":{\"@id\":\"https:\\\/\\\/www.bellunopress.it\\\/2022\\\/02\\\/21\\\/pechino-cede-il-testimone-inizia-il-viaggio-olimpico-oscar-de-pellegrin-grande-opportunita-per-belluno-la-dobbiamo-cogliere\\\/#breadcrumb\"},\"inLanguage\":\"fr-FR\",\"potentialAction\":[{\"@type\":\"ReadAction\",\"target\":[\"https:\\\/\\\/www.bellunopress.it\\\/2022\\\/02\\\/21\\\/pechino-cede-il-testimone-inizia-il-viaggio-olimpico-oscar-de-pellegrin-grande-opportunita-per-belluno-la-dobbiamo-cogliere\\\/\"]}]},{\"@type\":\"ImageObject\",\"inLanguage\":\"fr-FR\",\"@id\":\"https:\\\/\\\/www.bellunopress.it\\\/2022\\\/02\\\/21\\\/pechino-cede-il-testimone-inizia-il-viaggio-olimpico-oscar-de-pellegrin-grande-opportunita-per-belluno-la-dobbiamo-cogliere\\\/#primaryimage\",\"url\":\"https:\\\/\\\/www.bellunopress.it\\\/wp-content\\\/uploads\\\/2022\\\/02\\\/Oscar-De-Pellegrin_edited.jpg\",\"contentUrl\":\"https:\\\/\\\/www.bellunopress.it\\\/wp-content\\\/uploads\\\/2022\\\/02\\\/Oscar-De-Pellegrin_edited.jpg\",\"width\":1000,\"height\":750,\"caption\":\"Oscar De Pellegrin, candidato sindaco di Belluno amministrative 2022\"},{\"@type\":\"BreadcrumbList\",\"@id\":\"https:\\\/\\\/www.bellunopress.it\\\/2022\\\/02\\\/21\\\/pechino-cede-il-testimone-inizia-il-viaggio-olimpico-oscar-de-pellegrin-grande-opportunita-per-belluno-la-dobbiamo-cogliere\\\/#breadcrumb\",\"itemListElement\":[{\"@type\":\"ListItem\",\"position\":1,\"name\":\"Home\",\"item\":\"https:\\\/\\\/www.bellunopress.it\\\/\"},{\"@type\":\"ListItem\",\"position\":2,\"name\":\"Pechino cede il testimone, inizia il viaggio olimpico. Oscar De Pellegrin: \u00abGrande opportunit\u00e0 per Belluno, la dobbiamo cogliere\u00bb\"}]},{\"@type\":\"WebSite\",\"@id\":\"https:\\\/\\\/www.bellunopress.it\\\/#website\",\"url\":\"https:\\\/\\\/www.bellunopress.it\\\/\",\"name\":\"Bellunopress - Dolomiti\",\"description\":\"e-mail: redazione@bellunopress.it\",\"publisher\":{\"@id\":\"https:\\\/\\\/www.bellunopress.it\\\/#organization\"},\"potentialAction\":[{\"@type\":\"SearchAction\",\"target\":{\"@type\":\"EntryPoint\",\"urlTemplate\":\"https:\\\/\\\/www.bellunopress.it\\\/?s={search_term_string}\"},\"query-input\":{\"@type\":\"PropertyValueSpecification\",\"valueRequired\":true,\"valueName\":\"search_term_string\"}}],\"inLanguage\":\"fr-FR\"},{\"@type\":\"Organization\",\"@id\":\"https:\\\/\\\/www.bellunopress.it\\\/#organization\",\"name\":\"Bellunopress\",\"url\":\"https:\\\/\\\/www.bellunopress.it\\\/\",\"logo\":{\"@type\":\"ImageObject\",\"inLanguage\":\"fr-FR\",\"@id\":\"https:\\\/\\\/www.bellunopress.it\\\/#\\\/schema\\\/logo\\\/image\\\/\",\"url\":\"https:\\\/\\\/www.bellunopress.it\\\/wp-content\\\/uploads\\\/2011\\\/05\\\/cropped-logo-bellunopress-.jpg\",\"contentUrl\":\"https:\\\/\\\/www.bellunopress.it\\\/wp-content\\\/uploads\\\/2011\\\/05\\\/cropped-logo-bellunopress-.jpg\",\"width\":512,\"height\":512,\"caption\":\"Bellunopress\"},\"image\":{\"@id\":\"https:\\\/\\\/www.bellunopress.it\\\/#\\\/schema\\\/logo\\\/image\\\/\"},\"sameAs\":[\"https:\\\/\\\/www.facebook.com\\\/profile.php?id=100008943462799\",\"https:\\\/\\\/x.com\\\/bellunopress\",\"https:\\\/\\\/www.linkedin.com\\\/hp\\\/?dnr=JBzUWaJfMUw8vbXJJ2tVW5-I3jZKvC4wsoxE&amp;amp;amp;amp;amp;amp;trk=nav_responsive_tab_home\",\"https:\\\/\\\/www.youtube.com\\\/channel\\\/UCxL0wu1uN0_3_7hGG0306cw\"]},{\"@type\":\"Person\",\"@id\":\"https:\\\/\\\/www.bellunopress.it\\\/#\\\/schema\\\/person\\\/79bb06722b37ece1c03d3e94beb30d73\",\"name\":\"redazione\",\"image\":{\"@type\":\"ImageObject\",\"inLanguage\":\"fr-FR\",\"@id\":\"https:\\\/\\\/secure.gravatar.com\\\/avatar\\\/37d968a2e67a6fd04c169c4bdef102d0bc5d31b2546345219e348575eb80e9a0?s=96&d=mm&r=g\",\"url\":\"https:\\\/\\\/secure.gravatar.com\\\/avatar\\\/37d968a2e67a6fd04c169c4bdef102d0bc5d31b2546345219e348575eb80e9a0?s=96&d=mm&r=g\",\"contentUrl\":\"https:\\\/\\\/secure.gravatar.com\\\/avatar\\\/37d968a2e67a6fd04c169c4bdef102d0bc5d31b2546345219e348575eb80e9a0?s=96&d=mm&r=g\",\"caption\":\"redazione\"},\"sameAs\":[\"http:\\\/\\\/www.bellunopress.it\",\"https:\\\/\\\/x.com\\\/bellunopress\"],\"url\":\"https:\\\/\\\/www.bellunopress.it\\\/fr\\\/author\\\/redazione\\\/\"}]}<\/script>\n<!-- \/ Yoast SEO plugin. -->","yoast_head_json":{"title":"Pechino cede il testimone, inizia il viaggio olimpico. Oscar De Pellegrin: \u00abGrande opportunit\u00e0 per Belluno, la dobbiamo cogliere\u00bb - Bellunopress - Dolomiti","robots":{"index":"index","follow":"follow","max-snippet":"max-snippet:-1","max-image-preview":"max-image-preview:large","max-video-preview":"max-video-preview:-1"},"canonical":"https:\/\/www.bellunopress.it\/fr\/2022\/02\/21\/pechino-cede-il-testimone-inizia-il-viaggio-olimpico-oscar-de-pellegrin-grande-opportunita-per-belluno-la-dobbiamo-cogliere\/","og_locale":"fr_FR","og_type":"article","og_title":"Pechino cede il testimone, inizia il viaggio olimpico. Oscar De Pellegrin: \u00abGrande opportunit\u00e0 per Belluno, la dobbiamo cogliere\u00bb - Bellunopress - Dolomiti","og_description":"Cala il sipario sulle Olimpiadi invernali di Pechino. E, in attesa che partano le Paralimpiadi, inizia un viaggio che durer\u00e0 quattro anni. Il viaggio verso Milano-Cortina 2026. \u00abCon il simbolico passaggio di consegne avvenuto a Pechino, nella cerimonia di chiusura dei Giochi, si apre un\u2019avventura che dovr\u00e0 vederci protagonisti &#8211; afferma il candidato sindaco del [&hellip;]","og_url":"https:\/\/www.bellunopress.it\/fr\/2022\/02\/21\/pechino-cede-il-testimone-inizia-il-viaggio-olimpico-oscar-de-pellegrin-grande-opportunita-per-belluno-la-dobbiamo-cogliere\/","og_site_name":"Bellunopress - Dolomiti","article_publisher":"https:\/\/www.facebook.com\/profile.php?id=100008943462799","article_published_time":"2022-02-21T19:10:31+00:00","og_image":[{"width":1000,"height":750,"url":"https:\/\/www.bellunopress.it\/wp-content\/uploads\/2022\/02\/Oscar-De-Pellegrin_edited.jpg","type":"image\/jpeg"}],"author":"redazione","twitter_card":"summary_large_image","twitter_creator":"@bellunopress","twitter_site":"@bellunopress","twitter_misc":{"\u00c9crit par":"redazione","Dur\u00e9e de lecture estim\u00e9e":"2 minutes"},"schema":{"@context":"https:\/\/schema.org","@graph":[{"@type":"Article","@id":"https:\/\/www.bellunopress.it\/2022\/02\/21\/pechino-cede-il-testimone-inizia-il-viaggio-olimpico-oscar-de-pellegrin-grande-opportunita-per-belluno-la-dobbiamo-cogliere\/#article","isPartOf":{"@id":"https:\/\/www.bellunopress.it\/2022\/02\/21\/pechino-cede-il-testimone-inizia-il-viaggio-olimpico-oscar-de-pellegrin-grande-opportunita-per-belluno-la-dobbiamo-cogliere\/"},"author":{"name":"redazione","@id":"https:\/\/www.bellunopress.it\/#\/schema\/person\/79bb06722b37ece1c03d3e94beb30d73"},"headline":"Pechino cede il testimone, inizia il viaggio olimpico. Oscar De Pellegrin: \u00abGrande opportunit\u00e0 per Belluno, la dobbiamo cogliere\u00bb","datePublished":"2022-02-21T19:10:31+00:00","mainEntityOfPage":{"@id":"https:\/\/www.bellunopress.it\/2022\/02\/21\/pechino-cede-il-testimone-inizia-il-viaggio-olimpico-oscar-de-pellegrin-grande-opportunita-per-belluno-la-dobbiamo-cogliere\/"},"wordCount":328,"publisher":{"@id":"https:\/\/www.bellunopress.it\/#organization"},"image":{"@id":"https:\/\/www.bellunopress.it\/2022\/02\/21\/pechino-cede-il-testimone-inizia-il-viaggio-olimpico-oscar-de-pellegrin-grande-opportunita-per-belluno-la-dobbiamo-cogliere\/#primaryimage"},"thumbnailUrl":"https:\/\/www.bellunopress.it\/wp-content\/uploads\/2022\/02\/Oscar-De-Pellegrin_edited.jpg","articleSection":["Cronaca\/Politica","Prima Pagina","Sport, tempo libero"],"inLanguage":"fr-FR"},{"@type":"WebPage","@id":"https:\/\/www.bellunopress.it\/2022\/02\/21\/pechino-cede-il-testimone-inizia-il-viaggio-olimpico-oscar-de-pellegrin-grande-opportunita-per-belluno-la-dobbiamo-cogliere\/","url":"https:\/\/www.bellunopress.it\/2022\/02\/21\/pechino-cede-il-testimone-inizia-il-viaggio-olimpico-oscar-de-pellegrin-grande-opportunita-per-belluno-la-dobbiamo-cogliere\/","name":"Pechino cede il testimone, inizia il viaggio olimpico. Oscar De Pellegrin: \u00abGrande opportunit\u00e0 per Belluno, la dobbiamo cogliere\u00bb - Bellunopress - Dolomiti","isPartOf":{"@id":"https:\/\/www.bellunopress.it\/#website"},"primaryImageOfPage":{"@id":"https:\/\/www.bellunopress.it\/2022\/02\/21\/pechino-cede-il-testimone-inizia-il-viaggio-olimpico-oscar-de-pellegrin-grande-opportunita-per-belluno-la-dobbiamo-cogliere\/#primaryimage"},"image":{"@id":"https:\/\/www.bellunopress.it\/2022\/02\/21\/pechino-cede-il-testimone-inizia-il-viaggio-olimpico-oscar-de-pellegrin-grande-opportunita-per-belluno-la-dobbiamo-cogliere\/#primaryimage"},"thumbnailUrl":"https:\/\/www.bellunopress.it\/wp-content\/uploads\/2022\/02\/Oscar-De-Pellegrin_edited.jpg","datePublished":"2022-02-21T19:10:31+00:00","breadcrumb":{"@id":"https:\/\/www.bellunopress.it\/2022\/02\/21\/pechino-cede-il-testimone-inizia-il-viaggio-olimpico-oscar-de-pellegrin-grande-opportunita-per-belluno-la-dobbiamo-cogliere\/#breadcrumb"},"inLanguage":"fr-FR","potentialAction":[{"@type":"ReadAction","target":["https:\/\/www.bellunopress.it\/2022\/02\/21\/pechino-cede-il-testimone-inizia-il-viaggio-olimpico-oscar-de-pellegrin-grande-opportunita-per-belluno-la-dobbiamo-cogliere\/"]}]},{"@type":"ImageObject","inLanguage":"fr-FR","@id":"https:\/\/www.bellunopress.it\/2022\/02\/21\/pechino-cede-il-testimone-inizia-il-viaggio-olimpico-oscar-de-pellegrin-grande-opportunita-per-belluno-la-dobbiamo-cogliere\/#primaryimage","url":"https:\/\/www.bellunopress.it\/wp-content\/uploads\/2022\/02\/Oscar-De-Pellegrin_edited.jpg","contentUrl":"https:\/\/www.bellunopress.it\/wp-content\/uploads\/2022\/02\/Oscar-De-Pellegrin_edited.jpg","width":1000,"height":750,"caption":"Oscar De Pellegrin, candidato sindaco di Belluno amministrative 2022"},{"@type":"BreadcrumbList","@id":"https:\/\/www.bellunopress.it\/2022\/02\/21\/pechino-cede-il-testimone-inizia-il-viaggio-olimpico-oscar-de-pellegrin-grande-opportunita-per-belluno-la-dobbiamo-cogliere\/#breadcrumb","itemListElement":[{"@type":"ListItem","position":1,"name":"Home","item":"https:\/\/www.bellunopress.it\/"},{"@type":"ListItem","position":2,"name":"Pechino cede il testimone, inizia il viaggio olimpico. Oscar De Pellegrin: \u00abGrande opportunit\u00e0 per Belluno, la dobbiamo cogliere\u00bb"}]},{"@type":"WebSite","@id":"https:\/\/www.bellunopress.it\/#website","url":"https:\/\/www.bellunopress.it\/","name":"Bellunopress - Dolomiti","description":"e-mail: redazione@bellunopress.it","publisher":{"@id":"https:\/\/www.bellunopress.it\/#organization"},"potentialAction":[{"@type":"SearchAction","target":{"@type":"EntryPoint","urlTemplate":"https:\/\/www.bellunopress.it\/?s={search_term_string}"},"query-input":{"@type":"PropertyValueSpecification","valueRequired":true,"valueName":"search_term_string"}}],"inLanguage":"fr-FR"},{"@type":"Organization","@id":"https:\/\/www.bellunopress.it\/#organization","name":"Bellunopress","url":"https:\/\/www.bellunopress.it\/","logo":{"@type":"ImageObject","inLanguage":"fr-FR","@id":"https:\/\/www.bellunopress.it\/#\/schema\/logo\/image\/","url":"https:\/\/www.bellunopress.it\/wp-content\/uploads\/2011\/05\/cropped-logo-bellunopress-.jpg","contentUrl":"https:\/\/www.bellunopress.it\/wp-content\/uploads\/2011\/05\/cropped-logo-bellunopress-.jpg","width":512,"height":512,"caption":"Bellunopress"},"image":{"@id":"https:\/\/www.bellunopress.it\/#\/schema\/logo\/image\/"},"sameAs":["https:\/\/www.facebook.com\/profile.php?id=100008943462799","https:\/\/x.com\/bellunopress","https:\/\/www.linkedin.com\/hp\/?dnr=JBzUWaJfMUw8vbXJJ2tVW5-I3jZKvC4wsoxE&amp;amp;amp;amp;amp;amp;trk=nav_responsive_tab_home","https:\/\/www.youtube.com\/channel\/UCxL0wu1uN0_3_7hGG0306cw"]},{"@type":"Person","@id":"https:\/\/www.bellunopress.it\/#\/schema\/person\/79bb06722b37ece1c03d3e94beb30d73","name":"r\u00e9daction","image":{"@type":"ImageObject","inLanguage":"fr-FR","@id":"https:\/\/secure.gravatar.com\/avatar\/37d968a2e67a6fd04c169c4bdef102d0bc5d31b2546345219e348575eb80e9a0?s=96&d=mm&r=g","url":"https:\/\/secure.gravatar.com\/avatar\/37d968a2e67a6fd04c169c4bdef102d0bc5d31b2546345219e348575eb80e9a0?s=96&d=mm&r=g","contentUrl":"https:\/\/secure.gravatar.com\/avatar\/37d968a2e67a6fd04c169c4bdef102d0bc5d31b2546345219e348575eb80e9a0?s=96&d=mm&r=g","caption":"redazione"},"sameAs":["http:\/\/www.bellunopress.it","https:\/\/x.com\/bellunopress"],"url":"https:\/\/www.bellunopress.it\/fr\/author\/redazione\/"}]}},"_links":{"self":[{"href":"https:\/\/www.bellunopress.it\/fr\/wp-json\/wp\/v2\/posts\/131548","targetHints":{"allow":["GET"]}}],"collection":[{"href":"https:\/\/www.bellunopress.it\/fr\/wp-json\/wp\/v2\/posts"}],"about":[{"href":"https:\/\/www.bellunopress.it\/fr\/wp-json\/wp\/v2\/types\/post"}],"author":[{"embeddable":true,"href":"https:\/\/www.bellunopress.it\/fr\/wp-json\/wp\/v2\/users\/2"}],"replies":[{"embeddable":true,"href":"https:\/\/www.bellunopress.it\/fr\/wp-json\/wp\/v2\/comments?post=131548"}],"version-history":[{"count":1,"href":"https:\/\/www.bellunopress.it\/fr\/wp-json\/wp\/v2\/posts\/131548\/revisions"}],"predecessor-version":[{"id":131549,"href":"https:\/\/www.bellunopress.it\/fr\/wp-json\/wp\/v2\/posts\/131548\/revisions\/131549"}],"wp:featuredmedia":[{"embeddable":true,"href":"https:\/\/www.bellunopress.it\/fr\/wp-json\/wp\/v2\/media\/131475"}],"wp:attachment":[{"href":"https:\/\/www.bellunopress.it\/fr\/wp-json\/wp\/v2\/media?parent=131548"}],"wp:term":[{"taxonomy":"category","embeddable":true,"href":"https:\/\/www.bellunopress.it\/fr\/wp-json\/wp\/v2\/categories?post=131548"},{"taxonomy":"post_tag","embeddable":true,"href":"https:\/\/www.bellunopress.it\/fr\/wp-json\/wp\/v2\/tags?post=131548"}],"curies":[{"name":"wp","href":"https:\/\/api.w.org\/{rel}","templated":true}]}}