{"id":131501,"date":"2022-02-19T20:44:31","date_gmt":"2022-02-19T19:44:31","guid":{"rendered":"https:\/\/www.bellunopress.it\/?p=131501"},"modified":"2022-02-19T21:18:28","modified_gmt":"2022-02-19T20:18:28","slug":"no-greenpass-30-belluno-muratore-udienza-dei-sindaci-dal-papa-nessuno-indossa-la-mascherina-loro-non-rispettano-la-legge","status":"publish","type":"post","link":"https:\/\/www.bellunopress.it\/fr\/2022\/02\/19\/no-greenpass-30-belluno-muratore-udienza-dei-sindaci-dal-papa-nessuno-indossa-la-mascherina-loro-non-rispettano-la-legge\/","title":{"rendered":"No greenpass 30 Belluno. Muratore: Udienza dei sindaci dal papa, nessuno indossa la mascherina, loro non rispettano la legge"},"content":{"rendered":"<p><img loading=\"lazy\" decoding=\"async\" class=\"alignnone size-full wp-image-131504\" src=\"https:\/\/www.bellunopress.it\/wp-content\/uploads\/2022\/02\/no-greenpass-30-belluno_edited.jpg\" alt=\"\" width=\"1000\" height=\"750\" srcset=\"https:\/\/www.bellunopress.it\/wp-content\/uploads\/2022\/02\/no-greenpass-30-belluno_edited.jpg 1000w, https:\/\/www.bellunopress.it\/wp-content\/uploads\/2022\/02\/no-greenpass-30-belluno_edited-500x375.jpg 500w, https:\/\/www.bellunopress.it\/wp-content\/uploads\/2022\/02\/no-greenpass-30-belluno_edited-696x522.jpg 696w, https:\/\/www.bellunopress.it\/wp-content\/uploads\/2022\/02\/no-greenpass-30-belluno_edited-560x420.jpg 560w, https:\/\/www.bellunopress.it\/wp-content\/uploads\/2022\/02\/no-greenpass-30-belluno_edited-80x60.jpg 80w, https:\/\/www.bellunopress.it\/wp-content\/uploads\/2022\/02\/no-greenpass-30-belluno_edited-265x198.jpg 265w\" sizes=\"auto, (max-width: 1000px) 100vw, 1000px\" \/>Belluno, 19 febbraio 2022 &#8211; Nuovo appuntamento nel pomeriggio di oggi al Parco &#8220;Citt\u00e0 di Bologna&#8221; a Belluno, per la consueta manifestazione no greenpass, giunta oramai alla sua 30ma puntata. Come sempre tutto si \u00e8 svolto nella massima tranquillit\u00e0, con vari interventi nei quali ognuno ha portato la propria esperienza, o il racconto di fatti successi a parenti o amici di cui sono venuti a conoscenza.<\/p>\n<p>Applaudito l&#8217;intervento della farmacista bellunese Cristina Muratore, che ha evidenziato una serie di circostanze grottesce accadute in questi due anni di pandemia. &#8220;Sono indignata e dispiaciuta &#8211; ha detto &#8211; per il trattamento riservato al compianto scienziato francese e Premio Nobel Luc Montagnier, etichettato come leader no-vax, che solo ultimamente ha visto riconosciuta la sua verit\u00e0 sull&#8217;origine del virus Sars Cov 2 ingegnerizzato nei laboratori di Wuhan, non gi\u00e0 di origine animale da pipistrello o pangolino. Il professor Montagnier venne massacrato dalla stampa e nessuno ha chiesto scusa&#8221;! Perplessit\u00e0 anche sulla gestione della pandemia in Italia &#8220;dove a differenza della Cina, prima si \u00e8 lasciato circolare liberamente il virus e solo nella seconda fase sono state attuate le chiusure. Fatti per i quali dovrebbero essere chieste le dimissioni del governo&#8221;.<\/p>\n<p><img loading=\"lazy\" decoding=\"async\" class=\"alignnone size-full wp-image-131163\" src=\"https:\/\/www.bellunopress.it\/wp-content\/uploads\/2022\/02\/Massaro-in-udienza-dal-papa_edited.jpg\" alt=\"\" width=\"1000\" height=\"750\" srcset=\"https:\/\/www.bellunopress.it\/wp-content\/uploads\/2022\/02\/Massaro-in-udienza-dal-papa_edited.jpg 1000w, https:\/\/www.bellunopress.it\/wp-content\/uploads\/2022\/02\/Massaro-in-udienza-dal-papa_edited-500x375.jpg 500w, https:\/\/www.bellunopress.it\/wp-content\/uploads\/2022\/02\/Massaro-in-udienza-dal-papa_edited-696x522.jpg 696w, https:\/\/www.bellunopress.it\/wp-content\/uploads\/2022\/02\/Massaro-in-udienza-dal-papa_edited-560x420.jpg 560w, https:\/\/www.bellunopress.it\/wp-content\/uploads\/2022\/02\/Massaro-in-udienza-dal-papa_edited-80x60.jpg 80w, https:\/\/www.bellunopress.it\/wp-content\/uploads\/2022\/02\/Massaro-in-udienza-dal-papa_edited-265x198.jpg 265w\" sizes=\"auto, (max-width: 1000px) 100vw, 1000px\" \/>Altro episodio grottesco sottolineato dalla dottoressa Muratore, \u00e8 quello accaduto all&#8217;udienza dello scorso 5 febbraio dei sindaci dal papa. &#8220;Vi invito ad osservare la foto diffusa dai media, dove si vede che nessuno indossa la mascherina nella sala, al chiuso (tranne un dipendente del Vaticano ndr). Perch\u00e9 non rispettano le leggi? Siamo in democrazia, il popolo \u00e8 sovrano, ma loro non rispettano le leggi. E allora \u00e8 giusto ribellarsi. E giusta la disobbedienza civile&#8221;.<\/p>\n<p>&nbsp;<\/p>\n<p>&nbsp;<\/p>","protected":false},"excerpt":{"rendered":"<p>Belluno, 19 febbraio 2022 &#8211; Nuovo appuntamento nel pomeriggio di oggi al Parco &#8220;Citt\u00e0 di Bologna&#8221; a Belluno, per la consueta manifestazione no greenpass, giunta oramai alla sua 30ma puntata. Come sempre tutto si \u00e8 svolto nella massima tranquillit\u00e0, con vari interventi nei quali ognuno ha portato la propria esperienza, o il racconto di fatti [&hellip;]<\/p>\n","protected":false},"author":2,"featured_media":131504,"comment_status":"closed","ping_status":"open","sticky":false,"template":"","format":"standard","meta":{"footnotes":""},"categories":[5,3446,26],"tags":[],"class_list":["post-131501","post","type-post","status-publish","format-standard","has-post-thumbnail","category-cronaca","category-featured","category-prima-pagina"],"yoast_head":"<!-- This site is optimized with the Yoast SEO plugin v28.4 - https:\/\/yoast.com\/product\/yoast-seo-wordpress\/ -->\n<title>No greenpass 30 Belluno. Muratore: Udienza dei sindaci dal papa, nessuno indossa la mascherina, loro non rispettano la legge - Bellunopress - Dolomiti<\/title>\n<meta name=\"robots\" content=\"index, follow, max-snippet:-1, max-image-preview:large, max-video-preview:-1\" \/>\n<link rel=\"canonical\" href=\"https:\/\/www.bellunopress.it\/fr\/2022\/02\/19\/no-greenpass-30-belluno-muratore-udienza-dei-sindaci-dal-papa-nessuno-indossa-la-mascherina-loro-non-rispettano-la-legge\/\" \/>\n<meta property=\"og:locale\" content=\"fr_FR\" \/>\n<meta property=\"og:type\" content=\"article\" \/>\n<meta property=\"og:title\" content=\"No greenpass 30 Belluno. Muratore: Udienza dei sindaci dal papa, nessuno indossa la mascherina, loro non rispettano la legge - Bellunopress - Dolomiti\" \/>\n<meta property=\"og:description\" content=\"Belluno, 19 febbraio 2022 &#8211; Nuovo appuntamento nel pomeriggio di oggi al Parco &#8220;Citt\u00e0 di Bologna&#8221; a Belluno, per la consueta manifestazione no greenpass, giunta oramai alla sua 30ma puntata. Come sempre tutto si \u00e8 svolto nella massima tranquillit\u00e0, con vari interventi nei quali ognuno ha portato la propria esperienza, o il racconto di fatti [&hellip;]\" \/>\n<meta property=\"og:url\" content=\"https:\/\/www.bellunopress.it\/fr\/2022\/02\/19\/no-greenpass-30-belluno-muratore-udienza-dei-sindaci-dal-papa-nessuno-indossa-la-mascherina-loro-non-rispettano-la-legge\/\" \/>\n<meta property=\"og:site_name\" content=\"Bellunopress - Dolomiti\" \/>\n<meta property=\"article:publisher\" content=\"https:\/\/www.facebook.com\/profile.php?id=100008943462799\" \/>\n<meta property=\"article:published_time\" content=\"2022-02-19T19:44:31+00:00\" \/>\n<meta property=\"article:modified_time\" content=\"2022-02-19T20:18:28+00:00\" \/>\n<meta property=\"og:image\" content=\"https:\/\/www.bellunopress.it\/wp-content\/uploads\/2022\/02\/no-greenpass-30-belluno_edited.jpg\" \/>\n\t<meta property=\"og:image:width\" content=\"1000\" \/>\n\t<meta property=\"og:image:height\" content=\"750\" \/>\n\t<meta property=\"og:image:type\" content=\"image\/jpeg\" \/>\n<meta name=\"author\" content=\"redazione\" \/>\n<meta name=\"twitter:card\" content=\"summary_large_image\" \/>\n<meta name=\"twitter:creator\" content=\"@bellunopress\" \/>\n<meta name=\"twitter:site\" content=\"@bellunopress\" \/>\n<meta name=\"twitter:label1\" content=\"\u00c9crit par\" \/>\n\t<meta name=\"twitter:data1\" content=\"redazione\" \/>\n\t<meta name=\"twitter:label2\" content=\"Dur\u00e9e de lecture estim\u00e9e\" \/>\n\t<meta name=\"twitter:data2\" content=\"2 minutes\" \/>\n<script type=\"application\/ld+json\" class=\"yoast-schema-graph\">{\"@context\":\"https:\\\/\\\/schema.org\",\"@graph\":[{\"@type\":\"Article\",\"@id\":\"https:\\\/\\\/www.bellunopress.it\\\/2022\\\/02\\\/19\\\/no-greenpass-30-belluno-muratore-udienza-dei-sindaci-dal-papa-nessuno-indossa-la-mascherina-loro-non-rispettano-la-legge\\\/#article\",\"isPartOf\":{\"@id\":\"https:\\\/\\\/www.bellunopress.it\\\/2022\\\/02\\\/19\\\/no-greenpass-30-belluno-muratore-udienza-dei-sindaci-dal-papa-nessuno-indossa-la-mascherina-loro-non-rispettano-la-legge\\\/\"},\"author\":{\"name\":\"redazione\",\"@id\":\"https:\\\/\\\/www.bellunopress.it\\\/#\\\/schema\\\/person\\\/79bb06722b37ece1c03d3e94beb30d73\"},\"headline\":\"No greenpass 30 Belluno. Muratore: Udienza dei sindaci dal papa, nessuno indossa la mascherina, loro non rispettano la legge\",\"datePublished\":\"2022-02-19T19:44:31+00:00\",\"dateModified\":\"2022-02-19T20:18:28+00:00\",\"mainEntityOfPage\":{\"@id\":\"https:\\\/\\\/www.bellunopress.it\\\/2022\\\/02\\\/19\\\/no-greenpass-30-belluno-muratore-udienza-dei-sindaci-dal-papa-nessuno-indossa-la-mascherina-loro-non-rispettano-la-legge\\\/\"},\"wordCount\":284,\"publisher\":{\"@id\":\"https:\\\/\\\/www.bellunopress.it\\\/#organization\"},\"image\":{\"@id\":\"https:\\\/\\\/www.bellunopress.it\\\/2022\\\/02\\\/19\\\/no-greenpass-30-belluno-muratore-udienza-dei-sindaci-dal-papa-nessuno-indossa-la-mascherina-loro-non-rispettano-la-legge\\\/#primaryimage\"},\"thumbnailUrl\":\"https:\\\/\\\/www.bellunopress.it\\\/wp-content\\\/uploads\\\/2022\\\/02\\\/no-greenpass-30-belluno_edited.jpg\",\"articleSection\":[\"Cronaca\\\/Politica\",\"Featured\",\"Prima Pagina\"],\"inLanguage\":\"fr-FR\"},{\"@type\":\"WebPage\",\"@id\":\"https:\\\/\\\/www.bellunopress.it\\\/2022\\\/02\\\/19\\\/no-greenpass-30-belluno-muratore-udienza-dei-sindaci-dal-papa-nessuno-indossa-la-mascherina-loro-non-rispettano-la-legge\\\/\",\"url\":\"https:\\\/\\\/www.bellunopress.it\\\/2022\\\/02\\\/19\\\/no-greenpass-30-belluno-muratore-udienza-dei-sindaci-dal-papa-nessuno-indossa-la-mascherina-loro-non-rispettano-la-legge\\\/\",\"name\":\"No greenpass 30 Belluno. Muratore: Udienza dei sindaci dal papa, nessuno indossa la mascherina, loro non rispettano la legge - Bellunopress - Dolomiti\",\"isPartOf\":{\"@id\":\"https:\\\/\\\/www.bellunopress.it\\\/#website\"},\"primaryImageOfPage\":{\"@id\":\"https:\\\/\\\/www.bellunopress.it\\\/2022\\\/02\\\/19\\\/no-greenpass-30-belluno-muratore-udienza-dei-sindaci-dal-papa-nessuno-indossa-la-mascherina-loro-non-rispettano-la-legge\\\/#primaryimage\"},\"image\":{\"@id\":\"https:\\\/\\\/www.bellunopress.it\\\/2022\\\/02\\\/19\\\/no-greenpass-30-belluno-muratore-udienza-dei-sindaci-dal-papa-nessuno-indossa-la-mascherina-loro-non-rispettano-la-legge\\\/#primaryimage\"},\"thumbnailUrl\":\"https:\\\/\\\/www.bellunopress.it\\\/wp-content\\\/uploads\\\/2022\\\/02\\\/no-greenpass-30-belluno_edited.jpg\",\"datePublished\":\"2022-02-19T19:44:31+00:00\",\"dateModified\":\"2022-02-19T20:18:28+00:00\",\"breadcrumb\":{\"@id\":\"https:\\\/\\\/www.bellunopress.it\\\/2022\\\/02\\\/19\\\/no-greenpass-30-belluno-muratore-udienza-dei-sindaci-dal-papa-nessuno-indossa-la-mascherina-loro-non-rispettano-la-legge\\\/#breadcrumb\"},\"inLanguage\":\"fr-FR\",\"potentialAction\":[{\"@type\":\"ReadAction\",\"target\":[\"https:\\\/\\\/www.bellunopress.it\\\/2022\\\/02\\\/19\\\/no-greenpass-30-belluno-muratore-udienza-dei-sindaci-dal-papa-nessuno-indossa-la-mascherina-loro-non-rispettano-la-legge\\\/\"]}]},{\"@type\":\"ImageObject\",\"inLanguage\":\"fr-FR\",\"@id\":\"https:\\\/\\\/www.bellunopress.it\\\/2022\\\/02\\\/19\\\/no-greenpass-30-belluno-muratore-udienza-dei-sindaci-dal-papa-nessuno-indossa-la-mascherina-loro-non-rispettano-la-legge\\\/#primaryimage\",\"url\":\"https:\\\/\\\/www.bellunopress.it\\\/wp-content\\\/uploads\\\/2022\\\/02\\\/no-greenpass-30-belluno_edited.jpg\",\"contentUrl\":\"https:\\\/\\\/www.bellunopress.it\\\/wp-content\\\/uploads\\\/2022\\\/02\\\/no-greenpass-30-belluno_edited.jpg\",\"width\":1000,\"height\":750},{\"@type\":\"BreadcrumbList\",\"@id\":\"https:\\\/\\\/www.bellunopress.it\\\/2022\\\/02\\\/19\\\/no-greenpass-30-belluno-muratore-udienza-dei-sindaci-dal-papa-nessuno-indossa-la-mascherina-loro-non-rispettano-la-legge\\\/#breadcrumb\",\"itemListElement\":[{\"@type\":\"ListItem\",\"position\":1,\"name\":\"Home\",\"item\":\"https:\\\/\\\/www.bellunopress.it\\\/\"},{\"@type\":\"ListItem\",\"position\":2,\"name\":\"No greenpass 30 Belluno. Muratore: Udienza dei sindaci dal papa, nessuno indossa la mascherina, loro non rispettano la legge\"}]},{\"@type\":\"WebSite\",\"@id\":\"https:\\\/\\\/www.bellunopress.it\\\/#website\",\"url\":\"https:\\\/\\\/www.bellunopress.it\\\/\",\"name\":\"Bellunopress - Dolomiti\",\"description\":\"e-mail: redazione@bellunopress.it\",\"publisher\":{\"@id\":\"https:\\\/\\\/www.bellunopress.it\\\/#organization\"},\"potentialAction\":[{\"@type\":\"SearchAction\",\"target\":{\"@type\":\"EntryPoint\",\"urlTemplate\":\"https:\\\/\\\/www.bellunopress.it\\\/?s={search_term_string}\"},\"query-input\":{\"@type\":\"PropertyValueSpecification\",\"valueRequired\":true,\"valueName\":\"search_term_string\"}}],\"inLanguage\":\"fr-FR\"},{\"@type\":\"Organization\",\"@id\":\"https:\\\/\\\/www.bellunopress.it\\\/#organization\",\"name\":\"Bellunopress\",\"url\":\"https:\\\/\\\/www.bellunopress.it\\\/\",\"logo\":{\"@type\":\"ImageObject\",\"inLanguage\":\"fr-FR\",\"@id\":\"https:\\\/\\\/www.bellunopress.it\\\/#\\\/schema\\\/logo\\\/image\\\/\",\"url\":\"https:\\\/\\\/www.bellunopress.it\\\/wp-content\\\/uploads\\\/2011\\\/05\\\/cropped-logo-bellunopress-.jpg\",\"contentUrl\":\"https:\\\/\\\/www.bellunopress.it\\\/wp-content\\\/uploads\\\/2011\\\/05\\\/cropped-logo-bellunopress-.jpg\",\"width\":512,\"height\":512,\"caption\":\"Bellunopress\"},\"image\":{\"@id\":\"https:\\\/\\\/www.bellunopress.it\\\/#\\\/schema\\\/logo\\\/image\\\/\"},\"sameAs\":[\"https:\\\/\\\/www.facebook.com\\\/profile.php?id=100008943462799\",\"https:\\\/\\\/x.com\\\/bellunopress\",\"https:\\\/\\\/www.linkedin.com\\\/hp\\\/?dnr=JBzUWaJfMUw8vbXJJ2tVW5-I3jZKvC4wsoxE&amp;amp;amp;amp;amp;amp;trk=nav_responsive_tab_home\",\"https:\\\/\\\/www.youtube.com\\\/channel\\\/UCxL0wu1uN0_3_7hGG0306cw\"]},{\"@type\":\"Person\",\"@id\":\"https:\\\/\\\/www.bellunopress.it\\\/#\\\/schema\\\/person\\\/79bb06722b37ece1c03d3e94beb30d73\",\"name\":\"redazione\",\"image\":{\"@type\":\"ImageObject\",\"inLanguage\":\"fr-FR\",\"@id\":\"https:\\\/\\\/secure.gravatar.com\\\/avatar\\\/37d968a2e67a6fd04c169c4bdef102d0bc5d31b2546345219e348575eb80e9a0?s=96&d=mm&r=g\",\"url\":\"https:\\\/\\\/secure.gravatar.com\\\/avatar\\\/37d968a2e67a6fd04c169c4bdef102d0bc5d31b2546345219e348575eb80e9a0?s=96&d=mm&r=g\",\"contentUrl\":\"https:\\\/\\\/secure.gravatar.com\\\/avatar\\\/37d968a2e67a6fd04c169c4bdef102d0bc5d31b2546345219e348575eb80e9a0?s=96&d=mm&r=g\",\"caption\":\"redazione\"},\"sameAs\":[\"http:\\\/\\\/www.bellunopress.it\",\"https:\\\/\\\/x.com\\\/bellunopress\"],\"url\":\"https:\\\/\\\/www.bellunopress.it\\\/fr\\\/author\\\/redazione\\\/\"}]}<\/script>\n<!-- \/ Yoast SEO plugin. -->","yoast_head_json":{"title":"No greenpass 30 Belluno. Muratore: Udienza dei sindaci dal papa, nessuno indossa la mascherina, loro non rispettano la legge - Bellunopress - Dolomiti","robots":{"index":"index","follow":"follow","max-snippet":"max-snippet:-1","max-image-preview":"max-image-preview:large","max-video-preview":"max-video-preview:-1"},"canonical":"https:\/\/www.bellunopress.it\/fr\/2022\/02\/19\/no-greenpass-30-belluno-muratore-udienza-dei-sindaci-dal-papa-nessuno-indossa-la-mascherina-loro-non-rispettano-la-legge\/","og_locale":"fr_FR","og_type":"article","og_title":"No greenpass 30 Belluno. Muratore: Udienza dei sindaci dal papa, nessuno indossa la mascherina, loro non rispettano la legge - Bellunopress - Dolomiti","og_description":"Belluno, 19 febbraio 2022 &#8211; Nuovo appuntamento nel pomeriggio di oggi al Parco &#8220;Citt\u00e0 di Bologna&#8221; a Belluno, per la consueta manifestazione no greenpass, giunta oramai alla sua 30ma puntata. Come sempre tutto si \u00e8 svolto nella massima tranquillit\u00e0, con vari interventi nei quali ognuno ha portato la propria esperienza, o il racconto di fatti [&hellip;]","og_url":"https:\/\/www.bellunopress.it\/fr\/2022\/02\/19\/no-greenpass-30-belluno-muratore-udienza-dei-sindaci-dal-papa-nessuno-indossa-la-mascherina-loro-non-rispettano-la-legge\/","og_site_name":"Bellunopress - Dolomiti","article_publisher":"https:\/\/www.facebook.com\/profile.php?id=100008943462799","article_published_time":"2022-02-19T19:44:31+00:00","article_modified_time":"2022-02-19T20:18:28+00:00","og_image":[{"width":1000,"height":750,"url":"https:\/\/www.bellunopress.it\/wp-content\/uploads\/2022\/02\/no-greenpass-30-belluno_edited.jpg","type":"image\/jpeg"}],"author":"redazione","twitter_card":"summary_large_image","twitter_creator":"@bellunopress","twitter_site":"@bellunopress","twitter_misc":{"\u00c9crit par":"redazione","Dur\u00e9e de lecture estim\u00e9e":"2 minutes"},"schema":{"@context":"https:\/\/schema.org","@graph":[{"@type":"Article","@id":"https:\/\/www.bellunopress.it\/2022\/02\/19\/no-greenpass-30-belluno-muratore-udienza-dei-sindaci-dal-papa-nessuno-indossa-la-mascherina-loro-non-rispettano-la-legge\/#article","isPartOf":{"@id":"https:\/\/www.bellunopress.it\/2022\/02\/19\/no-greenpass-30-belluno-muratore-udienza-dei-sindaci-dal-papa-nessuno-indossa-la-mascherina-loro-non-rispettano-la-legge\/"},"author":{"name":"redazione","@id":"https:\/\/www.bellunopress.it\/#\/schema\/person\/79bb06722b37ece1c03d3e94beb30d73"},"headline":"No greenpass 30 Belluno. Muratore: Udienza dei sindaci dal papa, nessuno indossa la mascherina, loro non rispettano la legge","datePublished":"2022-02-19T19:44:31+00:00","dateModified":"2022-02-19T20:18:28+00:00","mainEntityOfPage":{"@id":"https:\/\/www.bellunopress.it\/2022\/02\/19\/no-greenpass-30-belluno-muratore-udienza-dei-sindaci-dal-papa-nessuno-indossa-la-mascherina-loro-non-rispettano-la-legge\/"},"wordCount":284,"publisher":{"@id":"https:\/\/www.bellunopress.it\/#organization"},"image":{"@id":"https:\/\/www.bellunopress.it\/2022\/02\/19\/no-greenpass-30-belluno-muratore-udienza-dei-sindaci-dal-papa-nessuno-indossa-la-mascherina-loro-non-rispettano-la-legge\/#primaryimage"},"thumbnailUrl":"https:\/\/www.bellunopress.it\/wp-content\/uploads\/2022\/02\/no-greenpass-30-belluno_edited.jpg","articleSection":["Cronaca\/Politica","Featured","Prima Pagina"],"inLanguage":"fr-FR"},{"@type":"WebPage","@id":"https:\/\/www.bellunopress.it\/2022\/02\/19\/no-greenpass-30-belluno-muratore-udienza-dei-sindaci-dal-papa-nessuno-indossa-la-mascherina-loro-non-rispettano-la-legge\/","url":"https:\/\/www.bellunopress.it\/2022\/02\/19\/no-greenpass-30-belluno-muratore-udienza-dei-sindaci-dal-papa-nessuno-indossa-la-mascherina-loro-non-rispettano-la-legge\/","name":"No greenpass 30 Belluno. Muratore: Udienza dei sindaci dal papa, nessuno indossa la mascherina, loro non rispettano la legge - Bellunopress - Dolomiti","isPartOf":{"@id":"https:\/\/www.bellunopress.it\/#website"},"primaryImageOfPage":{"@id":"https:\/\/www.bellunopress.it\/2022\/02\/19\/no-greenpass-30-belluno-muratore-udienza-dei-sindaci-dal-papa-nessuno-indossa-la-mascherina-loro-non-rispettano-la-legge\/#primaryimage"},"image":{"@id":"https:\/\/www.bellunopress.it\/2022\/02\/19\/no-greenpass-30-belluno-muratore-udienza-dei-sindaci-dal-papa-nessuno-indossa-la-mascherina-loro-non-rispettano-la-legge\/#primaryimage"},"thumbnailUrl":"https:\/\/www.bellunopress.it\/wp-content\/uploads\/2022\/02\/no-greenpass-30-belluno_edited.jpg","datePublished":"2022-02-19T19:44:31+00:00","dateModified":"2022-02-19T20:18:28+00:00","breadcrumb":{"@id":"https:\/\/www.bellunopress.it\/2022\/02\/19\/no-greenpass-30-belluno-muratore-udienza-dei-sindaci-dal-papa-nessuno-indossa-la-mascherina-loro-non-rispettano-la-legge\/#breadcrumb"},"inLanguage":"fr-FR","potentialAction":[{"@type":"ReadAction","target":["https:\/\/www.bellunopress.it\/2022\/02\/19\/no-greenpass-30-belluno-muratore-udienza-dei-sindaci-dal-papa-nessuno-indossa-la-mascherina-loro-non-rispettano-la-legge\/"]}]},{"@type":"ImageObject","inLanguage":"fr-FR","@id":"https:\/\/www.bellunopress.it\/2022\/02\/19\/no-greenpass-30-belluno-muratore-udienza-dei-sindaci-dal-papa-nessuno-indossa-la-mascherina-loro-non-rispettano-la-legge\/#primaryimage","url":"https:\/\/www.bellunopress.it\/wp-content\/uploads\/2022\/02\/no-greenpass-30-belluno_edited.jpg","contentUrl":"https:\/\/www.bellunopress.it\/wp-content\/uploads\/2022\/02\/no-greenpass-30-belluno_edited.jpg","width":1000,"height":750},{"@type":"BreadcrumbList","@id":"https:\/\/www.bellunopress.it\/2022\/02\/19\/no-greenpass-30-belluno-muratore-udienza-dei-sindaci-dal-papa-nessuno-indossa-la-mascherina-loro-non-rispettano-la-legge\/#breadcrumb","itemListElement":[{"@type":"ListItem","position":1,"name":"Home","item":"https:\/\/www.bellunopress.it\/"},{"@type":"ListItem","position":2,"name":"No greenpass 30 Belluno. Muratore: Udienza dei sindaci dal papa, nessuno indossa la mascherina, loro non rispettano la legge"}]},{"@type":"WebSite","@id":"https:\/\/www.bellunopress.it\/#website","url":"https:\/\/www.bellunopress.it\/","name":"Bellunopress - Dolomiti","description":"e-mail: redazione@bellunopress.it","publisher":{"@id":"https:\/\/www.bellunopress.it\/#organization"},"potentialAction":[{"@type":"SearchAction","target":{"@type":"EntryPoint","urlTemplate":"https:\/\/www.bellunopress.it\/?s={search_term_string}"},"query-input":{"@type":"PropertyValueSpecification","valueRequired":true,"valueName":"search_term_string"}}],"inLanguage":"fr-FR"},{"@type":"Organization","@id":"https:\/\/www.bellunopress.it\/#organization","name":"Bellunopress","url":"https:\/\/www.bellunopress.it\/","logo":{"@type":"ImageObject","inLanguage":"fr-FR","@id":"https:\/\/www.bellunopress.it\/#\/schema\/logo\/image\/","url":"https:\/\/www.bellunopress.it\/wp-content\/uploads\/2011\/05\/cropped-logo-bellunopress-.jpg","contentUrl":"https:\/\/www.bellunopress.it\/wp-content\/uploads\/2011\/05\/cropped-logo-bellunopress-.jpg","width":512,"height":512,"caption":"Bellunopress"},"image":{"@id":"https:\/\/www.bellunopress.it\/#\/schema\/logo\/image\/"},"sameAs":["https:\/\/www.facebook.com\/profile.php?id=100008943462799","https:\/\/x.com\/bellunopress","https:\/\/www.linkedin.com\/hp\/?dnr=JBzUWaJfMUw8vbXJJ2tVW5-I3jZKvC4wsoxE&amp;amp;amp;amp;amp;amp;trk=nav_responsive_tab_home","https:\/\/www.youtube.com\/channel\/UCxL0wu1uN0_3_7hGG0306cw"]},{"@type":"Person","@id":"https:\/\/www.bellunopress.it\/#\/schema\/person\/79bb06722b37ece1c03d3e94beb30d73","name":"r\u00e9daction","image":{"@type":"ImageObject","inLanguage":"fr-FR","@id":"https:\/\/secure.gravatar.com\/avatar\/37d968a2e67a6fd04c169c4bdef102d0bc5d31b2546345219e348575eb80e9a0?s=96&d=mm&r=g","url":"https:\/\/secure.gravatar.com\/avatar\/37d968a2e67a6fd04c169c4bdef102d0bc5d31b2546345219e348575eb80e9a0?s=96&d=mm&r=g","contentUrl":"https:\/\/secure.gravatar.com\/avatar\/37d968a2e67a6fd04c169c4bdef102d0bc5d31b2546345219e348575eb80e9a0?s=96&d=mm&r=g","caption":"redazione"},"sameAs":["http:\/\/www.bellunopress.it","https:\/\/x.com\/bellunopress"],"url":"https:\/\/www.bellunopress.it\/fr\/author\/redazione\/"}]}},"_links":{"self":[{"href":"https:\/\/www.bellunopress.it\/fr\/wp-json\/wp\/v2\/posts\/131501","targetHints":{"allow":["GET"]}}],"collection":[{"href":"https:\/\/www.bellunopress.it\/fr\/wp-json\/wp\/v2\/posts"}],"about":[{"href":"https:\/\/www.bellunopress.it\/fr\/wp-json\/wp\/v2\/types\/post"}],"author":[{"embeddable":true,"href":"https:\/\/www.bellunopress.it\/fr\/wp-json\/wp\/v2\/users\/2"}],"replies":[{"embeddable":true,"href":"https:\/\/www.bellunopress.it\/fr\/wp-json\/wp\/v2\/comments?post=131501"}],"version-history":[{"count":3,"href":"https:\/\/www.bellunopress.it\/fr\/wp-json\/wp\/v2\/posts\/131501\/revisions"}],"predecessor-version":[{"id":131506,"href":"https:\/\/www.bellunopress.it\/fr\/wp-json\/wp\/v2\/posts\/131501\/revisions\/131506"}],"wp:featuredmedia":[{"embeddable":true,"href":"https:\/\/www.bellunopress.it\/fr\/wp-json\/wp\/v2\/media\/131504"}],"wp:attachment":[{"href":"https:\/\/www.bellunopress.it\/fr\/wp-json\/wp\/v2\/media?parent=131501"}],"wp:term":[{"taxonomy":"category","embeddable":true,"href":"https:\/\/www.bellunopress.it\/fr\/wp-json\/wp\/v2\/categories?post=131501"},{"taxonomy":"post_tag","embeddable":true,"href":"https:\/\/www.bellunopress.it\/fr\/wp-json\/wp\/v2\/tags?post=131501"}],"curies":[{"name":"wp","href":"https:\/\/api.w.org\/{rel}","templated":true}]}}