{"id":13137,"date":"2010-03-03T10:21:07","date_gmt":"2010-03-03T09:21:07","guid":{"rendered":"http:\/\/www.bellunopress.it\/?p=13137"},"modified":"2010-03-03T10:21:07","modified_gmt":"2010-03-03T09:21:07","slug":"laipd-per-lintegrazione-e-contro-la-discriminazione","status":"publish","type":"post","link":"https:\/\/www.bellunopress.it\/fr\/2010\/03\/03\/laipd-per-lintegrazione-e-contro-la-discriminazione\/","title":{"rendered":"L&#8217;Aipd per l&#8217;integrazione e contro la discriminazione"},"content":{"rendered":"<p>Dalla presidente dell\u2019Aipd di Belluno Ines Mazzoleni Ferracini una dichiarazione sulla recente vicenda che ha coinvolto il social network Facebook. &#8220;Si\u00a0 pensava, o ci si augurava, che fossero passati i tempi della discriminazione verso le persone con handicap, e le persone con sindrome di Down in particolare\u00a0 (la sindrome di Down \u00e8 la pi\u00f9 diffusa fra le anomalie congenite di natura genetica). Invece alcuni recenti, spiacevoli episodi, di cui si sono occupate le cronache giornalistiche\u00a0 regionali e nazionali hanno\u00a0 rimesso in discussione il problema. E\u2019 successo che al noto \u201creality\u201d\u00a0 \u201cGrande Fratello\u201d l\u2019appellativo \u201cmongoloide\u201d venisse usato di routine come offesa tra i cosiddetti concorrenti, \u00e8 successo, in una pizzeria di Treviso che un avventore si sdegnasse per la vivacit\u00e0 di un bimba con sindrome di Down, e gi\u00e0 questi due episodi avevano stimolato la reazione delle Associazioni a tutela delle persone Down, si locali che nazionali, preoccupate che tali fenomeni\u00a0 non fossero \u201cspia\u201d di malessere sociale che si riversa sulle\u00a0 fasce deboli della societ\u00e0.<br \/>\nPoi si \u00e8 aggiunto, in queste ultime settimane quel gruppo \u201cFacebook\u201d che invitava ad \u201celiminare\u00a0 con tiro\u00a0 a bersaglio\u201d i bambini con sindrome di Down; il tutto sottoscritto\u00a0 ad\u00a0 un a\u00a0 bella foto\u00a0 di\u00a0 un lattante con sindrome di Down. La\u00a0 sostanza di questa iniziativa ricorda, senza mezzi termini) i principi\u00a0 ispiratori dei campi di sterminio nazisti (attuati anche per i soggetti con handicap).<br \/>\nPer fortuna c\u2019\u00e8 stata una spontanea e diffusa reazione di disgusto\u00a0 da parte di moltissimi cittadini oltrech\u00e8 dalle associazioni che tutelano le persone con s. di Down e sono subito partiti gli esposti alla Polizia postale che hanno portato all\u2019oscuramento del sito. L\u2019Aipd Belluno, negli oltre vent\u2019anni\u00a0 di vita associativa\u00a0\u00a0 in provincia, non ha mai avuto segnalazioni di cos\u00ec palese discriminazione verso le persone con sindrome di Down, anzi, ha potuto constatare la prevalenza di atteggiamenti di solidariet\u00e0 e sensibilit\u00e0 sociale nella popolazione\u00a0 a contatto con le persone con sindrome di Down. Ovviamente ci sono state, e ci sono, difficolt\u00e0 nella Scuola\u00a0 come nel mondo socio-sanitario e, ancor pi\u00f9, nel lavoro, ma tali difficolt\u00e0 si vanno attenuando negli anni, anche per la costante campagna di informazione e sensibilizzazione che l\u2019AIPD conduce.<br \/>\nE, proprio dalle prime settimane di gennaio \u00e8 stato raggiunto un bel traguardo con l\u2019inserimento, attraverso una \u201cnormale\u201d assunzione in un ambiente di lavoro, (un\u2019azienda di Sedico) di un giovane ventitreenne con sindrome di Down. Questi svolge la funzione di magazziniere, a conclusione di\u00a0 un progetto dell\u2019Aipd nazionale, cui l\u2019Aipd Belluno ha aderito, e che\u00a0 ha visto una prima fase sperimentale\u00a0 in cui\u00a0 hanno collaborato un \u201ctutor\u201d formato dall\u2019Aipd e un \u201ctutor\u201d aziendale, oltre all\u2019apporto\u00a0 degli Enti\u00a0 pubblici preposti, come il Centro per l\u2019Impiego ed il Servizio Inserimento Lavorativo(S.I.L.) della Ulss 2.<\/p>","protected":false},"excerpt":{"rendered":"<p>Dalla presidente dell\u2019Aipd di Belluno Ines Mazzoleni Ferracini una dichiarazione sulla recente vicenda che ha coinvolto il social network Facebook. &#8220;Si\u00a0 pensava, o ci si augurava, che fossero passati i tempi della discriminazione verso le persone con handicap, e le persone con sindrome di Down in particolare\u00a0 (la sindrome di Down \u00e8 la pi\u00f9 diffusa [&hellip;]<\/p>\n","protected":false},"author":2,"featured_media":0,"comment_status":"closed","ping_status":"open","sticky":false,"template":"","format":"standard","meta":{"footnotes":""},"categories":[25,17,8],"tags":[3050],"class_list":["post-13137","post","type-post","status-publish","format-standard","category-pausa-caffe","category-sanita","category-societa-istituzioni","tag-sanita"],"yoast_head":"<!-- This site is optimized with the Yoast SEO plugin v28.4 - https:\/\/yoast.com\/product\/yoast-seo-wordpress\/ -->\n<title>L&#039;Aipd per l&#039;integrazione e contro la discriminazione  - Bellunopress - Dolomiti<\/title>\n<meta name=\"robots\" content=\"index, follow, max-snippet:-1, max-image-preview:large, max-video-preview:-1\" \/>\n<link rel=\"canonical\" href=\"https:\/\/www.bellunopress.it\/fr\/2010\/03\/03\/laipd-per-lintegrazione-e-contro-la-discriminazione\/\" \/>\n<meta property=\"og:locale\" content=\"fr_FR\" \/>\n<meta property=\"og:type\" content=\"article\" \/>\n<meta property=\"og:title\" content=\"L&#039;Aipd per l&#039;integrazione e contro la discriminazione  - Bellunopress - Dolomiti\" \/>\n<meta property=\"og:description\" content=\"Dalla presidente dell\u2019Aipd di Belluno Ines Mazzoleni Ferracini una dichiarazione sulla recente vicenda che ha coinvolto il social network Facebook. &#8220;Si\u00a0 pensava, o ci si augurava, che fossero passati i tempi della discriminazione verso le persone con handicap, e le persone con sindrome di Down in particolare\u00a0 (la sindrome di Down \u00e8 la pi\u00f9 diffusa [&hellip;]\" \/>\n<meta property=\"og:url\" content=\"https:\/\/www.bellunopress.it\/fr\/2010\/03\/03\/laipd-per-lintegrazione-e-contro-la-discriminazione\/\" \/>\n<meta property=\"og:site_name\" content=\"Bellunopress - Dolomiti\" \/>\n<meta property=\"article:publisher\" content=\"https:\/\/www.facebook.com\/profile.php?id=100008943462799\" \/>\n<meta property=\"article:published_time\" content=\"2010-03-03T09:21:07+00:00\" \/>\n<meta property=\"og:image\" content=\"http:\/\/www.bellunopress.it\/wp-content\/uploads\/2012\/07\/logo-bellunopress-250x250-2012.jpg\" \/>\n<meta name=\"author\" content=\"redazione\" \/>\n<meta name=\"twitter:card\" content=\"summary_large_image\" \/>\n<meta name=\"twitter:creator\" content=\"@bellunopress\" \/>\n<meta name=\"twitter:site\" content=\"@bellunopress\" \/>\n<meta name=\"twitter:label1\" content=\"\u00c9crit par\" \/>\n\t<meta name=\"twitter:data1\" content=\"redazione\" \/>\n\t<meta name=\"twitter:label2\" content=\"Dur\u00e9e de lecture estim\u00e9e\" \/>\n\t<meta name=\"twitter:data2\" content=\"2 minutes\" \/>\n<script type=\"application\/ld+json\" class=\"yoast-schema-graph\">{\"@context\":\"https:\\\/\\\/schema.org\",\"@graph\":[{\"@type\":\"Article\",\"@id\":\"https:\\\/\\\/www.bellunopress.it\\\/2010\\\/03\\\/03\\\/laipd-per-lintegrazione-e-contro-la-discriminazione\\\/#article\",\"isPartOf\":{\"@id\":\"https:\\\/\\\/www.bellunopress.it\\\/2010\\\/03\\\/03\\\/laipd-per-lintegrazione-e-contro-la-discriminazione\\\/\"},\"author\":{\"name\":\"redazione\",\"@id\":\"https:\\\/\\\/www.bellunopress.it\\\/#\\\/schema\\\/person\\\/79bb06722b37ece1c03d3e94beb30d73\"},\"headline\":\"L&#8217;Aipd per l&#8217;integrazione e contro la discriminazione\",\"datePublished\":\"2010-03-03T09:21:07+00:00\",\"mainEntityOfPage\":{\"@id\":\"https:\\\/\\\/www.bellunopress.it\\\/2010\\\/03\\\/03\\\/laipd-per-lintegrazione-e-contro-la-discriminazione\\\/\"},\"wordCount\":471,\"publisher\":{\"@id\":\"https:\\\/\\\/www.bellunopress.it\\\/#organization\"},\"keywords\":[\"Sanit\u00e0\"],\"articleSection\":[\"Pausa Caff\u00e8\",\"Sanit\u00e0 Medicina\",\"Societ\u00e0, Associazioni, Istituzioni\"],\"inLanguage\":\"fr-FR\"},{\"@type\":\"WebPage\",\"@id\":\"https:\\\/\\\/www.bellunopress.it\\\/2010\\\/03\\\/03\\\/laipd-per-lintegrazione-e-contro-la-discriminazione\\\/\",\"url\":\"https:\\\/\\\/www.bellunopress.it\\\/2010\\\/03\\\/03\\\/laipd-per-lintegrazione-e-contro-la-discriminazione\\\/\",\"name\":\"L'Aipd per l'integrazione e contro la discriminazione - Bellunopress - Dolomiti\",\"isPartOf\":{\"@id\":\"https:\\\/\\\/www.bellunopress.it\\\/#website\"},\"datePublished\":\"2010-03-03T09:21:07+00:00\",\"breadcrumb\":{\"@id\":\"https:\\\/\\\/www.bellunopress.it\\\/2010\\\/03\\\/03\\\/laipd-per-lintegrazione-e-contro-la-discriminazione\\\/#breadcrumb\"},\"inLanguage\":\"fr-FR\",\"potentialAction\":[{\"@type\":\"ReadAction\",\"target\":[\"https:\\\/\\\/www.bellunopress.it\\\/2010\\\/03\\\/03\\\/laipd-per-lintegrazione-e-contro-la-discriminazione\\\/\"]}]},{\"@type\":\"BreadcrumbList\",\"@id\":\"https:\\\/\\\/www.bellunopress.it\\\/2010\\\/03\\\/03\\\/laipd-per-lintegrazione-e-contro-la-discriminazione\\\/#breadcrumb\",\"itemListElement\":[{\"@type\":\"ListItem\",\"position\":1,\"name\":\"Home\",\"item\":\"https:\\\/\\\/www.bellunopress.it\\\/\"},{\"@type\":\"ListItem\",\"position\":2,\"name\":\"L&#8217;Aipd per l&#8217;integrazione e contro la discriminazione\"}]},{\"@type\":\"WebSite\",\"@id\":\"https:\\\/\\\/www.bellunopress.it\\\/#website\",\"url\":\"https:\\\/\\\/www.bellunopress.it\\\/\",\"name\":\"Bellunopress - Dolomiti\",\"description\":\"e-mail: redazione@bellunopress.it\",\"publisher\":{\"@id\":\"https:\\\/\\\/www.bellunopress.it\\\/#organization\"},\"potentialAction\":[{\"@type\":\"SearchAction\",\"target\":{\"@type\":\"EntryPoint\",\"urlTemplate\":\"https:\\\/\\\/www.bellunopress.it\\\/?s={search_term_string}\"},\"query-input\":{\"@type\":\"PropertyValueSpecification\",\"valueRequired\":true,\"valueName\":\"search_term_string\"}}],\"inLanguage\":\"fr-FR\"},{\"@type\":\"Organization\",\"@id\":\"https:\\\/\\\/www.bellunopress.it\\\/#organization\",\"name\":\"Bellunopress\",\"url\":\"https:\\\/\\\/www.bellunopress.it\\\/\",\"logo\":{\"@type\":\"ImageObject\",\"inLanguage\":\"fr-FR\",\"@id\":\"https:\\\/\\\/www.bellunopress.it\\\/#\\\/schema\\\/logo\\\/image\\\/\",\"url\":\"https:\\\/\\\/www.bellunopress.it\\\/wp-content\\\/uploads\\\/2011\\\/05\\\/cropped-logo-bellunopress-.jpg\",\"contentUrl\":\"https:\\\/\\\/www.bellunopress.it\\\/wp-content\\\/uploads\\\/2011\\\/05\\\/cropped-logo-bellunopress-.jpg\",\"width\":512,\"height\":512,\"caption\":\"Bellunopress\"},\"image\":{\"@id\":\"https:\\\/\\\/www.bellunopress.it\\\/#\\\/schema\\\/logo\\\/image\\\/\"},\"sameAs\":[\"https:\\\/\\\/www.facebook.com\\\/profile.php?id=100008943462799\",\"https:\\\/\\\/x.com\\\/bellunopress\",\"https:\\\/\\\/www.linkedin.com\\\/hp\\\/?dnr=JBzUWaJfMUw8vbXJJ2tVW5-I3jZKvC4wsoxE&amp;amp;amp;amp;amp;amp;trk=nav_responsive_tab_home\",\"https:\\\/\\\/www.youtube.com\\\/channel\\\/UCxL0wu1uN0_3_7hGG0306cw\"]},{\"@type\":\"Person\",\"@id\":\"https:\\\/\\\/www.bellunopress.it\\\/#\\\/schema\\\/person\\\/79bb06722b37ece1c03d3e94beb30d73\",\"name\":\"redazione\",\"image\":{\"@type\":\"ImageObject\",\"inLanguage\":\"fr-FR\",\"@id\":\"https:\\\/\\\/secure.gravatar.com\\\/avatar\\\/37d968a2e67a6fd04c169c4bdef102d0bc5d31b2546345219e348575eb80e9a0?s=96&d=mm&r=g\",\"url\":\"https:\\\/\\\/secure.gravatar.com\\\/avatar\\\/37d968a2e67a6fd04c169c4bdef102d0bc5d31b2546345219e348575eb80e9a0?s=96&d=mm&r=g\",\"contentUrl\":\"https:\\\/\\\/secure.gravatar.com\\\/avatar\\\/37d968a2e67a6fd04c169c4bdef102d0bc5d31b2546345219e348575eb80e9a0?s=96&d=mm&r=g\",\"caption\":\"redazione\"},\"sameAs\":[\"http:\\\/\\\/www.bellunopress.it\",\"https:\\\/\\\/x.com\\\/bellunopress\"],\"url\":\"https:\\\/\\\/www.bellunopress.it\\\/fr\\\/author\\\/redazione\\\/\"}]}<\/script>\n<!-- \/ Yoast SEO plugin. -->","yoast_head_json":{"title":"L'Aipd per l'integrazione e contro la discriminazione  - Bellunopress - Dolomiti","robots":{"index":"index","follow":"follow","max-snippet":"max-snippet:-1","max-image-preview":"max-image-preview:large","max-video-preview":"max-video-preview:-1"},"canonical":"https:\/\/www.bellunopress.it\/fr\/2010\/03\/03\/laipd-per-lintegrazione-e-contro-la-discriminazione\/","og_locale":"fr_FR","og_type":"article","og_title":"L'Aipd per l'integrazione e contro la discriminazione  - Bellunopress - Dolomiti","og_description":"Dalla presidente dell\u2019Aipd di Belluno Ines Mazzoleni Ferracini una dichiarazione sulla recente vicenda che ha coinvolto il social network Facebook. &#8220;Si\u00a0 pensava, o ci si augurava, che fossero passati i tempi della discriminazione verso le persone con handicap, e le persone con sindrome di Down in particolare\u00a0 (la sindrome di Down \u00e8 la pi\u00f9 diffusa [&hellip;]","og_url":"https:\/\/www.bellunopress.it\/fr\/2010\/03\/03\/laipd-per-lintegrazione-e-contro-la-discriminazione\/","og_site_name":"Bellunopress - Dolomiti","article_publisher":"https:\/\/www.facebook.com\/profile.php?id=100008943462799","article_published_time":"2010-03-03T09:21:07+00:00","og_image":[{"url":"http:\/\/www.bellunopress.it\/wp-content\/uploads\/2012\/07\/logo-bellunopress-250x250-2012.jpg","type":"","width":"","height":""}],"author":"redazione","twitter_card":"summary_large_image","twitter_creator":"@bellunopress","twitter_site":"@bellunopress","twitter_misc":{"\u00c9crit par":"redazione","Dur\u00e9e de lecture estim\u00e9e":"2 minutes"},"schema":{"@context":"https:\/\/schema.org","@graph":[{"@type":"Article","@id":"https:\/\/www.bellunopress.it\/2010\/03\/03\/laipd-per-lintegrazione-e-contro-la-discriminazione\/#article","isPartOf":{"@id":"https:\/\/www.bellunopress.it\/2010\/03\/03\/laipd-per-lintegrazione-e-contro-la-discriminazione\/"},"author":{"name":"redazione","@id":"https:\/\/www.bellunopress.it\/#\/schema\/person\/79bb06722b37ece1c03d3e94beb30d73"},"headline":"L&#8217;Aipd per l&#8217;integrazione e contro la discriminazione","datePublished":"2010-03-03T09:21:07+00:00","mainEntityOfPage":{"@id":"https:\/\/www.bellunopress.it\/2010\/03\/03\/laipd-per-lintegrazione-e-contro-la-discriminazione\/"},"wordCount":471,"publisher":{"@id":"https:\/\/www.bellunopress.it\/#organization"},"keywords":["Sanit\u00e0"],"articleSection":["Pausa Caff\u00e8","Sanit\u00e0 Medicina","Societ\u00e0, Associazioni, Istituzioni"],"inLanguage":"fr-FR"},{"@type":"WebPage","@id":"https:\/\/www.bellunopress.it\/2010\/03\/03\/laipd-per-lintegrazione-e-contro-la-discriminazione\/","url":"https:\/\/www.bellunopress.it\/2010\/03\/03\/laipd-per-lintegrazione-e-contro-la-discriminazione\/","name":"L'Aipd per l'integrazione e contro la discriminazione - Bellunopress - Dolomiti","isPartOf":{"@id":"https:\/\/www.bellunopress.it\/#website"},"datePublished":"2010-03-03T09:21:07+00:00","breadcrumb":{"@id":"https:\/\/www.bellunopress.it\/2010\/03\/03\/laipd-per-lintegrazione-e-contro-la-discriminazione\/#breadcrumb"},"inLanguage":"fr-FR","potentialAction":[{"@type":"ReadAction","target":["https:\/\/www.bellunopress.it\/2010\/03\/03\/laipd-per-lintegrazione-e-contro-la-discriminazione\/"]}]},{"@type":"BreadcrumbList","@id":"https:\/\/www.bellunopress.it\/2010\/03\/03\/laipd-per-lintegrazione-e-contro-la-discriminazione\/#breadcrumb","itemListElement":[{"@type":"ListItem","position":1,"name":"Home","item":"https:\/\/www.bellunopress.it\/"},{"@type":"ListItem","position":2,"name":"L&#8217;Aipd per l&#8217;integrazione e contro la discriminazione"}]},{"@type":"WebSite","@id":"https:\/\/www.bellunopress.it\/#website","url":"https:\/\/www.bellunopress.it\/","name":"Bellunopress - Dolomiti","description":"e-mail: redazione@bellunopress.it","publisher":{"@id":"https:\/\/www.bellunopress.it\/#organization"},"potentialAction":[{"@type":"SearchAction","target":{"@type":"EntryPoint","urlTemplate":"https:\/\/www.bellunopress.it\/?s={search_term_string}"},"query-input":{"@type":"PropertyValueSpecification","valueRequired":true,"valueName":"search_term_string"}}],"inLanguage":"fr-FR"},{"@type":"Organization","@id":"https:\/\/www.bellunopress.it\/#organization","name":"Bellunopress","url":"https:\/\/www.bellunopress.it\/","logo":{"@type":"ImageObject","inLanguage":"fr-FR","@id":"https:\/\/www.bellunopress.it\/#\/schema\/logo\/image\/","url":"https:\/\/www.bellunopress.it\/wp-content\/uploads\/2011\/05\/cropped-logo-bellunopress-.jpg","contentUrl":"https:\/\/www.bellunopress.it\/wp-content\/uploads\/2011\/05\/cropped-logo-bellunopress-.jpg","width":512,"height":512,"caption":"Bellunopress"},"image":{"@id":"https:\/\/www.bellunopress.it\/#\/schema\/logo\/image\/"},"sameAs":["https:\/\/www.facebook.com\/profile.php?id=100008943462799","https:\/\/x.com\/bellunopress","https:\/\/www.linkedin.com\/hp\/?dnr=JBzUWaJfMUw8vbXJJ2tVW5-I3jZKvC4wsoxE&amp;amp;amp;amp;amp;amp;trk=nav_responsive_tab_home","https:\/\/www.youtube.com\/channel\/UCxL0wu1uN0_3_7hGG0306cw"]},{"@type":"Person","@id":"https:\/\/www.bellunopress.it\/#\/schema\/person\/79bb06722b37ece1c03d3e94beb30d73","name":"r\u00e9daction","image":{"@type":"ImageObject","inLanguage":"fr-FR","@id":"https:\/\/secure.gravatar.com\/avatar\/37d968a2e67a6fd04c169c4bdef102d0bc5d31b2546345219e348575eb80e9a0?s=96&d=mm&r=g","url":"https:\/\/secure.gravatar.com\/avatar\/37d968a2e67a6fd04c169c4bdef102d0bc5d31b2546345219e348575eb80e9a0?s=96&d=mm&r=g","contentUrl":"https:\/\/secure.gravatar.com\/avatar\/37d968a2e67a6fd04c169c4bdef102d0bc5d31b2546345219e348575eb80e9a0?s=96&d=mm&r=g","caption":"redazione"},"sameAs":["http:\/\/www.bellunopress.it","https:\/\/x.com\/bellunopress"],"url":"https:\/\/www.bellunopress.it\/fr\/author\/redazione\/"}]}},"_links":{"self":[{"href":"https:\/\/www.bellunopress.it\/fr\/wp-json\/wp\/v2\/posts\/13137","targetHints":{"allow":["GET"]}}],"collection":[{"href":"https:\/\/www.bellunopress.it\/fr\/wp-json\/wp\/v2\/posts"}],"about":[{"href":"https:\/\/www.bellunopress.it\/fr\/wp-json\/wp\/v2\/types\/post"}],"author":[{"embeddable":true,"href":"https:\/\/www.bellunopress.it\/fr\/wp-json\/wp\/v2\/users\/2"}],"replies":[{"embeddable":true,"href":"https:\/\/www.bellunopress.it\/fr\/wp-json\/wp\/v2\/comments?post=13137"}],"version-history":[{"count":1,"href":"https:\/\/www.bellunopress.it\/fr\/wp-json\/wp\/v2\/posts\/13137\/revisions"}],"predecessor-version":[{"id":13138,"href":"https:\/\/www.bellunopress.it\/fr\/wp-json\/wp\/v2\/posts\/13137\/revisions\/13138"}],"wp:attachment":[{"href":"https:\/\/www.bellunopress.it\/fr\/wp-json\/wp\/v2\/media?parent=13137"}],"wp:term":[{"taxonomy":"category","embeddable":true,"href":"https:\/\/www.bellunopress.it\/fr\/wp-json\/wp\/v2\/categories?post=13137"},{"taxonomy":"post_tag","embeddable":true,"href":"https:\/\/www.bellunopress.it\/fr\/wp-json\/wp\/v2\/tags?post=13137"}],"curies":[{"name":"wp","href":"https:\/\/api.w.org\/{rel}","templated":true}]}}