{"id":131115,"date":"2022-02-03T21:45:14","date_gmt":"2022-02-03T20:45:14","guid":{"rendered":"https:\/\/www.bellunopress.it\/?p=131115"},"modified":"2022-02-03T21:45:14","modified_gmt":"2022-02-03T20:45:14","slug":"galleria-comelico-de-carlo-tutte-le-istituzioni-si-uniscano-per-chiedere-lavori-notturni-e-strada-alternativa-non-ce-rischio-crollo-ma-crollera-sicuramente-leconomia","status":"publish","type":"post","link":"https:\/\/www.bellunopress.it\/fr\/2022\/02\/03\/galleria-comelico-de-carlo-tutte-le-istituzioni-si-uniscano-per-chiedere-lavori-notturni-e-strada-alternativa-non-ce-rischio-crollo-ma-crollera-sicuramente-leconomia\/","title":{"rendered":"Galleria Comelico. De Carlo: \u201cTutte le istituzioni si uniscano per chiedere lavori notturni e strada alternativa. Non c&#8217;\u00e8 rischio crollo, ma croller\u00e0 sicuramente l&#8217;economia\u201d"},"content":{"rendered":"<p><img loading=\"lazy\" decoding=\"async\" class=\"alignleft size-medium wp-image-131036\" src=\"https:\/\/www.bellunopress.it\/wp-content\/uploads\/2022\/01\/galleria-comelico_edited-500x321.jpg\" alt=\"\" width=\"500\" height=\"321\" srcset=\"https:\/\/www.bellunopress.it\/wp-content\/uploads\/2022\/01\/galleria-comelico_edited-500x321.jpg 500w, https:\/\/www.bellunopress.it\/wp-content\/uploads\/2022\/01\/galleria-comelico_edited-696x446.jpg 696w, https:\/\/www.bellunopress.it\/wp-content\/uploads\/2022\/01\/galleria-comelico_edited-655x420.jpg 655w, https:\/\/www.bellunopress.it\/wp-content\/uploads\/2022\/01\/galleria-comelico_edited.jpg 1000w\" sizes=\"auto, (max-width: 500px) 100vw, 500px\" \/>\u201cBasta prendere in giro il Comelico e i suoi abitanti. Si dia una risposta certa e chiara, e le istituzioni si uniscano per chiedere ad Anas lavori nelle ore notturne e nessuna chiusura diurna fino alla realizzazione di una strada alternativa. Da parte mia, mobiliter\u00f2 tutti i rappresentanti di Fratelli d&#8217;Italia a livello nazionale e regionale per smuovere la situazione\u201d-<\/p>\n<p>E&#8217; netta la presa di posizione del senatore e coordinatore veneto di Fratelli d&#8217;Italia, Luca De Carlo, sui lavori alla Galleria Comelico.<\/p>\n<p><img loading=\"lazy\" decoding=\"async\" class=\"alignleft size-full wp-image-120581\" src=\"https:\/\/www.bellunopress.it\/wp-content\/uploads\/2021\/01\/Luca-De-Carlo_edited.jpg\" alt=\"\" width=\"473\" height=\"330\" srcset=\"https:\/\/www.bellunopress.it\/wp-content\/uploads\/2021\/01\/Luca-De-Carlo_edited.jpg 473w, https:\/\/www.bellunopress.it\/wp-content\/uploads\/2021\/01\/Luca-De-Carlo_edited-100x70.jpg 100w\" sizes=\"auto, (max-width: 473px) 100vw, 473px\" \/>De Carlo ricostruisce la situazione, partendo dall&#8217;incontro organizzato dal comitato e che ha visti coinvolti i parlamentari: \u201cCi eravamo lasciati con l&#8217;impegno a non strumentalizzare politicamente la questione e a metterci a disposizione del territorio. Oggi ricevo una mail di sollecitazione da parte dei sindaci e del comitato, e lo scenario \u00e8 decisamente diverso\u201d.<br \/>\nNella nota si ricorda infatti come nell&#8217;incontro di dicembre in Prefettura furono gli stessi responsabili di Anas ad affermare che per la galleria non sussiste il pericolo di crollo: \u201cSe si tratta effettivamente di un lavoro di sola messa in sicurezza, direi che 745 giorni di chiusura \u2013 e vista l&#8217;esperienza che con Anas sto vivendo da sindaco a Calalzo di Cadore direi che \u00e8 una stima ampiamente ottimistica -, parliamo di un prezzo da pagare troppo alto per quel territorio. Faccio mie quindi le preoccupazioni di comitato e sindaci e mi attiver\u00f2 a tutti i livelli per sbloccare questa situazione: non ci sar\u00e0 il rischio di crollo, ma continuando cos\u00ec ci sar\u00e0 la certezza del crollo economico e demografico di un&#8217;intera area della nostra provincia. Si effettuino dunque i lavori necessari per la messa in sicurezza in orario notturno e si posticipino tutti gli altri interventi solamente dopo la realizzazione di una viabilit\u00e0 alternativa, che sia la costruzione della famosa \u201cseconda canna\u201d o il ripristino della strada della Valle\u201d.<\/p>\n<p>De Carlo ha gi\u00e0 pronto il piano d&#8217;azione, che coinvolger\u00e0 tutti i livelli istituzionali: \u201cLuned\u00ec porter\u00e0 in giunta in Unione Montana Centro Cadore un ordine del giorno sulla questione, perch\u00e9 sono molti i comeliani che vengono a lavorare in Cadore e la galleria \u00e8 uno sbocco turistico ed economico fondamentale anche per la nostra vallata. In Regione, i nostri consiglieri presenteranno una mozione in Consiglio Regionale, perch\u00e9 anche la Regione Veneto deve essere al fianco del Comelico in questa battaglia; infine, mi attiver\u00f2 personalmente con Anas e coinvolger\u00f2 tutti i parlamentari di Fratelli d&#8217;Italia presenti nelle commissioni competenti per arrivare al pi\u00f9 presto ad una soluzione definitiva\u201d.<\/p>\n<p>\u201cLa chiusura per quasi tre anni della Galleria Comelico sarebbe un colpo di grazia intollerabile per un&#8217;area interna che combatte da sempre contro lo spopolamento e che negli ultimi due anni ha affrontato anche la pandemia con tutte le difficolt\u00e0 della periferia\u201d, conclude De Carlo. \u201cGli abitanti del Comelico sono gi\u00e0 stati presi in giro abbastanza sulla questione del collegamento sciistico, con vergognosi rimbalzi politici e nemmeno una riga di menzione nel programma della Provincia di Belluno. Auspico poi che ci sia una presa di posizione anche da parte di tutte quelle realt\u00e0 che sono sempre pronte a difendere i diritti di qualunque specie animale, ma quando si parla dei diritti degli abitanti spariscono, salvo poi essere pronti a lamentarsi quando scoprono di dover fare pi\u00f9 strada per poter salire sulle nostre montagne dalla pianura per provare i loro scarponcini nuovi\u201d.<\/p>","protected":false},"excerpt":{"rendered":"<p>\u201cBasta prendere in giro il Comelico e i suoi abitanti. Si dia una risposta certa e chiara, e le istituzioni si uniscano per chiedere ad Anas lavori nelle ore notturne e nessuna chiusura diurna fino alla realizzazione di una strada alternativa. Da parte mia, mobiliter\u00f2 tutti i rappresentanti di Fratelli d&#8217;Italia a livello nazionale e [&hellip;]<\/p>\n","protected":false},"author":2,"featured_media":120581,"comment_status":"closed","ping_status":"open","sticky":false,"template":"","format":"standard","meta":{"footnotes":""},"categories":[5,26],"tags":[],"class_list":["post-131115","post","type-post","status-publish","format-standard","has-post-thumbnail","category-cronaca","category-prima-pagina"],"yoast_head":"<!-- This site is optimized with the Yoast SEO plugin v28.4 - https:\/\/yoast.com\/product\/yoast-seo-wordpress\/ -->\n<title>Galleria Comelico. De Carlo: \u201cTutte le istituzioni si uniscano per chiedere lavori notturni e strada alternativa. Non c&#039;\u00e8 rischio crollo, ma croller\u00e0 sicuramente l&#039;economia\u201d - Bellunopress - Dolomiti<\/title>\n<meta name=\"robots\" content=\"index, follow, max-snippet:-1, max-image-preview:large, max-video-preview:-1\" \/>\n<link rel=\"canonical\" href=\"https:\/\/www.bellunopress.it\/fr\/2022\/02\/03\/galleria-comelico-de-carlo-tutte-le-istituzioni-si-uniscano-per-chiedere-lavori-notturni-e-strada-alternativa-non-ce-rischio-crollo-ma-crollera-sicuramente-leconomia\/\" \/>\n<meta property=\"og:locale\" content=\"fr_FR\" \/>\n<meta property=\"og:type\" content=\"article\" \/>\n<meta property=\"og:title\" content=\"Galleria Comelico. De Carlo: \u201cTutte le istituzioni si uniscano per chiedere lavori notturni e strada alternativa. Non c&#039;\u00e8 rischio crollo, ma croller\u00e0 sicuramente l&#039;economia\u201d - Bellunopress - Dolomiti\" \/>\n<meta property=\"og:description\" content=\"\u201cBasta prendere in giro il Comelico e i suoi abitanti. Si dia una risposta certa e chiara, e le istituzioni si uniscano per chiedere ad Anas lavori nelle ore notturne e nessuna chiusura diurna fino alla realizzazione di una strada alternativa. Da parte mia, mobiliter\u00f2 tutti i rappresentanti di Fratelli d&#8217;Italia a livello nazionale e [&hellip;]\" \/>\n<meta property=\"og:url\" content=\"https:\/\/www.bellunopress.it\/fr\/2022\/02\/03\/galleria-comelico-de-carlo-tutte-le-istituzioni-si-uniscano-per-chiedere-lavori-notturni-e-strada-alternativa-non-ce-rischio-crollo-ma-crollera-sicuramente-leconomia\/\" \/>\n<meta property=\"og:site_name\" content=\"Bellunopress - Dolomiti\" \/>\n<meta property=\"article:publisher\" content=\"https:\/\/www.facebook.com\/profile.php?id=100008943462799\" \/>\n<meta property=\"article:published_time\" content=\"2022-02-03T20:45:14+00:00\" \/>\n<meta property=\"og:image\" content=\"https:\/\/www.bellunopress.it\/wp-content\/uploads\/2021\/01\/Luca-De-Carlo_edited.jpg\" \/>\n\t<meta property=\"og:image:width\" content=\"473\" \/>\n\t<meta property=\"og:image:height\" content=\"330\" \/>\n\t<meta property=\"og:image:type\" content=\"image\/jpeg\" \/>\n<meta name=\"author\" content=\"redazione\" \/>\n<meta name=\"twitter:card\" content=\"summary_large_image\" \/>\n<meta name=\"twitter:creator\" content=\"@bellunopress\" \/>\n<meta name=\"twitter:site\" content=\"@bellunopress\" \/>\n<meta name=\"twitter:label1\" content=\"\u00c9crit par\" \/>\n\t<meta name=\"twitter:data1\" content=\"redazione\" \/>\n\t<meta name=\"twitter:label2\" content=\"Dur\u00e9e de lecture estim\u00e9e\" \/>\n\t<meta name=\"twitter:data2\" content=\"4 minutes\" \/>\n<script type=\"application\/ld+json\" class=\"yoast-schema-graph\">{\"@context\":\"https:\\\/\\\/schema.org\",\"@graph\":[{\"@type\":\"Article\",\"@id\":\"https:\\\/\\\/www.bellunopress.it\\\/2022\\\/02\\\/03\\\/galleria-comelico-de-carlo-tutte-le-istituzioni-si-uniscano-per-chiedere-lavori-notturni-e-strada-alternativa-non-ce-rischio-crollo-ma-crollera-sicuramente-leconomia\\\/#article\",\"isPartOf\":{\"@id\":\"https:\\\/\\\/www.bellunopress.it\\\/2022\\\/02\\\/03\\\/galleria-comelico-de-carlo-tutte-le-istituzioni-si-uniscano-per-chiedere-lavori-notturni-e-strada-alternativa-non-ce-rischio-crollo-ma-crollera-sicuramente-leconomia\\\/\"},\"author\":{\"name\":\"redazione\",\"@id\":\"https:\\\/\\\/www.bellunopress.it\\\/#\\\/schema\\\/person\\\/79bb06722b37ece1c03d3e94beb30d73\"},\"headline\":\"Galleria Comelico. De Carlo: \u201cTutte le istituzioni si uniscano per chiedere lavori notturni e strada alternativa. Non c&#8217;\u00e8 rischio crollo, ma croller\u00e0 sicuramente l&#8217;economia\u201d\",\"datePublished\":\"2022-02-03T20:45:14+00:00\",\"mainEntityOfPage\":{\"@id\":\"https:\\\/\\\/www.bellunopress.it\\\/2022\\\/02\\\/03\\\/galleria-comelico-de-carlo-tutte-le-istituzioni-si-uniscano-per-chiedere-lavori-notturni-e-strada-alternativa-non-ce-rischio-crollo-ma-crollera-sicuramente-leconomia\\\/\"},\"wordCount\":585,\"publisher\":{\"@id\":\"https:\\\/\\\/www.bellunopress.it\\\/#organization\"},\"image\":{\"@id\":\"https:\\\/\\\/www.bellunopress.it\\\/2022\\\/02\\\/03\\\/galleria-comelico-de-carlo-tutte-le-istituzioni-si-uniscano-per-chiedere-lavori-notturni-e-strada-alternativa-non-ce-rischio-crollo-ma-crollera-sicuramente-leconomia\\\/#primaryimage\"},\"thumbnailUrl\":\"https:\\\/\\\/www.bellunopress.it\\\/wp-content\\\/uploads\\\/2021\\\/01\\\/Luca-De-Carlo_edited.jpg\",\"articleSection\":[\"Cronaca\\\/Politica\",\"Prima Pagina\"],\"inLanguage\":\"fr-FR\"},{\"@type\":\"WebPage\",\"@id\":\"https:\\\/\\\/www.bellunopress.it\\\/2022\\\/02\\\/03\\\/galleria-comelico-de-carlo-tutte-le-istituzioni-si-uniscano-per-chiedere-lavori-notturni-e-strada-alternativa-non-ce-rischio-crollo-ma-crollera-sicuramente-leconomia\\\/\",\"url\":\"https:\\\/\\\/www.bellunopress.it\\\/2022\\\/02\\\/03\\\/galleria-comelico-de-carlo-tutte-le-istituzioni-si-uniscano-per-chiedere-lavori-notturni-e-strada-alternativa-non-ce-rischio-crollo-ma-crollera-sicuramente-leconomia\\\/\",\"name\":\"Galleria Comelico. De Carlo: \u201cTutte le istituzioni si uniscano per chiedere lavori notturni e strada alternativa. Non c'\u00e8 rischio crollo, ma croller\u00e0 sicuramente l'economia\u201d - Bellunopress - Dolomiti\",\"isPartOf\":{\"@id\":\"https:\\\/\\\/www.bellunopress.it\\\/#website\"},\"primaryImageOfPage\":{\"@id\":\"https:\\\/\\\/www.bellunopress.it\\\/2022\\\/02\\\/03\\\/galleria-comelico-de-carlo-tutte-le-istituzioni-si-uniscano-per-chiedere-lavori-notturni-e-strada-alternativa-non-ce-rischio-crollo-ma-crollera-sicuramente-leconomia\\\/#primaryimage\"},\"image\":{\"@id\":\"https:\\\/\\\/www.bellunopress.it\\\/2022\\\/02\\\/03\\\/galleria-comelico-de-carlo-tutte-le-istituzioni-si-uniscano-per-chiedere-lavori-notturni-e-strada-alternativa-non-ce-rischio-crollo-ma-crollera-sicuramente-leconomia\\\/#primaryimage\"},\"thumbnailUrl\":\"https:\\\/\\\/www.bellunopress.it\\\/wp-content\\\/uploads\\\/2021\\\/01\\\/Luca-De-Carlo_edited.jpg\",\"datePublished\":\"2022-02-03T20:45:14+00:00\",\"breadcrumb\":{\"@id\":\"https:\\\/\\\/www.bellunopress.it\\\/2022\\\/02\\\/03\\\/galleria-comelico-de-carlo-tutte-le-istituzioni-si-uniscano-per-chiedere-lavori-notturni-e-strada-alternativa-non-ce-rischio-crollo-ma-crollera-sicuramente-leconomia\\\/#breadcrumb\"},\"inLanguage\":\"fr-FR\",\"potentialAction\":[{\"@type\":\"ReadAction\",\"target\":[\"https:\\\/\\\/www.bellunopress.it\\\/2022\\\/02\\\/03\\\/galleria-comelico-de-carlo-tutte-le-istituzioni-si-uniscano-per-chiedere-lavori-notturni-e-strada-alternativa-non-ce-rischio-crollo-ma-crollera-sicuramente-leconomia\\\/\"]}]},{\"@type\":\"ImageObject\",\"inLanguage\":\"fr-FR\",\"@id\":\"https:\\\/\\\/www.bellunopress.it\\\/2022\\\/02\\\/03\\\/galleria-comelico-de-carlo-tutte-le-istituzioni-si-uniscano-per-chiedere-lavori-notturni-e-strada-alternativa-non-ce-rischio-crollo-ma-crollera-sicuramente-leconomia\\\/#primaryimage\",\"url\":\"https:\\\/\\\/www.bellunopress.it\\\/wp-content\\\/uploads\\\/2021\\\/01\\\/Luca-De-Carlo_edited.jpg\",\"contentUrl\":\"https:\\\/\\\/www.bellunopress.it\\\/wp-content\\\/uploads\\\/2021\\\/01\\\/Luca-De-Carlo_edited.jpg\",\"width\":473,\"height\":330,\"caption\":\"Luca De Carlo, senatore\"},{\"@type\":\"BreadcrumbList\",\"@id\":\"https:\\\/\\\/www.bellunopress.it\\\/2022\\\/02\\\/03\\\/galleria-comelico-de-carlo-tutte-le-istituzioni-si-uniscano-per-chiedere-lavori-notturni-e-strada-alternativa-non-ce-rischio-crollo-ma-crollera-sicuramente-leconomia\\\/#breadcrumb\",\"itemListElement\":[{\"@type\":\"ListItem\",\"position\":1,\"name\":\"Home\",\"item\":\"https:\\\/\\\/www.bellunopress.it\\\/\"},{\"@type\":\"ListItem\",\"position\":2,\"name\":\"Galleria Comelico. De Carlo: \u201cTutte le istituzioni si uniscano per chiedere lavori notturni e strada alternativa. Non c&#8217;\u00e8 rischio crollo, ma croller\u00e0 sicuramente l&#8217;economia\u201d\"}]},{\"@type\":\"WebSite\",\"@id\":\"https:\\\/\\\/www.bellunopress.it\\\/#website\",\"url\":\"https:\\\/\\\/www.bellunopress.it\\\/\",\"name\":\"Bellunopress - Dolomiti\",\"description\":\"e-mail: redazione@bellunopress.it\",\"publisher\":{\"@id\":\"https:\\\/\\\/www.bellunopress.it\\\/#organization\"},\"potentialAction\":[{\"@type\":\"SearchAction\",\"target\":{\"@type\":\"EntryPoint\",\"urlTemplate\":\"https:\\\/\\\/www.bellunopress.it\\\/?s={search_term_string}\"},\"query-input\":{\"@type\":\"PropertyValueSpecification\",\"valueRequired\":true,\"valueName\":\"search_term_string\"}}],\"inLanguage\":\"fr-FR\"},{\"@type\":\"Organization\",\"@id\":\"https:\\\/\\\/www.bellunopress.it\\\/#organization\",\"name\":\"Bellunopress\",\"url\":\"https:\\\/\\\/www.bellunopress.it\\\/\",\"logo\":{\"@type\":\"ImageObject\",\"inLanguage\":\"fr-FR\",\"@id\":\"https:\\\/\\\/www.bellunopress.it\\\/#\\\/schema\\\/logo\\\/image\\\/\",\"url\":\"https:\\\/\\\/www.bellunopress.it\\\/wp-content\\\/uploads\\\/2011\\\/05\\\/cropped-logo-bellunopress-.jpg\",\"contentUrl\":\"https:\\\/\\\/www.bellunopress.it\\\/wp-content\\\/uploads\\\/2011\\\/05\\\/cropped-logo-bellunopress-.jpg\",\"width\":512,\"height\":512,\"caption\":\"Bellunopress\"},\"image\":{\"@id\":\"https:\\\/\\\/www.bellunopress.it\\\/#\\\/schema\\\/logo\\\/image\\\/\"},\"sameAs\":[\"https:\\\/\\\/www.facebook.com\\\/profile.php?id=100008943462799\",\"https:\\\/\\\/x.com\\\/bellunopress\",\"https:\\\/\\\/www.linkedin.com\\\/hp\\\/?dnr=JBzUWaJfMUw8vbXJJ2tVW5-I3jZKvC4wsoxE&amp;amp;amp;amp;amp;amp;trk=nav_responsive_tab_home\",\"https:\\\/\\\/www.youtube.com\\\/channel\\\/UCxL0wu1uN0_3_7hGG0306cw\"]},{\"@type\":\"Person\",\"@id\":\"https:\\\/\\\/www.bellunopress.it\\\/#\\\/schema\\\/person\\\/79bb06722b37ece1c03d3e94beb30d73\",\"name\":\"redazione\",\"image\":{\"@type\":\"ImageObject\",\"inLanguage\":\"fr-FR\",\"@id\":\"https:\\\/\\\/secure.gravatar.com\\\/avatar\\\/37d968a2e67a6fd04c169c4bdef102d0bc5d31b2546345219e348575eb80e9a0?s=96&d=mm&r=g\",\"url\":\"https:\\\/\\\/secure.gravatar.com\\\/avatar\\\/37d968a2e67a6fd04c169c4bdef102d0bc5d31b2546345219e348575eb80e9a0?s=96&d=mm&r=g\",\"contentUrl\":\"https:\\\/\\\/secure.gravatar.com\\\/avatar\\\/37d968a2e67a6fd04c169c4bdef102d0bc5d31b2546345219e348575eb80e9a0?s=96&d=mm&r=g\",\"caption\":\"redazione\"},\"sameAs\":[\"http:\\\/\\\/www.bellunopress.it\",\"https:\\\/\\\/x.com\\\/bellunopress\"],\"url\":\"https:\\\/\\\/www.bellunopress.it\\\/fr\\\/author\\\/redazione\\\/\"}]}<\/script>\n<!-- \/ Yoast SEO plugin. -->","yoast_head_json":{"title":"Galleria Comelico. De Carlo: \u201cTutte le istituzioni si uniscano per chiedere lavori notturni e strada alternativa. Non c'\u00e8 rischio crollo, ma croller\u00e0 sicuramente l'economia\u201d - Bellunopress - Dolomiti","robots":{"index":"index","follow":"follow","max-snippet":"max-snippet:-1","max-image-preview":"max-image-preview:large","max-video-preview":"max-video-preview:-1"},"canonical":"https:\/\/www.bellunopress.it\/fr\/2022\/02\/03\/galleria-comelico-de-carlo-tutte-le-istituzioni-si-uniscano-per-chiedere-lavori-notturni-e-strada-alternativa-non-ce-rischio-crollo-ma-crollera-sicuramente-leconomia\/","og_locale":"fr_FR","og_type":"article","og_title":"Galleria Comelico. De Carlo: \u201cTutte le istituzioni si uniscano per chiedere lavori notturni e strada alternativa. Non c'\u00e8 rischio crollo, ma croller\u00e0 sicuramente l'economia\u201d - Bellunopress - Dolomiti","og_description":"\u201cBasta prendere in giro il Comelico e i suoi abitanti. Si dia una risposta certa e chiara, e le istituzioni si uniscano per chiedere ad Anas lavori nelle ore notturne e nessuna chiusura diurna fino alla realizzazione di una strada alternativa. Da parte mia, mobiliter\u00f2 tutti i rappresentanti di Fratelli d&#8217;Italia a livello nazionale e [&hellip;]","og_url":"https:\/\/www.bellunopress.it\/fr\/2022\/02\/03\/galleria-comelico-de-carlo-tutte-le-istituzioni-si-uniscano-per-chiedere-lavori-notturni-e-strada-alternativa-non-ce-rischio-crollo-ma-crollera-sicuramente-leconomia\/","og_site_name":"Bellunopress - Dolomiti","article_publisher":"https:\/\/www.facebook.com\/profile.php?id=100008943462799","article_published_time":"2022-02-03T20:45:14+00:00","og_image":[{"width":473,"height":330,"url":"https:\/\/www.bellunopress.it\/wp-content\/uploads\/2021\/01\/Luca-De-Carlo_edited.jpg","type":"image\/jpeg"}],"author":"redazione","twitter_card":"summary_large_image","twitter_creator":"@bellunopress","twitter_site":"@bellunopress","twitter_misc":{"\u00c9crit par":"redazione","Dur\u00e9e de lecture estim\u00e9e":"4 minutes"},"schema":{"@context":"https:\/\/schema.org","@graph":[{"@type":"Article","@id":"https:\/\/www.bellunopress.it\/2022\/02\/03\/galleria-comelico-de-carlo-tutte-le-istituzioni-si-uniscano-per-chiedere-lavori-notturni-e-strada-alternativa-non-ce-rischio-crollo-ma-crollera-sicuramente-leconomia\/#article","isPartOf":{"@id":"https:\/\/www.bellunopress.it\/2022\/02\/03\/galleria-comelico-de-carlo-tutte-le-istituzioni-si-uniscano-per-chiedere-lavori-notturni-e-strada-alternativa-non-ce-rischio-crollo-ma-crollera-sicuramente-leconomia\/"},"author":{"name":"redazione","@id":"https:\/\/www.bellunopress.it\/#\/schema\/person\/79bb06722b37ece1c03d3e94beb30d73"},"headline":"Galleria Comelico. De Carlo: \u201cTutte le istituzioni si uniscano per chiedere lavori notturni e strada alternativa. Non c&#8217;\u00e8 rischio crollo, ma croller\u00e0 sicuramente l&#8217;economia\u201d","datePublished":"2022-02-03T20:45:14+00:00","mainEntityOfPage":{"@id":"https:\/\/www.bellunopress.it\/2022\/02\/03\/galleria-comelico-de-carlo-tutte-le-istituzioni-si-uniscano-per-chiedere-lavori-notturni-e-strada-alternativa-non-ce-rischio-crollo-ma-crollera-sicuramente-leconomia\/"},"wordCount":585,"publisher":{"@id":"https:\/\/www.bellunopress.it\/#organization"},"image":{"@id":"https:\/\/www.bellunopress.it\/2022\/02\/03\/galleria-comelico-de-carlo-tutte-le-istituzioni-si-uniscano-per-chiedere-lavori-notturni-e-strada-alternativa-non-ce-rischio-crollo-ma-crollera-sicuramente-leconomia\/#primaryimage"},"thumbnailUrl":"https:\/\/www.bellunopress.it\/wp-content\/uploads\/2021\/01\/Luca-De-Carlo_edited.jpg","articleSection":["Cronaca\/Politica","Prima Pagina"],"inLanguage":"fr-FR"},{"@type":"WebPage","@id":"https:\/\/www.bellunopress.it\/2022\/02\/03\/galleria-comelico-de-carlo-tutte-le-istituzioni-si-uniscano-per-chiedere-lavori-notturni-e-strada-alternativa-non-ce-rischio-crollo-ma-crollera-sicuramente-leconomia\/","url":"https:\/\/www.bellunopress.it\/2022\/02\/03\/galleria-comelico-de-carlo-tutte-le-istituzioni-si-uniscano-per-chiedere-lavori-notturni-e-strada-alternativa-non-ce-rischio-crollo-ma-crollera-sicuramente-leconomia\/","name":"Galleria Comelico. De Carlo: \u201cTutte le istituzioni si uniscano per chiedere lavori notturni e strada alternativa. Non c'\u00e8 rischio crollo, ma croller\u00e0 sicuramente l'economia\u201d - Bellunopress - Dolomiti","isPartOf":{"@id":"https:\/\/www.bellunopress.it\/#website"},"primaryImageOfPage":{"@id":"https:\/\/www.bellunopress.it\/2022\/02\/03\/galleria-comelico-de-carlo-tutte-le-istituzioni-si-uniscano-per-chiedere-lavori-notturni-e-strada-alternativa-non-ce-rischio-crollo-ma-crollera-sicuramente-leconomia\/#primaryimage"},"image":{"@id":"https:\/\/www.bellunopress.it\/2022\/02\/03\/galleria-comelico-de-carlo-tutte-le-istituzioni-si-uniscano-per-chiedere-lavori-notturni-e-strada-alternativa-non-ce-rischio-crollo-ma-crollera-sicuramente-leconomia\/#primaryimage"},"thumbnailUrl":"https:\/\/www.bellunopress.it\/wp-content\/uploads\/2021\/01\/Luca-De-Carlo_edited.jpg","datePublished":"2022-02-03T20:45:14+00:00","breadcrumb":{"@id":"https:\/\/www.bellunopress.it\/2022\/02\/03\/galleria-comelico-de-carlo-tutte-le-istituzioni-si-uniscano-per-chiedere-lavori-notturni-e-strada-alternativa-non-ce-rischio-crollo-ma-crollera-sicuramente-leconomia\/#breadcrumb"},"inLanguage":"fr-FR","potentialAction":[{"@type":"ReadAction","target":["https:\/\/www.bellunopress.it\/2022\/02\/03\/galleria-comelico-de-carlo-tutte-le-istituzioni-si-uniscano-per-chiedere-lavori-notturni-e-strada-alternativa-non-ce-rischio-crollo-ma-crollera-sicuramente-leconomia\/"]}]},{"@type":"ImageObject","inLanguage":"fr-FR","@id":"https:\/\/www.bellunopress.it\/2022\/02\/03\/galleria-comelico-de-carlo-tutte-le-istituzioni-si-uniscano-per-chiedere-lavori-notturni-e-strada-alternativa-non-ce-rischio-crollo-ma-crollera-sicuramente-leconomia\/#primaryimage","url":"https:\/\/www.bellunopress.it\/wp-content\/uploads\/2021\/01\/Luca-De-Carlo_edited.jpg","contentUrl":"https:\/\/www.bellunopress.it\/wp-content\/uploads\/2021\/01\/Luca-De-Carlo_edited.jpg","width":473,"height":330,"caption":"Luca De Carlo, senatore"},{"@type":"BreadcrumbList","@id":"https:\/\/www.bellunopress.it\/2022\/02\/03\/galleria-comelico-de-carlo-tutte-le-istituzioni-si-uniscano-per-chiedere-lavori-notturni-e-strada-alternativa-non-ce-rischio-crollo-ma-crollera-sicuramente-leconomia\/#breadcrumb","itemListElement":[{"@type":"ListItem","position":1,"name":"Home","item":"https:\/\/www.bellunopress.it\/"},{"@type":"ListItem","position":2,"name":"Galleria Comelico. De Carlo: \u201cTutte le istituzioni si uniscano per chiedere lavori notturni e strada alternativa. Non c&#8217;\u00e8 rischio crollo, ma croller\u00e0 sicuramente l&#8217;economia\u201d"}]},{"@type":"WebSite","@id":"https:\/\/www.bellunopress.it\/#website","url":"https:\/\/www.bellunopress.it\/","name":"Bellunopress - Dolomiti","description":"e-mail: redazione@bellunopress.it","publisher":{"@id":"https:\/\/www.bellunopress.it\/#organization"},"potentialAction":[{"@type":"SearchAction","target":{"@type":"EntryPoint","urlTemplate":"https:\/\/www.bellunopress.it\/?s={search_term_string}"},"query-input":{"@type":"PropertyValueSpecification","valueRequired":true,"valueName":"search_term_string"}}],"inLanguage":"fr-FR"},{"@type":"Organization","@id":"https:\/\/www.bellunopress.it\/#organization","name":"Bellunopress","url":"https:\/\/www.bellunopress.it\/","logo":{"@type":"ImageObject","inLanguage":"fr-FR","@id":"https:\/\/www.bellunopress.it\/#\/schema\/logo\/image\/","url":"https:\/\/www.bellunopress.it\/wp-content\/uploads\/2011\/05\/cropped-logo-bellunopress-.jpg","contentUrl":"https:\/\/www.bellunopress.it\/wp-content\/uploads\/2011\/05\/cropped-logo-bellunopress-.jpg","width":512,"height":512,"caption":"Bellunopress"},"image":{"@id":"https:\/\/www.bellunopress.it\/#\/schema\/logo\/image\/"},"sameAs":["https:\/\/www.facebook.com\/profile.php?id=100008943462799","https:\/\/x.com\/bellunopress","https:\/\/www.linkedin.com\/hp\/?dnr=JBzUWaJfMUw8vbXJJ2tVW5-I3jZKvC4wsoxE&amp;amp;amp;amp;amp;amp;trk=nav_responsive_tab_home","https:\/\/www.youtube.com\/channel\/UCxL0wu1uN0_3_7hGG0306cw"]},{"@type":"Person","@id":"https:\/\/www.bellunopress.it\/#\/schema\/person\/79bb06722b37ece1c03d3e94beb30d73","name":"r\u00e9daction","image":{"@type":"ImageObject","inLanguage":"fr-FR","@id":"https:\/\/secure.gravatar.com\/avatar\/37d968a2e67a6fd04c169c4bdef102d0bc5d31b2546345219e348575eb80e9a0?s=96&d=mm&r=g","url":"https:\/\/secure.gravatar.com\/avatar\/37d968a2e67a6fd04c169c4bdef102d0bc5d31b2546345219e348575eb80e9a0?s=96&d=mm&r=g","contentUrl":"https:\/\/secure.gravatar.com\/avatar\/37d968a2e67a6fd04c169c4bdef102d0bc5d31b2546345219e348575eb80e9a0?s=96&d=mm&r=g","caption":"redazione"},"sameAs":["http:\/\/www.bellunopress.it","https:\/\/x.com\/bellunopress"],"url":"https:\/\/www.bellunopress.it\/fr\/author\/redazione\/"}]}},"_links":{"self":[{"href":"https:\/\/www.bellunopress.it\/fr\/wp-json\/wp\/v2\/posts\/131115","targetHints":{"allow":["GET"]}}],"collection":[{"href":"https:\/\/www.bellunopress.it\/fr\/wp-json\/wp\/v2\/posts"}],"about":[{"href":"https:\/\/www.bellunopress.it\/fr\/wp-json\/wp\/v2\/types\/post"}],"author":[{"embeddable":true,"href":"https:\/\/www.bellunopress.it\/fr\/wp-json\/wp\/v2\/users\/2"}],"replies":[{"embeddable":true,"href":"https:\/\/www.bellunopress.it\/fr\/wp-json\/wp\/v2\/comments?post=131115"}],"version-history":[{"count":1,"href":"https:\/\/www.bellunopress.it\/fr\/wp-json\/wp\/v2\/posts\/131115\/revisions"}],"predecessor-version":[{"id":131116,"href":"https:\/\/www.bellunopress.it\/fr\/wp-json\/wp\/v2\/posts\/131115\/revisions\/131116"}],"wp:featuredmedia":[{"embeddable":true,"href":"https:\/\/www.bellunopress.it\/fr\/wp-json\/wp\/v2\/media\/120581"}],"wp:attachment":[{"href":"https:\/\/www.bellunopress.it\/fr\/wp-json\/wp\/v2\/media?parent=131115"}],"wp:term":[{"taxonomy":"category","embeddable":true,"href":"https:\/\/www.bellunopress.it\/fr\/wp-json\/wp\/v2\/categories?post=131115"},{"taxonomy":"post_tag","embeddable":true,"href":"https:\/\/www.bellunopress.it\/fr\/wp-json\/wp\/v2\/tags?post=131115"}],"curies":[{"name":"wp","href":"https:\/\/api.w.org\/{rel}","templated":true}]}}