{"id":131106,"date":"2022-02-03T14:18:34","date_gmt":"2022-02-03T13:18:34","guid":{"rendered":"https:\/\/www.bellunopress.it\/?p=131106"},"modified":"2022-02-03T14:18:34","modified_gmt":"2022-02-03T13:18:34","slug":"rudy-roffare-entra-nello-staff-della-cisl-del-veneto-il-sindacalista-di-alpago-si-occupera-di-politiche-del-lavoro","status":"publish","type":"post","link":"https:\/\/www.bellunopress.it\/fr\/2022\/02\/03\/rudy-roffare-entra-nello-staff-della-cisl-del-veneto-il-sindacalista-di-alpago-si-occupera-di-politiche-del-lavoro\/","title":{"rendered":"Rudy Roffar\u00e8 entra nello staff della Cisl del Veneto. Il sindacalista di Alpago si occuper\u00e0 di politiche del lavoro"},"content":{"rendered":"<figure id=\"attachment_114431\" aria-describedby=\"caption-attachment-114431\" style=\"width: 416px\" class=\"wp-caption alignleft\"><img loading=\"lazy\" decoding=\"async\" class=\"size-medium wp-image-114431\" src=\"https:\/\/www.bellunopress.it\/wp-content\/uploads\/2020\/05\/rudy-roffar\u00e8_edited-416x500.jpg\" alt=\"\" width=\"416\" height=\"500\" srcset=\"https:\/\/www.bellunopress.it\/wp-content\/uploads\/2020\/05\/rudy-roffar\u00e8_edited-416x500.jpg 416w, https:\/\/www.bellunopress.it\/wp-content\/uploads\/2020\/05\/rudy-roffar\u00e8_edited-350x420.jpg 350w, https:\/\/www.bellunopress.it\/wp-content\/uploads\/2020\/05\/rudy-roffar\u00e8_edited.jpg 666w\" sizes=\"auto, (max-width: 416px) 100vw, 416px\" \/><figcaption id=\"caption-attachment-114431\" class=\"wp-caption-text\">Rudy Roffar\u00e8<\/figcaption><\/figure>\n<p>Ufficializzato oggi, gioved\u00ec 3 febbraio, nel corso del Consiglio generale della Cisl del Veneto, l&#8217;ingresso di Rudy Roffar\u00e8 nello staff della Unione sindacale regionale. 50 anni, di Alpago, Roffar\u00e8 \u00e8 un volto storico della Cisl bellunese e, dal 2013, della Unione interprovinciale Belluno Treviso. Dopo 25 anni di attivit\u00e0 nella Cisl territoriale, \u00e8 stato chiamato a Mestre per occuparsi dello IAL, (acronimo di &#8220;Innovazione Apprendimento Lavoro&#8221;) del Veneto, impresa sociale fondata dalla Cisl, attiva in tutta Italia e operante nel campo della formazione professionale e continua e delle politiche del lavoro.<br \/>\nUn impegno importante, in un momento cruciale, nel quale &#8220;le transizioni tecnologiche e ambientali &#8211; commenta Roffar\u00e8 &#8211; stanno dettando l&#8217;agenda del cambiamento produttivo e sociale: bisogna fare in modo che giovani, donne, lavoratori e disoccupati siano messi nelle migliori condizioni per il continuo miglioramento professionale e per l&#8217;attivazione puntuale di nuove occasioni di lavoro&#8221;.<\/p>\n<p>Fondato dalla Cisl per promuovere una migliore tutela del lavoro, a partire dalla qualificazione professionale dei lavoratori e dalla competitivit\u00e0 delle imprese, lo IAL ha mantenuto il proprio radicamento nelle politiche del lavoro, acquisendo una posizione di leadership nell&#8217;offerta di servizi, attivit\u00e0 e percorsi di formazione rivolti sia alle persone che alle organizzazioni, sempre pi\u00f9 articolati e specialistici, anche grazie ad una qualificata rete di partner, in Italia e all&#8217;estero.<\/p>\n<p>&#8220;La polarizzazione del lavoro, tra competenze specifiche e trasversali e lavori semplici &#8211; prosegue il sindacalista &#8211; implica la necessit\u00e0 di formazione costante nel tempo per tutti i lavoratori, e l&#8217;impegno della Cisl dev&#8217;essere indirizzato sempre di pi\u00f9 verso la realizzazione di un sistema di relazioni e di reti che permetta di mettere a frutto tutte le risorse derivanti dal sistema delle bilateralit\u00e0, dei fondi interprofessionali e infine dei fondi europei per garantire opportunit\u00e0 di crescita occupazionale&#8221;.<\/p>\n<p>Roffar\u00e8 ha avviato l&#8217;attivit\u00e0 sindacale nel 1997, come operatore della Federazione dei lavoratori del tessile nella zona di Feltre. Nel 2000 \u00e8 diventato segretario della Femca Cisl Belluno, nel 2010 il suo ingresso nella segreteria confederale bellunese, e, con l&#8217;unificazione di Treviso e Belluno del 2013, in quella interprovinciale, di cui \u00e8 stato segretario generale aggiunto dal 2016 al 2020 e attualmente componente dello staff di segretaria. Nel corso della venticinquennale esperienza nella Cisl territoriale si \u00e8 occupato di contrattazione aziendale, negoziazione sociale, bilateralit\u00e0, industria, artigianato e del settore socio-sanitario.<\/p>\n<p>&nbsp;<\/p>","protected":false},"excerpt":{"rendered":"<p>Ufficializzato oggi, gioved\u00ec 3 febbraio, nel corso del Consiglio generale della Cisl del Veneto, l&#8217;ingresso di Rudy Roffar\u00e8 nello staff della Unione sindacale regionale. 50 anni, di Alpago, Roffar\u00e8 \u00e8 un volto storico della Cisl bellunese e, dal 2013, della Unione interprovinciale Belluno Treviso. Dopo 25 anni di attivit\u00e0 nella Cisl territoriale, \u00e8 stato chiamato [&hellip;]<\/p>\n","protected":false},"author":2,"featured_media":114431,"comment_status":"closed","ping_status":"open","sticky":false,"template":"","format":"standard","meta":{"footnotes":""},"categories":[5,36],"tags":[],"class_list":["post-131106","post","type-post","status-publish","format-standard","has-post-thumbnail","category-cronaca","category-lavoro-economia"],"yoast_head":"<!-- This site is optimized with the Yoast SEO plugin v28.4 - https:\/\/yoast.com\/product\/yoast-seo-wordpress\/ -->\n<title>Rudy Roffar\u00e8 entra nello staff della Cisl del Veneto. Il sindacalista di Alpago si occuper\u00e0 di politiche del lavoro - Bellunopress - Dolomiti<\/title>\n<meta name=\"robots\" content=\"index, follow, max-snippet:-1, max-image-preview:large, max-video-preview:-1\" \/>\n<link rel=\"canonical\" href=\"https:\/\/www.bellunopress.it\/fr\/2022\/02\/03\/rudy-roffare-entra-nello-staff-della-cisl-del-veneto-il-sindacalista-di-alpago-si-occupera-di-politiche-del-lavoro\/\" \/>\n<meta property=\"og:locale\" content=\"fr_FR\" \/>\n<meta property=\"og:type\" content=\"article\" \/>\n<meta property=\"og:title\" content=\"Rudy Roffar\u00e8 entra nello staff della Cisl del Veneto. Il sindacalista di Alpago si occuper\u00e0 di politiche del lavoro - Bellunopress - Dolomiti\" \/>\n<meta property=\"og:description\" content=\"Ufficializzato oggi, gioved\u00ec 3 febbraio, nel corso del Consiglio generale della Cisl del Veneto, l&#8217;ingresso di Rudy Roffar\u00e8 nello staff della Unione sindacale regionale. 50 anni, di Alpago, Roffar\u00e8 \u00e8 un volto storico della Cisl bellunese e, dal 2013, della Unione interprovinciale Belluno Treviso. Dopo 25 anni di attivit\u00e0 nella Cisl territoriale, \u00e8 stato chiamato [&hellip;]\" \/>\n<meta property=\"og:url\" content=\"https:\/\/www.bellunopress.it\/fr\/2022\/02\/03\/rudy-roffare-entra-nello-staff-della-cisl-del-veneto-il-sindacalista-di-alpago-si-occupera-di-politiche-del-lavoro\/\" \/>\n<meta property=\"og:site_name\" content=\"Bellunopress - Dolomiti\" \/>\n<meta property=\"article:publisher\" content=\"https:\/\/www.facebook.com\/profile.php?id=100008943462799\" \/>\n<meta property=\"article:published_time\" content=\"2022-02-03T13:18:34+00:00\" \/>\n<meta property=\"og:image\" content=\"https:\/\/www.bellunopress.it\/wp-content\/uploads\/2020\/05\/rudy-roffar\u00e8_edited.jpg\" \/>\n\t<meta property=\"og:image:width\" content=\"666\" \/>\n\t<meta property=\"og:image:height\" content=\"800\" \/>\n\t<meta property=\"og:image:type\" content=\"image\/jpeg\" \/>\n<meta name=\"author\" content=\"redazione\" \/>\n<meta name=\"twitter:card\" content=\"summary_large_image\" \/>\n<meta name=\"twitter:creator\" content=\"@bellunopress\" \/>\n<meta name=\"twitter:site\" content=\"@bellunopress\" \/>\n<meta name=\"twitter:label1\" content=\"Written by\" \/>\n\t<meta name=\"twitter:data1\" content=\"redazione\" \/>\n\t<meta name=\"twitter:label2\" content=\"Est. reading time\" \/>\n\t<meta name=\"twitter:data2\" content=\"3 minutes\" \/>\n<script type=\"application\/ld+json\" class=\"yoast-schema-graph\">{\"@context\":\"https:\\\/\\\/schema.org\",\"@graph\":[{\"@type\":\"Article\",\"@id\":\"https:\\\/\\\/www.bellunopress.it\\\/2022\\\/02\\\/03\\\/rudy-roffare-entra-nello-staff-della-cisl-del-veneto-il-sindacalista-di-alpago-si-occupera-di-politiche-del-lavoro\\\/#article\",\"isPartOf\":{\"@id\":\"https:\\\/\\\/www.bellunopress.it\\\/2022\\\/02\\\/03\\\/rudy-roffare-entra-nello-staff-della-cisl-del-veneto-il-sindacalista-di-alpago-si-occupera-di-politiche-del-lavoro\\\/\"},\"author\":{\"name\":\"redazione\",\"@id\":\"https:\\\/\\\/www.bellunopress.it\\\/#\\\/schema\\\/person\\\/79bb06722b37ece1c03d3e94beb30d73\"},\"headline\":\"Rudy Roffar\u00e8 entra nello staff della Cisl del Veneto. Il sindacalista di Alpago si occuper\u00e0 di politiche del lavoro\",\"datePublished\":\"2022-02-03T13:18:34+00:00\",\"mainEntityOfPage\":{\"@id\":\"https:\\\/\\\/www.bellunopress.it\\\/2022\\\/02\\\/03\\\/rudy-roffare-entra-nello-staff-della-cisl-del-veneto-il-sindacalista-di-alpago-si-occupera-di-politiche-del-lavoro\\\/\"},\"wordCount\":406,\"publisher\":{\"@id\":\"https:\\\/\\\/www.bellunopress.it\\\/#organization\"},\"image\":{\"@id\":\"https:\\\/\\\/www.bellunopress.it\\\/2022\\\/02\\\/03\\\/rudy-roffare-entra-nello-staff-della-cisl-del-veneto-il-sindacalista-di-alpago-si-occupera-di-politiche-del-lavoro\\\/#primaryimage\"},\"thumbnailUrl\":\"https:\\\/\\\/www.bellunopress.it\\\/wp-content\\\/uploads\\\/2020\\\/05\\\/rudy-roffar\u00e8_edited.jpg\",\"articleSection\":[\"Cronaca\\\/Politica\",\"Lavoro, Economia, Turismo\"],\"inLanguage\":\"fr-FR\"},{\"@type\":\"WebPage\",\"@id\":\"https:\\\/\\\/www.bellunopress.it\\\/2022\\\/02\\\/03\\\/rudy-roffare-entra-nello-staff-della-cisl-del-veneto-il-sindacalista-di-alpago-si-occupera-di-politiche-del-lavoro\\\/\",\"url\":\"https:\\\/\\\/www.bellunopress.it\\\/2022\\\/02\\\/03\\\/rudy-roffare-entra-nello-staff-della-cisl-del-veneto-il-sindacalista-di-alpago-si-occupera-di-politiche-del-lavoro\\\/\",\"name\":\"Rudy Roffar\u00e8 entra nello staff della Cisl del Veneto. Il sindacalista di Alpago si occuper\u00e0 di politiche del lavoro - Bellunopress - Dolomiti\",\"isPartOf\":{\"@id\":\"https:\\\/\\\/www.bellunopress.it\\\/#website\"},\"primaryImageOfPage\":{\"@id\":\"https:\\\/\\\/www.bellunopress.it\\\/2022\\\/02\\\/03\\\/rudy-roffare-entra-nello-staff-della-cisl-del-veneto-il-sindacalista-di-alpago-si-occupera-di-politiche-del-lavoro\\\/#primaryimage\"},\"image\":{\"@id\":\"https:\\\/\\\/www.bellunopress.it\\\/2022\\\/02\\\/03\\\/rudy-roffare-entra-nello-staff-della-cisl-del-veneto-il-sindacalista-di-alpago-si-occupera-di-politiche-del-lavoro\\\/#primaryimage\"},\"thumbnailUrl\":\"https:\\\/\\\/www.bellunopress.it\\\/wp-content\\\/uploads\\\/2020\\\/05\\\/rudy-roffar\u00e8_edited.jpg\",\"datePublished\":\"2022-02-03T13:18:34+00:00\",\"breadcrumb\":{\"@id\":\"https:\\\/\\\/www.bellunopress.it\\\/2022\\\/02\\\/03\\\/rudy-roffare-entra-nello-staff-della-cisl-del-veneto-il-sindacalista-di-alpago-si-occupera-di-politiche-del-lavoro\\\/#breadcrumb\"},\"inLanguage\":\"fr-FR\",\"potentialAction\":[{\"@type\":\"ReadAction\",\"target\":[\"https:\\\/\\\/www.bellunopress.it\\\/2022\\\/02\\\/03\\\/rudy-roffare-entra-nello-staff-della-cisl-del-veneto-il-sindacalista-di-alpago-si-occupera-di-politiche-del-lavoro\\\/\"]}]},{\"@type\":\"ImageObject\",\"inLanguage\":\"fr-FR\",\"@id\":\"https:\\\/\\\/www.bellunopress.it\\\/2022\\\/02\\\/03\\\/rudy-roffare-entra-nello-staff-della-cisl-del-veneto-il-sindacalista-di-alpago-si-occupera-di-politiche-del-lavoro\\\/#primaryimage\",\"url\":\"https:\\\/\\\/www.bellunopress.it\\\/wp-content\\\/uploads\\\/2020\\\/05\\\/rudy-roffar\u00e8_edited.jpg\",\"contentUrl\":\"https:\\\/\\\/www.bellunopress.it\\\/wp-content\\\/uploads\\\/2020\\\/05\\\/rudy-roffar\u00e8_edited.jpg\",\"width\":666,\"height\":800,\"caption\":\"Rudy Roffar\u00e8\"},{\"@type\":\"BreadcrumbList\",\"@id\":\"https:\\\/\\\/www.bellunopress.it\\\/2022\\\/02\\\/03\\\/rudy-roffare-entra-nello-staff-della-cisl-del-veneto-il-sindacalista-di-alpago-si-occupera-di-politiche-del-lavoro\\\/#breadcrumb\",\"itemListElement\":[{\"@type\":\"ListItem\",\"position\":1,\"name\":\"Home\",\"item\":\"https:\\\/\\\/www.bellunopress.it\\\/\"},{\"@type\":\"ListItem\",\"position\":2,\"name\":\"Rudy Roffar\u00e8 entra nello staff della Cisl del Veneto. Il sindacalista di Alpago si occuper\u00e0 di politiche del lavoro\"}]},{\"@type\":\"WebSite\",\"@id\":\"https:\\\/\\\/www.bellunopress.it\\\/#website\",\"url\":\"https:\\\/\\\/www.bellunopress.it\\\/\",\"name\":\"Bellunopress - Dolomiti\",\"description\":\"e-mail: redazione@bellunopress.it\",\"publisher\":{\"@id\":\"https:\\\/\\\/www.bellunopress.it\\\/#organization\"},\"potentialAction\":[{\"@type\":\"SearchAction\",\"target\":{\"@type\":\"EntryPoint\",\"urlTemplate\":\"https:\\\/\\\/www.bellunopress.it\\\/?s={search_term_string}\"},\"query-input\":{\"@type\":\"PropertyValueSpecification\",\"valueRequired\":true,\"valueName\":\"search_term_string\"}}],\"inLanguage\":\"fr-FR\"},{\"@type\":\"Organization\",\"@id\":\"https:\\\/\\\/www.bellunopress.it\\\/#organization\",\"name\":\"Bellunopress\",\"url\":\"https:\\\/\\\/www.bellunopress.it\\\/\",\"logo\":{\"@type\":\"ImageObject\",\"inLanguage\":\"fr-FR\",\"@id\":\"https:\\\/\\\/www.bellunopress.it\\\/#\\\/schema\\\/logo\\\/image\\\/\",\"url\":\"https:\\\/\\\/www.bellunopress.it\\\/wp-content\\\/uploads\\\/2011\\\/05\\\/cropped-logo-bellunopress-.jpg\",\"contentUrl\":\"https:\\\/\\\/www.bellunopress.it\\\/wp-content\\\/uploads\\\/2011\\\/05\\\/cropped-logo-bellunopress-.jpg\",\"width\":512,\"height\":512,\"caption\":\"Bellunopress\"},\"image\":{\"@id\":\"https:\\\/\\\/www.bellunopress.it\\\/#\\\/schema\\\/logo\\\/image\\\/\"},\"sameAs\":[\"https:\\\/\\\/www.facebook.com\\\/profile.php?id=100008943462799\",\"https:\\\/\\\/x.com\\\/bellunopress\",\"https:\\\/\\\/www.linkedin.com\\\/hp\\\/?dnr=JBzUWaJfMUw8vbXJJ2tVW5-I3jZKvC4wsoxE&amp;amp;amp;amp;amp;amp;trk=nav_responsive_tab_home\",\"https:\\\/\\\/www.youtube.com\\\/channel\\\/UCxL0wu1uN0_3_7hGG0306cw\"]},{\"@type\":\"Person\",\"@id\":\"https:\\\/\\\/www.bellunopress.it\\\/#\\\/schema\\\/person\\\/79bb06722b37ece1c03d3e94beb30d73\",\"name\":\"redazione\",\"image\":{\"@type\":\"ImageObject\",\"inLanguage\":\"fr-FR\",\"@id\":\"https:\\\/\\\/secure.gravatar.com\\\/avatar\\\/37d968a2e67a6fd04c169c4bdef102d0bc5d31b2546345219e348575eb80e9a0?s=96&d=mm&r=g\",\"url\":\"https:\\\/\\\/secure.gravatar.com\\\/avatar\\\/37d968a2e67a6fd04c169c4bdef102d0bc5d31b2546345219e348575eb80e9a0?s=96&d=mm&r=g\",\"contentUrl\":\"https:\\\/\\\/secure.gravatar.com\\\/avatar\\\/37d968a2e67a6fd04c169c4bdef102d0bc5d31b2546345219e348575eb80e9a0?s=96&d=mm&r=g\",\"caption\":\"redazione\"},\"sameAs\":[\"http:\\\/\\\/www.bellunopress.it\",\"https:\\\/\\\/x.com\\\/bellunopress\"],\"url\":\"https:\\\/\\\/www.bellunopress.it\\\/fr\\\/author\\\/redazione\\\/\"}]}<\/script>\n<!-- \/ Yoast SEO plugin. -->","yoast_head_json":{"title":"Rudy Roffar\u00e8 entra nello staff della Cisl del Veneto. Il sindacalista di Alpago si occuper\u00e0 di politiche del lavoro - Bellunopress - Dolomiti","robots":{"index":"index","follow":"follow","max-snippet":"max-snippet:-1","max-image-preview":"max-image-preview:large","max-video-preview":"max-video-preview:-1"},"canonical":"https:\/\/www.bellunopress.it\/fr\/2022\/02\/03\/rudy-roffare-entra-nello-staff-della-cisl-del-veneto-il-sindacalista-di-alpago-si-occupera-di-politiche-del-lavoro\/","og_locale":"fr_FR","og_type":"article","og_title":"Rudy Roffar\u00e8 entra nello staff della Cisl del Veneto. Il sindacalista di Alpago si occuper\u00e0 di politiche del lavoro - Bellunopress - Dolomiti","og_description":"Ufficializzato oggi, gioved\u00ec 3 febbraio, nel corso del Consiglio generale della Cisl del Veneto, l&#8217;ingresso di Rudy Roffar\u00e8 nello staff della Unione sindacale regionale. 50 anni, di Alpago, Roffar\u00e8 \u00e8 un volto storico della Cisl bellunese e, dal 2013, della Unione interprovinciale Belluno Treviso. Dopo 25 anni di attivit\u00e0 nella Cisl territoriale, \u00e8 stato chiamato [&hellip;]","og_url":"https:\/\/www.bellunopress.it\/fr\/2022\/02\/03\/rudy-roffare-entra-nello-staff-della-cisl-del-veneto-il-sindacalista-di-alpago-si-occupera-di-politiche-del-lavoro\/","og_site_name":"Bellunopress - Dolomiti","article_publisher":"https:\/\/www.facebook.com\/profile.php?id=100008943462799","article_published_time":"2022-02-03T13:18:34+00:00","og_image":[{"width":666,"height":800,"url":"https:\/\/www.bellunopress.it\/wp-content\/uploads\/2020\/05\/rudy-roffar\u00e8_edited.jpg","type":"image\/jpeg"}],"author":"redazione","twitter_card":"summary_large_image","twitter_creator":"@bellunopress","twitter_site":"@bellunopress","twitter_misc":{"Written by":"redazione","Est. reading time":"3 minutes"},"schema":{"@context":"https:\/\/schema.org","@graph":[{"@type":"Article","@id":"https:\/\/www.bellunopress.it\/2022\/02\/03\/rudy-roffare-entra-nello-staff-della-cisl-del-veneto-il-sindacalista-di-alpago-si-occupera-di-politiche-del-lavoro\/#article","isPartOf":{"@id":"https:\/\/www.bellunopress.it\/2022\/02\/03\/rudy-roffare-entra-nello-staff-della-cisl-del-veneto-il-sindacalista-di-alpago-si-occupera-di-politiche-del-lavoro\/"},"author":{"name":"redazione","@id":"https:\/\/www.bellunopress.it\/#\/schema\/person\/79bb06722b37ece1c03d3e94beb30d73"},"headline":"Rudy Roffar\u00e8 entra nello staff della Cisl del Veneto. Il sindacalista di Alpago si occuper\u00e0 di politiche del lavoro","datePublished":"2022-02-03T13:18:34+00:00","mainEntityOfPage":{"@id":"https:\/\/www.bellunopress.it\/2022\/02\/03\/rudy-roffare-entra-nello-staff-della-cisl-del-veneto-il-sindacalista-di-alpago-si-occupera-di-politiche-del-lavoro\/"},"wordCount":406,"publisher":{"@id":"https:\/\/www.bellunopress.it\/#organization"},"image":{"@id":"https:\/\/www.bellunopress.it\/2022\/02\/03\/rudy-roffare-entra-nello-staff-della-cisl-del-veneto-il-sindacalista-di-alpago-si-occupera-di-politiche-del-lavoro\/#primaryimage"},"thumbnailUrl":"https:\/\/www.bellunopress.it\/wp-content\/uploads\/2020\/05\/rudy-roffar\u00e8_edited.jpg","articleSection":["Cronaca\/Politica","Lavoro, Economia, Turismo"],"inLanguage":"fr-FR"},{"@type":"WebPage","@id":"https:\/\/www.bellunopress.it\/2022\/02\/03\/rudy-roffare-entra-nello-staff-della-cisl-del-veneto-il-sindacalista-di-alpago-si-occupera-di-politiche-del-lavoro\/","url":"https:\/\/www.bellunopress.it\/2022\/02\/03\/rudy-roffare-entra-nello-staff-della-cisl-del-veneto-il-sindacalista-di-alpago-si-occupera-di-politiche-del-lavoro\/","name":"Rudy Roffar\u00e8 entra nello staff della Cisl del Veneto. Il sindacalista di Alpago si occuper\u00e0 di politiche del lavoro - Bellunopress - Dolomiti","isPartOf":{"@id":"https:\/\/www.bellunopress.it\/#website"},"primaryImageOfPage":{"@id":"https:\/\/www.bellunopress.it\/2022\/02\/03\/rudy-roffare-entra-nello-staff-della-cisl-del-veneto-il-sindacalista-di-alpago-si-occupera-di-politiche-del-lavoro\/#primaryimage"},"image":{"@id":"https:\/\/www.bellunopress.it\/2022\/02\/03\/rudy-roffare-entra-nello-staff-della-cisl-del-veneto-il-sindacalista-di-alpago-si-occupera-di-politiche-del-lavoro\/#primaryimage"},"thumbnailUrl":"https:\/\/www.bellunopress.it\/wp-content\/uploads\/2020\/05\/rudy-roffar\u00e8_edited.jpg","datePublished":"2022-02-03T13:18:34+00:00","breadcrumb":{"@id":"https:\/\/www.bellunopress.it\/2022\/02\/03\/rudy-roffare-entra-nello-staff-della-cisl-del-veneto-il-sindacalista-di-alpago-si-occupera-di-politiche-del-lavoro\/#breadcrumb"},"inLanguage":"fr-FR","potentialAction":[{"@type":"ReadAction","target":["https:\/\/www.bellunopress.it\/2022\/02\/03\/rudy-roffare-entra-nello-staff-della-cisl-del-veneto-il-sindacalista-di-alpago-si-occupera-di-politiche-del-lavoro\/"]}]},{"@type":"ImageObject","inLanguage":"fr-FR","@id":"https:\/\/www.bellunopress.it\/2022\/02\/03\/rudy-roffare-entra-nello-staff-della-cisl-del-veneto-il-sindacalista-di-alpago-si-occupera-di-politiche-del-lavoro\/#primaryimage","url":"https:\/\/www.bellunopress.it\/wp-content\/uploads\/2020\/05\/rudy-roffar\u00e8_edited.jpg","contentUrl":"https:\/\/www.bellunopress.it\/wp-content\/uploads\/2020\/05\/rudy-roffar\u00e8_edited.jpg","width":666,"height":800,"caption":"Rudy Roffar\u00e8"},{"@type":"BreadcrumbList","@id":"https:\/\/www.bellunopress.it\/2022\/02\/03\/rudy-roffare-entra-nello-staff-della-cisl-del-veneto-il-sindacalista-di-alpago-si-occupera-di-politiche-del-lavoro\/#breadcrumb","itemListElement":[{"@type":"ListItem","position":1,"name":"Home","item":"https:\/\/www.bellunopress.it\/"},{"@type":"ListItem","position":2,"name":"Rudy Roffar\u00e8 entra nello staff della Cisl del Veneto. Il sindacalista di Alpago si occuper\u00e0 di politiche del lavoro"}]},{"@type":"WebSite","@id":"https:\/\/www.bellunopress.it\/#website","url":"https:\/\/www.bellunopress.it\/","name":"Bellunopress - Dolomiti","description":"e-mail: redazione@bellunopress.it","publisher":{"@id":"https:\/\/www.bellunopress.it\/#organization"},"potentialAction":[{"@type":"SearchAction","target":{"@type":"EntryPoint","urlTemplate":"https:\/\/www.bellunopress.it\/?s={search_term_string}"},"query-input":{"@type":"PropertyValueSpecification","valueRequired":true,"valueName":"search_term_string"}}],"inLanguage":"fr-FR"},{"@type":"Organization","@id":"https:\/\/www.bellunopress.it\/#organization","name":"Bellunopress","url":"https:\/\/www.bellunopress.it\/","logo":{"@type":"ImageObject","inLanguage":"fr-FR","@id":"https:\/\/www.bellunopress.it\/#\/schema\/logo\/image\/","url":"https:\/\/www.bellunopress.it\/wp-content\/uploads\/2011\/05\/cropped-logo-bellunopress-.jpg","contentUrl":"https:\/\/www.bellunopress.it\/wp-content\/uploads\/2011\/05\/cropped-logo-bellunopress-.jpg","width":512,"height":512,"caption":"Bellunopress"},"image":{"@id":"https:\/\/www.bellunopress.it\/#\/schema\/logo\/image\/"},"sameAs":["https:\/\/www.facebook.com\/profile.php?id=100008943462799","https:\/\/x.com\/bellunopress","https:\/\/www.linkedin.com\/hp\/?dnr=JBzUWaJfMUw8vbXJJ2tVW5-I3jZKvC4wsoxE&amp;amp;amp;amp;amp;amp;trk=nav_responsive_tab_home","https:\/\/www.youtube.com\/channel\/UCxL0wu1uN0_3_7hGG0306cw"]},{"@type":"Person","@id":"https:\/\/www.bellunopress.it\/#\/schema\/person\/79bb06722b37ece1c03d3e94beb30d73","name":"r\u00e9daction","image":{"@type":"ImageObject","inLanguage":"fr-FR","@id":"https:\/\/secure.gravatar.com\/avatar\/37d968a2e67a6fd04c169c4bdef102d0bc5d31b2546345219e348575eb80e9a0?s=96&d=mm&r=g","url":"https:\/\/secure.gravatar.com\/avatar\/37d968a2e67a6fd04c169c4bdef102d0bc5d31b2546345219e348575eb80e9a0?s=96&d=mm&r=g","contentUrl":"https:\/\/secure.gravatar.com\/avatar\/37d968a2e67a6fd04c169c4bdef102d0bc5d31b2546345219e348575eb80e9a0?s=96&d=mm&r=g","caption":"redazione"},"sameAs":["http:\/\/www.bellunopress.it","https:\/\/x.com\/bellunopress"],"url":"https:\/\/www.bellunopress.it\/fr\/author\/redazione\/"}]}},"_links":{"self":[{"href":"https:\/\/www.bellunopress.it\/fr\/wp-json\/wp\/v2\/posts\/131106","targetHints":{"allow":["GET"]}}],"collection":[{"href":"https:\/\/www.bellunopress.it\/fr\/wp-json\/wp\/v2\/posts"}],"about":[{"href":"https:\/\/www.bellunopress.it\/fr\/wp-json\/wp\/v2\/types\/post"}],"author":[{"embeddable":true,"href":"https:\/\/www.bellunopress.it\/fr\/wp-json\/wp\/v2\/users\/2"}],"replies":[{"embeddable":true,"href":"https:\/\/www.bellunopress.it\/fr\/wp-json\/wp\/v2\/comments?post=131106"}],"version-history":[{"count":1,"href":"https:\/\/www.bellunopress.it\/fr\/wp-json\/wp\/v2\/posts\/131106\/revisions"}],"predecessor-version":[{"id":131107,"href":"https:\/\/www.bellunopress.it\/fr\/wp-json\/wp\/v2\/posts\/131106\/revisions\/131107"}],"wp:featuredmedia":[{"embeddable":true,"href":"https:\/\/www.bellunopress.it\/fr\/wp-json\/wp\/v2\/media\/114431"}],"wp:attachment":[{"href":"https:\/\/www.bellunopress.it\/fr\/wp-json\/wp\/v2\/media?parent=131106"}],"wp:term":[{"taxonomy":"category","embeddable":true,"href":"https:\/\/www.bellunopress.it\/fr\/wp-json\/wp\/v2\/categories?post=131106"},{"taxonomy":"post_tag","embeddable":true,"href":"https:\/\/www.bellunopress.it\/fr\/wp-json\/wp\/v2\/tags?post=131106"}],"curies":[{"name":"wp","href":"https:\/\/api.w.org\/{rel}","templated":true}]}}