{"id":131101,"date":"2022-02-03T09:03:00","date_gmt":"2022-02-03T08:03:00","guid":{"rendered":"https:\/\/www.bellunopress.it\/?p=131101"},"modified":"2022-12-18T13:35:01","modified_gmt":"2022-12-18T12:35:01","slug":"elogio-alleresia-il-caso-di-guglielmo-marconi","status":"publish","type":"post","link":"https:\/\/www.bellunopress.it\/fr\/2022\/02\/03\/elogio-alleresia-il-caso-di-guglielmo-marconi\/","title":{"rendered":"Elogio all\u2019eresia. Il caso di Guglielmo Marconi"},"content":{"rendered":"<p>La prima dichiarazione del nuovo presidente della Corte Costituzionale Amato dal suo insediamento \u00e8 stata: \u00abIl compito della giurisprudenza della Corte costituzionale, nelle materie in cui la scienza ha un peso, \u00e8 di ascoltare le ragioni della scienza\u00bb. In linea generale, non si pu\u00f2 che essere d\u2019accordo con tale affermazione d\u2019esordio. Ma c\u2019\u00e8 un interrogativo che andrebbe posto al presidente della Corte: a quale scienza si riferisce?<\/p>\n<figure id=\"attachment_131102\" aria-describedby=\"caption-attachment-131102\" style=\"width: 500px\" class=\"wp-caption alignleft\"><img loading=\"lazy\" decoding=\"async\" class=\"size-medium wp-image-131102\" src=\"https:\/\/www.bellunopress.it\/wp-content\/uploads\/2022\/02\/Antenna-installata-in-Cornovaglia-1901-500x416.jpg\" alt=\"Guglielmo Marconi\" width=\"500\" height=\"416\" srcset=\"https:\/\/www.bellunopress.it\/wp-content\/uploads\/2022\/02\/Antenna-installata-in-Cornovaglia-1901-500x416.jpg 500w, https:\/\/www.bellunopress.it\/wp-content\/uploads\/2022\/02\/Antenna-installata-in-Cornovaglia-1901-505x420.jpg 505w, https:\/\/www.bellunopress.it\/wp-content\/uploads\/2022\/02\/Antenna-installata-in-Cornovaglia-1901.jpg 686w\" sizes=\"auto, (max-width: 500px) 100vw, 500px\" \/><figcaption id=\"caption-attachment-131102\" class=\"wp-caption-text\">Antenna installata in Cornovaglia 1901<\/figcaption><\/figure>\n<p>C\u2019\u00e8 un bellissimo episodio, a tal proposito, che accadde all\u2019inizio del secolo scorso nel mondo scientifico, che rivoluzion\u00f2 la fisica di allora. Ed \u00e8 grazie a quell\u2019 \u201ceresia\u201d se oggi possiamo comunicare a distanza senza dover ricorrere ancora ai piccioni viaggiatori.<br \/>\nNel dicembre del 1901 l\u2019allora 27enne Guglielmo Marconi (Bologna, 25 aprile 1874 \u2013 Roma, 20 luglio 1937), usa le invenzioni di Hertz, Tesla e J.C. Bose per ricevere il segnale radio nella sua prima comunicazione radio transatlantica su una distanza di 3.200 km da Poldhu (Regno Unito), al di l\u00e0 dell\u2019Oceano Atlantico, a St. Johns, Terranova (Canada) proseguendo gli esperimenti iniziati a Sasso Marconi all\u2019et\u00e0 di 20 anni. Marconi \u00e8 convinto che le onde possano attraversare l&#8217;oceano seguendo la curvatura della Terra, bench\u00e9 la scienza ufficiale escludesse allora tale possibilit\u00e0, dal momento che le onde elettromagnetiche si diffondono in linea retta. E pertanto, a causa della curvatura terreste, il segnale lanciato dalla Gran Bretagna non poteva essere intercettato oltre l\u2019oceano, in Canada.<\/p>\n<p>Il massimo esperto mondiale della matematica, della fisica teorica e della filosofia naturale dell\u2019epoca, il professor Henri Poincar\u00e9, informato dell\u2019esperimento, liquid\u00f2 l\u2019iniziativa dicendo: \u201cMa come si pu\u00f2 essere cos\u00ec ignoranti, monsieur Marconi non lo sa che la Terra \u00e8 sferica?\u201d. Lo stesso fece Augusto Righi, professore di fisica all\u2019Universit\u00e0 di Bologna dove Marconi studiava: \u201cQuesto non pu\u00f2 avere successo. Caro ragazzo, le hanno mai segnalato che la Terra \u00e8 rotonda, non piatta? Signor Marconi, ma lei ha fatto l\u2019esame di Fisica 2? Forse no. Lo faccia e poi ne riparliamo\u201d.<\/p>\n<p>Poincar\u00e9 e Righi avevano ragione, secondo le conoscenze della fisica fino a quel momento. Ma n\u00e9 Poincar\u00e9, n\u00e9 Righi n\u00e9 Marconi sapevano che la ionosfera rifletteva le onde. Marconi, snobbato e deriso dalla scienza ufficiale, e apostrofato come terrapiattista diremmo oggi, fece ugualmente installare in Cornovaglia un grande trasmettitore della potenza di 25 Kw con un\u2019antenna di 130 metri, costituita da sessanta fili tesi a ventaglio tra due piloni alti 49 metri e distanti fra di loro 61. Dopodich\u00e9 s&#8217;imbarc\u00f2 per St. John&#8217;s di Terranova con gli assistenti Kemp e Paget per andare ad intercettare il segnale radio. Il 12 dicembre 1901 dalla Gran Bretagna l\u2019antenna lancia il segnale composto da tre punti, corrispondente alla lettera S del codice Morse, che viene intercettato dall\u2019antenna alta 120 metri installata in Terranova, tra lo stupore generale del mondo scientifico.<\/p>\n<p>Ebbene, per questo rivoluzionario metodo di trasmissione delle onde radio, a Marconi gli fu riconosciuto nel 1909 sia il brevetto che il Nobel della Fisica, insieme a Karl Ferdinand Braun, \u201ca riconoscimento del contributo dato allo sviluppo della telegrafia senza fili\u201d. Il mondo deve a Guglielmo Marconi l&#8217;invenzione della radio. Nell\u2019aprile del 1912 i 705 superstiti del naufragio del Titanic saranno messi in salvo grazie alla radio. Per questo l&#8217;Inghilterra insign\u00ec Marconi del titolo di sir e l&#8217;Italia lo nomin\u00f2 senatore e marchese.<\/p>\n<p>Roberto De Nart<\/p>\n<p>Qui il fisico Emilio Del Giudice racconta con una divertente serie di battute l\u2019episodio<br \/>\n<a href=\"https:\/\/www.youtube.com\/watch?v=46iHx2ydTdw\">https:\/\/www.youtube.com\/watch?v=46iHx2ydTdw<\/a><\/p>\n<p><a href=\"https:\/\/www.bellunopress.it\/fr\/2022\/12\/17\/elogio-alleresia-2-il-caso-del-dottor-semmelweis-che-salvo-migliaia-di-donne-ma-venne-ritenuto-pazzo-dagli-illustri-medici-dellottocento\/\">Elogio all&#8217;eresia (2)\u00a0<\/a><\/p>","protected":false},"excerpt":{"rendered":"<p>La prima dichiarazione del nuovo presidente della Corte Costituzionale Amato dal suo insediamento \u00e8 stata: \u00abIl compito della giurisprudenza della Corte costituzionale, nelle materie in cui la scienza ha un peso, \u00e8 di ascoltare le ragioni della scienza\u00bb. In linea generale, non si pu\u00f2 che essere d\u2019accordo con tale affermazione d\u2019esordio. Ma c\u2019\u00e8 un interrogativo [&hellip;]<\/p>\n","protected":false},"author":2,"featured_media":131102,"comment_status":"closed","ping_status":"open","sticky":false,"template":"","format":"standard","meta":{"footnotes":""},"categories":[3394,3446,26],"tags":[3554,3497,3496,100],"class_list":["post-131101","post","type-post","status-publish","format-standard","has-post-thumbnail","category-cultura-e-spettacoli-fuori-provincia","category-featured","category-prima-pagina","tag-elogio-alleresia","tag-emilio-del-giudice","tag-guglielmo-marconi","tag-roberto-de-nart"],"yoast_head":"<!-- This site is optimized with the Yoast SEO plugin v28.4 - https:\/\/yoast.com\/product\/yoast-seo-wordpress\/ -->\n<title>Elogio all\u2019eresia. Il caso di Guglielmo Marconi - Bellunopress - Dolomiti<\/title>\n<meta name=\"robots\" content=\"index, follow, max-snippet:-1, max-image-preview:large, max-video-preview:-1\" \/>\n<link rel=\"canonical\" href=\"https:\/\/www.bellunopress.it\/fr\/2022\/02\/03\/elogio-alleresia-il-caso-di-guglielmo-marconi\/\" \/>\n<meta property=\"og:locale\" content=\"fr_FR\" \/>\n<meta property=\"og:type\" content=\"article\" \/>\n<meta property=\"og:title\" content=\"Elogio all\u2019eresia. Il caso di Guglielmo Marconi - Bellunopress - Dolomiti\" \/>\n<meta property=\"og:description\" content=\"La prima dichiarazione del nuovo presidente della Corte Costituzionale Amato dal suo insediamento \u00e8 stata: \u00abIl compito della giurisprudenza della Corte costituzionale, nelle materie in cui la scienza ha un peso, \u00e8 di ascoltare le ragioni della scienza\u00bb. In linea generale, non si pu\u00f2 che essere d\u2019accordo con tale affermazione d\u2019esordio. Ma c\u2019\u00e8 un interrogativo [&hellip;]\" \/>\n<meta property=\"og:url\" content=\"https:\/\/www.bellunopress.it\/fr\/2022\/02\/03\/elogio-alleresia-il-caso-di-guglielmo-marconi\/\" \/>\n<meta property=\"og:site_name\" content=\"Bellunopress - Dolomiti\" \/>\n<meta property=\"article:publisher\" content=\"https:\/\/www.facebook.com\/profile.php?id=100008943462799\" \/>\n<meta property=\"article:published_time\" content=\"2022-02-03T08:03:00+00:00\" \/>\n<meta property=\"article:modified_time\" content=\"2022-12-18T12:35:01+00:00\" \/>\n<meta property=\"og:image\" content=\"https:\/\/www.bellunopress.it\/wp-content\/uploads\/2022\/02\/Antenna-installata-in-Cornovaglia-1901.jpg\" \/>\n\t<meta property=\"og:image:width\" content=\"686\" \/>\n\t<meta property=\"og:image:height\" content=\"571\" \/>\n\t<meta property=\"og:image:type\" content=\"image\/jpeg\" \/>\n<meta name=\"author\" content=\"redazione\" \/>\n<meta name=\"twitter:card\" content=\"summary_large_image\" \/>\n<meta name=\"twitter:creator\" content=\"@bellunopress\" \/>\n<meta name=\"twitter:site\" content=\"@bellunopress\" \/>\n<meta name=\"twitter:label1\" content=\"Written by\" \/>\n\t<meta name=\"twitter:data1\" content=\"redazione\" \/>\n\t<meta name=\"twitter:label2\" content=\"Est. reading time\" \/>\n\t<meta name=\"twitter:data2\" content=\"4 minutes\" \/>\n<script type=\"application\/ld+json\" class=\"yoast-schema-graph\">{\"@context\":\"https:\\\/\\\/schema.org\",\"@graph\":[{\"@type\":\"Article\",\"@id\":\"https:\\\/\\\/www.bellunopress.it\\\/2022\\\/02\\\/03\\\/elogio-alleresia-il-caso-di-guglielmo-marconi\\\/#article\",\"isPartOf\":{\"@id\":\"https:\\\/\\\/www.bellunopress.it\\\/2022\\\/02\\\/03\\\/elogio-alleresia-il-caso-di-guglielmo-marconi\\\/\"},\"author\":{\"name\":\"redazione\",\"@id\":\"https:\\\/\\\/www.bellunopress.it\\\/#\\\/schema\\\/person\\\/79bb06722b37ece1c03d3e94beb30d73\"},\"headline\":\"Elogio all\u2019eresia. Il caso di Guglielmo Marconi\",\"datePublished\":\"2022-02-03T08:03:00+00:00\",\"dateModified\":\"2022-12-18T12:35:01+00:00\",\"mainEntityOfPage\":{\"@id\":\"https:\\\/\\\/www.bellunopress.it\\\/2022\\\/02\\\/03\\\/elogio-alleresia-il-caso-di-guglielmo-marconi\\\/\"},\"wordCount\":586,\"publisher\":{\"@id\":\"https:\\\/\\\/www.bellunopress.it\\\/#organization\"},\"image\":{\"@id\":\"https:\\\/\\\/www.bellunopress.it\\\/2022\\\/02\\\/03\\\/elogio-alleresia-il-caso-di-guglielmo-marconi\\\/#primaryimage\"},\"thumbnailUrl\":\"https:\\\/\\\/www.bellunopress.it\\\/wp-content\\\/uploads\\\/2022\\\/02\\\/Antenna-installata-in-Cornovaglia-1901.jpg\",\"keywords\":[\"Elogio all'eresia\",\"Emilio Del Giudice\",\"Guglielmo Marconi\",\"Roberto De Nart\"],\"articleSection\":[\"Cultura e spettacoli, tempo libero, benessere, fuori provincia\",\"Featured\",\"Prima Pagina\"],\"inLanguage\":\"fr-FR\"},{\"@type\":\"WebPage\",\"@id\":\"https:\\\/\\\/www.bellunopress.it\\\/2022\\\/02\\\/03\\\/elogio-alleresia-il-caso-di-guglielmo-marconi\\\/\",\"url\":\"https:\\\/\\\/www.bellunopress.it\\\/2022\\\/02\\\/03\\\/elogio-alleresia-il-caso-di-guglielmo-marconi\\\/\",\"name\":\"Elogio all\u2019eresia. Il caso di Guglielmo Marconi - Bellunopress - Dolomiti\",\"isPartOf\":{\"@id\":\"https:\\\/\\\/www.bellunopress.it\\\/#website\"},\"primaryImageOfPage\":{\"@id\":\"https:\\\/\\\/www.bellunopress.it\\\/2022\\\/02\\\/03\\\/elogio-alleresia-il-caso-di-guglielmo-marconi\\\/#primaryimage\"},\"image\":{\"@id\":\"https:\\\/\\\/www.bellunopress.it\\\/2022\\\/02\\\/03\\\/elogio-alleresia-il-caso-di-guglielmo-marconi\\\/#primaryimage\"},\"thumbnailUrl\":\"https:\\\/\\\/www.bellunopress.it\\\/wp-content\\\/uploads\\\/2022\\\/02\\\/Antenna-installata-in-Cornovaglia-1901.jpg\",\"datePublished\":\"2022-02-03T08:03:00+00:00\",\"dateModified\":\"2022-12-18T12:35:01+00:00\",\"breadcrumb\":{\"@id\":\"https:\\\/\\\/www.bellunopress.it\\\/2022\\\/02\\\/03\\\/elogio-alleresia-il-caso-di-guglielmo-marconi\\\/#breadcrumb\"},\"inLanguage\":\"fr-FR\",\"potentialAction\":[{\"@type\":\"ReadAction\",\"target\":[\"https:\\\/\\\/www.bellunopress.it\\\/2022\\\/02\\\/03\\\/elogio-alleresia-il-caso-di-guglielmo-marconi\\\/\"]}]},{\"@type\":\"ImageObject\",\"inLanguage\":\"fr-FR\",\"@id\":\"https:\\\/\\\/www.bellunopress.it\\\/2022\\\/02\\\/03\\\/elogio-alleresia-il-caso-di-guglielmo-marconi\\\/#primaryimage\",\"url\":\"https:\\\/\\\/www.bellunopress.it\\\/wp-content\\\/uploads\\\/2022\\\/02\\\/Antenna-installata-in-Cornovaglia-1901.jpg\",\"contentUrl\":\"https:\\\/\\\/www.bellunopress.it\\\/wp-content\\\/uploads\\\/2022\\\/02\\\/Antenna-installata-in-Cornovaglia-1901.jpg\",\"width\":686,\"height\":571,\"caption\":\"Antenna installata in Cornovaglia 1901\"},{\"@type\":\"BreadcrumbList\",\"@id\":\"https:\\\/\\\/www.bellunopress.it\\\/2022\\\/02\\\/03\\\/elogio-alleresia-il-caso-di-guglielmo-marconi\\\/#breadcrumb\",\"itemListElement\":[{\"@type\":\"ListItem\",\"position\":1,\"name\":\"Home\",\"item\":\"https:\\\/\\\/www.bellunopress.it\\\/\"},{\"@type\":\"ListItem\",\"position\":2,\"name\":\"Elogio all\u2019eresia. Il caso di Guglielmo Marconi\"}]},{\"@type\":\"WebSite\",\"@id\":\"https:\\\/\\\/www.bellunopress.it\\\/#website\",\"url\":\"https:\\\/\\\/www.bellunopress.it\\\/\",\"name\":\"Bellunopress - Dolomiti\",\"description\":\"e-mail: redazione@bellunopress.it\",\"publisher\":{\"@id\":\"https:\\\/\\\/www.bellunopress.it\\\/#organization\"},\"potentialAction\":[{\"@type\":\"SearchAction\",\"target\":{\"@type\":\"EntryPoint\",\"urlTemplate\":\"https:\\\/\\\/www.bellunopress.it\\\/?s={search_term_string}\"},\"query-input\":{\"@type\":\"PropertyValueSpecification\",\"valueRequired\":true,\"valueName\":\"search_term_string\"}}],\"inLanguage\":\"fr-FR\"},{\"@type\":\"Organization\",\"@id\":\"https:\\\/\\\/www.bellunopress.it\\\/#organization\",\"name\":\"Bellunopress\",\"url\":\"https:\\\/\\\/www.bellunopress.it\\\/\",\"logo\":{\"@type\":\"ImageObject\",\"inLanguage\":\"fr-FR\",\"@id\":\"https:\\\/\\\/www.bellunopress.it\\\/#\\\/schema\\\/logo\\\/image\\\/\",\"url\":\"https:\\\/\\\/www.bellunopress.it\\\/wp-content\\\/uploads\\\/2011\\\/05\\\/cropped-logo-bellunopress-.jpg\",\"contentUrl\":\"https:\\\/\\\/www.bellunopress.it\\\/wp-content\\\/uploads\\\/2011\\\/05\\\/cropped-logo-bellunopress-.jpg\",\"width\":512,\"height\":512,\"caption\":\"Bellunopress\"},\"image\":{\"@id\":\"https:\\\/\\\/www.bellunopress.it\\\/#\\\/schema\\\/logo\\\/image\\\/\"},\"sameAs\":[\"https:\\\/\\\/www.facebook.com\\\/profile.php?id=100008943462799\",\"https:\\\/\\\/x.com\\\/bellunopress\",\"https:\\\/\\\/www.linkedin.com\\\/hp\\\/?dnr=JBzUWaJfMUw8vbXJJ2tVW5-I3jZKvC4wsoxE&amp;amp;amp;amp;amp;amp;trk=nav_responsive_tab_home\",\"https:\\\/\\\/www.youtube.com\\\/channel\\\/UCxL0wu1uN0_3_7hGG0306cw\"]},{\"@type\":\"Person\",\"@id\":\"https:\\\/\\\/www.bellunopress.it\\\/#\\\/schema\\\/person\\\/79bb06722b37ece1c03d3e94beb30d73\",\"name\":\"redazione\",\"image\":{\"@type\":\"ImageObject\",\"inLanguage\":\"fr-FR\",\"@id\":\"https:\\\/\\\/secure.gravatar.com\\\/avatar\\\/37d968a2e67a6fd04c169c4bdef102d0bc5d31b2546345219e348575eb80e9a0?s=96&d=mm&r=g\",\"url\":\"https:\\\/\\\/secure.gravatar.com\\\/avatar\\\/37d968a2e67a6fd04c169c4bdef102d0bc5d31b2546345219e348575eb80e9a0?s=96&d=mm&r=g\",\"contentUrl\":\"https:\\\/\\\/secure.gravatar.com\\\/avatar\\\/37d968a2e67a6fd04c169c4bdef102d0bc5d31b2546345219e348575eb80e9a0?s=96&d=mm&r=g\",\"caption\":\"redazione\"},\"sameAs\":[\"http:\\\/\\\/www.bellunopress.it\",\"https:\\\/\\\/x.com\\\/bellunopress\"],\"url\":\"https:\\\/\\\/www.bellunopress.it\\\/fr\\\/author\\\/redazione\\\/\"}]}<\/script>\n<!-- \/ Yoast SEO plugin. -->","yoast_head_json":{"title":"Elogio all\u2019eresia. Il caso di Guglielmo Marconi - Bellunopress - Dolomiti","robots":{"index":"index","follow":"follow","max-snippet":"max-snippet:-1","max-image-preview":"max-image-preview:large","max-video-preview":"max-video-preview:-1"},"canonical":"https:\/\/www.bellunopress.it\/fr\/2022\/02\/03\/elogio-alleresia-il-caso-di-guglielmo-marconi\/","og_locale":"fr_FR","og_type":"article","og_title":"Elogio all\u2019eresia. Il caso di Guglielmo Marconi - Bellunopress - Dolomiti","og_description":"La prima dichiarazione del nuovo presidente della Corte Costituzionale Amato dal suo insediamento \u00e8 stata: \u00abIl compito della giurisprudenza della Corte costituzionale, nelle materie in cui la scienza ha un peso, \u00e8 di ascoltare le ragioni della scienza\u00bb. In linea generale, non si pu\u00f2 che essere d\u2019accordo con tale affermazione d\u2019esordio. Ma c\u2019\u00e8 un interrogativo [&hellip;]","og_url":"https:\/\/www.bellunopress.it\/fr\/2022\/02\/03\/elogio-alleresia-il-caso-di-guglielmo-marconi\/","og_site_name":"Bellunopress - Dolomiti","article_publisher":"https:\/\/www.facebook.com\/profile.php?id=100008943462799","article_published_time":"2022-02-03T08:03:00+00:00","article_modified_time":"2022-12-18T12:35:01+00:00","og_image":[{"width":686,"height":571,"url":"https:\/\/www.bellunopress.it\/wp-content\/uploads\/2022\/02\/Antenna-installata-in-Cornovaglia-1901.jpg","type":"image\/jpeg"}],"author":"redazione","twitter_card":"summary_large_image","twitter_creator":"@bellunopress","twitter_site":"@bellunopress","twitter_misc":{"Written by":"redazione","Est. reading time":"4 minutes"},"schema":{"@context":"https:\/\/schema.org","@graph":[{"@type":"Article","@id":"https:\/\/www.bellunopress.it\/2022\/02\/03\/elogio-alleresia-il-caso-di-guglielmo-marconi\/#article","isPartOf":{"@id":"https:\/\/www.bellunopress.it\/2022\/02\/03\/elogio-alleresia-il-caso-di-guglielmo-marconi\/"},"author":{"name":"redazione","@id":"https:\/\/www.bellunopress.it\/#\/schema\/person\/79bb06722b37ece1c03d3e94beb30d73"},"headline":"Elogio all\u2019eresia. Il caso di Guglielmo Marconi","datePublished":"2022-02-03T08:03:00+00:00","dateModified":"2022-12-18T12:35:01+00:00","mainEntityOfPage":{"@id":"https:\/\/www.bellunopress.it\/2022\/02\/03\/elogio-alleresia-il-caso-di-guglielmo-marconi\/"},"wordCount":586,"publisher":{"@id":"https:\/\/www.bellunopress.it\/#organization"},"image":{"@id":"https:\/\/www.bellunopress.it\/2022\/02\/03\/elogio-alleresia-il-caso-di-guglielmo-marconi\/#primaryimage"},"thumbnailUrl":"https:\/\/www.bellunopress.it\/wp-content\/uploads\/2022\/02\/Antenna-installata-in-Cornovaglia-1901.jpg","keywords":["Elogio all'eresia","Emilio Del Giudice","Guglielmo Marconi","Roberto De Nart"],"articleSection":["Cultura e spettacoli, tempo libero, benessere, fuori provincia","Featured","Prima Pagina"],"inLanguage":"fr-FR"},{"@type":"WebPage","@id":"https:\/\/www.bellunopress.it\/2022\/02\/03\/elogio-alleresia-il-caso-di-guglielmo-marconi\/","url":"https:\/\/www.bellunopress.it\/2022\/02\/03\/elogio-alleresia-il-caso-di-guglielmo-marconi\/","name":"Elogio all\u2019eresia. Il caso di Guglielmo Marconi - Bellunopress - Dolomiti","isPartOf":{"@id":"https:\/\/www.bellunopress.it\/#website"},"primaryImageOfPage":{"@id":"https:\/\/www.bellunopress.it\/2022\/02\/03\/elogio-alleresia-il-caso-di-guglielmo-marconi\/#primaryimage"},"image":{"@id":"https:\/\/www.bellunopress.it\/2022\/02\/03\/elogio-alleresia-il-caso-di-guglielmo-marconi\/#primaryimage"},"thumbnailUrl":"https:\/\/www.bellunopress.it\/wp-content\/uploads\/2022\/02\/Antenna-installata-in-Cornovaglia-1901.jpg","datePublished":"2022-02-03T08:03:00+00:00","dateModified":"2022-12-18T12:35:01+00:00","breadcrumb":{"@id":"https:\/\/www.bellunopress.it\/2022\/02\/03\/elogio-alleresia-il-caso-di-guglielmo-marconi\/#breadcrumb"},"inLanguage":"fr-FR","potentialAction":[{"@type":"ReadAction","target":["https:\/\/www.bellunopress.it\/2022\/02\/03\/elogio-alleresia-il-caso-di-guglielmo-marconi\/"]}]},{"@type":"ImageObject","inLanguage":"fr-FR","@id":"https:\/\/www.bellunopress.it\/2022\/02\/03\/elogio-alleresia-il-caso-di-guglielmo-marconi\/#primaryimage","url":"https:\/\/www.bellunopress.it\/wp-content\/uploads\/2022\/02\/Antenna-installata-in-Cornovaglia-1901.jpg","contentUrl":"https:\/\/www.bellunopress.it\/wp-content\/uploads\/2022\/02\/Antenna-installata-in-Cornovaglia-1901.jpg","width":686,"height":571,"caption":"Antenna installata in Cornovaglia 1901"},{"@type":"BreadcrumbList","@id":"https:\/\/www.bellunopress.it\/2022\/02\/03\/elogio-alleresia-il-caso-di-guglielmo-marconi\/#breadcrumb","itemListElement":[{"@type":"ListItem","position":1,"name":"Home","item":"https:\/\/www.bellunopress.it\/"},{"@type":"ListItem","position":2,"name":"Elogio all\u2019eresia. Il caso di Guglielmo Marconi"}]},{"@type":"WebSite","@id":"https:\/\/www.bellunopress.it\/#website","url":"https:\/\/www.bellunopress.it\/","name":"Bellunopress - Dolomiti","description":"e-mail: redazione@bellunopress.it","publisher":{"@id":"https:\/\/www.bellunopress.it\/#organization"},"potentialAction":[{"@type":"SearchAction","target":{"@type":"EntryPoint","urlTemplate":"https:\/\/www.bellunopress.it\/?s={search_term_string}"},"query-input":{"@type":"PropertyValueSpecification","valueRequired":true,"valueName":"search_term_string"}}],"inLanguage":"fr-FR"},{"@type":"Organization","@id":"https:\/\/www.bellunopress.it\/#organization","name":"Bellunopress","url":"https:\/\/www.bellunopress.it\/","logo":{"@type":"ImageObject","inLanguage":"fr-FR","@id":"https:\/\/www.bellunopress.it\/#\/schema\/logo\/image\/","url":"https:\/\/www.bellunopress.it\/wp-content\/uploads\/2011\/05\/cropped-logo-bellunopress-.jpg","contentUrl":"https:\/\/www.bellunopress.it\/wp-content\/uploads\/2011\/05\/cropped-logo-bellunopress-.jpg","width":512,"height":512,"caption":"Bellunopress"},"image":{"@id":"https:\/\/www.bellunopress.it\/#\/schema\/logo\/image\/"},"sameAs":["https:\/\/www.facebook.com\/profile.php?id=100008943462799","https:\/\/x.com\/bellunopress","https:\/\/www.linkedin.com\/hp\/?dnr=JBzUWaJfMUw8vbXJJ2tVW5-I3jZKvC4wsoxE&amp;amp;amp;amp;amp;amp;trk=nav_responsive_tab_home","https:\/\/www.youtube.com\/channel\/UCxL0wu1uN0_3_7hGG0306cw"]},{"@type":"Person","@id":"https:\/\/www.bellunopress.it\/#\/schema\/person\/79bb06722b37ece1c03d3e94beb30d73","name":"r\u00e9daction","image":{"@type":"ImageObject","inLanguage":"fr-FR","@id":"https:\/\/secure.gravatar.com\/avatar\/37d968a2e67a6fd04c169c4bdef102d0bc5d31b2546345219e348575eb80e9a0?s=96&d=mm&r=g","url":"https:\/\/secure.gravatar.com\/avatar\/37d968a2e67a6fd04c169c4bdef102d0bc5d31b2546345219e348575eb80e9a0?s=96&d=mm&r=g","contentUrl":"https:\/\/secure.gravatar.com\/avatar\/37d968a2e67a6fd04c169c4bdef102d0bc5d31b2546345219e348575eb80e9a0?s=96&d=mm&r=g","caption":"redazione"},"sameAs":["http:\/\/www.bellunopress.it","https:\/\/x.com\/bellunopress"],"url":"https:\/\/www.bellunopress.it\/fr\/author\/redazione\/"}]}},"_links":{"self":[{"href":"https:\/\/www.bellunopress.it\/fr\/wp-json\/wp\/v2\/posts\/131101","targetHints":{"allow":["GET"]}}],"collection":[{"href":"https:\/\/www.bellunopress.it\/fr\/wp-json\/wp\/v2\/posts"}],"about":[{"href":"https:\/\/www.bellunopress.it\/fr\/wp-json\/wp\/v2\/types\/post"}],"author":[{"embeddable":true,"href":"https:\/\/www.bellunopress.it\/fr\/wp-json\/wp\/v2\/users\/2"}],"replies":[{"embeddable":true,"href":"https:\/\/www.bellunopress.it\/fr\/wp-json\/wp\/v2\/comments?post=131101"}],"version-history":[{"count":3,"href":"https:\/\/www.bellunopress.it\/fr\/wp-json\/wp\/v2\/posts\/131101\/revisions"}],"predecessor-version":[{"id":138473,"href":"https:\/\/www.bellunopress.it\/fr\/wp-json\/wp\/v2\/posts\/131101\/revisions\/138473"}],"wp:featuredmedia":[{"embeddable":true,"href":"https:\/\/www.bellunopress.it\/fr\/wp-json\/wp\/v2\/media\/131102"}],"wp:attachment":[{"href":"https:\/\/www.bellunopress.it\/fr\/wp-json\/wp\/v2\/media?parent=131101"}],"wp:term":[{"taxonomy":"category","embeddable":true,"href":"https:\/\/www.bellunopress.it\/fr\/wp-json\/wp\/v2\/categories?post=131101"},{"taxonomy":"post_tag","embeddable":true,"href":"https:\/\/www.bellunopress.it\/fr\/wp-json\/wp\/v2\/tags?post=131101"}],"curies":[{"name":"wp","href":"https:\/\/api.w.org\/{rel}","templated":true}]}}