{"id":131097,"date":"2022-02-02T21:32:03","date_gmt":"2022-02-02T20:32:03","guid":{"rendered":"https:\/\/www.bellunopress.it\/?p=131097"},"modified":"2022-02-02T21:32:03","modified_gmt":"2022-02-02T20:32:03","slug":"fondi-milano-cortina-2026-dal-poz-fondamentali-risorse-speciali-anche-per-le-imprese","status":"publish","type":"post","link":"https:\/\/www.bellunopress.it\/fr\/2022\/02\/02\/fondi-milano-cortina-2026-dal-poz-fondamentali-risorse-speciali-anche-per-le-imprese\/","title":{"rendered":"Fondi \u201cMilano Cortina 2026. Dal Poz: &#8220;Fondamentali risorse speciali anche per le imprese&#8221;"},"content":{"rendered":"<figure id=\"attachment_131098\" aria-describedby=\"caption-attachment-131098\" style=\"width: 343px\" class=\"wp-caption alignleft\"><img loading=\"lazy\" decoding=\"async\" class=\"size-medium wp-image-131098\" src=\"https:\/\/www.bellunopress.it\/wp-content\/uploads\/2022\/02\/Luca-Dal-Poz_edited-343x500.jpg\" alt=\"\" width=\"343\" height=\"500\" srcset=\"https:\/\/www.bellunopress.it\/wp-content\/uploads\/2022\/02\/Luca-Dal-Poz_edited-343x500.jpg 343w, https:\/\/www.bellunopress.it\/wp-content\/uploads\/2022\/02\/Luca-Dal-Poz_edited-288x420.jpg 288w, https:\/\/www.bellunopress.it\/wp-content\/uploads\/2022\/02\/Luca-Dal-Poz_edited.jpg 686w\" sizes=\"auto, (max-width: 343px) 100vw, 343px\" \/><figcaption id=\"caption-attachment-131098\" class=\"wp-caption-text\">Luca Dal Poz<\/figcaption><\/figure>\n<p>\u00abApprendiamo dalle notizie di stampa &#8211; afferma Luca Dal Poz, direttore di Confcommercio Belluno &#8211; di nuovi stanziamenti per le infrastrutture in ottica Olimpiadi 2026. Quante pi\u00f9 risorse verranno destinate al territorio per opere e viabilit\u00e0 tanto l&#8217;intero territorio ne potr\u00e0 trarre giovamento. Teniamo per\u00f2 a puntualizzare che sar\u00e0 fondamentale, e lo chiediamo da tempo, prevedere fondi speciali per le imprese\u00bb.<\/p>\n<p>Confcommercio Belluno, fin dalla definizione del dossier di candidatura, sostiene come Olimpiadi e Paralimpiadi siano un&#8217;occasione irripetibile che deve essere colta anche come opportunit\u00e0 di riqualificazione dell&#8217;offerta turistica.<br \/>\n\u00abNon possiamo permetterci di dilapidare questa occasione\u00bb continua Dal Poz \u00abe di trovarci a ridosso dell&#8217;evento senza filoni di intervento specifici dedicati alle imprese; penso ad esempio alla ricettivit\u00e0 ed alle centinaia di alberghi che hanno garantito con 6 anni di anticipo le proprie camere per l&#8217;accomodation e che oggi meritano di potersi<br \/>\ngiocare questa carta potendo attingere a risorse speciali. Un tema che va visto s\u00ec con gli occhi rivolti al 2026 ma soprattutto per una strategia a lungo termine affinch\u00e9 i frutti delle Olimpiadi e delle Paralimpiadi possano essere raccolti per molti anni e permettano alle nuove generazioni di credere nel territorio\u00bb.<\/p>\n<p>In quest&#8217;ottica \u00e8 pi\u00f9 volte intervenuto anche il presidente di Federalberghi Belluno Dolomiti Walter De Cassan il quale ritiene fondamentale una legge speciale che stanzi contributi a fondo perduto slegati dalle limitazioni del regime \u201cde minimis\u201d.<\/p>\n<p>\u00abIn ogni sede\u00bb spiega Dal Poz \u00abil nostro sistema associativo provinciale spinge affinch\u00e9, oltre al filone dei fondi destinati alle opere, se ne attivi al pi\u00f9 presto uno speciale dedicato alle imprese. I tempi stringono e non possiamo affidarci esclusivamente al PNRR ed alla programmazione europea. Il primo agisce su scala nazionale e rischia di disperdersi in mille rivoli, la seconda deve ancora essere definita e difficilmente potr\u00e0 essere funzionale agli<br \/>\ninvestimenti privati in ottica Olimpiadi in ragione delle tempistiche di uscita dei bandi, di definizione delle graduatorie, di esecuzione dei lavori e della successiva rendicontazione per ricevere i contributi. Di fatto mancano tre anni ed al giorno d&#8217;oggi sono davvero pochi\u00bb.<\/p>\n<p>Ad avviso di Confcommercio Belluno, quindi, il tema va necessariamente visto in un regime di specialit\u00e0: fondi ad hoc, procedure semplificate, esenzione dal regime \u201cde minimis\u201d, linee di accesso al credito agevolate.<br \/>\n\u00abIn sostanza\u00bb conclude Luca Dal Poz \u00abnon ci si dimentichi di sostenere il tessuto economico e le imprese in modo adeguato e consono alla portata internazionale dell&#8217;evento olimpico ed alla sua specialit\u00e0 concentrandoci solo su opere pubbliche per quanto queste ultime siano fondamentali\u00bb.<\/p>","protected":false},"excerpt":{"rendered":"<p>\u00abApprendiamo dalle notizie di stampa &#8211; afferma Luca Dal Poz, direttore di Confcommercio Belluno &#8211; di nuovi stanziamenti per le infrastrutture in ottica Olimpiadi 2026. Quante pi\u00f9 risorse verranno destinate al territorio per opere e viabilit\u00e0 tanto l&#8217;intero territorio ne potr\u00e0 trarre giovamento. Teniamo per\u00f2 a puntualizzare che sar\u00e0 fondamentale, e lo chiediamo da tempo, [&hellip;]<\/p>\n","protected":false},"author":2,"featured_media":131098,"comment_status":"closed","ping_status":"open","sticky":false,"template":"","format":"standard","meta":{"footnotes":""},"categories":[36],"tags":[],"class_list":["post-131097","post","type-post","status-publish","format-standard","has-post-thumbnail","category-lavoro-economia"],"yoast_head":"<!-- This site is optimized with the Yoast SEO plugin v28.4 - https:\/\/yoast.com\/product\/yoast-seo-wordpress\/ -->\n<title>Fondi \u201cMilano Cortina 2026. Dal Poz: &quot;Fondamentali risorse speciali anche per le imprese&quot; - Bellunopress - Dolomiti<\/title>\n<meta name=\"robots\" content=\"index, follow, max-snippet:-1, max-image-preview:large, max-video-preview:-1\" \/>\n<link rel=\"canonical\" href=\"https:\/\/www.bellunopress.it\/fr\/2022\/02\/02\/fondi-milano-cortina-2026-dal-poz-fondamentali-risorse-speciali-anche-per-le-imprese\/\" \/>\n<meta property=\"og:locale\" content=\"fr_FR\" \/>\n<meta property=\"og:type\" content=\"article\" \/>\n<meta property=\"og:title\" content=\"Fondi \u201cMilano Cortina 2026. Dal Poz: &quot;Fondamentali risorse speciali anche per le imprese&quot; - Bellunopress - Dolomiti\" \/>\n<meta property=\"og:description\" content=\"\u00abApprendiamo dalle notizie di stampa &#8211; afferma Luca Dal Poz, direttore di Confcommercio Belluno &#8211; di nuovi stanziamenti per le infrastrutture in ottica Olimpiadi 2026. Quante pi\u00f9 risorse verranno destinate al territorio per opere e viabilit\u00e0 tanto l&#8217;intero territorio ne potr\u00e0 trarre giovamento. Teniamo per\u00f2 a puntualizzare che sar\u00e0 fondamentale, e lo chiediamo da tempo, [&hellip;]\" \/>\n<meta property=\"og:url\" content=\"https:\/\/www.bellunopress.it\/fr\/2022\/02\/02\/fondi-milano-cortina-2026-dal-poz-fondamentali-risorse-speciali-anche-per-le-imprese\/\" \/>\n<meta property=\"og:site_name\" content=\"Bellunopress - Dolomiti\" \/>\n<meta property=\"article:publisher\" content=\"https:\/\/www.facebook.com\/profile.php?id=100008943462799\" \/>\n<meta property=\"article:published_time\" content=\"2022-02-02T20:32:03+00:00\" \/>\n<meta property=\"og:image\" content=\"https:\/\/www.bellunopress.it\/wp-content\/uploads\/2022\/02\/Luca-Dal-Poz_edited.jpg\" \/>\n\t<meta property=\"og:image:width\" content=\"686\" \/>\n\t<meta property=\"og:image:height\" content=\"1000\" \/>\n\t<meta property=\"og:image:type\" content=\"image\/jpeg\" \/>\n<meta name=\"author\" content=\"redazione\" \/>\n<meta name=\"twitter:card\" content=\"summary_large_image\" \/>\n<meta name=\"twitter:creator\" content=\"@bellunopress\" \/>\n<meta name=\"twitter:site\" content=\"@bellunopress\" \/>\n<meta name=\"twitter:label1\" content=\"\u00c9crit par\" \/>\n\t<meta name=\"twitter:data1\" content=\"redazione\" \/>\n\t<meta name=\"twitter:label2\" content=\"Dur\u00e9e de lecture estim\u00e9e\" \/>\n\t<meta name=\"twitter:data2\" content=\"3 minutes\" \/>\n<script type=\"application\/ld+json\" class=\"yoast-schema-graph\">{\"@context\":\"https:\\\/\\\/schema.org\",\"@graph\":[{\"@type\":\"Article\",\"@id\":\"https:\\\/\\\/www.bellunopress.it\\\/2022\\\/02\\\/02\\\/fondi-milano-cortina-2026-dal-poz-fondamentali-risorse-speciali-anche-per-le-imprese\\\/#article\",\"isPartOf\":{\"@id\":\"https:\\\/\\\/www.bellunopress.it\\\/2022\\\/02\\\/02\\\/fondi-milano-cortina-2026-dal-poz-fondamentali-risorse-speciali-anche-per-le-imprese\\\/\"},\"author\":{\"name\":\"redazione\",\"@id\":\"https:\\\/\\\/www.bellunopress.it\\\/#\\\/schema\\\/person\\\/79bb06722b37ece1c03d3e94beb30d73\"},\"headline\":\"Fondi \u201cMilano Cortina 2026. Dal Poz: &#8220;Fondamentali risorse speciali anche per le imprese&#8221;\",\"datePublished\":\"2022-02-02T20:32:03+00:00\",\"mainEntityOfPage\":{\"@id\":\"https:\\\/\\\/www.bellunopress.it\\\/2022\\\/02\\\/02\\\/fondi-milano-cortina-2026-dal-poz-fondamentali-risorse-speciali-anche-per-le-imprese\\\/\"},\"wordCount\":442,\"publisher\":{\"@id\":\"https:\\\/\\\/www.bellunopress.it\\\/#organization\"},\"image\":{\"@id\":\"https:\\\/\\\/www.bellunopress.it\\\/2022\\\/02\\\/02\\\/fondi-milano-cortina-2026-dal-poz-fondamentali-risorse-speciali-anche-per-le-imprese\\\/#primaryimage\"},\"thumbnailUrl\":\"https:\\\/\\\/www.bellunopress.it\\\/wp-content\\\/uploads\\\/2022\\\/02\\\/Luca-Dal-Poz_edited.jpg\",\"articleSection\":[\"Lavoro, Economia, Turismo\"],\"inLanguage\":\"fr-FR\"},{\"@type\":\"WebPage\",\"@id\":\"https:\\\/\\\/www.bellunopress.it\\\/2022\\\/02\\\/02\\\/fondi-milano-cortina-2026-dal-poz-fondamentali-risorse-speciali-anche-per-le-imprese\\\/\",\"url\":\"https:\\\/\\\/www.bellunopress.it\\\/2022\\\/02\\\/02\\\/fondi-milano-cortina-2026-dal-poz-fondamentali-risorse-speciali-anche-per-le-imprese\\\/\",\"name\":\"Fondi \u201cMilano Cortina 2026. Dal Poz: \\\"Fondamentali risorse speciali anche per le imprese\\\" - Bellunopress - Dolomiti\",\"isPartOf\":{\"@id\":\"https:\\\/\\\/www.bellunopress.it\\\/#website\"},\"primaryImageOfPage\":{\"@id\":\"https:\\\/\\\/www.bellunopress.it\\\/2022\\\/02\\\/02\\\/fondi-milano-cortina-2026-dal-poz-fondamentali-risorse-speciali-anche-per-le-imprese\\\/#primaryimage\"},\"image\":{\"@id\":\"https:\\\/\\\/www.bellunopress.it\\\/2022\\\/02\\\/02\\\/fondi-milano-cortina-2026-dal-poz-fondamentali-risorse-speciali-anche-per-le-imprese\\\/#primaryimage\"},\"thumbnailUrl\":\"https:\\\/\\\/www.bellunopress.it\\\/wp-content\\\/uploads\\\/2022\\\/02\\\/Luca-Dal-Poz_edited.jpg\",\"datePublished\":\"2022-02-02T20:32:03+00:00\",\"breadcrumb\":{\"@id\":\"https:\\\/\\\/www.bellunopress.it\\\/2022\\\/02\\\/02\\\/fondi-milano-cortina-2026-dal-poz-fondamentali-risorse-speciali-anche-per-le-imprese\\\/#breadcrumb\"},\"inLanguage\":\"fr-FR\",\"potentialAction\":[{\"@type\":\"ReadAction\",\"target\":[\"https:\\\/\\\/www.bellunopress.it\\\/2022\\\/02\\\/02\\\/fondi-milano-cortina-2026-dal-poz-fondamentali-risorse-speciali-anche-per-le-imprese\\\/\"]}]},{\"@type\":\"ImageObject\",\"inLanguage\":\"fr-FR\",\"@id\":\"https:\\\/\\\/www.bellunopress.it\\\/2022\\\/02\\\/02\\\/fondi-milano-cortina-2026-dal-poz-fondamentali-risorse-speciali-anche-per-le-imprese\\\/#primaryimage\",\"url\":\"https:\\\/\\\/www.bellunopress.it\\\/wp-content\\\/uploads\\\/2022\\\/02\\\/Luca-Dal-Poz_edited.jpg\",\"contentUrl\":\"https:\\\/\\\/www.bellunopress.it\\\/wp-content\\\/uploads\\\/2022\\\/02\\\/Luca-Dal-Poz_edited.jpg\",\"width\":686,\"height\":1000,\"caption\":\"Luca Dal Poz\"},{\"@type\":\"BreadcrumbList\",\"@id\":\"https:\\\/\\\/www.bellunopress.it\\\/2022\\\/02\\\/02\\\/fondi-milano-cortina-2026-dal-poz-fondamentali-risorse-speciali-anche-per-le-imprese\\\/#breadcrumb\",\"itemListElement\":[{\"@type\":\"ListItem\",\"position\":1,\"name\":\"Home\",\"item\":\"https:\\\/\\\/www.bellunopress.it\\\/\"},{\"@type\":\"ListItem\",\"position\":2,\"name\":\"Fondi \u201cMilano Cortina 2026. Dal Poz: &#8220;Fondamentali risorse speciali anche per le imprese&#8221;\"}]},{\"@type\":\"WebSite\",\"@id\":\"https:\\\/\\\/www.bellunopress.it\\\/#website\",\"url\":\"https:\\\/\\\/www.bellunopress.it\\\/\",\"name\":\"Bellunopress - Dolomiti\",\"description\":\"e-mail: redazione@bellunopress.it\",\"publisher\":{\"@id\":\"https:\\\/\\\/www.bellunopress.it\\\/#organization\"},\"potentialAction\":[{\"@type\":\"SearchAction\",\"target\":{\"@type\":\"EntryPoint\",\"urlTemplate\":\"https:\\\/\\\/www.bellunopress.it\\\/?s={search_term_string}\"},\"query-input\":{\"@type\":\"PropertyValueSpecification\",\"valueRequired\":true,\"valueName\":\"search_term_string\"}}],\"inLanguage\":\"fr-FR\"},{\"@type\":\"Organization\",\"@id\":\"https:\\\/\\\/www.bellunopress.it\\\/#organization\",\"name\":\"Bellunopress\",\"url\":\"https:\\\/\\\/www.bellunopress.it\\\/\",\"logo\":{\"@type\":\"ImageObject\",\"inLanguage\":\"fr-FR\",\"@id\":\"https:\\\/\\\/www.bellunopress.it\\\/#\\\/schema\\\/logo\\\/image\\\/\",\"url\":\"https:\\\/\\\/www.bellunopress.it\\\/wp-content\\\/uploads\\\/2011\\\/05\\\/cropped-logo-bellunopress-.jpg\",\"contentUrl\":\"https:\\\/\\\/www.bellunopress.it\\\/wp-content\\\/uploads\\\/2011\\\/05\\\/cropped-logo-bellunopress-.jpg\",\"width\":512,\"height\":512,\"caption\":\"Bellunopress\"},\"image\":{\"@id\":\"https:\\\/\\\/www.bellunopress.it\\\/#\\\/schema\\\/logo\\\/image\\\/\"},\"sameAs\":[\"https:\\\/\\\/www.facebook.com\\\/profile.php?id=100008943462799\",\"https:\\\/\\\/x.com\\\/bellunopress\",\"https:\\\/\\\/www.linkedin.com\\\/hp\\\/?dnr=JBzUWaJfMUw8vbXJJ2tVW5-I3jZKvC4wsoxE&amp;amp;amp;amp;amp;amp;trk=nav_responsive_tab_home\",\"https:\\\/\\\/www.youtube.com\\\/channel\\\/UCxL0wu1uN0_3_7hGG0306cw\"]},{\"@type\":\"Person\",\"@id\":\"https:\\\/\\\/www.bellunopress.it\\\/#\\\/schema\\\/person\\\/79bb06722b37ece1c03d3e94beb30d73\",\"name\":\"redazione\",\"image\":{\"@type\":\"ImageObject\",\"inLanguage\":\"fr-FR\",\"@id\":\"https:\\\/\\\/secure.gravatar.com\\\/avatar\\\/37d968a2e67a6fd04c169c4bdef102d0bc5d31b2546345219e348575eb80e9a0?s=96&d=mm&r=g\",\"url\":\"https:\\\/\\\/secure.gravatar.com\\\/avatar\\\/37d968a2e67a6fd04c169c4bdef102d0bc5d31b2546345219e348575eb80e9a0?s=96&d=mm&r=g\",\"contentUrl\":\"https:\\\/\\\/secure.gravatar.com\\\/avatar\\\/37d968a2e67a6fd04c169c4bdef102d0bc5d31b2546345219e348575eb80e9a0?s=96&d=mm&r=g\",\"caption\":\"redazione\"},\"sameAs\":[\"http:\\\/\\\/www.bellunopress.it\",\"https:\\\/\\\/x.com\\\/bellunopress\"],\"url\":\"https:\\\/\\\/www.bellunopress.it\\\/fr\\\/author\\\/redazione\\\/\"}]}<\/script>\n<!-- \/ Yoast SEO plugin. -->","yoast_head_json":{"title":"Fondi \u201cMilano Cortina 2026. Dal Poz: \"Fondamentali risorse speciali anche per le imprese\" - Bellunopress - Dolomiti","robots":{"index":"index","follow":"follow","max-snippet":"max-snippet:-1","max-image-preview":"max-image-preview:large","max-video-preview":"max-video-preview:-1"},"canonical":"https:\/\/www.bellunopress.it\/fr\/2022\/02\/02\/fondi-milano-cortina-2026-dal-poz-fondamentali-risorse-speciali-anche-per-le-imprese\/","og_locale":"fr_FR","og_type":"article","og_title":"Fondi \u201cMilano Cortina 2026. Dal Poz: \"Fondamentali risorse speciali anche per le imprese\" - Bellunopress - Dolomiti","og_description":"\u00abApprendiamo dalle notizie di stampa &#8211; afferma Luca Dal Poz, direttore di Confcommercio Belluno &#8211; di nuovi stanziamenti per le infrastrutture in ottica Olimpiadi 2026. Quante pi\u00f9 risorse verranno destinate al territorio per opere e viabilit\u00e0 tanto l&#8217;intero territorio ne potr\u00e0 trarre giovamento. Teniamo per\u00f2 a puntualizzare che sar\u00e0 fondamentale, e lo chiediamo da tempo, [&hellip;]","og_url":"https:\/\/www.bellunopress.it\/fr\/2022\/02\/02\/fondi-milano-cortina-2026-dal-poz-fondamentali-risorse-speciali-anche-per-le-imprese\/","og_site_name":"Bellunopress - Dolomiti","article_publisher":"https:\/\/www.facebook.com\/profile.php?id=100008943462799","article_published_time":"2022-02-02T20:32:03+00:00","og_image":[{"width":686,"height":1000,"url":"https:\/\/www.bellunopress.it\/wp-content\/uploads\/2022\/02\/Luca-Dal-Poz_edited.jpg","type":"image\/jpeg"}],"author":"redazione","twitter_card":"summary_large_image","twitter_creator":"@bellunopress","twitter_site":"@bellunopress","twitter_misc":{"\u00c9crit par":"redazione","Dur\u00e9e de lecture estim\u00e9e":"3 minutes"},"schema":{"@context":"https:\/\/schema.org","@graph":[{"@type":"Article","@id":"https:\/\/www.bellunopress.it\/2022\/02\/02\/fondi-milano-cortina-2026-dal-poz-fondamentali-risorse-speciali-anche-per-le-imprese\/#article","isPartOf":{"@id":"https:\/\/www.bellunopress.it\/2022\/02\/02\/fondi-milano-cortina-2026-dal-poz-fondamentali-risorse-speciali-anche-per-le-imprese\/"},"author":{"name":"redazione","@id":"https:\/\/www.bellunopress.it\/#\/schema\/person\/79bb06722b37ece1c03d3e94beb30d73"},"headline":"Fondi \u201cMilano Cortina 2026. Dal Poz: &#8220;Fondamentali risorse speciali anche per le imprese&#8221;","datePublished":"2022-02-02T20:32:03+00:00","mainEntityOfPage":{"@id":"https:\/\/www.bellunopress.it\/2022\/02\/02\/fondi-milano-cortina-2026-dal-poz-fondamentali-risorse-speciali-anche-per-le-imprese\/"},"wordCount":442,"publisher":{"@id":"https:\/\/www.bellunopress.it\/#organization"},"image":{"@id":"https:\/\/www.bellunopress.it\/2022\/02\/02\/fondi-milano-cortina-2026-dal-poz-fondamentali-risorse-speciali-anche-per-le-imprese\/#primaryimage"},"thumbnailUrl":"https:\/\/www.bellunopress.it\/wp-content\/uploads\/2022\/02\/Luca-Dal-Poz_edited.jpg","articleSection":["Lavoro, Economia, Turismo"],"inLanguage":"fr-FR"},{"@type":"WebPage","@id":"https:\/\/www.bellunopress.it\/2022\/02\/02\/fondi-milano-cortina-2026-dal-poz-fondamentali-risorse-speciali-anche-per-le-imprese\/","url":"https:\/\/www.bellunopress.it\/2022\/02\/02\/fondi-milano-cortina-2026-dal-poz-fondamentali-risorse-speciali-anche-per-le-imprese\/","name":"Fondi \u201cMilano Cortina 2026. Dal Poz: \"Fondamentali risorse speciali anche per le imprese\" - Bellunopress - Dolomiti","isPartOf":{"@id":"https:\/\/www.bellunopress.it\/#website"},"primaryImageOfPage":{"@id":"https:\/\/www.bellunopress.it\/2022\/02\/02\/fondi-milano-cortina-2026-dal-poz-fondamentali-risorse-speciali-anche-per-le-imprese\/#primaryimage"},"image":{"@id":"https:\/\/www.bellunopress.it\/2022\/02\/02\/fondi-milano-cortina-2026-dal-poz-fondamentali-risorse-speciali-anche-per-le-imprese\/#primaryimage"},"thumbnailUrl":"https:\/\/www.bellunopress.it\/wp-content\/uploads\/2022\/02\/Luca-Dal-Poz_edited.jpg","datePublished":"2022-02-02T20:32:03+00:00","breadcrumb":{"@id":"https:\/\/www.bellunopress.it\/2022\/02\/02\/fondi-milano-cortina-2026-dal-poz-fondamentali-risorse-speciali-anche-per-le-imprese\/#breadcrumb"},"inLanguage":"fr-FR","potentialAction":[{"@type":"ReadAction","target":["https:\/\/www.bellunopress.it\/2022\/02\/02\/fondi-milano-cortina-2026-dal-poz-fondamentali-risorse-speciali-anche-per-le-imprese\/"]}]},{"@type":"ImageObject","inLanguage":"fr-FR","@id":"https:\/\/www.bellunopress.it\/2022\/02\/02\/fondi-milano-cortina-2026-dal-poz-fondamentali-risorse-speciali-anche-per-le-imprese\/#primaryimage","url":"https:\/\/www.bellunopress.it\/wp-content\/uploads\/2022\/02\/Luca-Dal-Poz_edited.jpg","contentUrl":"https:\/\/www.bellunopress.it\/wp-content\/uploads\/2022\/02\/Luca-Dal-Poz_edited.jpg","width":686,"height":1000,"caption":"Luca Dal Poz"},{"@type":"BreadcrumbList","@id":"https:\/\/www.bellunopress.it\/2022\/02\/02\/fondi-milano-cortina-2026-dal-poz-fondamentali-risorse-speciali-anche-per-le-imprese\/#breadcrumb","itemListElement":[{"@type":"ListItem","position":1,"name":"Home","item":"https:\/\/www.bellunopress.it\/"},{"@type":"ListItem","position":2,"name":"Fondi \u201cMilano Cortina 2026. Dal Poz: &#8220;Fondamentali risorse speciali anche per le imprese&#8221;"}]},{"@type":"WebSite","@id":"https:\/\/www.bellunopress.it\/#website","url":"https:\/\/www.bellunopress.it\/","name":"Bellunopress - Dolomiti","description":"e-mail: redazione@bellunopress.it","publisher":{"@id":"https:\/\/www.bellunopress.it\/#organization"},"potentialAction":[{"@type":"SearchAction","target":{"@type":"EntryPoint","urlTemplate":"https:\/\/www.bellunopress.it\/?s={search_term_string}"},"query-input":{"@type":"PropertyValueSpecification","valueRequired":true,"valueName":"search_term_string"}}],"inLanguage":"fr-FR"},{"@type":"Organization","@id":"https:\/\/www.bellunopress.it\/#organization","name":"Bellunopress","url":"https:\/\/www.bellunopress.it\/","logo":{"@type":"ImageObject","inLanguage":"fr-FR","@id":"https:\/\/www.bellunopress.it\/#\/schema\/logo\/image\/","url":"https:\/\/www.bellunopress.it\/wp-content\/uploads\/2011\/05\/cropped-logo-bellunopress-.jpg","contentUrl":"https:\/\/www.bellunopress.it\/wp-content\/uploads\/2011\/05\/cropped-logo-bellunopress-.jpg","width":512,"height":512,"caption":"Bellunopress"},"image":{"@id":"https:\/\/www.bellunopress.it\/#\/schema\/logo\/image\/"},"sameAs":["https:\/\/www.facebook.com\/profile.php?id=100008943462799","https:\/\/x.com\/bellunopress","https:\/\/www.linkedin.com\/hp\/?dnr=JBzUWaJfMUw8vbXJJ2tVW5-I3jZKvC4wsoxE&amp;amp;amp;amp;amp;amp;trk=nav_responsive_tab_home","https:\/\/www.youtube.com\/channel\/UCxL0wu1uN0_3_7hGG0306cw"]},{"@type":"Person","@id":"https:\/\/www.bellunopress.it\/#\/schema\/person\/79bb06722b37ece1c03d3e94beb30d73","name":"r\u00e9daction","image":{"@type":"ImageObject","inLanguage":"fr-FR","@id":"https:\/\/secure.gravatar.com\/avatar\/37d968a2e67a6fd04c169c4bdef102d0bc5d31b2546345219e348575eb80e9a0?s=96&d=mm&r=g","url":"https:\/\/secure.gravatar.com\/avatar\/37d968a2e67a6fd04c169c4bdef102d0bc5d31b2546345219e348575eb80e9a0?s=96&d=mm&r=g","contentUrl":"https:\/\/secure.gravatar.com\/avatar\/37d968a2e67a6fd04c169c4bdef102d0bc5d31b2546345219e348575eb80e9a0?s=96&d=mm&r=g","caption":"redazione"},"sameAs":["http:\/\/www.bellunopress.it","https:\/\/x.com\/bellunopress"],"url":"https:\/\/www.bellunopress.it\/fr\/author\/redazione\/"}]}},"_links":{"self":[{"href":"https:\/\/www.bellunopress.it\/fr\/wp-json\/wp\/v2\/posts\/131097","targetHints":{"allow":["GET"]}}],"collection":[{"href":"https:\/\/www.bellunopress.it\/fr\/wp-json\/wp\/v2\/posts"}],"about":[{"href":"https:\/\/www.bellunopress.it\/fr\/wp-json\/wp\/v2\/types\/post"}],"author":[{"embeddable":true,"href":"https:\/\/www.bellunopress.it\/fr\/wp-json\/wp\/v2\/users\/2"}],"replies":[{"embeddable":true,"href":"https:\/\/www.bellunopress.it\/fr\/wp-json\/wp\/v2\/comments?post=131097"}],"version-history":[{"count":1,"href":"https:\/\/www.bellunopress.it\/fr\/wp-json\/wp\/v2\/posts\/131097\/revisions"}],"predecessor-version":[{"id":131099,"href":"https:\/\/www.bellunopress.it\/fr\/wp-json\/wp\/v2\/posts\/131097\/revisions\/131099"}],"wp:featuredmedia":[{"embeddable":true,"href":"https:\/\/www.bellunopress.it\/fr\/wp-json\/wp\/v2\/media\/131098"}],"wp:attachment":[{"href":"https:\/\/www.bellunopress.it\/fr\/wp-json\/wp\/v2\/media?parent=131097"}],"wp:term":[{"taxonomy":"category","embeddable":true,"href":"https:\/\/www.bellunopress.it\/fr\/wp-json\/wp\/v2\/categories?post=131097"},{"taxonomy":"post_tag","embeddable":true,"href":"https:\/\/www.bellunopress.it\/fr\/wp-json\/wp\/v2\/tags?post=131097"}],"curies":[{"name":"wp","href":"https:\/\/api.w.org\/{rel}","templated":true}]}}