{"id":131095,"date":"2022-02-02T21:03:51","date_gmt":"2022-02-02T20:03:51","guid":{"rendered":"https:\/\/www.bellunopress.it\/?p=131095"},"modified":"2022-02-02T21:03:51","modified_gmt":"2022-02-02T20:03:51","slug":"olimpiadi-milano-cortina-2026-de-berti-a-dinca-un-ministro-dovrebbe-sapere","status":"publish","type":"post","link":"https:\/\/www.bellunopress.it\/fr\/2022\/02\/02\/olimpiadi-milano-cortina-2026-de-berti-a-dinca-un-ministro-dovrebbe-sapere\/","title":{"rendered":"Olimpiadi MIlano-Cortina 2026. De Berti a D&#8217;Inc\u00e0: &#8220;Un ministro dovrebbe sapere&#8221;"},"content":{"rendered":"<figure id=\"attachment_85746\" aria-describedby=\"caption-attachment-85746\" style=\"width: 232px\" class=\"wp-caption alignleft\"><img loading=\"lazy\" decoding=\"async\" class=\"size-full wp-image-85746\" src=\"https:\/\/www.bellunopress.it\/wp-content\/uploads\/2017\/04\/De-Berti-assessore.jpg\" alt=\"\" width=\"232\" height=\"300\" \/><figcaption id=\"caption-attachment-85746\" class=\"wp-caption-text\">Elisa De Berti &#8211; Assessore regionale<\/figcaption><\/figure>\n<p>Venezia, 2 febbraio 2022 &#8211; \u201cE\u2019 grave che un ministro della Repubblica dica che vuole capire, perch\u00e9 dovrebbe gi\u00e0 sapere. Se mi fa la telefonata che attendo da ieri tenter\u00f2 nell\u2019impresa di aiutarlo, a meno che qualche suo amico lo faccia al posto mio\u201d.<br \/>\nLo dice la vicepresidente della Regione Veneto, Elisa De Berti, rispondendo al rilancio della polemica da parte del ministro d\u2019Inc\u00e0 sui progetti veneti legati alle Olimpiadi Milano-Cortina 2026.<br \/>\n\u201cD\u2019Inc\u00e0 forse non festeggi\u00f2 per farsi bello a Belluno \u2013 si chiede la De Berti \u2013 quando vincemmo la candidatura a favore di tutti i veneti, i lombardi, i trentini, gli<br \/>\naltoatesini e tutta Italia mentre il suo partito era furiosamente contrario? Un po\u2019 di<br \/>\ndignit\u00e0, suvvia\u201d.<br \/>\n\u201cSe avessi applicato la mentalit\u00e0 di d\u2019Inc\u00e0 \u2013 incalza la De Berti \u2013 avrei potuto portare nel Bellunese molto meno di quello che \u00e8 arrivato e arriver\u00e0, cio\u00e8 oltre un miliardo di euro. La differenza \u00e8 che io lavoro guardando all\u2019evento e a tutto il Veneto, lui, ministro della Repubblica, sembra non riuscire ad andare oltre il proprio orticello\u201d.<br \/>\n\u201cResto basita \u2013 aggiunge la De Berti &#8211; dal fatto che il Ministro D\u2019Inc\u00e0 non abbia<br \/>\ncapito la risposta che gli ho dato ieri, in cui ho spiegato nei minimi dettagli il<br \/>\nperch\u00e9 della scelta\u201d.<\/p>\n<p>De Berti ricapitola quindi l\u2019intera vicenda: le sedi olimpiche sono Cortina e<br \/>\nVerona, come anche indicato nel sito ufficiale di Milano-Cortina 2026. Per quanto<br \/>\nriguarda la viabilit\u00e0 erano state segnalate, per il bellunese, la variante di<br \/>\nLongarone (costo: 270 milioni di euro) e quella di Cortina (costo di quasi 300<br \/>\nmilioni, cui si aggiungono i 20 milioni stanziati nella delibera portata in Giunta<br \/>\nieri).<br \/>\nPer le Olimpiadi a Cortina sono stati stanziati altri 10 milioni per il villaggio<br \/>\nolimpico (ne mancano 38 per coprire l\u2019importo totale di 48 milioni). Per la pista da<br \/>\nbob sono gi\u00e0 stanziati 65 milioni; ci sono gli investimenti per gli impianti a fune<br \/>\npari a 9 milioni e ci sono 10 milioni gi\u00e0 stanziati per la riqualificazione del<br \/>\ntrampolino.<br \/>\n\u201cIl Ministro \u2013 aggiunge la vicepresidente del Veneto &#8211; non pu\u00f2 fermarsi all\u2019ultimo<br \/>\nsingolo stanziamento da 81 milioni, ma considerare tutto quello che \u00e8 stato fatto<br \/>\nnell\u2019ultimo anno e mezzo. Anche Verona ha bisogno di stanziamenti e riguardano<br \/>\nopere di viabilit\u00e0: i 61 milioni servono per migliorare l\u2019accessibilit\u00e0 nelle citt\u00e0 sedi<br \/>\ndi eventi olimpici. Tra l\u2019altro \u00e8 l\u2019unico intervento in fase gi\u00e0 di progetto definitivo<br \/>\ne cantierabile e realizzabile entro il 2025. Sul bellunese non avevamo altre opere<br \/>\ndi accesso a Cortina progettate da finanziare. Siccome il commissario deve<br \/>\nprendere in carico queste opere, il ministro dovrebbe destinare le sue energie<br \/>\naffinch\u00e9 il commissario sia operativo quanto prima, altrimenti nel bellunese non<br \/>\nvedremo neanche un\u2019opera di viabilit\u00e0. Ricordiamo infine che nei decreti sono<br \/>\nstati stanziati oltre 800 milioni di euro per cortina e solo 61 per Verona. La<br \/>\nproporzione parla chiaro\u201d.<\/p>","protected":false},"excerpt":{"rendered":"<p>Venezia, 2 febbraio 2022 &#8211; \u201cE\u2019 grave che un ministro della Repubblica dica che vuole capire, perch\u00e9 dovrebbe gi\u00e0 sapere. Se mi fa la telefonata che attendo da ieri tenter\u00f2 nell\u2019impresa di aiutarlo, a meno che qualche suo amico lo faccia al posto mio\u201d. Lo dice la vicepresidente della Regione Veneto, Elisa De Berti, rispondendo [&hellip;]<\/p>\n","protected":false},"author":2,"featured_media":85746,"comment_status":"closed","ping_status":"open","sticky":false,"template":"","format":"standard","meta":{"footnotes":""},"categories":[5,26],"tags":[],"class_list":["post-131095","post","type-post","status-publish","format-standard","has-post-thumbnail","category-cronaca","category-prima-pagina"],"yoast_head":"<!-- This site is optimized with the Yoast SEO plugin v28.4 - https:\/\/yoast.com\/product\/yoast-seo-wordpress\/ -->\n<title>Olimpiadi MIlano-Cortina 2026. De Berti a D&#039;Inc\u00e0: &quot;Un ministro dovrebbe sapere&quot; - Bellunopress - Dolomiti<\/title>\n<meta name=\"robots\" content=\"index, follow, max-snippet:-1, max-image-preview:large, max-video-preview:-1\" \/>\n<link rel=\"canonical\" href=\"https:\/\/www.bellunopress.it\/fr\/2022\/02\/02\/olimpiadi-milano-cortina-2026-de-berti-a-dinca-un-ministro-dovrebbe-sapere\/\" \/>\n<meta property=\"og:locale\" content=\"fr_FR\" \/>\n<meta property=\"og:type\" content=\"article\" \/>\n<meta property=\"og:title\" content=\"Olimpiadi MIlano-Cortina 2026. De Berti a D&#039;Inc\u00e0: &quot;Un ministro dovrebbe sapere&quot; - Bellunopress - Dolomiti\" \/>\n<meta property=\"og:description\" content=\"Venezia, 2 febbraio 2022 &#8211; \u201cE\u2019 grave che un ministro della Repubblica dica che vuole capire, perch\u00e9 dovrebbe gi\u00e0 sapere. Se mi fa la telefonata che attendo da ieri tenter\u00f2 nell\u2019impresa di aiutarlo, a meno che qualche suo amico lo faccia al posto mio\u201d. Lo dice la vicepresidente della Regione Veneto, Elisa De Berti, rispondendo [&hellip;]\" \/>\n<meta property=\"og:url\" content=\"https:\/\/www.bellunopress.it\/fr\/2022\/02\/02\/olimpiadi-milano-cortina-2026-de-berti-a-dinca-un-ministro-dovrebbe-sapere\/\" \/>\n<meta property=\"og:site_name\" content=\"Bellunopress - Dolomiti\" \/>\n<meta property=\"article:publisher\" content=\"https:\/\/www.facebook.com\/profile.php?id=100008943462799\" \/>\n<meta property=\"article:published_time\" content=\"2022-02-02T20:03:51+00:00\" \/>\n<meta property=\"og:image\" content=\"https:\/\/www.bellunopress.it\/wp-content\/uploads\/2017\/04\/De-Berti-assessore.jpg\" \/>\n\t<meta property=\"og:image:width\" content=\"232\" \/>\n\t<meta property=\"og:image:height\" content=\"300\" \/>\n\t<meta property=\"og:image:type\" content=\"image\/jpeg\" \/>\n<meta name=\"author\" content=\"redazione\" \/>\n<meta name=\"twitter:card\" content=\"summary_large_image\" \/>\n<meta name=\"twitter:creator\" content=\"@bellunopress\" \/>\n<meta name=\"twitter:site\" content=\"@bellunopress\" \/>\n<meta name=\"twitter:label1\" content=\"\u00c9crit par\" \/>\n\t<meta name=\"twitter:data1\" content=\"redazione\" \/>\n\t<meta name=\"twitter:label2\" content=\"Dur\u00e9e de lecture estim\u00e9e\" \/>\n\t<meta name=\"twitter:data2\" content=\"3 minutes\" \/>\n<script type=\"application\/ld+json\" class=\"yoast-schema-graph\">{\"@context\":\"https:\\\/\\\/schema.org\",\"@graph\":[{\"@type\":\"Article\",\"@id\":\"https:\\\/\\\/www.bellunopress.it\\\/2022\\\/02\\\/02\\\/olimpiadi-milano-cortina-2026-de-berti-a-dinca-un-ministro-dovrebbe-sapere\\\/#article\",\"isPartOf\":{\"@id\":\"https:\\\/\\\/www.bellunopress.it\\\/2022\\\/02\\\/02\\\/olimpiadi-milano-cortina-2026-de-berti-a-dinca-un-ministro-dovrebbe-sapere\\\/\"},\"author\":{\"name\":\"redazione\",\"@id\":\"https:\\\/\\\/www.bellunopress.it\\\/#\\\/schema\\\/person\\\/79bb06722b37ece1c03d3e94beb30d73\"},\"headline\":\"Olimpiadi MIlano-Cortina 2026. De Berti a D&#8217;Inc\u00e0: &#8220;Un ministro dovrebbe sapere&#8221;\",\"datePublished\":\"2022-02-02T20:03:51+00:00\",\"mainEntityOfPage\":{\"@id\":\"https:\\\/\\\/www.bellunopress.it\\\/2022\\\/02\\\/02\\\/olimpiadi-milano-cortina-2026-de-berti-a-dinca-un-ministro-dovrebbe-sapere\\\/\"},\"wordCount\":488,\"publisher\":{\"@id\":\"https:\\\/\\\/www.bellunopress.it\\\/#organization\"},\"image\":{\"@id\":\"https:\\\/\\\/www.bellunopress.it\\\/2022\\\/02\\\/02\\\/olimpiadi-milano-cortina-2026-de-berti-a-dinca-un-ministro-dovrebbe-sapere\\\/#primaryimage\"},\"thumbnailUrl\":\"https:\\\/\\\/www.bellunopress.it\\\/wp-content\\\/uploads\\\/2017\\\/04\\\/De-Berti-assessore.jpg\",\"articleSection\":[\"Cronaca\\\/Politica\",\"Prima Pagina\"],\"inLanguage\":\"fr-FR\"},{\"@type\":\"WebPage\",\"@id\":\"https:\\\/\\\/www.bellunopress.it\\\/2022\\\/02\\\/02\\\/olimpiadi-milano-cortina-2026-de-berti-a-dinca-un-ministro-dovrebbe-sapere\\\/\",\"url\":\"https:\\\/\\\/www.bellunopress.it\\\/2022\\\/02\\\/02\\\/olimpiadi-milano-cortina-2026-de-berti-a-dinca-un-ministro-dovrebbe-sapere\\\/\",\"name\":\"Olimpiadi MIlano-Cortina 2026. De Berti a D'Inc\u00e0: \\\"Un ministro dovrebbe sapere\\\" - Bellunopress - Dolomiti\",\"isPartOf\":{\"@id\":\"https:\\\/\\\/www.bellunopress.it\\\/#website\"},\"primaryImageOfPage\":{\"@id\":\"https:\\\/\\\/www.bellunopress.it\\\/2022\\\/02\\\/02\\\/olimpiadi-milano-cortina-2026-de-berti-a-dinca-un-ministro-dovrebbe-sapere\\\/#primaryimage\"},\"image\":{\"@id\":\"https:\\\/\\\/www.bellunopress.it\\\/2022\\\/02\\\/02\\\/olimpiadi-milano-cortina-2026-de-berti-a-dinca-un-ministro-dovrebbe-sapere\\\/#primaryimage\"},\"thumbnailUrl\":\"https:\\\/\\\/www.bellunopress.it\\\/wp-content\\\/uploads\\\/2017\\\/04\\\/De-Berti-assessore.jpg\",\"datePublished\":\"2022-02-02T20:03:51+00:00\",\"breadcrumb\":{\"@id\":\"https:\\\/\\\/www.bellunopress.it\\\/2022\\\/02\\\/02\\\/olimpiadi-milano-cortina-2026-de-berti-a-dinca-un-ministro-dovrebbe-sapere\\\/#breadcrumb\"},\"inLanguage\":\"fr-FR\",\"potentialAction\":[{\"@type\":\"ReadAction\",\"target\":[\"https:\\\/\\\/www.bellunopress.it\\\/2022\\\/02\\\/02\\\/olimpiadi-milano-cortina-2026-de-berti-a-dinca-un-ministro-dovrebbe-sapere\\\/\"]}]},{\"@type\":\"ImageObject\",\"inLanguage\":\"fr-FR\",\"@id\":\"https:\\\/\\\/www.bellunopress.it\\\/2022\\\/02\\\/02\\\/olimpiadi-milano-cortina-2026-de-berti-a-dinca-un-ministro-dovrebbe-sapere\\\/#primaryimage\",\"url\":\"https:\\\/\\\/www.bellunopress.it\\\/wp-content\\\/uploads\\\/2017\\\/04\\\/De-Berti-assessore.jpg\",\"contentUrl\":\"https:\\\/\\\/www.bellunopress.it\\\/wp-content\\\/uploads\\\/2017\\\/04\\\/De-Berti-assessore.jpg\",\"width\":232,\"height\":300,\"caption\":\"Elisa De Berti - Vicepresidente della Regione e assessore\"},{\"@type\":\"BreadcrumbList\",\"@id\":\"https:\\\/\\\/www.bellunopress.it\\\/2022\\\/02\\\/02\\\/olimpiadi-milano-cortina-2026-de-berti-a-dinca-un-ministro-dovrebbe-sapere\\\/#breadcrumb\",\"itemListElement\":[{\"@type\":\"ListItem\",\"position\":1,\"name\":\"Home\",\"item\":\"https:\\\/\\\/www.bellunopress.it\\\/\"},{\"@type\":\"ListItem\",\"position\":2,\"name\":\"Olimpiadi MIlano-Cortina 2026. De Berti a D&#8217;Inc\u00e0: &#8220;Un ministro dovrebbe sapere&#8221;\"}]},{\"@type\":\"WebSite\",\"@id\":\"https:\\\/\\\/www.bellunopress.it\\\/#website\",\"url\":\"https:\\\/\\\/www.bellunopress.it\\\/\",\"name\":\"Bellunopress - Dolomiti\",\"description\":\"e-mail: redazione@bellunopress.it\",\"publisher\":{\"@id\":\"https:\\\/\\\/www.bellunopress.it\\\/#organization\"},\"potentialAction\":[{\"@type\":\"SearchAction\",\"target\":{\"@type\":\"EntryPoint\",\"urlTemplate\":\"https:\\\/\\\/www.bellunopress.it\\\/?s={search_term_string}\"},\"query-input\":{\"@type\":\"PropertyValueSpecification\",\"valueRequired\":true,\"valueName\":\"search_term_string\"}}],\"inLanguage\":\"fr-FR\"},{\"@type\":\"Organization\",\"@id\":\"https:\\\/\\\/www.bellunopress.it\\\/#organization\",\"name\":\"Bellunopress\",\"url\":\"https:\\\/\\\/www.bellunopress.it\\\/\",\"logo\":{\"@type\":\"ImageObject\",\"inLanguage\":\"fr-FR\",\"@id\":\"https:\\\/\\\/www.bellunopress.it\\\/#\\\/schema\\\/logo\\\/image\\\/\",\"url\":\"https:\\\/\\\/www.bellunopress.it\\\/wp-content\\\/uploads\\\/2011\\\/05\\\/cropped-logo-bellunopress-.jpg\",\"contentUrl\":\"https:\\\/\\\/www.bellunopress.it\\\/wp-content\\\/uploads\\\/2011\\\/05\\\/cropped-logo-bellunopress-.jpg\",\"width\":512,\"height\":512,\"caption\":\"Bellunopress\"},\"image\":{\"@id\":\"https:\\\/\\\/www.bellunopress.it\\\/#\\\/schema\\\/logo\\\/image\\\/\"},\"sameAs\":[\"https:\\\/\\\/www.facebook.com\\\/profile.php?id=100008943462799\",\"https:\\\/\\\/x.com\\\/bellunopress\",\"https:\\\/\\\/www.linkedin.com\\\/hp\\\/?dnr=JBzUWaJfMUw8vbXJJ2tVW5-I3jZKvC4wsoxE&amp;amp;amp;amp;amp;amp;trk=nav_responsive_tab_home\",\"https:\\\/\\\/www.youtube.com\\\/channel\\\/UCxL0wu1uN0_3_7hGG0306cw\"]},{\"@type\":\"Person\",\"@id\":\"https:\\\/\\\/www.bellunopress.it\\\/#\\\/schema\\\/person\\\/79bb06722b37ece1c03d3e94beb30d73\",\"name\":\"redazione\",\"image\":{\"@type\":\"ImageObject\",\"inLanguage\":\"fr-FR\",\"@id\":\"https:\\\/\\\/secure.gravatar.com\\\/avatar\\\/37d968a2e67a6fd04c169c4bdef102d0bc5d31b2546345219e348575eb80e9a0?s=96&d=mm&r=g\",\"url\":\"https:\\\/\\\/secure.gravatar.com\\\/avatar\\\/37d968a2e67a6fd04c169c4bdef102d0bc5d31b2546345219e348575eb80e9a0?s=96&d=mm&r=g\",\"contentUrl\":\"https:\\\/\\\/secure.gravatar.com\\\/avatar\\\/37d968a2e67a6fd04c169c4bdef102d0bc5d31b2546345219e348575eb80e9a0?s=96&d=mm&r=g\",\"caption\":\"redazione\"},\"sameAs\":[\"http:\\\/\\\/www.bellunopress.it\",\"https:\\\/\\\/x.com\\\/bellunopress\"],\"url\":\"https:\\\/\\\/www.bellunopress.it\\\/fr\\\/author\\\/redazione\\\/\"}]}<\/script>\n<!-- \/ Yoast SEO plugin. -->","yoast_head_json":{"title":"Olimpiadi MIlano-Cortina 2026. De Berti a D'Inc\u00e0: \"Un ministro dovrebbe sapere\" - Bellunopress - Dolomiti","robots":{"index":"index","follow":"follow","max-snippet":"max-snippet:-1","max-image-preview":"max-image-preview:large","max-video-preview":"max-video-preview:-1"},"canonical":"https:\/\/www.bellunopress.it\/fr\/2022\/02\/02\/olimpiadi-milano-cortina-2026-de-berti-a-dinca-un-ministro-dovrebbe-sapere\/","og_locale":"fr_FR","og_type":"article","og_title":"Olimpiadi MIlano-Cortina 2026. De Berti a D'Inc\u00e0: \"Un ministro dovrebbe sapere\" - Bellunopress - Dolomiti","og_description":"Venezia, 2 febbraio 2022 &#8211; \u201cE\u2019 grave che un ministro della Repubblica dica che vuole capire, perch\u00e9 dovrebbe gi\u00e0 sapere. Se mi fa la telefonata che attendo da ieri tenter\u00f2 nell\u2019impresa di aiutarlo, a meno che qualche suo amico lo faccia al posto mio\u201d. Lo dice la vicepresidente della Regione Veneto, Elisa De Berti, rispondendo [&hellip;]","og_url":"https:\/\/www.bellunopress.it\/fr\/2022\/02\/02\/olimpiadi-milano-cortina-2026-de-berti-a-dinca-un-ministro-dovrebbe-sapere\/","og_site_name":"Bellunopress - Dolomiti","article_publisher":"https:\/\/www.facebook.com\/profile.php?id=100008943462799","article_published_time":"2022-02-02T20:03:51+00:00","og_image":[{"width":232,"height":300,"url":"https:\/\/www.bellunopress.it\/wp-content\/uploads\/2017\/04\/De-Berti-assessore.jpg","type":"image\/jpeg"}],"author":"redazione","twitter_card":"summary_large_image","twitter_creator":"@bellunopress","twitter_site":"@bellunopress","twitter_misc":{"\u00c9crit par":"redazione","Dur\u00e9e de lecture estim\u00e9e":"3 minutes"},"schema":{"@context":"https:\/\/schema.org","@graph":[{"@type":"Article","@id":"https:\/\/www.bellunopress.it\/2022\/02\/02\/olimpiadi-milano-cortina-2026-de-berti-a-dinca-un-ministro-dovrebbe-sapere\/#article","isPartOf":{"@id":"https:\/\/www.bellunopress.it\/2022\/02\/02\/olimpiadi-milano-cortina-2026-de-berti-a-dinca-un-ministro-dovrebbe-sapere\/"},"author":{"name":"redazione","@id":"https:\/\/www.bellunopress.it\/#\/schema\/person\/79bb06722b37ece1c03d3e94beb30d73"},"headline":"Olimpiadi MIlano-Cortina 2026. De Berti a D&#8217;Inc\u00e0: &#8220;Un ministro dovrebbe sapere&#8221;","datePublished":"2022-02-02T20:03:51+00:00","mainEntityOfPage":{"@id":"https:\/\/www.bellunopress.it\/2022\/02\/02\/olimpiadi-milano-cortina-2026-de-berti-a-dinca-un-ministro-dovrebbe-sapere\/"},"wordCount":488,"publisher":{"@id":"https:\/\/www.bellunopress.it\/#organization"},"image":{"@id":"https:\/\/www.bellunopress.it\/2022\/02\/02\/olimpiadi-milano-cortina-2026-de-berti-a-dinca-un-ministro-dovrebbe-sapere\/#primaryimage"},"thumbnailUrl":"https:\/\/www.bellunopress.it\/wp-content\/uploads\/2017\/04\/De-Berti-assessore.jpg","articleSection":["Cronaca\/Politica","Prima Pagina"],"inLanguage":"fr-FR"},{"@type":"WebPage","@id":"https:\/\/www.bellunopress.it\/2022\/02\/02\/olimpiadi-milano-cortina-2026-de-berti-a-dinca-un-ministro-dovrebbe-sapere\/","url":"https:\/\/www.bellunopress.it\/2022\/02\/02\/olimpiadi-milano-cortina-2026-de-berti-a-dinca-un-ministro-dovrebbe-sapere\/","name":"Olimpiadi MIlano-Cortina 2026. De Berti a D'Inc\u00e0: \"Un ministro dovrebbe sapere\" - Bellunopress - Dolomiti","isPartOf":{"@id":"https:\/\/www.bellunopress.it\/#website"},"primaryImageOfPage":{"@id":"https:\/\/www.bellunopress.it\/2022\/02\/02\/olimpiadi-milano-cortina-2026-de-berti-a-dinca-un-ministro-dovrebbe-sapere\/#primaryimage"},"image":{"@id":"https:\/\/www.bellunopress.it\/2022\/02\/02\/olimpiadi-milano-cortina-2026-de-berti-a-dinca-un-ministro-dovrebbe-sapere\/#primaryimage"},"thumbnailUrl":"https:\/\/www.bellunopress.it\/wp-content\/uploads\/2017\/04\/De-Berti-assessore.jpg","datePublished":"2022-02-02T20:03:51+00:00","breadcrumb":{"@id":"https:\/\/www.bellunopress.it\/2022\/02\/02\/olimpiadi-milano-cortina-2026-de-berti-a-dinca-un-ministro-dovrebbe-sapere\/#breadcrumb"},"inLanguage":"fr-FR","potentialAction":[{"@type":"ReadAction","target":["https:\/\/www.bellunopress.it\/2022\/02\/02\/olimpiadi-milano-cortina-2026-de-berti-a-dinca-un-ministro-dovrebbe-sapere\/"]}]},{"@type":"ImageObject","inLanguage":"fr-FR","@id":"https:\/\/www.bellunopress.it\/2022\/02\/02\/olimpiadi-milano-cortina-2026-de-berti-a-dinca-un-ministro-dovrebbe-sapere\/#primaryimage","url":"https:\/\/www.bellunopress.it\/wp-content\/uploads\/2017\/04\/De-Berti-assessore.jpg","contentUrl":"https:\/\/www.bellunopress.it\/wp-content\/uploads\/2017\/04\/De-Berti-assessore.jpg","width":232,"height":300,"caption":"Elisa De Berti - Vicepresidente della Regione e assessore"},{"@type":"BreadcrumbList","@id":"https:\/\/www.bellunopress.it\/2022\/02\/02\/olimpiadi-milano-cortina-2026-de-berti-a-dinca-un-ministro-dovrebbe-sapere\/#breadcrumb","itemListElement":[{"@type":"ListItem","position":1,"name":"Home","item":"https:\/\/www.bellunopress.it\/"},{"@type":"ListItem","position":2,"name":"Olimpiadi MIlano-Cortina 2026. De Berti a D&#8217;Inc\u00e0: &#8220;Un ministro dovrebbe sapere&#8221;"}]},{"@type":"WebSite","@id":"https:\/\/www.bellunopress.it\/#website","url":"https:\/\/www.bellunopress.it\/","name":"Bellunopress - Dolomiti","description":"e-mail: redazione@bellunopress.it","publisher":{"@id":"https:\/\/www.bellunopress.it\/#organization"},"potentialAction":[{"@type":"SearchAction","target":{"@type":"EntryPoint","urlTemplate":"https:\/\/www.bellunopress.it\/?s={search_term_string}"},"query-input":{"@type":"PropertyValueSpecification","valueRequired":true,"valueName":"search_term_string"}}],"inLanguage":"fr-FR"},{"@type":"Organization","@id":"https:\/\/www.bellunopress.it\/#organization","name":"Bellunopress","url":"https:\/\/www.bellunopress.it\/","logo":{"@type":"ImageObject","inLanguage":"fr-FR","@id":"https:\/\/www.bellunopress.it\/#\/schema\/logo\/image\/","url":"https:\/\/www.bellunopress.it\/wp-content\/uploads\/2011\/05\/cropped-logo-bellunopress-.jpg","contentUrl":"https:\/\/www.bellunopress.it\/wp-content\/uploads\/2011\/05\/cropped-logo-bellunopress-.jpg","width":512,"height":512,"caption":"Bellunopress"},"image":{"@id":"https:\/\/www.bellunopress.it\/#\/schema\/logo\/image\/"},"sameAs":["https:\/\/www.facebook.com\/profile.php?id=100008943462799","https:\/\/x.com\/bellunopress","https:\/\/www.linkedin.com\/hp\/?dnr=JBzUWaJfMUw8vbXJJ2tVW5-I3jZKvC4wsoxE&amp;amp;amp;amp;amp;amp;trk=nav_responsive_tab_home","https:\/\/www.youtube.com\/channel\/UCxL0wu1uN0_3_7hGG0306cw"]},{"@type":"Person","@id":"https:\/\/www.bellunopress.it\/#\/schema\/person\/79bb06722b37ece1c03d3e94beb30d73","name":"r\u00e9daction","image":{"@type":"ImageObject","inLanguage":"fr-FR","@id":"https:\/\/secure.gravatar.com\/avatar\/37d968a2e67a6fd04c169c4bdef102d0bc5d31b2546345219e348575eb80e9a0?s=96&d=mm&r=g","url":"https:\/\/secure.gravatar.com\/avatar\/37d968a2e67a6fd04c169c4bdef102d0bc5d31b2546345219e348575eb80e9a0?s=96&d=mm&r=g","contentUrl":"https:\/\/secure.gravatar.com\/avatar\/37d968a2e67a6fd04c169c4bdef102d0bc5d31b2546345219e348575eb80e9a0?s=96&d=mm&r=g","caption":"redazione"},"sameAs":["http:\/\/www.bellunopress.it","https:\/\/x.com\/bellunopress"],"url":"https:\/\/www.bellunopress.it\/fr\/author\/redazione\/"}]}},"_links":{"self":[{"href":"https:\/\/www.bellunopress.it\/fr\/wp-json\/wp\/v2\/posts\/131095","targetHints":{"allow":["GET"]}}],"collection":[{"href":"https:\/\/www.bellunopress.it\/fr\/wp-json\/wp\/v2\/posts"}],"about":[{"href":"https:\/\/www.bellunopress.it\/fr\/wp-json\/wp\/v2\/types\/post"}],"author":[{"embeddable":true,"href":"https:\/\/www.bellunopress.it\/fr\/wp-json\/wp\/v2\/users\/2"}],"replies":[{"embeddable":true,"href":"https:\/\/www.bellunopress.it\/fr\/wp-json\/wp\/v2\/comments?post=131095"}],"version-history":[{"count":1,"href":"https:\/\/www.bellunopress.it\/fr\/wp-json\/wp\/v2\/posts\/131095\/revisions"}],"predecessor-version":[{"id":131096,"href":"https:\/\/www.bellunopress.it\/fr\/wp-json\/wp\/v2\/posts\/131095\/revisions\/131096"}],"wp:featuredmedia":[{"embeddable":true,"href":"https:\/\/www.bellunopress.it\/fr\/wp-json\/wp\/v2\/media\/85746"}],"wp:attachment":[{"href":"https:\/\/www.bellunopress.it\/fr\/wp-json\/wp\/v2\/media?parent=131095"}],"wp:term":[{"taxonomy":"category","embeddable":true,"href":"https:\/\/www.bellunopress.it\/fr\/wp-json\/wp\/v2\/categories?post=131095"},{"taxonomy":"post_tag","embeddable":true,"href":"https:\/\/www.bellunopress.it\/fr\/wp-json\/wp\/v2\/tags?post=131095"}],"curies":[{"name":"wp","href":"https:\/\/api.w.org\/{rel}","templated":true}]}}