{"id":131088,"date":"2022-02-02T18:05:15","date_gmt":"2022-02-02T17:05:15","guid":{"rendered":"https:\/\/www.bellunopress.it\/?p=131088"},"modified":"2022-02-02T18:05:15","modified_gmt":"2022-02-02T17:05:15","slug":"guidata-da-pozza-e-marcato-la-missione-a-dubai-firmato-laccordo-di-collaborazione-per-favorire-le-intese-di-business-per-le-imprese-venete-negli-emirati-arabi","status":"publish","type":"post","link":"https:\/\/www.bellunopress.it\/fr\/2022\/02\/02\/guidata-da-pozza-e-marcato-la-missione-a-dubai-firmato-laccordo-di-collaborazione-per-favorire-le-intese-di-business-per-le-imprese-venete-negli-emirati-arabi\/","title":{"rendered":"Guidata da Pozza e Marcato la missione a Dubai. Firmato l&#8217;accordo di collaborazione per favorire le intese di business per le imprese venete negli Emirati Arabi"},"content":{"rendered":"<p><img loading=\"lazy\" decoding=\"async\" class=\"alignleft size-medium wp-image-131089\" src=\"https:\/\/www.bellunopress.it\/wp-content\/uploads\/2022\/02\/Expo-Pozza-e-Marcato-a-Dubai_edited-500x296.jpg\" alt=\"\" width=\"500\" height=\"296\" srcset=\"https:\/\/www.bellunopress.it\/wp-content\/uploads\/2022\/02\/Expo-Pozza-e-Marcato-a-Dubai_edited-500x296.jpg 500w, https:\/\/www.bellunopress.it\/wp-content\/uploads\/2022\/02\/Expo-Pozza-e-Marcato-a-Dubai_edited-696x412.jpg 696w, https:\/\/www.bellunopress.it\/wp-content\/uploads\/2022\/02\/Expo-Pozza-e-Marcato-a-Dubai_edited-709x420.jpg 709w, https:\/\/www.bellunopress.it\/wp-content\/uploads\/2022\/02\/Expo-Pozza-e-Marcato-a-Dubai_edited.jpg 1000w\" sizes=\"auto, (max-width: 500px) 100vw, 500px\" \/>Venezia, 02 gennaio 2022. \u00c8 stata una missione toccata e fuga a Dubai, capace per\u00f2 di creare rapporti ben saldi in occasione della visita al Dubai Future Foundation con Mr Khalifa Aljaziri del Ministero dell&#8217;economia e Mr. Marwan Alzarouni Ceo del Block Chain Center e con la dirigenza della Camera di Commercio italiana negli Emirati Arabi che ha visto l&#8217;inaugurazione, presso la propria sede, della Veneto Business House e la firma dell&#8217;accordo di sviluppo e collaborazione.<\/p>\n<p>La missione rientra nel programma promozionale condiviso tra il sistema camerale e la Regione del Veneto. Venicepromex \u2013 evidenzia di Direttore Generale Franco Conzato &#8211; \u00e8 lieta che questa prima parte dell&#8217;iniziativa a Dubai sia stata guidata dall&#8217;Assessore Regionale Roberto Marcato e dal Presidente Mario Pozza \u2013 e anticipa &#8211; che fra qualche giorno \u00e8 attesa la presenza dell&#8217;Assessore Regionale Federico Caner.<\/p>\n<p>Due giornate intense e proficue \u2013 commenta l&#8217;assessore regionale Roberto Marcato &#8211; abbiamo avuto modo di conoscere i protagonisti economici e amministrativi di Dubai. Abbiamo messo le basi per poter instaurare dei rapporti che aiutino le nostre imprese a collaborare con questo Paese davvero straordinario. Dubai \u00e8 un portale sul mondo. Gli accordi presi con la Camera di Commercio Italiana degli Emirati Arabi, cos\u00ec come le intese avute con il mondo economico, sono eventi importanti perch\u00e9 il Veneto possa avere delle prospettive commerciali davvero interessanti.<\/p>\n<p>L&#8217;invito \u00e8 stato fatto \u2013 informa il Presidente di Venicepromex e Unioncamere Veneto Mario Pozza \u2013 affinch\u00e9 Mr Khalifa Aljaziri, AlShehhi e Mr. Marwan Alzarouni e il Vice Presidente Stefano Campagna giungano in Veneto per conoscere e individuare le opportunit\u00e0 di business che offrono le nostre eccellenze imprenditoriali e il nostro sistema economico.<\/p>\n<p>Abbiamo voluto portare con noi, quale biglietto da visita \u2013 continua Pozza &#8211; il nuovo video &#8220;Veneto Beyond the Future&#8221; che rappresenta quanto sappiamo fare nella bellezza dei territori in cui tali eccellenze sono ispirate da menti imprenditoriali uniche al mondo.<\/p>\n<p>Il video ha visto la collaborazione di tutto il sistema veneto grazie alle riprese nei sistemi produttivi in loco delle aziende. Abbiamo cos\u00ec rappresentato l&#8217;unicit\u00e0 del Made in Italy. Per questo va il mio ringraziamento al sistema imprenditoriale.<\/p>\n<p>Mr Hassan che ha accettato di buon grado l&#8217;invito a visitare il sistema economico del Veneto, ha commentato il video &#8220;Veneto Beyond the Future&#8221; con queste parole &#8211; \u00e8 la prima volta che vedo in un&#8217;unica proiezione tutte le bellezze che il Veneto riassume -.<\/p>\n<p>Hanno accompagnato il Presidente Pozza, nella missione a Dubai, il Direttore Generale di Venicepromex Franco Conzato e la Vice Segretario Generale di Unioncamere Veneto Valentina Montesarchio.<\/p>\n<p>La delegazione era composta da: Leopoldo Destro Presidente di Assindustria Veneto Centro, Fabrizio Dughiero Presidente Smactcenter competence center dell&#8217;Universit\u00e0 degli studi di Padova, Paolo Giopp Presidente Galileo Visionary District Patrizio Bertin Presidente Confcommercio Veneto, Marco Carniello Global Exhibition Director Jewellery &amp; Fashion IEG, Franco Pasqualetti Presidente Interporto Padova, Vice Presidente CCIAA di Padova, Serena Granziera Membro del Consiglio Direttivo dei Giovani Imprenditori.<\/p>","protected":false},"excerpt":{"rendered":"<p>Venezia, 02 gennaio 2022. \u00c8 stata una missione toccata e fuga a Dubai, capace per\u00f2 di creare rapporti ben saldi in occasione della visita al Dubai Future Foundation con Mr Khalifa Aljaziri del Ministero dell&#8217;economia e Mr. Marwan Alzarouni Ceo del Block Chain Center e con la dirigenza della Camera di Commercio italiana negli Emirati [&hellip;]<\/p>\n","protected":false},"author":2,"featured_media":131089,"comment_status":"closed","ping_status":"open","sticky":false,"template":"","format":"standard","meta":{"footnotes":""},"categories":[36,26],"tags":[],"class_list":["post-131088","post","type-post","status-publish","format-standard","has-post-thumbnail","category-lavoro-economia","category-prima-pagina"],"yoast_head":"<!-- This site is optimized with the Yoast SEO plugin v28.4 - https:\/\/yoast.com\/product\/yoast-seo-wordpress\/ -->\n<title>Guidata da Pozza e Marcato la missione a Dubai. Firmato l&#039;accordo di collaborazione per favorire le intese di business per le imprese venete negli Emirati Arabi - Bellunopress - Dolomiti<\/title>\n<meta name=\"robots\" content=\"index, follow, max-snippet:-1, max-image-preview:large, max-video-preview:-1\" \/>\n<link rel=\"canonical\" href=\"https:\/\/www.bellunopress.it\/fr\/2022\/02\/02\/guidata-da-pozza-e-marcato-la-missione-a-dubai-firmato-laccordo-di-collaborazione-per-favorire-le-intese-di-business-per-le-imprese-venete-negli-emirati-arabi\/\" \/>\n<meta property=\"og:locale\" content=\"fr_FR\" \/>\n<meta property=\"og:type\" content=\"article\" \/>\n<meta property=\"og:title\" content=\"Guidata da Pozza e Marcato la missione a Dubai. Firmato l&#039;accordo di collaborazione per favorire le intese di business per le imprese venete negli Emirati Arabi - Bellunopress - Dolomiti\" \/>\n<meta property=\"og:description\" content=\"Venezia, 02 gennaio 2022. \u00c8 stata una missione toccata e fuga a Dubai, capace per\u00f2 di creare rapporti ben saldi in occasione della visita al Dubai Future Foundation con Mr Khalifa Aljaziri del Ministero dell&#8217;economia e Mr. Marwan Alzarouni Ceo del Block Chain Center e con la dirigenza della Camera di Commercio italiana negli Emirati [&hellip;]\" \/>\n<meta property=\"og:url\" content=\"https:\/\/www.bellunopress.it\/fr\/2022\/02\/02\/guidata-da-pozza-e-marcato-la-missione-a-dubai-firmato-laccordo-di-collaborazione-per-favorire-le-intese-di-business-per-le-imprese-venete-negli-emirati-arabi\/\" \/>\n<meta property=\"og:site_name\" content=\"Bellunopress - Dolomiti\" \/>\n<meta property=\"article:publisher\" content=\"https:\/\/www.facebook.com\/profile.php?id=100008943462799\" \/>\n<meta property=\"article:published_time\" content=\"2022-02-02T17:05:15+00:00\" \/>\n<meta property=\"og:image\" content=\"https:\/\/www.bellunopress.it\/wp-content\/uploads\/2022\/02\/Expo-Pozza-e-Marcato-a-Dubai_edited.jpg\" \/>\n\t<meta property=\"og:image:width\" content=\"1000\" \/>\n\t<meta property=\"og:image:height\" content=\"592\" \/>\n\t<meta property=\"og:image:type\" content=\"image\/jpeg\" \/>\n<meta name=\"author\" content=\"redazione\" \/>\n<meta name=\"twitter:card\" content=\"summary_large_image\" \/>\n<meta name=\"twitter:creator\" content=\"@bellunopress\" \/>\n<meta name=\"twitter:site\" content=\"@bellunopress\" \/>\n<meta name=\"twitter:label1\" content=\"\u00c9crit par\" \/>\n\t<meta name=\"twitter:data1\" content=\"redazione\" \/>\n\t<meta name=\"twitter:label2\" content=\"Dur\u00e9e de lecture estim\u00e9e\" \/>\n\t<meta name=\"twitter:data2\" content=\"3 minutes\" \/>\n<script type=\"application\/ld+json\" class=\"yoast-schema-graph\">{\"@context\":\"https:\\\/\\\/schema.org\",\"@graph\":[{\"@type\":\"Article\",\"@id\":\"https:\\\/\\\/www.bellunopress.it\\\/2022\\\/02\\\/02\\\/guidata-da-pozza-e-marcato-la-missione-a-dubai-firmato-laccordo-di-collaborazione-per-favorire-le-intese-di-business-per-le-imprese-venete-negli-emirati-arabi\\\/#article\",\"isPartOf\":{\"@id\":\"https:\\\/\\\/www.bellunopress.it\\\/2022\\\/02\\\/02\\\/guidata-da-pozza-e-marcato-la-missione-a-dubai-firmato-laccordo-di-collaborazione-per-favorire-le-intese-di-business-per-le-imprese-venete-negli-emirati-arabi\\\/\"},\"author\":{\"name\":\"redazione\",\"@id\":\"https:\\\/\\\/www.bellunopress.it\\\/#\\\/schema\\\/person\\\/79bb06722b37ece1c03d3e94beb30d73\"},\"headline\":\"Guidata da Pozza e Marcato la missione a Dubai. Firmato l&#8217;accordo di collaborazione per favorire le intese di business per le imprese venete negli Emirati Arabi\",\"datePublished\":\"2022-02-02T17:05:15+00:00\",\"mainEntityOfPage\":{\"@id\":\"https:\\\/\\\/www.bellunopress.it\\\/2022\\\/02\\\/02\\\/guidata-da-pozza-e-marcato-la-missione-a-dubai-firmato-laccordo-di-collaborazione-per-favorire-le-intese-di-business-per-le-imprese-venete-negli-emirati-arabi\\\/\"},\"wordCount\":513,\"publisher\":{\"@id\":\"https:\\\/\\\/www.bellunopress.it\\\/#organization\"},\"image\":{\"@id\":\"https:\\\/\\\/www.bellunopress.it\\\/2022\\\/02\\\/02\\\/guidata-da-pozza-e-marcato-la-missione-a-dubai-firmato-laccordo-di-collaborazione-per-favorire-le-intese-di-business-per-le-imprese-venete-negli-emirati-arabi\\\/#primaryimage\"},\"thumbnailUrl\":\"https:\\\/\\\/www.bellunopress.it\\\/wp-content\\\/uploads\\\/2022\\\/02\\\/Expo-Pozza-e-Marcato-a-Dubai_edited.jpg\",\"articleSection\":[\"Lavoro, Economia, Turismo\",\"Prima Pagina\"],\"inLanguage\":\"fr-FR\"},{\"@type\":\"WebPage\",\"@id\":\"https:\\\/\\\/www.bellunopress.it\\\/2022\\\/02\\\/02\\\/guidata-da-pozza-e-marcato-la-missione-a-dubai-firmato-laccordo-di-collaborazione-per-favorire-le-intese-di-business-per-le-imprese-venete-negli-emirati-arabi\\\/\",\"url\":\"https:\\\/\\\/www.bellunopress.it\\\/2022\\\/02\\\/02\\\/guidata-da-pozza-e-marcato-la-missione-a-dubai-firmato-laccordo-di-collaborazione-per-favorire-le-intese-di-business-per-le-imprese-venete-negli-emirati-arabi\\\/\",\"name\":\"Guidata da Pozza e Marcato la missione a Dubai. Firmato l'accordo di collaborazione per favorire le intese di business per le imprese venete negli Emirati Arabi - Bellunopress - Dolomiti\",\"isPartOf\":{\"@id\":\"https:\\\/\\\/www.bellunopress.it\\\/#website\"},\"primaryImageOfPage\":{\"@id\":\"https:\\\/\\\/www.bellunopress.it\\\/2022\\\/02\\\/02\\\/guidata-da-pozza-e-marcato-la-missione-a-dubai-firmato-laccordo-di-collaborazione-per-favorire-le-intese-di-business-per-le-imprese-venete-negli-emirati-arabi\\\/#primaryimage\"},\"image\":{\"@id\":\"https:\\\/\\\/www.bellunopress.it\\\/2022\\\/02\\\/02\\\/guidata-da-pozza-e-marcato-la-missione-a-dubai-firmato-laccordo-di-collaborazione-per-favorire-le-intese-di-business-per-le-imprese-venete-negli-emirati-arabi\\\/#primaryimage\"},\"thumbnailUrl\":\"https:\\\/\\\/www.bellunopress.it\\\/wp-content\\\/uploads\\\/2022\\\/02\\\/Expo-Pozza-e-Marcato-a-Dubai_edited.jpg\",\"datePublished\":\"2022-02-02T17:05:15+00:00\",\"breadcrumb\":{\"@id\":\"https:\\\/\\\/www.bellunopress.it\\\/2022\\\/02\\\/02\\\/guidata-da-pozza-e-marcato-la-missione-a-dubai-firmato-laccordo-di-collaborazione-per-favorire-le-intese-di-business-per-le-imprese-venete-negli-emirati-arabi\\\/#breadcrumb\"},\"inLanguage\":\"fr-FR\",\"potentialAction\":[{\"@type\":\"ReadAction\",\"target\":[\"https:\\\/\\\/www.bellunopress.it\\\/2022\\\/02\\\/02\\\/guidata-da-pozza-e-marcato-la-missione-a-dubai-firmato-laccordo-di-collaborazione-per-favorire-le-intese-di-business-per-le-imprese-venete-negli-emirati-arabi\\\/\"]}]},{\"@type\":\"ImageObject\",\"inLanguage\":\"fr-FR\",\"@id\":\"https:\\\/\\\/www.bellunopress.it\\\/2022\\\/02\\\/02\\\/guidata-da-pozza-e-marcato-la-missione-a-dubai-firmato-laccordo-di-collaborazione-per-favorire-le-intese-di-business-per-le-imprese-venete-negli-emirati-arabi\\\/#primaryimage\",\"url\":\"https:\\\/\\\/www.bellunopress.it\\\/wp-content\\\/uploads\\\/2022\\\/02\\\/Expo-Pozza-e-Marcato-a-Dubai_edited.jpg\",\"contentUrl\":\"https:\\\/\\\/www.bellunopress.it\\\/wp-content\\\/uploads\\\/2022\\\/02\\\/Expo-Pozza-e-Marcato-a-Dubai_edited.jpg\",\"width\":1000,\"height\":592},{\"@type\":\"BreadcrumbList\",\"@id\":\"https:\\\/\\\/www.bellunopress.it\\\/2022\\\/02\\\/02\\\/guidata-da-pozza-e-marcato-la-missione-a-dubai-firmato-laccordo-di-collaborazione-per-favorire-le-intese-di-business-per-le-imprese-venete-negli-emirati-arabi\\\/#breadcrumb\",\"itemListElement\":[{\"@type\":\"ListItem\",\"position\":1,\"name\":\"Home\",\"item\":\"https:\\\/\\\/www.bellunopress.it\\\/\"},{\"@type\":\"ListItem\",\"position\":2,\"name\":\"Guidata da Pozza e Marcato la missione a Dubai. Firmato l&#8217;accordo di collaborazione per favorire le intese di business per le imprese venete negli Emirati Arabi\"}]},{\"@type\":\"WebSite\",\"@id\":\"https:\\\/\\\/www.bellunopress.it\\\/#website\",\"url\":\"https:\\\/\\\/www.bellunopress.it\\\/\",\"name\":\"Bellunopress - Dolomiti\",\"description\":\"e-mail: redazione@bellunopress.it\",\"publisher\":{\"@id\":\"https:\\\/\\\/www.bellunopress.it\\\/#organization\"},\"potentialAction\":[{\"@type\":\"SearchAction\",\"target\":{\"@type\":\"EntryPoint\",\"urlTemplate\":\"https:\\\/\\\/www.bellunopress.it\\\/?s={search_term_string}\"},\"query-input\":{\"@type\":\"PropertyValueSpecification\",\"valueRequired\":true,\"valueName\":\"search_term_string\"}}],\"inLanguage\":\"fr-FR\"},{\"@type\":\"Organization\",\"@id\":\"https:\\\/\\\/www.bellunopress.it\\\/#organization\",\"name\":\"Bellunopress\",\"url\":\"https:\\\/\\\/www.bellunopress.it\\\/\",\"logo\":{\"@type\":\"ImageObject\",\"inLanguage\":\"fr-FR\",\"@id\":\"https:\\\/\\\/www.bellunopress.it\\\/#\\\/schema\\\/logo\\\/image\\\/\",\"url\":\"https:\\\/\\\/www.bellunopress.it\\\/wp-content\\\/uploads\\\/2011\\\/05\\\/cropped-logo-bellunopress-.jpg\",\"contentUrl\":\"https:\\\/\\\/www.bellunopress.it\\\/wp-content\\\/uploads\\\/2011\\\/05\\\/cropped-logo-bellunopress-.jpg\",\"width\":512,\"height\":512,\"caption\":\"Bellunopress\"},\"image\":{\"@id\":\"https:\\\/\\\/www.bellunopress.it\\\/#\\\/schema\\\/logo\\\/image\\\/\"},\"sameAs\":[\"https:\\\/\\\/www.facebook.com\\\/profile.php?id=100008943462799\",\"https:\\\/\\\/x.com\\\/bellunopress\",\"https:\\\/\\\/www.linkedin.com\\\/hp\\\/?dnr=JBzUWaJfMUw8vbXJJ2tVW5-I3jZKvC4wsoxE&amp;amp;amp;amp;amp;amp;trk=nav_responsive_tab_home\",\"https:\\\/\\\/www.youtube.com\\\/channel\\\/UCxL0wu1uN0_3_7hGG0306cw\"]},{\"@type\":\"Person\",\"@id\":\"https:\\\/\\\/www.bellunopress.it\\\/#\\\/schema\\\/person\\\/79bb06722b37ece1c03d3e94beb30d73\",\"name\":\"redazione\",\"image\":{\"@type\":\"ImageObject\",\"inLanguage\":\"fr-FR\",\"@id\":\"https:\\\/\\\/secure.gravatar.com\\\/avatar\\\/37d968a2e67a6fd04c169c4bdef102d0bc5d31b2546345219e348575eb80e9a0?s=96&d=mm&r=g\",\"url\":\"https:\\\/\\\/secure.gravatar.com\\\/avatar\\\/37d968a2e67a6fd04c169c4bdef102d0bc5d31b2546345219e348575eb80e9a0?s=96&d=mm&r=g\",\"contentUrl\":\"https:\\\/\\\/secure.gravatar.com\\\/avatar\\\/37d968a2e67a6fd04c169c4bdef102d0bc5d31b2546345219e348575eb80e9a0?s=96&d=mm&r=g\",\"caption\":\"redazione\"},\"sameAs\":[\"http:\\\/\\\/www.bellunopress.it\",\"https:\\\/\\\/x.com\\\/bellunopress\"],\"url\":\"https:\\\/\\\/www.bellunopress.it\\\/fr\\\/author\\\/redazione\\\/\"}]}<\/script>\n<!-- \/ Yoast SEO plugin. -->","yoast_head_json":{"title":"Guidata da Pozza e Marcato la missione a Dubai. Firmato l'accordo di collaborazione per favorire le intese di business per le imprese venete negli Emirati Arabi - Bellunopress - Dolomiti","robots":{"index":"index","follow":"follow","max-snippet":"max-snippet:-1","max-image-preview":"max-image-preview:large","max-video-preview":"max-video-preview:-1"},"canonical":"https:\/\/www.bellunopress.it\/fr\/2022\/02\/02\/guidata-da-pozza-e-marcato-la-missione-a-dubai-firmato-laccordo-di-collaborazione-per-favorire-le-intese-di-business-per-le-imprese-venete-negli-emirati-arabi\/","og_locale":"fr_FR","og_type":"article","og_title":"Guidata da Pozza e Marcato la missione a Dubai. Firmato l'accordo di collaborazione per favorire le intese di business per le imprese venete negli Emirati Arabi - Bellunopress - Dolomiti","og_description":"Venezia, 02 gennaio 2022. \u00c8 stata una missione toccata e fuga a Dubai, capace per\u00f2 di creare rapporti ben saldi in occasione della visita al Dubai Future Foundation con Mr Khalifa Aljaziri del Ministero dell&#8217;economia e Mr. Marwan Alzarouni Ceo del Block Chain Center e con la dirigenza della Camera di Commercio italiana negli Emirati [&hellip;]","og_url":"https:\/\/www.bellunopress.it\/fr\/2022\/02\/02\/guidata-da-pozza-e-marcato-la-missione-a-dubai-firmato-laccordo-di-collaborazione-per-favorire-le-intese-di-business-per-le-imprese-venete-negli-emirati-arabi\/","og_site_name":"Bellunopress - Dolomiti","article_publisher":"https:\/\/www.facebook.com\/profile.php?id=100008943462799","article_published_time":"2022-02-02T17:05:15+00:00","og_image":[{"width":1000,"height":592,"url":"https:\/\/www.bellunopress.it\/wp-content\/uploads\/2022\/02\/Expo-Pozza-e-Marcato-a-Dubai_edited.jpg","type":"image\/jpeg"}],"author":"redazione","twitter_card":"summary_large_image","twitter_creator":"@bellunopress","twitter_site":"@bellunopress","twitter_misc":{"\u00c9crit par":"redazione","Dur\u00e9e de lecture estim\u00e9e":"3 minutes"},"schema":{"@context":"https:\/\/schema.org","@graph":[{"@type":"Article","@id":"https:\/\/www.bellunopress.it\/2022\/02\/02\/guidata-da-pozza-e-marcato-la-missione-a-dubai-firmato-laccordo-di-collaborazione-per-favorire-le-intese-di-business-per-le-imprese-venete-negli-emirati-arabi\/#article","isPartOf":{"@id":"https:\/\/www.bellunopress.it\/2022\/02\/02\/guidata-da-pozza-e-marcato-la-missione-a-dubai-firmato-laccordo-di-collaborazione-per-favorire-le-intese-di-business-per-le-imprese-venete-negli-emirati-arabi\/"},"author":{"name":"redazione","@id":"https:\/\/www.bellunopress.it\/#\/schema\/person\/79bb06722b37ece1c03d3e94beb30d73"},"headline":"Guidata da Pozza e Marcato la missione a Dubai. Firmato l&#8217;accordo di collaborazione per favorire le intese di business per le imprese venete negli Emirati Arabi","datePublished":"2022-02-02T17:05:15+00:00","mainEntityOfPage":{"@id":"https:\/\/www.bellunopress.it\/2022\/02\/02\/guidata-da-pozza-e-marcato-la-missione-a-dubai-firmato-laccordo-di-collaborazione-per-favorire-le-intese-di-business-per-le-imprese-venete-negli-emirati-arabi\/"},"wordCount":513,"publisher":{"@id":"https:\/\/www.bellunopress.it\/#organization"},"image":{"@id":"https:\/\/www.bellunopress.it\/2022\/02\/02\/guidata-da-pozza-e-marcato-la-missione-a-dubai-firmato-laccordo-di-collaborazione-per-favorire-le-intese-di-business-per-le-imprese-venete-negli-emirati-arabi\/#primaryimage"},"thumbnailUrl":"https:\/\/www.bellunopress.it\/wp-content\/uploads\/2022\/02\/Expo-Pozza-e-Marcato-a-Dubai_edited.jpg","articleSection":["Lavoro, Economia, Turismo","Prima Pagina"],"inLanguage":"fr-FR"},{"@type":"WebPage","@id":"https:\/\/www.bellunopress.it\/2022\/02\/02\/guidata-da-pozza-e-marcato-la-missione-a-dubai-firmato-laccordo-di-collaborazione-per-favorire-le-intese-di-business-per-le-imprese-venete-negli-emirati-arabi\/","url":"https:\/\/www.bellunopress.it\/2022\/02\/02\/guidata-da-pozza-e-marcato-la-missione-a-dubai-firmato-laccordo-di-collaborazione-per-favorire-le-intese-di-business-per-le-imprese-venete-negli-emirati-arabi\/","name":"Guidata da Pozza e Marcato la missione a Dubai. Firmato l'accordo di collaborazione per favorire le intese di business per le imprese venete negli Emirati Arabi - Bellunopress - Dolomiti","isPartOf":{"@id":"https:\/\/www.bellunopress.it\/#website"},"primaryImageOfPage":{"@id":"https:\/\/www.bellunopress.it\/2022\/02\/02\/guidata-da-pozza-e-marcato-la-missione-a-dubai-firmato-laccordo-di-collaborazione-per-favorire-le-intese-di-business-per-le-imprese-venete-negli-emirati-arabi\/#primaryimage"},"image":{"@id":"https:\/\/www.bellunopress.it\/2022\/02\/02\/guidata-da-pozza-e-marcato-la-missione-a-dubai-firmato-laccordo-di-collaborazione-per-favorire-le-intese-di-business-per-le-imprese-venete-negli-emirati-arabi\/#primaryimage"},"thumbnailUrl":"https:\/\/www.bellunopress.it\/wp-content\/uploads\/2022\/02\/Expo-Pozza-e-Marcato-a-Dubai_edited.jpg","datePublished":"2022-02-02T17:05:15+00:00","breadcrumb":{"@id":"https:\/\/www.bellunopress.it\/2022\/02\/02\/guidata-da-pozza-e-marcato-la-missione-a-dubai-firmato-laccordo-di-collaborazione-per-favorire-le-intese-di-business-per-le-imprese-venete-negli-emirati-arabi\/#breadcrumb"},"inLanguage":"fr-FR","potentialAction":[{"@type":"ReadAction","target":["https:\/\/www.bellunopress.it\/2022\/02\/02\/guidata-da-pozza-e-marcato-la-missione-a-dubai-firmato-laccordo-di-collaborazione-per-favorire-le-intese-di-business-per-le-imprese-venete-negli-emirati-arabi\/"]}]},{"@type":"ImageObject","inLanguage":"fr-FR","@id":"https:\/\/www.bellunopress.it\/2022\/02\/02\/guidata-da-pozza-e-marcato-la-missione-a-dubai-firmato-laccordo-di-collaborazione-per-favorire-le-intese-di-business-per-le-imprese-venete-negli-emirati-arabi\/#primaryimage","url":"https:\/\/www.bellunopress.it\/wp-content\/uploads\/2022\/02\/Expo-Pozza-e-Marcato-a-Dubai_edited.jpg","contentUrl":"https:\/\/www.bellunopress.it\/wp-content\/uploads\/2022\/02\/Expo-Pozza-e-Marcato-a-Dubai_edited.jpg","width":1000,"height":592},{"@type":"BreadcrumbList","@id":"https:\/\/www.bellunopress.it\/2022\/02\/02\/guidata-da-pozza-e-marcato-la-missione-a-dubai-firmato-laccordo-di-collaborazione-per-favorire-le-intese-di-business-per-le-imprese-venete-negli-emirati-arabi\/#breadcrumb","itemListElement":[{"@type":"ListItem","position":1,"name":"Home","item":"https:\/\/www.bellunopress.it\/"},{"@type":"ListItem","position":2,"name":"Guidata da Pozza e Marcato la missione a Dubai. Firmato l&#8217;accordo di collaborazione per favorire le intese di business per le imprese venete negli Emirati Arabi"}]},{"@type":"WebSite","@id":"https:\/\/www.bellunopress.it\/#website","url":"https:\/\/www.bellunopress.it\/","name":"Bellunopress - Dolomiti","description":"e-mail: redazione@bellunopress.it","publisher":{"@id":"https:\/\/www.bellunopress.it\/#organization"},"potentialAction":[{"@type":"SearchAction","target":{"@type":"EntryPoint","urlTemplate":"https:\/\/www.bellunopress.it\/?s={search_term_string}"},"query-input":{"@type":"PropertyValueSpecification","valueRequired":true,"valueName":"search_term_string"}}],"inLanguage":"fr-FR"},{"@type":"Organization","@id":"https:\/\/www.bellunopress.it\/#organization","name":"Bellunopress","url":"https:\/\/www.bellunopress.it\/","logo":{"@type":"ImageObject","inLanguage":"fr-FR","@id":"https:\/\/www.bellunopress.it\/#\/schema\/logo\/image\/","url":"https:\/\/www.bellunopress.it\/wp-content\/uploads\/2011\/05\/cropped-logo-bellunopress-.jpg","contentUrl":"https:\/\/www.bellunopress.it\/wp-content\/uploads\/2011\/05\/cropped-logo-bellunopress-.jpg","width":512,"height":512,"caption":"Bellunopress"},"image":{"@id":"https:\/\/www.bellunopress.it\/#\/schema\/logo\/image\/"},"sameAs":["https:\/\/www.facebook.com\/profile.php?id=100008943462799","https:\/\/x.com\/bellunopress","https:\/\/www.linkedin.com\/hp\/?dnr=JBzUWaJfMUw8vbXJJ2tVW5-I3jZKvC4wsoxE&amp;amp;amp;amp;amp;amp;trk=nav_responsive_tab_home","https:\/\/www.youtube.com\/channel\/UCxL0wu1uN0_3_7hGG0306cw"]},{"@type":"Person","@id":"https:\/\/www.bellunopress.it\/#\/schema\/person\/79bb06722b37ece1c03d3e94beb30d73","name":"r\u00e9daction","image":{"@type":"ImageObject","inLanguage":"fr-FR","@id":"https:\/\/secure.gravatar.com\/avatar\/37d968a2e67a6fd04c169c4bdef102d0bc5d31b2546345219e348575eb80e9a0?s=96&d=mm&r=g","url":"https:\/\/secure.gravatar.com\/avatar\/37d968a2e67a6fd04c169c4bdef102d0bc5d31b2546345219e348575eb80e9a0?s=96&d=mm&r=g","contentUrl":"https:\/\/secure.gravatar.com\/avatar\/37d968a2e67a6fd04c169c4bdef102d0bc5d31b2546345219e348575eb80e9a0?s=96&d=mm&r=g","caption":"redazione"},"sameAs":["http:\/\/www.bellunopress.it","https:\/\/x.com\/bellunopress"],"url":"https:\/\/www.bellunopress.it\/fr\/author\/redazione\/"}]}},"_links":{"self":[{"href":"https:\/\/www.bellunopress.it\/fr\/wp-json\/wp\/v2\/posts\/131088","targetHints":{"allow":["GET"]}}],"collection":[{"href":"https:\/\/www.bellunopress.it\/fr\/wp-json\/wp\/v2\/posts"}],"about":[{"href":"https:\/\/www.bellunopress.it\/fr\/wp-json\/wp\/v2\/types\/post"}],"author":[{"embeddable":true,"href":"https:\/\/www.bellunopress.it\/fr\/wp-json\/wp\/v2\/users\/2"}],"replies":[{"embeddable":true,"href":"https:\/\/www.bellunopress.it\/fr\/wp-json\/wp\/v2\/comments?post=131088"}],"version-history":[{"count":1,"href":"https:\/\/www.bellunopress.it\/fr\/wp-json\/wp\/v2\/posts\/131088\/revisions"}],"predecessor-version":[{"id":131090,"href":"https:\/\/www.bellunopress.it\/fr\/wp-json\/wp\/v2\/posts\/131088\/revisions\/131090"}],"wp:featuredmedia":[{"embeddable":true,"href":"https:\/\/www.bellunopress.it\/fr\/wp-json\/wp\/v2\/media\/131089"}],"wp:attachment":[{"href":"https:\/\/www.bellunopress.it\/fr\/wp-json\/wp\/v2\/media?parent=131088"}],"wp:term":[{"taxonomy":"category","embeddable":true,"href":"https:\/\/www.bellunopress.it\/fr\/wp-json\/wp\/v2\/categories?post=131088"},{"taxonomy":"post_tag","embeddable":true,"href":"https:\/\/www.bellunopress.it\/fr\/wp-json\/wp\/v2\/tags?post=131088"}],"curies":[{"name":"wp","href":"https:\/\/api.w.org\/{rel}","templated":true}]}}