{"id":130992,"date":"2022-01-29T19:37:38","date_gmt":"2022-01-29T18:37:38","guid":{"rendered":"https:\/\/www.bellunopress.it\/?p=130992"},"modified":"2022-01-29T20:15:45","modified_gmt":"2022-01-29T19:15:45","slug":"no-greenpass-27-belluno-citazioni-e-chiarimenti-oggi-al-parco-citta-di-bologna","status":"publish","type":"post","link":"https:\/\/www.bellunopress.it\/fr\/2022\/01\/29\/no-greenpass-27-belluno-citazioni-e-chiarimenti-oggi-al-parco-citta-di-bologna\/","title":{"rendered":"No greenpass 27 Belluno. Citazioni e chiarimenti oggi al Parco &#8220;Citt\u00e0 di Bologna&#8221;"},"content":{"rendered":"<p><img loading=\"lazy\" decoding=\"async\" class=\"alignleft size-medium wp-image-130993\" src=\"https:\/\/www.bellunopress.it\/wp-content\/uploads\/2022\/01\/no-greenpass-27-parco_edited-500x375.jpg\" alt=\"\" width=\"500\" height=\"375\" srcset=\"https:\/\/www.bellunopress.it\/wp-content\/uploads\/2022\/01\/no-greenpass-27-parco_edited-500x375.jpg 500w, https:\/\/www.bellunopress.it\/wp-content\/uploads\/2022\/01\/no-greenpass-27-parco_edited-696x522.jpg 696w, https:\/\/www.bellunopress.it\/wp-content\/uploads\/2022\/01\/no-greenpass-27-parco_edited-560x420.jpg 560w, https:\/\/www.bellunopress.it\/wp-content\/uploads\/2022\/01\/no-greenpass-27-parco_edited-80x60.jpg 80w, https:\/\/www.bellunopress.it\/wp-content\/uploads\/2022\/01\/no-greenpass-27-parco_edited-265x198.jpg 265w, https:\/\/www.bellunopress.it\/wp-content\/uploads\/2022\/01\/no-greenpass-27-parco_edited.jpg 1000w\" sizes=\"auto, (max-width: 500px) 100vw, 500px\" \/>Belluno, 29 gennaio 2022 &#8211; Se contiamo il sit-in &#8220;Io non posso entrare&#8221; di ieri sera davanti al Teatro Comunale di Belluno, quella di oggi pomeriggio al Parco &#8220;Citt\u00e0 di Bologna&#8221; \u00e8 la 27ma manifestazione contro il greenpass. Buona partecipazione anche questo sabato, con molte citazioni di politici, giornalisti, noti virologi, sconosciute infermiere, prese dal web che istigano all&#8217;odio contro i no-vax, alcune autentiche altre meno, e alcune precisazioni riguardanti i volantini e i simboli utilizzati. Sotto accusa, dalla stampa locale, era il manifesto affisso ieri in citt\u00e0 con la stella di David, quella stella gialla cucita sugli abiti, imposta dai nazisti agli ebrei con pi\u00f9 di 6 anni nelle zone occupate dalla Germania dal 6 settembre del 1941, affiancata all&#8217;odierno codice Qr del greenpass, per sottolineare i simboli dell&#8217;esclusione di ieri e di oggi. Ebbene, &#8220;quel manifesto &#8211; ha chiarito la farmacista Cristina Muratore nel suo intervento odierno &#8211; che ci era stato attribuito, in realt\u00e0 non ci appartiene. Nostri erano i volantini distribuiti ieri&#8221;.\u00a0 &#8220;Noi non siamo no-vax &#8211; ha ribadito inoltre la dottoressa Muratore &#8211; anzi, io sarei favorevole ad una vaccinazione di massa. A condizione che mi assicurassero l&#8217;efficacia dell&#8217;inoculazione, che immunizza e che \u00e8 sicura&#8221;. Per quanto riguarda la situazione attuale, secondo quanto ha registrato Cristina Muratore, si sta verificando un calo della fiducia della gente nei confronti del proprio medico di base. Non \u00e8 comprensibile, infine, come mai nel resto dei Paesi si stia allentando la presa; ad esempio Israele ha abolito il greenpass, e anche l&#8217;obbligatoriet\u00e0 del vaccino negli stati dove era prevista \u00e8 caduta, mentre in Italia permangono tali obblighi.<\/p>\n<p>&nbsp;<\/p>","protected":false},"excerpt":{"rendered":"<p>Belluno, 29 gennaio 2022 &#8211; Se contiamo il sit-in &#8220;Io non posso entrare&#8221; di ieri sera davanti al Teatro Comunale di Belluno, quella di oggi pomeriggio al Parco &#8220;Citt\u00e0 di Bologna&#8221; \u00e8 la 27ma manifestazione contro il greenpass. Buona partecipazione anche questo sabato, con molte citazioni di politici, giornalisti, noti virologi, sconosciute infermiere, prese dal [&hellip;]<\/p>\n","protected":false},"author":2,"featured_media":130993,"comment_status":"closed","ping_status":"open","sticky":false,"template":"","format":"standard","meta":{"footnotes":""},"categories":[5,3446,26,17,8],"tags":[],"class_list":["post-130992","post","type-post","status-publish","format-standard","has-post-thumbnail","category-cronaca","category-featured","category-prima-pagina","category-sanita","category-societa-istituzioni"],"yoast_head":"<!-- This site is optimized with the Yoast SEO plugin v28.4 - https:\/\/yoast.com\/product\/yoast-seo-wordpress\/ -->\n<title>No greenpass 27 Belluno. Citazioni e chiarimenti oggi al Parco &quot;Citt\u00e0 di Bologna&quot; - Bellunopress - Dolomiti<\/title>\n<meta name=\"robots\" content=\"index, follow, max-snippet:-1, max-image-preview:large, max-video-preview:-1\" \/>\n<link rel=\"canonical\" href=\"https:\/\/www.bellunopress.it\/fr\/2022\/01\/29\/no-greenpass-27-belluno-citazioni-e-chiarimenti-oggi-al-parco-citta-di-bologna\/\" \/>\n<meta property=\"og:locale\" content=\"fr_FR\" \/>\n<meta property=\"og:type\" content=\"article\" \/>\n<meta property=\"og:title\" content=\"No greenpass 27 Belluno. Citazioni e chiarimenti oggi al Parco &quot;Citt\u00e0 di Bologna&quot; - Bellunopress - Dolomiti\" \/>\n<meta property=\"og:description\" content=\"Belluno, 29 gennaio 2022 &#8211; Se contiamo il sit-in &#8220;Io non posso entrare&#8221; di ieri sera davanti al Teatro Comunale di Belluno, quella di oggi pomeriggio al Parco &#8220;Citt\u00e0 di Bologna&#8221; \u00e8 la 27ma manifestazione contro il greenpass. Buona partecipazione anche questo sabato, con molte citazioni di politici, giornalisti, noti virologi, sconosciute infermiere, prese dal [&hellip;]\" \/>\n<meta property=\"og:url\" content=\"https:\/\/www.bellunopress.it\/fr\/2022\/01\/29\/no-greenpass-27-belluno-citazioni-e-chiarimenti-oggi-al-parco-citta-di-bologna\/\" \/>\n<meta property=\"og:site_name\" content=\"Bellunopress - Dolomiti\" \/>\n<meta property=\"article:publisher\" content=\"https:\/\/www.facebook.com\/profile.php?id=100008943462799\" \/>\n<meta property=\"article:published_time\" content=\"2022-01-29T18:37:38+00:00\" \/>\n<meta property=\"article:modified_time\" content=\"2022-01-29T19:15:45+00:00\" \/>\n<meta property=\"og:image\" content=\"https:\/\/www.bellunopress.it\/wp-content\/uploads\/2022\/01\/no-greenpass-27-parco_edited.jpg\" \/>\n\t<meta property=\"og:image:width\" content=\"1000\" \/>\n\t<meta property=\"og:image:height\" content=\"750\" \/>\n\t<meta property=\"og:image:type\" content=\"image\/jpeg\" \/>\n<meta name=\"author\" content=\"redazione\" \/>\n<meta name=\"twitter:card\" content=\"summary_large_image\" \/>\n<meta name=\"twitter:creator\" content=\"@bellunopress\" \/>\n<meta name=\"twitter:site\" content=\"@bellunopress\" \/>\n<meta name=\"twitter:label1\" content=\"\u00c9crit par\" \/>\n\t<meta name=\"twitter:data1\" content=\"redazione\" \/>\n\t<meta name=\"twitter:label2\" content=\"Dur\u00e9e de lecture estim\u00e9e\" \/>\n\t<meta name=\"twitter:data2\" content=\"2 minutes\" \/>\n<script type=\"application\/ld+json\" class=\"yoast-schema-graph\">{\"@context\":\"https:\\\/\\\/schema.org\",\"@graph\":[{\"@type\":\"Article\",\"@id\":\"https:\\\/\\\/www.bellunopress.it\\\/2022\\\/01\\\/29\\\/no-greenpass-27-belluno-citazioni-e-chiarimenti-oggi-al-parco-citta-di-bologna\\\/#article\",\"isPartOf\":{\"@id\":\"https:\\\/\\\/www.bellunopress.it\\\/2022\\\/01\\\/29\\\/no-greenpass-27-belluno-citazioni-e-chiarimenti-oggi-al-parco-citta-di-bologna\\\/\"},\"author\":{\"name\":\"redazione\",\"@id\":\"https:\\\/\\\/www.bellunopress.it\\\/#\\\/schema\\\/person\\\/79bb06722b37ece1c03d3e94beb30d73\"},\"headline\":\"No greenpass 27 Belluno. Citazioni e chiarimenti oggi al Parco &#8220;Citt\u00e0 di Bologna&#8221;\",\"datePublished\":\"2022-01-29T18:37:38+00:00\",\"dateModified\":\"2022-01-29T19:15:45+00:00\",\"mainEntityOfPage\":{\"@id\":\"https:\\\/\\\/www.bellunopress.it\\\/2022\\\/01\\\/29\\\/no-greenpass-27-belluno-citazioni-e-chiarimenti-oggi-al-parco-citta-di-bologna\\\/\"},\"wordCount\":278,\"publisher\":{\"@id\":\"https:\\\/\\\/www.bellunopress.it\\\/#organization\"},\"image\":{\"@id\":\"https:\\\/\\\/www.bellunopress.it\\\/2022\\\/01\\\/29\\\/no-greenpass-27-belluno-citazioni-e-chiarimenti-oggi-al-parco-citta-di-bologna\\\/#primaryimage\"},\"thumbnailUrl\":\"https:\\\/\\\/www.bellunopress.it\\\/wp-content\\\/uploads\\\/2022\\\/01\\\/no-greenpass-27-parco_edited.jpg\",\"articleSection\":[\"Cronaca\\\/Politica\",\"Featured\",\"Prima Pagina\",\"Sanit\u00e0 Medicina\",\"Societ\u00e0, Associazioni, Istituzioni\"],\"inLanguage\":\"fr-FR\"},{\"@type\":\"WebPage\",\"@id\":\"https:\\\/\\\/www.bellunopress.it\\\/2022\\\/01\\\/29\\\/no-greenpass-27-belluno-citazioni-e-chiarimenti-oggi-al-parco-citta-di-bologna\\\/\",\"url\":\"https:\\\/\\\/www.bellunopress.it\\\/2022\\\/01\\\/29\\\/no-greenpass-27-belluno-citazioni-e-chiarimenti-oggi-al-parco-citta-di-bologna\\\/\",\"name\":\"No greenpass 27 Belluno. Citazioni e chiarimenti oggi al Parco \\\"Citt\u00e0 di Bologna\\\" - Bellunopress - Dolomiti\",\"isPartOf\":{\"@id\":\"https:\\\/\\\/www.bellunopress.it\\\/#website\"},\"primaryImageOfPage\":{\"@id\":\"https:\\\/\\\/www.bellunopress.it\\\/2022\\\/01\\\/29\\\/no-greenpass-27-belluno-citazioni-e-chiarimenti-oggi-al-parco-citta-di-bologna\\\/#primaryimage\"},\"image\":{\"@id\":\"https:\\\/\\\/www.bellunopress.it\\\/2022\\\/01\\\/29\\\/no-greenpass-27-belluno-citazioni-e-chiarimenti-oggi-al-parco-citta-di-bologna\\\/#primaryimage\"},\"thumbnailUrl\":\"https:\\\/\\\/www.bellunopress.it\\\/wp-content\\\/uploads\\\/2022\\\/01\\\/no-greenpass-27-parco_edited.jpg\",\"datePublished\":\"2022-01-29T18:37:38+00:00\",\"dateModified\":\"2022-01-29T19:15:45+00:00\",\"breadcrumb\":{\"@id\":\"https:\\\/\\\/www.bellunopress.it\\\/2022\\\/01\\\/29\\\/no-greenpass-27-belluno-citazioni-e-chiarimenti-oggi-al-parco-citta-di-bologna\\\/#breadcrumb\"},\"inLanguage\":\"fr-FR\",\"potentialAction\":[{\"@type\":\"ReadAction\",\"target\":[\"https:\\\/\\\/www.bellunopress.it\\\/2022\\\/01\\\/29\\\/no-greenpass-27-belluno-citazioni-e-chiarimenti-oggi-al-parco-citta-di-bologna\\\/\"]}]},{\"@type\":\"ImageObject\",\"inLanguage\":\"fr-FR\",\"@id\":\"https:\\\/\\\/www.bellunopress.it\\\/2022\\\/01\\\/29\\\/no-greenpass-27-belluno-citazioni-e-chiarimenti-oggi-al-parco-citta-di-bologna\\\/#primaryimage\",\"url\":\"https:\\\/\\\/www.bellunopress.it\\\/wp-content\\\/uploads\\\/2022\\\/01\\\/no-greenpass-27-parco_edited.jpg\",\"contentUrl\":\"https:\\\/\\\/www.bellunopress.it\\\/wp-content\\\/uploads\\\/2022\\\/01\\\/no-greenpass-27-parco_edited.jpg\",\"width\":1000,\"height\":750},{\"@type\":\"BreadcrumbList\",\"@id\":\"https:\\\/\\\/www.bellunopress.it\\\/2022\\\/01\\\/29\\\/no-greenpass-27-belluno-citazioni-e-chiarimenti-oggi-al-parco-citta-di-bologna\\\/#breadcrumb\",\"itemListElement\":[{\"@type\":\"ListItem\",\"position\":1,\"name\":\"Home\",\"item\":\"https:\\\/\\\/www.bellunopress.it\\\/\"},{\"@type\":\"ListItem\",\"position\":2,\"name\":\"No greenpass 27 Belluno. Citazioni e chiarimenti oggi al Parco &#8220;Citt\u00e0 di Bologna&#8221;\"}]},{\"@type\":\"WebSite\",\"@id\":\"https:\\\/\\\/www.bellunopress.it\\\/#website\",\"url\":\"https:\\\/\\\/www.bellunopress.it\\\/\",\"name\":\"Bellunopress - Dolomiti\",\"description\":\"e-mail: redazione@bellunopress.it\",\"publisher\":{\"@id\":\"https:\\\/\\\/www.bellunopress.it\\\/#organization\"},\"potentialAction\":[{\"@type\":\"SearchAction\",\"target\":{\"@type\":\"EntryPoint\",\"urlTemplate\":\"https:\\\/\\\/www.bellunopress.it\\\/?s={search_term_string}\"},\"query-input\":{\"@type\":\"PropertyValueSpecification\",\"valueRequired\":true,\"valueName\":\"search_term_string\"}}],\"inLanguage\":\"fr-FR\"},{\"@type\":\"Organization\",\"@id\":\"https:\\\/\\\/www.bellunopress.it\\\/#organization\",\"name\":\"Bellunopress\",\"url\":\"https:\\\/\\\/www.bellunopress.it\\\/\",\"logo\":{\"@type\":\"ImageObject\",\"inLanguage\":\"fr-FR\",\"@id\":\"https:\\\/\\\/www.bellunopress.it\\\/#\\\/schema\\\/logo\\\/image\\\/\",\"url\":\"https:\\\/\\\/www.bellunopress.it\\\/wp-content\\\/uploads\\\/2011\\\/05\\\/cropped-logo-bellunopress-.jpg\",\"contentUrl\":\"https:\\\/\\\/www.bellunopress.it\\\/wp-content\\\/uploads\\\/2011\\\/05\\\/cropped-logo-bellunopress-.jpg\",\"width\":512,\"height\":512,\"caption\":\"Bellunopress\"},\"image\":{\"@id\":\"https:\\\/\\\/www.bellunopress.it\\\/#\\\/schema\\\/logo\\\/image\\\/\"},\"sameAs\":[\"https:\\\/\\\/www.facebook.com\\\/profile.php?id=100008943462799\",\"https:\\\/\\\/x.com\\\/bellunopress\",\"https:\\\/\\\/www.linkedin.com\\\/hp\\\/?dnr=JBzUWaJfMUw8vbXJJ2tVW5-I3jZKvC4wsoxE&amp;amp;amp;amp;amp;amp;trk=nav_responsive_tab_home\",\"https:\\\/\\\/www.youtube.com\\\/channel\\\/UCxL0wu1uN0_3_7hGG0306cw\"]},{\"@type\":\"Person\",\"@id\":\"https:\\\/\\\/www.bellunopress.it\\\/#\\\/schema\\\/person\\\/79bb06722b37ece1c03d3e94beb30d73\",\"name\":\"redazione\",\"image\":{\"@type\":\"ImageObject\",\"inLanguage\":\"fr-FR\",\"@id\":\"https:\\\/\\\/secure.gravatar.com\\\/avatar\\\/37d968a2e67a6fd04c169c4bdef102d0bc5d31b2546345219e348575eb80e9a0?s=96&d=mm&r=g\",\"url\":\"https:\\\/\\\/secure.gravatar.com\\\/avatar\\\/37d968a2e67a6fd04c169c4bdef102d0bc5d31b2546345219e348575eb80e9a0?s=96&d=mm&r=g\",\"contentUrl\":\"https:\\\/\\\/secure.gravatar.com\\\/avatar\\\/37d968a2e67a6fd04c169c4bdef102d0bc5d31b2546345219e348575eb80e9a0?s=96&d=mm&r=g\",\"caption\":\"redazione\"},\"sameAs\":[\"http:\\\/\\\/www.bellunopress.it\",\"https:\\\/\\\/x.com\\\/bellunopress\"],\"url\":\"https:\\\/\\\/www.bellunopress.it\\\/fr\\\/author\\\/redazione\\\/\"}]}<\/script>\n<!-- \/ Yoast SEO plugin. -->","yoast_head_json":{"title":"No greenpass 27 Belluno. Citazioni e chiarimenti oggi al Parco \"Citt\u00e0 di Bologna\" - Bellunopress - Dolomiti","robots":{"index":"index","follow":"follow","max-snippet":"max-snippet:-1","max-image-preview":"max-image-preview:large","max-video-preview":"max-video-preview:-1"},"canonical":"https:\/\/www.bellunopress.it\/fr\/2022\/01\/29\/no-greenpass-27-belluno-citazioni-e-chiarimenti-oggi-al-parco-citta-di-bologna\/","og_locale":"fr_FR","og_type":"article","og_title":"No greenpass 27 Belluno. Citazioni e chiarimenti oggi al Parco \"Citt\u00e0 di Bologna\" - Bellunopress - Dolomiti","og_description":"Belluno, 29 gennaio 2022 &#8211; Se contiamo il sit-in &#8220;Io non posso entrare&#8221; di ieri sera davanti al Teatro Comunale di Belluno, quella di oggi pomeriggio al Parco &#8220;Citt\u00e0 di Bologna&#8221; \u00e8 la 27ma manifestazione contro il greenpass. Buona partecipazione anche questo sabato, con molte citazioni di politici, giornalisti, noti virologi, sconosciute infermiere, prese dal [&hellip;]","og_url":"https:\/\/www.bellunopress.it\/fr\/2022\/01\/29\/no-greenpass-27-belluno-citazioni-e-chiarimenti-oggi-al-parco-citta-di-bologna\/","og_site_name":"Bellunopress - Dolomiti","article_publisher":"https:\/\/www.facebook.com\/profile.php?id=100008943462799","article_published_time":"2022-01-29T18:37:38+00:00","article_modified_time":"2022-01-29T19:15:45+00:00","og_image":[{"width":1000,"height":750,"url":"https:\/\/www.bellunopress.it\/wp-content\/uploads\/2022\/01\/no-greenpass-27-parco_edited.jpg","type":"image\/jpeg"}],"author":"redazione","twitter_card":"summary_large_image","twitter_creator":"@bellunopress","twitter_site":"@bellunopress","twitter_misc":{"\u00c9crit par":"redazione","Dur\u00e9e de lecture estim\u00e9e":"2 minutes"},"schema":{"@context":"https:\/\/schema.org","@graph":[{"@type":"Article","@id":"https:\/\/www.bellunopress.it\/2022\/01\/29\/no-greenpass-27-belluno-citazioni-e-chiarimenti-oggi-al-parco-citta-di-bologna\/#article","isPartOf":{"@id":"https:\/\/www.bellunopress.it\/2022\/01\/29\/no-greenpass-27-belluno-citazioni-e-chiarimenti-oggi-al-parco-citta-di-bologna\/"},"author":{"name":"redazione","@id":"https:\/\/www.bellunopress.it\/#\/schema\/person\/79bb06722b37ece1c03d3e94beb30d73"},"headline":"No greenpass 27 Belluno. Citazioni e chiarimenti oggi al Parco &#8220;Citt\u00e0 di Bologna&#8221;","datePublished":"2022-01-29T18:37:38+00:00","dateModified":"2022-01-29T19:15:45+00:00","mainEntityOfPage":{"@id":"https:\/\/www.bellunopress.it\/2022\/01\/29\/no-greenpass-27-belluno-citazioni-e-chiarimenti-oggi-al-parco-citta-di-bologna\/"},"wordCount":278,"publisher":{"@id":"https:\/\/www.bellunopress.it\/#organization"},"image":{"@id":"https:\/\/www.bellunopress.it\/2022\/01\/29\/no-greenpass-27-belluno-citazioni-e-chiarimenti-oggi-al-parco-citta-di-bologna\/#primaryimage"},"thumbnailUrl":"https:\/\/www.bellunopress.it\/wp-content\/uploads\/2022\/01\/no-greenpass-27-parco_edited.jpg","articleSection":["Cronaca\/Politica","Featured","Prima Pagina","Sanit\u00e0 Medicina","Societ\u00e0, Associazioni, Istituzioni"],"inLanguage":"fr-FR"},{"@type":"WebPage","@id":"https:\/\/www.bellunopress.it\/2022\/01\/29\/no-greenpass-27-belluno-citazioni-e-chiarimenti-oggi-al-parco-citta-di-bologna\/","url":"https:\/\/www.bellunopress.it\/2022\/01\/29\/no-greenpass-27-belluno-citazioni-e-chiarimenti-oggi-al-parco-citta-di-bologna\/","name":"No greenpass 27 Belluno. Citazioni e chiarimenti oggi al Parco \"Citt\u00e0 di Bologna\" - Bellunopress - Dolomiti","isPartOf":{"@id":"https:\/\/www.bellunopress.it\/#website"},"primaryImageOfPage":{"@id":"https:\/\/www.bellunopress.it\/2022\/01\/29\/no-greenpass-27-belluno-citazioni-e-chiarimenti-oggi-al-parco-citta-di-bologna\/#primaryimage"},"image":{"@id":"https:\/\/www.bellunopress.it\/2022\/01\/29\/no-greenpass-27-belluno-citazioni-e-chiarimenti-oggi-al-parco-citta-di-bologna\/#primaryimage"},"thumbnailUrl":"https:\/\/www.bellunopress.it\/wp-content\/uploads\/2022\/01\/no-greenpass-27-parco_edited.jpg","datePublished":"2022-01-29T18:37:38+00:00","dateModified":"2022-01-29T19:15:45+00:00","breadcrumb":{"@id":"https:\/\/www.bellunopress.it\/2022\/01\/29\/no-greenpass-27-belluno-citazioni-e-chiarimenti-oggi-al-parco-citta-di-bologna\/#breadcrumb"},"inLanguage":"fr-FR","potentialAction":[{"@type":"ReadAction","target":["https:\/\/www.bellunopress.it\/2022\/01\/29\/no-greenpass-27-belluno-citazioni-e-chiarimenti-oggi-al-parco-citta-di-bologna\/"]}]},{"@type":"ImageObject","inLanguage":"fr-FR","@id":"https:\/\/www.bellunopress.it\/2022\/01\/29\/no-greenpass-27-belluno-citazioni-e-chiarimenti-oggi-al-parco-citta-di-bologna\/#primaryimage","url":"https:\/\/www.bellunopress.it\/wp-content\/uploads\/2022\/01\/no-greenpass-27-parco_edited.jpg","contentUrl":"https:\/\/www.bellunopress.it\/wp-content\/uploads\/2022\/01\/no-greenpass-27-parco_edited.jpg","width":1000,"height":750},{"@type":"BreadcrumbList","@id":"https:\/\/www.bellunopress.it\/2022\/01\/29\/no-greenpass-27-belluno-citazioni-e-chiarimenti-oggi-al-parco-citta-di-bologna\/#breadcrumb","itemListElement":[{"@type":"ListItem","position":1,"name":"Home","item":"https:\/\/www.bellunopress.it\/"},{"@type":"ListItem","position":2,"name":"No greenpass 27 Belluno. Citazioni e chiarimenti oggi al Parco &#8220;Citt\u00e0 di Bologna&#8221;"}]},{"@type":"WebSite","@id":"https:\/\/www.bellunopress.it\/#website","url":"https:\/\/www.bellunopress.it\/","name":"Bellunopress - Dolomiti","description":"e-mail: redazione@bellunopress.it","publisher":{"@id":"https:\/\/www.bellunopress.it\/#organization"},"potentialAction":[{"@type":"SearchAction","target":{"@type":"EntryPoint","urlTemplate":"https:\/\/www.bellunopress.it\/?s={search_term_string}"},"query-input":{"@type":"PropertyValueSpecification","valueRequired":true,"valueName":"search_term_string"}}],"inLanguage":"fr-FR"},{"@type":"Organization","@id":"https:\/\/www.bellunopress.it\/#organization","name":"Bellunopress","url":"https:\/\/www.bellunopress.it\/","logo":{"@type":"ImageObject","inLanguage":"fr-FR","@id":"https:\/\/www.bellunopress.it\/#\/schema\/logo\/image\/","url":"https:\/\/www.bellunopress.it\/wp-content\/uploads\/2011\/05\/cropped-logo-bellunopress-.jpg","contentUrl":"https:\/\/www.bellunopress.it\/wp-content\/uploads\/2011\/05\/cropped-logo-bellunopress-.jpg","width":512,"height":512,"caption":"Bellunopress"},"image":{"@id":"https:\/\/www.bellunopress.it\/#\/schema\/logo\/image\/"},"sameAs":["https:\/\/www.facebook.com\/profile.php?id=100008943462799","https:\/\/x.com\/bellunopress","https:\/\/www.linkedin.com\/hp\/?dnr=JBzUWaJfMUw8vbXJJ2tVW5-I3jZKvC4wsoxE&amp;amp;amp;amp;amp;amp;trk=nav_responsive_tab_home","https:\/\/www.youtube.com\/channel\/UCxL0wu1uN0_3_7hGG0306cw"]},{"@type":"Person","@id":"https:\/\/www.bellunopress.it\/#\/schema\/person\/79bb06722b37ece1c03d3e94beb30d73","name":"r\u00e9daction","image":{"@type":"ImageObject","inLanguage":"fr-FR","@id":"https:\/\/secure.gravatar.com\/avatar\/37d968a2e67a6fd04c169c4bdef102d0bc5d31b2546345219e348575eb80e9a0?s=96&d=mm&r=g","url":"https:\/\/secure.gravatar.com\/avatar\/37d968a2e67a6fd04c169c4bdef102d0bc5d31b2546345219e348575eb80e9a0?s=96&d=mm&r=g","contentUrl":"https:\/\/secure.gravatar.com\/avatar\/37d968a2e67a6fd04c169c4bdef102d0bc5d31b2546345219e348575eb80e9a0?s=96&d=mm&r=g","caption":"redazione"},"sameAs":["http:\/\/www.bellunopress.it","https:\/\/x.com\/bellunopress"],"url":"https:\/\/www.bellunopress.it\/fr\/author\/redazione\/"}]}},"_links":{"self":[{"href":"https:\/\/www.bellunopress.it\/fr\/wp-json\/wp\/v2\/posts\/130992","targetHints":{"allow":["GET"]}}],"collection":[{"href":"https:\/\/www.bellunopress.it\/fr\/wp-json\/wp\/v2\/posts"}],"about":[{"href":"https:\/\/www.bellunopress.it\/fr\/wp-json\/wp\/v2\/types\/post"}],"author":[{"embeddable":true,"href":"https:\/\/www.bellunopress.it\/fr\/wp-json\/wp\/v2\/users\/2"}],"replies":[{"embeddable":true,"href":"https:\/\/www.bellunopress.it\/fr\/wp-json\/wp\/v2\/comments?post=130992"}],"version-history":[{"count":2,"href":"https:\/\/www.bellunopress.it\/fr\/wp-json\/wp\/v2\/posts\/130992\/revisions"}],"predecessor-version":[{"id":130995,"href":"https:\/\/www.bellunopress.it\/fr\/wp-json\/wp\/v2\/posts\/130992\/revisions\/130995"}],"wp:featuredmedia":[{"embeddable":true,"href":"https:\/\/www.bellunopress.it\/fr\/wp-json\/wp\/v2\/media\/130993"}],"wp:attachment":[{"href":"https:\/\/www.bellunopress.it\/fr\/wp-json\/wp\/v2\/media?parent=130992"}],"wp:term":[{"taxonomy":"category","embeddable":true,"href":"https:\/\/www.bellunopress.it\/fr\/wp-json\/wp\/v2\/categories?post=130992"},{"taxonomy":"post_tag","embeddable":true,"href":"https:\/\/www.bellunopress.it\/fr\/wp-json\/wp\/v2\/tags?post=130992"}],"curies":[{"name":"wp","href":"https:\/\/api.w.org\/{rel}","templated":true}]}}