{"id":130929,"date":"2022-01-27T13:33:07","date_gmt":"2022-01-27T12:33:07","guid":{"rendered":"https:\/\/www.bellunopress.it\/?p=130929"},"modified":"2022-01-27T13:33:07","modified_gmt":"2022-01-27T12:33:07","slug":"la-regione-rinnova-la-convenzione-con-listituto-di-oceanografia-e-geofisica-per-il-monitoraggio-e-la-sicurezza-sismica","status":"publish","type":"post","link":"https:\/\/www.bellunopress.it\/fr\/2022\/01\/27\/la-regione-rinnova-la-convenzione-con-listituto-di-oceanografia-e-geofisica-per-il-monitoraggio-e-la-sicurezza-sismica\/","title":{"rendered":"La Regione rinnova la convenzione con l&#8217;Istituto di Oceanografia e Geofisica per il monitoraggio e la sicurezza sismica"},"content":{"rendered":"<p><img loading=\"lazy\" decoding=\"async\" class=\"alignleft size-medium wp-image-119049\" src=\"https:\/\/www.bellunopress.it\/wp-content\/uploads\/2020\/11\/regione-veneto_edited-500x296.jpg\" alt=\"\" width=\"500\" height=\"296\" srcset=\"https:\/\/www.bellunopress.it\/wp-content\/uploads\/2020\/11\/regione-veneto_edited-500x296.jpg 500w, https:\/\/www.bellunopress.it\/wp-content\/uploads\/2020\/11\/regione-veneto_edited-696x412.jpg 696w, https:\/\/www.bellunopress.it\/wp-content\/uploads\/2020\/11\/regione-veneto_edited-709x420.jpg 709w, https:\/\/www.bellunopress.it\/wp-content\/uploads\/2020\/11\/regione-veneto_edited.jpg 800w\" sizes=\"auto, (max-width: 500px) 100vw, 500px\" \/>Venezia, 27 gennaio 2022 &#8211; La Giunta regionale ha rinnovato la convenzione per il triennio 2022-2024 con l\u2019Istituto Nazionale di Oceanografia e di Geofisica Sperimentale \u2013 O.G.S. per il monitoraggio sismico in Veneto ai fini di protezione civile.<\/p>\n<p>Le attivit\u00e0 dell\u2019O.G.S., che saranno finanziate con contributo annuo regionale di 200mila euro, saranno definite da un apposito Tavolo Tecnico di Coordinamento composto dalle strutture regionali e quelle del Centro Ricerche Sismologiche dell\u2019OGS.<\/p>\n<p>Il Tavolo Tecnico di Coordinamento si riunir\u00e0 entro il mese di dicembre di ogni anno per concordare attivit\u00e0 e modalit\u00e0 operative per l\u2019annualit\u00e0 successiva fino alla scadenza del presente accordo. La prima riunione del Tavolo Tecnico sar\u00e0 programmata entro febbraio 2022<\/p>\n<p>&nbsp;<\/p>","protected":false},"excerpt":{"rendered":"<p>Venezia, 27 gennaio 2022 &#8211; La Giunta regionale ha rinnovato la convenzione per il triennio 2022-2024 con l\u2019Istituto Nazionale di Oceanografia e di Geofisica Sperimentale \u2013 O.G.S. per il monitoraggio sismico in Veneto ai fini di protezione civile. Le attivit\u00e0 dell\u2019O.G.S., che saranno finanziate con contributo annuo regionale di 200mila euro, saranno definite da un [&hellip;]<\/p>\n","protected":false},"author":2,"featured_media":119049,"comment_status":"closed","ping_status":"open","sticky":false,"template":"","format":"standard","meta":{"footnotes":""},"categories":[26,8],"tags":[],"class_list":["post-130929","post","type-post","status-publish","format-standard","has-post-thumbnail","category-prima-pagina","category-societa-istituzioni"],"yoast_head":"<!-- This site is optimized with the Yoast SEO plugin v28.4 - https:\/\/yoast.com\/product\/yoast-seo-wordpress\/ -->\n<title>La Regione rinnova la convenzione con l&#039;Istituto di Oceanografia e Geofisica per il monitoraggio e la sicurezza sismica - Bellunopress - Dolomiti<\/title>\n<meta name=\"robots\" content=\"index, follow, max-snippet:-1, max-image-preview:large, max-video-preview:-1\" \/>\n<link rel=\"canonical\" href=\"https:\/\/www.bellunopress.it\/fr\/2022\/01\/27\/la-regione-rinnova-la-convenzione-con-listituto-di-oceanografia-e-geofisica-per-il-monitoraggio-e-la-sicurezza-sismica\/\" \/>\n<meta property=\"og:locale\" content=\"fr_FR\" \/>\n<meta property=\"og:type\" content=\"article\" \/>\n<meta property=\"og:title\" content=\"La Regione rinnova la convenzione con l&#039;Istituto di Oceanografia e Geofisica per il monitoraggio e la sicurezza sismica - Bellunopress - Dolomiti\" \/>\n<meta property=\"og:description\" content=\"Venezia, 27 gennaio 2022 &#8211; La Giunta regionale ha rinnovato la convenzione per il triennio 2022-2024 con l\u2019Istituto Nazionale di Oceanografia e di Geofisica Sperimentale \u2013 O.G.S. per il monitoraggio sismico in Veneto ai fini di protezione civile. Le attivit\u00e0 dell\u2019O.G.S., che saranno finanziate con contributo annuo regionale di 200mila euro, saranno definite da un [&hellip;]\" \/>\n<meta property=\"og:url\" content=\"https:\/\/www.bellunopress.it\/fr\/2022\/01\/27\/la-regione-rinnova-la-convenzione-con-listituto-di-oceanografia-e-geofisica-per-il-monitoraggio-e-la-sicurezza-sismica\/\" \/>\n<meta property=\"og:site_name\" content=\"Bellunopress - Dolomiti\" \/>\n<meta property=\"article:publisher\" content=\"https:\/\/www.facebook.com\/profile.php?id=100008943462799\" \/>\n<meta property=\"article:published_time\" content=\"2022-01-27T12:33:07+00:00\" \/>\n<meta property=\"og:image\" content=\"https:\/\/www.bellunopress.it\/wp-content\/uploads\/2020\/11\/regione-veneto_edited.jpg\" \/>\n\t<meta property=\"og:image:width\" content=\"800\" \/>\n\t<meta property=\"og:image:height\" content=\"474\" \/>\n\t<meta property=\"og:image:type\" content=\"image\/jpeg\" \/>\n<meta name=\"author\" content=\"redazione\" \/>\n<meta name=\"twitter:card\" content=\"summary_large_image\" \/>\n<meta name=\"twitter:creator\" content=\"@bellunopress\" \/>\n<meta name=\"twitter:site\" content=\"@bellunopress\" \/>\n<meta name=\"twitter:label1\" content=\"\u00c9crit par\" \/>\n\t<meta name=\"twitter:data1\" content=\"redazione\" \/>\n\t<meta name=\"twitter:label2\" content=\"Dur\u00e9e de lecture estim\u00e9e\" \/>\n\t<meta name=\"twitter:data2\" content=\"1 minute\" \/>\n<script type=\"application\/ld+json\" class=\"yoast-schema-graph\">{\"@context\":\"https:\\\/\\\/schema.org\",\"@graph\":[{\"@type\":\"Article\",\"@id\":\"https:\\\/\\\/www.bellunopress.it\\\/2022\\\/01\\\/27\\\/la-regione-rinnova-la-convenzione-con-listituto-di-oceanografia-e-geofisica-per-il-monitoraggio-e-la-sicurezza-sismica\\\/#article\",\"isPartOf\":{\"@id\":\"https:\\\/\\\/www.bellunopress.it\\\/2022\\\/01\\\/27\\\/la-regione-rinnova-la-convenzione-con-listituto-di-oceanografia-e-geofisica-per-il-monitoraggio-e-la-sicurezza-sismica\\\/\"},\"author\":{\"name\":\"redazione\",\"@id\":\"https:\\\/\\\/www.bellunopress.it\\\/#\\\/schema\\\/person\\\/79bb06722b37ece1c03d3e94beb30d73\"},\"headline\":\"La Regione rinnova la convenzione con l&#8217;Istituto di Oceanografia e Geofisica per il monitoraggio e la sicurezza sismica\",\"datePublished\":\"2022-01-27T12:33:07+00:00\",\"mainEntityOfPage\":{\"@id\":\"https:\\\/\\\/www.bellunopress.it\\\/2022\\\/01\\\/27\\\/la-regione-rinnova-la-convenzione-con-listituto-di-oceanografia-e-geofisica-per-il-monitoraggio-e-la-sicurezza-sismica\\\/\"},\"wordCount\":136,\"publisher\":{\"@id\":\"https:\\\/\\\/www.bellunopress.it\\\/#organization\"},\"image\":{\"@id\":\"https:\\\/\\\/www.bellunopress.it\\\/2022\\\/01\\\/27\\\/la-regione-rinnova-la-convenzione-con-listituto-di-oceanografia-e-geofisica-per-il-monitoraggio-e-la-sicurezza-sismica\\\/#primaryimage\"},\"thumbnailUrl\":\"https:\\\/\\\/www.bellunopress.it\\\/wp-content\\\/uploads\\\/2020\\\/11\\\/regione-veneto_edited.jpg\",\"articleSection\":[\"Prima Pagina\",\"Societ\u00e0, Associazioni, Istituzioni\"],\"inLanguage\":\"fr-FR\"},{\"@type\":\"WebPage\",\"@id\":\"https:\\\/\\\/www.bellunopress.it\\\/2022\\\/01\\\/27\\\/la-regione-rinnova-la-convenzione-con-listituto-di-oceanografia-e-geofisica-per-il-monitoraggio-e-la-sicurezza-sismica\\\/\",\"url\":\"https:\\\/\\\/www.bellunopress.it\\\/2022\\\/01\\\/27\\\/la-regione-rinnova-la-convenzione-con-listituto-di-oceanografia-e-geofisica-per-il-monitoraggio-e-la-sicurezza-sismica\\\/\",\"name\":\"La Regione rinnova la convenzione con l'Istituto di Oceanografia e Geofisica per il monitoraggio e la sicurezza sismica - Bellunopress - Dolomiti\",\"isPartOf\":{\"@id\":\"https:\\\/\\\/www.bellunopress.it\\\/#website\"},\"primaryImageOfPage\":{\"@id\":\"https:\\\/\\\/www.bellunopress.it\\\/2022\\\/01\\\/27\\\/la-regione-rinnova-la-convenzione-con-listituto-di-oceanografia-e-geofisica-per-il-monitoraggio-e-la-sicurezza-sismica\\\/#primaryimage\"},\"image\":{\"@id\":\"https:\\\/\\\/www.bellunopress.it\\\/2022\\\/01\\\/27\\\/la-regione-rinnova-la-convenzione-con-listituto-di-oceanografia-e-geofisica-per-il-monitoraggio-e-la-sicurezza-sismica\\\/#primaryimage\"},\"thumbnailUrl\":\"https:\\\/\\\/www.bellunopress.it\\\/wp-content\\\/uploads\\\/2020\\\/11\\\/regione-veneto_edited.jpg\",\"datePublished\":\"2022-01-27T12:33:07+00:00\",\"breadcrumb\":{\"@id\":\"https:\\\/\\\/www.bellunopress.it\\\/2022\\\/01\\\/27\\\/la-regione-rinnova-la-convenzione-con-listituto-di-oceanografia-e-geofisica-per-il-monitoraggio-e-la-sicurezza-sismica\\\/#breadcrumb\"},\"inLanguage\":\"fr-FR\",\"potentialAction\":[{\"@type\":\"ReadAction\",\"target\":[\"https:\\\/\\\/www.bellunopress.it\\\/2022\\\/01\\\/27\\\/la-regione-rinnova-la-convenzione-con-listituto-di-oceanografia-e-geofisica-per-il-monitoraggio-e-la-sicurezza-sismica\\\/\"]}]},{\"@type\":\"ImageObject\",\"inLanguage\":\"fr-FR\",\"@id\":\"https:\\\/\\\/www.bellunopress.it\\\/2022\\\/01\\\/27\\\/la-regione-rinnova-la-convenzione-con-listituto-di-oceanografia-e-geofisica-per-il-monitoraggio-e-la-sicurezza-sismica\\\/#primaryimage\",\"url\":\"https:\\\/\\\/www.bellunopress.it\\\/wp-content\\\/uploads\\\/2020\\\/11\\\/regione-veneto_edited.jpg\",\"contentUrl\":\"https:\\\/\\\/www.bellunopress.it\\\/wp-content\\\/uploads\\\/2020\\\/11\\\/regione-veneto_edited.jpg\",\"width\":800,\"height\":474},{\"@type\":\"BreadcrumbList\",\"@id\":\"https:\\\/\\\/www.bellunopress.it\\\/2022\\\/01\\\/27\\\/la-regione-rinnova-la-convenzione-con-listituto-di-oceanografia-e-geofisica-per-il-monitoraggio-e-la-sicurezza-sismica\\\/#breadcrumb\",\"itemListElement\":[{\"@type\":\"ListItem\",\"position\":1,\"name\":\"Home\",\"item\":\"https:\\\/\\\/www.bellunopress.it\\\/\"},{\"@type\":\"ListItem\",\"position\":2,\"name\":\"La Regione rinnova la convenzione con l&#8217;Istituto di Oceanografia e Geofisica per il monitoraggio e la sicurezza sismica\"}]},{\"@type\":\"WebSite\",\"@id\":\"https:\\\/\\\/www.bellunopress.it\\\/#website\",\"url\":\"https:\\\/\\\/www.bellunopress.it\\\/\",\"name\":\"Bellunopress - Dolomiti\",\"description\":\"e-mail: redazione@bellunopress.it\",\"publisher\":{\"@id\":\"https:\\\/\\\/www.bellunopress.it\\\/#organization\"},\"potentialAction\":[{\"@type\":\"SearchAction\",\"target\":{\"@type\":\"EntryPoint\",\"urlTemplate\":\"https:\\\/\\\/www.bellunopress.it\\\/?s={search_term_string}\"},\"query-input\":{\"@type\":\"PropertyValueSpecification\",\"valueRequired\":true,\"valueName\":\"search_term_string\"}}],\"inLanguage\":\"fr-FR\"},{\"@type\":\"Organization\",\"@id\":\"https:\\\/\\\/www.bellunopress.it\\\/#organization\",\"name\":\"Bellunopress\",\"url\":\"https:\\\/\\\/www.bellunopress.it\\\/\",\"logo\":{\"@type\":\"ImageObject\",\"inLanguage\":\"fr-FR\",\"@id\":\"https:\\\/\\\/www.bellunopress.it\\\/#\\\/schema\\\/logo\\\/image\\\/\",\"url\":\"https:\\\/\\\/www.bellunopress.it\\\/wp-content\\\/uploads\\\/2011\\\/05\\\/cropped-logo-bellunopress-.jpg\",\"contentUrl\":\"https:\\\/\\\/www.bellunopress.it\\\/wp-content\\\/uploads\\\/2011\\\/05\\\/cropped-logo-bellunopress-.jpg\",\"width\":512,\"height\":512,\"caption\":\"Bellunopress\"},\"image\":{\"@id\":\"https:\\\/\\\/www.bellunopress.it\\\/#\\\/schema\\\/logo\\\/image\\\/\"},\"sameAs\":[\"https:\\\/\\\/www.facebook.com\\\/profile.php?id=100008943462799\",\"https:\\\/\\\/x.com\\\/bellunopress\",\"https:\\\/\\\/www.linkedin.com\\\/hp\\\/?dnr=JBzUWaJfMUw8vbXJJ2tVW5-I3jZKvC4wsoxE&amp;amp;amp;amp;amp;amp;trk=nav_responsive_tab_home\",\"https:\\\/\\\/www.youtube.com\\\/channel\\\/UCxL0wu1uN0_3_7hGG0306cw\"]},{\"@type\":\"Person\",\"@id\":\"https:\\\/\\\/www.bellunopress.it\\\/#\\\/schema\\\/person\\\/79bb06722b37ece1c03d3e94beb30d73\",\"name\":\"redazione\",\"image\":{\"@type\":\"ImageObject\",\"inLanguage\":\"fr-FR\",\"@id\":\"https:\\\/\\\/secure.gravatar.com\\\/avatar\\\/37d968a2e67a6fd04c169c4bdef102d0bc5d31b2546345219e348575eb80e9a0?s=96&d=mm&r=g\",\"url\":\"https:\\\/\\\/secure.gravatar.com\\\/avatar\\\/37d968a2e67a6fd04c169c4bdef102d0bc5d31b2546345219e348575eb80e9a0?s=96&d=mm&r=g\",\"contentUrl\":\"https:\\\/\\\/secure.gravatar.com\\\/avatar\\\/37d968a2e67a6fd04c169c4bdef102d0bc5d31b2546345219e348575eb80e9a0?s=96&d=mm&r=g\",\"caption\":\"redazione\"},\"sameAs\":[\"http:\\\/\\\/www.bellunopress.it\",\"https:\\\/\\\/x.com\\\/bellunopress\"],\"url\":\"https:\\\/\\\/www.bellunopress.it\\\/fr\\\/author\\\/redazione\\\/\"}]}<\/script>\n<!-- \/ Yoast SEO plugin. -->","yoast_head_json":{"title":"La Regione rinnova la convenzione con l'Istituto di Oceanografia e Geofisica per il monitoraggio e la sicurezza sismica - Bellunopress - Dolomiti","robots":{"index":"index","follow":"follow","max-snippet":"max-snippet:-1","max-image-preview":"max-image-preview:large","max-video-preview":"max-video-preview:-1"},"canonical":"https:\/\/www.bellunopress.it\/fr\/2022\/01\/27\/la-regione-rinnova-la-convenzione-con-listituto-di-oceanografia-e-geofisica-per-il-monitoraggio-e-la-sicurezza-sismica\/","og_locale":"fr_FR","og_type":"article","og_title":"La Regione rinnova la convenzione con l'Istituto di Oceanografia e Geofisica per il monitoraggio e la sicurezza sismica - Bellunopress - Dolomiti","og_description":"Venezia, 27 gennaio 2022 &#8211; La Giunta regionale ha rinnovato la convenzione per il triennio 2022-2024 con l\u2019Istituto Nazionale di Oceanografia e di Geofisica Sperimentale \u2013 O.G.S. per il monitoraggio sismico in Veneto ai fini di protezione civile. Le attivit\u00e0 dell\u2019O.G.S., che saranno finanziate con contributo annuo regionale di 200mila euro, saranno definite da un [&hellip;]","og_url":"https:\/\/www.bellunopress.it\/fr\/2022\/01\/27\/la-regione-rinnova-la-convenzione-con-listituto-di-oceanografia-e-geofisica-per-il-monitoraggio-e-la-sicurezza-sismica\/","og_site_name":"Bellunopress - Dolomiti","article_publisher":"https:\/\/www.facebook.com\/profile.php?id=100008943462799","article_published_time":"2022-01-27T12:33:07+00:00","og_image":[{"width":800,"height":474,"url":"https:\/\/www.bellunopress.it\/wp-content\/uploads\/2020\/11\/regione-veneto_edited.jpg","type":"image\/jpeg"}],"author":"redazione","twitter_card":"summary_large_image","twitter_creator":"@bellunopress","twitter_site":"@bellunopress","twitter_misc":{"\u00c9crit par":"redazione","Dur\u00e9e de lecture estim\u00e9e":"1 minute"},"schema":{"@context":"https:\/\/schema.org","@graph":[{"@type":"Article","@id":"https:\/\/www.bellunopress.it\/2022\/01\/27\/la-regione-rinnova-la-convenzione-con-listituto-di-oceanografia-e-geofisica-per-il-monitoraggio-e-la-sicurezza-sismica\/#article","isPartOf":{"@id":"https:\/\/www.bellunopress.it\/2022\/01\/27\/la-regione-rinnova-la-convenzione-con-listituto-di-oceanografia-e-geofisica-per-il-monitoraggio-e-la-sicurezza-sismica\/"},"author":{"name":"redazione","@id":"https:\/\/www.bellunopress.it\/#\/schema\/person\/79bb06722b37ece1c03d3e94beb30d73"},"headline":"La Regione rinnova la convenzione con l&#8217;Istituto di Oceanografia e Geofisica per il monitoraggio e la sicurezza sismica","datePublished":"2022-01-27T12:33:07+00:00","mainEntityOfPage":{"@id":"https:\/\/www.bellunopress.it\/2022\/01\/27\/la-regione-rinnova-la-convenzione-con-listituto-di-oceanografia-e-geofisica-per-il-monitoraggio-e-la-sicurezza-sismica\/"},"wordCount":136,"publisher":{"@id":"https:\/\/www.bellunopress.it\/#organization"},"image":{"@id":"https:\/\/www.bellunopress.it\/2022\/01\/27\/la-regione-rinnova-la-convenzione-con-listituto-di-oceanografia-e-geofisica-per-il-monitoraggio-e-la-sicurezza-sismica\/#primaryimage"},"thumbnailUrl":"https:\/\/www.bellunopress.it\/wp-content\/uploads\/2020\/11\/regione-veneto_edited.jpg","articleSection":["Prima Pagina","Societ\u00e0, Associazioni, Istituzioni"],"inLanguage":"fr-FR"},{"@type":"WebPage","@id":"https:\/\/www.bellunopress.it\/2022\/01\/27\/la-regione-rinnova-la-convenzione-con-listituto-di-oceanografia-e-geofisica-per-il-monitoraggio-e-la-sicurezza-sismica\/","url":"https:\/\/www.bellunopress.it\/2022\/01\/27\/la-regione-rinnova-la-convenzione-con-listituto-di-oceanografia-e-geofisica-per-il-monitoraggio-e-la-sicurezza-sismica\/","name":"La Regione rinnova la convenzione con l'Istituto di Oceanografia e Geofisica per il monitoraggio e la sicurezza sismica - Bellunopress - Dolomiti","isPartOf":{"@id":"https:\/\/www.bellunopress.it\/#website"},"primaryImageOfPage":{"@id":"https:\/\/www.bellunopress.it\/2022\/01\/27\/la-regione-rinnova-la-convenzione-con-listituto-di-oceanografia-e-geofisica-per-il-monitoraggio-e-la-sicurezza-sismica\/#primaryimage"},"image":{"@id":"https:\/\/www.bellunopress.it\/2022\/01\/27\/la-regione-rinnova-la-convenzione-con-listituto-di-oceanografia-e-geofisica-per-il-monitoraggio-e-la-sicurezza-sismica\/#primaryimage"},"thumbnailUrl":"https:\/\/www.bellunopress.it\/wp-content\/uploads\/2020\/11\/regione-veneto_edited.jpg","datePublished":"2022-01-27T12:33:07+00:00","breadcrumb":{"@id":"https:\/\/www.bellunopress.it\/2022\/01\/27\/la-regione-rinnova-la-convenzione-con-listituto-di-oceanografia-e-geofisica-per-il-monitoraggio-e-la-sicurezza-sismica\/#breadcrumb"},"inLanguage":"fr-FR","potentialAction":[{"@type":"ReadAction","target":["https:\/\/www.bellunopress.it\/2022\/01\/27\/la-regione-rinnova-la-convenzione-con-listituto-di-oceanografia-e-geofisica-per-il-monitoraggio-e-la-sicurezza-sismica\/"]}]},{"@type":"ImageObject","inLanguage":"fr-FR","@id":"https:\/\/www.bellunopress.it\/2022\/01\/27\/la-regione-rinnova-la-convenzione-con-listituto-di-oceanografia-e-geofisica-per-il-monitoraggio-e-la-sicurezza-sismica\/#primaryimage","url":"https:\/\/www.bellunopress.it\/wp-content\/uploads\/2020\/11\/regione-veneto_edited.jpg","contentUrl":"https:\/\/www.bellunopress.it\/wp-content\/uploads\/2020\/11\/regione-veneto_edited.jpg","width":800,"height":474},{"@type":"BreadcrumbList","@id":"https:\/\/www.bellunopress.it\/2022\/01\/27\/la-regione-rinnova-la-convenzione-con-listituto-di-oceanografia-e-geofisica-per-il-monitoraggio-e-la-sicurezza-sismica\/#breadcrumb","itemListElement":[{"@type":"ListItem","position":1,"name":"Home","item":"https:\/\/www.bellunopress.it\/"},{"@type":"ListItem","position":2,"name":"La Regione rinnova la convenzione con l&#8217;Istituto di Oceanografia e Geofisica per il monitoraggio e la sicurezza sismica"}]},{"@type":"WebSite","@id":"https:\/\/www.bellunopress.it\/#website","url":"https:\/\/www.bellunopress.it\/","name":"Bellunopress - Dolomiti","description":"e-mail: redazione@bellunopress.it","publisher":{"@id":"https:\/\/www.bellunopress.it\/#organization"},"potentialAction":[{"@type":"SearchAction","target":{"@type":"EntryPoint","urlTemplate":"https:\/\/www.bellunopress.it\/?s={search_term_string}"},"query-input":{"@type":"PropertyValueSpecification","valueRequired":true,"valueName":"search_term_string"}}],"inLanguage":"fr-FR"},{"@type":"Organization","@id":"https:\/\/www.bellunopress.it\/#organization","name":"Bellunopress","url":"https:\/\/www.bellunopress.it\/","logo":{"@type":"ImageObject","inLanguage":"fr-FR","@id":"https:\/\/www.bellunopress.it\/#\/schema\/logo\/image\/","url":"https:\/\/www.bellunopress.it\/wp-content\/uploads\/2011\/05\/cropped-logo-bellunopress-.jpg","contentUrl":"https:\/\/www.bellunopress.it\/wp-content\/uploads\/2011\/05\/cropped-logo-bellunopress-.jpg","width":512,"height":512,"caption":"Bellunopress"},"image":{"@id":"https:\/\/www.bellunopress.it\/#\/schema\/logo\/image\/"},"sameAs":["https:\/\/www.facebook.com\/profile.php?id=100008943462799","https:\/\/x.com\/bellunopress","https:\/\/www.linkedin.com\/hp\/?dnr=JBzUWaJfMUw8vbXJJ2tVW5-I3jZKvC4wsoxE&amp;amp;amp;amp;amp;amp;trk=nav_responsive_tab_home","https:\/\/www.youtube.com\/channel\/UCxL0wu1uN0_3_7hGG0306cw"]},{"@type":"Person","@id":"https:\/\/www.bellunopress.it\/#\/schema\/person\/79bb06722b37ece1c03d3e94beb30d73","name":"r\u00e9daction","image":{"@type":"ImageObject","inLanguage":"fr-FR","@id":"https:\/\/secure.gravatar.com\/avatar\/37d968a2e67a6fd04c169c4bdef102d0bc5d31b2546345219e348575eb80e9a0?s=96&d=mm&r=g","url":"https:\/\/secure.gravatar.com\/avatar\/37d968a2e67a6fd04c169c4bdef102d0bc5d31b2546345219e348575eb80e9a0?s=96&d=mm&r=g","contentUrl":"https:\/\/secure.gravatar.com\/avatar\/37d968a2e67a6fd04c169c4bdef102d0bc5d31b2546345219e348575eb80e9a0?s=96&d=mm&r=g","caption":"redazione"},"sameAs":["http:\/\/www.bellunopress.it","https:\/\/x.com\/bellunopress"],"url":"https:\/\/www.bellunopress.it\/fr\/author\/redazione\/"}]}},"_links":{"self":[{"href":"https:\/\/www.bellunopress.it\/fr\/wp-json\/wp\/v2\/posts\/130929","targetHints":{"allow":["GET"]}}],"collection":[{"href":"https:\/\/www.bellunopress.it\/fr\/wp-json\/wp\/v2\/posts"}],"about":[{"href":"https:\/\/www.bellunopress.it\/fr\/wp-json\/wp\/v2\/types\/post"}],"author":[{"embeddable":true,"href":"https:\/\/www.bellunopress.it\/fr\/wp-json\/wp\/v2\/users\/2"}],"replies":[{"embeddable":true,"href":"https:\/\/www.bellunopress.it\/fr\/wp-json\/wp\/v2\/comments?post=130929"}],"version-history":[{"count":1,"href":"https:\/\/www.bellunopress.it\/fr\/wp-json\/wp\/v2\/posts\/130929\/revisions"}],"predecessor-version":[{"id":130930,"href":"https:\/\/www.bellunopress.it\/fr\/wp-json\/wp\/v2\/posts\/130929\/revisions\/130930"}],"wp:featuredmedia":[{"embeddable":true,"href":"https:\/\/www.bellunopress.it\/fr\/wp-json\/wp\/v2\/media\/119049"}],"wp:attachment":[{"href":"https:\/\/www.bellunopress.it\/fr\/wp-json\/wp\/v2\/media?parent=130929"}],"wp:term":[{"taxonomy":"category","embeddable":true,"href":"https:\/\/www.bellunopress.it\/fr\/wp-json\/wp\/v2\/categories?post=130929"},{"taxonomy":"post_tag","embeddable":true,"href":"https:\/\/www.bellunopress.it\/fr\/wp-json\/wp\/v2\/tags?post=130929"}],"curies":[{"name":"wp","href":"https:\/\/api.w.org\/{rel}","templated":true}]}}