{"id":130925,"date":"2022-01-27T12:52:22","date_gmt":"2022-01-27T11:52:22","guid":{"rendered":"https:\/\/www.bellunopress.it\/?p=130925"},"modified":"2022-01-27T12:53:21","modified_gmt":"2022-01-27T11:53:21","slug":"pista-da-pattinaggio-in-piazza-duomo-prolungata-lapertura-fino-al-6-marzo","status":"publish","type":"post","link":"https:\/\/www.bellunopress.it\/fr\/2022\/01\/27\/pista-da-pattinaggio-in-piazza-duomo-prolungata-lapertura-fino-al-6-marzo\/","title":{"rendered":"Belluno. Pista da pattinaggio in Piazza Duomo: prolungata l&#8217;apertura fino\u00a0al 6 marzo"},"content":{"rendered":"<p><img loading=\"lazy\" decoding=\"async\" class=\"alignleft size-medium wp-image-130926\" src=\"https:\/\/www.bellunopress.it\/wp-content\/uploads\/2022\/01\/pista-pattinaggio-piazza-duomo_edited-500x316.jpg\" alt=\"\" width=\"500\" height=\"316\" srcset=\"https:\/\/www.bellunopress.it\/wp-content\/uploads\/2022\/01\/pista-pattinaggio-piazza-duomo_edited-500x316.jpg 500w, https:\/\/www.bellunopress.it\/wp-content\/uploads\/2022\/01\/pista-pattinaggio-piazza-duomo_edited-696x439.jpg 696w, https:\/\/www.bellunopress.it\/wp-content\/uploads\/2022\/01\/pista-pattinaggio-piazza-duomo_edited-666x420.jpg 666w, https:\/\/www.bellunopress.it\/wp-content\/uploads\/2022\/01\/pista-pattinaggio-piazza-duomo_edited.jpg 1000w\" sizes=\"auto, (max-width: 500px) 100vw, 500px\" \/>Belluno, 27 gennaio 2022 &#8211; Buone notizie per gli amanti del pattinaggio su ghiaccio: visti gli ottimi risultati ottenuti in queste settimane e l&#8217;interesse ancora altissimo tra famiglie, scuole e ragazzi, la pista di Piazza Duomo rester\u00e0 in attivit\u00e0 per tutto il mese di febbraio e fino a domenica 6 marzo, coprendo cos\u00ec tutte le festivit\u00e0 di Carnevale. Gli orari di apertura resteranno invariati.<\/p>\n<p>\u00ab\u00c8 una soluzione che come Giunta abbiamo voluto portare avanti sia per dare l&#8217;opportunit\u00e0 alle scuole di far svolgere ai ragazzi attivit\u00e0 fisica in sicurezza \u2013 commenta l&#8217;assessora agli eventi Yuki d&#8217;Emilia \u2013 sia per creare occasioni di incontro tra i giovani all&#8217;aria aperta in questo difficile momento\u00bb.<\/p>\n<p>\u00abSiamo particolarmente soddisfatti di questo prolungamento, &#8211; aggiunge Simone Battiston, gestore della struttura \u2013 perch\u00e9 i numeri, soprattutto del periodo festivo e dei weekend, sono stati decisamente soddisfacenti, e inoltre continuiamo a ricevere richieste di prenotazione da parte delle scuole: nonostante i quasi due mesi di attivit\u00e0 non siamo riusciti a soddisfarle tutte, ma ora con questo mese aggiuntivo potremo sicuramente dare spazio a chi \u00e8 rimasto escluso\u00bb.<\/p>\n<p>Anche dal mondo della scuola la soddisfazione \u00e8 grande, come sottolinea il gruppo di insegnanti di scienze motorie e sportive che ha fin da subito chiesto all&#8217;amministrazione di valutare un&#8217;apertura pi\u00f9 lunga della pista: \u00abRingraziamo l&#8217;amministrazione per aver capito il valore sociale e sportivo di questa proposta, garantendo agli studenti la possibilit\u00e0 di svolgere educazione motoria all&#8217;aperto, e ringraziamo i gestori per la disponibilit\u00e0 a prolungare il loro lavoro. \u00c8 importante per noi poter contare su questa struttura all&#8217;aperto: il problema della scuola non \u00e8 solo la DAD, ma anche gli infiniti vincoli nella gestione delle palestre. Inoltre, potremo anche svolgere le \u201cGiornate dello sport\u201d che altrimenti difficilmente avrebbero potuto essere organizzate tra problemi con gli spostamenti, disinfezione dei locali e degli attrezzi, organizzazione dei trasporti ed altro\u00bb.<\/p>","protected":false},"excerpt":{"rendered":"<p>Belluno, 27 gennaio 2022 &#8211; Buone notizie per gli amanti del pattinaggio su ghiaccio: visti gli ottimi risultati ottenuti in queste settimane e l&#8217;interesse ancora altissimo tra famiglie, scuole e ragazzi, la pista di Piazza Duomo rester\u00e0 in attivit\u00e0 per tutto il mese di febbraio e fino a domenica 6 marzo, coprendo cos\u00ec tutte le [&hellip;]<\/p>\n","protected":false},"author":2,"featured_media":130926,"comment_status":"closed","ping_status":"open","sticky":false,"template":"","format":"standard","meta":{"footnotes":""},"categories":[3446,26,8,4],"tags":[],"class_list":["post-130925","post","type-post","status-publish","format-standard","has-post-thumbnail","category-featured","category-prima-pagina","category-societa-istituzioni","category-sport"],"yoast_head":"<!-- This site is optimized with the Yoast SEO plugin v28.4 - https:\/\/yoast.com\/product\/yoast-seo-wordpress\/ -->\n<title>Belluno. Pista da pattinaggio in Piazza Duomo: prolungata l&#039;apertura fino\u00a0al 6 marzo - Bellunopress - Dolomiti<\/title>\n<meta name=\"robots\" content=\"index, follow, max-snippet:-1, max-image-preview:large, max-video-preview:-1\" \/>\n<link rel=\"canonical\" href=\"https:\/\/www.bellunopress.it\/fr\/2022\/01\/27\/pista-da-pattinaggio-in-piazza-duomo-prolungata-lapertura-fino-al-6-marzo\/\" \/>\n<meta property=\"og:locale\" content=\"fr_FR\" \/>\n<meta property=\"og:type\" content=\"article\" \/>\n<meta property=\"og:title\" content=\"Belluno. Pista da pattinaggio in Piazza Duomo: prolungata l&#039;apertura fino\u00a0al 6 marzo - Bellunopress - Dolomiti\" \/>\n<meta property=\"og:description\" content=\"Belluno, 27 gennaio 2022 &#8211; Buone notizie per gli amanti del pattinaggio su ghiaccio: visti gli ottimi risultati ottenuti in queste settimane e l&#8217;interesse ancora altissimo tra famiglie, scuole e ragazzi, la pista di Piazza Duomo rester\u00e0 in attivit\u00e0 per tutto il mese di febbraio e fino a domenica 6 marzo, coprendo cos\u00ec tutte le [&hellip;]\" \/>\n<meta property=\"og:url\" content=\"https:\/\/www.bellunopress.it\/fr\/2022\/01\/27\/pista-da-pattinaggio-in-piazza-duomo-prolungata-lapertura-fino-al-6-marzo\/\" \/>\n<meta property=\"og:site_name\" content=\"Bellunopress - Dolomiti\" \/>\n<meta property=\"article:publisher\" content=\"https:\/\/www.facebook.com\/profile.php?id=100008943462799\" \/>\n<meta property=\"article:published_time\" content=\"2022-01-27T11:52:22+00:00\" \/>\n<meta property=\"article:modified_time\" content=\"2022-01-27T11:53:21+00:00\" \/>\n<meta property=\"og:image\" content=\"https:\/\/www.bellunopress.it\/wp-content\/uploads\/2022\/01\/pista-pattinaggio-piazza-duomo_edited.jpg\" \/>\n\t<meta property=\"og:image:width\" content=\"1000\" \/>\n\t<meta property=\"og:image:height\" content=\"631\" \/>\n\t<meta property=\"og:image:type\" content=\"image\/jpeg\" \/>\n<meta name=\"author\" content=\"redazione\" \/>\n<meta name=\"twitter:card\" content=\"summary_large_image\" \/>\n<meta name=\"twitter:creator\" content=\"@bellunopress\" \/>\n<meta name=\"twitter:site\" content=\"@bellunopress\" \/>\n<meta name=\"twitter:label1\" content=\"\u00c9crit par\" \/>\n\t<meta name=\"twitter:data1\" content=\"redazione\" \/>\n\t<meta name=\"twitter:label2\" content=\"Dur\u00e9e de lecture estim\u00e9e\" \/>\n\t<meta name=\"twitter:data2\" content=\"2 minutes\" \/>\n<script type=\"application\/ld+json\" class=\"yoast-schema-graph\">{\"@context\":\"https:\\\/\\\/schema.org\",\"@graph\":[{\"@type\":\"Article\",\"@id\":\"https:\\\/\\\/www.bellunopress.it\\\/2022\\\/01\\\/27\\\/pista-da-pattinaggio-in-piazza-duomo-prolungata-lapertura-fino-al-6-marzo\\\/#article\",\"isPartOf\":{\"@id\":\"https:\\\/\\\/www.bellunopress.it\\\/2022\\\/01\\\/27\\\/pista-da-pattinaggio-in-piazza-duomo-prolungata-lapertura-fino-al-6-marzo\\\/\"},\"author\":{\"name\":\"redazione\",\"@id\":\"https:\\\/\\\/www.bellunopress.it\\\/#\\\/schema\\\/person\\\/79bb06722b37ece1c03d3e94beb30d73\"},\"headline\":\"Belluno. Pista da pattinaggio in Piazza Duomo: prolungata l&#8217;apertura fino\u00a0al 6 marzo\",\"datePublished\":\"2022-01-27T11:52:22+00:00\",\"dateModified\":\"2022-01-27T11:53:21+00:00\",\"mainEntityOfPage\":{\"@id\":\"https:\\\/\\\/www.bellunopress.it\\\/2022\\\/01\\\/27\\\/pista-da-pattinaggio-in-piazza-duomo-prolungata-lapertura-fino-al-6-marzo\\\/\"},\"wordCount\":320,\"publisher\":{\"@id\":\"https:\\\/\\\/www.bellunopress.it\\\/#organization\"},\"image\":{\"@id\":\"https:\\\/\\\/www.bellunopress.it\\\/2022\\\/01\\\/27\\\/pista-da-pattinaggio-in-piazza-duomo-prolungata-lapertura-fino-al-6-marzo\\\/#primaryimage\"},\"thumbnailUrl\":\"https:\\\/\\\/www.bellunopress.it\\\/wp-content\\\/uploads\\\/2022\\\/01\\\/pista-pattinaggio-piazza-duomo_edited.jpg\",\"articleSection\":[\"Featured\",\"Prima Pagina\",\"Societ\u00e0, Associazioni, Istituzioni\",\"Sport, tempo libero\"],\"inLanguage\":\"fr-FR\"},{\"@type\":\"WebPage\",\"@id\":\"https:\\\/\\\/www.bellunopress.it\\\/2022\\\/01\\\/27\\\/pista-da-pattinaggio-in-piazza-duomo-prolungata-lapertura-fino-al-6-marzo\\\/\",\"url\":\"https:\\\/\\\/www.bellunopress.it\\\/2022\\\/01\\\/27\\\/pista-da-pattinaggio-in-piazza-duomo-prolungata-lapertura-fino-al-6-marzo\\\/\",\"name\":\"Belluno. Pista da pattinaggio in Piazza Duomo: prolungata l'apertura fino\u00a0al 6 marzo - Bellunopress - Dolomiti\",\"isPartOf\":{\"@id\":\"https:\\\/\\\/www.bellunopress.it\\\/#website\"},\"primaryImageOfPage\":{\"@id\":\"https:\\\/\\\/www.bellunopress.it\\\/2022\\\/01\\\/27\\\/pista-da-pattinaggio-in-piazza-duomo-prolungata-lapertura-fino-al-6-marzo\\\/#primaryimage\"},\"image\":{\"@id\":\"https:\\\/\\\/www.bellunopress.it\\\/2022\\\/01\\\/27\\\/pista-da-pattinaggio-in-piazza-duomo-prolungata-lapertura-fino-al-6-marzo\\\/#primaryimage\"},\"thumbnailUrl\":\"https:\\\/\\\/www.bellunopress.it\\\/wp-content\\\/uploads\\\/2022\\\/01\\\/pista-pattinaggio-piazza-duomo_edited.jpg\",\"datePublished\":\"2022-01-27T11:52:22+00:00\",\"dateModified\":\"2022-01-27T11:53:21+00:00\",\"breadcrumb\":{\"@id\":\"https:\\\/\\\/www.bellunopress.it\\\/2022\\\/01\\\/27\\\/pista-da-pattinaggio-in-piazza-duomo-prolungata-lapertura-fino-al-6-marzo\\\/#breadcrumb\"},\"inLanguage\":\"fr-FR\",\"potentialAction\":[{\"@type\":\"ReadAction\",\"target\":[\"https:\\\/\\\/www.bellunopress.it\\\/2022\\\/01\\\/27\\\/pista-da-pattinaggio-in-piazza-duomo-prolungata-lapertura-fino-al-6-marzo\\\/\"]}]},{\"@type\":\"ImageObject\",\"inLanguage\":\"fr-FR\",\"@id\":\"https:\\\/\\\/www.bellunopress.it\\\/2022\\\/01\\\/27\\\/pista-da-pattinaggio-in-piazza-duomo-prolungata-lapertura-fino-al-6-marzo\\\/#primaryimage\",\"url\":\"https:\\\/\\\/www.bellunopress.it\\\/wp-content\\\/uploads\\\/2022\\\/01\\\/pista-pattinaggio-piazza-duomo_edited.jpg\",\"contentUrl\":\"https:\\\/\\\/www.bellunopress.it\\\/wp-content\\\/uploads\\\/2022\\\/01\\\/pista-pattinaggio-piazza-duomo_edited.jpg\",\"width\":1000,\"height\":631},{\"@type\":\"BreadcrumbList\",\"@id\":\"https:\\\/\\\/www.bellunopress.it\\\/2022\\\/01\\\/27\\\/pista-da-pattinaggio-in-piazza-duomo-prolungata-lapertura-fino-al-6-marzo\\\/#breadcrumb\",\"itemListElement\":[{\"@type\":\"ListItem\",\"position\":1,\"name\":\"Home\",\"item\":\"https:\\\/\\\/www.bellunopress.it\\\/\"},{\"@type\":\"ListItem\",\"position\":2,\"name\":\"Belluno. Pista da pattinaggio in Piazza Duomo: prolungata l&#8217;apertura fino\u00a0al 6 marzo\"}]},{\"@type\":\"WebSite\",\"@id\":\"https:\\\/\\\/www.bellunopress.it\\\/#website\",\"url\":\"https:\\\/\\\/www.bellunopress.it\\\/\",\"name\":\"Bellunopress - Dolomiti\",\"description\":\"e-mail: redazione@bellunopress.it\",\"publisher\":{\"@id\":\"https:\\\/\\\/www.bellunopress.it\\\/#organization\"},\"potentialAction\":[{\"@type\":\"SearchAction\",\"target\":{\"@type\":\"EntryPoint\",\"urlTemplate\":\"https:\\\/\\\/www.bellunopress.it\\\/?s={search_term_string}\"},\"query-input\":{\"@type\":\"PropertyValueSpecification\",\"valueRequired\":true,\"valueName\":\"search_term_string\"}}],\"inLanguage\":\"fr-FR\"},{\"@type\":\"Organization\",\"@id\":\"https:\\\/\\\/www.bellunopress.it\\\/#organization\",\"name\":\"Bellunopress\",\"url\":\"https:\\\/\\\/www.bellunopress.it\\\/\",\"logo\":{\"@type\":\"ImageObject\",\"inLanguage\":\"fr-FR\",\"@id\":\"https:\\\/\\\/www.bellunopress.it\\\/#\\\/schema\\\/logo\\\/image\\\/\",\"url\":\"https:\\\/\\\/www.bellunopress.it\\\/wp-content\\\/uploads\\\/2011\\\/05\\\/cropped-logo-bellunopress-.jpg\",\"contentUrl\":\"https:\\\/\\\/www.bellunopress.it\\\/wp-content\\\/uploads\\\/2011\\\/05\\\/cropped-logo-bellunopress-.jpg\",\"width\":512,\"height\":512,\"caption\":\"Bellunopress\"},\"image\":{\"@id\":\"https:\\\/\\\/www.bellunopress.it\\\/#\\\/schema\\\/logo\\\/image\\\/\"},\"sameAs\":[\"https:\\\/\\\/www.facebook.com\\\/profile.php?id=100008943462799\",\"https:\\\/\\\/x.com\\\/bellunopress\",\"https:\\\/\\\/www.linkedin.com\\\/hp\\\/?dnr=JBzUWaJfMUw8vbXJJ2tVW5-I3jZKvC4wsoxE&amp;amp;amp;amp;amp;amp;trk=nav_responsive_tab_home\",\"https:\\\/\\\/www.youtube.com\\\/channel\\\/UCxL0wu1uN0_3_7hGG0306cw\"]},{\"@type\":\"Person\",\"@id\":\"https:\\\/\\\/www.bellunopress.it\\\/#\\\/schema\\\/person\\\/79bb06722b37ece1c03d3e94beb30d73\",\"name\":\"redazione\",\"image\":{\"@type\":\"ImageObject\",\"inLanguage\":\"fr-FR\",\"@id\":\"https:\\\/\\\/secure.gravatar.com\\\/avatar\\\/37d968a2e67a6fd04c169c4bdef102d0bc5d31b2546345219e348575eb80e9a0?s=96&d=mm&r=g\",\"url\":\"https:\\\/\\\/secure.gravatar.com\\\/avatar\\\/37d968a2e67a6fd04c169c4bdef102d0bc5d31b2546345219e348575eb80e9a0?s=96&d=mm&r=g\",\"contentUrl\":\"https:\\\/\\\/secure.gravatar.com\\\/avatar\\\/37d968a2e67a6fd04c169c4bdef102d0bc5d31b2546345219e348575eb80e9a0?s=96&d=mm&r=g\",\"caption\":\"redazione\"},\"sameAs\":[\"http:\\\/\\\/www.bellunopress.it\",\"https:\\\/\\\/x.com\\\/bellunopress\"],\"url\":\"https:\\\/\\\/www.bellunopress.it\\\/fr\\\/author\\\/redazione\\\/\"}]}<\/script>\n<!-- \/ Yoast SEO plugin. -->","yoast_head_json":{"title":"Belluno. Pista da pattinaggio in Piazza Duomo: prolungata l'apertura fino\u00a0al 6 marzo - Bellunopress - Dolomiti","robots":{"index":"index","follow":"follow","max-snippet":"max-snippet:-1","max-image-preview":"max-image-preview:large","max-video-preview":"max-video-preview:-1"},"canonical":"https:\/\/www.bellunopress.it\/fr\/2022\/01\/27\/pista-da-pattinaggio-in-piazza-duomo-prolungata-lapertura-fino-al-6-marzo\/","og_locale":"fr_FR","og_type":"article","og_title":"Belluno. Pista da pattinaggio in Piazza Duomo: prolungata l'apertura fino\u00a0al 6 marzo - Bellunopress - Dolomiti","og_description":"Belluno, 27 gennaio 2022 &#8211; Buone notizie per gli amanti del pattinaggio su ghiaccio: visti gli ottimi risultati ottenuti in queste settimane e l&#8217;interesse ancora altissimo tra famiglie, scuole e ragazzi, la pista di Piazza Duomo rester\u00e0 in attivit\u00e0 per tutto il mese di febbraio e fino a domenica 6 marzo, coprendo cos\u00ec tutte le [&hellip;]","og_url":"https:\/\/www.bellunopress.it\/fr\/2022\/01\/27\/pista-da-pattinaggio-in-piazza-duomo-prolungata-lapertura-fino-al-6-marzo\/","og_site_name":"Bellunopress - Dolomiti","article_publisher":"https:\/\/www.facebook.com\/profile.php?id=100008943462799","article_published_time":"2022-01-27T11:52:22+00:00","article_modified_time":"2022-01-27T11:53:21+00:00","og_image":[{"width":1000,"height":631,"url":"https:\/\/www.bellunopress.it\/wp-content\/uploads\/2022\/01\/pista-pattinaggio-piazza-duomo_edited.jpg","type":"image\/jpeg"}],"author":"redazione","twitter_card":"summary_large_image","twitter_creator":"@bellunopress","twitter_site":"@bellunopress","twitter_misc":{"\u00c9crit par":"redazione","Dur\u00e9e de lecture estim\u00e9e":"2 minutes"},"schema":{"@context":"https:\/\/schema.org","@graph":[{"@type":"Article","@id":"https:\/\/www.bellunopress.it\/2022\/01\/27\/pista-da-pattinaggio-in-piazza-duomo-prolungata-lapertura-fino-al-6-marzo\/#article","isPartOf":{"@id":"https:\/\/www.bellunopress.it\/2022\/01\/27\/pista-da-pattinaggio-in-piazza-duomo-prolungata-lapertura-fino-al-6-marzo\/"},"author":{"name":"redazione","@id":"https:\/\/www.bellunopress.it\/#\/schema\/person\/79bb06722b37ece1c03d3e94beb30d73"},"headline":"Belluno. Pista da pattinaggio in Piazza Duomo: prolungata l&#8217;apertura fino\u00a0al 6 marzo","datePublished":"2022-01-27T11:52:22+00:00","dateModified":"2022-01-27T11:53:21+00:00","mainEntityOfPage":{"@id":"https:\/\/www.bellunopress.it\/2022\/01\/27\/pista-da-pattinaggio-in-piazza-duomo-prolungata-lapertura-fino-al-6-marzo\/"},"wordCount":320,"publisher":{"@id":"https:\/\/www.bellunopress.it\/#organization"},"image":{"@id":"https:\/\/www.bellunopress.it\/2022\/01\/27\/pista-da-pattinaggio-in-piazza-duomo-prolungata-lapertura-fino-al-6-marzo\/#primaryimage"},"thumbnailUrl":"https:\/\/www.bellunopress.it\/wp-content\/uploads\/2022\/01\/pista-pattinaggio-piazza-duomo_edited.jpg","articleSection":["Featured","Prima Pagina","Societ\u00e0, Associazioni, Istituzioni","Sport, tempo libero"],"inLanguage":"fr-FR"},{"@type":"WebPage","@id":"https:\/\/www.bellunopress.it\/2022\/01\/27\/pista-da-pattinaggio-in-piazza-duomo-prolungata-lapertura-fino-al-6-marzo\/","url":"https:\/\/www.bellunopress.it\/2022\/01\/27\/pista-da-pattinaggio-in-piazza-duomo-prolungata-lapertura-fino-al-6-marzo\/","name":"Belluno. Pista da pattinaggio in Piazza Duomo: prolungata l'apertura fino\u00a0al 6 marzo - Bellunopress - Dolomiti","isPartOf":{"@id":"https:\/\/www.bellunopress.it\/#website"},"primaryImageOfPage":{"@id":"https:\/\/www.bellunopress.it\/2022\/01\/27\/pista-da-pattinaggio-in-piazza-duomo-prolungata-lapertura-fino-al-6-marzo\/#primaryimage"},"image":{"@id":"https:\/\/www.bellunopress.it\/2022\/01\/27\/pista-da-pattinaggio-in-piazza-duomo-prolungata-lapertura-fino-al-6-marzo\/#primaryimage"},"thumbnailUrl":"https:\/\/www.bellunopress.it\/wp-content\/uploads\/2022\/01\/pista-pattinaggio-piazza-duomo_edited.jpg","datePublished":"2022-01-27T11:52:22+00:00","dateModified":"2022-01-27T11:53:21+00:00","breadcrumb":{"@id":"https:\/\/www.bellunopress.it\/2022\/01\/27\/pista-da-pattinaggio-in-piazza-duomo-prolungata-lapertura-fino-al-6-marzo\/#breadcrumb"},"inLanguage":"fr-FR","potentialAction":[{"@type":"ReadAction","target":["https:\/\/www.bellunopress.it\/2022\/01\/27\/pista-da-pattinaggio-in-piazza-duomo-prolungata-lapertura-fino-al-6-marzo\/"]}]},{"@type":"ImageObject","inLanguage":"fr-FR","@id":"https:\/\/www.bellunopress.it\/2022\/01\/27\/pista-da-pattinaggio-in-piazza-duomo-prolungata-lapertura-fino-al-6-marzo\/#primaryimage","url":"https:\/\/www.bellunopress.it\/wp-content\/uploads\/2022\/01\/pista-pattinaggio-piazza-duomo_edited.jpg","contentUrl":"https:\/\/www.bellunopress.it\/wp-content\/uploads\/2022\/01\/pista-pattinaggio-piazza-duomo_edited.jpg","width":1000,"height":631},{"@type":"BreadcrumbList","@id":"https:\/\/www.bellunopress.it\/2022\/01\/27\/pista-da-pattinaggio-in-piazza-duomo-prolungata-lapertura-fino-al-6-marzo\/#breadcrumb","itemListElement":[{"@type":"ListItem","position":1,"name":"Home","item":"https:\/\/www.bellunopress.it\/"},{"@type":"ListItem","position":2,"name":"Belluno. Pista da pattinaggio in Piazza Duomo: prolungata l&#8217;apertura fino\u00a0al 6 marzo"}]},{"@type":"WebSite","@id":"https:\/\/www.bellunopress.it\/#website","url":"https:\/\/www.bellunopress.it\/","name":"Bellunopress - Dolomiti","description":"e-mail: redazione@bellunopress.it","publisher":{"@id":"https:\/\/www.bellunopress.it\/#organization"},"potentialAction":[{"@type":"SearchAction","target":{"@type":"EntryPoint","urlTemplate":"https:\/\/www.bellunopress.it\/?s={search_term_string}"},"query-input":{"@type":"PropertyValueSpecification","valueRequired":true,"valueName":"search_term_string"}}],"inLanguage":"fr-FR"},{"@type":"Organization","@id":"https:\/\/www.bellunopress.it\/#organization","name":"Bellunopress","url":"https:\/\/www.bellunopress.it\/","logo":{"@type":"ImageObject","inLanguage":"fr-FR","@id":"https:\/\/www.bellunopress.it\/#\/schema\/logo\/image\/","url":"https:\/\/www.bellunopress.it\/wp-content\/uploads\/2011\/05\/cropped-logo-bellunopress-.jpg","contentUrl":"https:\/\/www.bellunopress.it\/wp-content\/uploads\/2011\/05\/cropped-logo-bellunopress-.jpg","width":512,"height":512,"caption":"Bellunopress"},"image":{"@id":"https:\/\/www.bellunopress.it\/#\/schema\/logo\/image\/"},"sameAs":["https:\/\/www.facebook.com\/profile.php?id=100008943462799","https:\/\/x.com\/bellunopress","https:\/\/www.linkedin.com\/hp\/?dnr=JBzUWaJfMUw8vbXJJ2tVW5-I3jZKvC4wsoxE&amp;amp;amp;amp;amp;amp;trk=nav_responsive_tab_home","https:\/\/www.youtube.com\/channel\/UCxL0wu1uN0_3_7hGG0306cw"]},{"@type":"Person","@id":"https:\/\/www.bellunopress.it\/#\/schema\/person\/79bb06722b37ece1c03d3e94beb30d73","name":"r\u00e9daction","image":{"@type":"ImageObject","inLanguage":"fr-FR","@id":"https:\/\/secure.gravatar.com\/avatar\/37d968a2e67a6fd04c169c4bdef102d0bc5d31b2546345219e348575eb80e9a0?s=96&d=mm&r=g","url":"https:\/\/secure.gravatar.com\/avatar\/37d968a2e67a6fd04c169c4bdef102d0bc5d31b2546345219e348575eb80e9a0?s=96&d=mm&r=g","contentUrl":"https:\/\/secure.gravatar.com\/avatar\/37d968a2e67a6fd04c169c4bdef102d0bc5d31b2546345219e348575eb80e9a0?s=96&d=mm&r=g","caption":"redazione"},"sameAs":["http:\/\/www.bellunopress.it","https:\/\/x.com\/bellunopress"],"url":"https:\/\/www.bellunopress.it\/fr\/author\/redazione\/"}]}},"_links":{"self":[{"href":"https:\/\/www.bellunopress.it\/fr\/wp-json\/wp\/v2\/posts\/130925","targetHints":{"allow":["GET"]}}],"collection":[{"href":"https:\/\/www.bellunopress.it\/fr\/wp-json\/wp\/v2\/posts"}],"about":[{"href":"https:\/\/www.bellunopress.it\/fr\/wp-json\/wp\/v2\/types\/post"}],"author":[{"embeddable":true,"href":"https:\/\/www.bellunopress.it\/fr\/wp-json\/wp\/v2\/users\/2"}],"replies":[{"embeddable":true,"href":"https:\/\/www.bellunopress.it\/fr\/wp-json\/wp\/v2\/comments?post=130925"}],"version-history":[{"count":2,"href":"https:\/\/www.bellunopress.it\/fr\/wp-json\/wp\/v2\/posts\/130925\/revisions"}],"predecessor-version":[{"id":130928,"href":"https:\/\/www.bellunopress.it\/fr\/wp-json\/wp\/v2\/posts\/130925\/revisions\/130928"}],"wp:featuredmedia":[{"embeddable":true,"href":"https:\/\/www.bellunopress.it\/fr\/wp-json\/wp\/v2\/media\/130926"}],"wp:attachment":[{"href":"https:\/\/www.bellunopress.it\/fr\/wp-json\/wp\/v2\/media?parent=130925"}],"wp:term":[{"taxonomy":"category","embeddable":true,"href":"https:\/\/www.bellunopress.it\/fr\/wp-json\/wp\/v2\/categories?post=130925"},{"taxonomy":"post_tag","embeddable":true,"href":"https:\/\/www.bellunopress.it\/fr\/wp-json\/wp\/v2\/tags?post=130925"}],"curies":[{"name":"wp","href":"https:\/\/api.w.org\/{rel}","templated":true}]}}