{"id":13089,"date":"2010-03-02T12:58:51","date_gmt":"2010-03-02T11:58:51","guid":{"rendered":"http:\/\/www.bellunopress.it\/?p=13089"},"modified":"2010-03-02T13:01:26","modified_gmt":"2010-03-02T12:01:26","slug":"lintervento-dei-giovani-democratici-recatisi-in-visita-al-parlamento-europeo-a-bruxelles","status":"publish","type":"post","link":"https:\/\/www.bellunopress.it\/fr\/2010\/03\/02\/lintervento-dei-giovani-democratici-recatisi-in-visita-al-parlamento-europeo-a-bruxelles\/","title":{"rendered":"L&#8217;intervento dei Giovani Democratici recatisi in visita al parlamento europeo a Bruxelles"},"content":{"rendered":"<p><a href=\"http:\/\/www.bellunopress.it\/wp-content\/uploads\/2010\/03\/gd-bruxelles-leggera.jpg\"><img loading=\"lazy\" decoding=\"async\" class=\"alignleft size-medium wp-image-13091\" title=\"gd-bruxelles-leggera\" src=\"http:\/\/www.bellunopress.it\/wp-content\/uploads\/2010\/03\/gd-bruxelles-leggera.jpg\" alt=\"\" width=\"270\" height=\"203\" \/><\/a>&#8220;L\u2019Europa come speranza, la fratellanza tra i popoli come obiettivo, il desiderio di crescere come stimolo: con queste premesse noi, Giovani Democratici della provincia di Belluno, ci siamo recati in visita al Parlamento europeo di Bruxelles. Grazie all\u2019impegno dell\u2019Onorevole Debora Serracchiani e del Partito Democratico del Veneto, una nostra delegazione ha avuto la straordinaria possibilit\u00e0 di conoscere da vicino l\u2019Unione Europea. Il viaggio, finanziato in parte dalla stessa istituzione comunitaria, ci ha arricchito moltissimo. Abbiamo avuto l\u2019opportunit\u00e0 di conoscere giovani provenienti da tutte le altre province del Veneto con cui ci siamo confrontati ritrovando in loro le nostre stesse speranze e il nostro stesso entusiasmo. Abbiamo convissuto in una realt\u00e0 cosmopolita e stimolante, nella quale le provenienze etniche e culturali si fondono e l\u2019idea di Europa diventa qualcosa di veramente concreto e tangibile. Abbiamo toccato con mano, grazie anche al contributo di Debora, l\u2019utilit\u00e0 e le grandi potenzialit\u00e0 di una Comunit\u00e0 che spesso sottovalutiamo o sentiamo lontana. Abbiamo avuto la possibilit\u00e0 di confrontarci con realt\u00e0 differenti dalle nostre e siamo rimasti impressionati dalla volont\u00e0 di costruire qualcosa di comune, nonostante le peculiarit\u00e0 territoriali. La cosa pi\u00f9 interessante \u00e8 stata appunto questa: i ragazzi che scelgono la politica come strumento per formarsi e per plasmare la societ\u00e0, diventano una ricchezza per tutti. La speranza \u00e8 che i giovani crescano senza preoccuparsi delle macchinazioni che si celano dietro un sistema apparentemente intricato come quello della politica, e lottino insieme per raggiungere degli obiettivi comuni, per poi riformare tale sistema diventando i fondatori di qualcosa di nuovo: una nuova politica, una nuova societ\u00e0. Questo viaggio ci ha permesso di considerare l\u2019Europa come uno spunto di riflessione importante per il nostro futuro. Ha contribuito ad allargare i nostri orizzonti di pensiero, rafforzando al tempo stesso la consapevolezza che lottare per le proprie rivendicazioni territoriali \u00e8 giusto e necessario. Infatti, quando un collettivo \u00e8 forte e coeso, la dimensione individuale viene valorizzata di pi\u00f9, arricchendo cos\u00ec ogni singola componente del gruppo. Noi giovani Bellunesi ci siamo trovati a nostro agio in Europa e abbiamo accresciuto la consapevolezza che aprirsi al mondo \u00e8 l\u2019unica opportunit\u00e0 per sviluppare appieno le nostre potenzialit\u00e0 personali e quelle della nostra provincia e dei suoi abitanti&#8221;.<\/p>","protected":false},"excerpt":{"rendered":"<p>&#8220;L\u2019Europa come speranza, la fratellanza tra i popoli come obiettivo, il desiderio di crescere come stimolo: con queste premesse noi, Giovani Democratici della provincia di Belluno, ci siamo recati in visita al Parlamento europeo di Bruxelles. Grazie all\u2019impegno dell\u2019Onorevole Debora Serracchiani e del Partito Democratico del Veneto, una nostra delegazione ha avuto la straordinaria possibilit\u00e0 [&hellip;]<\/p>\n","protected":false},"author":2,"featured_media":0,"comment_status":"closed","ping_status":"open","sticky":false,"template":"","format":"standard","meta":{"footnotes":""},"categories":[5,26],"tags":[139],"class_list":["post-13089","post","type-post","status-publish","format-standard","category-cronaca","category-prima-pagina","tag-belluno"],"yoast_head":"<!-- This site is optimized with the Yoast SEO plugin v28.4 - https:\/\/yoast.com\/product\/yoast-seo-wordpress\/ -->\n<title>L&#039;intervento dei Giovani Democratici recatisi in visita al parlamento europeo a Bruxelles - Bellunopress - Dolomiti<\/title>\n<meta name=\"robots\" content=\"index, follow, max-snippet:-1, max-image-preview:large, max-video-preview:-1\" \/>\n<link rel=\"canonical\" href=\"https:\/\/www.bellunopress.it\/fr\/2010\/03\/02\/lintervento-dei-giovani-democratici-recatisi-in-visita-al-parlamento-europeo-a-bruxelles\/\" \/>\n<meta property=\"og:locale\" content=\"fr_FR\" \/>\n<meta property=\"og:type\" content=\"article\" \/>\n<meta property=\"og:title\" content=\"L&#039;intervento dei Giovani Democratici recatisi in visita al parlamento europeo a Bruxelles - Bellunopress - Dolomiti\" \/>\n<meta property=\"og:description\" content=\"&#8220;L\u2019Europa come speranza, la fratellanza tra i popoli come obiettivo, il desiderio di crescere come stimolo: con queste premesse noi, Giovani Democratici della provincia di Belluno, ci siamo recati in visita al Parlamento europeo di Bruxelles. Grazie all\u2019impegno dell\u2019Onorevole Debora Serracchiani e del Partito Democratico del Veneto, una nostra delegazione ha avuto la straordinaria possibilit\u00e0 [&hellip;]\" \/>\n<meta property=\"og:url\" content=\"https:\/\/www.bellunopress.it\/fr\/2010\/03\/02\/lintervento-dei-giovani-democratici-recatisi-in-visita-al-parlamento-europeo-a-bruxelles\/\" \/>\n<meta property=\"og:site_name\" content=\"Bellunopress - Dolomiti\" \/>\n<meta property=\"article:publisher\" content=\"https:\/\/www.facebook.com\/profile.php?id=100008943462799\" \/>\n<meta property=\"article:published_time\" content=\"2010-03-02T11:58:51+00:00\" \/>\n<meta property=\"article:modified_time\" content=\"2010-03-02T12:01:26+00:00\" \/>\n<meta property=\"og:image\" content=\"http:\/\/www.bellunopress.it\/wp-content\/uploads\/2010\/03\/gd-bruxelles-leggera.jpg\" \/>\n<meta name=\"author\" content=\"redazione\" \/>\n<meta name=\"twitter:card\" content=\"summary_large_image\" \/>\n<meta name=\"twitter:creator\" content=\"@bellunopress\" \/>\n<meta name=\"twitter:site\" content=\"@bellunopress\" \/>\n<meta name=\"twitter:label1\" content=\"\u00c9crit par\" \/>\n\t<meta name=\"twitter:data1\" content=\"redazione\" \/>\n\t<meta name=\"twitter:label2\" content=\"Dur\u00e9e de lecture estim\u00e9e\" \/>\n\t<meta name=\"twitter:data2\" content=\"2 minutes\" \/>\n<script type=\"application\/ld+json\" class=\"yoast-schema-graph\">{\"@context\":\"https:\\\/\\\/schema.org\",\"@graph\":[{\"@type\":\"Article\",\"@id\":\"https:\\\/\\\/www.bellunopress.it\\\/2010\\\/03\\\/02\\\/lintervento-dei-giovani-democratici-recatisi-in-visita-al-parlamento-europeo-a-bruxelles\\\/#article\",\"isPartOf\":{\"@id\":\"https:\\\/\\\/www.bellunopress.it\\\/2010\\\/03\\\/02\\\/lintervento-dei-giovani-democratici-recatisi-in-visita-al-parlamento-europeo-a-bruxelles\\\/\"},\"author\":{\"name\":\"redazione\",\"@id\":\"https:\\\/\\\/www.bellunopress.it\\\/#\\\/schema\\\/person\\\/79bb06722b37ece1c03d3e94beb30d73\"},\"headline\":\"L&#8217;intervento dei Giovani Democratici recatisi in visita al parlamento europeo a Bruxelles\",\"datePublished\":\"2010-03-02T11:58:51+00:00\",\"dateModified\":\"2010-03-02T12:01:26+00:00\",\"mainEntityOfPage\":{\"@id\":\"https:\\\/\\\/www.bellunopress.it\\\/2010\\\/03\\\/02\\\/lintervento-dei-giovani-democratici-recatisi-in-visita-al-parlamento-europeo-a-bruxelles\\\/\"},\"wordCount\":382,\"publisher\":{\"@id\":\"https:\\\/\\\/www.bellunopress.it\\\/#organization\"},\"image\":{\"@id\":\"https:\\\/\\\/www.bellunopress.it\\\/2010\\\/03\\\/02\\\/lintervento-dei-giovani-democratici-recatisi-in-visita-al-parlamento-europeo-a-bruxelles\\\/#primaryimage\"},\"thumbnailUrl\":\"http:\\\/\\\/www.bellunopress.it\\\/wp-content\\\/uploads\\\/2010\\\/03\\\/gd-bruxelles-leggera.jpg\",\"keywords\":[\"Belluno\"],\"articleSection\":[\"Cronaca\\\/Politica\",\"Prima Pagina\"],\"inLanguage\":\"fr-FR\"},{\"@type\":\"WebPage\",\"@id\":\"https:\\\/\\\/www.bellunopress.it\\\/2010\\\/03\\\/02\\\/lintervento-dei-giovani-democratici-recatisi-in-visita-al-parlamento-europeo-a-bruxelles\\\/\",\"url\":\"https:\\\/\\\/www.bellunopress.it\\\/2010\\\/03\\\/02\\\/lintervento-dei-giovani-democratici-recatisi-in-visita-al-parlamento-europeo-a-bruxelles\\\/\",\"name\":\"L'intervento dei Giovani Democratici recatisi in visita al parlamento europeo a Bruxelles - Bellunopress - Dolomiti\",\"isPartOf\":{\"@id\":\"https:\\\/\\\/www.bellunopress.it\\\/#website\"},\"primaryImageOfPage\":{\"@id\":\"https:\\\/\\\/www.bellunopress.it\\\/2010\\\/03\\\/02\\\/lintervento-dei-giovani-democratici-recatisi-in-visita-al-parlamento-europeo-a-bruxelles\\\/#primaryimage\"},\"image\":{\"@id\":\"https:\\\/\\\/www.bellunopress.it\\\/2010\\\/03\\\/02\\\/lintervento-dei-giovani-democratici-recatisi-in-visita-al-parlamento-europeo-a-bruxelles\\\/#primaryimage\"},\"thumbnailUrl\":\"http:\\\/\\\/www.bellunopress.it\\\/wp-content\\\/uploads\\\/2010\\\/03\\\/gd-bruxelles-leggera.jpg\",\"datePublished\":\"2010-03-02T11:58:51+00:00\",\"dateModified\":\"2010-03-02T12:01:26+00:00\",\"breadcrumb\":{\"@id\":\"https:\\\/\\\/www.bellunopress.it\\\/2010\\\/03\\\/02\\\/lintervento-dei-giovani-democratici-recatisi-in-visita-al-parlamento-europeo-a-bruxelles\\\/#breadcrumb\"},\"inLanguage\":\"fr-FR\",\"potentialAction\":[{\"@type\":\"ReadAction\",\"target\":[\"https:\\\/\\\/www.bellunopress.it\\\/2010\\\/03\\\/02\\\/lintervento-dei-giovani-democratici-recatisi-in-visita-al-parlamento-europeo-a-bruxelles\\\/\"]}]},{\"@type\":\"ImageObject\",\"inLanguage\":\"fr-FR\",\"@id\":\"https:\\\/\\\/www.bellunopress.it\\\/2010\\\/03\\\/02\\\/lintervento-dei-giovani-democratici-recatisi-in-visita-al-parlamento-europeo-a-bruxelles\\\/#primaryimage\",\"url\":\"http:\\\/\\\/www.bellunopress.it\\\/wp-content\\\/uploads\\\/2010\\\/03\\\/gd-bruxelles-leggera.jpg\",\"contentUrl\":\"http:\\\/\\\/www.bellunopress.it\\\/wp-content\\\/uploads\\\/2010\\\/03\\\/gd-bruxelles-leggera.jpg\"},{\"@type\":\"BreadcrumbList\",\"@id\":\"https:\\\/\\\/www.bellunopress.it\\\/2010\\\/03\\\/02\\\/lintervento-dei-giovani-democratici-recatisi-in-visita-al-parlamento-europeo-a-bruxelles\\\/#breadcrumb\",\"itemListElement\":[{\"@type\":\"ListItem\",\"position\":1,\"name\":\"Home\",\"item\":\"https:\\\/\\\/www.bellunopress.it\\\/\"},{\"@type\":\"ListItem\",\"position\":2,\"name\":\"L&#8217;intervento dei Giovani Democratici recatisi in visita al parlamento europeo a Bruxelles\"}]},{\"@type\":\"WebSite\",\"@id\":\"https:\\\/\\\/www.bellunopress.it\\\/#website\",\"url\":\"https:\\\/\\\/www.bellunopress.it\\\/\",\"name\":\"Bellunopress - Dolomiti\",\"description\":\"e-mail: redazione@bellunopress.it\",\"publisher\":{\"@id\":\"https:\\\/\\\/www.bellunopress.it\\\/#organization\"},\"potentialAction\":[{\"@type\":\"SearchAction\",\"target\":{\"@type\":\"EntryPoint\",\"urlTemplate\":\"https:\\\/\\\/www.bellunopress.it\\\/?s={search_term_string}\"},\"query-input\":{\"@type\":\"PropertyValueSpecification\",\"valueRequired\":true,\"valueName\":\"search_term_string\"}}],\"inLanguage\":\"fr-FR\"},{\"@type\":\"Organization\",\"@id\":\"https:\\\/\\\/www.bellunopress.it\\\/#organization\",\"name\":\"Bellunopress\",\"url\":\"https:\\\/\\\/www.bellunopress.it\\\/\",\"logo\":{\"@type\":\"ImageObject\",\"inLanguage\":\"fr-FR\",\"@id\":\"https:\\\/\\\/www.bellunopress.it\\\/#\\\/schema\\\/logo\\\/image\\\/\",\"url\":\"https:\\\/\\\/www.bellunopress.it\\\/wp-content\\\/uploads\\\/2011\\\/05\\\/cropped-logo-bellunopress-.jpg\",\"contentUrl\":\"https:\\\/\\\/www.bellunopress.it\\\/wp-content\\\/uploads\\\/2011\\\/05\\\/cropped-logo-bellunopress-.jpg\",\"width\":512,\"height\":512,\"caption\":\"Bellunopress\"},\"image\":{\"@id\":\"https:\\\/\\\/www.bellunopress.it\\\/#\\\/schema\\\/logo\\\/image\\\/\"},\"sameAs\":[\"https:\\\/\\\/www.facebook.com\\\/profile.php?id=100008943462799\",\"https:\\\/\\\/x.com\\\/bellunopress\",\"https:\\\/\\\/www.linkedin.com\\\/hp\\\/?dnr=JBzUWaJfMUw8vbXJJ2tVW5-I3jZKvC4wsoxE&amp;amp;amp;amp;amp;amp;trk=nav_responsive_tab_home\",\"https:\\\/\\\/www.youtube.com\\\/channel\\\/UCxL0wu1uN0_3_7hGG0306cw\"]},{\"@type\":\"Person\",\"@id\":\"https:\\\/\\\/www.bellunopress.it\\\/#\\\/schema\\\/person\\\/79bb06722b37ece1c03d3e94beb30d73\",\"name\":\"redazione\",\"image\":{\"@type\":\"ImageObject\",\"inLanguage\":\"fr-FR\",\"@id\":\"https:\\\/\\\/secure.gravatar.com\\\/avatar\\\/37d968a2e67a6fd04c169c4bdef102d0bc5d31b2546345219e348575eb80e9a0?s=96&d=mm&r=g\",\"url\":\"https:\\\/\\\/secure.gravatar.com\\\/avatar\\\/37d968a2e67a6fd04c169c4bdef102d0bc5d31b2546345219e348575eb80e9a0?s=96&d=mm&r=g\",\"contentUrl\":\"https:\\\/\\\/secure.gravatar.com\\\/avatar\\\/37d968a2e67a6fd04c169c4bdef102d0bc5d31b2546345219e348575eb80e9a0?s=96&d=mm&r=g\",\"caption\":\"redazione\"},\"sameAs\":[\"http:\\\/\\\/www.bellunopress.it\",\"https:\\\/\\\/x.com\\\/bellunopress\"],\"url\":\"https:\\\/\\\/www.bellunopress.it\\\/fr\\\/author\\\/redazione\\\/\"}]}<\/script>\n<!-- \/ Yoast SEO plugin. -->","yoast_head_json":{"title":"L'intervento dei Giovani Democratici recatisi in visita al parlamento europeo a Bruxelles - Bellunopress - Dolomiti","robots":{"index":"index","follow":"follow","max-snippet":"max-snippet:-1","max-image-preview":"max-image-preview:large","max-video-preview":"max-video-preview:-1"},"canonical":"https:\/\/www.bellunopress.it\/fr\/2010\/03\/02\/lintervento-dei-giovani-democratici-recatisi-in-visita-al-parlamento-europeo-a-bruxelles\/","og_locale":"fr_FR","og_type":"article","og_title":"L'intervento dei Giovani Democratici recatisi in visita al parlamento europeo a Bruxelles - Bellunopress - Dolomiti","og_description":"&#8220;L\u2019Europa come speranza, la fratellanza tra i popoli come obiettivo, il desiderio di crescere come stimolo: con queste premesse noi, Giovani Democratici della provincia di Belluno, ci siamo recati in visita al Parlamento europeo di Bruxelles. Grazie all\u2019impegno dell\u2019Onorevole Debora Serracchiani e del Partito Democratico del Veneto, una nostra delegazione ha avuto la straordinaria possibilit\u00e0 [&hellip;]","og_url":"https:\/\/www.bellunopress.it\/fr\/2010\/03\/02\/lintervento-dei-giovani-democratici-recatisi-in-visita-al-parlamento-europeo-a-bruxelles\/","og_site_name":"Bellunopress - Dolomiti","article_publisher":"https:\/\/www.facebook.com\/profile.php?id=100008943462799","article_published_time":"2010-03-02T11:58:51+00:00","article_modified_time":"2010-03-02T12:01:26+00:00","og_image":[{"url":"http:\/\/www.bellunopress.it\/wp-content\/uploads\/2010\/03\/gd-bruxelles-leggera.jpg","type":"","width":"","height":""}],"author":"redazione","twitter_card":"summary_large_image","twitter_creator":"@bellunopress","twitter_site":"@bellunopress","twitter_misc":{"\u00c9crit par":"redazione","Dur\u00e9e de lecture estim\u00e9e":"2 minutes"},"schema":{"@context":"https:\/\/schema.org","@graph":[{"@type":"Article","@id":"https:\/\/www.bellunopress.it\/2010\/03\/02\/lintervento-dei-giovani-democratici-recatisi-in-visita-al-parlamento-europeo-a-bruxelles\/#article","isPartOf":{"@id":"https:\/\/www.bellunopress.it\/2010\/03\/02\/lintervento-dei-giovani-democratici-recatisi-in-visita-al-parlamento-europeo-a-bruxelles\/"},"author":{"name":"redazione","@id":"https:\/\/www.bellunopress.it\/#\/schema\/person\/79bb06722b37ece1c03d3e94beb30d73"},"headline":"L&#8217;intervento dei Giovani Democratici recatisi in visita al parlamento europeo a Bruxelles","datePublished":"2010-03-02T11:58:51+00:00","dateModified":"2010-03-02T12:01:26+00:00","mainEntityOfPage":{"@id":"https:\/\/www.bellunopress.it\/2010\/03\/02\/lintervento-dei-giovani-democratici-recatisi-in-visita-al-parlamento-europeo-a-bruxelles\/"},"wordCount":382,"publisher":{"@id":"https:\/\/www.bellunopress.it\/#organization"},"image":{"@id":"https:\/\/www.bellunopress.it\/2010\/03\/02\/lintervento-dei-giovani-democratici-recatisi-in-visita-al-parlamento-europeo-a-bruxelles\/#primaryimage"},"thumbnailUrl":"http:\/\/www.bellunopress.it\/wp-content\/uploads\/2010\/03\/gd-bruxelles-leggera.jpg","keywords":["Belluno"],"articleSection":["Cronaca\/Politica","Prima Pagina"],"inLanguage":"fr-FR"},{"@type":"WebPage","@id":"https:\/\/www.bellunopress.it\/2010\/03\/02\/lintervento-dei-giovani-democratici-recatisi-in-visita-al-parlamento-europeo-a-bruxelles\/","url":"https:\/\/www.bellunopress.it\/2010\/03\/02\/lintervento-dei-giovani-democratici-recatisi-in-visita-al-parlamento-europeo-a-bruxelles\/","name":"L'intervento dei Giovani Democratici recatisi in visita al parlamento europeo a Bruxelles - Bellunopress - Dolomiti","isPartOf":{"@id":"https:\/\/www.bellunopress.it\/#website"},"primaryImageOfPage":{"@id":"https:\/\/www.bellunopress.it\/2010\/03\/02\/lintervento-dei-giovani-democratici-recatisi-in-visita-al-parlamento-europeo-a-bruxelles\/#primaryimage"},"image":{"@id":"https:\/\/www.bellunopress.it\/2010\/03\/02\/lintervento-dei-giovani-democratici-recatisi-in-visita-al-parlamento-europeo-a-bruxelles\/#primaryimage"},"thumbnailUrl":"http:\/\/www.bellunopress.it\/wp-content\/uploads\/2010\/03\/gd-bruxelles-leggera.jpg","datePublished":"2010-03-02T11:58:51+00:00","dateModified":"2010-03-02T12:01:26+00:00","breadcrumb":{"@id":"https:\/\/www.bellunopress.it\/2010\/03\/02\/lintervento-dei-giovani-democratici-recatisi-in-visita-al-parlamento-europeo-a-bruxelles\/#breadcrumb"},"inLanguage":"fr-FR","potentialAction":[{"@type":"ReadAction","target":["https:\/\/www.bellunopress.it\/2010\/03\/02\/lintervento-dei-giovani-democratici-recatisi-in-visita-al-parlamento-europeo-a-bruxelles\/"]}]},{"@type":"ImageObject","inLanguage":"fr-FR","@id":"https:\/\/www.bellunopress.it\/2010\/03\/02\/lintervento-dei-giovani-democratici-recatisi-in-visita-al-parlamento-europeo-a-bruxelles\/#primaryimage","url":"http:\/\/www.bellunopress.it\/wp-content\/uploads\/2010\/03\/gd-bruxelles-leggera.jpg","contentUrl":"http:\/\/www.bellunopress.it\/wp-content\/uploads\/2010\/03\/gd-bruxelles-leggera.jpg"},{"@type":"BreadcrumbList","@id":"https:\/\/www.bellunopress.it\/2010\/03\/02\/lintervento-dei-giovani-democratici-recatisi-in-visita-al-parlamento-europeo-a-bruxelles\/#breadcrumb","itemListElement":[{"@type":"ListItem","position":1,"name":"Home","item":"https:\/\/www.bellunopress.it\/"},{"@type":"ListItem","position":2,"name":"L&#8217;intervento dei Giovani Democratici recatisi in visita al parlamento europeo a Bruxelles"}]},{"@type":"WebSite","@id":"https:\/\/www.bellunopress.it\/#website","url":"https:\/\/www.bellunopress.it\/","name":"Bellunopress - Dolomiti","description":"e-mail: redazione@bellunopress.it","publisher":{"@id":"https:\/\/www.bellunopress.it\/#organization"},"potentialAction":[{"@type":"SearchAction","target":{"@type":"EntryPoint","urlTemplate":"https:\/\/www.bellunopress.it\/?s={search_term_string}"},"query-input":{"@type":"PropertyValueSpecification","valueRequired":true,"valueName":"search_term_string"}}],"inLanguage":"fr-FR"},{"@type":"Organization","@id":"https:\/\/www.bellunopress.it\/#organization","name":"Bellunopress","url":"https:\/\/www.bellunopress.it\/","logo":{"@type":"ImageObject","inLanguage":"fr-FR","@id":"https:\/\/www.bellunopress.it\/#\/schema\/logo\/image\/","url":"https:\/\/www.bellunopress.it\/wp-content\/uploads\/2011\/05\/cropped-logo-bellunopress-.jpg","contentUrl":"https:\/\/www.bellunopress.it\/wp-content\/uploads\/2011\/05\/cropped-logo-bellunopress-.jpg","width":512,"height":512,"caption":"Bellunopress"},"image":{"@id":"https:\/\/www.bellunopress.it\/#\/schema\/logo\/image\/"},"sameAs":["https:\/\/www.facebook.com\/profile.php?id=100008943462799","https:\/\/x.com\/bellunopress","https:\/\/www.linkedin.com\/hp\/?dnr=JBzUWaJfMUw8vbXJJ2tVW5-I3jZKvC4wsoxE&amp;amp;amp;amp;amp;amp;trk=nav_responsive_tab_home","https:\/\/www.youtube.com\/channel\/UCxL0wu1uN0_3_7hGG0306cw"]},{"@type":"Person","@id":"https:\/\/www.bellunopress.it\/#\/schema\/person\/79bb06722b37ece1c03d3e94beb30d73","name":"r\u00e9daction","image":{"@type":"ImageObject","inLanguage":"fr-FR","@id":"https:\/\/secure.gravatar.com\/avatar\/37d968a2e67a6fd04c169c4bdef102d0bc5d31b2546345219e348575eb80e9a0?s=96&d=mm&r=g","url":"https:\/\/secure.gravatar.com\/avatar\/37d968a2e67a6fd04c169c4bdef102d0bc5d31b2546345219e348575eb80e9a0?s=96&d=mm&r=g","contentUrl":"https:\/\/secure.gravatar.com\/avatar\/37d968a2e67a6fd04c169c4bdef102d0bc5d31b2546345219e348575eb80e9a0?s=96&d=mm&r=g","caption":"redazione"},"sameAs":["http:\/\/www.bellunopress.it","https:\/\/x.com\/bellunopress"],"url":"https:\/\/www.bellunopress.it\/fr\/author\/redazione\/"}]}},"_links":{"self":[{"href":"https:\/\/www.bellunopress.it\/fr\/wp-json\/wp\/v2\/posts\/13089","targetHints":{"allow":["GET"]}}],"collection":[{"href":"https:\/\/www.bellunopress.it\/fr\/wp-json\/wp\/v2\/posts"}],"about":[{"href":"https:\/\/www.bellunopress.it\/fr\/wp-json\/wp\/v2\/types\/post"}],"author":[{"embeddable":true,"href":"https:\/\/www.bellunopress.it\/fr\/wp-json\/wp\/v2\/users\/2"}],"replies":[{"embeddable":true,"href":"https:\/\/www.bellunopress.it\/fr\/wp-json\/wp\/v2\/comments?post=13089"}],"version-history":[{"count":3,"href":"https:\/\/www.bellunopress.it\/fr\/wp-json\/wp\/v2\/posts\/13089\/revisions"}],"predecessor-version":[{"id":13093,"href":"https:\/\/www.bellunopress.it\/fr\/wp-json\/wp\/v2\/posts\/13089\/revisions\/13093"}],"wp:attachment":[{"href":"https:\/\/www.bellunopress.it\/fr\/wp-json\/wp\/v2\/media?parent=13089"}],"wp:term":[{"taxonomy":"category","embeddable":true,"href":"https:\/\/www.bellunopress.it\/fr\/wp-json\/wp\/v2\/categories?post=13089"},{"taxonomy":"post_tag","embeddable":true,"href":"https:\/\/www.bellunopress.it\/fr\/wp-json\/wp\/v2\/tags?post=13089"}],"curies":[{"name":"wp","href":"https:\/\/api.w.org\/{rel}","templated":true}]}}