{"id":13087,"date":"2010-03-02T12:55:09","date_gmt":"2010-03-02T11:55:09","guid":{"rendered":"http:\/\/www.bellunopress.it\/?p=13087"},"modified":"2010-03-02T12:55:09","modified_gmt":"2010-03-02T11:55:09","slug":"rabbia-4-mila-cani-vaccinati-dallulss-adesso-la-priorita-sono-gli-animali-da-alpeggio","status":"publish","type":"post","link":"https:\/\/www.bellunopress.it\/fr\/2010\/03\/02\/rabbia-4-mila-cani-vaccinati-dallulss-adesso-la-priorita-sono-gli-animali-da-alpeggio\/","title":{"rendered":"Rabbia: 4 mila cani vaccinati dall&#8217;Ulss. Adesso la priorit\u00e0 sono gli animali da alpeggio"},"content":{"rendered":"<p>Il Servizio Veterinario: in Cadore abbiamo avuto due equini morti di rabbia e che nelle nostre malghe durante il periodo estivo soggiornano circa quattordici mila animali sensibili. Quattromila cani e quattrocento gatti vaccinati in poco pi\u00f9 di due mesi. Sono questi i numeri che sintetizzano l\u2019attivit\u00e0 del Servizio Veterinario dell\u2019Ulss di Belluno per contrastare l\u2019epidemia di rabbia silvestre che interessa la nostra provincia in seguito a uno spostamento da est a ovest della malattia, la cui origine \u00e8 stata individuata in Slovenia. Il bilancio \u00e8 dunque positivo: i dati in possesso permettono di affermare che c\u2019\u00e8 stata una vaccinazione di massa gi\u00e0 alla scadenza prevista inizialmente dalla Regione Veneto (31 gennaio) e che non c\u2019\u00e8 stata dunque necessit\u00e0 di alcuna proroga. \u00abL\u2019epidemia \u2013 spiega Gianluigi Zanola, responsabile del Canile Sanitario dell\u2019Ulss &#8211; ha destato notevole preoccupazione perch\u00e9 \u00e8 stata scoperta in un animale domestico: un cane che aveva morso il suo proprietario. Invece ci si aspettava di avere in anticipo dei riscontri della malattia nei selvatici \u201csentinella\u201d, cio\u00e8 nelle volpi trovate morte. In seguito alla comunicazione del 17 novembre scorso, che ufficializzava la positivit\u00e0 del cane di Lozzo di Cadore, morto dopo 6 giorni dalla comparsa dei\u00a0 sintomi, la Regione Veneto emanava il 24 novembre delle disposizioni piuttosto restrittive su tutto il territorio della provincia, vietando la circolazione di tutti i cani negli ambienti agro-silvo pastorali e imponendone la vaccinazione obbligatoria entro il 31 gennaio, pena una sanzione amministrativa da 1500 a 9000 euro\u00bb. \u00abTrattandosi di una malattia trasmissibile all\u2019uomo \u2013 prosegue &#8211; gi\u00e0 il 20 novembre l\u2019Ulss diffondeva un comunicato stampa dove sensibilizzava i cittadini a segnalare al Servizio Veterinario i comportamenti anomali rilevati su animali domestici e selvatici e a rivolgersi ai medici in caso di lesioni subite da qualsiasi animale potesse essere considerato a rischio\u00bb.<br \/>\nIl Canile Sanitario dell\u2019Ulss di Belluno ha iniziato le vaccinazioni degli animali da compagnia gi\u00e0 il 21 novembre, proseguendo tale attivit\u00e0 in maniera costante fino al 30 gennaio: in questo arco di tempo sono state effettuate pi\u00f9 di mille prestazioni. In contemporanea, a partire dal 9 dicembre, i medici veterinari dipendenti effettuavano la vaccinazione nelle sedi locali, stabilite dai Comuni, oltre che negli ambulatori pubblici di Agordo e di Auronzo. Nel complesso, il Servizio Veterinario contava al 31 gennaio poco pi\u00f9 di quattromila cani vaccinati che, sommati a quelli rivoltisi agli ambulatori privati, raggiungevano una percentuale tale da consentire di chiudere le vaccinazioni \u201cdi massa\u201d senza bisogno di proroghe. La stessa situazione si \u00e8 verificata nell\u2019Ulss 2 di Feltre\u00bb.\u00a0 \u00abAl di l\u00e0 delle polemiche sulle tariffe \u201cdifferenziate\u201d \u2013 dice ancora Gianluigi Zanola &#8211; l\u2019attivit\u00e0 di collaborazione tra veterinari pubblici e privati ha consentito l\u2019emanazione di un decreto regionale che attenuava le misure restrittive, permettendo nuovamente la circolazione dei cani negli ambienti silvestri purch\u00e9 a guinzaglio e vaccinati da pi\u00f9 di 21 giorni\u00bb. Molto \u00e8 stato fatto, dunque. Ma guai ad abbassare la guardia. \u00abIl lavoro svolto con urgenza per immunizzare la popolazione canina \u2013 concorda il responsabile del Canile Sanitario dell\u2019Ulss &#8211; \u00e8 per\u00f2 solo uno dei compiti del Servizio Veterinario: dopo il primo riscontro di positivit\u00e0 nei gatti, avvenuto il 29 gennaio, ci troviamo a gestire le richieste dei Comuni in cui sono stati registrati i casi e quelle dei proprietari di felini. In ogni caso, nei mesi di dicembre e gennaio quattrocento gatti sono stati vaccinati nelle nostre sedi e un numero ben pi\u00f9 consistente negli ambulatori privati. Ma il lavoro pi\u00f9 impegnativo in questi mesi primaverili sar\u00e0 la vaccinazione degli animali da reddito destinati all\u2019alpeggio o al pascolo. Ricordo che in Cadore abbiamo avuto due equini morti di rabbia e che nelle nostre malghe durante il periodo estivo soggiornano circa quattordici mila animali sensibili\u00bb. \u00abE\u2019 importante \u2013 conclude Zanola &#8211; chiarire che\u00a0 l\u2019attivit\u00e0 del nostro Servizio \u00e8 volta ad evitare la trasmissione del virus dagli animali domestici all\u2019uomo, attraverso la vaccinazione, il controllo clinico e l\u2019applicazione delle norme di legge. Ma questo non basta a bloccare la diffusione della rabbia silvestre: per questa finalit\u00e0 \u00e8 fondamentale il lavoro di quegli Enti e di quegli operatori che organizzano e distribuiscono le esche per la vaccinazione delle volpi. Solo dopo la prossima \u201ccampagna di distribuzione\u201d potremo avere un\u2019attenuazione dell\u2019epidemia\u00bb.<\/p>","protected":false},"excerpt":{"rendered":"<p>Il Servizio Veterinario: in Cadore abbiamo avuto due equini morti di rabbia e che nelle nostre malghe durante il periodo estivo soggiornano circa quattordici mila animali sensibili. Quattromila cani e quattrocento gatti vaccinati in poco pi\u00f9 di due mesi. Sono questi i numeri che sintetizzano l\u2019attivit\u00e0 del Servizio Veterinario dell\u2019Ulss di Belluno per contrastare l\u2019epidemia [&hellip;]<\/p>\n","protected":false},"author":2,"featured_media":0,"comment_status":"closed","ping_status":"open","sticky":false,"template":"","format":"standard","meta":{"footnotes":""},"categories":[5,26,17],"tags":[3050],"class_list":["post-13087","post","type-post","status-publish","format-standard","category-cronaca","category-prima-pagina","category-sanita","tag-sanita"],"yoast_head":"<!-- This site is optimized with the Yoast SEO plugin v28.4 - https:\/\/yoast.com\/product\/yoast-seo-wordpress\/ -->\n<title>Rabbia: 4 mila cani vaccinati dall&#039;Ulss. Adesso la priorit\u00e0 sono gli animali da alpeggio - Bellunopress - Dolomiti<\/title>\n<meta name=\"robots\" content=\"index, follow, max-snippet:-1, max-image-preview:large, max-video-preview:-1\" \/>\n<link rel=\"canonical\" href=\"https:\/\/www.bellunopress.it\/fr\/2010\/03\/02\/rabbia-4-mila-cani-vaccinati-dallulss-adesso-la-priorita-sono-gli-animali-da-alpeggio\/\" \/>\n<meta property=\"og:locale\" content=\"fr_FR\" \/>\n<meta property=\"og:type\" content=\"article\" \/>\n<meta property=\"og:title\" content=\"Rabbia: 4 mila cani vaccinati dall&#039;Ulss. Adesso la priorit\u00e0 sono gli animali da alpeggio - Bellunopress - Dolomiti\" \/>\n<meta property=\"og:description\" content=\"Il Servizio Veterinario: in Cadore abbiamo avuto due equini morti di rabbia e che nelle nostre malghe durante il periodo estivo soggiornano circa quattordici mila animali sensibili. Quattromila cani e quattrocento gatti vaccinati in poco pi\u00f9 di due mesi. Sono questi i numeri che sintetizzano l\u2019attivit\u00e0 del Servizio Veterinario dell\u2019Ulss di Belluno per contrastare l\u2019epidemia [&hellip;]\" \/>\n<meta property=\"og:url\" content=\"https:\/\/www.bellunopress.it\/fr\/2010\/03\/02\/rabbia-4-mila-cani-vaccinati-dallulss-adesso-la-priorita-sono-gli-animali-da-alpeggio\/\" \/>\n<meta property=\"og:site_name\" content=\"Bellunopress - Dolomiti\" \/>\n<meta property=\"article:publisher\" content=\"https:\/\/www.facebook.com\/profile.php?id=100008943462799\" \/>\n<meta property=\"article:published_time\" content=\"2010-03-02T11:55:09+00:00\" \/>\n<meta property=\"og:image\" content=\"http:\/\/www.bellunopress.it\/wp-content\/uploads\/2012\/07\/logo-bellunopress-250x250-2012.jpg\" \/>\n<meta name=\"author\" content=\"redazione\" \/>\n<meta name=\"twitter:card\" content=\"summary_large_image\" \/>\n<meta name=\"twitter:creator\" content=\"@bellunopress\" \/>\n<meta name=\"twitter:site\" content=\"@bellunopress\" \/>\n<meta name=\"twitter:label1\" content=\"\u00c9crit par\" \/>\n\t<meta name=\"twitter:data1\" content=\"redazione\" \/>\n\t<meta name=\"twitter:label2\" content=\"Dur\u00e9e de lecture estim\u00e9e\" \/>\n\t<meta name=\"twitter:data2\" content=\"3 minutes\" \/>\n<script type=\"application\/ld+json\" class=\"yoast-schema-graph\">{\"@context\":\"https:\\\/\\\/schema.org\",\"@graph\":[{\"@type\":\"Article\",\"@id\":\"https:\\\/\\\/www.bellunopress.it\\\/2010\\\/03\\\/02\\\/rabbia-4-mila-cani-vaccinati-dallulss-adesso-la-priorita-sono-gli-animali-da-alpeggio\\\/#article\",\"isPartOf\":{\"@id\":\"https:\\\/\\\/www.bellunopress.it\\\/2010\\\/03\\\/02\\\/rabbia-4-mila-cani-vaccinati-dallulss-adesso-la-priorita-sono-gli-animali-da-alpeggio\\\/\"},\"author\":{\"name\":\"redazione\",\"@id\":\"https:\\\/\\\/www.bellunopress.it\\\/#\\\/schema\\\/person\\\/79bb06722b37ece1c03d3e94beb30d73\"},\"headline\":\"Rabbia: 4 mila cani vaccinati dall&#8217;Ulss. Adesso la priorit\u00e0 sono gli animali da alpeggio\",\"datePublished\":\"2010-03-02T11:55:09+00:00\",\"mainEntityOfPage\":{\"@id\":\"https:\\\/\\\/www.bellunopress.it\\\/2010\\\/03\\\/02\\\/rabbia-4-mila-cani-vaccinati-dallulss-adesso-la-priorita-sono-gli-animali-da-alpeggio\\\/\"},\"wordCount\":702,\"publisher\":{\"@id\":\"https:\\\/\\\/www.bellunopress.it\\\/#organization\"},\"keywords\":[\"Sanit\u00e0\"],\"articleSection\":[\"Cronaca\\\/Politica\",\"Prima Pagina\",\"Sanit\u00e0 Medicina\"],\"inLanguage\":\"fr-FR\"},{\"@type\":\"WebPage\",\"@id\":\"https:\\\/\\\/www.bellunopress.it\\\/2010\\\/03\\\/02\\\/rabbia-4-mila-cani-vaccinati-dallulss-adesso-la-priorita-sono-gli-animali-da-alpeggio\\\/\",\"url\":\"https:\\\/\\\/www.bellunopress.it\\\/2010\\\/03\\\/02\\\/rabbia-4-mila-cani-vaccinati-dallulss-adesso-la-priorita-sono-gli-animali-da-alpeggio\\\/\",\"name\":\"Rabbia: 4 mila cani vaccinati dall'Ulss. Adesso la priorit\u00e0 sono gli animali da alpeggio - Bellunopress - Dolomiti\",\"isPartOf\":{\"@id\":\"https:\\\/\\\/www.bellunopress.it\\\/#website\"},\"datePublished\":\"2010-03-02T11:55:09+00:00\",\"breadcrumb\":{\"@id\":\"https:\\\/\\\/www.bellunopress.it\\\/2010\\\/03\\\/02\\\/rabbia-4-mila-cani-vaccinati-dallulss-adesso-la-priorita-sono-gli-animali-da-alpeggio\\\/#breadcrumb\"},\"inLanguage\":\"fr-FR\",\"potentialAction\":[{\"@type\":\"ReadAction\",\"target\":[\"https:\\\/\\\/www.bellunopress.it\\\/2010\\\/03\\\/02\\\/rabbia-4-mila-cani-vaccinati-dallulss-adesso-la-priorita-sono-gli-animali-da-alpeggio\\\/\"]}]},{\"@type\":\"BreadcrumbList\",\"@id\":\"https:\\\/\\\/www.bellunopress.it\\\/2010\\\/03\\\/02\\\/rabbia-4-mila-cani-vaccinati-dallulss-adesso-la-priorita-sono-gli-animali-da-alpeggio\\\/#breadcrumb\",\"itemListElement\":[{\"@type\":\"ListItem\",\"position\":1,\"name\":\"Home\",\"item\":\"https:\\\/\\\/www.bellunopress.it\\\/\"},{\"@type\":\"ListItem\",\"position\":2,\"name\":\"Rabbia: 4 mila cani vaccinati dall&#8217;Ulss. Adesso la priorit\u00e0 sono gli animali da alpeggio\"}]},{\"@type\":\"WebSite\",\"@id\":\"https:\\\/\\\/www.bellunopress.it\\\/#website\",\"url\":\"https:\\\/\\\/www.bellunopress.it\\\/\",\"name\":\"Bellunopress - Dolomiti\",\"description\":\"e-mail: redazione@bellunopress.it\",\"publisher\":{\"@id\":\"https:\\\/\\\/www.bellunopress.it\\\/#organization\"},\"potentialAction\":[{\"@type\":\"SearchAction\",\"target\":{\"@type\":\"EntryPoint\",\"urlTemplate\":\"https:\\\/\\\/www.bellunopress.it\\\/?s={search_term_string}\"},\"query-input\":{\"@type\":\"PropertyValueSpecification\",\"valueRequired\":true,\"valueName\":\"search_term_string\"}}],\"inLanguage\":\"fr-FR\"},{\"@type\":\"Organization\",\"@id\":\"https:\\\/\\\/www.bellunopress.it\\\/#organization\",\"name\":\"Bellunopress\",\"url\":\"https:\\\/\\\/www.bellunopress.it\\\/\",\"logo\":{\"@type\":\"ImageObject\",\"inLanguage\":\"fr-FR\",\"@id\":\"https:\\\/\\\/www.bellunopress.it\\\/#\\\/schema\\\/logo\\\/image\\\/\",\"url\":\"https:\\\/\\\/www.bellunopress.it\\\/wp-content\\\/uploads\\\/2011\\\/05\\\/cropped-logo-bellunopress-.jpg\",\"contentUrl\":\"https:\\\/\\\/www.bellunopress.it\\\/wp-content\\\/uploads\\\/2011\\\/05\\\/cropped-logo-bellunopress-.jpg\",\"width\":512,\"height\":512,\"caption\":\"Bellunopress\"},\"image\":{\"@id\":\"https:\\\/\\\/www.bellunopress.it\\\/#\\\/schema\\\/logo\\\/image\\\/\"},\"sameAs\":[\"https:\\\/\\\/www.facebook.com\\\/profile.php?id=100008943462799\",\"https:\\\/\\\/x.com\\\/bellunopress\",\"https:\\\/\\\/www.linkedin.com\\\/hp\\\/?dnr=JBzUWaJfMUw8vbXJJ2tVW5-I3jZKvC4wsoxE&amp;amp;amp;amp;amp;amp;trk=nav_responsive_tab_home\",\"https:\\\/\\\/www.youtube.com\\\/channel\\\/UCxL0wu1uN0_3_7hGG0306cw\"]},{\"@type\":\"Person\",\"@id\":\"https:\\\/\\\/www.bellunopress.it\\\/#\\\/schema\\\/person\\\/79bb06722b37ece1c03d3e94beb30d73\",\"name\":\"redazione\",\"image\":{\"@type\":\"ImageObject\",\"inLanguage\":\"fr-FR\",\"@id\":\"https:\\\/\\\/secure.gravatar.com\\\/avatar\\\/37d968a2e67a6fd04c169c4bdef102d0bc5d31b2546345219e348575eb80e9a0?s=96&d=mm&r=g\",\"url\":\"https:\\\/\\\/secure.gravatar.com\\\/avatar\\\/37d968a2e67a6fd04c169c4bdef102d0bc5d31b2546345219e348575eb80e9a0?s=96&d=mm&r=g\",\"contentUrl\":\"https:\\\/\\\/secure.gravatar.com\\\/avatar\\\/37d968a2e67a6fd04c169c4bdef102d0bc5d31b2546345219e348575eb80e9a0?s=96&d=mm&r=g\",\"caption\":\"redazione\"},\"sameAs\":[\"http:\\\/\\\/www.bellunopress.it\",\"https:\\\/\\\/x.com\\\/bellunopress\"],\"url\":\"https:\\\/\\\/www.bellunopress.it\\\/fr\\\/author\\\/redazione\\\/\"}]}<\/script>\n<!-- \/ Yoast SEO plugin. -->","yoast_head_json":{"title":"Rabbia: 4 mila cani vaccinati dall'Ulss. Adesso la priorit\u00e0 sono gli animali da alpeggio - Bellunopress - Dolomiti","robots":{"index":"index","follow":"follow","max-snippet":"max-snippet:-1","max-image-preview":"max-image-preview:large","max-video-preview":"max-video-preview:-1"},"canonical":"https:\/\/www.bellunopress.it\/fr\/2010\/03\/02\/rabbia-4-mila-cani-vaccinati-dallulss-adesso-la-priorita-sono-gli-animali-da-alpeggio\/","og_locale":"fr_FR","og_type":"article","og_title":"Rabbia: 4 mila cani vaccinati dall'Ulss. Adesso la priorit\u00e0 sono gli animali da alpeggio - Bellunopress - Dolomiti","og_description":"Il Servizio Veterinario: in Cadore abbiamo avuto due equini morti di rabbia e che nelle nostre malghe durante il periodo estivo soggiornano circa quattordici mila animali sensibili. Quattromila cani e quattrocento gatti vaccinati in poco pi\u00f9 di due mesi. Sono questi i numeri che sintetizzano l\u2019attivit\u00e0 del Servizio Veterinario dell\u2019Ulss di Belluno per contrastare l\u2019epidemia [&hellip;]","og_url":"https:\/\/www.bellunopress.it\/fr\/2010\/03\/02\/rabbia-4-mila-cani-vaccinati-dallulss-adesso-la-priorita-sono-gli-animali-da-alpeggio\/","og_site_name":"Bellunopress - Dolomiti","article_publisher":"https:\/\/www.facebook.com\/profile.php?id=100008943462799","article_published_time":"2010-03-02T11:55:09+00:00","og_image":[{"url":"http:\/\/www.bellunopress.it\/wp-content\/uploads\/2012\/07\/logo-bellunopress-250x250-2012.jpg","type":"","width":"","height":""}],"author":"redazione","twitter_card":"summary_large_image","twitter_creator":"@bellunopress","twitter_site":"@bellunopress","twitter_misc":{"\u00c9crit par":"redazione","Dur\u00e9e de lecture estim\u00e9e":"3 minutes"},"schema":{"@context":"https:\/\/schema.org","@graph":[{"@type":"Article","@id":"https:\/\/www.bellunopress.it\/2010\/03\/02\/rabbia-4-mila-cani-vaccinati-dallulss-adesso-la-priorita-sono-gli-animali-da-alpeggio\/#article","isPartOf":{"@id":"https:\/\/www.bellunopress.it\/2010\/03\/02\/rabbia-4-mila-cani-vaccinati-dallulss-adesso-la-priorita-sono-gli-animali-da-alpeggio\/"},"author":{"name":"redazione","@id":"https:\/\/www.bellunopress.it\/#\/schema\/person\/79bb06722b37ece1c03d3e94beb30d73"},"headline":"Rabbia: 4 mila cani vaccinati dall&#8217;Ulss. Adesso la priorit\u00e0 sono gli animali da alpeggio","datePublished":"2010-03-02T11:55:09+00:00","mainEntityOfPage":{"@id":"https:\/\/www.bellunopress.it\/2010\/03\/02\/rabbia-4-mila-cani-vaccinati-dallulss-adesso-la-priorita-sono-gli-animali-da-alpeggio\/"},"wordCount":702,"publisher":{"@id":"https:\/\/www.bellunopress.it\/#organization"},"keywords":["Sanit\u00e0"],"articleSection":["Cronaca\/Politica","Prima Pagina","Sanit\u00e0 Medicina"],"inLanguage":"fr-FR"},{"@type":"WebPage","@id":"https:\/\/www.bellunopress.it\/2010\/03\/02\/rabbia-4-mila-cani-vaccinati-dallulss-adesso-la-priorita-sono-gli-animali-da-alpeggio\/","url":"https:\/\/www.bellunopress.it\/2010\/03\/02\/rabbia-4-mila-cani-vaccinati-dallulss-adesso-la-priorita-sono-gli-animali-da-alpeggio\/","name":"Rabbia: 4 mila cani vaccinati dall'Ulss. Adesso la priorit\u00e0 sono gli animali da alpeggio - Bellunopress - Dolomiti","isPartOf":{"@id":"https:\/\/www.bellunopress.it\/#website"},"datePublished":"2010-03-02T11:55:09+00:00","breadcrumb":{"@id":"https:\/\/www.bellunopress.it\/2010\/03\/02\/rabbia-4-mila-cani-vaccinati-dallulss-adesso-la-priorita-sono-gli-animali-da-alpeggio\/#breadcrumb"},"inLanguage":"fr-FR","potentialAction":[{"@type":"ReadAction","target":["https:\/\/www.bellunopress.it\/2010\/03\/02\/rabbia-4-mila-cani-vaccinati-dallulss-adesso-la-priorita-sono-gli-animali-da-alpeggio\/"]}]},{"@type":"BreadcrumbList","@id":"https:\/\/www.bellunopress.it\/2010\/03\/02\/rabbia-4-mila-cani-vaccinati-dallulss-adesso-la-priorita-sono-gli-animali-da-alpeggio\/#breadcrumb","itemListElement":[{"@type":"ListItem","position":1,"name":"Home","item":"https:\/\/www.bellunopress.it\/"},{"@type":"ListItem","position":2,"name":"Rabbia: 4 mila cani vaccinati dall&#8217;Ulss. Adesso la priorit\u00e0 sono gli animali da alpeggio"}]},{"@type":"WebSite","@id":"https:\/\/www.bellunopress.it\/#website","url":"https:\/\/www.bellunopress.it\/","name":"Bellunopress - Dolomiti","description":"e-mail: redazione@bellunopress.it","publisher":{"@id":"https:\/\/www.bellunopress.it\/#organization"},"potentialAction":[{"@type":"SearchAction","target":{"@type":"EntryPoint","urlTemplate":"https:\/\/www.bellunopress.it\/?s={search_term_string}"},"query-input":{"@type":"PropertyValueSpecification","valueRequired":true,"valueName":"search_term_string"}}],"inLanguage":"fr-FR"},{"@type":"Organization","@id":"https:\/\/www.bellunopress.it\/#organization","name":"Bellunopress","url":"https:\/\/www.bellunopress.it\/","logo":{"@type":"ImageObject","inLanguage":"fr-FR","@id":"https:\/\/www.bellunopress.it\/#\/schema\/logo\/image\/","url":"https:\/\/www.bellunopress.it\/wp-content\/uploads\/2011\/05\/cropped-logo-bellunopress-.jpg","contentUrl":"https:\/\/www.bellunopress.it\/wp-content\/uploads\/2011\/05\/cropped-logo-bellunopress-.jpg","width":512,"height":512,"caption":"Bellunopress"},"image":{"@id":"https:\/\/www.bellunopress.it\/#\/schema\/logo\/image\/"},"sameAs":["https:\/\/www.facebook.com\/profile.php?id=100008943462799","https:\/\/x.com\/bellunopress","https:\/\/www.linkedin.com\/hp\/?dnr=JBzUWaJfMUw8vbXJJ2tVW5-I3jZKvC4wsoxE&amp;amp;amp;amp;amp;amp;trk=nav_responsive_tab_home","https:\/\/www.youtube.com\/channel\/UCxL0wu1uN0_3_7hGG0306cw"]},{"@type":"Person","@id":"https:\/\/www.bellunopress.it\/#\/schema\/person\/79bb06722b37ece1c03d3e94beb30d73","name":"r\u00e9daction","image":{"@type":"ImageObject","inLanguage":"fr-FR","@id":"https:\/\/secure.gravatar.com\/avatar\/37d968a2e67a6fd04c169c4bdef102d0bc5d31b2546345219e348575eb80e9a0?s=96&d=mm&r=g","url":"https:\/\/secure.gravatar.com\/avatar\/37d968a2e67a6fd04c169c4bdef102d0bc5d31b2546345219e348575eb80e9a0?s=96&d=mm&r=g","contentUrl":"https:\/\/secure.gravatar.com\/avatar\/37d968a2e67a6fd04c169c4bdef102d0bc5d31b2546345219e348575eb80e9a0?s=96&d=mm&r=g","caption":"redazione"},"sameAs":["http:\/\/www.bellunopress.it","https:\/\/x.com\/bellunopress"],"url":"https:\/\/www.bellunopress.it\/fr\/author\/redazione\/"}]}},"_links":{"self":[{"href":"https:\/\/www.bellunopress.it\/fr\/wp-json\/wp\/v2\/posts\/13087","targetHints":{"allow":["GET"]}}],"collection":[{"href":"https:\/\/www.bellunopress.it\/fr\/wp-json\/wp\/v2\/posts"}],"about":[{"href":"https:\/\/www.bellunopress.it\/fr\/wp-json\/wp\/v2\/types\/post"}],"author":[{"embeddable":true,"href":"https:\/\/www.bellunopress.it\/fr\/wp-json\/wp\/v2\/users\/2"}],"replies":[{"embeddable":true,"href":"https:\/\/www.bellunopress.it\/fr\/wp-json\/wp\/v2\/comments?post=13087"}],"version-history":[{"count":1,"href":"https:\/\/www.bellunopress.it\/fr\/wp-json\/wp\/v2\/posts\/13087\/revisions"}],"predecessor-version":[{"id":13088,"href":"https:\/\/www.bellunopress.it\/fr\/wp-json\/wp\/v2\/posts\/13087\/revisions\/13088"}],"wp:attachment":[{"href":"https:\/\/www.bellunopress.it\/fr\/wp-json\/wp\/v2\/media?parent=13087"}],"wp:term":[{"taxonomy":"category","embeddable":true,"href":"https:\/\/www.bellunopress.it\/fr\/wp-json\/wp\/v2\/categories?post=13087"},{"taxonomy":"post_tag","embeddable":true,"href":"https:\/\/www.bellunopress.it\/fr\/wp-json\/wp\/v2\/tags?post=13087"}],"curies":[{"name":"wp","href":"https:\/\/api.w.org\/{rel}","templated":true}]}}