{"id":13082,"date":"2010-03-02T12:41:54","date_gmt":"2010-03-02T11:41:54","guid":{"rendered":"http:\/\/www.bellunopress.it\/?p=13082"},"modified":"2010-03-02T12:41:54","modified_gmt":"2010-03-02T11:41:54","slug":"il-movimento-5-stelle-di-beppe-griilo-approda-alle-regionali-anche-in-veneto","status":"publish","type":"post","link":"https:\/\/www.bellunopress.it\/fr\/2010\/03\/02\/il-movimento-5-stelle-di-beppe-griilo-approda-alle-regionali-anche-in-veneto\/","title":{"rendered":"Il movimento 5 stelle di Beppe Griilo approda alle regionali anche in Veneto"},"content":{"rendered":"<p>Il Movimento 5\u00a0Stelle voluto da Beppe Grillo arriva alle elezioni regionali anche in Veneto, con il candidato presidente David Borrelli attuale Consigliere Comunale di Treviso, eletto con la precedente esperienza delle Liste Civiche. Il Movimento 5\u00a0Stelle non si dichiara un partito, n\u00e9 intende che lo diventi in futuro. La differenza? Basta vedere quello che sta succedendo anche tra chi proclamava giustizia, trasparenza e spazio ai giovani. L\u2019IDV\u00a0appoggia Vincenzo De Luca, sindaco di Salerno, candidato a governatore della Campania nonostante i due rinvii a giudizio per associazione per delinquere, concussione, truffa e falso. Ora ci siamo noi. Per chi vuole credere e vedere di che pasta siano fatti i nostri candidati,essi sono stati scelti tra i cittadini italiani incensurati e che non abbiano in corso alcun procedimento penale a proprio carico, qualunque sia la natura del reato ad essi contestato.L\u2019identit\u00e0 dei candidati a ciascuna carica elettiva \u00e8 resa pubblica attraverso il sito internet appositamente allestito nell\u2019ambito del blog; altrettanto pubbliche, trasparenti e non mediate saranno le discussioni inerenti tali candidature. Il programma \u00e8 suggerito dalle necessit\u00e0 dei cittadini spinti dalla rabbia nel vedere il nostro paese trascinato sempre pi\u00f9 in basso da una classe politica occupata a soddisfare solo i propri interessi.Non possediamo cifre ingenti come gli altri candidati per\u00a0ottenere visibilit\u00e0 ovunque,\u00a0ma abbiamo la rete,\u00a0www.movimentoveneto.it e\u00a0www.grillitv.it, \u00a0dove potete trarre qualsiasi informazione sul programma e le nostre idee. Info generali su www.beppegrillo.it<br \/>\nP.S.\u00a0 I nostri candidati sono disposti a spiegare il programma elettorale e a partecipare alle vostre tribune elettorali o a farvi pervenire un messaggio elettorale autogestito gratuito.<\/p>","protected":false},"excerpt":{"rendered":"<p>Il Movimento 5\u00a0Stelle voluto da Beppe Grillo arriva alle elezioni regionali anche in Veneto, con il candidato presidente David Borrelli attuale Consigliere Comunale di Treviso, eletto con la precedente esperienza delle Liste Civiche. Il Movimento 5\u00a0Stelle non si dichiara un partito, n\u00e9 intende che lo diventi in futuro. La differenza? Basta vedere quello che sta [&hellip;]<\/p>\n","protected":false},"author":2,"featured_media":0,"comment_status":"closed","ping_status":"open","sticky":false,"template":"","format":"standard","meta":{"footnotes":""},"categories":[5,26],"tags":[],"class_list":["post-13082","post","type-post","status-publish","format-standard","category-cronaca","category-prima-pagina"],"yoast_head":"<!-- This site is optimized with the Yoast SEO plugin v28.4 - https:\/\/yoast.com\/product\/yoast-seo-wordpress\/ -->\n<title>Il movimento 5 stelle di Beppe Griilo approda alle regionali anche in Veneto - Bellunopress - Dolomiti<\/title>\n<meta name=\"robots\" content=\"index, follow, max-snippet:-1, max-image-preview:large, max-video-preview:-1\" \/>\n<link rel=\"canonical\" href=\"https:\/\/www.bellunopress.it\/fr\/2010\/03\/02\/il-movimento-5-stelle-di-beppe-griilo-approda-alle-regionali-anche-in-veneto\/\" \/>\n<meta property=\"og:locale\" content=\"fr_FR\" \/>\n<meta property=\"og:type\" content=\"article\" \/>\n<meta property=\"og:title\" content=\"Il movimento 5 stelle di Beppe Griilo approda alle regionali anche in Veneto - Bellunopress - Dolomiti\" \/>\n<meta property=\"og:description\" content=\"Il Movimento 5\u00a0Stelle voluto da Beppe Grillo arriva alle elezioni regionali anche in Veneto, con il candidato presidente David Borrelli attuale Consigliere Comunale di Treviso, eletto con la precedente esperienza delle Liste Civiche. Il Movimento 5\u00a0Stelle non si dichiara un partito, n\u00e9 intende che lo diventi in futuro. La differenza? Basta vedere quello che sta [&hellip;]\" \/>\n<meta property=\"og:url\" content=\"https:\/\/www.bellunopress.it\/fr\/2010\/03\/02\/il-movimento-5-stelle-di-beppe-griilo-approda-alle-regionali-anche-in-veneto\/\" \/>\n<meta property=\"og:site_name\" content=\"Bellunopress - Dolomiti\" \/>\n<meta property=\"article:publisher\" content=\"https:\/\/www.facebook.com\/profile.php?id=100008943462799\" \/>\n<meta property=\"article:published_time\" content=\"2010-03-02T11:41:54+00:00\" \/>\n<meta property=\"og:image\" content=\"http:\/\/www.bellunopress.it\/wp-content\/uploads\/2012\/07\/logo-bellunopress-250x250-2012.jpg\" \/>\n<meta name=\"author\" content=\"redazione\" \/>\n<meta name=\"twitter:card\" content=\"summary_large_image\" \/>\n<meta name=\"twitter:creator\" content=\"@bellunopress\" \/>\n<meta name=\"twitter:site\" content=\"@bellunopress\" \/>\n<meta name=\"twitter:label1\" content=\"\u00c9crit par\" \/>\n\t<meta name=\"twitter:data1\" content=\"redazione\" \/>\n\t<meta name=\"twitter:label2\" content=\"Dur\u00e9e de lecture estim\u00e9e\" \/>\n\t<meta name=\"twitter:data2\" content=\"1 minute\" \/>\n<script type=\"application\/ld+json\" class=\"yoast-schema-graph\">{\"@context\":\"https:\\\/\\\/schema.org\",\"@graph\":[{\"@type\":\"Article\",\"@id\":\"https:\\\/\\\/www.bellunopress.it\\\/2010\\\/03\\\/02\\\/il-movimento-5-stelle-di-beppe-griilo-approda-alle-regionali-anche-in-veneto\\\/#article\",\"isPartOf\":{\"@id\":\"https:\\\/\\\/www.bellunopress.it\\\/2010\\\/03\\\/02\\\/il-movimento-5-stelle-di-beppe-griilo-approda-alle-regionali-anche-in-veneto\\\/\"},\"author\":{\"name\":\"redazione\",\"@id\":\"https:\\\/\\\/www.bellunopress.it\\\/#\\\/schema\\\/person\\\/79bb06722b37ece1c03d3e94beb30d73\"},\"headline\":\"Il movimento 5 stelle di Beppe Griilo approda alle regionali anche in Veneto\",\"datePublished\":\"2010-03-02T11:41:54+00:00\",\"mainEntityOfPage\":{\"@id\":\"https:\\\/\\\/www.bellunopress.it\\\/2010\\\/03\\\/02\\\/il-movimento-5-stelle-di-beppe-griilo-approda-alle-regionali-anche-in-veneto\\\/\"},\"wordCount\":285,\"publisher\":{\"@id\":\"https:\\\/\\\/www.bellunopress.it\\\/#organization\"},\"articleSection\":[\"Cronaca\\\/Politica\",\"Prima Pagina\"],\"inLanguage\":\"fr-FR\"},{\"@type\":\"WebPage\",\"@id\":\"https:\\\/\\\/www.bellunopress.it\\\/2010\\\/03\\\/02\\\/il-movimento-5-stelle-di-beppe-griilo-approda-alle-regionali-anche-in-veneto\\\/\",\"url\":\"https:\\\/\\\/www.bellunopress.it\\\/2010\\\/03\\\/02\\\/il-movimento-5-stelle-di-beppe-griilo-approda-alle-regionali-anche-in-veneto\\\/\",\"name\":\"Il movimento 5 stelle di Beppe Griilo approda alle regionali anche in Veneto - Bellunopress - Dolomiti\",\"isPartOf\":{\"@id\":\"https:\\\/\\\/www.bellunopress.it\\\/#website\"},\"datePublished\":\"2010-03-02T11:41:54+00:00\",\"breadcrumb\":{\"@id\":\"https:\\\/\\\/www.bellunopress.it\\\/2010\\\/03\\\/02\\\/il-movimento-5-stelle-di-beppe-griilo-approda-alle-regionali-anche-in-veneto\\\/#breadcrumb\"},\"inLanguage\":\"fr-FR\",\"potentialAction\":[{\"@type\":\"ReadAction\",\"target\":[\"https:\\\/\\\/www.bellunopress.it\\\/2010\\\/03\\\/02\\\/il-movimento-5-stelle-di-beppe-griilo-approda-alle-regionali-anche-in-veneto\\\/\"]}]},{\"@type\":\"BreadcrumbList\",\"@id\":\"https:\\\/\\\/www.bellunopress.it\\\/2010\\\/03\\\/02\\\/il-movimento-5-stelle-di-beppe-griilo-approda-alle-regionali-anche-in-veneto\\\/#breadcrumb\",\"itemListElement\":[{\"@type\":\"ListItem\",\"position\":1,\"name\":\"Home\",\"item\":\"https:\\\/\\\/www.bellunopress.it\\\/\"},{\"@type\":\"ListItem\",\"position\":2,\"name\":\"Il movimento 5 stelle di Beppe Griilo approda alle regionali anche in Veneto\"}]},{\"@type\":\"WebSite\",\"@id\":\"https:\\\/\\\/www.bellunopress.it\\\/#website\",\"url\":\"https:\\\/\\\/www.bellunopress.it\\\/\",\"name\":\"Bellunopress - Dolomiti\",\"description\":\"e-mail: redazione@bellunopress.it\",\"publisher\":{\"@id\":\"https:\\\/\\\/www.bellunopress.it\\\/#organization\"},\"potentialAction\":[{\"@type\":\"SearchAction\",\"target\":{\"@type\":\"EntryPoint\",\"urlTemplate\":\"https:\\\/\\\/www.bellunopress.it\\\/?s={search_term_string}\"},\"query-input\":{\"@type\":\"PropertyValueSpecification\",\"valueRequired\":true,\"valueName\":\"search_term_string\"}}],\"inLanguage\":\"fr-FR\"},{\"@type\":\"Organization\",\"@id\":\"https:\\\/\\\/www.bellunopress.it\\\/#organization\",\"name\":\"Bellunopress\",\"url\":\"https:\\\/\\\/www.bellunopress.it\\\/\",\"logo\":{\"@type\":\"ImageObject\",\"inLanguage\":\"fr-FR\",\"@id\":\"https:\\\/\\\/www.bellunopress.it\\\/#\\\/schema\\\/logo\\\/image\\\/\",\"url\":\"https:\\\/\\\/www.bellunopress.it\\\/wp-content\\\/uploads\\\/2011\\\/05\\\/cropped-logo-bellunopress-.jpg\",\"contentUrl\":\"https:\\\/\\\/www.bellunopress.it\\\/wp-content\\\/uploads\\\/2011\\\/05\\\/cropped-logo-bellunopress-.jpg\",\"width\":512,\"height\":512,\"caption\":\"Bellunopress\"},\"image\":{\"@id\":\"https:\\\/\\\/www.bellunopress.it\\\/#\\\/schema\\\/logo\\\/image\\\/\"},\"sameAs\":[\"https:\\\/\\\/www.facebook.com\\\/profile.php?id=100008943462799\",\"https:\\\/\\\/x.com\\\/bellunopress\",\"https:\\\/\\\/www.linkedin.com\\\/hp\\\/?dnr=JBzUWaJfMUw8vbXJJ2tVW5-I3jZKvC4wsoxE&amp;amp;amp;amp;amp;amp;trk=nav_responsive_tab_home\",\"https:\\\/\\\/www.youtube.com\\\/channel\\\/UCxL0wu1uN0_3_7hGG0306cw\"]},{\"@type\":\"Person\",\"@id\":\"https:\\\/\\\/www.bellunopress.it\\\/#\\\/schema\\\/person\\\/79bb06722b37ece1c03d3e94beb30d73\",\"name\":\"redazione\",\"image\":{\"@type\":\"ImageObject\",\"inLanguage\":\"fr-FR\",\"@id\":\"https:\\\/\\\/secure.gravatar.com\\\/avatar\\\/37d968a2e67a6fd04c169c4bdef102d0bc5d31b2546345219e348575eb80e9a0?s=96&d=mm&r=g\",\"url\":\"https:\\\/\\\/secure.gravatar.com\\\/avatar\\\/37d968a2e67a6fd04c169c4bdef102d0bc5d31b2546345219e348575eb80e9a0?s=96&d=mm&r=g\",\"contentUrl\":\"https:\\\/\\\/secure.gravatar.com\\\/avatar\\\/37d968a2e67a6fd04c169c4bdef102d0bc5d31b2546345219e348575eb80e9a0?s=96&d=mm&r=g\",\"caption\":\"redazione\"},\"sameAs\":[\"http:\\\/\\\/www.bellunopress.it\",\"https:\\\/\\\/x.com\\\/bellunopress\"],\"url\":\"https:\\\/\\\/www.bellunopress.it\\\/fr\\\/author\\\/redazione\\\/\"}]}<\/script>\n<!-- \/ Yoast SEO plugin. -->","yoast_head_json":{"title":"Il movimento 5 stelle di Beppe Griilo approda alle regionali anche in Veneto - Bellunopress - Dolomiti","robots":{"index":"index","follow":"follow","max-snippet":"max-snippet:-1","max-image-preview":"max-image-preview:large","max-video-preview":"max-video-preview:-1"},"canonical":"https:\/\/www.bellunopress.it\/fr\/2010\/03\/02\/il-movimento-5-stelle-di-beppe-griilo-approda-alle-regionali-anche-in-veneto\/","og_locale":"fr_FR","og_type":"article","og_title":"Il movimento 5 stelle di Beppe Griilo approda alle regionali anche in Veneto - Bellunopress - Dolomiti","og_description":"Il Movimento 5\u00a0Stelle voluto da Beppe Grillo arriva alle elezioni regionali anche in Veneto, con il candidato presidente David Borrelli attuale Consigliere Comunale di Treviso, eletto con la precedente esperienza delle Liste Civiche. Il Movimento 5\u00a0Stelle non si dichiara un partito, n\u00e9 intende che lo diventi in futuro. La differenza? Basta vedere quello che sta [&hellip;]","og_url":"https:\/\/www.bellunopress.it\/fr\/2010\/03\/02\/il-movimento-5-stelle-di-beppe-griilo-approda-alle-regionali-anche-in-veneto\/","og_site_name":"Bellunopress - Dolomiti","article_publisher":"https:\/\/www.facebook.com\/profile.php?id=100008943462799","article_published_time":"2010-03-02T11:41:54+00:00","og_image":[{"url":"http:\/\/www.bellunopress.it\/wp-content\/uploads\/2012\/07\/logo-bellunopress-250x250-2012.jpg","type":"","width":"","height":""}],"author":"redazione","twitter_card":"summary_large_image","twitter_creator":"@bellunopress","twitter_site":"@bellunopress","twitter_misc":{"\u00c9crit par":"redazione","Dur\u00e9e de lecture estim\u00e9e":"1 minute"},"schema":{"@context":"https:\/\/schema.org","@graph":[{"@type":"Article","@id":"https:\/\/www.bellunopress.it\/2010\/03\/02\/il-movimento-5-stelle-di-beppe-griilo-approda-alle-regionali-anche-in-veneto\/#article","isPartOf":{"@id":"https:\/\/www.bellunopress.it\/2010\/03\/02\/il-movimento-5-stelle-di-beppe-griilo-approda-alle-regionali-anche-in-veneto\/"},"author":{"name":"redazione","@id":"https:\/\/www.bellunopress.it\/#\/schema\/person\/79bb06722b37ece1c03d3e94beb30d73"},"headline":"Il movimento 5 stelle di Beppe Griilo approda alle regionali anche in Veneto","datePublished":"2010-03-02T11:41:54+00:00","mainEntityOfPage":{"@id":"https:\/\/www.bellunopress.it\/2010\/03\/02\/il-movimento-5-stelle-di-beppe-griilo-approda-alle-regionali-anche-in-veneto\/"},"wordCount":285,"publisher":{"@id":"https:\/\/www.bellunopress.it\/#organization"},"articleSection":["Cronaca\/Politica","Prima Pagina"],"inLanguage":"fr-FR"},{"@type":"WebPage","@id":"https:\/\/www.bellunopress.it\/2010\/03\/02\/il-movimento-5-stelle-di-beppe-griilo-approda-alle-regionali-anche-in-veneto\/","url":"https:\/\/www.bellunopress.it\/2010\/03\/02\/il-movimento-5-stelle-di-beppe-griilo-approda-alle-regionali-anche-in-veneto\/","name":"Il movimento 5 stelle di Beppe Griilo approda alle regionali anche in Veneto - Bellunopress - Dolomiti","isPartOf":{"@id":"https:\/\/www.bellunopress.it\/#website"},"datePublished":"2010-03-02T11:41:54+00:00","breadcrumb":{"@id":"https:\/\/www.bellunopress.it\/2010\/03\/02\/il-movimento-5-stelle-di-beppe-griilo-approda-alle-regionali-anche-in-veneto\/#breadcrumb"},"inLanguage":"fr-FR","potentialAction":[{"@type":"ReadAction","target":["https:\/\/www.bellunopress.it\/2010\/03\/02\/il-movimento-5-stelle-di-beppe-griilo-approda-alle-regionali-anche-in-veneto\/"]}]},{"@type":"BreadcrumbList","@id":"https:\/\/www.bellunopress.it\/2010\/03\/02\/il-movimento-5-stelle-di-beppe-griilo-approda-alle-regionali-anche-in-veneto\/#breadcrumb","itemListElement":[{"@type":"ListItem","position":1,"name":"Home","item":"https:\/\/www.bellunopress.it\/"},{"@type":"ListItem","position":2,"name":"Il movimento 5 stelle di Beppe Griilo approda alle regionali anche in Veneto"}]},{"@type":"WebSite","@id":"https:\/\/www.bellunopress.it\/#website","url":"https:\/\/www.bellunopress.it\/","name":"Bellunopress - Dolomiti","description":"e-mail: redazione@bellunopress.it","publisher":{"@id":"https:\/\/www.bellunopress.it\/#organization"},"potentialAction":[{"@type":"SearchAction","target":{"@type":"EntryPoint","urlTemplate":"https:\/\/www.bellunopress.it\/?s={search_term_string}"},"query-input":{"@type":"PropertyValueSpecification","valueRequired":true,"valueName":"search_term_string"}}],"inLanguage":"fr-FR"},{"@type":"Organization","@id":"https:\/\/www.bellunopress.it\/#organization","name":"Bellunopress","url":"https:\/\/www.bellunopress.it\/","logo":{"@type":"ImageObject","inLanguage":"fr-FR","@id":"https:\/\/www.bellunopress.it\/#\/schema\/logo\/image\/","url":"https:\/\/www.bellunopress.it\/wp-content\/uploads\/2011\/05\/cropped-logo-bellunopress-.jpg","contentUrl":"https:\/\/www.bellunopress.it\/wp-content\/uploads\/2011\/05\/cropped-logo-bellunopress-.jpg","width":512,"height":512,"caption":"Bellunopress"},"image":{"@id":"https:\/\/www.bellunopress.it\/#\/schema\/logo\/image\/"},"sameAs":["https:\/\/www.facebook.com\/profile.php?id=100008943462799","https:\/\/x.com\/bellunopress","https:\/\/www.linkedin.com\/hp\/?dnr=JBzUWaJfMUw8vbXJJ2tVW5-I3jZKvC4wsoxE&amp;amp;amp;amp;amp;amp;trk=nav_responsive_tab_home","https:\/\/www.youtube.com\/channel\/UCxL0wu1uN0_3_7hGG0306cw"]},{"@type":"Person","@id":"https:\/\/www.bellunopress.it\/#\/schema\/person\/79bb06722b37ece1c03d3e94beb30d73","name":"r\u00e9daction","image":{"@type":"ImageObject","inLanguage":"fr-FR","@id":"https:\/\/secure.gravatar.com\/avatar\/37d968a2e67a6fd04c169c4bdef102d0bc5d31b2546345219e348575eb80e9a0?s=96&d=mm&r=g","url":"https:\/\/secure.gravatar.com\/avatar\/37d968a2e67a6fd04c169c4bdef102d0bc5d31b2546345219e348575eb80e9a0?s=96&d=mm&r=g","contentUrl":"https:\/\/secure.gravatar.com\/avatar\/37d968a2e67a6fd04c169c4bdef102d0bc5d31b2546345219e348575eb80e9a0?s=96&d=mm&r=g","caption":"redazione"},"sameAs":["http:\/\/www.bellunopress.it","https:\/\/x.com\/bellunopress"],"url":"https:\/\/www.bellunopress.it\/fr\/author\/redazione\/"}]}},"_links":{"self":[{"href":"https:\/\/www.bellunopress.it\/fr\/wp-json\/wp\/v2\/posts\/13082","targetHints":{"allow":["GET"]}}],"collection":[{"href":"https:\/\/www.bellunopress.it\/fr\/wp-json\/wp\/v2\/posts"}],"about":[{"href":"https:\/\/www.bellunopress.it\/fr\/wp-json\/wp\/v2\/types\/post"}],"author":[{"embeddable":true,"href":"https:\/\/www.bellunopress.it\/fr\/wp-json\/wp\/v2\/users\/2"}],"replies":[{"embeddable":true,"href":"https:\/\/www.bellunopress.it\/fr\/wp-json\/wp\/v2\/comments?post=13082"}],"version-history":[{"count":1,"href":"https:\/\/www.bellunopress.it\/fr\/wp-json\/wp\/v2\/posts\/13082\/revisions"}],"predecessor-version":[{"id":13083,"href":"https:\/\/www.bellunopress.it\/fr\/wp-json\/wp\/v2\/posts\/13082\/revisions\/13083"}],"wp:attachment":[{"href":"https:\/\/www.bellunopress.it\/fr\/wp-json\/wp\/v2\/media?parent=13082"}],"wp:term":[{"taxonomy":"category","embeddable":true,"href":"https:\/\/www.bellunopress.it\/fr\/wp-json\/wp\/v2\/categories?post=13082"},{"taxonomy":"post_tag","embeddable":true,"href":"https:\/\/www.bellunopress.it\/fr\/wp-json\/wp\/v2\/tags?post=13082"}],"curies":[{"name":"wp","href":"https:\/\/api.w.org\/{rel}","templated":true}]}}