{"id":130788,"date":"2022-01-22T18:17:46","date_gmt":"2022-01-22T17:17:46","guid":{"rendered":"https:\/\/www.bellunopress.it\/?p=130788"},"modified":"2022-01-23T16:17:20","modified_gmt":"2022-01-23T15:17:20","slug":"no-green-pass-25-belluno-in-200-al-consueto-appuntamento-al-parco-citta-di-bologna","status":"publish","type":"post","link":"https:\/\/www.bellunopress.it\/fr\/2022\/01\/22\/no-green-pass-25-belluno-in-200-al-consueto-appuntamento-al-parco-citta-di-bologna\/","title":{"rendered":"No green pass 25 Belluno. In 200 al consueto appuntamento al Parco Citt\u00e0 di Bologna"},"content":{"rendered":"<p><img loading=\"lazy\" decoding=\"async\" class=\"alignleft size-medium wp-image-130789\" src=\"https:\/\/www.bellunopress.it\/wp-content\/uploads\/2022\/01\/no-green-pass-25_edited-500x375.jpg\" alt=\"\" width=\"500\" height=\"375\" srcset=\"https:\/\/www.bellunopress.it\/wp-content\/uploads\/2022\/01\/no-green-pass-25_edited-500x375.jpg 500w, https:\/\/www.bellunopress.it\/wp-content\/uploads\/2022\/01\/no-green-pass-25_edited-696x522.jpg 696w, https:\/\/www.bellunopress.it\/wp-content\/uploads\/2022\/01\/no-green-pass-25_edited-560x420.jpg 560w, https:\/\/www.bellunopress.it\/wp-content\/uploads\/2022\/01\/no-green-pass-25_edited-80x60.jpg 80w, https:\/\/www.bellunopress.it\/wp-content\/uploads\/2022\/01\/no-green-pass-25_edited-265x198.jpg 265w, https:\/\/www.bellunopress.it\/wp-content\/uploads\/2022\/01\/no-green-pass-25_edited.jpg 1000w\" sizes=\"auto, (max-width: 500px) 100vw, 500px\" \/>Belluno, 22 gennaio 2022 &#8211; Il dissenso prosegue a Belluno. Oggi siamo alla 24ma settimana (con interruzione Natale-Capodanno) e alla 25ma manifestazione. I partecipanti, perlopi\u00f9 costituiti da una quota fissa di fedelissimi e una quota che varia da settimana in settimana, si sono ritrovati al Parco &#8220;Citt\u00e0 di Bologna&#8221; dalle 15:00 di oggi, come da programma. Se dovessimo tracciare un identikit medio del partecipante, lo inquadreremo in quell&#8217;area &#8220;naturalista&#8221; del 50enne che ama lo sport, la montagna, la vita sana. Oppure dell&#8217;ex sessantottino, reduce della contestazione giovanile dell&#8217;estrema sinistra, le cui posizioni oggi si toccano con quelle dell&#8217;estrema desta. Un fronte comune antigovernativo alimentato da dpcm e decreti che si accavallano e da dichiarazioni contrastanti dei politici. Oltre a una punta di incomprensibile sadismo laddove, ad esempio, si vieta al pensionato sprovvisto di greenpass di recarsi alle Poste per ritirare la pensione. Oppure il ridicolo controllo della spesa esclusivamente necessaria di alimentari, sempre nei confronti di chi non ha il greenpass. Dispettucci da bambini dell&#8217;asilo proclamati da un Palazzo dorato lontano dalla gente comune. Il dissenso prosegue sabato prossimo per la 26ma puntata.<\/p>\n<p>&nbsp;<\/p>\n<p>&nbsp;<\/p>","protected":false},"excerpt":{"rendered":"<p>Belluno, 22 gennaio 2022 &#8211; Il dissenso prosegue a Belluno. Oggi siamo alla 24ma settimana (con interruzione Natale-Capodanno) e alla 25ma manifestazione. I partecipanti, perlopi\u00f9 costituiti da una quota fissa di fedelissimi e una quota che varia da settimana in settimana, si sono ritrovati al Parco &#8220;Citt\u00e0 di Bologna&#8221; dalle 15:00 di oggi, come da [&hellip;]<\/p>\n","protected":false},"author":2,"featured_media":130789,"comment_status":"closed","ping_status":"open","sticky":false,"template":"","format":"standard","meta":{"footnotes":""},"categories":[5,3446,26],"tags":[],"class_list":["post-130788","post","type-post","status-publish","format-standard","has-post-thumbnail","category-cronaca","category-featured","category-prima-pagina"],"yoast_head":"<!-- This site is optimized with the Yoast SEO plugin v28.4 - https:\/\/yoast.com\/product\/yoast-seo-wordpress\/ -->\n<title>No green pass 25 Belluno. In 200 al consueto appuntamento al Parco Citt\u00e0 di Bologna - Bellunopress - Dolomiti<\/title>\n<meta name=\"robots\" content=\"index, follow, max-snippet:-1, max-image-preview:large, max-video-preview:-1\" \/>\n<link rel=\"canonical\" href=\"https:\/\/www.bellunopress.it\/fr\/2022\/01\/22\/no-green-pass-25-belluno-in-200-al-consueto-appuntamento-al-parco-citta-di-bologna\/\" \/>\n<meta property=\"og:locale\" content=\"fr_FR\" \/>\n<meta property=\"og:type\" content=\"article\" \/>\n<meta property=\"og:title\" content=\"No green pass 25 Belluno. In 200 al consueto appuntamento al Parco Citt\u00e0 di Bologna - Bellunopress - Dolomiti\" \/>\n<meta property=\"og:description\" content=\"Belluno, 22 gennaio 2022 &#8211; Il dissenso prosegue a Belluno. Oggi siamo alla 24ma settimana (con interruzione Natale-Capodanno) e alla 25ma manifestazione. I partecipanti, perlopi\u00f9 costituiti da una quota fissa di fedelissimi e una quota che varia da settimana in settimana, si sono ritrovati al Parco &#8220;Citt\u00e0 di Bologna&#8221; dalle 15:00 di oggi, come da [&hellip;]\" \/>\n<meta property=\"og:url\" content=\"https:\/\/www.bellunopress.it\/fr\/2022\/01\/22\/no-green-pass-25-belluno-in-200-al-consueto-appuntamento-al-parco-citta-di-bologna\/\" \/>\n<meta property=\"og:site_name\" content=\"Bellunopress - Dolomiti\" \/>\n<meta property=\"article:publisher\" content=\"https:\/\/www.facebook.com\/profile.php?id=100008943462799\" \/>\n<meta property=\"article:published_time\" content=\"2022-01-22T17:17:46+00:00\" \/>\n<meta property=\"article:modified_time\" content=\"2022-01-23T15:17:20+00:00\" \/>\n<meta property=\"og:image\" content=\"https:\/\/www.bellunopress.it\/wp-content\/uploads\/2022\/01\/no-green-pass-25_edited.jpg\" \/>\n\t<meta property=\"og:image:width\" content=\"1000\" \/>\n\t<meta property=\"og:image:height\" content=\"750\" \/>\n\t<meta property=\"og:image:type\" content=\"image\/jpeg\" \/>\n<meta name=\"author\" content=\"redazione\" \/>\n<meta name=\"twitter:card\" content=\"summary_large_image\" \/>\n<meta name=\"twitter:creator\" content=\"@bellunopress\" \/>\n<meta name=\"twitter:site\" content=\"@bellunopress\" \/>\n<meta name=\"twitter:label1\" content=\"\u00c9crit par\" \/>\n\t<meta name=\"twitter:data1\" content=\"redazione\" \/>\n\t<meta name=\"twitter:label2\" content=\"Dur\u00e9e de lecture estim\u00e9e\" \/>\n\t<meta name=\"twitter:data2\" content=\"2 minutes\" \/>\n<script type=\"application\/ld+json\" class=\"yoast-schema-graph\">{\"@context\":\"https:\\\/\\\/schema.org\",\"@graph\":[{\"@type\":\"Article\",\"@id\":\"https:\\\/\\\/www.bellunopress.it\\\/2022\\\/01\\\/22\\\/no-green-pass-25-belluno-in-200-al-consueto-appuntamento-al-parco-citta-di-bologna\\\/#article\",\"isPartOf\":{\"@id\":\"https:\\\/\\\/www.bellunopress.it\\\/2022\\\/01\\\/22\\\/no-green-pass-25-belluno-in-200-al-consueto-appuntamento-al-parco-citta-di-bologna\\\/\"},\"author\":{\"name\":\"redazione\",\"@id\":\"https:\\\/\\\/www.bellunopress.it\\\/#\\\/schema\\\/person\\\/79bb06722b37ece1c03d3e94beb30d73\"},\"headline\":\"No green pass 25 Belluno. In 200 al consueto appuntamento al Parco Citt\u00e0 di Bologna\",\"datePublished\":\"2022-01-22T17:17:46+00:00\",\"dateModified\":\"2022-01-23T15:17:20+00:00\",\"mainEntityOfPage\":{\"@id\":\"https:\\\/\\\/www.bellunopress.it\\\/2022\\\/01\\\/22\\\/no-green-pass-25-belluno-in-200-al-consueto-appuntamento-al-parco-citta-di-bologna\\\/\"},\"wordCount\":200,\"publisher\":{\"@id\":\"https:\\\/\\\/www.bellunopress.it\\\/#organization\"},\"image\":{\"@id\":\"https:\\\/\\\/www.bellunopress.it\\\/2022\\\/01\\\/22\\\/no-green-pass-25-belluno-in-200-al-consueto-appuntamento-al-parco-citta-di-bologna\\\/#primaryimage\"},\"thumbnailUrl\":\"https:\\\/\\\/www.bellunopress.it\\\/wp-content\\\/uploads\\\/2022\\\/01\\\/no-green-pass-25_edited.jpg\",\"articleSection\":[\"Cronaca\\\/Politica\",\"Featured\",\"Prima Pagina\"],\"inLanguage\":\"fr-FR\"},{\"@type\":\"WebPage\",\"@id\":\"https:\\\/\\\/www.bellunopress.it\\\/2022\\\/01\\\/22\\\/no-green-pass-25-belluno-in-200-al-consueto-appuntamento-al-parco-citta-di-bologna\\\/\",\"url\":\"https:\\\/\\\/www.bellunopress.it\\\/2022\\\/01\\\/22\\\/no-green-pass-25-belluno-in-200-al-consueto-appuntamento-al-parco-citta-di-bologna\\\/\",\"name\":\"No green pass 25 Belluno. In 200 al consueto appuntamento al Parco Citt\u00e0 di Bologna - Bellunopress - Dolomiti\",\"isPartOf\":{\"@id\":\"https:\\\/\\\/www.bellunopress.it\\\/#website\"},\"primaryImageOfPage\":{\"@id\":\"https:\\\/\\\/www.bellunopress.it\\\/2022\\\/01\\\/22\\\/no-green-pass-25-belluno-in-200-al-consueto-appuntamento-al-parco-citta-di-bologna\\\/#primaryimage\"},\"image\":{\"@id\":\"https:\\\/\\\/www.bellunopress.it\\\/2022\\\/01\\\/22\\\/no-green-pass-25-belluno-in-200-al-consueto-appuntamento-al-parco-citta-di-bologna\\\/#primaryimage\"},\"thumbnailUrl\":\"https:\\\/\\\/www.bellunopress.it\\\/wp-content\\\/uploads\\\/2022\\\/01\\\/no-green-pass-25_edited.jpg\",\"datePublished\":\"2022-01-22T17:17:46+00:00\",\"dateModified\":\"2022-01-23T15:17:20+00:00\",\"breadcrumb\":{\"@id\":\"https:\\\/\\\/www.bellunopress.it\\\/2022\\\/01\\\/22\\\/no-green-pass-25-belluno-in-200-al-consueto-appuntamento-al-parco-citta-di-bologna\\\/#breadcrumb\"},\"inLanguage\":\"fr-FR\",\"potentialAction\":[{\"@type\":\"ReadAction\",\"target\":[\"https:\\\/\\\/www.bellunopress.it\\\/2022\\\/01\\\/22\\\/no-green-pass-25-belluno-in-200-al-consueto-appuntamento-al-parco-citta-di-bologna\\\/\"]}]},{\"@type\":\"ImageObject\",\"inLanguage\":\"fr-FR\",\"@id\":\"https:\\\/\\\/www.bellunopress.it\\\/2022\\\/01\\\/22\\\/no-green-pass-25-belluno-in-200-al-consueto-appuntamento-al-parco-citta-di-bologna\\\/#primaryimage\",\"url\":\"https:\\\/\\\/www.bellunopress.it\\\/wp-content\\\/uploads\\\/2022\\\/01\\\/no-green-pass-25_edited.jpg\",\"contentUrl\":\"https:\\\/\\\/www.bellunopress.it\\\/wp-content\\\/uploads\\\/2022\\\/01\\\/no-green-pass-25_edited.jpg\",\"width\":1000,\"height\":750},{\"@type\":\"BreadcrumbList\",\"@id\":\"https:\\\/\\\/www.bellunopress.it\\\/2022\\\/01\\\/22\\\/no-green-pass-25-belluno-in-200-al-consueto-appuntamento-al-parco-citta-di-bologna\\\/#breadcrumb\",\"itemListElement\":[{\"@type\":\"ListItem\",\"position\":1,\"name\":\"Home\",\"item\":\"https:\\\/\\\/www.bellunopress.it\\\/\"},{\"@type\":\"ListItem\",\"position\":2,\"name\":\"No green pass 25 Belluno. In 200 al consueto appuntamento al Parco Citt\u00e0 di Bologna\"}]},{\"@type\":\"WebSite\",\"@id\":\"https:\\\/\\\/www.bellunopress.it\\\/#website\",\"url\":\"https:\\\/\\\/www.bellunopress.it\\\/\",\"name\":\"Bellunopress - Dolomiti\",\"description\":\"e-mail: redazione@bellunopress.it\",\"publisher\":{\"@id\":\"https:\\\/\\\/www.bellunopress.it\\\/#organization\"},\"potentialAction\":[{\"@type\":\"SearchAction\",\"target\":{\"@type\":\"EntryPoint\",\"urlTemplate\":\"https:\\\/\\\/www.bellunopress.it\\\/?s={search_term_string}\"},\"query-input\":{\"@type\":\"PropertyValueSpecification\",\"valueRequired\":true,\"valueName\":\"search_term_string\"}}],\"inLanguage\":\"fr-FR\"},{\"@type\":\"Organization\",\"@id\":\"https:\\\/\\\/www.bellunopress.it\\\/#organization\",\"name\":\"Bellunopress\",\"url\":\"https:\\\/\\\/www.bellunopress.it\\\/\",\"logo\":{\"@type\":\"ImageObject\",\"inLanguage\":\"fr-FR\",\"@id\":\"https:\\\/\\\/www.bellunopress.it\\\/#\\\/schema\\\/logo\\\/image\\\/\",\"url\":\"https:\\\/\\\/www.bellunopress.it\\\/wp-content\\\/uploads\\\/2011\\\/05\\\/cropped-logo-bellunopress-.jpg\",\"contentUrl\":\"https:\\\/\\\/www.bellunopress.it\\\/wp-content\\\/uploads\\\/2011\\\/05\\\/cropped-logo-bellunopress-.jpg\",\"width\":512,\"height\":512,\"caption\":\"Bellunopress\"},\"image\":{\"@id\":\"https:\\\/\\\/www.bellunopress.it\\\/#\\\/schema\\\/logo\\\/image\\\/\"},\"sameAs\":[\"https:\\\/\\\/www.facebook.com\\\/profile.php?id=100008943462799\",\"https:\\\/\\\/x.com\\\/bellunopress\",\"https:\\\/\\\/www.linkedin.com\\\/hp\\\/?dnr=JBzUWaJfMUw8vbXJJ2tVW5-I3jZKvC4wsoxE&amp;amp;amp;amp;amp;amp;trk=nav_responsive_tab_home\",\"https:\\\/\\\/www.youtube.com\\\/channel\\\/UCxL0wu1uN0_3_7hGG0306cw\"]},{\"@type\":\"Person\",\"@id\":\"https:\\\/\\\/www.bellunopress.it\\\/#\\\/schema\\\/person\\\/79bb06722b37ece1c03d3e94beb30d73\",\"name\":\"redazione\",\"image\":{\"@type\":\"ImageObject\",\"inLanguage\":\"fr-FR\",\"@id\":\"https:\\\/\\\/secure.gravatar.com\\\/avatar\\\/37d968a2e67a6fd04c169c4bdef102d0bc5d31b2546345219e348575eb80e9a0?s=96&d=mm&r=g\",\"url\":\"https:\\\/\\\/secure.gravatar.com\\\/avatar\\\/37d968a2e67a6fd04c169c4bdef102d0bc5d31b2546345219e348575eb80e9a0?s=96&d=mm&r=g\",\"contentUrl\":\"https:\\\/\\\/secure.gravatar.com\\\/avatar\\\/37d968a2e67a6fd04c169c4bdef102d0bc5d31b2546345219e348575eb80e9a0?s=96&d=mm&r=g\",\"caption\":\"redazione\"},\"sameAs\":[\"http:\\\/\\\/www.bellunopress.it\",\"https:\\\/\\\/x.com\\\/bellunopress\"],\"url\":\"https:\\\/\\\/www.bellunopress.it\\\/fr\\\/author\\\/redazione\\\/\"}]}<\/script>\n<!-- \/ Yoast SEO plugin. -->","yoast_head_json":{"title":"No green pass 25 Belluno. In 200 al consueto appuntamento al Parco Citt\u00e0 di Bologna - Bellunopress - Dolomiti","robots":{"index":"index","follow":"follow","max-snippet":"max-snippet:-1","max-image-preview":"max-image-preview:large","max-video-preview":"max-video-preview:-1"},"canonical":"https:\/\/www.bellunopress.it\/fr\/2022\/01\/22\/no-green-pass-25-belluno-in-200-al-consueto-appuntamento-al-parco-citta-di-bologna\/","og_locale":"fr_FR","og_type":"article","og_title":"No green pass 25 Belluno. In 200 al consueto appuntamento al Parco Citt\u00e0 di Bologna - Bellunopress - Dolomiti","og_description":"Belluno, 22 gennaio 2022 &#8211; Il dissenso prosegue a Belluno. Oggi siamo alla 24ma settimana (con interruzione Natale-Capodanno) e alla 25ma manifestazione. I partecipanti, perlopi\u00f9 costituiti da una quota fissa di fedelissimi e una quota che varia da settimana in settimana, si sono ritrovati al Parco &#8220;Citt\u00e0 di Bologna&#8221; dalle 15:00 di oggi, come da [&hellip;]","og_url":"https:\/\/www.bellunopress.it\/fr\/2022\/01\/22\/no-green-pass-25-belluno-in-200-al-consueto-appuntamento-al-parco-citta-di-bologna\/","og_site_name":"Bellunopress - Dolomiti","article_publisher":"https:\/\/www.facebook.com\/profile.php?id=100008943462799","article_published_time":"2022-01-22T17:17:46+00:00","article_modified_time":"2022-01-23T15:17:20+00:00","og_image":[{"width":1000,"height":750,"url":"https:\/\/www.bellunopress.it\/wp-content\/uploads\/2022\/01\/no-green-pass-25_edited.jpg","type":"image\/jpeg"}],"author":"redazione","twitter_card":"summary_large_image","twitter_creator":"@bellunopress","twitter_site":"@bellunopress","twitter_misc":{"\u00c9crit par":"redazione","Dur\u00e9e de lecture estim\u00e9e":"2 minutes"},"schema":{"@context":"https:\/\/schema.org","@graph":[{"@type":"Article","@id":"https:\/\/www.bellunopress.it\/2022\/01\/22\/no-green-pass-25-belluno-in-200-al-consueto-appuntamento-al-parco-citta-di-bologna\/#article","isPartOf":{"@id":"https:\/\/www.bellunopress.it\/2022\/01\/22\/no-green-pass-25-belluno-in-200-al-consueto-appuntamento-al-parco-citta-di-bologna\/"},"author":{"name":"redazione","@id":"https:\/\/www.bellunopress.it\/#\/schema\/person\/79bb06722b37ece1c03d3e94beb30d73"},"headline":"No green pass 25 Belluno. In 200 al consueto appuntamento al Parco Citt\u00e0 di Bologna","datePublished":"2022-01-22T17:17:46+00:00","dateModified":"2022-01-23T15:17:20+00:00","mainEntityOfPage":{"@id":"https:\/\/www.bellunopress.it\/2022\/01\/22\/no-green-pass-25-belluno-in-200-al-consueto-appuntamento-al-parco-citta-di-bologna\/"},"wordCount":200,"publisher":{"@id":"https:\/\/www.bellunopress.it\/#organization"},"image":{"@id":"https:\/\/www.bellunopress.it\/2022\/01\/22\/no-green-pass-25-belluno-in-200-al-consueto-appuntamento-al-parco-citta-di-bologna\/#primaryimage"},"thumbnailUrl":"https:\/\/www.bellunopress.it\/wp-content\/uploads\/2022\/01\/no-green-pass-25_edited.jpg","articleSection":["Cronaca\/Politica","Featured","Prima Pagina"],"inLanguage":"fr-FR"},{"@type":"WebPage","@id":"https:\/\/www.bellunopress.it\/2022\/01\/22\/no-green-pass-25-belluno-in-200-al-consueto-appuntamento-al-parco-citta-di-bologna\/","url":"https:\/\/www.bellunopress.it\/2022\/01\/22\/no-green-pass-25-belluno-in-200-al-consueto-appuntamento-al-parco-citta-di-bologna\/","name":"No green pass 25 Belluno. In 200 al consueto appuntamento al Parco Citt\u00e0 di Bologna - Bellunopress - Dolomiti","isPartOf":{"@id":"https:\/\/www.bellunopress.it\/#website"},"primaryImageOfPage":{"@id":"https:\/\/www.bellunopress.it\/2022\/01\/22\/no-green-pass-25-belluno-in-200-al-consueto-appuntamento-al-parco-citta-di-bologna\/#primaryimage"},"image":{"@id":"https:\/\/www.bellunopress.it\/2022\/01\/22\/no-green-pass-25-belluno-in-200-al-consueto-appuntamento-al-parco-citta-di-bologna\/#primaryimage"},"thumbnailUrl":"https:\/\/www.bellunopress.it\/wp-content\/uploads\/2022\/01\/no-green-pass-25_edited.jpg","datePublished":"2022-01-22T17:17:46+00:00","dateModified":"2022-01-23T15:17:20+00:00","breadcrumb":{"@id":"https:\/\/www.bellunopress.it\/2022\/01\/22\/no-green-pass-25-belluno-in-200-al-consueto-appuntamento-al-parco-citta-di-bologna\/#breadcrumb"},"inLanguage":"fr-FR","potentialAction":[{"@type":"ReadAction","target":["https:\/\/www.bellunopress.it\/2022\/01\/22\/no-green-pass-25-belluno-in-200-al-consueto-appuntamento-al-parco-citta-di-bologna\/"]}]},{"@type":"ImageObject","inLanguage":"fr-FR","@id":"https:\/\/www.bellunopress.it\/2022\/01\/22\/no-green-pass-25-belluno-in-200-al-consueto-appuntamento-al-parco-citta-di-bologna\/#primaryimage","url":"https:\/\/www.bellunopress.it\/wp-content\/uploads\/2022\/01\/no-green-pass-25_edited.jpg","contentUrl":"https:\/\/www.bellunopress.it\/wp-content\/uploads\/2022\/01\/no-green-pass-25_edited.jpg","width":1000,"height":750},{"@type":"BreadcrumbList","@id":"https:\/\/www.bellunopress.it\/2022\/01\/22\/no-green-pass-25-belluno-in-200-al-consueto-appuntamento-al-parco-citta-di-bologna\/#breadcrumb","itemListElement":[{"@type":"ListItem","position":1,"name":"Home","item":"https:\/\/www.bellunopress.it\/"},{"@type":"ListItem","position":2,"name":"No green pass 25 Belluno. In 200 al consueto appuntamento al Parco Citt\u00e0 di Bologna"}]},{"@type":"WebSite","@id":"https:\/\/www.bellunopress.it\/#website","url":"https:\/\/www.bellunopress.it\/","name":"Bellunopress - Dolomiti","description":"e-mail: redazione@bellunopress.it","publisher":{"@id":"https:\/\/www.bellunopress.it\/#organization"},"potentialAction":[{"@type":"SearchAction","target":{"@type":"EntryPoint","urlTemplate":"https:\/\/www.bellunopress.it\/?s={search_term_string}"},"query-input":{"@type":"PropertyValueSpecification","valueRequired":true,"valueName":"search_term_string"}}],"inLanguage":"fr-FR"},{"@type":"Organization","@id":"https:\/\/www.bellunopress.it\/#organization","name":"Bellunopress","url":"https:\/\/www.bellunopress.it\/","logo":{"@type":"ImageObject","inLanguage":"fr-FR","@id":"https:\/\/www.bellunopress.it\/#\/schema\/logo\/image\/","url":"https:\/\/www.bellunopress.it\/wp-content\/uploads\/2011\/05\/cropped-logo-bellunopress-.jpg","contentUrl":"https:\/\/www.bellunopress.it\/wp-content\/uploads\/2011\/05\/cropped-logo-bellunopress-.jpg","width":512,"height":512,"caption":"Bellunopress"},"image":{"@id":"https:\/\/www.bellunopress.it\/#\/schema\/logo\/image\/"},"sameAs":["https:\/\/www.facebook.com\/profile.php?id=100008943462799","https:\/\/x.com\/bellunopress","https:\/\/www.linkedin.com\/hp\/?dnr=JBzUWaJfMUw8vbXJJ2tVW5-I3jZKvC4wsoxE&amp;amp;amp;amp;amp;amp;trk=nav_responsive_tab_home","https:\/\/www.youtube.com\/channel\/UCxL0wu1uN0_3_7hGG0306cw"]},{"@type":"Person","@id":"https:\/\/www.bellunopress.it\/#\/schema\/person\/79bb06722b37ece1c03d3e94beb30d73","name":"r\u00e9daction","image":{"@type":"ImageObject","inLanguage":"fr-FR","@id":"https:\/\/secure.gravatar.com\/avatar\/37d968a2e67a6fd04c169c4bdef102d0bc5d31b2546345219e348575eb80e9a0?s=96&d=mm&r=g","url":"https:\/\/secure.gravatar.com\/avatar\/37d968a2e67a6fd04c169c4bdef102d0bc5d31b2546345219e348575eb80e9a0?s=96&d=mm&r=g","contentUrl":"https:\/\/secure.gravatar.com\/avatar\/37d968a2e67a6fd04c169c4bdef102d0bc5d31b2546345219e348575eb80e9a0?s=96&d=mm&r=g","caption":"redazione"},"sameAs":["http:\/\/www.bellunopress.it","https:\/\/x.com\/bellunopress"],"url":"https:\/\/www.bellunopress.it\/fr\/author\/redazione\/"}]}},"_links":{"self":[{"href":"https:\/\/www.bellunopress.it\/fr\/wp-json\/wp\/v2\/posts\/130788","targetHints":{"allow":["GET"]}}],"collection":[{"href":"https:\/\/www.bellunopress.it\/fr\/wp-json\/wp\/v2\/posts"}],"about":[{"href":"https:\/\/www.bellunopress.it\/fr\/wp-json\/wp\/v2\/types\/post"}],"author":[{"embeddable":true,"href":"https:\/\/www.bellunopress.it\/fr\/wp-json\/wp\/v2\/users\/2"}],"replies":[{"embeddable":true,"href":"https:\/\/www.bellunopress.it\/fr\/wp-json\/wp\/v2\/comments?post=130788"}],"version-history":[{"count":1,"href":"https:\/\/www.bellunopress.it\/fr\/wp-json\/wp\/v2\/posts\/130788\/revisions"}],"predecessor-version":[{"id":130790,"href":"https:\/\/www.bellunopress.it\/fr\/wp-json\/wp\/v2\/posts\/130788\/revisions\/130790"}],"wp:featuredmedia":[{"embeddable":true,"href":"https:\/\/www.bellunopress.it\/fr\/wp-json\/wp\/v2\/media\/130789"}],"wp:attachment":[{"href":"https:\/\/www.bellunopress.it\/fr\/wp-json\/wp\/v2\/media?parent=130788"}],"wp:term":[{"taxonomy":"category","embeddable":true,"href":"https:\/\/www.bellunopress.it\/fr\/wp-json\/wp\/v2\/categories?post=130788"},{"taxonomy":"post_tag","embeddable":true,"href":"https:\/\/www.bellunopress.it\/fr\/wp-json\/wp\/v2\/tags?post=130788"}],"curies":[{"name":"wp","href":"https:\/\/api.w.org\/{rel}","templated":true}]}}