{"id":130667,"date":"2022-01-15T07:49:42","date_gmt":"2022-01-15T06:49:42","guid":{"rendered":"https:\/\/www.bellunopress.it\/?p=130667"},"modified":"2022-01-16T07:56:31","modified_gmt":"2022-01-16T06:56:31","slug":"troviamofederico-oltre-32-000-euro-raccolti-il-resoconto-delle-donazioni","status":"publish","type":"post","link":"https:\/\/www.bellunopress.it\/fr\/2022\/01\/15\/troviamofederico-oltre-32-000-euro-raccolti-il-resoconto-delle-donazioni\/","title":{"rendered":"#TroviamoFederico: oltre 32.000 euro raccolti, il resoconto delle donazioni"},"content":{"rendered":"<figure id=\"attachment_130668\" aria-describedby=\"caption-attachment-130668\" style=\"width: 500px\" class=\"wp-caption alignleft\"><img loading=\"lazy\" decoding=\"async\" class=\"size-medium wp-image-130668\" src=\"https:\/\/www.bellunopress.it\/wp-content\/uploads\/2022\/01\/Federico-Lugato-e-Elena-Panciera-2_edited-500x349.jpg\" alt=\"\" width=\"500\" height=\"349\" srcset=\"https:\/\/www.bellunopress.it\/wp-content\/uploads\/2022\/01\/Federico-Lugato-e-Elena-Panciera-2_edited-500x349.jpg 500w, https:\/\/www.bellunopress.it\/wp-content\/uploads\/2022\/01\/Federico-Lugato-e-Elena-Panciera-2_edited-696x486.jpg 696w, https:\/\/www.bellunopress.it\/wp-content\/uploads\/2022\/01\/Federico-Lugato-e-Elena-Panciera-2_edited-602x420.jpg 602w, https:\/\/www.bellunopress.it\/wp-content\/uploads\/2022\/01\/Federico-Lugato-e-Elena-Panciera-2_edited-100x70.jpg 100w, https:\/\/www.bellunopress.it\/wp-content\/uploads\/2022\/01\/Federico-Lugato-e-Elena-Panciera-2_edited.jpg 1000w\" sizes=\"auto, (max-width: 500px) 100vw, 500px\" \/><figcaption id=\"caption-attachment-130668\" class=\"wp-caption-text\">Elena Panciera e Federico Lugato<\/figcaption><\/figure>\n<p>Pubblicata oggi sul sito www.federicolugato.it la rendicontazione delle donazioni effettuate con i soldi raccolti dalla campagna &#8220;Troviamo Federico&#8221; lo scorso settembre.<\/p>\n<p>Il totale donato \u00e8 stato 32.246 euro: 31.675 euro, al netto delle commissioni.<\/p>\n<p>&#8220;Vogliamo ringraziare di cuore tutti quelli che ci hanno dato il loro sostegno \u2013 raccontano la moglie, Elena Panciera e la sorella, Nicoletta Lugato. \u2013 Ci auguriamo che questo nuovo anno sar\u00e0 migliore di quello passato, anche grazie a quello che abbiamo imparato cos\u00ec dolorosamente&#8221;.<\/p>\n<p>Un modo per sentire tutti pi\u00f9 vicini \u00e8 condividere quanto abbiamo deciso di fare in memoria di Federico e che \u00e8 possibile grazie alle donazioni ricevute.<\/p>\n<p>&nbsp;<\/p>\n<p><strong>Nel dettaglio:<\/strong><\/p>\n<p>20.414 euro sono stati raccolti da 658 donatori su Facebook, che ne ha erogati 19.870 (il resto \u00e8 stato trattenuto come commissione di gestione),<\/p>\n<p>11.832 euro sono stati raccolti da 111 donazioni dirette sul conto bancario.<\/p>\n<p>Oltre a commuovere e creare una profonda gratitudine, la somma \u00e8 servita per pagare le spese di ricerca. In particolare 17.472 euro sono stati gi\u00e0 destinati, 14.504 euro sono da spendere con questi scopi:<\/p>\n<p>6.371 euro sono stati impiegati per il rimborso spese di vitto e alloggio ai quasi 400 volontari durante i 12 giorni di ricerche. Una cifra relativamente esigua &#8220;grazie alle tante persone e aziende che hanno agito a titolo gratuito, di cui non ci dimenticheremo mai&#8221;, ricordano Elena e Nicoletta;<\/p>\n<p>10.800 euro sono stati gi\u00e0 versati tra le varie associazioni di volontari e cinofili intervenute attraverso il coordinamento ufficiale del Prefetto di Belluno, Mariano Savastano, e chi ha aiutato per la commemorazione civile;<\/p>\n<p>1.200 euro sono stati impegnati in ulteriori donazioni ad associazioni, ancora da fare;<\/p>\n<p>571 euro sono andati in commissioni Facebook e bancarie;<\/p>\n<p>la cifra residua \u00e8 stata mantenuta, per ora, per coprire future spese e con l&#8217;idea, nata dalle persone che amavano Federico, di fondare un&#8217;associazione in sua memoria per offrire supporto e sostegno nella sicurezza di passeggiate ed escursioni.<\/p>\n<p>&nbsp;<\/p>\n<p><strong>Elenco delle 18 associazioni destinatarie di donazioni:<\/strong><\/p>\n<p>Soccorso alpino CNSAS Veneto,<\/p>\n<p>Cinofili &#8220;Gli Angeli&#8221; di Adria,<\/p>\n<p>Steel Dog di Padova,<\/p>\n<p>Croce Rossa di Feltre,<\/p>\n<p>Croce Rossa di Belluno,<\/p>\n<p>Fondazione ANA Onlus \u2013 Associazione Nazionale Alpini,<\/p>\n<p>Associazione Volontari Antincendi Boschivi \u2013 Protezione Civile Pederobba ODV,<\/p>\n<p>Comitato Volontario di Protezione Civile Valle dell&#8217;Agno \u2013 Valdagno,<\/p>\n<p>Coordinamento delle Associazioni di Volontariato di Protezione Civile della Unione Montana Cadore Longaronese Zoldo,<\/p>\n<p>Coordinamento delle Associazioni di Volontariato di Protezione Civile della Comunit\u00e0 Montana Feltrina,<\/p>\n<p>Diade Unit\u00e0 Cinofile di Protezione Civile,<\/p>\n<p>Gruppo Volontari di Protezione Civile del Comune di Treviso,<\/p>\n<p>Nucleo Comunale Protezione Civile Pronto Intervento di Montebelluna,<\/p>\n<p>Nucleo Volontari Montello,<\/p>\n<p>Scuola Padovana Cani da Soccorso S.Pa.Sso,<\/p>\n<p>Associazione Cinofila da Soccorso U.C.S. San Marco di Venezia,<\/p>\n<p>Droni Rescue Network,<\/p>\n<p>Associazione Penelope.<\/p>\n<p>&nbsp;<\/p>\n<p><strong>Breve riassunto della vicenda<\/strong><\/p>\n<p>Il 26 agosto 2021 scompariva a Pralongo, in Val di Zoldo, Federico Lugato, 39 anni di Trivignano (Venezia), residente a Milano.<\/p>\n<p>Nei giorni successivi circa 400 volontari civili, oltre ai soccorsi ufficiali, hanno aiutato la moglie, Elena Panciera, e la sorella, Nicoletta Lugato, a cercarlo nelle Dolomiti Zoldane a seguito di appelli stampa e social. Tanti altri hanno partecipato alla raccolta fondi, lanciata il 30 agosto, per finanziare le ricerche.<\/p>\n<p>Federico \u00e8 stato trovato il 13 settembre, purtroppo senza vita, in localit\u00e0 Col de Michel.<\/p>","protected":false},"excerpt":{"rendered":"<p>Pubblicata oggi sul sito www.federicolugato.it la rendicontazione delle donazioni effettuate con i soldi raccolti dalla campagna &#8220;Troviamo Federico&#8221; lo scorso settembre. Il totale donato \u00e8 stato 32.246 euro: 31.675 euro, al netto delle commissioni. &#8220;Vogliamo ringraziare di cuore tutti quelli che ci hanno dato il loro sostegno \u2013 raccontano la moglie, Elena Panciera e la [&hellip;]<\/p>\n","protected":false},"author":2,"featured_media":130668,"comment_status":"closed","ping_status":"open","sticky":false,"template":"","format":"standard","meta":{"footnotes":""},"categories":[5,26,8],"tags":[],"class_list":["post-130667","post","type-post","status-publish","format-standard","has-post-thumbnail","category-cronaca","category-prima-pagina","category-societa-istituzioni"],"yoast_head":"<!-- This site is optimized with the Yoast SEO plugin v28.4 - https:\/\/yoast.com\/product\/yoast-seo-wordpress\/ -->\n<title>#TroviamoFederico: oltre 32.000 euro raccolti, il resoconto delle donazioni - Bellunopress - Dolomiti<\/title>\n<meta name=\"robots\" content=\"index, follow, max-snippet:-1, max-image-preview:large, max-video-preview:-1\" \/>\n<link rel=\"canonical\" href=\"https:\/\/www.bellunopress.it\/fr\/2022\/01\/15\/troviamofederico-oltre-32-000-euro-raccolti-il-resoconto-delle-donazioni\/\" \/>\n<meta property=\"og:locale\" content=\"fr_FR\" \/>\n<meta property=\"og:type\" content=\"article\" \/>\n<meta property=\"og:title\" content=\"#TroviamoFederico: oltre 32.000 euro raccolti, il resoconto delle donazioni - Bellunopress - Dolomiti\" \/>\n<meta property=\"og:description\" content=\"Pubblicata oggi sul sito www.federicolugato.it la rendicontazione delle donazioni effettuate con i soldi raccolti dalla campagna &#8220;Troviamo Federico&#8221; lo scorso settembre. Il totale donato \u00e8 stato 32.246 euro: 31.675 euro, al netto delle commissioni. &#8220;Vogliamo ringraziare di cuore tutti quelli che ci hanno dato il loro sostegno \u2013 raccontano la moglie, Elena Panciera e la [&hellip;]\" \/>\n<meta property=\"og:url\" content=\"https:\/\/www.bellunopress.it\/fr\/2022\/01\/15\/troviamofederico-oltre-32-000-euro-raccolti-il-resoconto-delle-donazioni\/\" \/>\n<meta property=\"og:site_name\" content=\"Bellunopress - Dolomiti\" \/>\n<meta property=\"article:publisher\" content=\"https:\/\/www.facebook.com\/profile.php?id=100008943462799\" \/>\n<meta property=\"article:published_time\" content=\"2022-01-15T06:49:42+00:00\" \/>\n<meta property=\"article:modified_time\" content=\"2022-01-16T06:56:31+00:00\" \/>\n<meta property=\"og:image\" content=\"https:\/\/www.bellunopress.it\/wp-content\/uploads\/2022\/01\/Federico-Lugato-e-Elena-Panciera-2_edited.jpg\" \/>\n\t<meta property=\"og:image:width\" content=\"1000\" \/>\n\t<meta property=\"og:image:height\" content=\"698\" \/>\n\t<meta property=\"og:image:type\" content=\"image\/jpeg\" \/>\n<meta name=\"author\" content=\"redazione\" \/>\n<meta name=\"twitter:card\" content=\"summary_large_image\" \/>\n<meta name=\"twitter:creator\" content=\"@bellunopress\" \/>\n<meta name=\"twitter:site\" content=\"@bellunopress\" \/>\n<meta name=\"twitter:label1\" content=\"\u00c9crit par\" \/>\n\t<meta name=\"twitter:data1\" content=\"redazione\" \/>\n\t<meta name=\"twitter:label2\" content=\"Dur\u00e9e de lecture estim\u00e9e\" \/>\n\t<meta name=\"twitter:data2\" content=\"4 minutes\" \/>\n<script type=\"application\/ld+json\" class=\"yoast-schema-graph\">{\"@context\":\"https:\\\/\\\/schema.org\",\"@graph\":[{\"@type\":\"Article\",\"@id\":\"https:\\\/\\\/www.bellunopress.it\\\/2022\\\/01\\\/15\\\/troviamofederico-oltre-32-000-euro-raccolti-il-resoconto-delle-donazioni\\\/#article\",\"isPartOf\":{\"@id\":\"https:\\\/\\\/www.bellunopress.it\\\/2022\\\/01\\\/15\\\/troviamofederico-oltre-32-000-euro-raccolti-il-resoconto-delle-donazioni\\\/\"},\"author\":{\"name\":\"redazione\",\"@id\":\"https:\\\/\\\/www.bellunopress.it\\\/#\\\/schema\\\/person\\\/79bb06722b37ece1c03d3e94beb30d73\"},\"headline\":\"#TroviamoFederico: oltre 32.000 euro raccolti, il resoconto delle donazioni\",\"datePublished\":\"2022-01-15T06:49:42+00:00\",\"dateModified\":\"2022-01-16T06:56:31+00:00\",\"mainEntityOfPage\":{\"@id\":\"https:\\\/\\\/www.bellunopress.it\\\/2022\\\/01\\\/15\\\/troviamofederico-oltre-32-000-euro-raccolti-il-resoconto-delle-donazioni\\\/\"},\"wordCount\":531,\"publisher\":{\"@id\":\"https:\\\/\\\/www.bellunopress.it\\\/#organization\"},\"image\":{\"@id\":\"https:\\\/\\\/www.bellunopress.it\\\/2022\\\/01\\\/15\\\/troviamofederico-oltre-32-000-euro-raccolti-il-resoconto-delle-donazioni\\\/#primaryimage\"},\"thumbnailUrl\":\"https:\\\/\\\/www.bellunopress.it\\\/wp-content\\\/uploads\\\/2022\\\/01\\\/Federico-Lugato-e-Elena-Panciera-2_edited.jpg\",\"articleSection\":[\"Cronaca\\\/Politica\",\"Prima Pagina\",\"Societ\u00e0, Associazioni, Istituzioni\"],\"inLanguage\":\"fr-FR\"},{\"@type\":\"WebPage\",\"@id\":\"https:\\\/\\\/www.bellunopress.it\\\/2022\\\/01\\\/15\\\/troviamofederico-oltre-32-000-euro-raccolti-il-resoconto-delle-donazioni\\\/\",\"url\":\"https:\\\/\\\/www.bellunopress.it\\\/2022\\\/01\\\/15\\\/troviamofederico-oltre-32-000-euro-raccolti-il-resoconto-delle-donazioni\\\/\",\"name\":\"#TroviamoFederico: oltre 32.000 euro raccolti, il resoconto delle donazioni - Bellunopress - Dolomiti\",\"isPartOf\":{\"@id\":\"https:\\\/\\\/www.bellunopress.it\\\/#website\"},\"primaryImageOfPage\":{\"@id\":\"https:\\\/\\\/www.bellunopress.it\\\/2022\\\/01\\\/15\\\/troviamofederico-oltre-32-000-euro-raccolti-il-resoconto-delle-donazioni\\\/#primaryimage\"},\"image\":{\"@id\":\"https:\\\/\\\/www.bellunopress.it\\\/2022\\\/01\\\/15\\\/troviamofederico-oltre-32-000-euro-raccolti-il-resoconto-delle-donazioni\\\/#primaryimage\"},\"thumbnailUrl\":\"https:\\\/\\\/www.bellunopress.it\\\/wp-content\\\/uploads\\\/2022\\\/01\\\/Federico-Lugato-e-Elena-Panciera-2_edited.jpg\",\"datePublished\":\"2022-01-15T06:49:42+00:00\",\"dateModified\":\"2022-01-16T06:56:31+00:00\",\"breadcrumb\":{\"@id\":\"https:\\\/\\\/www.bellunopress.it\\\/2022\\\/01\\\/15\\\/troviamofederico-oltre-32-000-euro-raccolti-il-resoconto-delle-donazioni\\\/#breadcrumb\"},\"inLanguage\":\"fr-FR\",\"potentialAction\":[{\"@type\":\"ReadAction\",\"target\":[\"https:\\\/\\\/www.bellunopress.it\\\/2022\\\/01\\\/15\\\/troviamofederico-oltre-32-000-euro-raccolti-il-resoconto-delle-donazioni\\\/\"]}]},{\"@type\":\"ImageObject\",\"inLanguage\":\"fr-FR\",\"@id\":\"https:\\\/\\\/www.bellunopress.it\\\/2022\\\/01\\\/15\\\/troviamofederico-oltre-32-000-euro-raccolti-il-resoconto-delle-donazioni\\\/#primaryimage\",\"url\":\"https:\\\/\\\/www.bellunopress.it\\\/wp-content\\\/uploads\\\/2022\\\/01\\\/Federico-Lugato-e-Elena-Panciera-2_edited.jpg\",\"contentUrl\":\"https:\\\/\\\/www.bellunopress.it\\\/wp-content\\\/uploads\\\/2022\\\/01\\\/Federico-Lugato-e-Elena-Panciera-2_edited.jpg\",\"width\":1000,\"height\":698,\"caption\":\"Elena Panciera e Federico Lugato\"},{\"@type\":\"BreadcrumbList\",\"@id\":\"https:\\\/\\\/www.bellunopress.it\\\/2022\\\/01\\\/15\\\/troviamofederico-oltre-32-000-euro-raccolti-il-resoconto-delle-donazioni\\\/#breadcrumb\",\"itemListElement\":[{\"@type\":\"ListItem\",\"position\":1,\"name\":\"Home\",\"item\":\"https:\\\/\\\/www.bellunopress.it\\\/\"},{\"@type\":\"ListItem\",\"position\":2,\"name\":\"#TroviamoFederico: oltre 32.000 euro raccolti, il resoconto delle donazioni\"}]},{\"@type\":\"WebSite\",\"@id\":\"https:\\\/\\\/www.bellunopress.it\\\/#website\",\"url\":\"https:\\\/\\\/www.bellunopress.it\\\/\",\"name\":\"Bellunopress - Dolomiti\",\"description\":\"e-mail: redazione@bellunopress.it\",\"publisher\":{\"@id\":\"https:\\\/\\\/www.bellunopress.it\\\/#organization\"},\"potentialAction\":[{\"@type\":\"SearchAction\",\"target\":{\"@type\":\"EntryPoint\",\"urlTemplate\":\"https:\\\/\\\/www.bellunopress.it\\\/?s={search_term_string}\"},\"query-input\":{\"@type\":\"PropertyValueSpecification\",\"valueRequired\":true,\"valueName\":\"search_term_string\"}}],\"inLanguage\":\"fr-FR\"},{\"@type\":\"Organization\",\"@id\":\"https:\\\/\\\/www.bellunopress.it\\\/#organization\",\"name\":\"Bellunopress\",\"url\":\"https:\\\/\\\/www.bellunopress.it\\\/\",\"logo\":{\"@type\":\"ImageObject\",\"inLanguage\":\"fr-FR\",\"@id\":\"https:\\\/\\\/www.bellunopress.it\\\/#\\\/schema\\\/logo\\\/image\\\/\",\"url\":\"https:\\\/\\\/www.bellunopress.it\\\/wp-content\\\/uploads\\\/2011\\\/05\\\/cropped-logo-bellunopress-.jpg\",\"contentUrl\":\"https:\\\/\\\/www.bellunopress.it\\\/wp-content\\\/uploads\\\/2011\\\/05\\\/cropped-logo-bellunopress-.jpg\",\"width\":512,\"height\":512,\"caption\":\"Bellunopress\"},\"image\":{\"@id\":\"https:\\\/\\\/www.bellunopress.it\\\/#\\\/schema\\\/logo\\\/image\\\/\"},\"sameAs\":[\"https:\\\/\\\/www.facebook.com\\\/profile.php?id=100008943462799\",\"https:\\\/\\\/x.com\\\/bellunopress\",\"https:\\\/\\\/www.linkedin.com\\\/hp\\\/?dnr=JBzUWaJfMUw8vbXJJ2tVW5-I3jZKvC4wsoxE&amp;amp;amp;amp;amp;amp;trk=nav_responsive_tab_home\",\"https:\\\/\\\/www.youtube.com\\\/channel\\\/UCxL0wu1uN0_3_7hGG0306cw\"]},{\"@type\":\"Person\",\"@id\":\"https:\\\/\\\/www.bellunopress.it\\\/#\\\/schema\\\/person\\\/79bb06722b37ece1c03d3e94beb30d73\",\"name\":\"redazione\",\"image\":{\"@type\":\"ImageObject\",\"inLanguage\":\"fr-FR\",\"@id\":\"https:\\\/\\\/secure.gravatar.com\\\/avatar\\\/37d968a2e67a6fd04c169c4bdef102d0bc5d31b2546345219e348575eb80e9a0?s=96&d=mm&r=g\",\"url\":\"https:\\\/\\\/secure.gravatar.com\\\/avatar\\\/37d968a2e67a6fd04c169c4bdef102d0bc5d31b2546345219e348575eb80e9a0?s=96&d=mm&r=g\",\"contentUrl\":\"https:\\\/\\\/secure.gravatar.com\\\/avatar\\\/37d968a2e67a6fd04c169c4bdef102d0bc5d31b2546345219e348575eb80e9a0?s=96&d=mm&r=g\",\"caption\":\"redazione\"},\"sameAs\":[\"http:\\\/\\\/www.bellunopress.it\",\"https:\\\/\\\/x.com\\\/bellunopress\"],\"url\":\"https:\\\/\\\/www.bellunopress.it\\\/fr\\\/author\\\/redazione\\\/\"}]}<\/script>\n<!-- \/ Yoast SEO plugin. -->","yoast_head_json":{"title":"#TroviamoFederico: oltre 32.000 euro raccolti, il resoconto delle donazioni - Bellunopress - Dolomiti","robots":{"index":"index","follow":"follow","max-snippet":"max-snippet:-1","max-image-preview":"max-image-preview:large","max-video-preview":"max-video-preview:-1"},"canonical":"https:\/\/www.bellunopress.it\/fr\/2022\/01\/15\/troviamofederico-oltre-32-000-euro-raccolti-il-resoconto-delle-donazioni\/","og_locale":"fr_FR","og_type":"article","og_title":"#TroviamoFederico: oltre 32.000 euro raccolti, il resoconto delle donazioni - Bellunopress - Dolomiti","og_description":"Pubblicata oggi sul sito www.federicolugato.it la rendicontazione delle donazioni effettuate con i soldi raccolti dalla campagna &#8220;Troviamo Federico&#8221; lo scorso settembre. Il totale donato \u00e8 stato 32.246 euro: 31.675 euro, al netto delle commissioni. &#8220;Vogliamo ringraziare di cuore tutti quelli che ci hanno dato il loro sostegno \u2013 raccontano la moglie, Elena Panciera e la [&hellip;]","og_url":"https:\/\/www.bellunopress.it\/fr\/2022\/01\/15\/troviamofederico-oltre-32-000-euro-raccolti-il-resoconto-delle-donazioni\/","og_site_name":"Bellunopress - Dolomiti","article_publisher":"https:\/\/www.facebook.com\/profile.php?id=100008943462799","article_published_time":"2022-01-15T06:49:42+00:00","article_modified_time":"2022-01-16T06:56:31+00:00","og_image":[{"width":1000,"height":698,"url":"https:\/\/www.bellunopress.it\/wp-content\/uploads\/2022\/01\/Federico-Lugato-e-Elena-Panciera-2_edited.jpg","type":"image\/jpeg"}],"author":"redazione","twitter_card":"summary_large_image","twitter_creator":"@bellunopress","twitter_site":"@bellunopress","twitter_misc":{"\u00c9crit par":"redazione","Dur\u00e9e de lecture estim\u00e9e":"4 minutes"},"schema":{"@context":"https:\/\/schema.org","@graph":[{"@type":"Article","@id":"https:\/\/www.bellunopress.it\/2022\/01\/15\/troviamofederico-oltre-32-000-euro-raccolti-il-resoconto-delle-donazioni\/#article","isPartOf":{"@id":"https:\/\/www.bellunopress.it\/2022\/01\/15\/troviamofederico-oltre-32-000-euro-raccolti-il-resoconto-delle-donazioni\/"},"author":{"name":"redazione","@id":"https:\/\/www.bellunopress.it\/#\/schema\/person\/79bb06722b37ece1c03d3e94beb30d73"},"headline":"#TroviamoFederico: oltre 32.000 euro raccolti, il resoconto delle donazioni","datePublished":"2022-01-15T06:49:42+00:00","dateModified":"2022-01-16T06:56:31+00:00","mainEntityOfPage":{"@id":"https:\/\/www.bellunopress.it\/2022\/01\/15\/troviamofederico-oltre-32-000-euro-raccolti-il-resoconto-delle-donazioni\/"},"wordCount":531,"publisher":{"@id":"https:\/\/www.bellunopress.it\/#organization"},"image":{"@id":"https:\/\/www.bellunopress.it\/2022\/01\/15\/troviamofederico-oltre-32-000-euro-raccolti-il-resoconto-delle-donazioni\/#primaryimage"},"thumbnailUrl":"https:\/\/www.bellunopress.it\/wp-content\/uploads\/2022\/01\/Federico-Lugato-e-Elena-Panciera-2_edited.jpg","articleSection":["Cronaca\/Politica","Prima Pagina","Societ\u00e0, Associazioni, Istituzioni"],"inLanguage":"fr-FR"},{"@type":"WebPage","@id":"https:\/\/www.bellunopress.it\/2022\/01\/15\/troviamofederico-oltre-32-000-euro-raccolti-il-resoconto-delle-donazioni\/","url":"https:\/\/www.bellunopress.it\/2022\/01\/15\/troviamofederico-oltre-32-000-euro-raccolti-il-resoconto-delle-donazioni\/","name":"#TroviamoFederico: oltre 32.000 euro raccolti, il resoconto delle donazioni - Bellunopress - Dolomiti","isPartOf":{"@id":"https:\/\/www.bellunopress.it\/#website"},"primaryImageOfPage":{"@id":"https:\/\/www.bellunopress.it\/2022\/01\/15\/troviamofederico-oltre-32-000-euro-raccolti-il-resoconto-delle-donazioni\/#primaryimage"},"image":{"@id":"https:\/\/www.bellunopress.it\/2022\/01\/15\/troviamofederico-oltre-32-000-euro-raccolti-il-resoconto-delle-donazioni\/#primaryimage"},"thumbnailUrl":"https:\/\/www.bellunopress.it\/wp-content\/uploads\/2022\/01\/Federico-Lugato-e-Elena-Panciera-2_edited.jpg","datePublished":"2022-01-15T06:49:42+00:00","dateModified":"2022-01-16T06:56:31+00:00","breadcrumb":{"@id":"https:\/\/www.bellunopress.it\/2022\/01\/15\/troviamofederico-oltre-32-000-euro-raccolti-il-resoconto-delle-donazioni\/#breadcrumb"},"inLanguage":"fr-FR","potentialAction":[{"@type":"ReadAction","target":["https:\/\/www.bellunopress.it\/2022\/01\/15\/troviamofederico-oltre-32-000-euro-raccolti-il-resoconto-delle-donazioni\/"]}]},{"@type":"ImageObject","inLanguage":"fr-FR","@id":"https:\/\/www.bellunopress.it\/2022\/01\/15\/troviamofederico-oltre-32-000-euro-raccolti-il-resoconto-delle-donazioni\/#primaryimage","url":"https:\/\/www.bellunopress.it\/wp-content\/uploads\/2022\/01\/Federico-Lugato-e-Elena-Panciera-2_edited.jpg","contentUrl":"https:\/\/www.bellunopress.it\/wp-content\/uploads\/2022\/01\/Federico-Lugato-e-Elena-Panciera-2_edited.jpg","width":1000,"height":698,"caption":"Elena Panciera e Federico Lugato"},{"@type":"BreadcrumbList","@id":"https:\/\/www.bellunopress.it\/2022\/01\/15\/troviamofederico-oltre-32-000-euro-raccolti-il-resoconto-delle-donazioni\/#breadcrumb","itemListElement":[{"@type":"ListItem","position":1,"name":"Home","item":"https:\/\/www.bellunopress.it\/"},{"@type":"ListItem","position":2,"name":"#TroviamoFederico: oltre 32.000 euro raccolti, il resoconto delle donazioni"}]},{"@type":"WebSite","@id":"https:\/\/www.bellunopress.it\/#website","url":"https:\/\/www.bellunopress.it\/","name":"Bellunopress - Dolomiti","description":"e-mail: redazione@bellunopress.it","publisher":{"@id":"https:\/\/www.bellunopress.it\/#organization"},"potentialAction":[{"@type":"SearchAction","target":{"@type":"EntryPoint","urlTemplate":"https:\/\/www.bellunopress.it\/?s={search_term_string}"},"query-input":{"@type":"PropertyValueSpecification","valueRequired":true,"valueName":"search_term_string"}}],"inLanguage":"fr-FR"},{"@type":"Organization","@id":"https:\/\/www.bellunopress.it\/#organization","name":"Bellunopress","url":"https:\/\/www.bellunopress.it\/","logo":{"@type":"ImageObject","inLanguage":"fr-FR","@id":"https:\/\/www.bellunopress.it\/#\/schema\/logo\/image\/","url":"https:\/\/www.bellunopress.it\/wp-content\/uploads\/2011\/05\/cropped-logo-bellunopress-.jpg","contentUrl":"https:\/\/www.bellunopress.it\/wp-content\/uploads\/2011\/05\/cropped-logo-bellunopress-.jpg","width":512,"height":512,"caption":"Bellunopress"},"image":{"@id":"https:\/\/www.bellunopress.it\/#\/schema\/logo\/image\/"},"sameAs":["https:\/\/www.facebook.com\/profile.php?id=100008943462799","https:\/\/x.com\/bellunopress","https:\/\/www.linkedin.com\/hp\/?dnr=JBzUWaJfMUw8vbXJJ2tVW5-I3jZKvC4wsoxE&amp;amp;amp;amp;amp;amp;trk=nav_responsive_tab_home","https:\/\/www.youtube.com\/channel\/UCxL0wu1uN0_3_7hGG0306cw"]},{"@type":"Person","@id":"https:\/\/www.bellunopress.it\/#\/schema\/person\/79bb06722b37ece1c03d3e94beb30d73","name":"r\u00e9daction","image":{"@type":"ImageObject","inLanguage":"fr-FR","@id":"https:\/\/secure.gravatar.com\/avatar\/37d968a2e67a6fd04c169c4bdef102d0bc5d31b2546345219e348575eb80e9a0?s=96&d=mm&r=g","url":"https:\/\/secure.gravatar.com\/avatar\/37d968a2e67a6fd04c169c4bdef102d0bc5d31b2546345219e348575eb80e9a0?s=96&d=mm&r=g","contentUrl":"https:\/\/secure.gravatar.com\/avatar\/37d968a2e67a6fd04c169c4bdef102d0bc5d31b2546345219e348575eb80e9a0?s=96&d=mm&r=g","caption":"redazione"},"sameAs":["http:\/\/www.bellunopress.it","https:\/\/x.com\/bellunopress"],"url":"https:\/\/www.bellunopress.it\/fr\/author\/redazione\/"}]}},"_links":{"self":[{"href":"https:\/\/www.bellunopress.it\/fr\/wp-json\/wp\/v2\/posts\/130667","targetHints":{"allow":["GET"]}}],"collection":[{"href":"https:\/\/www.bellunopress.it\/fr\/wp-json\/wp\/v2\/posts"}],"about":[{"href":"https:\/\/www.bellunopress.it\/fr\/wp-json\/wp\/v2\/types\/post"}],"author":[{"embeddable":true,"href":"https:\/\/www.bellunopress.it\/fr\/wp-json\/wp\/v2\/users\/2"}],"replies":[{"embeddable":true,"href":"https:\/\/www.bellunopress.it\/fr\/wp-json\/wp\/v2\/comments?post=130667"}],"version-history":[{"count":1,"href":"https:\/\/www.bellunopress.it\/fr\/wp-json\/wp\/v2\/posts\/130667\/revisions"}],"predecessor-version":[{"id":130669,"href":"https:\/\/www.bellunopress.it\/fr\/wp-json\/wp\/v2\/posts\/130667\/revisions\/130669"}],"wp:featuredmedia":[{"embeddable":true,"href":"https:\/\/www.bellunopress.it\/fr\/wp-json\/wp\/v2\/media\/130668"}],"wp:attachment":[{"href":"https:\/\/www.bellunopress.it\/fr\/wp-json\/wp\/v2\/media?parent=130667"}],"wp:term":[{"taxonomy":"category","embeddable":true,"href":"https:\/\/www.bellunopress.it\/fr\/wp-json\/wp\/v2\/categories?post=130667"},{"taxonomy":"post_tag","embeddable":true,"href":"https:\/\/www.bellunopress.it\/fr\/wp-json\/wp\/v2\/tags?post=130667"}],"curies":[{"name":"wp","href":"https:\/\/api.w.org\/{rel}","templated":true}]}}